{"id":153600,"date":"2025-02-16T09:26:54","date_gmt":"2025-02-16T12:26:54","guid":{"rendered":"https:\/\/noticiasmercedinas.com\/site\/?p=153600"},"modified":"2025-02-16T10:02:46","modified_gmt":"2025-02-16T13:02:46","slug":"birome-jazz-band-llevo-su-jazz-a-beirut-en-el-marco-de-una-gira-local","status":"publish","type":"post","link":"https:\/\/noticiasmercedinas.com\/site\/2025\/02\/16\/birome-jazz-band-llevo-su-jazz-a-beirut-en-el-marco-de-una-gira-local\/","title":{"rendered":"Birome Jazz Band llev\u00f3 su jazz a Beirut en el marco de una gira local"},"content":{"rendered":"<p><img loading=\"lazy\" decoding=\"async\" class=\"alignnone size-full wp-image-153604\" src=\"https:\/\/noticiasmercedinas.com\/site\/wp-content\/uploads\/2025\/02\/IMG-20250215-WA0044.jpg\" alt=\"\" width=\"1280\" height=\"960\" srcset=\"https:\/\/noticiasmercedinas.com\/site\/wp-content\/uploads\/2025\/02\/IMG-20250215-WA0044.jpg 1280w, https:\/\/noticiasmercedinas.com\/site\/wp-content\/uploads\/2025\/02\/IMG-20250215-WA0044-300x225.jpg 300w, https:\/\/noticiasmercedinas.com\/site\/wp-content\/uploads\/2025\/02\/IMG-20250215-WA0044-1024x768.jpg 1024w, https:\/\/noticiasmercedinas.com\/site\/wp-content\/uploads\/2025\/02\/IMG-20250215-WA0044-768x576.jpg 768w, https:\/\/noticiasmercedinas.com\/site\/wp-content\/uploads\/2025\/02\/IMG-20250215-WA0044-80x60.jpg 80w, https:\/\/noticiasmercedinas.com\/site\/wp-content\/uploads\/2025\/02\/IMG-20250215-WA0044-160x120.jpg 160w, https:\/\/noticiasmercedinas.com\/site\/wp-content\/uploads\/2025\/02\/IMG-20250215-WA0044-100x75.jpg 100w, https:\/\/noticiasmercedinas.com\/site\/wp-content\/uploads\/2025\/02\/IMG-20250215-WA0044-200x150.jpg 200w, https:\/\/noticiasmercedinas.com\/site\/wp-content\/uploads\/2025\/02\/IMG-20250215-WA0044-180x135.jpg 180w, https:\/\/noticiasmercedinas.com\/site\/wp-content\/uploads\/2025\/02\/IMG-20250215-WA0044-360x270.jpg 360w, https:\/\/noticiasmercedinas.com\/site\/wp-content\/uploads\/2025\/02\/IMG-20250215-WA0044-238x178.jpg 238w, https:\/\/noticiasmercedinas.com\/site\/wp-content\/uploads\/2025\/02\/IMG-20250215-WA0044-476x356.jpg 476w, https:\/\/noticiasmercedinas.com\/site\/wp-content\/uploads\/2025\/02\/IMG-20250215-WA0044-640x480.jpg 640w, https:\/\/noticiasmercedinas.com\/site\/wp-content\/uploads\/2025\/02\/IMG-20250215-WA0044-681x511.jpg 681w\" sizes=\"auto, (max-width: 1280px) 100vw, 1280px\" \/><\/p>\n<p>Este s\u00e1bado, Birome Jazz Band se present\u00f3 en el c\u00e9ntrico bar Beirut como parte de una mini gira por Mercedes, que ya incluy\u00f3 actuaciones en otros escenarios locales. Adem\u00e1s la banda tiene m\u00e1s fechas confirmadas para el 22 de febrero y el 15 de marzo, adem\u00e1s de una posible nueva presentaci\u00f3n en la Plaza San Mart\u00edn.<\/p>\n<p>En una entrevista con este medio, los m\u00fasicos comentaron que la mini gira de recitales comenz\u00f3 el fin de semana pasado con un show el domingo en la microcervecer\u00eda 6600, en el marco del D\u00eda Internacional de la Pizza, donde combinaron pizza, birra y jazz.<\/p>\n<p>Tom\u00e1s, baterista de la banda, detall\u00f3 que el grupo est\u00e1 formado por m\u00fasicos locales: Javier (trompeta), Antonio (bajo), Andr\u00e9s (teclado), Ezequiel Iglesias (guitarra) y como invitada Laura Ferraro, que se sum\u00f3 para interpretar boleros y canciones rom\u00e1nticas.<\/p>\n<p>El proyecto, iniciado a mediados del a\u00f1o pasado, naci\u00f3 del encuentro de sus integrantes mientras estudiaban m\u00fasica. Su propuesta es revitalizar el jazz en Mercedes, un estilo que no es tan popular en la zona pero que ha logrado captar el inter\u00e9s del p\u00fablico.<\/p>\n<p><img loading=\"lazy\" decoding=\"async\" class=\"alignnone size-full wp-image-153606\" src=\"https:\/\/noticiasmercedinas.com\/site\/wp-content\/uploads\/2025\/02\/IMG-20250215-WA0038.jpg\" alt=\"\" width=\"1280\" height=\"720\" srcset=\"https:\/\/noticiasmercedinas.com\/site\/wp-content\/uploads\/2025\/02\/IMG-20250215-WA0038.jpg 1280w, https:\/\/noticiasmercedinas.com\/site\/wp-content\/uploads\/2025\/02\/IMG-20250215-WA0038-300x169.jpg 300w, https:\/\/noticiasmercedinas.com\/site\/wp-content\/uploads\/2025\/02\/IMG-20250215-WA0038-1024x576.jpg 1024w, https:\/\/noticiasmercedinas.com\/site\/wp-content\/uploads\/2025\/02\/IMG-20250215-WA0038-768x432.jpg 768w, https:\/\/noticiasmercedinas.com\/site\/wp-content\/uploads\/2025\/02\/IMG-20250215-WA0038-640x360.jpg 640w, https:\/\/noticiasmercedinas.com\/site\/wp-content\/uploads\/2025\/02\/IMG-20250215-WA0038-681x383.jpg 681w\" sizes=\"auto, (max-width: 1280px) 100vw, 1280px\" \/><\/p>\n<p>La banda destac\u00f3 la buena recepci\u00f3n del p\u00fablico en la Plaza San Mart\u00edn, donde incluso durante las pruebas de sonido las personas se acercaron a disfrutar de la m\u00fasica.<\/p>\n<p>Por su parte, el m\u00fasico Ezequiel Iglesias, tambi\u00e9n en di\u00e1logo con este medio, destac\u00f3 la \u00abcabeza abierta\u00bb de los impulsores de Beirut y breg\u00f3 por m\u00e1s emprendedores locales con esa mentalidad que den lugar a las expresiones art\u00edsticas en sus espacios.<\/p>\n<p>En tanto los Birome tambi\u00e9n anunciaron su participaci\u00f3n en un ciclo de jazz organizado por estudiantes de la Escuela de Luj\u00e1n, que comenzar\u00e1 en marzo en Mercedes.<\/p>\n<p>Para financiar sus actuaciones, Birome Jazz Band apel\u00f3 en parte al tradicional \u00absombrero\u00bb, una modalidad que les permite seguir difundiendo su propuesta art\u00edstica en la ciudad.<\/p>\n<p><img loading=\"lazy\" decoding=\"async\" class=\"alignnone size-full wp-image-153605\" src=\"https:\/\/noticiasmercedinas.com\/site\/wp-content\/uploads\/2025\/02\/IMG-20250215-WA0049.jpg\" alt=\"\" width=\"720\" height=\"557\" srcset=\"https:\/\/noticiasmercedinas.com\/site\/wp-content\/uploads\/2025\/02\/IMG-20250215-WA0049.jpg 720w, https:\/\/noticiasmercedinas.com\/site\/wp-content\/uploads\/2025\/02\/IMG-20250215-WA0049-300x232.jpg 300w, https:\/\/noticiasmercedinas.com\/site\/wp-content\/uploads\/2025\/02\/IMG-20250215-WA0049-640x495.jpg 640w, https:\/\/noticiasmercedinas.com\/site\/wp-content\/uploads\/2025\/02\/IMG-20250215-WA0049-681x527.jpg 681w\" sizes=\"auto, (max-width: 720px) 100vw, 720px\" \/><\/p>\n<p>&nbsp;<\/p>\n","protected":false},"excerpt":{"rendered":"<p>Realizaron un impactante show al aire libre frente a Beirut, en la plaza San Mart\u00edn. El proyecto, iniciado a mediados del a\u00f1o pasado, naci\u00f3 del encuentro de sus integrantes mientras estudiaban m\u00fasica<\/p>\n","protected":false},"author":16,"featured_media":153604,"comment_status":"closed","ping_status":"closed","sticky":false,"template":"","format":"standard","meta":{"footnotes":""},"categories":[4],"tags":[19630,19629,88,2822],"class_list":["post-153600","post","type-post","status-publish","format-standard","has-post-thumbnail","hentry","category-cultura","tag-beirut","tag-birome-jazz-banda","tag-musica","tag-plaza-san-martin"],"yoast_head":"<!-- This site is optimized with the Yoast SEO plugin v27.5 - https:\/\/yoast.com\/product\/yoast-seo-wordpress\/ -->\n<title>Birome Jazz Band llev\u00f3 su jazz a Beirut en el marco de una gira local<\/title>\n<meta name=\"robots\" content=\"index, follow, max-snippet:-1, max-image-preview:large, max-video-preview:-1\" \/>\n<link rel=\"canonical\" href=\"https:\/\/noticiasmercedinas.com\/site\/2025\/02\/16\/birome-jazz-band-llevo-su-jazz-a-beirut-en-el-marco-de-una-gira-local\/\" \/>\n<meta property=\"og:locale\" content=\"es_ES\" \/>\n<meta property=\"og:type\" content=\"article\" \/>\n<meta property=\"og:title\" content=\"Birome Jazz Band llev\u00f3 su jazz a Beirut en el marco de una gira local\" \/>\n<meta property=\"og:description\" content=\"Realizaron un impactante show al aire libre frente a Beirut, en la plaza San Mart\u00edn. El proyecto, iniciado a mediados del a\u00f1o pasado, naci\u00f3 del encuentro de sus integrantes mientras estudiaban m\u00fasica\" \/>\n<meta property=\"og:url\" content=\"https:\/\/noticiasmercedinas.com\/site\/2025\/02\/16\/birome-jazz-band-llevo-su-jazz-a-beirut-en-el-marco-de-una-gira-local\/\" \/>\n<meta property=\"og:site_name\" content=\"NOTICIASMERCEDINAS.COM\" \/>\n<meta property=\"article:publisher\" content=\"https:\/\/www.facebook.com\/noticiasmercedinas\/\" \/>\n<meta property=\"article:published_time\" content=\"2025-02-16T12:26:54+00:00\" \/>\n<meta property=\"article:modified_time\" content=\"2025-02-16T13:02:46+00:00\" \/>\n<meta property=\"og:image\" content=\"https:\/\/noticiasmercedinas.com\/site\/wp-content\/uploads\/2025\/02\/IMG-20250215-WA0044.jpg\" \/>\n\t<meta property=\"og:image:width\" content=\"1280\" \/>\n\t<meta property=\"og:image:height\" content=\"960\" \/>\n\t<meta property=\"og:image:type\" content=\"image\/jpeg\" \/>\n<meta name=\"author\" content=\"NOTICIASMERCEDINAS.COM\" \/>\n<meta name=\"twitter:card\" content=\"summary_large_image\" \/>\n<meta name=\"twitter:creator\" content=\"@notmercedinas\" \/>\n<meta name=\"twitter:site\" content=\"@notmercedinas\" \/>\n<meta name=\"twitter:label1\" content=\"Escrito por\" \/>\n\t<meta name=\"twitter:data1\" content=\"NOTICIASMERCEDINAS.COM\" \/>\n\t<meta name=\"twitter:label2\" content=\"Tiempo de lectura\" \/>\n\t<meta name=\"twitter:data2\" content=\"2 minutos\" \/>\n<script type=\"application\/ld+json\" class=\"yoast-schema-graph\">{\"@context\":\"https:\\\/\\\/schema.org\",\"@graph\":[{\"@type\":\"Article\",\"@id\":\"https:\\\/\\\/noticiasmercedinas.com\\\/site\\\/2025\\\/02\\\/16\\\/birome-jazz-band-llevo-su-jazz-a-beirut-en-el-marco-de-una-gira-local\\\/#article\",\"isPartOf\":{\"@id\":\"https:\\\/\\\/noticiasmercedinas.com\\\/site\\\/2025\\\/02\\\/16\\\/birome-jazz-band-llevo-su-jazz-a-beirut-en-el-marco-de-una-gira-local\\\/\"},\"author\":{\"name\":\"NOTICIASMERCEDINAS.COM\",\"@id\":\"https:\\\/\\\/noticiasmercedinas.com\\\/site\\\/#\\\/schema\\\/person\\\/84b59c099c28ff2e8b77d4ceec5d8063\"},\"headline\":\"Birome Jazz Band llev\u00f3 su jazz a Beirut en el marco de una gira local\",\"datePublished\":\"2025-02-16T12:26:54+00:00\",\"dateModified\":\"2025-02-16T13:02:46+00:00\",\"mainEntityOfPage\":{\"@id\":\"https:\\\/\\\/noticiasmercedinas.com\\\/site\\\/2025\\\/02\\\/16\\\/birome-jazz-band-llevo-su-jazz-a-beirut-en-el-marco-de-una-gira-local\\\/\"},\"wordCount\":349,\"publisher\":{\"@id\":\"https:\\\/\\\/noticiasmercedinas.com\\\/site\\\/#organization\"},\"image\":{\"@id\":\"https:\\\/\\\/noticiasmercedinas.com\\\/site\\\/2025\\\/02\\\/16\\\/birome-jazz-band-llevo-su-jazz-a-beirut-en-el-marco-de-una-gira-local\\\/#primaryimage\"},\"thumbnailUrl\":\"https:\\\/\\\/noticiasmercedinas.com\\\/site\\\/wp-content\\\/uploads\\\/2025\\\/02\\\/IMG-20250215-WA0044.jpg\",\"keywords\":[\"beirut\",\"Birome jazz banda\",\"musica\",\"plaza san martin\"],\"articleSection\":[\"Cultura\"],\"inLanguage\":\"es\"},{\"@type\":\"WebPage\",\"@id\":\"https:\\\/\\\/noticiasmercedinas.com\\\/site\\\/2025\\\/02\\\/16\\\/birome-jazz-band-llevo-su-jazz-a-beirut-en-el-marco-de-una-gira-local\\\/\",\"url\":\"https:\\\/\\\/noticiasmercedinas.com\\\/site\\\/2025\\\/02\\\/16\\\/birome-jazz-band-llevo-su-jazz-a-beirut-en-el-marco-de-una-gira-local\\\/\",\"name\":\"Birome Jazz Band llev\u00f3 su jazz a Beirut en el marco de una gira local\",\"isPartOf\":{\"@id\":\"https:\\\/\\\/noticiasmercedinas.com\\\/site\\\/#website\"},\"primaryImageOfPage\":{\"@id\":\"https:\\\/\\\/noticiasmercedinas.com\\\/site\\\/2025\\\/02\\\/16\\\/birome-jazz-band-llevo-su-jazz-a-beirut-en-el-marco-de-una-gira-local\\\/#primaryimage\"},\"image\":{\"@id\":\"https:\\\/\\\/noticiasmercedinas.com\\\/site\\\/2025\\\/02\\\/16\\\/birome-jazz-band-llevo-su-jazz-a-beirut-en-el-marco-de-una-gira-local\\\/#primaryimage\"},\"thumbnailUrl\":\"https:\\\/\\\/noticiasmercedinas.com\\\/site\\\/wp-content\\\/uploads\\\/2025\\\/02\\\/IMG-20250215-WA0044.jpg\",\"datePublished\":\"2025-02-16T12:26:54+00:00\",\"dateModified\":\"2025-02-16T13:02:46+00:00\",\"breadcrumb\":{\"@id\":\"https:\\\/\\\/noticiasmercedinas.com\\\/site\\\/2025\\\/02\\\/16\\\/birome-jazz-band-llevo-su-jazz-a-beirut-en-el-marco-de-una-gira-local\\\/#breadcrumb\"},\"inLanguage\":\"es\",\"potentialAction\":[{\"@type\":\"ReadAction\",\"target\":[\"https:\\\/\\\/noticiasmercedinas.com\\\/site\\\/2025\\\/02\\\/16\\\/birome-jazz-band-llevo-su-jazz-a-beirut-en-el-marco-de-una-gira-local\\\/\"]}]},{\"@type\":\"ImageObject\",\"inLanguage\":\"es\",\"@id\":\"https:\\\/\\\/noticiasmercedinas.com\\\/site\\\/2025\\\/02\\\/16\\\/birome-jazz-band-llevo-su-jazz-a-beirut-en-el-marco-de-una-gira-local\\\/#primaryimage\",\"url\":\"https:\\\/\\\/noticiasmercedinas.com\\\/site\\\/wp-content\\\/uploads\\\/2025\\\/02\\\/IMG-20250215-WA0044.jpg\",\"contentUrl\":\"https:\\\/\\\/noticiasmercedinas.com\\\/site\\\/wp-content\\\/uploads\\\/2025\\\/02\\\/IMG-20250215-WA0044.jpg\",\"width\":1280,\"height\":960},{\"@type\":\"BreadcrumbList\",\"@id\":\"https:\\\/\\\/noticiasmercedinas.com\\\/site\\\/2025\\\/02\\\/16\\\/birome-jazz-band-llevo-su-jazz-a-beirut-en-el-marco-de-una-gira-local\\\/#breadcrumb\",\"itemListElement\":[{\"@type\":\"ListItem\",\"position\":1,\"name\":\"Portada\",\"item\":\"https:\\\/\\\/noticiasmercedinas.com\\\/site\\\/\"},{\"@type\":\"ListItem\",\"position\":2,\"name\":\"Birome Jazz Band llev\u00f3 su jazz a Beirut en el marco de una gira local\"}]},{\"@type\":\"WebSite\",\"@id\":\"https:\\\/\\\/noticiasmercedinas.com\\\/site\\\/#website\",\"url\":\"https:\\\/\\\/noticiasmercedinas.com\\\/site\\\/\",\"name\":\"NOTICIASMERCEDINAS.COM\",\"description\":\"Mercedes, Buenos Aires, Argentina\",\"publisher\":{\"@id\":\"https:\\\/\\\/noticiasmercedinas.com\\\/site\\\/#organization\"},\"potentialAction\":[{\"@type\":\"SearchAction\",\"target\":{\"@type\":\"EntryPoint\",\"urlTemplate\":\"https:\\\/\\\/noticiasmercedinas.com\\\/site\\\/?s={search_term_string}\"},\"query-input\":{\"@type\":\"PropertyValueSpecification\",\"valueRequired\":true,\"valueName\":\"search_term_string\"}}],\"inLanguage\":\"es\"},{\"@type\":\"Organization\",\"@id\":\"https:\\\/\\\/noticiasmercedinas.com\\\/site\\\/#organization\",\"name\":\"NOTICIASMERCEDINAS.COM\",\"url\":\"https:\\\/\\\/noticiasmercedinas.com\\\/site\\\/\",\"logo\":{\"@type\":\"ImageObject\",\"inLanguage\":\"es\",\"@id\":\"https:\\\/\\\/noticiasmercedinas.com\\\/site\\\/#\\\/schema\\\/logo\\\/image\\\/\",\"url\":\"https:\\\/\\\/noticiasmercedinas.com\\\/site\\\/wp-content\\\/uploads\\\/2020\\\/06\\\/LOGO-512.jpg\",\"contentUrl\":\"https:\\\/\\\/noticiasmercedinas.com\\\/site\\\/wp-content\\\/uploads\\\/2020\\\/06\\\/LOGO-512.jpg\",\"width\":512,\"height\":512,\"caption\":\"NOTICIASMERCEDINAS.COM\"},\"image\":{\"@id\":\"https:\\\/\\\/noticiasmercedinas.com\\\/site\\\/#\\\/schema\\\/logo\\\/image\\\/\"},\"sameAs\":[\"https:\\\/\\\/www.facebook.com\\\/noticiasmercedinas\\\/\",\"https:\\\/\\\/x.com\\\/notmercedinas\",\"https:\\\/\\\/www.instagram.com\\\/noticiasmercedinas\\\/\"]},{\"@type\":\"Person\",\"@id\":\"https:\\\/\\\/noticiasmercedinas.com\\\/site\\\/#\\\/schema\\\/person\\\/84b59c099c28ff2e8b77d4ceec5d8063\",\"name\":\"NOTICIASMERCEDINAS.COM\",\"image\":{\"@type\":\"ImageObject\",\"inLanguage\":\"es\",\"@id\":\"https:\\\/\\\/secure.gravatar.com\\\/avatar\\\/4dfbf16b4d17945bfb6341b2d19043457132fcf478a5ee04f42e959fd8f5df0a?s=96&d=mm&r=g\",\"url\":\"https:\\\/\\\/secure.gravatar.com\\\/avatar\\\/4dfbf16b4d17945bfb6341b2d19043457132fcf478a5ee04f42e959fd8f5df0a?s=96&d=mm&r=g\",\"contentUrl\":\"https:\\\/\\\/secure.gravatar.com\\\/avatar\\\/4dfbf16b4d17945bfb6341b2d19043457132fcf478a5ee04f42e959fd8f5df0a?s=96&d=mm&r=g\",\"caption\":\"NOTICIASMERCEDINAS.COM\"},\"url\":\"https:\\\/\\\/noticiasmercedinas.com\\\/site\\\/author\\\/anonimo\\\/\"}]}<\/script>\n<!-- \/ Yoast SEO plugin. -->","yoast_head_json":{"title":"Birome Jazz Band llev\u00f3 su jazz a Beirut en el marco de una gira local","robots":{"index":"index","follow":"follow","max-snippet":"max-snippet:-1","max-image-preview":"max-image-preview:large","max-video-preview":"max-video-preview:-1"},"canonical":"https:\/\/noticiasmercedinas.com\/site\/2025\/02\/16\/birome-jazz-band-llevo-su-jazz-a-beirut-en-el-marco-de-una-gira-local\/","og_locale":"es_ES","og_type":"article","og_title":"Birome Jazz Band llev\u00f3 su jazz a Beirut en el marco de una gira local","og_description":"Realizaron un impactante show al aire libre frente a Beirut, en la plaza San Mart\u00edn. El proyecto, iniciado a mediados del a\u00f1o pasado, naci\u00f3 del encuentro de sus integrantes mientras estudiaban m\u00fasica","og_url":"https:\/\/noticiasmercedinas.com\/site\/2025\/02\/16\/birome-jazz-band-llevo-su-jazz-a-beirut-en-el-marco-de-una-gira-local\/","og_site_name":"NOTICIASMERCEDINAS.COM","article_publisher":"https:\/\/www.facebook.com\/noticiasmercedinas\/","article_published_time":"2025-02-16T12:26:54+00:00","article_modified_time":"2025-02-16T13:02:46+00:00","og_image":[{"width":1280,"height":960,"url":"https:\/\/noticiasmercedinas.com\/site\/wp-content\/uploads\/2025\/02\/IMG-20250215-WA0044.jpg","type":"image\/jpeg"}],"author":"NOTICIASMERCEDINAS.COM","twitter_card":"summary_large_image","twitter_creator":"@notmercedinas","twitter_site":"@notmercedinas","twitter_misc":{"Escrito por":"NOTICIASMERCEDINAS.COM","Tiempo de lectura":"2 minutos"},"schema":{"@context":"https:\/\/schema.org","@graph":[{"@type":"Article","@id":"https:\/\/noticiasmercedinas.com\/site\/2025\/02\/16\/birome-jazz-band-llevo-su-jazz-a-beirut-en-el-marco-de-una-gira-local\/#article","isPartOf":{"@id":"https:\/\/noticiasmercedinas.com\/site\/2025\/02\/16\/birome-jazz-band-llevo-su-jazz-a-beirut-en-el-marco-de-una-gira-local\/"},"author":{"name":"NOTICIASMERCEDINAS.COM","@id":"https:\/\/noticiasmercedinas.com\/site\/#\/schema\/person\/84b59c099c28ff2e8b77d4ceec5d8063"},"headline":"Birome Jazz Band llev\u00f3 su jazz a Beirut en el marco de una gira local","datePublished":"2025-02-16T12:26:54+00:00","dateModified":"2025-02-16T13:02:46+00:00","mainEntityOfPage":{"@id":"https:\/\/noticiasmercedinas.com\/site\/2025\/02\/16\/birome-jazz-band-llevo-su-jazz-a-beirut-en-el-marco-de-una-gira-local\/"},"wordCount":349,"publisher":{"@id":"https:\/\/noticiasmercedinas.com\/site\/#organization"},"image":{"@id":"https:\/\/noticiasmercedinas.com\/site\/2025\/02\/16\/birome-jazz-band-llevo-su-jazz-a-beirut-en-el-marco-de-una-gira-local\/#primaryimage"},"thumbnailUrl":"https:\/\/noticiasmercedinas.com\/site\/wp-content\/uploads\/2025\/02\/IMG-20250215-WA0044.jpg","keywords":["beirut","Birome jazz banda","musica","plaza san martin"],"articleSection":["Cultura"],"inLanguage":"es"},{"@type":"WebPage","@id":"https:\/\/noticiasmercedinas.com\/site\/2025\/02\/16\/birome-jazz-band-llevo-su-jazz-a-beirut-en-el-marco-de-una-gira-local\/","url":"https:\/\/noticiasmercedinas.com\/site\/2025\/02\/16\/birome-jazz-band-llevo-su-jazz-a-beirut-en-el-marco-de-una-gira-local\/","name":"Birome Jazz Band llev\u00f3 su jazz a Beirut en el marco de una gira local","isPartOf":{"@id":"https:\/\/noticiasmercedinas.com\/site\/#website"},"primaryImageOfPage":{"@id":"https:\/\/noticiasmercedinas.com\/site\/2025\/02\/16\/birome-jazz-band-llevo-su-jazz-a-beirut-en-el-marco-de-una-gira-local\/#primaryimage"},"image":{"@id":"https:\/\/noticiasmercedinas.com\/site\/2025\/02\/16\/birome-jazz-band-llevo-su-jazz-a-beirut-en-el-marco-de-una-gira-local\/#primaryimage"},"thumbnailUrl":"https:\/\/noticiasmercedinas.com\/site\/wp-content\/uploads\/2025\/02\/IMG-20250215-WA0044.jpg","datePublished":"2025-02-16T12:26:54+00:00","dateModified":"2025-02-16T13:02:46+00:00","breadcrumb":{"@id":"https:\/\/noticiasmercedinas.com\/site\/2025\/02\/16\/birome-jazz-band-llevo-su-jazz-a-beirut-en-el-marco-de-una-gira-local\/#breadcrumb"},"inLanguage":"es","potentialAction":[{"@type":"ReadAction","target":["https:\/\/noticiasmercedinas.com\/site\/2025\/02\/16\/birome-jazz-band-llevo-su-jazz-a-beirut-en-el-marco-de-una-gira-local\/"]}]},{"@type":"ImageObject","inLanguage":"es","@id":"https:\/\/noticiasmercedinas.com\/site\/2025\/02\/16\/birome-jazz-band-llevo-su-jazz-a-beirut-en-el-marco-de-una-gira-local\/#primaryimage","url":"https:\/\/noticiasmercedinas.com\/site\/wp-content\/uploads\/2025\/02\/IMG-20250215-WA0044.jpg","contentUrl":"https:\/\/noticiasmercedinas.com\/site\/wp-content\/uploads\/2025\/02\/IMG-20250215-WA0044.jpg","width":1280,"height":960},{"@type":"BreadcrumbList","@id":"https:\/\/noticiasmercedinas.com\/site\/2025\/02\/16\/birome-jazz-band-llevo-su-jazz-a-beirut-en-el-marco-de-una-gira-local\/#breadcrumb","itemListElement":[{"@type":"ListItem","position":1,"name":"Portada","item":"https:\/\/noticiasmercedinas.com\/site\/"},{"@type":"ListItem","position":2,"name":"Birome Jazz Band llev\u00f3 su jazz a Beirut en el marco de una gira local"}]},{"@type":"WebSite","@id":"https:\/\/noticiasmercedinas.com\/site\/#website","url":"https:\/\/noticiasmercedinas.com\/site\/","name":"NOTICIASMERCEDINAS.COM","description":"Mercedes, Buenos Aires, Argentina","publisher":{"@id":"https:\/\/noticiasmercedinas.com\/site\/#organization"},"potentialAction":[{"@type":"SearchAction","target":{"@type":"EntryPoint","urlTemplate":"https:\/\/noticiasmercedinas.com\/site\/?s={search_term_string}"},"query-input":{"@type":"PropertyValueSpecification","valueRequired":true,"valueName":"search_term_string"}}],"inLanguage":"es"},{"@type":"Organization","@id":"https:\/\/noticiasmercedinas.com\/site\/#organization","name":"NOTICIASMERCEDINAS.COM","url":"https:\/\/noticiasmercedinas.com\/site\/","logo":{"@type":"ImageObject","inLanguage":"es","@id":"https:\/\/noticiasmercedinas.com\/site\/#\/schema\/logo\/image\/","url":"https:\/\/noticiasmercedinas.com\/site\/wp-content\/uploads\/2020\/06\/LOGO-512.jpg","contentUrl":"https:\/\/noticiasmercedinas.com\/site\/wp-content\/uploads\/2020\/06\/LOGO-512.jpg","width":512,"height":512,"caption":"NOTICIASMERCEDINAS.COM"},"image":{"@id":"https:\/\/noticiasmercedinas.com\/site\/#\/schema\/logo\/image\/"},"sameAs":["https:\/\/www.facebook.com\/noticiasmercedinas\/","https:\/\/x.com\/notmercedinas","https:\/\/www.instagram.com\/noticiasmercedinas\/"]},{"@type":"Person","@id":"https:\/\/noticiasmercedinas.com\/site\/#\/schema\/person\/84b59c099c28ff2e8b77d4ceec5d8063","name":"NOTICIASMERCEDINAS.COM","image":{"@type":"ImageObject","inLanguage":"es","@id":"https:\/\/secure.gravatar.com\/avatar\/4dfbf16b4d17945bfb6341b2d19043457132fcf478a5ee04f42e959fd8f5df0a?s=96&d=mm&r=g","url":"https:\/\/secure.gravatar.com\/avatar\/4dfbf16b4d17945bfb6341b2d19043457132fcf478a5ee04f42e959fd8f5df0a?s=96&d=mm&r=g","contentUrl":"https:\/\/secure.gravatar.com\/avatar\/4dfbf16b4d17945bfb6341b2d19043457132fcf478a5ee04f42e959fd8f5df0a?s=96&d=mm&r=g","caption":"NOTICIASMERCEDINAS.COM"},"url":"https:\/\/noticiasmercedinas.com\/site\/author\/anonimo\/"}]}},"amp_enabled":true,"_links":{"self":[{"href":"https:\/\/noticiasmercedinas.com\/site\/wp-json\/wp\/v2\/posts\/153600","targetHints":{"allow":["GET"]}}],"collection":[{"href":"https:\/\/noticiasmercedinas.com\/site\/wp-json\/wp\/v2\/posts"}],"about":[{"href":"https:\/\/noticiasmercedinas.com\/site\/wp-json\/wp\/v2\/types\/post"}],"author":[{"embeddable":true,"href":"https:\/\/noticiasmercedinas.com\/site\/wp-json\/wp\/v2\/users\/16"}],"replies":[{"embeddable":true,"href":"https:\/\/noticiasmercedinas.com\/site\/wp-json\/wp\/v2\/comments?post=153600"}],"version-history":[{"count":3,"href":"https:\/\/noticiasmercedinas.com\/site\/wp-json\/wp\/v2\/posts\/153600\/revisions"}],"predecessor-version":[{"id":153614,"href":"https:\/\/noticiasmercedinas.com\/site\/wp-json\/wp\/v2\/posts\/153600\/revisions\/153614"}],"wp:featuredmedia":[{"embeddable":true,"href":"https:\/\/noticiasmercedinas.com\/site\/wp-json\/wp\/v2\/media\/153604"}],"wp:attachment":[{"href":"https:\/\/noticiasmercedinas.com\/site\/wp-json\/wp\/v2\/media?parent=153600"}],"wp:term":[{"taxonomy":"category","embeddable":true,"href":"https:\/\/noticiasmercedinas.com\/site\/wp-json\/wp\/v2\/categories?post=153600"},{"taxonomy":"post_tag","embeddable":true,"href":"https:\/\/noticiasmercedinas.com\/site\/wp-json\/wp\/v2\/tags?post=153600"}],"curies":[{"name":"wp","href":"https:\/\/api.w.org\/{rel}","templated":true}]}}