{"id":153727,"date":"2025-02-18T14:51:20","date_gmt":"2025-02-18T17:51:20","guid":{"rendered":"https:\/\/noticiasmercedinas.com\/site\/?p=153727"},"modified":"2025-02-18T14:51:20","modified_gmt":"2025-02-18T17:51:20","slug":"club-mercedes-tuvo-un-ensayo-mas","status":"publish","type":"post","link":"https:\/\/noticiasmercedinas.com\/site\/2025\/02\/18\/club-mercedes-tuvo-un-ensayo-mas\/","title":{"rendered":"Club Mercedes tuvo un ensayo m\u00e1s"},"content":{"rendered":"<figure id=\"attachment_153728\" aria-describedby=\"caption-attachment-153728\" style=\"width: 640px\" class=\"wp-caption alignnone\"><img loading=\"lazy\" decoding=\"async\" class=\"wp-image-153728 size-full\" src=\"https:\/\/noticiasmercedinas.com\/site\/wp-content\/uploads\/2025\/02\/39c193d2-25c0-4b2f-86e6-1bd6f1c34355.jpg\" alt=\"\" width=\"640\" height=\"371\" srcset=\"https:\/\/noticiasmercedinas.com\/site\/wp-content\/uploads\/2025\/02\/39c193d2-25c0-4b2f-86e6-1bd6f1c34355.jpg 640w, https:\/\/noticiasmercedinas.com\/site\/wp-content\/uploads\/2025\/02\/39c193d2-25c0-4b2f-86e6-1bd6f1c34355-300x174.jpg 300w\" sizes=\"auto, (max-width: 640px) 100vw, 640px\" \/><figcaption id=\"caption-attachment-153728\" class=\"wp-caption-text\">Primera hora de f\u00fatbol, Mercedes e Independiente.<\/figcaption><\/figure>\n<p>Este martes por la ma\u00f1ana, luego de la suspensi\u00f3n del s\u00e1bado, jugaron de manera amistosa Club Mercedes e Independiente de Chivilcoy. El \u201cBlanquinegro\u201d alist\u00e1ndose para la Primera C y el \u201cRojo\u201d para afrontar el Federal A, gener\u00e1ndose dos partidos de una hora cada uno divididos en dos tiempos de 30 minutos cada uno en la cancha del predio de H\u00e9roes de Malvinas y 60.<\/p>\n<p>En la previa al partido fueron anunciados como incorporaciones el arquero Sebasti\u00e1n Brand\u00e1n (Deportivo Merlo), el volante por derecha y mercedino Santino Basualdo (Flandria) y el lateral izquierdo Tom\u00e1s V\u00e1zquez (Luj\u00e1n), todos superaron el per\u00edodo de pruebas y con ello tienen un lugar entre el plantel de la Primera C, que casi estar\u00eda cerrado pudiendo llegar un defensor central izquierdo.<\/p>\n<p>Para el primer juego Mena dispuso que est\u00e9n en cancha Mat\u00edas Caputo en el arco, M\u00e1ximo Chan, Thom\u00e1s Bentancor, Mart\u00edn Zuccaro y Facundo Alani en el defensa. En la zona de volantes Maximiliano Pighin y Tom\u00e1s Chaparro, por derecha Alan Maimo y Santiago Romagnoli en la izquierda, en la ofensiva Agust\u00edn Anacaratti y Franco Gatti.<\/p>\n<p><img loading=\"lazy\" decoding=\"async\" class=\"alignnone size-full wp-image-153729\" src=\"https:\/\/noticiasmercedinas.com\/site\/wp-content\/uploads\/2025\/02\/8d091a99-350f-498b-b6a1-f8f1d410178d.jpg\" alt=\"\" width=\"640\" height=\"377\" srcset=\"https:\/\/noticiasmercedinas.com\/site\/wp-content\/uploads\/2025\/02\/8d091a99-350f-498b-b6a1-f8f1d410178d.jpg 640w, https:\/\/noticiasmercedinas.com\/site\/wp-content\/uploads\/2025\/02\/8d091a99-350f-498b-b6a1-f8f1d410178d-300x177.jpg 300w\" sizes=\"auto, (max-width: 640px) 100vw, 640px\" \/><\/p>\n<p>Para el \u00faltimo cuarto ingresaron Augusto Ghiglione por Gatti, Leandro Amado por Anacaratti, Franco Cruz por Chan, Lautaro Zotta por Zuccaro pasando Pighin a la zaga central y Rodrigo Nicasio por Caputo. Esa primera hora ante Independiente tuvo claras opciones de gol para Mercedes, aunque fue empate sin goles.<\/p>\n<p>El segundo ensayo mostr\u00f3 a Nicasio bajo los tres palos, Cruz, Sabino Redondi, Hern\u00e1n Pineda y Tom\u00e1s V\u00e1zquez en la \u00faltima l\u00ednea. Joaqu\u00edn P\u00e9rez y Franco Ortigosa en el doble 5 para jugar por las bandas Zotta y Juan Culio, los atacantes fueron Amado y Ghiglione. Gener\u00e1ndose en medio de un 2 a 1 para la visita, donde Mercedes lo empataba con Amado, una buena cantidad de cambios donde tuvieron sus minutos los juveniles.<\/p>\n<p>Aunque tambi\u00e9n particip\u00f3 Ulises Bustos y el arquero Brand\u00e1n m\u00e1s Basualdo. En cuanto a juventud: Felipe Ruiz D\u00edaz, Mat\u00edas Gim\u00e9nez, Mateo Blanco, Tom\u00e1s Costa y Ulises Dematei. Del lado de Independiente se lo vio al lateral derecho Emanuel Cabrera y al volante ofensivo Isa\u00edas Bai, ambos chivilcoyanos que est\u00e1n dentro del plantel dirigido por Luciano Avalos y pasaron por Mercedes. Lo que viene para el equipo de Mena es m\u00e1s entrenamientos y el s\u00e1bado por la ma\u00f1ana, desde las 9, otro amistoso frente al Club Estudiantes.<\/p>\n","protected":false},"excerpt":{"rendered":"<p>\u25a0 Fue ante Independiente de Chivilcoy en la ma\u00f1ana de este martes. La jornada arroj\u00f3 un empate sin goles y m\u00e1s tarde un 2-1 para la visita. El s\u00e1bado se generar\u00e1 un amistoso m\u00e1s ante Estudiantes en horas de la ma\u00f1ana.<\/p>\n","protected":false},"author":6,"featured_media":153728,"comment_status":"closed","ping_status":"closed","sticky":false,"template":"","format":"standard","meta":{"footnotes":""},"categories":[5],"tags":[11320,135,11214,15583,6434],"class_list":["post-153727","post","type-post","status-publish","format-standard","has-post-thumbnail","hentry","category-deportes","tag-amistoso","tag-club-mercedes","tag-federal-a","tag-independiente-de-chivilcoy","tag-primera-c"],"yoast_head":"<!-- This site is optimized with the Yoast SEO plugin v27.4 - https:\/\/yoast.com\/product\/yoast-seo-wordpress\/ -->\n<title>Club Mercedes tuvo un ensayo m\u00e1s<\/title>\n<meta name=\"robots\" content=\"index, follow, max-snippet:-1, max-image-preview:large, max-video-preview:-1\" \/>\n<link rel=\"canonical\" href=\"https:\/\/noticiasmercedinas.com\/site\/2025\/02\/18\/club-mercedes-tuvo-un-ensayo-mas\/\" \/>\n<meta property=\"og:locale\" content=\"es_ES\" \/>\n<meta property=\"og:type\" content=\"article\" \/>\n<meta property=\"og:title\" content=\"Club Mercedes tuvo un ensayo m\u00e1s\" \/>\n<meta property=\"og:description\" content=\"\u25a0 Fue ante Independiente de Chivilcoy en la ma\u00f1ana de este martes. La jornada arroj\u00f3 un empate sin goles y m\u00e1s tarde un 2-1 para la visita. El s\u00e1bado se generar\u00e1 un amistoso m\u00e1s ante Estudiantes en horas de la ma\u00f1ana.\" \/>\n<meta property=\"og:url\" content=\"https:\/\/noticiasmercedinas.com\/site\/2025\/02\/18\/club-mercedes-tuvo-un-ensayo-mas\/\" \/>\n<meta property=\"og:site_name\" content=\"NOTICIASMERCEDINAS.COM\" \/>\n<meta property=\"article:publisher\" content=\"https:\/\/www.facebook.com\/noticiasmercedinas\/\" \/>\n<meta property=\"article:published_time\" content=\"2025-02-18T17:51:20+00:00\" \/>\n<meta property=\"og:image\" content=\"https:\/\/noticiasmercedinas.com\/site\/wp-content\/uploads\/2025\/02\/39c193d2-25c0-4b2f-86e6-1bd6f1c34355.jpg\" \/>\n\t<meta property=\"og:image:width\" content=\"640\" \/>\n\t<meta property=\"og:image:height\" content=\"371\" \/>\n\t<meta property=\"og:image:type\" content=\"image\/jpeg\" \/>\n<meta name=\"author\" content=\"Juan Dagnino NOTICIASMERCEDINAS.COM\" \/>\n<meta name=\"twitter:card\" content=\"summary_large_image\" \/>\n<meta name=\"twitter:creator\" content=\"@notmercedinas\" \/>\n<meta name=\"twitter:site\" content=\"@notmercedinas\" \/>\n<meta name=\"twitter:label1\" content=\"Escrito por\" \/>\n\t<meta name=\"twitter:data1\" content=\"Juan Dagnino NOTICIASMERCEDINAS.COM\" \/>\n\t<meta name=\"twitter:label2\" content=\"Tiempo de lectura\" \/>\n\t<meta name=\"twitter:data2\" content=\"2 minutos\" \/>\n<script type=\"application\/ld+json\" class=\"yoast-schema-graph\">{\"@context\":\"https:\\\/\\\/schema.org\",\"@graph\":[{\"@type\":\"Article\",\"@id\":\"https:\\\/\\\/noticiasmercedinas.com\\\/site\\\/2025\\\/02\\\/18\\\/club-mercedes-tuvo-un-ensayo-mas\\\/#article\",\"isPartOf\":{\"@id\":\"https:\\\/\\\/noticiasmercedinas.com\\\/site\\\/2025\\\/02\\\/18\\\/club-mercedes-tuvo-un-ensayo-mas\\\/\"},\"author\":{\"name\":\"Juan Dagnino NOTICIASMERCEDINAS.COM\",\"@id\":\"https:\\\/\\\/noticiasmercedinas.com\\\/site\\\/#\\\/schema\\\/person\\\/8f2f09d666ef40986eba4a5e6f2a06f9\"},\"headline\":\"Club Mercedes tuvo un ensayo m\u00e1s\",\"datePublished\":\"2025-02-18T17:51:20+00:00\",\"mainEntityOfPage\":{\"@id\":\"https:\\\/\\\/noticiasmercedinas.com\\\/site\\\/2025\\\/02\\\/18\\\/club-mercedes-tuvo-un-ensayo-mas\\\/\"},\"wordCount\":443,\"publisher\":{\"@id\":\"https:\\\/\\\/noticiasmercedinas.com\\\/site\\\/#organization\"},\"image\":{\"@id\":\"https:\\\/\\\/noticiasmercedinas.com\\\/site\\\/2025\\\/02\\\/18\\\/club-mercedes-tuvo-un-ensayo-mas\\\/#primaryimage\"},\"thumbnailUrl\":\"https:\\\/\\\/noticiasmercedinas.com\\\/site\\\/wp-content\\\/uploads\\\/2025\\\/02\\\/39c193d2-25c0-4b2f-86e6-1bd6f1c34355.jpg\",\"keywords\":[\"amistoso\",\"club mercedes\",\"federal a\",\"Independiente de chivilcoy\",\"Primera C\"],\"articleSection\":[\"Deportes\"],\"inLanguage\":\"es\"},{\"@type\":\"WebPage\",\"@id\":\"https:\\\/\\\/noticiasmercedinas.com\\\/site\\\/2025\\\/02\\\/18\\\/club-mercedes-tuvo-un-ensayo-mas\\\/\",\"url\":\"https:\\\/\\\/noticiasmercedinas.com\\\/site\\\/2025\\\/02\\\/18\\\/club-mercedes-tuvo-un-ensayo-mas\\\/\",\"name\":\"Club Mercedes tuvo un ensayo m\u00e1s\",\"isPartOf\":{\"@id\":\"https:\\\/\\\/noticiasmercedinas.com\\\/site\\\/#website\"},\"primaryImageOfPage\":{\"@id\":\"https:\\\/\\\/noticiasmercedinas.com\\\/site\\\/2025\\\/02\\\/18\\\/club-mercedes-tuvo-un-ensayo-mas\\\/#primaryimage\"},\"image\":{\"@id\":\"https:\\\/\\\/noticiasmercedinas.com\\\/site\\\/2025\\\/02\\\/18\\\/club-mercedes-tuvo-un-ensayo-mas\\\/#primaryimage\"},\"thumbnailUrl\":\"https:\\\/\\\/noticiasmercedinas.com\\\/site\\\/wp-content\\\/uploads\\\/2025\\\/02\\\/39c193d2-25c0-4b2f-86e6-1bd6f1c34355.jpg\",\"datePublished\":\"2025-02-18T17:51:20+00:00\",\"breadcrumb\":{\"@id\":\"https:\\\/\\\/noticiasmercedinas.com\\\/site\\\/2025\\\/02\\\/18\\\/club-mercedes-tuvo-un-ensayo-mas\\\/#breadcrumb\"},\"inLanguage\":\"es\",\"potentialAction\":[{\"@type\":\"ReadAction\",\"target\":[\"https:\\\/\\\/noticiasmercedinas.com\\\/site\\\/2025\\\/02\\\/18\\\/club-mercedes-tuvo-un-ensayo-mas\\\/\"]}]},{\"@type\":\"ImageObject\",\"inLanguage\":\"es\",\"@id\":\"https:\\\/\\\/noticiasmercedinas.com\\\/site\\\/2025\\\/02\\\/18\\\/club-mercedes-tuvo-un-ensayo-mas\\\/#primaryimage\",\"url\":\"https:\\\/\\\/noticiasmercedinas.com\\\/site\\\/wp-content\\\/uploads\\\/2025\\\/02\\\/39c193d2-25c0-4b2f-86e6-1bd6f1c34355.jpg\",\"contentUrl\":\"https:\\\/\\\/noticiasmercedinas.com\\\/site\\\/wp-content\\\/uploads\\\/2025\\\/02\\\/39c193d2-25c0-4b2f-86e6-1bd6f1c34355.jpg\",\"width\":640,\"height\":371},{\"@type\":\"BreadcrumbList\",\"@id\":\"https:\\\/\\\/noticiasmercedinas.com\\\/site\\\/2025\\\/02\\\/18\\\/club-mercedes-tuvo-un-ensayo-mas\\\/#breadcrumb\",\"itemListElement\":[{\"@type\":\"ListItem\",\"position\":1,\"name\":\"Portada\",\"item\":\"https:\\\/\\\/noticiasmercedinas.com\\\/site\\\/\"},{\"@type\":\"ListItem\",\"position\":2,\"name\":\"Club Mercedes tuvo un ensayo m\u00e1s\"}]},{\"@type\":\"WebSite\",\"@id\":\"https:\\\/\\\/noticiasmercedinas.com\\\/site\\\/#website\",\"url\":\"https:\\\/\\\/noticiasmercedinas.com\\\/site\\\/\",\"name\":\"NOTICIASMERCEDINAS.COM\",\"description\":\"Mercedes, Buenos Aires, Argentina\",\"publisher\":{\"@id\":\"https:\\\/\\\/noticiasmercedinas.com\\\/site\\\/#organization\"},\"potentialAction\":[{\"@type\":\"SearchAction\",\"target\":{\"@type\":\"EntryPoint\",\"urlTemplate\":\"https:\\\/\\\/noticiasmercedinas.com\\\/site\\\/?s={search_term_string}\"},\"query-input\":{\"@type\":\"PropertyValueSpecification\",\"valueRequired\":true,\"valueName\":\"search_term_string\"}}],\"inLanguage\":\"es\"},{\"@type\":\"Organization\",\"@id\":\"https:\\\/\\\/noticiasmercedinas.com\\\/site\\\/#organization\",\"name\":\"NOTICIASMERCEDINAS.COM\",\"url\":\"https:\\\/\\\/noticiasmercedinas.com\\\/site\\\/\",\"logo\":{\"@type\":\"ImageObject\",\"inLanguage\":\"es\",\"@id\":\"https:\\\/\\\/noticiasmercedinas.com\\\/site\\\/#\\\/schema\\\/logo\\\/image\\\/\",\"url\":\"https:\\\/\\\/noticiasmercedinas.com\\\/site\\\/wp-content\\\/uploads\\\/2020\\\/06\\\/LOGO-512.jpg\",\"contentUrl\":\"https:\\\/\\\/noticiasmercedinas.com\\\/site\\\/wp-content\\\/uploads\\\/2020\\\/06\\\/LOGO-512.jpg\",\"width\":512,\"height\":512,\"caption\":\"NOTICIASMERCEDINAS.COM\"},\"image\":{\"@id\":\"https:\\\/\\\/noticiasmercedinas.com\\\/site\\\/#\\\/schema\\\/logo\\\/image\\\/\"},\"sameAs\":[\"https:\\\/\\\/www.facebook.com\\\/noticiasmercedinas\\\/\",\"https:\\\/\\\/x.com\\\/notmercedinas\",\"https:\\\/\\\/www.instagram.com\\\/noticiasmercedinas\\\/\"]},{\"@type\":\"Person\",\"@id\":\"https:\\\/\\\/noticiasmercedinas.com\\\/site\\\/#\\\/schema\\\/person\\\/8f2f09d666ef40986eba4a5e6f2a06f9\",\"name\":\"Juan Dagnino NOTICIASMERCEDINAS.COM\",\"image\":{\"@type\":\"ImageObject\",\"inLanguage\":\"es\",\"@id\":\"https:\\\/\\\/secure.gravatar.com\\\/avatar\\\/fc7059a769f5a3cae65fadb228a3e4accf3a64b4b2305020d0a27e6d5333c91b?s=96&d=mm&r=g\",\"url\":\"https:\\\/\\\/secure.gravatar.com\\\/avatar\\\/fc7059a769f5a3cae65fadb228a3e4accf3a64b4b2305020d0a27e6d5333c91b?s=96&d=mm&r=g\",\"contentUrl\":\"https:\\\/\\\/secure.gravatar.com\\\/avatar\\\/fc7059a769f5a3cae65fadb228a3e4accf3a64b4b2305020d0a27e6d5333c91b?s=96&d=mm&r=g\",\"caption\":\"Juan Dagnino NOTICIASMERCEDINAS.COM\"},\"url\":\"https:\\\/\\\/noticiasmercedinas.com\\\/site\\\/author\\\/juandagnino\\\/\"}]}<\/script>\n<!-- \/ Yoast SEO plugin. -->","yoast_head_json":{"title":"Club Mercedes tuvo un ensayo m\u00e1s","robots":{"index":"index","follow":"follow","max-snippet":"max-snippet:-1","max-image-preview":"max-image-preview:large","max-video-preview":"max-video-preview:-1"},"canonical":"https:\/\/noticiasmercedinas.com\/site\/2025\/02\/18\/club-mercedes-tuvo-un-ensayo-mas\/","og_locale":"es_ES","og_type":"article","og_title":"Club Mercedes tuvo un ensayo m\u00e1s","og_description":"\u25a0 Fue ante Independiente de Chivilcoy en la ma\u00f1ana de este martes. La jornada arroj\u00f3 un empate sin goles y m\u00e1s tarde un 2-1 para la visita. El s\u00e1bado se generar\u00e1 un amistoso m\u00e1s ante Estudiantes en horas de la ma\u00f1ana.","og_url":"https:\/\/noticiasmercedinas.com\/site\/2025\/02\/18\/club-mercedes-tuvo-un-ensayo-mas\/","og_site_name":"NOTICIASMERCEDINAS.COM","article_publisher":"https:\/\/www.facebook.com\/noticiasmercedinas\/","article_published_time":"2025-02-18T17:51:20+00:00","og_image":[{"width":640,"height":371,"url":"https:\/\/noticiasmercedinas.com\/site\/wp-content\/uploads\/2025\/02\/39c193d2-25c0-4b2f-86e6-1bd6f1c34355.jpg","type":"image\/jpeg"}],"author":"Juan Dagnino NOTICIASMERCEDINAS.COM","twitter_card":"summary_large_image","twitter_creator":"@notmercedinas","twitter_site":"@notmercedinas","twitter_misc":{"Escrito por":"Juan Dagnino NOTICIASMERCEDINAS.COM","Tiempo de lectura":"2 minutos"},"schema":{"@context":"https:\/\/schema.org","@graph":[{"@type":"Article","@id":"https:\/\/noticiasmercedinas.com\/site\/2025\/02\/18\/club-mercedes-tuvo-un-ensayo-mas\/#article","isPartOf":{"@id":"https:\/\/noticiasmercedinas.com\/site\/2025\/02\/18\/club-mercedes-tuvo-un-ensayo-mas\/"},"author":{"name":"Juan Dagnino NOTICIASMERCEDINAS.COM","@id":"https:\/\/noticiasmercedinas.com\/site\/#\/schema\/person\/8f2f09d666ef40986eba4a5e6f2a06f9"},"headline":"Club Mercedes tuvo un ensayo m\u00e1s","datePublished":"2025-02-18T17:51:20+00:00","mainEntityOfPage":{"@id":"https:\/\/noticiasmercedinas.com\/site\/2025\/02\/18\/club-mercedes-tuvo-un-ensayo-mas\/"},"wordCount":443,"publisher":{"@id":"https:\/\/noticiasmercedinas.com\/site\/#organization"},"image":{"@id":"https:\/\/noticiasmercedinas.com\/site\/2025\/02\/18\/club-mercedes-tuvo-un-ensayo-mas\/#primaryimage"},"thumbnailUrl":"https:\/\/noticiasmercedinas.com\/site\/wp-content\/uploads\/2025\/02\/39c193d2-25c0-4b2f-86e6-1bd6f1c34355.jpg","keywords":["amistoso","club mercedes","federal a","Independiente de chivilcoy","Primera C"],"articleSection":["Deportes"],"inLanguage":"es"},{"@type":"WebPage","@id":"https:\/\/noticiasmercedinas.com\/site\/2025\/02\/18\/club-mercedes-tuvo-un-ensayo-mas\/","url":"https:\/\/noticiasmercedinas.com\/site\/2025\/02\/18\/club-mercedes-tuvo-un-ensayo-mas\/","name":"Club Mercedes tuvo un ensayo m\u00e1s","isPartOf":{"@id":"https:\/\/noticiasmercedinas.com\/site\/#website"},"primaryImageOfPage":{"@id":"https:\/\/noticiasmercedinas.com\/site\/2025\/02\/18\/club-mercedes-tuvo-un-ensayo-mas\/#primaryimage"},"image":{"@id":"https:\/\/noticiasmercedinas.com\/site\/2025\/02\/18\/club-mercedes-tuvo-un-ensayo-mas\/#primaryimage"},"thumbnailUrl":"https:\/\/noticiasmercedinas.com\/site\/wp-content\/uploads\/2025\/02\/39c193d2-25c0-4b2f-86e6-1bd6f1c34355.jpg","datePublished":"2025-02-18T17:51:20+00:00","breadcrumb":{"@id":"https:\/\/noticiasmercedinas.com\/site\/2025\/02\/18\/club-mercedes-tuvo-un-ensayo-mas\/#breadcrumb"},"inLanguage":"es","potentialAction":[{"@type":"ReadAction","target":["https:\/\/noticiasmercedinas.com\/site\/2025\/02\/18\/club-mercedes-tuvo-un-ensayo-mas\/"]}]},{"@type":"ImageObject","inLanguage":"es","@id":"https:\/\/noticiasmercedinas.com\/site\/2025\/02\/18\/club-mercedes-tuvo-un-ensayo-mas\/#primaryimage","url":"https:\/\/noticiasmercedinas.com\/site\/wp-content\/uploads\/2025\/02\/39c193d2-25c0-4b2f-86e6-1bd6f1c34355.jpg","contentUrl":"https:\/\/noticiasmercedinas.com\/site\/wp-content\/uploads\/2025\/02\/39c193d2-25c0-4b2f-86e6-1bd6f1c34355.jpg","width":640,"height":371},{"@type":"BreadcrumbList","@id":"https:\/\/noticiasmercedinas.com\/site\/2025\/02\/18\/club-mercedes-tuvo-un-ensayo-mas\/#breadcrumb","itemListElement":[{"@type":"ListItem","position":1,"name":"Portada","item":"https:\/\/noticiasmercedinas.com\/site\/"},{"@type":"ListItem","position":2,"name":"Club Mercedes tuvo un ensayo m\u00e1s"}]},{"@type":"WebSite","@id":"https:\/\/noticiasmercedinas.com\/site\/#website","url":"https:\/\/noticiasmercedinas.com\/site\/","name":"NOTICIASMERCEDINAS.COM","description":"Mercedes, Buenos Aires, Argentina","publisher":{"@id":"https:\/\/noticiasmercedinas.com\/site\/#organization"},"potentialAction":[{"@type":"SearchAction","target":{"@type":"EntryPoint","urlTemplate":"https:\/\/noticiasmercedinas.com\/site\/?s={search_term_string}"},"query-input":{"@type":"PropertyValueSpecification","valueRequired":true,"valueName":"search_term_string"}}],"inLanguage":"es"},{"@type":"Organization","@id":"https:\/\/noticiasmercedinas.com\/site\/#organization","name":"NOTICIASMERCEDINAS.COM","url":"https:\/\/noticiasmercedinas.com\/site\/","logo":{"@type":"ImageObject","inLanguage":"es","@id":"https:\/\/noticiasmercedinas.com\/site\/#\/schema\/logo\/image\/","url":"https:\/\/noticiasmercedinas.com\/site\/wp-content\/uploads\/2020\/06\/LOGO-512.jpg","contentUrl":"https:\/\/noticiasmercedinas.com\/site\/wp-content\/uploads\/2020\/06\/LOGO-512.jpg","width":512,"height":512,"caption":"NOTICIASMERCEDINAS.COM"},"image":{"@id":"https:\/\/noticiasmercedinas.com\/site\/#\/schema\/logo\/image\/"},"sameAs":["https:\/\/www.facebook.com\/noticiasmercedinas\/","https:\/\/x.com\/notmercedinas","https:\/\/www.instagram.com\/noticiasmercedinas\/"]},{"@type":"Person","@id":"https:\/\/noticiasmercedinas.com\/site\/#\/schema\/person\/8f2f09d666ef40986eba4a5e6f2a06f9","name":"Juan Dagnino NOTICIASMERCEDINAS.COM","image":{"@type":"ImageObject","inLanguage":"es","@id":"https:\/\/secure.gravatar.com\/avatar\/fc7059a769f5a3cae65fadb228a3e4accf3a64b4b2305020d0a27e6d5333c91b?s=96&d=mm&r=g","url":"https:\/\/secure.gravatar.com\/avatar\/fc7059a769f5a3cae65fadb228a3e4accf3a64b4b2305020d0a27e6d5333c91b?s=96&d=mm&r=g","contentUrl":"https:\/\/secure.gravatar.com\/avatar\/fc7059a769f5a3cae65fadb228a3e4accf3a64b4b2305020d0a27e6d5333c91b?s=96&d=mm&r=g","caption":"Juan Dagnino NOTICIASMERCEDINAS.COM"},"url":"https:\/\/noticiasmercedinas.com\/site\/author\/juandagnino\/"}]}},"amp_enabled":true,"_links":{"self":[{"href":"https:\/\/noticiasmercedinas.com\/site\/wp-json\/wp\/v2\/posts\/153727","targetHints":{"allow":["GET"]}}],"collection":[{"href":"https:\/\/noticiasmercedinas.com\/site\/wp-json\/wp\/v2\/posts"}],"about":[{"href":"https:\/\/noticiasmercedinas.com\/site\/wp-json\/wp\/v2\/types\/post"}],"author":[{"embeddable":true,"href":"https:\/\/noticiasmercedinas.com\/site\/wp-json\/wp\/v2\/users\/6"}],"replies":[{"embeddable":true,"href":"https:\/\/noticiasmercedinas.com\/site\/wp-json\/wp\/v2\/comments?post=153727"}],"version-history":[{"count":1,"href":"https:\/\/noticiasmercedinas.com\/site\/wp-json\/wp\/v2\/posts\/153727\/revisions"}],"predecessor-version":[{"id":153730,"href":"https:\/\/noticiasmercedinas.com\/site\/wp-json\/wp\/v2\/posts\/153727\/revisions\/153730"}],"wp:featuredmedia":[{"embeddable":true,"href":"https:\/\/noticiasmercedinas.com\/site\/wp-json\/wp\/v2\/media\/153728"}],"wp:attachment":[{"href":"https:\/\/noticiasmercedinas.com\/site\/wp-json\/wp\/v2\/media?parent=153727"}],"wp:term":[{"taxonomy":"category","embeddable":true,"href":"https:\/\/noticiasmercedinas.com\/site\/wp-json\/wp\/v2\/categories?post=153727"},{"taxonomy":"post_tag","embeddable":true,"href":"https:\/\/noticiasmercedinas.com\/site\/wp-json\/wp\/v2\/tags?post=153727"}],"curies":[{"name":"wp","href":"https:\/\/api.w.org\/{rel}","templated":true}]}}