{"id":153738,"date":"2025-02-18T19:56:35","date_gmt":"2025-02-18T22:56:35","guid":{"rendered":"https:\/\/noticiasmercedinas.com\/site\/?p=153738"},"modified":"2025-02-18T19:56:35","modified_gmt":"2025-02-18T22:56:35","slug":"invitan-a-presentar-propuestas-para-la-convocatoria-la-unlu-construye-memoria-colectiva","status":"publish","type":"post","link":"https:\/\/noticiasmercedinas.com\/site\/2025\/02\/18\/invitan-a-presentar-propuestas-para-la-convocatoria-la-unlu-construye-memoria-colectiva\/","title":{"rendered":"Invitan a presentar propuestas para la Convocatoria \u201cLa UNLu construye Memoria Colectiva\u00bb"},"content":{"rendered":"<p><img loading=\"lazy\" decoding=\"async\" class=\"alignnone size-full wp-image-153739\" src=\"https:\/\/noticiasmercedinas.com\/site\/wp-content\/uploads\/2025\/02\/UNLUPANUL.jpg\" alt=\"\" width=\"640\" height=\"480\" srcset=\"https:\/\/noticiasmercedinas.com\/site\/wp-content\/uploads\/2025\/02\/UNLUPANUL.jpg 640w, https:\/\/noticiasmercedinas.com\/site\/wp-content\/uploads\/2025\/02\/UNLUPANUL-300x225.jpg 300w, https:\/\/noticiasmercedinas.com\/site\/wp-content\/uploads\/2025\/02\/UNLUPANUL-80x60.jpg 80w, https:\/\/noticiasmercedinas.com\/site\/wp-content\/uploads\/2025\/02\/UNLUPANUL-160x120.jpg 160w, https:\/\/noticiasmercedinas.com\/site\/wp-content\/uploads\/2025\/02\/UNLUPANUL-100x75.jpg 100w, https:\/\/noticiasmercedinas.com\/site\/wp-content\/uploads\/2025\/02\/UNLUPANUL-200x150.jpg 200w, https:\/\/noticiasmercedinas.com\/site\/wp-content\/uploads\/2025\/02\/UNLUPANUL-180x135.jpg 180w, https:\/\/noticiasmercedinas.com\/site\/wp-content\/uploads\/2025\/02\/UNLUPANUL-360x270.jpg 360w, https:\/\/noticiasmercedinas.com\/site\/wp-content\/uploads\/2025\/02\/UNLUPANUL-238x178.jpg 238w, https:\/\/noticiasmercedinas.com\/site\/wp-content\/uploads\/2025\/02\/UNLUPANUL-476x356.jpg 476w\" sizes=\"auto, (max-width: 640px) 100vw, 640px\" \/><\/p>\n<p>La Universidad Nacional de Luj\u00e1n (UNLu) lleva a cabo la convocatoria \u00abLa UNLu construye Memoria Colectiva\u00bb, organizada por la Comisi\u00f3n Institucional para la preservaci\u00f3n de la Memoria, y dirigida a toda la comunidad universitaria.<\/p>\n<p>El objetivo de esta convocatoria es la presentaci\u00f3n de propuestas que se desarrollar\u00e1n en la semana del 25 al 28 de marzo, en todas las Sedes y Centros Regionales de la UNLu, en conmemoraci\u00f3n del D\u00eda de la Memoria por la Verdad y la Justicia del 24 de marzo.<br \/>\nLa inscripci\u00f3n para participar ya se encuentra abierta, y finalizar\u00e1 el 5 de marzo.<\/p>\n<p>El 24 de marzo es el D\u00eda Nacional de la Memoria por la Verdad y la Justicia en Argentina. Se conmemora en esta fecha a las v\u00edctimas de la \u00faltima dictadura c\u00edvico-militar (1976-1983) y se interpela a toda la sociedad bajo la consigna NUNCA M\u00c1S al terrorismo de Estado y a la violencia en nuestro pa\u00eds.<\/p>\n<p>Desde la Comisi\u00f3n Institucional, se afirm\u00f3 al respecto de esta Convocatoria que \u201cLa Memoria forma parte de nuestra identidad como colectivo, institucional, nacional, latinoamericano, y como instituci\u00f3n educativa nos interpela la pregunta respecto de \u00bfD\u00f3nde, c\u00f3mo y con qui\u00e9nes se construye memoria? Y, desde la Comisi\u00f3n Institucional para la preservaci\u00f3n de la Memoria de la Universidad Nacional de Luj\u00e1n, reflexionamos sobre cu\u00e1l ser\u00eda el lugar de nuestra Universidad en esa construcci\u00f3n colectiva\u201d.<\/p>\n<p>\u201cAsumimos que para llevar adelante este proceso, en tiempos donde todo parece ser veloz, inmediato y sin anclaje hist\u00f3rico, hace falta convocar la participaci\u00f3n de todos los actores de la Universidad, y a la comunidad de Luj\u00e1n en general\u201d, se\u00f1alaron.<\/p>\n<p>\u201cAsimismo entendemos que la multiplicidad de lenguajes art\u00edsticos, as\u00ed como tambi\u00e9n la amplitud de d\u00edas y horarios para participar, puede favorecer el encuentro entre generaciones, necesario para la transmisi\u00f3n y la construcci\u00f3n de la Memoria\u201d, concluyeron.<\/p>\n<p><img loading=\"lazy\" decoding=\"async\" class=\"alignnone size-full wp-image-153740\" src=\"https:\/\/noticiasmercedinas.com\/site\/wp-content\/uploads\/2025\/02\/24M-ConvocatoriaUNLuConstruyeMemoriaColectiva_Flyer640x800.jpg\" alt=\"\" width=\"640\" height=\"800\" srcset=\"https:\/\/noticiasmercedinas.com\/site\/wp-content\/uploads\/2025\/02\/24M-ConvocatoriaUNLuConstruyeMemoriaColectiva_Flyer640x800.jpg 640w, https:\/\/noticiasmercedinas.com\/site\/wp-content\/uploads\/2025\/02\/24M-ConvocatoriaUNLuConstruyeMemoriaColectiva_Flyer640x800-240x300.jpg 240w\" sizes=\"auto, (max-width: 640px) 100vw, 640px\" \/><\/p>\n","protected":false},"excerpt":{"rendered":"<p>La Universidad Nacional de Luj\u00e1n (UNLu) lleva a cabo la convocatoria \u00abLa UNLu construye Memoria Colectiva\u00bb, organizada por la Comisi\u00f3n Institucional para la preservaci\u00f3n de la Memoria, y dirigida a toda la comunidad universitaria. El objetivo de esta convocatoria es la presentaci\u00f3n de propuestas que se desarrollar\u00e1n en la semana del 25 al 28 de [&hellip;]<\/p>\n","protected":false},"author":16,"featured_media":153739,"comment_status":"closed","ping_status":"closed","sticky":false,"template":"","format":"standard","meta":{"footnotes":""},"categories":[139],"tags":[4013,40,699,116],"class_list":["post-153738","post","type-post","status-publish","format-standard","has-post-thumbnail","hentry","category-regionales","tag-24-de-marzo","tag-lujan","tag-memoria","tag-unlu"],"yoast_head":"<!-- This site is optimized with the Yoast SEO plugin v27.4 - https:\/\/yoast.com\/product\/yoast-seo-wordpress\/ -->\n<title>Invitan a presentar propuestas para la Convocatoria \u201cLa UNLu construye Memoria Colectiva&quot;<\/title>\n<meta name=\"robots\" content=\"index, follow, max-snippet:-1, max-image-preview:large, max-video-preview:-1\" \/>\n<link rel=\"canonical\" href=\"https:\/\/noticiasmercedinas.com\/site\/2025\/02\/18\/invitan-a-presentar-propuestas-para-la-convocatoria-la-unlu-construye-memoria-colectiva\/\" \/>\n<meta property=\"og:locale\" content=\"es_ES\" \/>\n<meta property=\"og:type\" content=\"article\" \/>\n<meta property=\"og:title\" content=\"Invitan a presentar propuestas para la Convocatoria \u201cLa UNLu construye Memoria Colectiva&quot;\" \/>\n<meta property=\"og:description\" content=\"La Universidad Nacional de Luj\u00e1n (UNLu) lleva a cabo la convocatoria \u00abLa UNLu construye Memoria Colectiva\u00bb, organizada por la Comisi\u00f3n Institucional para la preservaci\u00f3n de la Memoria, y dirigida a toda la comunidad universitaria. El objetivo de esta convocatoria es la presentaci\u00f3n de propuestas que se desarrollar\u00e1n en la semana del 25 al 28 de [&hellip;]\" \/>\n<meta property=\"og:url\" content=\"https:\/\/noticiasmercedinas.com\/site\/2025\/02\/18\/invitan-a-presentar-propuestas-para-la-convocatoria-la-unlu-construye-memoria-colectiva\/\" \/>\n<meta property=\"og:site_name\" content=\"NOTICIASMERCEDINAS.COM\" \/>\n<meta property=\"article:publisher\" content=\"https:\/\/www.facebook.com\/noticiasmercedinas\/\" \/>\n<meta property=\"article:published_time\" content=\"2025-02-18T22:56:35+00:00\" \/>\n<meta property=\"og:image\" content=\"https:\/\/noticiasmercedinas.com\/site\/wp-content\/uploads\/2025\/02\/UNLUPANUL.jpg\" \/>\n\t<meta property=\"og:image:width\" content=\"640\" \/>\n\t<meta property=\"og:image:height\" content=\"480\" \/>\n\t<meta property=\"og:image:type\" content=\"image\/jpeg\" \/>\n<meta name=\"author\" content=\"NOTICIASMERCEDINAS.COM\" \/>\n<meta name=\"twitter:card\" content=\"summary_large_image\" \/>\n<meta name=\"twitter:creator\" content=\"@notmercedinas\" \/>\n<meta name=\"twitter:site\" content=\"@notmercedinas\" \/>\n<meta name=\"twitter:label1\" content=\"Escrito por\" \/>\n\t<meta name=\"twitter:data1\" content=\"NOTICIASMERCEDINAS.COM\" \/>\n\t<meta name=\"twitter:label2\" content=\"Tiempo de lectura\" \/>\n\t<meta name=\"twitter:data2\" content=\"2 minutos\" \/>\n<script type=\"application\/ld+json\" class=\"yoast-schema-graph\">{\"@context\":\"https:\\\/\\\/schema.org\",\"@graph\":[{\"@type\":\"Article\",\"@id\":\"https:\\\/\\\/noticiasmercedinas.com\\\/site\\\/2025\\\/02\\\/18\\\/invitan-a-presentar-propuestas-para-la-convocatoria-la-unlu-construye-memoria-colectiva\\\/#article\",\"isPartOf\":{\"@id\":\"https:\\\/\\\/noticiasmercedinas.com\\\/site\\\/2025\\\/02\\\/18\\\/invitan-a-presentar-propuestas-para-la-convocatoria-la-unlu-construye-memoria-colectiva\\\/\"},\"author\":{\"name\":\"NOTICIASMERCEDINAS.COM\",\"@id\":\"https:\\\/\\\/noticiasmercedinas.com\\\/site\\\/#\\\/schema\\\/person\\\/84b59c099c28ff2e8b77d4ceec5d8063\"},\"headline\":\"Invitan a presentar propuestas para la Convocatoria \u201cLa UNLu construye Memoria Colectiva\u00bb\",\"datePublished\":\"2025-02-18T22:56:35+00:00\",\"mainEntityOfPage\":{\"@id\":\"https:\\\/\\\/noticiasmercedinas.com\\\/site\\\/2025\\\/02\\\/18\\\/invitan-a-presentar-propuestas-para-la-convocatoria-la-unlu-construye-memoria-colectiva\\\/\"},\"wordCount\":341,\"publisher\":{\"@id\":\"https:\\\/\\\/noticiasmercedinas.com\\\/site\\\/#organization\"},\"image\":{\"@id\":\"https:\\\/\\\/noticiasmercedinas.com\\\/site\\\/2025\\\/02\\\/18\\\/invitan-a-presentar-propuestas-para-la-convocatoria-la-unlu-construye-memoria-colectiva\\\/#primaryimage\"},\"thumbnailUrl\":\"https:\\\/\\\/noticiasmercedinas.com\\\/site\\\/wp-content\\\/uploads\\\/2025\\\/02\\\/UNLUPANUL.jpg\",\"keywords\":[\"24 de marzo\",\"lujan\",\"memoria\",\"unlu\"],\"articleSection\":[\"Regionales\"],\"inLanguage\":\"es\"},{\"@type\":\"WebPage\",\"@id\":\"https:\\\/\\\/noticiasmercedinas.com\\\/site\\\/2025\\\/02\\\/18\\\/invitan-a-presentar-propuestas-para-la-convocatoria-la-unlu-construye-memoria-colectiva\\\/\",\"url\":\"https:\\\/\\\/noticiasmercedinas.com\\\/site\\\/2025\\\/02\\\/18\\\/invitan-a-presentar-propuestas-para-la-convocatoria-la-unlu-construye-memoria-colectiva\\\/\",\"name\":\"Invitan a presentar propuestas para la Convocatoria \u201cLa UNLu construye Memoria Colectiva\\\"\",\"isPartOf\":{\"@id\":\"https:\\\/\\\/noticiasmercedinas.com\\\/site\\\/#website\"},\"primaryImageOfPage\":{\"@id\":\"https:\\\/\\\/noticiasmercedinas.com\\\/site\\\/2025\\\/02\\\/18\\\/invitan-a-presentar-propuestas-para-la-convocatoria-la-unlu-construye-memoria-colectiva\\\/#primaryimage\"},\"image\":{\"@id\":\"https:\\\/\\\/noticiasmercedinas.com\\\/site\\\/2025\\\/02\\\/18\\\/invitan-a-presentar-propuestas-para-la-convocatoria-la-unlu-construye-memoria-colectiva\\\/#primaryimage\"},\"thumbnailUrl\":\"https:\\\/\\\/noticiasmercedinas.com\\\/site\\\/wp-content\\\/uploads\\\/2025\\\/02\\\/UNLUPANUL.jpg\",\"datePublished\":\"2025-02-18T22:56:35+00:00\",\"breadcrumb\":{\"@id\":\"https:\\\/\\\/noticiasmercedinas.com\\\/site\\\/2025\\\/02\\\/18\\\/invitan-a-presentar-propuestas-para-la-convocatoria-la-unlu-construye-memoria-colectiva\\\/#breadcrumb\"},\"inLanguage\":\"es\",\"potentialAction\":[{\"@type\":\"ReadAction\",\"target\":[\"https:\\\/\\\/noticiasmercedinas.com\\\/site\\\/2025\\\/02\\\/18\\\/invitan-a-presentar-propuestas-para-la-convocatoria-la-unlu-construye-memoria-colectiva\\\/\"]}]},{\"@type\":\"ImageObject\",\"inLanguage\":\"es\",\"@id\":\"https:\\\/\\\/noticiasmercedinas.com\\\/site\\\/2025\\\/02\\\/18\\\/invitan-a-presentar-propuestas-para-la-convocatoria-la-unlu-construye-memoria-colectiva\\\/#primaryimage\",\"url\":\"https:\\\/\\\/noticiasmercedinas.com\\\/site\\\/wp-content\\\/uploads\\\/2025\\\/02\\\/UNLUPANUL.jpg\",\"contentUrl\":\"https:\\\/\\\/noticiasmercedinas.com\\\/site\\\/wp-content\\\/uploads\\\/2025\\\/02\\\/UNLUPANUL.jpg\",\"width\":640,\"height\":480},{\"@type\":\"BreadcrumbList\",\"@id\":\"https:\\\/\\\/noticiasmercedinas.com\\\/site\\\/2025\\\/02\\\/18\\\/invitan-a-presentar-propuestas-para-la-convocatoria-la-unlu-construye-memoria-colectiva\\\/#breadcrumb\",\"itemListElement\":[{\"@type\":\"ListItem\",\"position\":1,\"name\":\"Portada\",\"item\":\"https:\\\/\\\/noticiasmercedinas.com\\\/site\\\/\"},{\"@type\":\"ListItem\",\"position\":2,\"name\":\"Invitan a presentar propuestas para la Convocatoria \u201cLa UNLu construye Memoria Colectiva\u00bb\"}]},{\"@type\":\"WebSite\",\"@id\":\"https:\\\/\\\/noticiasmercedinas.com\\\/site\\\/#website\",\"url\":\"https:\\\/\\\/noticiasmercedinas.com\\\/site\\\/\",\"name\":\"NOTICIASMERCEDINAS.COM\",\"description\":\"Mercedes, Buenos Aires, Argentina\",\"publisher\":{\"@id\":\"https:\\\/\\\/noticiasmercedinas.com\\\/site\\\/#organization\"},\"potentialAction\":[{\"@type\":\"SearchAction\",\"target\":{\"@type\":\"EntryPoint\",\"urlTemplate\":\"https:\\\/\\\/noticiasmercedinas.com\\\/site\\\/?s={search_term_string}\"},\"query-input\":{\"@type\":\"PropertyValueSpecification\",\"valueRequired\":true,\"valueName\":\"search_term_string\"}}],\"inLanguage\":\"es\"},{\"@type\":\"Organization\",\"@id\":\"https:\\\/\\\/noticiasmercedinas.com\\\/site\\\/#organization\",\"name\":\"NOTICIASMERCEDINAS.COM\",\"url\":\"https:\\\/\\\/noticiasmercedinas.com\\\/site\\\/\",\"logo\":{\"@type\":\"ImageObject\",\"inLanguage\":\"es\",\"@id\":\"https:\\\/\\\/noticiasmercedinas.com\\\/site\\\/#\\\/schema\\\/logo\\\/image\\\/\",\"url\":\"https:\\\/\\\/noticiasmercedinas.com\\\/site\\\/wp-content\\\/uploads\\\/2020\\\/06\\\/LOGO-512.jpg\",\"contentUrl\":\"https:\\\/\\\/noticiasmercedinas.com\\\/site\\\/wp-content\\\/uploads\\\/2020\\\/06\\\/LOGO-512.jpg\",\"width\":512,\"height\":512,\"caption\":\"NOTICIASMERCEDINAS.COM\"},\"image\":{\"@id\":\"https:\\\/\\\/noticiasmercedinas.com\\\/site\\\/#\\\/schema\\\/logo\\\/image\\\/\"},\"sameAs\":[\"https:\\\/\\\/www.facebook.com\\\/noticiasmercedinas\\\/\",\"https:\\\/\\\/x.com\\\/notmercedinas\",\"https:\\\/\\\/www.instagram.com\\\/noticiasmercedinas\\\/\"]},{\"@type\":\"Person\",\"@id\":\"https:\\\/\\\/noticiasmercedinas.com\\\/site\\\/#\\\/schema\\\/person\\\/84b59c099c28ff2e8b77d4ceec5d8063\",\"name\":\"NOTICIASMERCEDINAS.COM\",\"image\":{\"@type\":\"ImageObject\",\"inLanguage\":\"es\",\"@id\":\"https:\\\/\\\/secure.gravatar.com\\\/avatar\\\/4dfbf16b4d17945bfb6341b2d19043457132fcf478a5ee04f42e959fd8f5df0a?s=96&d=mm&r=g\",\"url\":\"https:\\\/\\\/secure.gravatar.com\\\/avatar\\\/4dfbf16b4d17945bfb6341b2d19043457132fcf478a5ee04f42e959fd8f5df0a?s=96&d=mm&r=g\",\"contentUrl\":\"https:\\\/\\\/secure.gravatar.com\\\/avatar\\\/4dfbf16b4d17945bfb6341b2d19043457132fcf478a5ee04f42e959fd8f5df0a?s=96&d=mm&r=g\",\"caption\":\"NOTICIASMERCEDINAS.COM\"},\"url\":\"https:\\\/\\\/noticiasmercedinas.com\\\/site\\\/author\\\/anonimo\\\/\"}]}<\/script>\n<!-- \/ Yoast SEO plugin. -->","yoast_head_json":{"title":"Invitan a presentar propuestas para la Convocatoria \u201cLa UNLu construye Memoria Colectiva\"","robots":{"index":"index","follow":"follow","max-snippet":"max-snippet:-1","max-image-preview":"max-image-preview:large","max-video-preview":"max-video-preview:-1"},"canonical":"https:\/\/noticiasmercedinas.com\/site\/2025\/02\/18\/invitan-a-presentar-propuestas-para-la-convocatoria-la-unlu-construye-memoria-colectiva\/","og_locale":"es_ES","og_type":"article","og_title":"Invitan a presentar propuestas para la Convocatoria \u201cLa UNLu construye Memoria Colectiva\"","og_description":"La Universidad Nacional de Luj\u00e1n (UNLu) lleva a cabo la convocatoria \u00abLa UNLu construye Memoria Colectiva\u00bb, organizada por la Comisi\u00f3n Institucional para la preservaci\u00f3n de la Memoria, y dirigida a toda la comunidad universitaria. El objetivo de esta convocatoria es la presentaci\u00f3n de propuestas que se desarrollar\u00e1n en la semana del 25 al 28 de [&hellip;]","og_url":"https:\/\/noticiasmercedinas.com\/site\/2025\/02\/18\/invitan-a-presentar-propuestas-para-la-convocatoria-la-unlu-construye-memoria-colectiva\/","og_site_name":"NOTICIASMERCEDINAS.COM","article_publisher":"https:\/\/www.facebook.com\/noticiasmercedinas\/","article_published_time":"2025-02-18T22:56:35+00:00","og_image":[{"width":640,"height":480,"url":"https:\/\/noticiasmercedinas.com\/site\/wp-content\/uploads\/2025\/02\/UNLUPANUL.jpg","type":"image\/jpeg"}],"author":"NOTICIASMERCEDINAS.COM","twitter_card":"summary_large_image","twitter_creator":"@notmercedinas","twitter_site":"@notmercedinas","twitter_misc":{"Escrito por":"NOTICIASMERCEDINAS.COM","Tiempo de lectura":"2 minutos"},"schema":{"@context":"https:\/\/schema.org","@graph":[{"@type":"Article","@id":"https:\/\/noticiasmercedinas.com\/site\/2025\/02\/18\/invitan-a-presentar-propuestas-para-la-convocatoria-la-unlu-construye-memoria-colectiva\/#article","isPartOf":{"@id":"https:\/\/noticiasmercedinas.com\/site\/2025\/02\/18\/invitan-a-presentar-propuestas-para-la-convocatoria-la-unlu-construye-memoria-colectiva\/"},"author":{"name":"NOTICIASMERCEDINAS.COM","@id":"https:\/\/noticiasmercedinas.com\/site\/#\/schema\/person\/84b59c099c28ff2e8b77d4ceec5d8063"},"headline":"Invitan a presentar propuestas para la Convocatoria \u201cLa UNLu construye Memoria Colectiva\u00bb","datePublished":"2025-02-18T22:56:35+00:00","mainEntityOfPage":{"@id":"https:\/\/noticiasmercedinas.com\/site\/2025\/02\/18\/invitan-a-presentar-propuestas-para-la-convocatoria-la-unlu-construye-memoria-colectiva\/"},"wordCount":341,"publisher":{"@id":"https:\/\/noticiasmercedinas.com\/site\/#organization"},"image":{"@id":"https:\/\/noticiasmercedinas.com\/site\/2025\/02\/18\/invitan-a-presentar-propuestas-para-la-convocatoria-la-unlu-construye-memoria-colectiva\/#primaryimage"},"thumbnailUrl":"https:\/\/noticiasmercedinas.com\/site\/wp-content\/uploads\/2025\/02\/UNLUPANUL.jpg","keywords":["24 de marzo","lujan","memoria","unlu"],"articleSection":["Regionales"],"inLanguage":"es"},{"@type":"WebPage","@id":"https:\/\/noticiasmercedinas.com\/site\/2025\/02\/18\/invitan-a-presentar-propuestas-para-la-convocatoria-la-unlu-construye-memoria-colectiva\/","url":"https:\/\/noticiasmercedinas.com\/site\/2025\/02\/18\/invitan-a-presentar-propuestas-para-la-convocatoria-la-unlu-construye-memoria-colectiva\/","name":"Invitan a presentar propuestas para la Convocatoria \u201cLa UNLu construye Memoria Colectiva\"","isPartOf":{"@id":"https:\/\/noticiasmercedinas.com\/site\/#website"},"primaryImageOfPage":{"@id":"https:\/\/noticiasmercedinas.com\/site\/2025\/02\/18\/invitan-a-presentar-propuestas-para-la-convocatoria-la-unlu-construye-memoria-colectiva\/#primaryimage"},"image":{"@id":"https:\/\/noticiasmercedinas.com\/site\/2025\/02\/18\/invitan-a-presentar-propuestas-para-la-convocatoria-la-unlu-construye-memoria-colectiva\/#primaryimage"},"thumbnailUrl":"https:\/\/noticiasmercedinas.com\/site\/wp-content\/uploads\/2025\/02\/UNLUPANUL.jpg","datePublished":"2025-02-18T22:56:35+00:00","breadcrumb":{"@id":"https:\/\/noticiasmercedinas.com\/site\/2025\/02\/18\/invitan-a-presentar-propuestas-para-la-convocatoria-la-unlu-construye-memoria-colectiva\/#breadcrumb"},"inLanguage":"es","potentialAction":[{"@type":"ReadAction","target":["https:\/\/noticiasmercedinas.com\/site\/2025\/02\/18\/invitan-a-presentar-propuestas-para-la-convocatoria-la-unlu-construye-memoria-colectiva\/"]}]},{"@type":"ImageObject","inLanguage":"es","@id":"https:\/\/noticiasmercedinas.com\/site\/2025\/02\/18\/invitan-a-presentar-propuestas-para-la-convocatoria-la-unlu-construye-memoria-colectiva\/#primaryimage","url":"https:\/\/noticiasmercedinas.com\/site\/wp-content\/uploads\/2025\/02\/UNLUPANUL.jpg","contentUrl":"https:\/\/noticiasmercedinas.com\/site\/wp-content\/uploads\/2025\/02\/UNLUPANUL.jpg","width":640,"height":480},{"@type":"BreadcrumbList","@id":"https:\/\/noticiasmercedinas.com\/site\/2025\/02\/18\/invitan-a-presentar-propuestas-para-la-convocatoria-la-unlu-construye-memoria-colectiva\/#breadcrumb","itemListElement":[{"@type":"ListItem","position":1,"name":"Portada","item":"https:\/\/noticiasmercedinas.com\/site\/"},{"@type":"ListItem","position":2,"name":"Invitan a presentar propuestas para la Convocatoria \u201cLa UNLu construye Memoria Colectiva\u00bb"}]},{"@type":"WebSite","@id":"https:\/\/noticiasmercedinas.com\/site\/#website","url":"https:\/\/noticiasmercedinas.com\/site\/","name":"NOTICIASMERCEDINAS.COM","description":"Mercedes, Buenos Aires, Argentina","publisher":{"@id":"https:\/\/noticiasmercedinas.com\/site\/#organization"},"potentialAction":[{"@type":"SearchAction","target":{"@type":"EntryPoint","urlTemplate":"https:\/\/noticiasmercedinas.com\/site\/?s={search_term_string}"},"query-input":{"@type":"PropertyValueSpecification","valueRequired":true,"valueName":"search_term_string"}}],"inLanguage":"es"},{"@type":"Organization","@id":"https:\/\/noticiasmercedinas.com\/site\/#organization","name":"NOTICIASMERCEDINAS.COM","url":"https:\/\/noticiasmercedinas.com\/site\/","logo":{"@type":"ImageObject","inLanguage":"es","@id":"https:\/\/noticiasmercedinas.com\/site\/#\/schema\/logo\/image\/","url":"https:\/\/noticiasmercedinas.com\/site\/wp-content\/uploads\/2020\/06\/LOGO-512.jpg","contentUrl":"https:\/\/noticiasmercedinas.com\/site\/wp-content\/uploads\/2020\/06\/LOGO-512.jpg","width":512,"height":512,"caption":"NOTICIASMERCEDINAS.COM"},"image":{"@id":"https:\/\/noticiasmercedinas.com\/site\/#\/schema\/logo\/image\/"},"sameAs":["https:\/\/www.facebook.com\/noticiasmercedinas\/","https:\/\/x.com\/notmercedinas","https:\/\/www.instagram.com\/noticiasmercedinas\/"]},{"@type":"Person","@id":"https:\/\/noticiasmercedinas.com\/site\/#\/schema\/person\/84b59c099c28ff2e8b77d4ceec5d8063","name":"NOTICIASMERCEDINAS.COM","image":{"@type":"ImageObject","inLanguage":"es","@id":"https:\/\/secure.gravatar.com\/avatar\/4dfbf16b4d17945bfb6341b2d19043457132fcf478a5ee04f42e959fd8f5df0a?s=96&d=mm&r=g","url":"https:\/\/secure.gravatar.com\/avatar\/4dfbf16b4d17945bfb6341b2d19043457132fcf478a5ee04f42e959fd8f5df0a?s=96&d=mm&r=g","contentUrl":"https:\/\/secure.gravatar.com\/avatar\/4dfbf16b4d17945bfb6341b2d19043457132fcf478a5ee04f42e959fd8f5df0a?s=96&d=mm&r=g","caption":"NOTICIASMERCEDINAS.COM"},"url":"https:\/\/noticiasmercedinas.com\/site\/author\/anonimo\/"}]}},"amp_enabled":true,"_links":{"self":[{"href":"https:\/\/noticiasmercedinas.com\/site\/wp-json\/wp\/v2\/posts\/153738","targetHints":{"allow":["GET"]}}],"collection":[{"href":"https:\/\/noticiasmercedinas.com\/site\/wp-json\/wp\/v2\/posts"}],"about":[{"href":"https:\/\/noticiasmercedinas.com\/site\/wp-json\/wp\/v2\/types\/post"}],"author":[{"embeddable":true,"href":"https:\/\/noticiasmercedinas.com\/site\/wp-json\/wp\/v2\/users\/16"}],"replies":[{"embeddable":true,"href":"https:\/\/noticiasmercedinas.com\/site\/wp-json\/wp\/v2\/comments?post=153738"}],"version-history":[{"count":1,"href":"https:\/\/noticiasmercedinas.com\/site\/wp-json\/wp\/v2\/posts\/153738\/revisions"}],"predecessor-version":[{"id":153741,"href":"https:\/\/noticiasmercedinas.com\/site\/wp-json\/wp\/v2\/posts\/153738\/revisions\/153741"}],"wp:featuredmedia":[{"embeddable":true,"href":"https:\/\/noticiasmercedinas.com\/site\/wp-json\/wp\/v2\/media\/153739"}],"wp:attachment":[{"href":"https:\/\/noticiasmercedinas.com\/site\/wp-json\/wp\/v2\/media?parent=153738"}],"wp:term":[{"taxonomy":"category","embeddable":true,"href":"https:\/\/noticiasmercedinas.com\/site\/wp-json\/wp\/v2\/categories?post=153738"},{"taxonomy":"post_tag","embeddable":true,"href":"https:\/\/noticiasmercedinas.com\/site\/wp-json\/wp\/v2\/tags?post=153738"}],"curies":[{"name":"wp","href":"https:\/\/api.w.org\/{rel}","templated":true}]}}