{"id":153839,"date":"2025-02-20T14:00:15","date_gmt":"2025-02-20T17:00:15","guid":{"rendered":"https:\/\/noticiasmercedinas.com\/site\/?p=153839"},"modified":"2025-02-20T14:32:09","modified_gmt":"2025-02-20T17:32:09","slug":"miguel-pastorini-rechazo-la-posible-conversion-del-banco-nacion-en-sociedad-anonima-y-cuestiono-la-represion-a-jubilados","status":"publish","type":"post","link":"https:\/\/noticiasmercedinas.com\/site\/2025\/02\/20\/miguel-pastorini-rechazo-la-posible-conversion-del-banco-nacion-en-sociedad-anonima-y-cuestiono-la-represion-a-jubilados\/","title":{"rendered":"Miguel Pastorini rechaz\u00f3 la posible conversi\u00f3n del Banco Naci\u00f3n en sociedad an\u00f3nima y cuestion\u00f3 la represi\u00f3n a jubilados"},"content":{"rendered":"<p><img loading=\"lazy\" decoding=\"async\" class=\"alignnone size-full wp-image-4598\" src=\"https:\/\/noticiasmercedinas.com\/site\/wp-content\/uploads\/2018\/10\/miguelpastorinimaxresdefault.jpg\" alt=\"\" width=\"640\" height=\"383\" srcset=\"https:\/\/noticiasmercedinas.com\/site\/wp-content\/uploads\/2018\/10\/miguelpastorinimaxresdefault.jpg 640w, https:\/\/noticiasmercedinas.com\/site\/wp-content\/uploads\/2018\/10\/miguelpastorinimaxresdefault-300x180.jpg 300w\" sizes=\"auto, (max-width: 640px) 100vw, 640px\" \/><\/p>\n<p>El dirigente gremial <strong>Miguel Pastorini<\/strong>, de La Bancaria, manifest\u00f3 su rechazo a la posible conversi\u00f3n del Banco Naci\u00f3n en una sociedad an\u00f3nima, medida que, seg\u00fan afirm\u00f3, busca implementar el gobierno nacional mediante un decreto emitido \u201centre gallos y medianoche\u201d.<\/p>\n<p>En di\u00e1logo con este medio, Pastorini calific\u00f3 la medida de \u201cdudosa legalidad\u201d y destac\u00f3 que solo ser\u00eda posible por facultades que le puede dar la Ley Bases.<\/p>\n<p><strong>Con los jubilados<\/strong><\/p>\n<p>Pastorini por otra parte anunci\u00f3 que, en Mercedes, se llevar\u00e1 adelante una campa\u00f1a de recolecci\u00f3n de firmas para expresar apoyo a la gratuita distribuci\u00f3n de medicamentos para los adultos mayores por parte del PAMI.<\/p>\n<p>En ese sentido el dirigente expres\u00f3 su preocupaci\u00f3n por la reciente represi\u00f3n sufrida por jubilados y jubiladas, destacando que la CGT regional est\u00e1 trabajando en defensa de sus derechos. \u201cSe abri\u00f3 una campa\u00f1a nacional de firmas por la gratuidad de los medicamentos y hay un amparo en Tucum\u00e1n que tuvo eco sobre este tema\u201d, indic\u00f3.<\/p>\n<p>Asimismo, Pastorini mencion\u00f3 que se est\u00e1n evaluando las nuevas reglamentaciones de PAMI y su impacto en la salud de los jubilados. \u201cEstamos trabajando como CGT local en defensa de ellos\u201d, subray\u00f3.<\/p>\n<p>Finalmente, ratific\u00f3 la resistencia de La Bancaria frente a cualquier intento de modificar el estatus del Banco Naci\u00f3n.<\/p>\n","protected":false},"excerpt":{"rendered":"<p>\u25a0 El dirigente de La Bancaria cuestion\u00f3 duramente la medida que busca implementar el gobierno nacional mediante un decreto emitido \u201centre gallos y medianoche\u201d.<\/p>\n","protected":false},"author":16,"featured_media":2107,"comment_status":"closed","ping_status":"closed","sticky":false,"template":"","format":"standard","meta":{"footnotes":""},"categories":[3],"tags":[2354,851,19651],"class_list":["post-153839","post","type-post","status-publish","format-standard","has-post-thumbnail","hentry","category-sociedad","tag-banco-nacion","tag-miguel-pastorini","tag-sociedad-anonima"],"yoast_head":"<!-- This site is optimized with the Yoast SEO plugin v27.4 - https:\/\/yoast.com\/product\/yoast-seo-wordpress\/ -->\n<title>Miguel Pastorini rechaz\u00f3 la posible conversi\u00f3n del Banco Naci\u00f3n en sociedad an\u00f3nima y cuestion\u00f3 la represi\u00f3n a jubilados<\/title>\n<meta name=\"robots\" content=\"index, follow, max-snippet:-1, max-image-preview:large, max-video-preview:-1\" \/>\n<link rel=\"canonical\" href=\"https:\/\/noticiasmercedinas.com\/site\/2025\/02\/20\/miguel-pastorini-rechazo-la-posible-conversion-del-banco-nacion-en-sociedad-anonima-y-cuestiono-la-represion-a-jubilados\/\" \/>\n<meta property=\"og:locale\" content=\"es_ES\" \/>\n<meta property=\"og:type\" content=\"article\" \/>\n<meta property=\"og:title\" content=\"Miguel Pastorini rechaz\u00f3 la posible conversi\u00f3n del Banco Naci\u00f3n en sociedad an\u00f3nima y cuestion\u00f3 la represi\u00f3n a jubilados\" \/>\n<meta property=\"og:description\" content=\"\u25a0 El dirigente de La Bancaria cuestion\u00f3 duramente la medida que busca implementar el gobierno nacional mediante un decreto emitido \u201centre gallos y medianoche\u201d.\" \/>\n<meta property=\"og:url\" content=\"https:\/\/noticiasmercedinas.com\/site\/2025\/02\/20\/miguel-pastorini-rechazo-la-posible-conversion-del-banco-nacion-en-sociedad-anonima-y-cuestiono-la-represion-a-jubilados\/\" \/>\n<meta property=\"og:site_name\" content=\"NOTICIASMERCEDINAS.COM\" \/>\n<meta property=\"article:publisher\" content=\"https:\/\/www.facebook.com\/noticiasmercedinas\/\" \/>\n<meta property=\"article:published_time\" content=\"2025-02-20T17:00:15+00:00\" \/>\n<meta property=\"article:modified_time\" content=\"2025-02-20T17:32:09+00:00\" \/>\n<meta property=\"og:image\" content=\"https:\/\/noticiasmercedinas.com\/site\/wp-content\/uploads\/2018\/09\/miguelpastorinimaxresdefault.jpg\" \/>\n\t<meta property=\"og:image:width\" content=\"650\" \/>\n\t<meta property=\"og:image:height\" content=\"388\" \/>\n\t<meta property=\"og:image:type\" content=\"image\/jpeg\" \/>\n<meta name=\"author\" content=\"NOTICIASMERCEDINAS.COM\" \/>\n<meta name=\"twitter:card\" content=\"summary_large_image\" \/>\n<meta name=\"twitter:creator\" content=\"@notmercedinas\" \/>\n<meta name=\"twitter:site\" content=\"@notmercedinas\" \/>\n<meta name=\"twitter:label1\" content=\"Escrito por\" \/>\n\t<meta name=\"twitter:data1\" content=\"NOTICIASMERCEDINAS.COM\" \/>\n\t<meta name=\"twitter:label2\" content=\"Tiempo de lectura\" \/>\n\t<meta name=\"twitter:data2\" content=\"1 minuto\" \/>\n<script type=\"application\/ld+json\" class=\"yoast-schema-graph\">{\"@context\":\"https:\\\/\\\/schema.org\",\"@graph\":[{\"@type\":\"Article\",\"@id\":\"https:\\\/\\\/noticiasmercedinas.com\\\/site\\\/2025\\\/02\\\/20\\\/miguel-pastorini-rechazo-la-posible-conversion-del-banco-nacion-en-sociedad-anonima-y-cuestiono-la-represion-a-jubilados\\\/#article\",\"isPartOf\":{\"@id\":\"https:\\\/\\\/noticiasmercedinas.com\\\/site\\\/2025\\\/02\\\/20\\\/miguel-pastorini-rechazo-la-posible-conversion-del-banco-nacion-en-sociedad-anonima-y-cuestiono-la-represion-a-jubilados\\\/\"},\"author\":{\"name\":\"NOTICIASMERCEDINAS.COM\",\"@id\":\"https:\\\/\\\/noticiasmercedinas.com\\\/site\\\/#\\\/schema\\\/person\\\/84b59c099c28ff2e8b77d4ceec5d8063\"},\"headline\":\"Miguel Pastorini rechaz\u00f3 la posible conversi\u00f3n del Banco Naci\u00f3n en sociedad an\u00f3nima y cuestion\u00f3 la represi\u00f3n a jubilados\",\"datePublished\":\"2025-02-20T17:00:15+00:00\",\"dateModified\":\"2025-02-20T17:32:09+00:00\",\"mainEntityOfPage\":{\"@id\":\"https:\\\/\\\/noticiasmercedinas.com\\\/site\\\/2025\\\/02\\\/20\\\/miguel-pastorini-rechazo-la-posible-conversion-del-banco-nacion-en-sociedad-anonima-y-cuestiono-la-represion-a-jubilados\\\/\"},\"wordCount\":244,\"publisher\":{\"@id\":\"https:\\\/\\\/noticiasmercedinas.com\\\/site\\\/#organization\"},\"image\":{\"@id\":\"https:\\\/\\\/noticiasmercedinas.com\\\/site\\\/2025\\\/02\\\/20\\\/miguel-pastorini-rechazo-la-posible-conversion-del-banco-nacion-en-sociedad-anonima-y-cuestiono-la-represion-a-jubilados\\\/#primaryimage\"},\"thumbnailUrl\":\"https:\\\/\\\/noticiasmercedinas.com\\\/site\\\/wp-content\\\/uploads\\\/2018\\\/09\\\/miguelpastorinimaxresdefault.jpg\",\"keywords\":[\"banco nacion\",\"miguel pastorini\",\"sociedad an\u00f3nima\"],\"articleSection\":[\"Sociedad\"],\"inLanguage\":\"es\"},{\"@type\":\"WebPage\",\"@id\":\"https:\\\/\\\/noticiasmercedinas.com\\\/site\\\/2025\\\/02\\\/20\\\/miguel-pastorini-rechazo-la-posible-conversion-del-banco-nacion-en-sociedad-anonima-y-cuestiono-la-represion-a-jubilados\\\/\",\"url\":\"https:\\\/\\\/noticiasmercedinas.com\\\/site\\\/2025\\\/02\\\/20\\\/miguel-pastorini-rechazo-la-posible-conversion-del-banco-nacion-en-sociedad-anonima-y-cuestiono-la-represion-a-jubilados\\\/\",\"name\":\"Miguel Pastorini rechaz\u00f3 la posible conversi\u00f3n del Banco Naci\u00f3n en sociedad an\u00f3nima y cuestion\u00f3 la represi\u00f3n a jubilados\",\"isPartOf\":{\"@id\":\"https:\\\/\\\/noticiasmercedinas.com\\\/site\\\/#website\"},\"primaryImageOfPage\":{\"@id\":\"https:\\\/\\\/noticiasmercedinas.com\\\/site\\\/2025\\\/02\\\/20\\\/miguel-pastorini-rechazo-la-posible-conversion-del-banco-nacion-en-sociedad-anonima-y-cuestiono-la-represion-a-jubilados\\\/#primaryimage\"},\"image\":{\"@id\":\"https:\\\/\\\/noticiasmercedinas.com\\\/site\\\/2025\\\/02\\\/20\\\/miguel-pastorini-rechazo-la-posible-conversion-del-banco-nacion-en-sociedad-anonima-y-cuestiono-la-represion-a-jubilados\\\/#primaryimage\"},\"thumbnailUrl\":\"https:\\\/\\\/noticiasmercedinas.com\\\/site\\\/wp-content\\\/uploads\\\/2018\\\/09\\\/miguelpastorinimaxresdefault.jpg\",\"datePublished\":\"2025-02-20T17:00:15+00:00\",\"dateModified\":\"2025-02-20T17:32:09+00:00\",\"breadcrumb\":{\"@id\":\"https:\\\/\\\/noticiasmercedinas.com\\\/site\\\/2025\\\/02\\\/20\\\/miguel-pastorini-rechazo-la-posible-conversion-del-banco-nacion-en-sociedad-anonima-y-cuestiono-la-represion-a-jubilados\\\/#breadcrumb\"},\"inLanguage\":\"es\",\"potentialAction\":[{\"@type\":\"ReadAction\",\"target\":[\"https:\\\/\\\/noticiasmercedinas.com\\\/site\\\/2025\\\/02\\\/20\\\/miguel-pastorini-rechazo-la-posible-conversion-del-banco-nacion-en-sociedad-anonima-y-cuestiono-la-represion-a-jubilados\\\/\"]}]},{\"@type\":\"ImageObject\",\"inLanguage\":\"es\",\"@id\":\"https:\\\/\\\/noticiasmercedinas.com\\\/site\\\/2025\\\/02\\\/20\\\/miguel-pastorini-rechazo-la-posible-conversion-del-banco-nacion-en-sociedad-anonima-y-cuestiono-la-represion-a-jubilados\\\/#primaryimage\",\"url\":\"https:\\\/\\\/noticiasmercedinas.com\\\/site\\\/wp-content\\\/uploads\\\/2018\\\/09\\\/miguelpastorinimaxresdefault.jpg\",\"contentUrl\":\"https:\\\/\\\/noticiasmercedinas.com\\\/site\\\/wp-content\\\/uploads\\\/2018\\\/09\\\/miguelpastorinimaxresdefault.jpg\",\"width\":650,\"height\":388},{\"@type\":\"BreadcrumbList\",\"@id\":\"https:\\\/\\\/noticiasmercedinas.com\\\/site\\\/2025\\\/02\\\/20\\\/miguel-pastorini-rechazo-la-posible-conversion-del-banco-nacion-en-sociedad-anonima-y-cuestiono-la-represion-a-jubilados\\\/#breadcrumb\",\"itemListElement\":[{\"@type\":\"ListItem\",\"position\":1,\"name\":\"Portada\",\"item\":\"https:\\\/\\\/noticiasmercedinas.com\\\/site\\\/\"},{\"@type\":\"ListItem\",\"position\":2,\"name\":\"Miguel Pastorini rechaz\u00f3 la posible conversi\u00f3n del Banco Naci\u00f3n en sociedad an\u00f3nima y cuestion\u00f3 la represi\u00f3n a jubilados\"}]},{\"@type\":\"WebSite\",\"@id\":\"https:\\\/\\\/noticiasmercedinas.com\\\/site\\\/#website\",\"url\":\"https:\\\/\\\/noticiasmercedinas.com\\\/site\\\/\",\"name\":\"NOTICIASMERCEDINAS.COM\",\"description\":\"Mercedes, Buenos Aires, Argentina\",\"publisher\":{\"@id\":\"https:\\\/\\\/noticiasmercedinas.com\\\/site\\\/#organization\"},\"potentialAction\":[{\"@type\":\"SearchAction\",\"target\":{\"@type\":\"EntryPoint\",\"urlTemplate\":\"https:\\\/\\\/noticiasmercedinas.com\\\/site\\\/?s={search_term_string}\"},\"query-input\":{\"@type\":\"PropertyValueSpecification\",\"valueRequired\":true,\"valueName\":\"search_term_string\"}}],\"inLanguage\":\"es\"},{\"@type\":\"Organization\",\"@id\":\"https:\\\/\\\/noticiasmercedinas.com\\\/site\\\/#organization\",\"name\":\"NOTICIASMERCEDINAS.COM\",\"url\":\"https:\\\/\\\/noticiasmercedinas.com\\\/site\\\/\",\"logo\":{\"@type\":\"ImageObject\",\"inLanguage\":\"es\",\"@id\":\"https:\\\/\\\/noticiasmercedinas.com\\\/site\\\/#\\\/schema\\\/logo\\\/image\\\/\",\"url\":\"https:\\\/\\\/noticiasmercedinas.com\\\/site\\\/wp-content\\\/uploads\\\/2020\\\/06\\\/LOGO-512.jpg\",\"contentUrl\":\"https:\\\/\\\/noticiasmercedinas.com\\\/site\\\/wp-content\\\/uploads\\\/2020\\\/06\\\/LOGO-512.jpg\",\"width\":512,\"height\":512,\"caption\":\"NOTICIASMERCEDINAS.COM\"},\"image\":{\"@id\":\"https:\\\/\\\/noticiasmercedinas.com\\\/site\\\/#\\\/schema\\\/logo\\\/image\\\/\"},\"sameAs\":[\"https:\\\/\\\/www.facebook.com\\\/noticiasmercedinas\\\/\",\"https:\\\/\\\/x.com\\\/notmercedinas\",\"https:\\\/\\\/www.instagram.com\\\/noticiasmercedinas\\\/\"]},{\"@type\":\"Person\",\"@id\":\"https:\\\/\\\/noticiasmercedinas.com\\\/site\\\/#\\\/schema\\\/person\\\/84b59c099c28ff2e8b77d4ceec5d8063\",\"name\":\"NOTICIASMERCEDINAS.COM\",\"image\":{\"@type\":\"ImageObject\",\"inLanguage\":\"es\",\"@id\":\"https:\\\/\\\/secure.gravatar.com\\\/avatar\\\/4dfbf16b4d17945bfb6341b2d19043457132fcf478a5ee04f42e959fd8f5df0a?s=96&d=mm&r=g\",\"url\":\"https:\\\/\\\/secure.gravatar.com\\\/avatar\\\/4dfbf16b4d17945bfb6341b2d19043457132fcf478a5ee04f42e959fd8f5df0a?s=96&d=mm&r=g\",\"contentUrl\":\"https:\\\/\\\/secure.gravatar.com\\\/avatar\\\/4dfbf16b4d17945bfb6341b2d19043457132fcf478a5ee04f42e959fd8f5df0a?s=96&d=mm&r=g\",\"caption\":\"NOTICIASMERCEDINAS.COM\"},\"url\":\"https:\\\/\\\/noticiasmercedinas.com\\\/site\\\/author\\\/anonimo\\\/\"}]}<\/script>\n<!-- \/ Yoast SEO plugin. -->","yoast_head_json":{"title":"Miguel Pastorini rechaz\u00f3 la posible conversi\u00f3n del Banco Naci\u00f3n en sociedad an\u00f3nima y cuestion\u00f3 la represi\u00f3n a jubilados","robots":{"index":"index","follow":"follow","max-snippet":"max-snippet:-1","max-image-preview":"max-image-preview:large","max-video-preview":"max-video-preview:-1"},"canonical":"https:\/\/noticiasmercedinas.com\/site\/2025\/02\/20\/miguel-pastorini-rechazo-la-posible-conversion-del-banco-nacion-en-sociedad-anonima-y-cuestiono-la-represion-a-jubilados\/","og_locale":"es_ES","og_type":"article","og_title":"Miguel Pastorini rechaz\u00f3 la posible conversi\u00f3n del Banco Naci\u00f3n en sociedad an\u00f3nima y cuestion\u00f3 la represi\u00f3n a jubilados","og_description":"\u25a0 El dirigente de La Bancaria cuestion\u00f3 duramente la medida que busca implementar el gobierno nacional mediante un decreto emitido \u201centre gallos y medianoche\u201d.","og_url":"https:\/\/noticiasmercedinas.com\/site\/2025\/02\/20\/miguel-pastorini-rechazo-la-posible-conversion-del-banco-nacion-en-sociedad-anonima-y-cuestiono-la-represion-a-jubilados\/","og_site_name":"NOTICIASMERCEDINAS.COM","article_publisher":"https:\/\/www.facebook.com\/noticiasmercedinas\/","article_published_time":"2025-02-20T17:00:15+00:00","article_modified_time":"2025-02-20T17:32:09+00:00","og_image":[{"width":650,"height":388,"url":"https:\/\/noticiasmercedinas.com\/site\/wp-content\/uploads\/2018\/09\/miguelpastorinimaxresdefault.jpg","type":"image\/jpeg"}],"author":"NOTICIASMERCEDINAS.COM","twitter_card":"summary_large_image","twitter_creator":"@notmercedinas","twitter_site":"@notmercedinas","twitter_misc":{"Escrito por":"NOTICIASMERCEDINAS.COM","Tiempo de lectura":"1 minuto"},"schema":{"@context":"https:\/\/schema.org","@graph":[{"@type":"Article","@id":"https:\/\/noticiasmercedinas.com\/site\/2025\/02\/20\/miguel-pastorini-rechazo-la-posible-conversion-del-banco-nacion-en-sociedad-anonima-y-cuestiono-la-represion-a-jubilados\/#article","isPartOf":{"@id":"https:\/\/noticiasmercedinas.com\/site\/2025\/02\/20\/miguel-pastorini-rechazo-la-posible-conversion-del-banco-nacion-en-sociedad-anonima-y-cuestiono-la-represion-a-jubilados\/"},"author":{"name":"NOTICIASMERCEDINAS.COM","@id":"https:\/\/noticiasmercedinas.com\/site\/#\/schema\/person\/84b59c099c28ff2e8b77d4ceec5d8063"},"headline":"Miguel Pastorini rechaz\u00f3 la posible conversi\u00f3n del Banco Naci\u00f3n en sociedad an\u00f3nima y cuestion\u00f3 la represi\u00f3n a jubilados","datePublished":"2025-02-20T17:00:15+00:00","dateModified":"2025-02-20T17:32:09+00:00","mainEntityOfPage":{"@id":"https:\/\/noticiasmercedinas.com\/site\/2025\/02\/20\/miguel-pastorini-rechazo-la-posible-conversion-del-banco-nacion-en-sociedad-anonima-y-cuestiono-la-represion-a-jubilados\/"},"wordCount":244,"publisher":{"@id":"https:\/\/noticiasmercedinas.com\/site\/#organization"},"image":{"@id":"https:\/\/noticiasmercedinas.com\/site\/2025\/02\/20\/miguel-pastorini-rechazo-la-posible-conversion-del-banco-nacion-en-sociedad-anonima-y-cuestiono-la-represion-a-jubilados\/#primaryimage"},"thumbnailUrl":"https:\/\/noticiasmercedinas.com\/site\/wp-content\/uploads\/2018\/09\/miguelpastorinimaxresdefault.jpg","keywords":["banco nacion","miguel pastorini","sociedad an\u00f3nima"],"articleSection":["Sociedad"],"inLanguage":"es"},{"@type":"WebPage","@id":"https:\/\/noticiasmercedinas.com\/site\/2025\/02\/20\/miguel-pastorini-rechazo-la-posible-conversion-del-banco-nacion-en-sociedad-anonima-y-cuestiono-la-represion-a-jubilados\/","url":"https:\/\/noticiasmercedinas.com\/site\/2025\/02\/20\/miguel-pastorini-rechazo-la-posible-conversion-del-banco-nacion-en-sociedad-anonima-y-cuestiono-la-represion-a-jubilados\/","name":"Miguel Pastorini rechaz\u00f3 la posible conversi\u00f3n del Banco Naci\u00f3n en sociedad an\u00f3nima y cuestion\u00f3 la represi\u00f3n a jubilados","isPartOf":{"@id":"https:\/\/noticiasmercedinas.com\/site\/#website"},"primaryImageOfPage":{"@id":"https:\/\/noticiasmercedinas.com\/site\/2025\/02\/20\/miguel-pastorini-rechazo-la-posible-conversion-del-banco-nacion-en-sociedad-anonima-y-cuestiono-la-represion-a-jubilados\/#primaryimage"},"image":{"@id":"https:\/\/noticiasmercedinas.com\/site\/2025\/02\/20\/miguel-pastorini-rechazo-la-posible-conversion-del-banco-nacion-en-sociedad-anonima-y-cuestiono-la-represion-a-jubilados\/#primaryimage"},"thumbnailUrl":"https:\/\/noticiasmercedinas.com\/site\/wp-content\/uploads\/2018\/09\/miguelpastorinimaxresdefault.jpg","datePublished":"2025-02-20T17:00:15+00:00","dateModified":"2025-02-20T17:32:09+00:00","breadcrumb":{"@id":"https:\/\/noticiasmercedinas.com\/site\/2025\/02\/20\/miguel-pastorini-rechazo-la-posible-conversion-del-banco-nacion-en-sociedad-anonima-y-cuestiono-la-represion-a-jubilados\/#breadcrumb"},"inLanguage":"es","potentialAction":[{"@type":"ReadAction","target":["https:\/\/noticiasmercedinas.com\/site\/2025\/02\/20\/miguel-pastorini-rechazo-la-posible-conversion-del-banco-nacion-en-sociedad-anonima-y-cuestiono-la-represion-a-jubilados\/"]}]},{"@type":"ImageObject","inLanguage":"es","@id":"https:\/\/noticiasmercedinas.com\/site\/2025\/02\/20\/miguel-pastorini-rechazo-la-posible-conversion-del-banco-nacion-en-sociedad-anonima-y-cuestiono-la-represion-a-jubilados\/#primaryimage","url":"https:\/\/noticiasmercedinas.com\/site\/wp-content\/uploads\/2018\/09\/miguelpastorinimaxresdefault.jpg","contentUrl":"https:\/\/noticiasmercedinas.com\/site\/wp-content\/uploads\/2018\/09\/miguelpastorinimaxresdefault.jpg","width":650,"height":388},{"@type":"BreadcrumbList","@id":"https:\/\/noticiasmercedinas.com\/site\/2025\/02\/20\/miguel-pastorini-rechazo-la-posible-conversion-del-banco-nacion-en-sociedad-anonima-y-cuestiono-la-represion-a-jubilados\/#breadcrumb","itemListElement":[{"@type":"ListItem","position":1,"name":"Portada","item":"https:\/\/noticiasmercedinas.com\/site\/"},{"@type":"ListItem","position":2,"name":"Miguel Pastorini rechaz\u00f3 la posible conversi\u00f3n del Banco Naci\u00f3n en sociedad an\u00f3nima y cuestion\u00f3 la represi\u00f3n a jubilados"}]},{"@type":"WebSite","@id":"https:\/\/noticiasmercedinas.com\/site\/#website","url":"https:\/\/noticiasmercedinas.com\/site\/","name":"NOTICIASMERCEDINAS.COM","description":"Mercedes, Buenos Aires, Argentina","publisher":{"@id":"https:\/\/noticiasmercedinas.com\/site\/#organization"},"potentialAction":[{"@type":"SearchAction","target":{"@type":"EntryPoint","urlTemplate":"https:\/\/noticiasmercedinas.com\/site\/?s={search_term_string}"},"query-input":{"@type":"PropertyValueSpecification","valueRequired":true,"valueName":"search_term_string"}}],"inLanguage":"es"},{"@type":"Organization","@id":"https:\/\/noticiasmercedinas.com\/site\/#organization","name":"NOTICIASMERCEDINAS.COM","url":"https:\/\/noticiasmercedinas.com\/site\/","logo":{"@type":"ImageObject","inLanguage":"es","@id":"https:\/\/noticiasmercedinas.com\/site\/#\/schema\/logo\/image\/","url":"https:\/\/noticiasmercedinas.com\/site\/wp-content\/uploads\/2020\/06\/LOGO-512.jpg","contentUrl":"https:\/\/noticiasmercedinas.com\/site\/wp-content\/uploads\/2020\/06\/LOGO-512.jpg","width":512,"height":512,"caption":"NOTICIASMERCEDINAS.COM"},"image":{"@id":"https:\/\/noticiasmercedinas.com\/site\/#\/schema\/logo\/image\/"},"sameAs":["https:\/\/www.facebook.com\/noticiasmercedinas\/","https:\/\/x.com\/notmercedinas","https:\/\/www.instagram.com\/noticiasmercedinas\/"]},{"@type":"Person","@id":"https:\/\/noticiasmercedinas.com\/site\/#\/schema\/person\/84b59c099c28ff2e8b77d4ceec5d8063","name":"NOTICIASMERCEDINAS.COM","image":{"@type":"ImageObject","inLanguage":"es","@id":"https:\/\/secure.gravatar.com\/avatar\/4dfbf16b4d17945bfb6341b2d19043457132fcf478a5ee04f42e959fd8f5df0a?s=96&d=mm&r=g","url":"https:\/\/secure.gravatar.com\/avatar\/4dfbf16b4d17945bfb6341b2d19043457132fcf478a5ee04f42e959fd8f5df0a?s=96&d=mm&r=g","contentUrl":"https:\/\/secure.gravatar.com\/avatar\/4dfbf16b4d17945bfb6341b2d19043457132fcf478a5ee04f42e959fd8f5df0a?s=96&d=mm&r=g","caption":"NOTICIASMERCEDINAS.COM"},"url":"https:\/\/noticiasmercedinas.com\/site\/author\/anonimo\/"}]}},"amp_enabled":true,"_links":{"self":[{"href":"https:\/\/noticiasmercedinas.com\/site\/wp-json\/wp\/v2\/posts\/153839","targetHints":{"allow":["GET"]}}],"collection":[{"href":"https:\/\/noticiasmercedinas.com\/site\/wp-json\/wp\/v2\/posts"}],"about":[{"href":"https:\/\/noticiasmercedinas.com\/site\/wp-json\/wp\/v2\/types\/post"}],"author":[{"embeddable":true,"href":"https:\/\/noticiasmercedinas.com\/site\/wp-json\/wp\/v2\/users\/16"}],"replies":[{"embeddable":true,"href":"https:\/\/noticiasmercedinas.com\/site\/wp-json\/wp\/v2\/comments?post=153839"}],"version-history":[{"count":4,"href":"https:\/\/noticiasmercedinas.com\/site\/wp-json\/wp\/v2\/posts\/153839\/revisions"}],"predecessor-version":[{"id":153845,"href":"https:\/\/noticiasmercedinas.com\/site\/wp-json\/wp\/v2\/posts\/153839\/revisions\/153845"}],"wp:featuredmedia":[{"embeddable":true,"href":"https:\/\/noticiasmercedinas.com\/site\/wp-json\/wp\/v2\/media\/2107"}],"wp:attachment":[{"href":"https:\/\/noticiasmercedinas.com\/site\/wp-json\/wp\/v2\/media?parent=153839"}],"wp:term":[{"taxonomy":"category","embeddable":true,"href":"https:\/\/noticiasmercedinas.com\/site\/wp-json\/wp\/v2\/categories?post=153839"},{"taxonomy":"post_tag","embeddable":true,"href":"https:\/\/noticiasmercedinas.com\/site\/wp-json\/wp\/v2\/tags?post=153839"}],"curies":[{"name":"wp","href":"https:\/\/api.w.org\/{rel}","templated":true}]}}