{"id":153984,"date":"2025-02-24T00:18:12","date_gmt":"2025-02-24T03:18:12","guid":{"rendered":"https:\/\/noticiasmercedinas.com\/site\/?p=153984"},"modified":"2025-02-24T01:02:02","modified_gmt":"2025-02-24T04:02:02","slug":"obra-lo-estamos-filmando-llega-a-los-barrios-de-mercedes-con-cuentos-de-fontanarrosa","status":"publish","type":"post","link":"https:\/\/noticiasmercedinas.com\/site\/2025\/02\/24\/obra-lo-estamos-filmando-llega-a-los-barrios-de-mercedes-con-cuentos-de-fontanarrosa\/","title":{"rendered":"Obra \u201cLo Estamos Filmando\u201d llega a los barrios de Mercedes con cuentos de Fontanarrosa"},"content":{"rendered":"<p><img loading=\"lazy\" decoding=\"async\" class=\"alignnone size-full wp-image-153985\" src=\"https:\/\/noticiasmercedinas.com\/site\/wp-content\/uploads\/2025\/02\/7c328fc4-debb-478f-a56e-4a2891ad79c7-e1740369557163.jpg\" alt=\"\" width=\"1080\" height=\"805\" srcset=\"https:\/\/noticiasmercedinas.com\/site\/wp-content\/uploads\/2025\/02\/7c328fc4-debb-478f-a56e-4a2891ad79c7-e1740369557163.jpg 1080w, https:\/\/noticiasmercedinas.com\/site\/wp-content\/uploads\/2025\/02\/7c328fc4-debb-478f-a56e-4a2891ad79c7-e1740369557163-300x224.jpg 300w, https:\/\/noticiasmercedinas.com\/site\/wp-content\/uploads\/2025\/02\/7c328fc4-debb-478f-a56e-4a2891ad79c7-e1740369557163-1024x763.jpg 1024w, https:\/\/noticiasmercedinas.com\/site\/wp-content\/uploads\/2025\/02\/7c328fc4-debb-478f-a56e-4a2891ad79c7-e1740369557163-768x572.jpg 768w, https:\/\/noticiasmercedinas.com\/site\/wp-content\/uploads\/2025\/02\/7c328fc4-debb-478f-a56e-4a2891ad79c7-e1740369557163-80x60.jpg 80w, https:\/\/noticiasmercedinas.com\/site\/wp-content\/uploads\/2025\/02\/7c328fc4-debb-478f-a56e-4a2891ad79c7-e1740369557163-160x120.jpg 160w, https:\/\/noticiasmercedinas.com\/site\/wp-content\/uploads\/2025\/02\/7c328fc4-debb-478f-a56e-4a2891ad79c7-e1740369557163-100x75.jpg 100w, https:\/\/noticiasmercedinas.com\/site\/wp-content\/uploads\/2025\/02\/7c328fc4-debb-478f-a56e-4a2891ad79c7-e1740369557163-200x150.jpg 200w, https:\/\/noticiasmercedinas.com\/site\/wp-content\/uploads\/2025\/02\/7c328fc4-debb-478f-a56e-4a2891ad79c7-e1740369557163-180x135.jpg 180w, https:\/\/noticiasmercedinas.com\/site\/wp-content\/uploads\/2025\/02\/7c328fc4-debb-478f-a56e-4a2891ad79c7-e1740369557163-238x178.jpg 238w, https:\/\/noticiasmercedinas.com\/site\/wp-content\/uploads\/2025\/02\/7c328fc4-debb-478f-a56e-4a2891ad79c7-e1740369557163-476x356.jpg 476w, https:\/\/noticiasmercedinas.com\/site\/wp-content\/uploads\/2025\/02\/7c328fc4-debb-478f-a56e-4a2891ad79c7-e1740369557163-640x477.jpg 640w, https:\/\/noticiasmercedinas.com\/site\/wp-content\/uploads\/2025\/02\/7c328fc4-debb-478f-a56e-4a2891ad79c7-e1740369557163-681x508.jpg 681w\" sizes=\"auto, (max-width: 1080px) 100vw, 1080px\" \/><\/p>\n<p>La Organizaci\u00f3n Teatral, Socio-Cultural y Educativa \u201cEl Negro Olmedo\u201d lanz\u00f3 el proyecto \u201cSaldremos por los Barrios\u201d, una propuesta que busca llevar el teatro a distintos barrios de Mercedes bajo el concepto de \u201cCultura Democr\u00e1tica\u201d, promoviendo el acceso a la cultura desde una perspectiva inclusiva y participativa.<\/p>\n<p>En esta ocasi\u00f3n, el grupo Organizaci\u00f3n \u201cNegro Olmedo\u201d, dirigido por Fabi\u00e1n Morales, presentar\u00e1 la obra \u201cLo Estamos Filmando\u201d, basada en cuentos del escritor rosarino Roberto Fontanarrosa.<\/p>\n<p>Esta producci\u00f3n, que recientemente represent\u00f3 a la Argentina en el Festival Internacional de Teatro ENFETELA en Chile, ser\u00e1 el punto de partida para generar un mapeo barrial, que permitir\u00e1 relevar necesidades culturales y educativas en la comunidad.<\/p>\n<p>La propuesta se enmarca en una larga trayectoria de trabajo barrial de la organizaci\u00f3n, que en el pasado llev\u00f3 a cabo la 1ra Marat\u00f3n de Teatro Mercedes 2024 en homenaje a Tulio Carella, as\u00ed como proyectos de alfabetizaci\u00f3n, apoyo escolar, murgas y huertas comunitarias.<\/p>\n<p><strong>Primeras funciones confirmadas:<\/strong><br \/>\n&#8211; Mi\u00e9rcoles 26 de marzo &#8211; 18 h \u2013 Sociedad de Fomento Barrio Almafuerte (Calle 109 y 18)<br \/>\n&#8211; Jueves 3 de abril &#8211; 18 h \u2013 Sociedad de Fomento Barrio Obrero (Calle 16 y 103)<br \/>\n&#8211; Mi\u00e9rcoles 9 de abril &#8211; 18 h \u2013 Sociedad de Fomento Barrio Unidad y Progreso (Calle 53 y 26)<br \/>\n&#8211; Mi\u00e9rcoles 16 de abril &#8211; 18 h \u2013 Sociedad de Fomento Barrio Villa Industrial Oeste (Calle 37 y 112)<\/p>\n<p>El equipo de trabajo est\u00e1 conformado por Marisa Ivaldi, Nora Alvarado, Charly Vera, Javier Torres, Libertad Morales y Grisel Morales, entre otros, quienes sostienen esta iniciativa que no solo acerca el teatro a la gente, sino que tambi\u00e9n promueve el fortalecimiento del tejido social.<\/p>\n","protected":false},"excerpt":{"rendered":"<p>\u25a0 Las primeras funciones confirmadas son el mi\u00e9rcoles 26 de marzo en Barrio Almafuerte y el jueves 3 de abril en la Sociedad de Fomento del Barrio Obrero.<\/p>\n","protected":false},"author":16,"featured_media":153985,"comment_status":"closed","ping_status":"closed","sticky":false,"template":"","format":"standard","meta":{"footnotes":""},"categories":[4],"tags":[10452,487,19667,4416,19666,4655,8204,482,480],"class_list":["post-153984","post","type-post","status-publish","format-standard","has-post-thumbnail","hentry","category-cultura","tag-charly-vera","tag-fabian-morales","tag-grisel-morales","tag-javier-torres","tag-libertad-morales","tag-marisa-ivaldi","tag-nora-alvarado","tag-organizacion-el-negro-olmedo","tag-teatro"],"yoast_head":"<!-- This site is optimized with the Yoast SEO plugin v27.4 - https:\/\/yoast.com\/product\/yoast-seo-wordpress\/ -->\n<title>Obra \u201cLo Estamos Filmando\u201d llega a los barrios de Mercedes con cuentos de Fontanarrosa<\/title>\n<meta name=\"robots\" content=\"index, follow, max-snippet:-1, max-image-preview:large, max-video-preview:-1\" \/>\n<link rel=\"canonical\" href=\"https:\/\/noticiasmercedinas.com\/site\/2025\/02\/24\/obra-lo-estamos-filmando-llega-a-los-barrios-de-mercedes-con-cuentos-de-fontanarrosa\/\" \/>\n<meta property=\"og:locale\" content=\"es_ES\" \/>\n<meta property=\"og:type\" content=\"article\" \/>\n<meta property=\"og:title\" content=\"Obra \u201cLo Estamos Filmando\u201d llega a los barrios de Mercedes con cuentos de Fontanarrosa\" \/>\n<meta property=\"og:description\" content=\"\u25a0 Las primeras funciones confirmadas son el mi\u00e9rcoles 26 de marzo en Barrio Almafuerte y el jueves 3 de abril en la Sociedad de Fomento del Barrio Obrero.\" \/>\n<meta property=\"og:url\" content=\"https:\/\/noticiasmercedinas.com\/site\/2025\/02\/24\/obra-lo-estamos-filmando-llega-a-los-barrios-de-mercedes-con-cuentos-de-fontanarrosa\/\" \/>\n<meta property=\"og:site_name\" content=\"NOTICIASMERCEDINAS.COM\" \/>\n<meta property=\"article:publisher\" content=\"https:\/\/www.facebook.com\/noticiasmercedinas\/\" \/>\n<meta property=\"article:published_time\" content=\"2025-02-24T03:18:12+00:00\" \/>\n<meta property=\"article:modified_time\" content=\"2025-02-24T04:02:02+00:00\" \/>\n<meta property=\"og:image\" content=\"https:\/\/noticiasmercedinas.com\/site\/wp-content\/uploads\/2025\/02\/7c328fc4-debb-478f-a56e-4a2891ad79c7-e1740369557163.jpg\" \/>\n\t<meta property=\"og:image:width\" content=\"1080\" \/>\n\t<meta property=\"og:image:height\" content=\"805\" \/>\n\t<meta property=\"og:image:type\" content=\"image\/jpeg\" \/>\n<meta name=\"author\" content=\"NOTICIASMERCEDINAS.COM\" \/>\n<meta name=\"twitter:card\" content=\"summary_large_image\" \/>\n<meta name=\"twitter:creator\" content=\"@notmercedinas\" \/>\n<meta name=\"twitter:site\" content=\"@notmercedinas\" \/>\n<meta name=\"twitter:label1\" content=\"Escrito por\" \/>\n\t<meta name=\"twitter:data1\" content=\"NOTICIASMERCEDINAS.COM\" \/>\n\t<meta name=\"twitter:label2\" content=\"Tiempo de lectura\" \/>\n\t<meta name=\"twitter:data2\" content=\"1 minuto\" \/>\n<script type=\"application\/ld+json\" class=\"yoast-schema-graph\">{\"@context\":\"https:\\\/\\\/schema.org\",\"@graph\":[{\"@type\":\"Article\",\"@id\":\"https:\\\/\\\/noticiasmercedinas.com\\\/site\\\/2025\\\/02\\\/24\\\/obra-lo-estamos-filmando-llega-a-los-barrios-de-mercedes-con-cuentos-de-fontanarrosa\\\/#article\",\"isPartOf\":{\"@id\":\"https:\\\/\\\/noticiasmercedinas.com\\\/site\\\/2025\\\/02\\\/24\\\/obra-lo-estamos-filmando-llega-a-los-barrios-de-mercedes-con-cuentos-de-fontanarrosa\\\/\"},\"author\":{\"name\":\"NOTICIASMERCEDINAS.COM\",\"@id\":\"https:\\\/\\\/noticiasmercedinas.com\\\/site\\\/#\\\/schema\\\/person\\\/84b59c099c28ff2e8b77d4ceec5d8063\"},\"headline\":\"Obra \u201cLo Estamos Filmando\u201d llega a los barrios de Mercedes con cuentos de Fontanarrosa\",\"datePublished\":\"2025-02-24T03:18:12+00:00\",\"dateModified\":\"2025-02-24T04:02:02+00:00\",\"mainEntityOfPage\":{\"@id\":\"https:\\\/\\\/noticiasmercedinas.com\\\/site\\\/2025\\\/02\\\/24\\\/obra-lo-estamos-filmando-llega-a-los-barrios-de-mercedes-con-cuentos-de-fontanarrosa\\\/\"},\"wordCount\":282,\"publisher\":{\"@id\":\"https:\\\/\\\/noticiasmercedinas.com\\\/site\\\/#organization\"},\"image\":{\"@id\":\"https:\\\/\\\/noticiasmercedinas.com\\\/site\\\/2025\\\/02\\\/24\\\/obra-lo-estamos-filmando-llega-a-los-barrios-de-mercedes-con-cuentos-de-fontanarrosa\\\/#primaryimage\"},\"thumbnailUrl\":\"https:\\\/\\\/noticiasmercedinas.com\\\/site\\\/wp-content\\\/uploads\\\/2025\\\/02\\\/7c328fc4-debb-478f-a56e-4a2891ad79c7-e1740369557163.jpg\",\"keywords\":[\"charly vera\",\"fabian morales\",\"Grisel Morales\",\"javier torres\",\"Libertad Morales\",\"marisa ivaldi\",\"Nora Alvarado\",\"organizacion el negro olmedo\",\"teatro\"],\"articleSection\":[\"Cultura\"],\"inLanguage\":\"es\"},{\"@type\":\"WebPage\",\"@id\":\"https:\\\/\\\/noticiasmercedinas.com\\\/site\\\/2025\\\/02\\\/24\\\/obra-lo-estamos-filmando-llega-a-los-barrios-de-mercedes-con-cuentos-de-fontanarrosa\\\/\",\"url\":\"https:\\\/\\\/noticiasmercedinas.com\\\/site\\\/2025\\\/02\\\/24\\\/obra-lo-estamos-filmando-llega-a-los-barrios-de-mercedes-con-cuentos-de-fontanarrosa\\\/\",\"name\":\"Obra \u201cLo Estamos Filmando\u201d llega a los barrios de Mercedes con cuentos de Fontanarrosa\",\"isPartOf\":{\"@id\":\"https:\\\/\\\/noticiasmercedinas.com\\\/site\\\/#website\"},\"primaryImageOfPage\":{\"@id\":\"https:\\\/\\\/noticiasmercedinas.com\\\/site\\\/2025\\\/02\\\/24\\\/obra-lo-estamos-filmando-llega-a-los-barrios-de-mercedes-con-cuentos-de-fontanarrosa\\\/#primaryimage\"},\"image\":{\"@id\":\"https:\\\/\\\/noticiasmercedinas.com\\\/site\\\/2025\\\/02\\\/24\\\/obra-lo-estamos-filmando-llega-a-los-barrios-de-mercedes-con-cuentos-de-fontanarrosa\\\/#primaryimage\"},\"thumbnailUrl\":\"https:\\\/\\\/noticiasmercedinas.com\\\/site\\\/wp-content\\\/uploads\\\/2025\\\/02\\\/7c328fc4-debb-478f-a56e-4a2891ad79c7-e1740369557163.jpg\",\"datePublished\":\"2025-02-24T03:18:12+00:00\",\"dateModified\":\"2025-02-24T04:02:02+00:00\",\"breadcrumb\":{\"@id\":\"https:\\\/\\\/noticiasmercedinas.com\\\/site\\\/2025\\\/02\\\/24\\\/obra-lo-estamos-filmando-llega-a-los-barrios-de-mercedes-con-cuentos-de-fontanarrosa\\\/#breadcrumb\"},\"inLanguage\":\"es\",\"potentialAction\":[{\"@type\":\"ReadAction\",\"target\":[\"https:\\\/\\\/noticiasmercedinas.com\\\/site\\\/2025\\\/02\\\/24\\\/obra-lo-estamos-filmando-llega-a-los-barrios-de-mercedes-con-cuentos-de-fontanarrosa\\\/\"]}]},{\"@type\":\"ImageObject\",\"inLanguage\":\"es\",\"@id\":\"https:\\\/\\\/noticiasmercedinas.com\\\/site\\\/2025\\\/02\\\/24\\\/obra-lo-estamos-filmando-llega-a-los-barrios-de-mercedes-con-cuentos-de-fontanarrosa\\\/#primaryimage\",\"url\":\"https:\\\/\\\/noticiasmercedinas.com\\\/site\\\/wp-content\\\/uploads\\\/2025\\\/02\\\/7c328fc4-debb-478f-a56e-4a2891ad79c7-e1740369557163.jpg\",\"contentUrl\":\"https:\\\/\\\/noticiasmercedinas.com\\\/site\\\/wp-content\\\/uploads\\\/2025\\\/02\\\/7c328fc4-debb-478f-a56e-4a2891ad79c7-e1740369557163.jpg\",\"width\":1080,\"height\":805},{\"@type\":\"BreadcrumbList\",\"@id\":\"https:\\\/\\\/noticiasmercedinas.com\\\/site\\\/2025\\\/02\\\/24\\\/obra-lo-estamos-filmando-llega-a-los-barrios-de-mercedes-con-cuentos-de-fontanarrosa\\\/#breadcrumb\",\"itemListElement\":[{\"@type\":\"ListItem\",\"position\":1,\"name\":\"Portada\",\"item\":\"https:\\\/\\\/noticiasmercedinas.com\\\/site\\\/\"},{\"@type\":\"ListItem\",\"position\":2,\"name\":\"Obra \u201cLo Estamos Filmando\u201d llega a los barrios de Mercedes con cuentos de Fontanarrosa\"}]},{\"@type\":\"WebSite\",\"@id\":\"https:\\\/\\\/noticiasmercedinas.com\\\/site\\\/#website\",\"url\":\"https:\\\/\\\/noticiasmercedinas.com\\\/site\\\/\",\"name\":\"NOTICIASMERCEDINAS.COM\",\"description\":\"Mercedes, Buenos Aires, Argentina\",\"publisher\":{\"@id\":\"https:\\\/\\\/noticiasmercedinas.com\\\/site\\\/#organization\"},\"potentialAction\":[{\"@type\":\"SearchAction\",\"target\":{\"@type\":\"EntryPoint\",\"urlTemplate\":\"https:\\\/\\\/noticiasmercedinas.com\\\/site\\\/?s={search_term_string}\"},\"query-input\":{\"@type\":\"PropertyValueSpecification\",\"valueRequired\":true,\"valueName\":\"search_term_string\"}}],\"inLanguage\":\"es\"},{\"@type\":\"Organization\",\"@id\":\"https:\\\/\\\/noticiasmercedinas.com\\\/site\\\/#organization\",\"name\":\"NOTICIASMERCEDINAS.COM\",\"url\":\"https:\\\/\\\/noticiasmercedinas.com\\\/site\\\/\",\"logo\":{\"@type\":\"ImageObject\",\"inLanguage\":\"es\",\"@id\":\"https:\\\/\\\/noticiasmercedinas.com\\\/site\\\/#\\\/schema\\\/logo\\\/image\\\/\",\"url\":\"https:\\\/\\\/noticiasmercedinas.com\\\/site\\\/wp-content\\\/uploads\\\/2020\\\/06\\\/LOGO-512.jpg\",\"contentUrl\":\"https:\\\/\\\/noticiasmercedinas.com\\\/site\\\/wp-content\\\/uploads\\\/2020\\\/06\\\/LOGO-512.jpg\",\"width\":512,\"height\":512,\"caption\":\"NOTICIASMERCEDINAS.COM\"},\"image\":{\"@id\":\"https:\\\/\\\/noticiasmercedinas.com\\\/site\\\/#\\\/schema\\\/logo\\\/image\\\/\"},\"sameAs\":[\"https:\\\/\\\/www.facebook.com\\\/noticiasmercedinas\\\/\",\"https:\\\/\\\/x.com\\\/notmercedinas\",\"https:\\\/\\\/www.instagram.com\\\/noticiasmercedinas\\\/\"]},{\"@type\":\"Person\",\"@id\":\"https:\\\/\\\/noticiasmercedinas.com\\\/site\\\/#\\\/schema\\\/person\\\/84b59c099c28ff2e8b77d4ceec5d8063\",\"name\":\"NOTICIASMERCEDINAS.COM\",\"image\":{\"@type\":\"ImageObject\",\"inLanguage\":\"es\",\"@id\":\"https:\\\/\\\/secure.gravatar.com\\\/avatar\\\/4dfbf16b4d17945bfb6341b2d19043457132fcf478a5ee04f42e959fd8f5df0a?s=96&d=mm&r=g\",\"url\":\"https:\\\/\\\/secure.gravatar.com\\\/avatar\\\/4dfbf16b4d17945bfb6341b2d19043457132fcf478a5ee04f42e959fd8f5df0a?s=96&d=mm&r=g\",\"contentUrl\":\"https:\\\/\\\/secure.gravatar.com\\\/avatar\\\/4dfbf16b4d17945bfb6341b2d19043457132fcf478a5ee04f42e959fd8f5df0a?s=96&d=mm&r=g\",\"caption\":\"NOTICIASMERCEDINAS.COM\"},\"url\":\"https:\\\/\\\/noticiasmercedinas.com\\\/site\\\/author\\\/anonimo\\\/\"}]}<\/script>\n<!-- \/ Yoast SEO plugin. -->","yoast_head_json":{"title":"Obra \u201cLo Estamos Filmando\u201d llega a los barrios de Mercedes con cuentos de Fontanarrosa","robots":{"index":"index","follow":"follow","max-snippet":"max-snippet:-1","max-image-preview":"max-image-preview:large","max-video-preview":"max-video-preview:-1"},"canonical":"https:\/\/noticiasmercedinas.com\/site\/2025\/02\/24\/obra-lo-estamos-filmando-llega-a-los-barrios-de-mercedes-con-cuentos-de-fontanarrosa\/","og_locale":"es_ES","og_type":"article","og_title":"Obra \u201cLo Estamos Filmando\u201d llega a los barrios de Mercedes con cuentos de Fontanarrosa","og_description":"\u25a0 Las primeras funciones confirmadas son el mi\u00e9rcoles 26 de marzo en Barrio Almafuerte y el jueves 3 de abril en la Sociedad de Fomento del Barrio Obrero.","og_url":"https:\/\/noticiasmercedinas.com\/site\/2025\/02\/24\/obra-lo-estamos-filmando-llega-a-los-barrios-de-mercedes-con-cuentos-de-fontanarrosa\/","og_site_name":"NOTICIASMERCEDINAS.COM","article_publisher":"https:\/\/www.facebook.com\/noticiasmercedinas\/","article_published_time":"2025-02-24T03:18:12+00:00","article_modified_time":"2025-02-24T04:02:02+00:00","og_image":[{"width":1080,"height":805,"url":"https:\/\/noticiasmercedinas.com\/site\/wp-content\/uploads\/2025\/02\/7c328fc4-debb-478f-a56e-4a2891ad79c7-e1740369557163.jpg","type":"image\/jpeg"}],"author":"NOTICIASMERCEDINAS.COM","twitter_card":"summary_large_image","twitter_creator":"@notmercedinas","twitter_site":"@notmercedinas","twitter_misc":{"Escrito por":"NOTICIASMERCEDINAS.COM","Tiempo de lectura":"1 minuto"},"schema":{"@context":"https:\/\/schema.org","@graph":[{"@type":"Article","@id":"https:\/\/noticiasmercedinas.com\/site\/2025\/02\/24\/obra-lo-estamos-filmando-llega-a-los-barrios-de-mercedes-con-cuentos-de-fontanarrosa\/#article","isPartOf":{"@id":"https:\/\/noticiasmercedinas.com\/site\/2025\/02\/24\/obra-lo-estamos-filmando-llega-a-los-barrios-de-mercedes-con-cuentos-de-fontanarrosa\/"},"author":{"name":"NOTICIASMERCEDINAS.COM","@id":"https:\/\/noticiasmercedinas.com\/site\/#\/schema\/person\/84b59c099c28ff2e8b77d4ceec5d8063"},"headline":"Obra \u201cLo Estamos Filmando\u201d llega a los barrios de Mercedes con cuentos de Fontanarrosa","datePublished":"2025-02-24T03:18:12+00:00","dateModified":"2025-02-24T04:02:02+00:00","mainEntityOfPage":{"@id":"https:\/\/noticiasmercedinas.com\/site\/2025\/02\/24\/obra-lo-estamos-filmando-llega-a-los-barrios-de-mercedes-con-cuentos-de-fontanarrosa\/"},"wordCount":282,"publisher":{"@id":"https:\/\/noticiasmercedinas.com\/site\/#organization"},"image":{"@id":"https:\/\/noticiasmercedinas.com\/site\/2025\/02\/24\/obra-lo-estamos-filmando-llega-a-los-barrios-de-mercedes-con-cuentos-de-fontanarrosa\/#primaryimage"},"thumbnailUrl":"https:\/\/noticiasmercedinas.com\/site\/wp-content\/uploads\/2025\/02\/7c328fc4-debb-478f-a56e-4a2891ad79c7-e1740369557163.jpg","keywords":["charly vera","fabian morales","Grisel Morales","javier torres","Libertad Morales","marisa ivaldi","Nora Alvarado","organizacion el negro olmedo","teatro"],"articleSection":["Cultura"],"inLanguage":"es"},{"@type":"WebPage","@id":"https:\/\/noticiasmercedinas.com\/site\/2025\/02\/24\/obra-lo-estamos-filmando-llega-a-los-barrios-de-mercedes-con-cuentos-de-fontanarrosa\/","url":"https:\/\/noticiasmercedinas.com\/site\/2025\/02\/24\/obra-lo-estamos-filmando-llega-a-los-barrios-de-mercedes-con-cuentos-de-fontanarrosa\/","name":"Obra \u201cLo Estamos Filmando\u201d llega a los barrios de Mercedes con cuentos de Fontanarrosa","isPartOf":{"@id":"https:\/\/noticiasmercedinas.com\/site\/#website"},"primaryImageOfPage":{"@id":"https:\/\/noticiasmercedinas.com\/site\/2025\/02\/24\/obra-lo-estamos-filmando-llega-a-los-barrios-de-mercedes-con-cuentos-de-fontanarrosa\/#primaryimage"},"image":{"@id":"https:\/\/noticiasmercedinas.com\/site\/2025\/02\/24\/obra-lo-estamos-filmando-llega-a-los-barrios-de-mercedes-con-cuentos-de-fontanarrosa\/#primaryimage"},"thumbnailUrl":"https:\/\/noticiasmercedinas.com\/site\/wp-content\/uploads\/2025\/02\/7c328fc4-debb-478f-a56e-4a2891ad79c7-e1740369557163.jpg","datePublished":"2025-02-24T03:18:12+00:00","dateModified":"2025-02-24T04:02:02+00:00","breadcrumb":{"@id":"https:\/\/noticiasmercedinas.com\/site\/2025\/02\/24\/obra-lo-estamos-filmando-llega-a-los-barrios-de-mercedes-con-cuentos-de-fontanarrosa\/#breadcrumb"},"inLanguage":"es","potentialAction":[{"@type":"ReadAction","target":["https:\/\/noticiasmercedinas.com\/site\/2025\/02\/24\/obra-lo-estamos-filmando-llega-a-los-barrios-de-mercedes-con-cuentos-de-fontanarrosa\/"]}]},{"@type":"ImageObject","inLanguage":"es","@id":"https:\/\/noticiasmercedinas.com\/site\/2025\/02\/24\/obra-lo-estamos-filmando-llega-a-los-barrios-de-mercedes-con-cuentos-de-fontanarrosa\/#primaryimage","url":"https:\/\/noticiasmercedinas.com\/site\/wp-content\/uploads\/2025\/02\/7c328fc4-debb-478f-a56e-4a2891ad79c7-e1740369557163.jpg","contentUrl":"https:\/\/noticiasmercedinas.com\/site\/wp-content\/uploads\/2025\/02\/7c328fc4-debb-478f-a56e-4a2891ad79c7-e1740369557163.jpg","width":1080,"height":805},{"@type":"BreadcrumbList","@id":"https:\/\/noticiasmercedinas.com\/site\/2025\/02\/24\/obra-lo-estamos-filmando-llega-a-los-barrios-de-mercedes-con-cuentos-de-fontanarrosa\/#breadcrumb","itemListElement":[{"@type":"ListItem","position":1,"name":"Portada","item":"https:\/\/noticiasmercedinas.com\/site\/"},{"@type":"ListItem","position":2,"name":"Obra \u201cLo Estamos Filmando\u201d llega a los barrios de Mercedes con cuentos de Fontanarrosa"}]},{"@type":"WebSite","@id":"https:\/\/noticiasmercedinas.com\/site\/#website","url":"https:\/\/noticiasmercedinas.com\/site\/","name":"NOTICIASMERCEDINAS.COM","description":"Mercedes, Buenos Aires, Argentina","publisher":{"@id":"https:\/\/noticiasmercedinas.com\/site\/#organization"},"potentialAction":[{"@type":"SearchAction","target":{"@type":"EntryPoint","urlTemplate":"https:\/\/noticiasmercedinas.com\/site\/?s={search_term_string}"},"query-input":{"@type":"PropertyValueSpecification","valueRequired":true,"valueName":"search_term_string"}}],"inLanguage":"es"},{"@type":"Organization","@id":"https:\/\/noticiasmercedinas.com\/site\/#organization","name":"NOTICIASMERCEDINAS.COM","url":"https:\/\/noticiasmercedinas.com\/site\/","logo":{"@type":"ImageObject","inLanguage":"es","@id":"https:\/\/noticiasmercedinas.com\/site\/#\/schema\/logo\/image\/","url":"https:\/\/noticiasmercedinas.com\/site\/wp-content\/uploads\/2020\/06\/LOGO-512.jpg","contentUrl":"https:\/\/noticiasmercedinas.com\/site\/wp-content\/uploads\/2020\/06\/LOGO-512.jpg","width":512,"height":512,"caption":"NOTICIASMERCEDINAS.COM"},"image":{"@id":"https:\/\/noticiasmercedinas.com\/site\/#\/schema\/logo\/image\/"},"sameAs":["https:\/\/www.facebook.com\/noticiasmercedinas\/","https:\/\/x.com\/notmercedinas","https:\/\/www.instagram.com\/noticiasmercedinas\/"]},{"@type":"Person","@id":"https:\/\/noticiasmercedinas.com\/site\/#\/schema\/person\/84b59c099c28ff2e8b77d4ceec5d8063","name":"NOTICIASMERCEDINAS.COM","image":{"@type":"ImageObject","inLanguage":"es","@id":"https:\/\/secure.gravatar.com\/avatar\/4dfbf16b4d17945bfb6341b2d19043457132fcf478a5ee04f42e959fd8f5df0a?s=96&d=mm&r=g","url":"https:\/\/secure.gravatar.com\/avatar\/4dfbf16b4d17945bfb6341b2d19043457132fcf478a5ee04f42e959fd8f5df0a?s=96&d=mm&r=g","contentUrl":"https:\/\/secure.gravatar.com\/avatar\/4dfbf16b4d17945bfb6341b2d19043457132fcf478a5ee04f42e959fd8f5df0a?s=96&d=mm&r=g","caption":"NOTICIASMERCEDINAS.COM"},"url":"https:\/\/noticiasmercedinas.com\/site\/author\/anonimo\/"}]}},"amp_enabled":true,"_links":{"self":[{"href":"https:\/\/noticiasmercedinas.com\/site\/wp-json\/wp\/v2\/posts\/153984","targetHints":{"allow":["GET"]}}],"collection":[{"href":"https:\/\/noticiasmercedinas.com\/site\/wp-json\/wp\/v2\/posts"}],"about":[{"href":"https:\/\/noticiasmercedinas.com\/site\/wp-json\/wp\/v2\/types\/post"}],"author":[{"embeddable":true,"href":"https:\/\/noticiasmercedinas.com\/site\/wp-json\/wp\/v2\/users\/16"}],"replies":[{"embeddable":true,"href":"https:\/\/noticiasmercedinas.com\/site\/wp-json\/wp\/v2\/comments?post=153984"}],"version-history":[{"count":1,"href":"https:\/\/noticiasmercedinas.com\/site\/wp-json\/wp\/v2\/posts\/153984\/revisions"}],"predecessor-version":[{"id":153986,"href":"https:\/\/noticiasmercedinas.com\/site\/wp-json\/wp\/v2\/posts\/153984\/revisions\/153986"}],"wp:featuredmedia":[{"embeddable":true,"href":"https:\/\/noticiasmercedinas.com\/site\/wp-json\/wp\/v2\/media\/153985"}],"wp:attachment":[{"href":"https:\/\/noticiasmercedinas.com\/site\/wp-json\/wp\/v2\/media?parent=153984"}],"wp:term":[{"taxonomy":"category","embeddable":true,"href":"https:\/\/noticiasmercedinas.com\/site\/wp-json\/wp\/v2\/categories?post=153984"},{"taxonomy":"post_tag","embeddable":true,"href":"https:\/\/noticiasmercedinas.com\/site\/wp-json\/wp\/v2\/tags?post=153984"}],"curies":[{"name":"wp","href":"https:\/\/api.w.org\/{rel}","templated":true}]}}