{"id":15421,"date":"2019-04-01T11:38:46","date_gmt":"2019-04-01T14:38:46","guid":{"rendered":"https:\/\/noticiasmercedinas.com\/site\/?p=15421"},"modified":"2019-04-01T11:38:46","modified_gmt":"2019-04-01T14:38:46","slug":"familia-tabossi-agradece","status":"publish","type":"post","link":"https:\/\/noticiasmercedinas.com\/site\/2019\/04\/01\/familia-tabossi-agradece\/","title":{"rendered":"Familia Tabossi agradece"},"content":{"rendered":"<p><img loading=\"lazy\" decoding=\"async\" class=\"alignnone wp-image-14985\" src=\"https:\/\/noticiasmercedinas.com\/site\/wp-content\/uploads\/2019\/03\/tabossisanluis.jpg\" alt=\"\" width=\"640\" height=\"425\" srcset=\"https:\/\/noticiasmercedinas.com\/site\/wp-content\/uploads\/2019\/03\/tabossisanluis.jpg 512w, https:\/\/noticiasmercedinas.com\/site\/wp-content\/uploads\/2019\/03\/tabossisanluis-300x199.jpg 300w, https:\/\/noticiasmercedinas.com\/site\/wp-content\/uploads\/2019\/03\/tabossisanluis-511x340.jpg 511w\" sizes=\"auto, (max-width: 640px) 100vw, 640px\" \/><\/p>\n<p>El reciente fallecimiento del profesor <strong>Ricardo Tabossi<\/strong> caus\u00f3 mucho pesar en la comunidad mercedina e integrantes de su familia quisieron expresar su agradecimiento a trav\u00e9s de este medio por las manifestaciones y apoyos recibidos.<\/p>\n<p>Lo hicieron a trav\u00e9s de un escrito, que es el siguiente:<\/p>\n<p><em>Pap\u00e1 ha sido un ejemplo en m\u00faltiples aspectos, no solo para nosotros, su familia, sino tambi\u00e9n para quienes tuvieron la fortuna de conocerlo. Una de sus caracter\u00edsticas que ha transmitido como valor de vida ha sido la de ser agradecido. Hasta sus \u00faltimos d\u00edas pap\u00e1 agradeci\u00f3 la vida que tuvo, su infancia, su familia, su profesi\u00f3n, sus amigos, sus formadores (a quienes les dedic\u00f3 un trabajo especial antes de su partida). Por eso hoy su familia quiere agradecer en su nombre tant\u00edsima demostraci\u00f3n de afecto y admiraci\u00f3n recibida en vida y especialmente en esta semana. Gracias, entonces, a los sacerdotes y Obispos que celebraron la misa de cuerpo presente, al Intendente municipal y concejales, a los organizadores de la vigilia de Malvinas de la ciudad de San Andr\u00e9s de Giles, a Nicol\u00e1s Kasanzew, a los miembros de parroquias y de congregaciones religiosas de Luj\u00e1n, J\u00e1uregui, Cort\u00ednez y General Rodr\u00edguez, a los directivos y alumnos de los colegios San Antonio y San Patricio por su c\u00e1lida despedida, al Colegio de Escribanos, a la escuela Parroquial e Instituto Padre Ansaldo, al personal y Asociaci\u00f3n de Amigos del Museo M\u00edguez, a la comisi\u00f3n directiva de la Biblioteca Sarmiento, al diario El Oeste, a sus amigos mercedinos y de otras ciudades, a los colegas y compa\u00f1eros del trabajo y a aquellos que vinieron de otras localidades, a los ex alumnos, a quienes donaron sangre cuando lo necesitamos, a aquellos que acompa\u00f1aron mediante cadena de oraci\u00f3n, a nuestros amigos y compa\u00f1eros y a nuestros t\u00edos y primos. Al personal (m\u00e9dicos y enfermeros) del Policl\u00ednico del Docente por su atenci\u00f3n, a la delegaci\u00f3n de Osplad de Luj\u00e1n y a la cocher\u00eda Silva. Un agradecimiento especial a quienes se hicieron presentes tambi\u00e9n mediante ofrendas florales como el Intendente Juan Ignacio Ustarroz, el Instituto Juan Manuel de Rosas delegaci\u00f3n Mercedes, el Instituto San Antonio de Padua, el Instituto del Profesorado Ciudad de Mercedes, los alumnos promoci\u00f3n \u201995 del colegio San Patricio, las hermanas de San Antonio de Padua, Angelita Marchetti y familia y la familia Garc\u00eda Rey.\u00a0<\/em><\/p>\n<p><em>Pap\u00e1 ha dejado una impronta, un sello personal en todo lo que hizo y por eso en estas horas se nos hace muy tangible una frase de El Quijote que sol\u00eda citar: \u201cNo es un hombre m\u00e1s que otro si no hace m\u00e1s que otro\u201d.<\/em><\/p>\n<p style=\"text-align: right;\"><em>Familia Tabossi<\/em><\/p>\n","protected":false},"excerpt":{"rendered":"<p>El reciente fallecimiento del profesor Ricardo Tabossi caus\u00f3 mucho pesar en la comunidad mercedina e integrantes de su familia quisieron expresar su agradecimiento a trav\u00e9s de este medio por las manifestaciones y apoyos recibidos. Lo hicieron a trav\u00e9s de un escrito, que es el siguiente: Pap\u00e1 ha sido un ejemplo en m\u00faltiples aspectos, no solo [&hellip;]<\/p>\n","protected":false},"author":16,"featured_media":14985,"comment_status":"open","ping_status":"open","sticky":false,"template":"","format":"standard","meta":{"footnotes":""},"categories":[3],"tags":[4143,1849,776],"class_list":["post-15421","post","type-post","status-publish","format-standard","has-post-thumbnail","hentry","category-sociedad","tag-agradecimiento","tag-familia","tag-ricardo-tabossi"],"yoast_head":"<!-- This site is optimized with the Yoast SEO plugin v27.5 - https:\/\/yoast.com\/product\/yoast-seo-wordpress\/ -->\n<title>Familia Tabossi agradece<\/title>\n<meta name=\"robots\" content=\"index, follow, max-snippet:-1, max-image-preview:large, max-video-preview:-1\" \/>\n<link rel=\"canonical\" href=\"https:\/\/noticiasmercedinas.com\/site\/2019\/04\/01\/familia-tabossi-agradece\/\" \/>\n<meta property=\"og:locale\" content=\"es_ES\" \/>\n<meta property=\"og:type\" content=\"article\" \/>\n<meta property=\"og:title\" content=\"Familia Tabossi agradece\" \/>\n<meta property=\"og:description\" content=\"El reciente fallecimiento del profesor Ricardo Tabossi caus\u00f3 mucho pesar en la comunidad mercedina e integrantes de su familia quisieron expresar su agradecimiento a trav\u00e9s de este medio por las manifestaciones y apoyos recibidos. Lo hicieron a trav\u00e9s de un escrito, que es el siguiente: Pap\u00e1 ha sido un ejemplo en m\u00faltiples aspectos, no solo [&hellip;]\" \/>\n<meta property=\"og:url\" content=\"https:\/\/noticiasmercedinas.com\/site\/2019\/04\/01\/familia-tabossi-agradece\/\" \/>\n<meta property=\"og:site_name\" content=\"NOTICIASMERCEDINAS.COM\" \/>\n<meta property=\"article:publisher\" content=\"https:\/\/www.facebook.com\/noticiasmercedinas\/\" \/>\n<meta property=\"article:published_time\" content=\"2019-04-01T14:38:46+00:00\" \/>\n<meta property=\"og:image\" content=\"https:\/\/noticiasmercedinas.com\/site\/wp-content\/uploads\/2019\/03\/tabossisanluis.jpg\" \/>\n\t<meta property=\"og:image:width\" content=\"512\" \/>\n\t<meta property=\"og:image:height\" content=\"340\" \/>\n\t<meta property=\"og:image:type\" content=\"image\/jpeg\" \/>\n<meta name=\"author\" content=\"NOTICIASMERCEDINAS.COM\" \/>\n<meta name=\"twitter:card\" content=\"summary_large_image\" \/>\n<meta name=\"twitter:creator\" content=\"@notmercedinas\" \/>\n<meta name=\"twitter:site\" content=\"@notmercedinas\" \/>\n<meta name=\"twitter:label1\" content=\"Escrito por\" \/>\n\t<meta name=\"twitter:data1\" content=\"NOTICIASMERCEDINAS.COM\" \/>\n\t<meta name=\"twitter:label2\" content=\"Tiempo de lectura\" \/>\n\t<meta name=\"twitter:data2\" content=\"2 minutos\" \/>\n<script type=\"application\/ld+json\" class=\"yoast-schema-graph\">{\"@context\":\"https:\\\/\\\/schema.org\",\"@graph\":[{\"@type\":\"Article\",\"@id\":\"https:\\\/\\\/noticiasmercedinas.com\\\/site\\\/2019\\\/04\\\/01\\\/familia-tabossi-agradece\\\/#article\",\"isPartOf\":{\"@id\":\"https:\\\/\\\/noticiasmercedinas.com\\\/site\\\/2019\\\/04\\\/01\\\/familia-tabossi-agradece\\\/\"},\"author\":{\"name\":\"NOTICIASMERCEDINAS.COM\",\"@id\":\"https:\\\/\\\/noticiasmercedinas.com\\\/site\\\/#\\\/schema\\\/person\\\/84b59c099c28ff2e8b77d4ceec5d8063\"},\"headline\":\"Familia Tabossi agradece\",\"datePublished\":\"2019-04-01T14:38:46+00:00\",\"mainEntityOfPage\":{\"@id\":\"https:\\\/\\\/noticiasmercedinas.com\\\/site\\\/2019\\\/04\\\/01\\\/familia-tabossi-agradece\\\/\"},\"wordCount\":471,\"commentCount\":0,\"publisher\":{\"@id\":\"https:\\\/\\\/noticiasmercedinas.com\\\/site\\\/#organization\"},\"image\":{\"@id\":\"https:\\\/\\\/noticiasmercedinas.com\\\/site\\\/2019\\\/04\\\/01\\\/familia-tabossi-agradece\\\/#primaryimage\"},\"thumbnailUrl\":\"https:\\\/\\\/noticiasmercedinas.com\\\/site\\\/wp-content\\\/uploads\\\/2019\\\/03\\\/tabossisanluis.jpg\",\"keywords\":[\"agradecimiento\",\"familia\",\"Ricardo Tabossi\"],\"articleSection\":[\"Sociedad\"],\"inLanguage\":\"es\",\"potentialAction\":[{\"@type\":\"CommentAction\",\"name\":\"Comment\",\"target\":[\"https:\\\/\\\/noticiasmercedinas.com\\\/site\\\/2019\\\/04\\\/01\\\/familia-tabossi-agradece\\\/#respond\"]}]},{\"@type\":\"WebPage\",\"@id\":\"https:\\\/\\\/noticiasmercedinas.com\\\/site\\\/2019\\\/04\\\/01\\\/familia-tabossi-agradece\\\/\",\"url\":\"https:\\\/\\\/noticiasmercedinas.com\\\/site\\\/2019\\\/04\\\/01\\\/familia-tabossi-agradece\\\/\",\"name\":\"Familia Tabossi agradece\",\"isPartOf\":{\"@id\":\"https:\\\/\\\/noticiasmercedinas.com\\\/site\\\/#website\"},\"primaryImageOfPage\":{\"@id\":\"https:\\\/\\\/noticiasmercedinas.com\\\/site\\\/2019\\\/04\\\/01\\\/familia-tabossi-agradece\\\/#primaryimage\"},\"image\":{\"@id\":\"https:\\\/\\\/noticiasmercedinas.com\\\/site\\\/2019\\\/04\\\/01\\\/familia-tabossi-agradece\\\/#primaryimage\"},\"thumbnailUrl\":\"https:\\\/\\\/noticiasmercedinas.com\\\/site\\\/wp-content\\\/uploads\\\/2019\\\/03\\\/tabossisanluis.jpg\",\"datePublished\":\"2019-04-01T14:38:46+00:00\",\"breadcrumb\":{\"@id\":\"https:\\\/\\\/noticiasmercedinas.com\\\/site\\\/2019\\\/04\\\/01\\\/familia-tabossi-agradece\\\/#breadcrumb\"},\"inLanguage\":\"es\",\"potentialAction\":[{\"@type\":\"ReadAction\",\"target\":[\"https:\\\/\\\/noticiasmercedinas.com\\\/site\\\/2019\\\/04\\\/01\\\/familia-tabossi-agradece\\\/\"]}]},{\"@type\":\"ImageObject\",\"inLanguage\":\"es\",\"@id\":\"https:\\\/\\\/noticiasmercedinas.com\\\/site\\\/2019\\\/04\\\/01\\\/familia-tabossi-agradece\\\/#primaryimage\",\"url\":\"https:\\\/\\\/noticiasmercedinas.com\\\/site\\\/wp-content\\\/uploads\\\/2019\\\/03\\\/tabossisanluis.jpg\",\"contentUrl\":\"https:\\\/\\\/noticiasmercedinas.com\\\/site\\\/wp-content\\\/uploads\\\/2019\\\/03\\\/tabossisanluis.jpg\",\"width\":512,\"height\":340},{\"@type\":\"BreadcrumbList\",\"@id\":\"https:\\\/\\\/noticiasmercedinas.com\\\/site\\\/2019\\\/04\\\/01\\\/familia-tabossi-agradece\\\/#breadcrumb\",\"itemListElement\":[{\"@type\":\"ListItem\",\"position\":1,\"name\":\"Portada\",\"item\":\"https:\\\/\\\/noticiasmercedinas.com\\\/site\\\/\"},{\"@type\":\"ListItem\",\"position\":2,\"name\":\"Familia Tabossi agradece\"}]},{\"@type\":\"WebSite\",\"@id\":\"https:\\\/\\\/noticiasmercedinas.com\\\/site\\\/#website\",\"url\":\"https:\\\/\\\/noticiasmercedinas.com\\\/site\\\/\",\"name\":\"NOTICIASMERCEDINAS.COM\",\"description\":\"Mercedes, Buenos Aires, Argentina\",\"publisher\":{\"@id\":\"https:\\\/\\\/noticiasmercedinas.com\\\/site\\\/#organization\"},\"potentialAction\":[{\"@type\":\"SearchAction\",\"target\":{\"@type\":\"EntryPoint\",\"urlTemplate\":\"https:\\\/\\\/noticiasmercedinas.com\\\/site\\\/?s={search_term_string}\"},\"query-input\":{\"@type\":\"PropertyValueSpecification\",\"valueRequired\":true,\"valueName\":\"search_term_string\"}}],\"inLanguage\":\"es\"},{\"@type\":\"Organization\",\"@id\":\"https:\\\/\\\/noticiasmercedinas.com\\\/site\\\/#organization\",\"name\":\"NOTICIASMERCEDINAS.COM\",\"url\":\"https:\\\/\\\/noticiasmercedinas.com\\\/site\\\/\",\"logo\":{\"@type\":\"ImageObject\",\"inLanguage\":\"es\",\"@id\":\"https:\\\/\\\/noticiasmercedinas.com\\\/site\\\/#\\\/schema\\\/logo\\\/image\\\/\",\"url\":\"https:\\\/\\\/noticiasmercedinas.com\\\/site\\\/wp-content\\\/uploads\\\/2020\\\/06\\\/LOGO-512.jpg\",\"contentUrl\":\"https:\\\/\\\/noticiasmercedinas.com\\\/site\\\/wp-content\\\/uploads\\\/2020\\\/06\\\/LOGO-512.jpg\",\"width\":512,\"height\":512,\"caption\":\"NOTICIASMERCEDINAS.COM\"},\"image\":{\"@id\":\"https:\\\/\\\/noticiasmercedinas.com\\\/site\\\/#\\\/schema\\\/logo\\\/image\\\/\"},\"sameAs\":[\"https:\\\/\\\/www.facebook.com\\\/noticiasmercedinas\\\/\",\"https:\\\/\\\/x.com\\\/notmercedinas\",\"https:\\\/\\\/www.instagram.com\\\/noticiasmercedinas\\\/\"]},{\"@type\":\"Person\",\"@id\":\"https:\\\/\\\/noticiasmercedinas.com\\\/site\\\/#\\\/schema\\\/person\\\/84b59c099c28ff2e8b77d4ceec5d8063\",\"name\":\"NOTICIASMERCEDINAS.COM\",\"image\":{\"@type\":\"ImageObject\",\"inLanguage\":\"es\",\"@id\":\"https:\\\/\\\/secure.gravatar.com\\\/avatar\\\/4dfbf16b4d17945bfb6341b2d19043457132fcf478a5ee04f42e959fd8f5df0a?s=96&d=mm&r=g\",\"url\":\"https:\\\/\\\/secure.gravatar.com\\\/avatar\\\/4dfbf16b4d17945bfb6341b2d19043457132fcf478a5ee04f42e959fd8f5df0a?s=96&d=mm&r=g\",\"contentUrl\":\"https:\\\/\\\/secure.gravatar.com\\\/avatar\\\/4dfbf16b4d17945bfb6341b2d19043457132fcf478a5ee04f42e959fd8f5df0a?s=96&d=mm&r=g\",\"caption\":\"NOTICIASMERCEDINAS.COM\"},\"url\":\"https:\\\/\\\/noticiasmercedinas.com\\\/site\\\/author\\\/anonimo\\\/\"}]}<\/script>\n<!-- \/ Yoast SEO plugin. -->","yoast_head_json":{"title":"Familia Tabossi agradece","robots":{"index":"index","follow":"follow","max-snippet":"max-snippet:-1","max-image-preview":"max-image-preview:large","max-video-preview":"max-video-preview:-1"},"canonical":"https:\/\/noticiasmercedinas.com\/site\/2019\/04\/01\/familia-tabossi-agradece\/","og_locale":"es_ES","og_type":"article","og_title":"Familia Tabossi agradece","og_description":"El reciente fallecimiento del profesor Ricardo Tabossi caus\u00f3 mucho pesar en la comunidad mercedina e integrantes de su familia quisieron expresar su agradecimiento a trav\u00e9s de este medio por las manifestaciones y apoyos recibidos. Lo hicieron a trav\u00e9s de un escrito, que es el siguiente: Pap\u00e1 ha sido un ejemplo en m\u00faltiples aspectos, no solo [&hellip;]","og_url":"https:\/\/noticiasmercedinas.com\/site\/2019\/04\/01\/familia-tabossi-agradece\/","og_site_name":"NOTICIASMERCEDINAS.COM","article_publisher":"https:\/\/www.facebook.com\/noticiasmercedinas\/","article_published_time":"2019-04-01T14:38:46+00:00","og_image":[{"width":512,"height":340,"url":"https:\/\/noticiasmercedinas.com\/site\/wp-content\/uploads\/2019\/03\/tabossisanluis.jpg","type":"image\/jpeg"}],"author":"NOTICIASMERCEDINAS.COM","twitter_card":"summary_large_image","twitter_creator":"@notmercedinas","twitter_site":"@notmercedinas","twitter_misc":{"Escrito por":"NOTICIASMERCEDINAS.COM","Tiempo de lectura":"2 minutos"},"schema":{"@context":"https:\/\/schema.org","@graph":[{"@type":"Article","@id":"https:\/\/noticiasmercedinas.com\/site\/2019\/04\/01\/familia-tabossi-agradece\/#article","isPartOf":{"@id":"https:\/\/noticiasmercedinas.com\/site\/2019\/04\/01\/familia-tabossi-agradece\/"},"author":{"name":"NOTICIASMERCEDINAS.COM","@id":"https:\/\/noticiasmercedinas.com\/site\/#\/schema\/person\/84b59c099c28ff2e8b77d4ceec5d8063"},"headline":"Familia Tabossi agradece","datePublished":"2019-04-01T14:38:46+00:00","mainEntityOfPage":{"@id":"https:\/\/noticiasmercedinas.com\/site\/2019\/04\/01\/familia-tabossi-agradece\/"},"wordCount":471,"commentCount":0,"publisher":{"@id":"https:\/\/noticiasmercedinas.com\/site\/#organization"},"image":{"@id":"https:\/\/noticiasmercedinas.com\/site\/2019\/04\/01\/familia-tabossi-agradece\/#primaryimage"},"thumbnailUrl":"https:\/\/noticiasmercedinas.com\/site\/wp-content\/uploads\/2019\/03\/tabossisanluis.jpg","keywords":["agradecimiento","familia","Ricardo Tabossi"],"articleSection":["Sociedad"],"inLanguage":"es","potentialAction":[{"@type":"CommentAction","name":"Comment","target":["https:\/\/noticiasmercedinas.com\/site\/2019\/04\/01\/familia-tabossi-agradece\/#respond"]}]},{"@type":"WebPage","@id":"https:\/\/noticiasmercedinas.com\/site\/2019\/04\/01\/familia-tabossi-agradece\/","url":"https:\/\/noticiasmercedinas.com\/site\/2019\/04\/01\/familia-tabossi-agradece\/","name":"Familia Tabossi agradece","isPartOf":{"@id":"https:\/\/noticiasmercedinas.com\/site\/#website"},"primaryImageOfPage":{"@id":"https:\/\/noticiasmercedinas.com\/site\/2019\/04\/01\/familia-tabossi-agradece\/#primaryimage"},"image":{"@id":"https:\/\/noticiasmercedinas.com\/site\/2019\/04\/01\/familia-tabossi-agradece\/#primaryimage"},"thumbnailUrl":"https:\/\/noticiasmercedinas.com\/site\/wp-content\/uploads\/2019\/03\/tabossisanluis.jpg","datePublished":"2019-04-01T14:38:46+00:00","breadcrumb":{"@id":"https:\/\/noticiasmercedinas.com\/site\/2019\/04\/01\/familia-tabossi-agradece\/#breadcrumb"},"inLanguage":"es","potentialAction":[{"@type":"ReadAction","target":["https:\/\/noticiasmercedinas.com\/site\/2019\/04\/01\/familia-tabossi-agradece\/"]}]},{"@type":"ImageObject","inLanguage":"es","@id":"https:\/\/noticiasmercedinas.com\/site\/2019\/04\/01\/familia-tabossi-agradece\/#primaryimage","url":"https:\/\/noticiasmercedinas.com\/site\/wp-content\/uploads\/2019\/03\/tabossisanluis.jpg","contentUrl":"https:\/\/noticiasmercedinas.com\/site\/wp-content\/uploads\/2019\/03\/tabossisanluis.jpg","width":512,"height":340},{"@type":"BreadcrumbList","@id":"https:\/\/noticiasmercedinas.com\/site\/2019\/04\/01\/familia-tabossi-agradece\/#breadcrumb","itemListElement":[{"@type":"ListItem","position":1,"name":"Portada","item":"https:\/\/noticiasmercedinas.com\/site\/"},{"@type":"ListItem","position":2,"name":"Familia Tabossi agradece"}]},{"@type":"WebSite","@id":"https:\/\/noticiasmercedinas.com\/site\/#website","url":"https:\/\/noticiasmercedinas.com\/site\/","name":"NOTICIASMERCEDINAS.COM","description":"Mercedes, Buenos Aires, Argentina","publisher":{"@id":"https:\/\/noticiasmercedinas.com\/site\/#organization"},"potentialAction":[{"@type":"SearchAction","target":{"@type":"EntryPoint","urlTemplate":"https:\/\/noticiasmercedinas.com\/site\/?s={search_term_string}"},"query-input":{"@type":"PropertyValueSpecification","valueRequired":true,"valueName":"search_term_string"}}],"inLanguage":"es"},{"@type":"Organization","@id":"https:\/\/noticiasmercedinas.com\/site\/#organization","name":"NOTICIASMERCEDINAS.COM","url":"https:\/\/noticiasmercedinas.com\/site\/","logo":{"@type":"ImageObject","inLanguage":"es","@id":"https:\/\/noticiasmercedinas.com\/site\/#\/schema\/logo\/image\/","url":"https:\/\/noticiasmercedinas.com\/site\/wp-content\/uploads\/2020\/06\/LOGO-512.jpg","contentUrl":"https:\/\/noticiasmercedinas.com\/site\/wp-content\/uploads\/2020\/06\/LOGO-512.jpg","width":512,"height":512,"caption":"NOTICIASMERCEDINAS.COM"},"image":{"@id":"https:\/\/noticiasmercedinas.com\/site\/#\/schema\/logo\/image\/"},"sameAs":["https:\/\/www.facebook.com\/noticiasmercedinas\/","https:\/\/x.com\/notmercedinas","https:\/\/www.instagram.com\/noticiasmercedinas\/"]},{"@type":"Person","@id":"https:\/\/noticiasmercedinas.com\/site\/#\/schema\/person\/84b59c099c28ff2e8b77d4ceec5d8063","name":"NOTICIASMERCEDINAS.COM","image":{"@type":"ImageObject","inLanguage":"es","@id":"https:\/\/secure.gravatar.com\/avatar\/4dfbf16b4d17945bfb6341b2d19043457132fcf478a5ee04f42e959fd8f5df0a?s=96&d=mm&r=g","url":"https:\/\/secure.gravatar.com\/avatar\/4dfbf16b4d17945bfb6341b2d19043457132fcf478a5ee04f42e959fd8f5df0a?s=96&d=mm&r=g","contentUrl":"https:\/\/secure.gravatar.com\/avatar\/4dfbf16b4d17945bfb6341b2d19043457132fcf478a5ee04f42e959fd8f5df0a?s=96&d=mm&r=g","caption":"NOTICIASMERCEDINAS.COM"},"url":"https:\/\/noticiasmercedinas.com\/site\/author\/anonimo\/"}]}},"amp_enabled":true,"_links":{"self":[{"href":"https:\/\/noticiasmercedinas.com\/site\/wp-json\/wp\/v2\/posts\/15421","targetHints":{"allow":["GET"]}}],"collection":[{"href":"https:\/\/noticiasmercedinas.com\/site\/wp-json\/wp\/v2\/posts"}],"about":[{"href":"https:\/\/noticiasmercedinas.com\/site\/wp-json\/wp\/v2\/types\/post"}],"author":[{"embeddable":true,"href":"https:\/\/noticiasmercedinas.com\/site\/wp-json\/wp\/v2\/users\/16"}],"replies":[{"embeddable":true,"href":"https:\/\/noticiasmercedinas.com\/site\/wp-json\/wp\/v2\/comments?post=15421"}],"version-history":[{"count":1,"href":"https:\/\/noticiasmercedinas.com\/site\/wp-json\/wp\/v2\/posts\/15421\/revisions"}],"predecessor-version":[{"id":15422,"href":"https:\/\/noticiasmercedinas.com\/site\/wp-json\/wp\/v2\/posts\/15421\/revisions\/15422"}],"wp:featuredmedia":[{"embeddable":true,"href":"https:\/\/noticiasmercedinas.com\/site\/wp-json\/wp\/v2\/media\/14985"}],"wp:attachment":[{"href":"https:\/\/noticiasmercedinas.com\/site\/wp-json\/wp\/v2\/media?parent=15421"}],"wp:term":[{"taxonomy":"category","embeddable":true,"href":"https:\/\/noticiasmercedinas.com\/site\/wp-json\/wp\/v2\/categories?post=15421"},{"taxonomy":"post_tag","embeddable":true,"href":"https:\/\/noticiasmercedinas.com\/site\/wp-json\/wp\/v2\/tags?post=15421"}],"curies":[{"name":"wp","href":"https:\/\/api.w.org\/{rel}","templated":true}]}}