{"id":154245,"date":"2025-02-27T13:32:21","date_gmt":"2025-02-27T16:32:21","guid":{"rendered":"https:\/\/noticiasmercedinas.com\/site\/?p=154245"},"modified":"2025-02-27T13:32:21","modified_gmt":"2025-02-27T16:32:21","slug":"se-viene-una-nueva-edicion-de-los-carnavales-mercedinos","status":"publish","type":"post","link":"https:\/\/noticiasmercedinas.com\/site\/2025\/02\/27\/se-viene-una-nueva-edicion-de-los-carnavales-mercedinos\/","title":{"rendered":"Se viene una nueva edici\u00f3n de los Carnavales Mercedinos"},"content":{"rendered":"<p><img loading=\"lazy\" decoding=\"async\" class=\"alignnone size-full wp-image-154246\" src=\"https:\/\/noticiasmercedinas.com\/site\/wp-content\/uploads\/2025\/02\/726414e8-fae1-4a84-8063-84eaee6cb428.jpg\" alt=\"\" width=\"1553\" height=\"879\" srcset=\"https:\/\/noticiasmercedinas.com\/site\/wp-content\/uploads\/2025\/02\/726414e8-fae1-4a84-8063-84eaee6cb428.jpg 1553w, https:\/\/noticiasmercedinas.com\/site\/wp-content\/uploads\/2025\/02\/726414e8-fae1-4a84-8063-84eaee6cb428-300x170.jpg 300w, https:\/\/noticiasmercedinas.com\/site\/wp-content\/uploads\/2025\/02\/726414e8-fae1-4a84-8063-84eaee6cb428-1024x580.jpg 1024w, https:\/\/noticiasmercedinas.com\/site\/wp-content\/uploads\/2025\/02\/726414e8-fae1-4a84-8063-84eaee6cb428-768x435.jpg 768w, https:\/\/noticiasmercedinas.com\/site\/wp-content\/uploads\/2025\/02\/726414e8-fae1-4a84-8063-84eaee6cb428-1536x869.jpg 1536w, https:\/\/noticiasmercedinas.com\/site\/wp-content\/uploads\/2025\/02\/726414e8-fae1-4a84-8063-84eaee6cb428-640x362.jpg 640w, https:\/\/noticiasmercedinas.com\/site\/wp-content\/uploads\/2025\/02\/726414e8-fae1-4a84-8063-84eaee6cb428-1280x724.jpg 1280w, https:\/\/noticiasmercedinas.com\/site\/wp-content\/uploads\/2025\/02\/726414e8-fae1-4a84-8063-84eaee6cb428-681x385.jpg 681w, https:\/\/noticiasmercedinas.com\/site\/wp-content\/uploads\/2025\/02\/726414e8-fae1-4a84-8063-84eaee6cb428-1362x771.jpg 1362w\" sizes=\"auto, (max-width: 1553px) 100vw, 1553px\" \/><\/p>\n<p>Este fin de semana arrancar\u00e1 una nueva edici\u00f3n de la fiesta popular m\u00e1s grande que vive la ciudad y una de las m\u00e1s reconocidas en toda la provincia: los Carnavales Mercedinos. Una tradici\u00f3n sobre la avenida 29 que ofrecer\u00e1 m\u00fasica, color, arte y alegr\u00eda.<\/p>\n<p>Como es tradici\u00f3n desde hace d\u00e9cadas, el carnaval se desarrollar\u00e1 sobre la avenida 29. Desde la calle 30 hasta la 20, se podr\u00e1 disfrutar de diversas actividades y atractivos propuestos. En la plaza San Mart\u00edn tambi\u00e9n habr\u00e1 acciones y apoyo a emprendedores locales.<\/p>\n<p><img loading=\"lazy\" decoding=\"async\" class=\"alignnone size-full wp-image-154248\" src=\"https:\/\/noticiasmercedinas.com\/site\/wp-content\/uploads\/2025\/02\/69366213-f0a5-4976-9d31-2c7326efbba2.jpg\" alt=\"\" width=\"1316\" height=\"879\" srcset=\"https:\/\/noticiasmercedinas.com\/site\/wp-content\/uploads\/2025\/02\/69366213-f0a5-4976-9d31-2c7326efbba2.jpg 1316w, https:\/\/noticiasmercedinas.com\/site\/wp-content\/uploads\/2025\/02\/69366213-f0a5-4976-9d31-2c7326efbba2-300x200.jpg 300w, https:\/\/noticiasmercedinas.com\/site\/wp-content\/uploads\/2025\/02\/69366213-f0a5-4976-9d31-2c7326efbba2-1024x684.jpg 1024w, https:\/\/noticiasmercedinas.com\/site\/wp-content\/uploads\/2025\/02\/69366213-f0a5-4976-9d31-2c7326efbba2-768x513.jpg 768w, https:\/\/noticiasmercedinas.com\/site\/wp-content\/uploads\/2025\/02\/69366213-f0a5-4976-9d31-2c7326efbba2-537x360.jpg 537w, https:\/\/noticiasmercedinas.com\/site\/wp-content\/uploads\/2025\/02\/69366213-f0a5-4976-9d31-2c7326efbba2-640x427.jpg 640w, https:\/\/noticiasmercedinas.com\/site\/wp-content\/uploads\/2025\/02\/69366213-f0a5-4976-9d31-2c7326efbba2-1280x855.jpg 1280w, https:\/\/noticiasmercedinas.com\/site\/wp-content\/uploads\/2025\/02\/69366213-f0a5-4976-9d31-2c7326efbba2-681x455.jpg 681w\" sizes=\"auto, (max-width: 1316px) 100vw, 1316px\" \/><\/p>\n<p>M\u00e1s de 1400 participantes se desplegar\u00e1n en el evento, con atracciones invitadas, murgas, comparsas, m\u00e1scaras sueltas, m\u00fasica y toda la fiesta a la que la comunidad est\u00e1 acostumbrada.<\/p>\n<p>El carnaval comenzar\u00e1 el viernes 28 de febrero y se extender\u00e1 hasta el 3 de marzo, aprovechando el fin de semana largo con el feriado de carnaval. Habr\u00e1 gradas y sillas disponibles, siendo el evento libre, p\u00fablico y gratuito, con un peque\u00f1o sector de sillas pagas para quienes deseen colaborar.<\/p>\n<p>Como cada a\u00f1o, desde hace meses tanto la municipalidad como las murgas, comparsas y distintos atractivos se vienen preparando con ensayos, vestimentas, canciones y todo lo necesario para brindar alegr\u00eda al pueblo.<\/p>\n<p><img loading=\"lazy\" decoding=\"async\" class=\"alignnone size-full wp-image-154247\" src=\"https:\/\/noticiasmercedinas.com\/site\/wp-content\/uploads\/2025\/02\/67394391-3972-4953-a50a-b6e66dfc9de5.jpg\" alt=\"\" width=\"1316\" height=\"879\" srcset=\"https:\/\/noticiasmercedinas.com\/site\/wp-content\/uploads\/2025\/02\/67394391-3972-4953-a50a-b6e66dfc9de5.jpg 1316w, https:\/\/noticiasmercedinas.com\/site\/wp-content\/uploads\/2025\/02\/67394391-3972-4953-a50a-b6e66dfc9de5-300x200.jpg 300w, https:\/\/noticiasmercedinas.com\/site\/wp-content\/uploads\/2025\/02\/67394391-3972-4953-a50a-b6e66dfc9de5-1024x684.jpg 1024w, https:\/\/noticiasmercedinas.com\/site\/wp-content\/uploads\/2025\/02\/67394391-3972-4953-a50a-b6e66dfc9de5-768x513.jpg 768w, https:\/\/noticiasmercedinas.com\/site\/wp-content\/uploads\/2025\/02\/67394391-3972-4953-a50a-b6e66dfc9de5-537x360.jpg 537w, https:\/\/noticiasmercedinas.com\/site\/wp-content\/uploads\/2025\/02\/67394391-3972-4953-a50a-b6e66dfc9de5-640x427.jpg 640w, https:\/\/noticiasmercedinas.com\/site\/wp-content\/uploads\/2025\/02\/67394391-3972-4953-a50a-b6e66dfc9de5-1280x855.jpg 1280w, https:\/\/noticiasmercedinas.com\/site\/wp-content\/uploads\/2025\/02\/67394391-3972-4953-a50a-b6e66dfc9de5-681x455.jpg 681w\" sizes=\"auto, (max-width: 1316px) 100vw, 1316px\" \/><\/p>\n","protected":false},"excerpt":{"rendered":"<p>\u25a0 M\u00e1s de 1400 participantes se desplegar\u00e1n en el evento, con atracciones invitadas, murgas, comparsas, m\u00e1scaras sueltas, m\u00fasica y toda la fiesta a la que la comunidad est\u00e1 acostumbrada.<\/p>\n","protected":false},"author":16,"featured_media":154246,"comment_status":"closed","ping_status":"closed","sticky":false,"template":"","format":"standard","meta":{"footnotes":""},"categories":[4],"tags":[956,23],"class_list":["post-154245","post","type-post","status-publish","format-standard","has-post-thumbnail","hentry","category-cultura","tag-carnaval","tag-mercedes"],"yoast_head":"<!-- This site is optimized with the Yoast SEO plugin v27.4 - https:\/\/yoast.com\/product\/yoast-seo-wordpress\/ -->\n<title>Se viene una nueva edici\u00f3n de los Carnavales Mercedinos<\/title>\n<meta name=\"robots\" content=\"index, follow, max-snippet:-1, max-image-preview:large, max-video-preview:-1\" \/>\n<link rel=\"canonical\" href=\"https:\/\/noticiasmercedinas.com\/site\/2025\/02\/27\/se-viene-una-nueva-edicion-de-los-carnavales-mercedinos\/\" \/>\n<meta property=\"og:locale\" content=\"es_ES\" \/>\n<meta property=\"og:type\" content=\"article\" \/>\n<meta property=\"og:title\" content=\"Se viene una nueva edici\u00f3n de los Carnavales Mercedinos\" \/>\n<meta property=\"og:description\" content=\"\u25a0 M\u00e1s de 1400 participantes se desplegar\u00e1n en el evento, con atracciones invitadas, murgas, comparsas, m\u00e1scaras sueltas, m\u00fasica y toda la fiesta a la que la comunidad est\u00e1 acostumbrada.\" \/>\n<meta property=\"og:url\" content=\"https:\/\/noticiasmercedinas.com\/site\/2025\/02\/27\/se-viene-una-nueva-edicion-de-los-carnavales-mercedinos\/\" \/>\n<meta property=\"og:site_name\" content=\"NOTICIASMERCEDINAS.COM\" \/>\n<meta property=\"article:publisher\" content=\"https:\/\/www.facebook.com\/noticiasmercedinas\/\" \/>\n<meta property=\"article:published_time\" content=\"2025-02-27T16:32:21+00:00\" \/>\n<meta property=\"og:image\" content=\"https:\/\/noticiasmercedinas.com\/site\/wp-content\/uploads\/2025\/02\/726414e8-fae1-4a84-8063-84eaee6cb428.jpg\" \/>\n\t<meta property=\"og:image:width\" content=\"1553\" \/>\n\t<meta property=\"og:image:height\" content=\"879\" \/>\n\t<meta property=\"og:image:type\" content=\"image\/jpeg\" \/>\n<meta name=\"author\" content=\"NOTICIASMERCEDINAS.COM\" \/>\n<meta name=\"twitter:card\" content=\"summary_large_image\" \/>\n<meta name=\"twitter:creator\" content=\"@notmercedinas\" \/>\n<meta name=\"twitter:site\" content=\"@notmercedinas\" \/>\n<meta name=\"twitter:label1\" content=\"Escrito por\" \/>\n\t<meta name=\"twitter:data1\" content=\"NOTICIASMERCEDINAS.COM\" \/>\n\t<meta name=\"twitter:label2\" content=\"Tiempo de lectura\" \/>\n\t<meta name=\"twitter:data2\" content=\"1 minuto\" \/>\n<script type=\"application\/ld+json\" class=\"yoast-schema-graph\">{\"@context\":\"https:\\\/\\\/schema.org\",\"@graph\":[{\"@type\":\"Article\",\"@id\":\"https:\\\/\\\/noticiasmercedinas.com\\\/site\\\/2025\\\/02\\\/27\\\/se-viene-una-nueva-edicion-de-los-carnavales-mercedinos\\\/#article\",\"isPartOf\":{\"@id\":\"https:\\\/\\\/noticiasmercedinas.com\\\/site\\\/2025\\\/02\\\/27\\\/se-viene-una-nueva-edicion-de-los-carnavales-mercedinos\\\/\"},\"author\":{\"name\":\"NOTICIASMERCEDINAS.COM\",\"@id\":\"https:\\\/\\\/noticiasmercedinas.com\\\/site\\\/#\\\/schema\\\/person\\\/84b59c099c28ff2e8b77d4ceec5d8063\"},\"headline\":\"Se viene una nueva edici\u00f3n de los Carnavales Mercedinos\",\"datePublished\":\"2025-02-27T16:32:21+00:00\",\"mainEntityOfPage\":{\"@id\":\"https:\\\/\\\/noticiasmercedinas.com\\\/site\\\/2025\\\/02\\\/27\\\/se-viene-una-nueva-edicion-de-los-carnavales-mercedinos\\\/\"},\"wordCount\":218,\"publisher\":{\"@id\":\"https:\\\/\\\/noticiasmercedinas.com\\\/site\\\/#organization\"},\"image\":{\"@id\":\"https:\\\/\\\/noticiasmercedinas.com\\\/site\\\/2025\\\/02\\\/27\\\/se-viene-una-nueva-edicion-de-los-carnavales-mercedinos\\\/#primaryimage\"},\"thumbnailUrl\":\"https:\\\/\\\/noticiasmercedinas.com\\\/site\\\/wp-content\\\/uploads\\\/2025\\\/02\\\/726414e8-fae1-4a84-8063-84eaee6cb428.jpg\",\"keywords\":[\"carnaval\",\"mercedes\"],\"articleSection\":[\"Cultura\"],\"inLanguage\":\"es\"},{\"@type\":\"WebPage\",\"@id\":\"https:\\\/\\\/noticiasmercedinas.com\\\/site\\\/2025\\\/02\\\/27\\\/se-viene-una-nueva-edicion-de-los-carnavales-mercedinos\\\/\",\"url\":\"https:\\\/\\\/noticiasmercedinas.com\\\/site\\\/2025\\\/02\\\/27\\\/se-viene-una-nueva-edicion-de-los-carnavales-mercedinos\\\/\",\"name\":\"Se viene una nueva edici\u00f3n de los Carnavales Mercedinos\",\"isPartOf\":{\"@id\":\"https:\\\/\\\/noticiasmercedinas.com\\\/site\\\/#website\"},\"primaryImageOfPage\":{\"@id\":\"https:\\\/\\\/noticiasmercedinas.com\\\/site\\\/2025\\\/02\\\/27\\\/se-viene-una-nueva-edicion-de-los-carnavales-mercedinos\\\/#primaryimage\"},\"image\":{\"@id\":\"https:\\\/\\\/noticiasmercedinas.com\\\/site\\\/2025\\\/02\\\/27\\\/se-viene-una-nueva-edicion-de-los-carnavales-mercedinos\\\/#primaryimage\"},\"thumbnailUrl\":\"https:\\\/\\\/noticiasmercedinas.com\\\/site\\\/wp-content\\\/uploads\\\/2025\\\/02\\\/726414e8-fae1-4a84-8063-84eaee6cb428.jpg\",\"datePublished\":\"2025-02-27T16:32:21+00:00\",\"breadcrumb\":{\"@id\":\"https:\\\/\\\/noticiasmercedinas.com\\\/site\\\/2025\\\/02\\\/27\\\/se-viene-una-nueva-edicion-de-los-carnavales-mercedinos\\\/#breadcrumb\"},\"inLanguage\":\"es\",\"potentialAction\":[{\"@type\":\"ReadAction\",\"target\":[\"https:\\\/\\\/noticiasmercedinas.com\\\/site\\\/2025\\\/02\\\/27\\\/se-viene-una-nueva-edicion-de-los-carnavales-mercedinos\\\/\"]}]},{\"@type\":\"ImageObject\",\"inLanguage\":\"es\",\"@id\":\"https:\\\/\\\/noticiasmercedinas.com\\\/site\\\/2025\\\/02\\\/27\\\/se-viene-una-nueva-edicion-de-los-carnavales-mercedinos\\\/#primaryimage\",\"url\":\"https:\\\/\\\/noticiasmercedinas.com\\\/site\\\/wp-content\\\/uploads\\\/2025\\\/02\\\/726414e8-fae1-4a84-8063-84eaee6cb428.jpg\",\"contentUrl\":\"https:\\\/\\\/noticiasmercedinas.com\\\/site\\\/wp-content\\\/uploads\\\/2025\\\/02\\\/726414e8-fae1-4a84-8063-84eaee6cb428.jpg\",\"width\":1553,\"height\":879},{\"@type\":\"BreadcrumbList\",\"@id\":\"https:\\\/\\\/noticiasmercedinas.com\\\/site\\\/2025\\\/02\\\/27\\\/se-viene-una-nueva-edicion-de-los-carnavales-mercedinos\\\/#breadcrumb\",\"itemListElement\":[{\"@type\":\"ListItem\",\"position\":1,\"name\":\"Portada\",\"item\":\"https:\\\/\\\/noticiasmercedinas.com\\\/site\\\/\"},{\"@type\":\"ListItem\",\"position\":2,\"name\":\"Se viene una nueva edici\u00f3n de los Carnavales Mercedinos\"}]},{\"@type\":\"WebSite\",\"@id\":\"https:\\\/\\\/noticiasmercedinas.com\\\/site\\\/#website\",\"url\":\"https:\\\/\\\/noticiasmercedinas.com\\\/site\\\/\",\"name\":\"NOTICIASMERCEDINAS.COM\",\"description\":\"Mercedes, Buenos Aires, Argentina\",\"publisher\":{\"@id\":\"https:\\\/\\\/noticiasmercedinas.com\\\/site\\\/#organization\"},\"potentialAction\":[{\"@type\":\"SearchAction\",\"target\":{\"@type\":\"EntryPoint\",\"urlTemplate\":\"https:\\\/\\\/noticiasmercedinas.com\\\/site\\\/?s={search_term_string}\"},\"query-input\":{\"@type\":\"PropertyValueSpecification\",\"valueRequired\":true,\"valueName\":\"search_term_string\"}}],\"inLanguage\":\"es\"},{\"@type\":\"Organization\",\"@id\":\"https:\\\/\\\/noticiasmercedinas.com\\\/site\\\/#organization\",\"name\":\"NOTICIASMERCEDINAS.COM\",\"url\":\"https:\\\/\\\/noticiasmercedinas.com\\\/site\\\/\",\"logo\":{\"@type\":\"ImageObject\",\"inLanguage\":\"es\",\"@id\":\"https:\\\/\\\/noticiasmercedinas.com\\\/site\\\/#\\\/schema\\\/logo\\\/image\\\/\",\"url\":\"https:\\\/\\\/noticiasmercedinas.com\\\/site\\\/wp-content\\\/uploads\\\/2020\\\/06\\\/LOGO-512.jpg\",\"contentUrl\":\"https:\\\/\\\/noticiasmercedinas.com\\\/site\\\/wp-content\\\/uploads\\\/2020\\\/06\\\/LOGO-512.jpg\",\"width\":512,\"height\":512,\"caption\":\"NOTICIASMERCEDINAS.COM\"},\"image\":{\"@id\":\"https:\\\/\\\/noticiasmercedinas.com\\\/site\\\/#\\\/schema\\\/logo\\\/image\\\/\"},\"sameAs\":[\"https:\\\/\\\/www.facebook.com\\\/noticiasmercedinas\\\/\",\"https:\\\/\\\/x.com\\\/notmercedinas\",\"https:\\\/\\\/www.instagram.com\\\/noticiasmercedinas\\\/\"]},{\"@type\":\"Person\",\"@id\":\"https:\\\/\\\/noticiasmercedinas.com\\\/site\\\/#\\\/schema\\\/person\\\/84b59c099c28ff2e8b77d4ceec5d8063\",\"name\":\"NOTICIASMERCEDINAS.COM\",\"image\":{\"@type\":\"ImageObject\",\"inLanguage\":\"es\",\"@id\":\"https:\\\/\\\/secure.gravatar.com\\\/avatar\\\/4dfbf16b4d17945bfb6341b2d19043457132fcf478a5ee04f42e959fd8f5df0a?s=96&d=mm&r=g\",\"url\":\"https:\\\/\\\/secure.gravatar.com\\\/avatar\\\/4dfbf16b4d17945bfb6341b2d19043457132fcf478a5ee04f42e959fd8f5df0a?s=96&d=mm&r=g\",\"contentUrl\":\"https:\\\/\\\/secure.gravatar.com\\\/avatar\\\/4dfbf16b4d17945bfb6341b2d19043457132fcf478a5ee04f42e959fd8f5df0a?s=96&d=mm&r=g\",\"caption\":\"NOTICIASMERCEDINAS.COM\"},\"url\":\"https:\\\/\\\/noticiasmercedinas.com\\\/site\\\/author\\\/anonimo\\\/\"}]}<\/script>\n<!-- \/ Yoast SEO plugin. -->","yoast_head_json":{"title":"Se viene una nueva edici\u00f3n de los Carnavales Mercedinos","robots":{"index":"index","follow":"follow","max-snippet":"max-snippet:-1","max-image-preview":"max-image-preview:large","max-video-preview":"max-video-preview:-1"},"canonical":"https:\/\/noticiasmercedinas.com\/site\/2025\/02\/27\/se-viene-una-nueva-edicion-de-los-carnavales-mercedinos\/","og_locale":"es_ES","og_type":"article","og_title":"Se viene una nueva edici\u00f3n de los Carnavales Mercedinos","og_description":"\u25a0 M\u00e1s de 1400 participantes se desplegar\u00e1n en el evento, con atracciones invitadas, murgas, comparsas, m\u00e1scaras sueltas, m\u00fasica y toda la fiesta a la que la comunidad est\u00e1 acostumbrada.","og_url":"https:\/\/noticiasmercedinas.com\/site\/2025\/02\/27\/se-viene-una-nueva-edicion-de-los-carnavales-mercedinos\/","og_site_name":"NOTICIASMERCEDINAS.COM","article_publisher":"https:\/\/www.facebook.com\/noticiasmercedinas\/","article_published_time":"2025-02-27T16:32:21+00:00","og_image":[{"width":1553,"height":879,"url":"https:\/\/noticiasmercedinas.com\/site\/wp-content\/uploads\/2025\/02\/726414e8-fae1-4a84-8063-84eaee6cb428.jpg","type":"image\/jpeg"}],"author":"NOTICIASMERCEDINAS.COM","twitter_card":"summary_large_image","twitter_creator":"@notmercedinas","twitter_site":"@notmercedinas","twitter_misc":{"Escrito por":"NOTICIASMERCEDINAS.COM","Tiempo de lectura":"1 minuto"},"schema":{"@context":"https:\/\/schema.org","@graph":[{"@type":"Article","@id":"https:\/\/noticiasmercedinas.com\/site\/2025\/02\/27\/se-viene-una-nueva-edicion-de-los-carnavales-mercedinos\/#article","isPartOf":{"@id":"https:\/\/noticiasmercedinas.com\/site\/2025\/02\/27\/se-viene-una-nueva-edicion-de-los-carnavales-mercedinos\/"},"author":{"name":"NOTICIASMERCEDINAS.COM","@id":"https:\/\/noticiasmercedinas.com\/site\/#\/schema\/person\/84b59c099c28ff2e8b77d4ceec5d8063"},"headline":"Se viene una nueva edici\u00f3n de los Carnavales Mercedinos","datePublished":"2025-02-27T16:32:21+00:00","mainEntityOfPage":{"@id":"https:\/\/noticiasmercedinas.com\/site\/2025\/02\/27\/se-viene-una-nueva-edicion-de-los-carnavales-mercedinos\/"},"wordCount":218,"publisher":{"@id":"https:\/\/noticiasmercedinas.com\/site\/#organization"},"image":{"@id":"https:\/\/noticiasmercedinas.com\/site\/2025\/02\/27\/se-viene-una-nueva-edicion-de-los-carnavales-mercedinos\/#primaryimage"},"thumbnailUrl":"https:\/\/noticiasmercedinas.com\/site\/wp-content\/uploads\/2025\/02\/726414e8-fae1-4a84-8063-84eaee6cb428.jpg","keywords":["carnaval","mercedes"],"articleSection":["Cultura"],"inLanguage":"es"},{"@type":"WebPage","@id":"https:\/\/noticiasmercedinas.com\/site\/2025\/02\/27\/se-viene-una-nueva-edicion-de-los-carnavales-mercedinos\/","url":"https:\/\/noticiasmercedinas.com\/site\/2025\/02\/27\/se-viene-una-nueva-edicion-de-los-carnavales-mercedinos\/","name":"Se viene una nueva edici\u00f3n de los Carnavales Mercedinos","isPartOf":{"@id":"https:\/\/noticiasmercedinas.com\/site\/#website"},"primaryImageOfPage":{"@id":"https:\/\/noticiasmercedinas.com\/site\/2025\/02\/27\/se-viene-una-nueva-edicion-de-los-carnavales-mercedinos\/#primaryimage"},"image":{"@id":"https:\/\/noticiasmercedinas.com\/site\/2025\/02\/27\/se-viene-una-nueva-edicion-de-los-carnavales-mercedinos\/#primaryimage"},"thumbnailUrl":"https:\/\/noticiasmercedinas.com\/site\/wp-content\/uploads\/2025\/02\/726414e8-fae1-4a84-8063-84eaee6cb428.jpg","datePublished":"2025-02-27T16:32:21+00:00","breadcrumb":{"@id":"https:\/\/noticiasmercedinas.com\/site\/2025\/02\/27\/se-viene-una-nueva-edicion-de-los-carnavales-mercedinos\/#breadcrumb"},"inLanguage":"es","potentialAction":[{"@type":"ReadAction","target":["https:\/\/noticiasmercedinas.com\/site\/2025\/02\/27\/se-viene-una-nueva-edicion-de-los-carnavales-mercedinos\/"]}]},{"@type":"ImageObject","inLanguage":"es","@id":"https:\/\/noticiasmercedinas.com\/site\/2025\/02\/27\/se-viene-una-nueva-edicion-de-los-carnavales-mercedinos\/#primaryimage","url":"https:\/\/noticiasmercedinas.com\/site\/wp-content\/uploads\/2025\/02\/726414e8-fae1-4a84-8063-84eaee6cb428.jpg","contentUrl":"https:\/\/noticiasmercedinas.com\/site\/wp-content\/uploads\/2025\/02\/726414e8-fae1-4a84-8063-84eaee6cb428.jpg","width":1553,"height":879},{"@type":"BreadcrumbList","@id":"https:\/\/noticiasmercedinas.com\/site\/2025\/02\/27\/se-viene-una-nueva-edicion-de-los-carnavales-mercedinos\/#breadcrumb","itemListElement":[{"@type":"ListItem","position":1,"name":"Portada","item":"https:\/\/noticiasmercedinas.com\/site\/"},{"@type":"ListItem","position":2,"name":"Se viene una nueva edici\u00f3n de los Carnavales Mercedinos"}]},{"@type":"WebSite","@id":"https:\/\/noticiasmercedinas.com\/site\/#website","url":"https:\/\/noticiasmercedinas.com\/site\/","name":"NOTICIASMERCEDINAS.COM","description":"Mercedes, Buenos Aires, Argentina","publisher":{"@id":"https:\/\/noticiasmercedinas.com\/site\/#organization"},"potentialAction":[{"@type":"SearchAction","target":{"@type":"EntryPoint","urlTemplate":"https:\/\/noticiasmercedinas.com\/site\/?s={search_term_string}"},"query-input":{"@type":"PropertyValueSpecification","valueRequired":true,"valueName":"search_term_string"}}],"inLanguage":"es"},{"@type":"Organization","@id":"https:\/\/noticiasmercedinas.com\/site\/#organization","name":"NOTICIASMERCEDINAS.COM","url":"https:\/\/noticiasmercedinas.com\/site\/","logo":{"@type":"ImageObject","inLanguage":"es","@id":"https:\/\/noticiasmercedinas.com\/site\/#\/schema\/logo\/image\/","url":"https:\/\/noticiasmercedinas.com\/site\/wp-content\/uploads\/2020\/06\/LOGO-512.jpg","contentUrl":"https:\/\/noticiasmercedinas.com\/site\/wp-content\/uploads\/2020\/06\/LOGO-512.jpg","width":512,"height":512,"caption":"NOTICIASMERCEDINAS.COM"},"image":{"@id":"https:\/\/noticiasmercedinas.com\/site\/#\/schema\/logo\/image\/"},"sameAs":["https:\/\/www.facebook.com\/noticiasmercedinas\/","https:\/\/x.com\/notmercedinas","https:\/\/www.instagram.com\/noticiasmercedinas\/"]},{"@type":"Person","@id":"https:\/\/noticiasmercedinas.com\/site\/#\/schema\/person\/84b59c099c28ff2e8b77d4ceec5d8063","name":"NOTICIASMERCEDINAS.COM","image":{"@type":"ImageObject","inLanguage":"es","@id":"https:\/\/secure.gravatar.com\/avatar\/4dfbf16b4d17945bfb6341b2d19043457132fcf478a5ee04f42e959fd8f5df0a?s=96&d=mm&r=g","url":"https:\/\/secure.gravatar.com\/avatar\/4dfbf16b4d17945bfb6341b2d19043457132fcf478a5ee04f42e959fd8f5df0a?s=96&d=mm&r=g","contentUrl":"https:\/\/secure.gravatar.com\/avatar\/4dfbf16b4d17945bfb6341b2d19043457132fcf478a5ee04f42e959fd8f5df0a?s=96&d=mm&r=g","caption":"NOTICIASMERCEDINAS.COM"},"url":"https:\/\/noticiasmercedinas.com\/site\/author\/anonimo\/"}]}},"amp_enabled":true,"_links":{"self":[{"href":"https:\/\/noticiasmercedinas.com\/site\/wp-json\/wp\/v2\/posts\/154245","targetHints":{"allow":["GET"]}}],"collection":[{"href":"https:\/\/noticiasmercedinas.com\/site\/wp-json\/wp\/v2\/posts"}],"about":[{"href":"https:\/\/noticiasmercedinas.com\/site\/wp-json\/wp\/v2\/types\/post"}],"author":[{"embeddable":true,"href":"https:\/\/noticiasmercedinas.com\/site\/wp-json\/wp\/v2\/users\/16"}],"replies":[{"embeddable":true,"href":"https:\/\/noticiasmercedinas.com\/site\/wp-json\/wp\/v2\/comments?post=154245"}],"version-history":[{"count":1,"href":"https:\/\/noticiasmercedinas.com\/site\/wp-json\/wp\/v2\/posts\/154245\/revisions"}],"predecessor-version":[{"id":154249,"href":"https:\/\/noticiasmercedinas.com\/site\/wp-json\/wp\/v2\/posts\/154245\/revisions\/154249"}],"wp:featuredmedia":[{"embeddable":true,"href":"https:\/\/noticiasmercedinas.com\/site\/wp-json\/wp\/v2\/media\/154246"}],"wp:attachment":[{"href":"https:\/\/noticiasmercedinas.com\/site\/wp-json\/wp\/v2\/media?parent=154245"}],"wp:term":[{"taxonomy":"category","embeddable":true,"href":"https:\/\/noticiasmercedinas.com\/site\/wp-json\/wp\/v2\/categories?post=154245"},{"taxonomy":"post_tag","embeddable":true,"href":"https:\/\/noticiasmercedinas.com\/site\/wp-json\/wp\/v2\/tags?post=154245"}],"curies":[{"name":"wp","href":"https:\/\/api.w.org\/{rel}","templated":true}]}}