{"id":154768,"date":"2025-03-08T16:43:32","date_gmt":"2025-03-08T19:43:32","guid":{"rendered":"https:\/\/noticiasmercedinas.com\/site\/?p=154768"},"modified":"2025-03-08T16:43:32","modified_gmt":"2025-03-08T19:43:32","slug":"carnavales-se-despiden-con-solidaridad-y-compromiso-y-se-unen-al-dia-de-la-mujer","status":"publish","type":"post","link":"https:\/\/noticiasmercedinas.com\/site\/2025\/03\/08\/carnavales-se-despiden-con-solidaridad-y-compromiso-y-se-unen-al-dia-de-la-mujer\/","title":{"rendered":"Carnavales se despiden con solidaridad y compromiso, y se unen al D\u00eda de la Mujer"},"content":{"rendered":"<p><img loading=\"lazy\" decoding=\"async\" class=\"alignnone size-full wp-image-154769\" src=\"https:\/\/noticiasmercedinas.com\/site\/wp-content\/uploads\/2025\/03\/60cd05a2-efe9-4317-9415-830f2db33f11.jpg\" alt=\"\" width=\"1080\" height=\"1350\" srcset=\"https:\/\/noticiasmercedinas.com\/site\/wp-content\/uploads\/2025\/03\/60cd05a2-efe9-4317-9415-830f2db33f11.jpg 1080w, https:\/\/noticiasmercedinas.com\/site\/wp-content\/uploads\/2025\/03\/60cd05a2-efe9-4317-9415-830f2db33f11-240x300.jpg 240w, https:\/\/noticiasmercedinas.com\/site\/wp-content\/uploads\/2025\/03\/60cd05a2-efe9-4317-9415-830f2db33f11-819x1024.jpg 819w, https:\/\/noticiasmercedinas.com\/site\/wp-content\/uploads\/2025\/03\/60cd05a2-efe9-4317-9415-830f2db33f11-768x960.jpg 768w, https:\/\/noticiasmercedinas.com\/site\/wp-content\/uploads\/2025\/03\/60cd05a2-efe9-4317-9415-830f2db33f11-640x800.jpg 640w, https:\/\/noticiasmercedinas.com\/site\/wp-content\/uploads\/2025\/03\/60cd05a2-efe9-4317-9415-830f2db33f11-681x851.jpg 681w\" sizes=\"auto, (max-width: 1080px) 100vw, 1080px\" \/><\/p>\n<p>Los carnavales 2025 se despedir\u00e1n esta noche con solidaridad y compromiso: el corso servir\u00e1 para reunir alimentos no perecederos que ser\u00e1n enviados a Bah\u00eda Blanca, que qued\u00f3 devastada tras el paso de un furioso temporal, y paralelamente se desarrollar\u00e1 una marcha para conmemorar el 8M, Dia Internacional de la Mujer Trabajadora.<\/p>\n<p>La avenida 29, como ya es tradicional, servir\u00e1 este s\u00e1bado de escenario para una noche \u201cextra\u201d de los corsos 2025.<\/p>\n<p>Las fuertes lluvias ca\u00eddas el fin de semana pasado impidieron la normal realizaci\u00f3n del carnaval y la Municipalidad organiz\u00f3 esta jornada adicional.<\/p>\n<p>Lo merec\u00edan comparsas, murgas y carrozas despu\u00e9s de un a\u00f1o de trabajo, ensayos y esfuerzos para llegar a esta fiesta; y tambi\u00e9n lo merec\u00edan los clubes e instituciones que llevan adelante las cantinas.<\/p>\n<p>Pero, luego del tr\u00e1gico temporal que pas\u00f3 entre jueves y viernes por Bah\u00eda Blanca, los organizadores del corso decidieron sumar su granito de arena: para acceder al sector de sillas habr\u00e1 que llevar un alimento no perecedero (y a la movida solidaria se podr\u00e1n sumar todos los asistentes). Todo lo reunido ser\u00e1 enviado a la ciudad del sur bonaerense para ayudar a los afectados por la tormenta y las inundaciones.<\/p>\n<p>Mientras tanto, en la Plaza San Mart\u00edn se desarrollar\u00e1 una jornada en conmemoraci\u00f3n del 8M, D\u00eda Internacional de la Mujer: las Mujeres y Diversidades mercedinas autoconvocadas conducir\u00e1n a las 18 una marcha feminista, antifascista y antirracista, adem\u00e1s de adherir al paro internacional.<\/p>\n","protected":false},"excerpt":{"rendered":"<p>\u25a0 Se reunir\u00e1n alimentos no perecederos que ser\u00e1n enviados a Bah\u00eda Blanca, que qued\u00f3 devastada tras el paso de un furioso temporal, y paralelamente se desarrollar\u00e1 una marcha para conmemorar el 8M.<\/p>\n","protected":false},"author":16,"featured_media":154769,"comment_status":"closed","ping_status":"closed","sticky":false,"template":"","format":"standard","meta":{"footnotes":""},"categories":[3],"tags":[3475,2975,956,3628,81],"class_list":["post-154768","post","type-post","status-publish","format-standard","has-post-thumbnail","hentry","category-sociedad","tag-8m","tag-bahia-blanca","tag-carnaval","tag-dia-de-la-mujer","tag-solidaridad"],"yoast_head":"<!-- This site is optimized with the Yoast SEO plugin v27.4 - https:\/\/yoast.com\/product\/yoast-seo-wordpress\/ -->\n<title>Carnavales se despiden con solidaridad y compromiso, y se unen al D\u00eda de la Mujer<\/title>\n<meta name=\"robots\" content=\"index, follow, max-snippet:-1, max-image-preview:large, max-video-preview:-1\" \/>\n<link rel=\"canonical\" href=\"https:\/\/noticiasmercedinas.com\/site\/2025\/03\/08\/carnavales-se-despiden-con-solidaridad-y-compromiso-y-se-unen-al-dia-de-la-mujer\/\" \/>\n<meta property=\"og:locale\" content=\"es_ES\" \/>\n<meta property=\"og:type\" content=\"article\" \/>\n<meta property=\"og:title\" content=\"Carnavales se despiden con solidaridad y compromiso, y se unen al D\u00eda de la Mujer\" \/>\n<meta property=\"og:description\" content=\"\u25a0 Se reunir\u00e1n alimentos no perecederos que ser\u00e1n enviados a Bah\u00eda Blanca, que qued\u00f3 devastada tras el paso de un furioso temporal, y paralelamente se desarrollar\u00e1 una marcha para conmemorar el 8M.\" \/>\n<meta property=\"og:url\" content=\"https:\/\/noticiasmercedinas.com\/site\/2025\/03\/08\/carnavales-se-despiden-con-solidaridad-y-compromiso-y-se-unen-al-dia-de-la-mujer\/\" \/>\n<meta property=\"og:site_name\" content=\"NOTICIASMERCEDINAS.COM\" \/>\n<meta property=\"article:publisher\" content=\"https:\/\/www.facebook.com\/noticiasmercedinas\/\" \/>\n<meta property=\"article:published_time\" content=\"2025-03-08T19:43:32+00:00\" \/>\n<meta property=\"og:image\" content=\"https:\/\/noticiasmercedinas.com\/site\/wp-content\/uploads\/2025\/03\/60cd05a2-efe9-4317-9415-830f2db33f11.jpg\" \/>\n\t<meta property=\"og:image:width\" content=\"1080\" \/>\n\t<meta property=\"og:image:height\" content=\"1350\" \/>\n\t<meta property=\"og:image:type\" content=\"image\/jpeg\" \/>\n<meta name=\"author\" content=\"NOTICIASMERCEDINAS.COM\" \/>\n<meta name=\"twitter:card\" content=\"summary_large_image\" \/>\n<meta name=\"twitter:creator\" content=\"@notmercedinas\" \/>\n<meta name=\"twitter:site\" content=\"@notmercedinas\" \/>\n<meta name=\"twitter:label1\" content=\"Escrito por\" \/>\n\t<meta name=\"twitter:data1\" content=\"NOTICIASMERCEDINAS.COM\" \/>\n\t<meta name=\"twitter:label2\" content=\"Tiempo de lectura\" \/>\n\t<meta name=\"twitter:data2\" content=\"1 minuto\" \/>\n<script type=\"application\/ld+json\" class=\"yoast-schema-graph\">{\"@context\":\"https:\\\/\\\/schema.org\",\"@graph\":[{\"@type\":\"Article\",\"@id\":\"https:\\\/\\\/noticiasmercedinas.com\\\/site\\\/2025\\\/03\\\/08\\\/carnavales-se-despiden-con-solidaridad-y-compromiso-y-se-unen-al-dia-de-la-mujer\\\/#article\",\"isPartOf\":{\"@id\":\"https:\\\/\\\/noticiasmercedinas.com\\\/site\\\/2025\\\/03\\\/08\\\/carnavales-se-despiden-con-solidaridad-y-compromiso-y-se-unen-al-dia-de-la-mujer\\\/\"},\"author\":{\"name\":\"NOTICIASMERCEDINAS.COM\",\"@id\":\"https:\\\/\\\/noticiasmercedinas.com\\\/site\\\/#\\\/schema\\\/person\\\/84b59c099c28ff2e8b77d4ceec5d8063\"},\"headline\":\"Carnavales se despiden con solidaridad y compromiso, y se unen al D\u00eda de la Mujer\",\"datePublished\":\"2025-03-08T19:43:32+00:00\",\"mainEntityOfPage\":{\"@id\":\"https:\\\/\\\/noticiasmercedinas.com\\\/site\\\/2025\\\/03\\\/08\\\/carnavales-se-despiden-con-solidaridad-y-compromiso-y-se-unen-al-dia-de-la-mujer\\\/\"},\"wordCount\":269,\"publisher\":{\"@id\":\"https:\\\/\\\/noticiasmercedinas.com\\\/site\\\/#organization\"},\"image\":{\"@id\":\"https:\\\/\\\/noticiasmercedinas.com\\\/site\\\/2025\\\/03\\\/08\\\/carnavales-se-despiden-con-solidaridad-y-compromiso-y-se-unen-al-dia-de-la-mujer\\\/#primaryimage\"},\"thumbnailUrl\":\"https:\\\/\\\/noticiasmercedinas.com\\\/site\\\/wp-content\\\/uploads\\\/2025\\\/03\\\/60cd05a2-efe9-4317-9415-830f2db33f11.jpg\",\"keywords\":[\"8m\",\"Bah\u00eda Blanca\",\"carnaval\",\"d\u00eda de la mujer\",\"solidaridad\"],\"articleSection\":[\"Sociedad\"],\"inLanguage\":\"es\"},{\"@type\":\"WebPage\",\"@id\":\"https:\\\/\\\/noticiasmercedinas.com\\\/site\\\/2025\\\/03\\\/08\\\/carnavales-se-despiden-con-solidaridad-y-compromiso-y-se-unen-al-dia-de-la-mujer\\\/\",\"url\":\"https:\\\/\\\/noticiasmercedinas.com\\\/site\\\/2025\\\/03\\\/08\\\/carnavales-se-despiden-con-solidaridad-y-compromiso-y-se-unen-al-dia-de-la-mujer\\\/\",\"name\":\"Carnavales se despiden con solidaridad y compromiso, y se unen al D\u00eda de la Mujer\",\"isPartOf\":{\"@id\":\"https:\\\/\\\/noticiasmercedinas.com\\\/site\\\/#website\"},\"primaryImageOfPage\":{\"@id\":\"https:\\\/\\\/noticiasmercedinas.com\\\/site\\\/2025\\\/03\\\/08\\\/carnavales-se-despiden-con-solidaridad-y-compromiso-y-se-unen-al-dia-de-la-mujer\\\/#primaryimage\"},\"image\":{\"@id\":\"https:\\\/\\\/noticiasmercedinas.com\\\/site\\\/2025\\\/03\\\/08\\\/carnavales-se-despiden-con-solidaridad-y-compromiso-y-se-unen-al-dia-de-la-mujer\\\/#primaryimage\"},\"thumbnailUrl\":\"https:\\\/\\\/noticiasmercedinas.com\\\/site\\\/wp-content\\\/uploads\\\/2025\\\/03\\\/60cd05a2-efe9-4317-9415-830f2db33f11.jpg\",\"datePublished\":\"2025-03-08T19:43:32+00:00\",\"breadcrumb\":{\"@id\":\"https:\\\/\\\/noticiasmercedinas.com\\\/site\\\/2025\\\/03\\\/08\\\/carnavales-se-despiden-con-solidaridad-y-compromiso-y-se-unen-al-dia-de-la-mujer\\\/#breadcrumb\"},\"inLanguage\":\"es\",\"potentialAction\":[{\"@type\":\"ReadAction\",\"target\":[\"https:\\\/\\\/noticiasmercedinas.com\\\/site\\\/2025\\\/03\\\/08\\\/carnavales-se-despiden-con-solidaridad-y-compromiso-y-se-unen-al-dia-de-la-mujer\\\/\"]}]},{\"@type\":\"ImageObject\",\"inLanguage\":\"es\",\"@id\":\"https:\\\/\\\/noticiasmercedinas.com\\\/site\\\/2025\\\/03\\\/08\\\/carnavales-se-despiden-con-solidaridad-y-compromiso-y-se-unen-al-dia-de-la-mujer\\\/#primaryimage\",\"url\":\"https:\\\/\\\/noticiasmercedinas.com\\\/site\\\/wp-content\\\/uploads\\\/2025\\\/03\\\/60cd05a2-efe9-4317-9415-830f2db33f11.jpg\",\"contentUrl\":\"https:\\\/\\\/noticiasmercedinas.com\\\/site\\\/wp-content\\\/uploads\\\/2025\\\/03\\\/60cd05a2-efe9-4317-9415-830f2db33f11.jpg\",\"width\":1080,\"height\":1350},{\"@type\":\"BreadcrumbList\",\"@id\":\"https:\\\/\\\/noticiasmercedinas.com\\\/site\\\/2025\\\/03\\\/08\\\/carnavales-se-despiden-con-solidaridad-y-compromiso-y-se-unen-al-dia-de-la-mujer\\\/#breadcrumb\",\"itemListElement\":[{\"@type\":\"ListItem\",\"position\":1,\"name\":\"Portada\",\"item\":\"https:\\\/\\\/noticiasmercedinas.com\\\/site\\\/\"},{\"@type\":\"ListItem\",\"position\":2,\"name\":\"Carnavales se despiden con solidaridad y compromiso, y se unen al D\u00eda de la Mujer\"}]},{\"@type\":\"WebSite\",\"@id\":\"https:\\\/\\\/noticiasmercedinas.com\\\/site\\\/#website\",\"url\":\"https:\\\/\\\/noticiasmercedinas.com\\\/site\\\/\",\"name\":\"NOTICIASMERCEDINAS.COM\",\"description\":\"Mercedes, Buenos Aires, Argentina\",\"publisher\":{\"@id\":\"https:\\\/\\\/noticiasmercedinas.com\\\/site\\\/#organization\"},\"potentialAction\":[{\"@type\":\"SearchAction\",\"target\":{\"@type\":\"EntryPoint\",\"urlTemplate\":\"https:\\\/\\\/noticiasmercedinas.com\\\/site\\\/?s={search_term_string}\"},\"query-input\":{\"@type\":\"PropertyValueSpecification\",\"valueRequired\":true,\"valueName\":\"search_term_string\"}}],\"inLanguage\":\"es\"},{\"@type\":\"Organization\",\"@id\":\"https:\\\/\\\/noticiasmercedinas.com\\\/site\\\/#organization\",\"name\":\"NOTICIASMERCEDINAS.COM\",\"url\":\"https:\\\/\\\/noticiasmercedinas.com\\\/site\\\/\",\"logo\":{\"@type\":\"ImageObject\",\"inLanguage\":\"es\",\"@id\":\"https:\\\/\\\/noticiasmercedinas.com\\\/site\\\/#\\\/schema\\\/logo\\\/image\\\/\",\"url\":\"https:\\\/\\\/noticiasmercedinas.com\\\/site\\\/wp-content\\\/uploads\\\/2020\\\/06\\\/LOGO-512.jpg\",\"contentUrl\":\"https:\\\/\\\/noticiasmercedinas.com\\\/site\\\/wp-content\\\/uploads\\\/2020\\\/06\\\/LOGO-512.jpg\",\"width\":512,\"height\":512,\"caption\":\"NOTICIASMERCEDINAS.COM\"},\"image\":{\"@id\":\"https:\\\/\\\/noticiasmercedinas.com\\\/site\\\/#\\\/schema\\\/logo\\\/image\\\/\"},\"sameAs\":[\"https:\\\/\\\/www.facebook.com\\\/noticiasmercedinas\\\/\",\"https:\\\/\\\/x.com\\\/notmercedinas\",\"https:\\\/\\\/www.instagram.com\\\/noticiasmercedinas\\\/\"]},{\"@type\":\"Person\",\"@id\":\"https:\\\/\\\/noticiasmercedinas.com\\\/site\\\/#\\\/schema\\\/person\\\/84b59c099c28ff2e8b77d4ceec5d8063\",\"name\":\"NOTICIASMERCEDINAS.COM\",\"image\":{\"@type\":\"ImageObject\",\"inLanguage\":\"es\",\"@id\":\"https:\\\/\\\/secure.gravatar.com\\\/avatar\\\/4dfbf16b4d17945bfb6341b2d19043457132fcf478a5ee04f42e959fd8f5df0a?s=96&d=mm&r=g\",\"url\":\"https:\\\/\\\/secure.gravatar.com\\\/avatar\\\/4dfbf16b4d17945bfb6341b2d19043457132fcf478a5ee04f42e959fd8f5df0a?s=96&d=mm&r=g\",\"contentUrl\":\"https:\\\/\\\/secure.gravatar.com\\\/avatar\\\/4dfbf16b4d17945bfb6341b2d19043457132fcf478a5ee04f42e959fd8f5df0a?s=96&d=mm&r=g\",\"caption\":\"NOTICIASMERCEDINAS.COM\"},\"url\":\"https:\\\/\\\/noticiasmercedinas.com\\\/site\\\/author\\\/anonimo\\\/\"}]}<\/script>\n<!-- \/ Yoast SEO plugin. -->","yoast_head_json":{"title":"Carnavales se despiden con solidaridad y compromiso, y se unen al D\u00eda de la Mujer","robots":{"index":"index","follow":"follow","max-snippet":"max-snippet:-1","max-image-preview":"max-image-preview:large","max-video-preview":"max-video-preview:-1"},"canonical":"https:\/\/noticiasmercedinas.com\/site\/2025\/03\/08\/carnavales-se-despiden-con-solidaridad-y-compromiso-y-se-unen-al-dia-de-la-mujer\/","og_locale":"es_ES","og_type":"article","og_title":"Carnavales se despiden con solidaridad y compromiso, y se unen al D\u00eda de la Mujer","og_description":"\u25a0 Se reunir\u00e1n alimentos no perecederos que ser\u00e1n enviados a Bah\u00eda Blanca, que qued\u00f3 devastada tras el paso de un furioso temporal, y paralelamente se desarrollar\u00e1 una marcha para conmemorar el 8M.","og_url":"https:\/\/noticiasmercedinas.com\/site\/2025\/03\/08\/carnavales-se-despiden-con-solidaridad-y-compromiso-y-se-unen-al-dia-de-la-mujer\/","og_site_name":"NOTICIASMERCEDINAS.COM","article_publisher":"https:\/\/www.facebook.com\/noticiasmercedinas\/","article_published_time":"2025-03-08T19:43:32+00:00","og_image":[{"width":1080,"height":1350,"url":"https:\/\/noticiasmercedinas.com\/site\/wp-content\/uploads\/2025\/03\/60cd05a2-efe9-4317-9415-830f2db33f11.jpg","type":"image\/jpeg"}],"author":"NOTICIASMERCEDINAS.COM","twitter_card":"summary_large_image","twitter_creator":"@notmercedinas","twitter_site":"@notmercedinas","twitter_misc":{"Escrito por":"NOTICIASMERCEDINAS.COM","Tiempo de lectura":"1 minuto"},"schema":{"@context":"https:\/\/schema.org","@graph":[{"@type":"Article","@id":"https:\/\/noticiasmercedinas.com\/site\/2025\/03\/08\/carnavales-se-despiden-con-solidaridad-y-compromiso-y-se-unen-al-dia-de-la-mujer\/#article","isPartOf":{"@id":"https:\/\/noticiasmercedinas.com\/site\/2025\/03\/08\/carnavales-se-despiden-con-solidaridad-y-compromiso-y-se-unen-al-dia-de-la-mujer\/"},"author":{"name":"NOTICIASMERCEDINAS.COM","@id":"https:\/\/noticiasmercedinas.com\/site\/#\/schema\/person\/84b59c099c28ff2e8b77d4ceec5d8063"},"headline":"Carnavales se despiden con solidaridad y compromiso, y se unen al D\u00eda de la Mujer","datePublished":"2025-03-08T19:43:32+00:00","mainEntityOfPage":{"@id":"https:\/\/noticiasmercedinas.com\/site\/2025\/03\/08\/carnavales-se-despiden-con-solidaridad-y-compromiso-y-se-unen-al-dia-de-la-mujer\/"},"wordCount":269,"publisher":{"@id":"https:\/\/noticiasmercedinas.com\/site\/#organization"},"image":{"@id":"https:\/\/noticiasmercedinas.com\/site\/2025\/03\/08\/carnavales-se-despiden-con-solidaridad-y-compromiso-y-se-unen-al-dia-de-la-mujer\/#primaryimage"},"thumbnailUrl":"https:\/\/noticiasmercedinas.com\/site\/wp-content\/uploads\/2025\/03\/60cd05a2-efe9-4317-9415-830f2db33f11.jpg","keywords":["8m","Bah\u00eda Blanca","carnaval","d\u00eda de la mujer","solidaridad"],"articleSection":["Sociedad"],"inLanguage":"es"},{"@type":"WebPage","@id":"https:\/\/noticiasmercedinas.com\/site\/2025\/03\/08\/carnavales-se-despiden-con-solidaridad-y-compromiso-y-se-unen-al-dia-de-la-mujer\/","url":"https:\/\/noticiasmercedinas.com\/site\/2025\/03\/08\/carnavales-se-despiden-con-solidaridad-y-compromiso-y-se-unen-al-dia-de-la-mujer\/","name":"Carnavales se despiden con solidaridad y compromiso, y se unen al D\u00eda de la Mujer","isPartOf":{"@id":"https:\/\/noticiasmercedinas.com\/site\/#website"},"primaryImageOfPage":{"@id":"https:\/\/noticiasmercedinas.com\/site\/2025\/03\/08\/carnavales-se-despiden-con-solidaridad-y-compromiso-y-se-unen-al-dia-de-la-mujer\/#primaryimage"},"image":{"@id":"https:\/\/noticiasmercedinas.com\/site\/2025\/03\/08\/carnavales-se-despiden-con-solidaridad-y-compromiso-y-se-unen-al-dia-de-la-mujer\/#primaryimage"},"thumbnailUrl":"https:\/\/noticiasmercedinas.com\/site\/wp-content\/uploads\/2025\/03\/60cd05a2-efe9-4317-9415-830f2db33f11.jpg","datePublished":"2025-03-08T19:43:32+00:00","breadcrumb":{"@id":"https:\/\/noticiasmercedinas.com\/site\/2025\/03\/08\/carnavales-se-despiden-con-solidaridad-y-compromiso-y-se-unen-al-dia-de-la-mujer\/#breadcrumb"},"inLanguage":"es","potentialAction":[{"@type":"ReadAction","target":["https:\/\/noticiasmercedinas.com\/site\/2025\/03\/08\/carnavales-se-despiden-con-solidaridad-y-compromiso-y-se-unen-al-dia-de-la-mujer\/"]}]},{"@type":"ImageObject","inLanguage":"es","@id":"https:\/\/noticiasmercedinas.com\/site\/2025\/03\/08\/carnavales-se-despiden-con-solidaridad-y-compromiso-y-se-unen-al-dia-de-la-mujer\/#primaryimage","url":"https:\/\/noticiasmercedinas.com\/site\/wp-content\/uploads\/2025\/03\/60cd05a2-efe9-4317-9415-830f2db33f11.jpg","contentUrl":"https:\/\/noticiasmercedinas.com\/site\/wp-content\/uploads\/2025\/03\/60cd05a2-efe9-4317-9415-830f2db33f11.jpg","width":1080,"height":1350},{"@type":"BreadcrumbList","@id":"https:\/\/noticiasmercedinas.com\/site\/2025\/03\/08\/carnavales-se-despiden-con-solidaridad-y-compromiso-y-se-unen-al-dia-de-la-mujer\/#breadcrumb","itemListElement":[{"@type":"ListItem","position":1,"name":"Portada","item":"https:\/\/noticiasmercedinas.com\/site\/"},{"@type":"ListItem","position":2,"name":"Carnavales se despiden con solidaridad y compromiso, y se unen al D\u00eda de la Mujer"}]},{"@type":"WebSite","@id":"https:\/\/noticiasmercedinas.com\/site\/#website","url":"https:\/\/noticiasmercedinas.com\/site\/","name":"NOTICIASMERCEDINAS.COM","description":"Mercedes, Buenos Aires, Argentina","publisher":{"@id":"https:\/\/noticiasmercedinas.com\/site\/#organization"},"potentialAction":[{"@type":"SearchAction","target":{"@type":"EntryPoint","urlTemplate":"https:\/\/noticiasmercedinas.com\/site\/?s={search_term_string}"},"query-input":{"@type":"PropertyValueSpecification","valueRequired":true,"valueName":"search_term_string"}}],"inLanguage":"es"},{"@type":"Organization","@id":"https:\/\/noticiasmercedinas.com\/site\/#organization","name":"NOTICIASMERCEDINAS.COM","url":"https:\/\/noticiasmercedinas.com\/site\/","logo":{"@type":"ImageObject","inLanguage":"es","@id":"https:\/\/noticiasmercedinas.com\/site\/#\/schema\/logo\/image\/","url":"https:\/\/noticiasmercedinas.com\/site\/wp-content\/uploads\/2020\/06\/LOGO-512.jpg","contentUrl":"https:\/\/noticiasmercedinas.com\/site\/wp-content\/uploads\/2020\/06\/LOGO-512.jpg","width":512,"height":512,"caption":"NOTICIASMERCEDINAS.COM"},"image":{"@id":"https:\/\/noticiasmercedinas.com\/site\/#\/schema\/logo\/image\/"},"sameAs":["https:\/\/www.facebook.com\/noticiasmercedinas\/","https:\/\/x.com\/notmercedinas","https:\/\/www.instagram.com\/noticiasmercedinas\/"]},{"@type":"Person","@id":"https:\/\/noticiasmercedinas.com\/site\/#\/schema\/person\/84b59c099c28ff2e8b77d4ceec5d8063","name":"NOTICIASMERCEDINAS.COM","image":{"@type":"ImageObject","inLanguage":"es","@id":"https:\/\/secure.gravatar.com\/avatar\/4dfbf16b4d17945bfb6341b2d19043457132fcf478a5ee04f42e959fd8f5df0a?s=96&d=mm&r=g","url":"https:\/\/secure.gravatar.com\/avatar\/4dfbf16b4d17945bfb6341b2d19043457132fcf478a5ee04f42e959fd8f5df0a?s=96&d=mm&r=g","contentUrl":"https:\/\/secure.gravatar.com\/avatar\/4dfbf16b4d17945bfb6341b2d19043457132fcf478a5ee04f42e959fd8f5df0a?s=96&d=mm&r=g","caption":"NOTICIASMERCEDINAS.COM"},"url":"https:\/\/noticiasmercedinas.com\/site\/author\/anonimo\/"}]}},"amp_enabled":true,"_links":{"self":[{"href":"https:\/\/noticiasmercedinas.com\/site\/wp-json\/wp\/v2\/posts\/154768","targetHints":{"allow":["GET"]}}],"collection":[{"href":"https:\/\/noticiasmercedinas.com\/site\/wp-json\/wp\/v2\/posts"}],"about":[{"href":"https:\/\/noticiasmercedinas.com\/site\/wp-json\/wp\/v2\/types\/post"}],"author":[{"embeddable":true,"href":"https:\/\/noticiasmercedinas.com\/site\/wp-json\/wp\/v2\/users\/16"}],"replies":[{"embeddable":true,"href":"https:\/\/noticiasmercedinas.com\/site\/wp-json\/wp\/v2\/comments?post=154768"}],"version-history":[{"count":1,"href":"https:\/\/noticiasmercedinas.com\/site\/wp-json\/wp\/v2\/posts\/154768\/revisions"}],"predecessor-version":[{"id":154770,"href":"https:\/\/noticiasmercedinas.com\/site\/wp-json\/wp\/v2\/posts\/154768\/revisions\/154770"}],"wp:featuredmedia":[{"embeddable":true,"href":"https:\/\/noticiasmercedinas.com\/site\/wp-json\/wp\/v2\/media\/154769"}],"wp:attachment":[{"href":"https:\/\/noticiasmercedinas.com\/site\/wp-json\/wp\/v2\/media?parent=154768"}],"wp:term":[{"taxonomy":"category","embeddable":true,"href":"https:\/\/noticiasmercedinas.com\/site\/wp-json\/wp\/v2\/categories?post=154768"},{"taxonomy":"post_tag","embeddable":true,"href":"https:\/\/noticiasmercedinas.com\/site\/wp-json\/wp\/v2\/tags?post=154768"}],"curies":[{"name":"wp","href":"https:\/\/api.w.org\/{rel}","templated":true}]}}