{"id":154789,"date":"2025-03-08T21:43:13","date_gmt":"2025-03-09T00:43:13","guid":{"rendered":"https:\/\/noticiasmercedinas.com\/site\/?p=154789"},"modified":"2025-03-09T11:13:28","modified_gmt":"2025-03-09T14:13:28","slug":"carteros-club-mercedes-y-ceramica-las-primeras-campeonas","status":"publish","type":"post","link":"https:\/\/noticiasmercedinas.com\/site\/2025\/03\/08\/carteros-club-mercedes-y-ceramica-las-primeras-campeonas\/","title":{"rendered":"Carteros, Club Mercedes y Cer\u00e1mica las primeras campeonas"},"content":{"rendered":"<p><img loading=\"lazy\" decoding=\"async\" class=\"alignnone size-full wp-image-154790\" src=\"https:\/\/noticiasmercedinas.com\/site\/wp-content\/uploads\/2025\/03\/b59d1b86-39b9-498f-9b18-82787fcbe7df.jpg\" alt=\"\" width=\"640\" height=\"303\" srcset=\"https:\/\/noticiasmercedinas.com\/site\/wp-content\/uploads\/2025\/03\/b59d1b86-39b9-498f-9b18-82787fcbe7df.jpg 640w, https:\/\/noticiasmercedinas.com\/site\/wp-content\/uploads\/2025\/03\/b59d1b86-39b9-498f-9b18-82787fcbe7df-300x142.jpg 300w\" sizes=\"auto, (max-width: 640px) 100vw, 640px\" \/>Luego de postergaciones, demorado el inicio de temporada de la Liga Mercedina de F\u00fatbol, en Palometas consiguieron ponerle fecha a la continuidad del Torneo de Verano 2025. Si bien hubo algunas bajas, la mayor\u00eda de los clubes que tomaron el compromiso fueron parte el \u00faltimo jueves y este s\u00e1bado se una infinidad de partidos, que culminar\u00e1n este domingo.<\/p>\n<p>Hoy se defini\u00f3 el F\u00fatbol Femenino, por al Copa de Oro en dos tiempos de 20 minutos cada uno empataron sin goles Carteros y Trocha, pasando a los penales donde por 4 a 1 se impuso el equipo del barrio Unzu\u00e9 para quedarse con el t\u00edtulo. Hubo entrega de trofeos y medalla a la jugadora destacada del partido, algo que se repiti\u00f3 a lo largo de la tarde.<br \/>\n<iframe loading=\"lazy\" title=\"Final Sub 12 Copa de Oro\" width=\"640\" height=\"360\" src=\"https:\/\/www.youtube.com\/embed\/FFMiO41S8cw?feature=oembed\" frameborder=\"0\" allow=\"accelerometer; autoplay; clipboard-write; encrypted-media; gyroscope; picture-in-picture; web-share\" referrerpolicy=\"strict-origin-when-cross-origin\" allowfullscreen><\/iframe><br \/>\nYa por la Copa de Plata Sub 12 se midieron Club Mercedes y Palometas, qued\u00e1ndose con el resultados en los 40\u2019 el \u201cBlanquinegro\u201d con un 5 a 0, repiti\u00e9ndose la premiaci\u00f3n en medio de una jornada que comenz\u00f3 con lluvia y con el correr de las horas tuvo una notable evoluci\u00f3n en el clima, acompa\u00f1ando el sol por la tarde, mostr\u00e1ndose los campos de juego aptos con algo de agua que no impidi\u00f3 llevar adelante los partidos.<br \/>\n<iframe loading=\"lazy\" title=\"Copa de Plata, Mercedes 5 Palometas 0 Sub 12 \u26bd\ufe0f\" width=\"640\" height=\"360\" src=\"https:\/\/www.youtube.com\/embed\/YVLUtILBRFA?feature=oembed\" frameborder=\"0\" allow=\"accelerometer; autoplay; clipboard-write; encrypted-media; gyroscope; picture-in-picture; web-share\" referrerpolicy=\"strict-origin-when-cross-origin\" allowfullscreen><\/iframe><br \/>\nEste s\u00e1bado tambi\u00e9n hubo lugar para la final Sub 12 en la Copa de Oro, entre Cer\u00e1mica de Chivilcoy y Club Mercedes, disputado partido que parec\u00eda encaminarse a los penales. Ganando sobre la hora Cer\u00e1mica y con ello adue\u00f1\u00e1ndose del primer lugar, este club es recientemente afiliado a la Liga y mostr\u00f3 que ser\u00e1 animador del certamen.<br \/>\n<iframe loading=\"lazy\" title=\"Cer\u00e1mica Sub 14 gana el Torneo de Verano \u26bd\ufe0f\" width=\"640\" height=\"360\" src=\"https:\/\/www.youtube.com\/embed\/SCpZTGQkAHM?feature=oembed\" frameborder=\"0\" allow=\"accelerometer; autoplay; clipboard-write; encrypted-media; gyroscope; picture-in-picture; web-share\" referrerpolicy=\"strict-origin-when-cross-origin\" allowfullscreen><\/iframe><br \/>\nA lo largo de la extensa jornada del s\u00e1bado, que se prolong\u00f3 hasta las primeras horas de la noche, tambi\u00e9n hubo partidos masculinos donde se fueron buscando a los clasificados de cada categor\u00eda. Ya para este domingo 9 quedar\u00e1n las semifinales y finales, todas en cancha de 9, finalizando de esta manera un concurrido Torneo de Verano que ha vuelto a tener una importante convocatoria de p\u00fablico. La convivencia ha sido positiva, clubes locales y de la regi\u00f3n han aceptado el sistema de juego y superando las demoras del clima le van dando forma a lo que es la previa la temporada oficial.<\/p>\n\r\n                <style type=\"text\/css\">\r\n                    \r\n                    #td_uid_1_69f71fc75a516  .td-doubleSlider-2 .td-item1 {\r\n                        background: url(https:\/\/noticiasmercedinas.com\/site\/wp-content\/uploads\/2025\/03\/6fc5088c-892f-48bf-8cbc-740d30ddd823-160x120.jpg) 0 0 no-repeat;\r\n                    }\r\n                    #td_uid_1_69f71fc75a516  .td-doubleSlider-2 .td-item2 {\r\n                        background: url(https:\/\/noticiasmercedinas.com\/site\/wp-content\/uploads\/2025\/03\/48e7601b-433f-4c7c-ade4-cb6852dda4c0-160x120.jpg) 0 0 no-repeat;\r\n                    }\r\n                    #td_uid_1_69f71fc75a516  .td-doubleSlider-2 .td-item3 {\r\n                        background: url(https:\/\/noticiasmercedinas.com\/site\/wp-content\/uploads\/2025\/03\/352bca78-b3f2-4133-83a1-bd665fb6f6c7-160x120.jpg) 0 0 no-repeat;\r\n                    }\r\n                    #td_uid_1_69f71fc75a516  .td-doubleSlider-2 .td-item4 {\r\n                        background: url(https:\/\/noticiasmercedinas.com\/site\/wp-content\/uploads\/2025\/03\/05719df0-1359-478d-b545-2317b7fa8a15-160x120.jpg) 0 0 no-repeat;\r\n                    }\r\n                    #td_uid_1_69f71fc75a516  .td-doubleSlider-2 .td-item5 {\r\n                        background: url(https:\/\/noticiasmercedinas.com\/site\/wp-content\/uploads\/2025\/03\/a5c87037-9e3c-4154-a985-69add3f20e61-160x120.jpg) 0 0 no-repeat;\r\n                    }\r\n                    #td_uid_1_69f71fc75a516  .td-doubleSlider-2 .td-item6 {\r\n                        background: url(https:\/\/noticiasmercedinas.com\/site\/wp-content\/uploads\/2025\/03\/ae7bcae4-adda-45c3-86d7-4975bb37d4d8-160x120.jpg) 0 0 no-repeat;\r\n                    }\r\n                    #td_uid_1_69f71fc75a516  .td-doubleSlider-2 .td-item7 {\r\n                        background: url(https:\/\/noticiasmercedinas.com\/site\/wp-content\/uploads\/2025\/03\/d9af9213-d16f-4d23-a04d-513e9c557d85-160x120.jpg) 0 0 no-repeat;\r\n                    }\r\n                    #td_uid_1_69f71fc75a516  .td-doubleSlider-2 .td-item8 {\r\n                        background: url(https:\/\/noticiasmercedinas.com\/site\/wp-content\/uploads\/2025\/03\/e0dcb041-0053-41ad-aee0-6d01fb28d25b-160x120.jpg) 0 0 no-repeat;\r\n                    }\r\n                    #td_uid_1_69f71fc75a516  .td-doubleSlider-2 .td-item9 {\r\n                        background: url(https:\/\/noticiasmercedinas.com\/site\/wp-content\/uploads\/2025\/03\/f6598263-e56f-4b9e-b33f-620028bca068-160x120.jpg) 0 0 no-repeat;\r\n                    }\r\n                <\/style>\r\n\r\n                <div id=\"td_uid_1_69f71fc75a516\" class=\"td-gallery td-slide-on-2-columns\">\r\n                    <div class=\"post_td_gallery\">\r\n                        <div class=\"td-gallery-slide-top\">\r\n                           <div class=\"td-gallery-title\">Torneo de Verano<\/div>\r\n\r\n                            <div class=\"td-gallery-controls-wrapper\">\r\n                                <div class=\"td-gallery-slide-count\"><span class=\"td-gallery-slide-item-focus\">1<\/span> de 9<\/div>\r\n                                <div class=\"td-gallery-slide-prev-next-but\">\r\n                                    <i class = \"td-icon-left doubleSliderPrevButton\"><\/i>\r\n                                    <i class = \"td-icon-right doubleSliderNextButton\"><\/i>\r\n                                <\/div>\r\n                            <\/div>\r\n                        <\/div>\r\n\r\n                        <div class = \"td-doubleSlider-1 \">\r\n                            <div class = \"td-slider\">\r\n                                \r\n                    <div class = \"td-slide-item td-item1\">\r\n                        <figure class=\"td-slide-galery-figure td-slide-popup-gallery\">\r\n                            <a class=\"slide-gallery-image-link\" href=\"https:\/\/noticiasmercedinas.com\/site\/wp-content\/uploads\/2025\/03\/6fc5088c-892f-48bf-8cbc-740d30ddd823.jpg\" title=\"6fc5088c-892f-48bf-8cbc-740d30ddd823\"  data-caption=\"\"  data-description=\"\">\r\n                                <img decoding=\"async\" src=\"https:\/\/noticiasmercedinas.com\/site\/wp-content\/uploads\/2025\/03\/6fc5088c-892f-48bf-8cbc-740d30ddd823.jpg\" srcset=\"https:\/\/noticiasmercedinas.com\/site\/wp-content\/uploads\/2025\/03\/6fc5088c-892f-48bf-8cbc-740d30ddd823.jpg 440w, https:\/\/noticiasmercedinas.com\/site\/wp-content\/uploads\/2025\/03\/6fc5088c-892f-48bf-8cbc-740d30ddd823-300x258.jpg 300w\" sizes=\"(max-width: 440px) 100vw, 440px\" alt=\"\">\r\n                            <\/a>\r\n                            \r\n                        <\/figure>\r\n                    <\/div>\r\n                    <div class = \"td-slide-item td-item2\">\r\n                        <figure class=\"td-slide-galery-figure td-slide-popup-gallery\">\r\n                            <a class=\"slide-gallery-image-link\" href=\"https:\/\/noticiasmercedinas.com\/site\/wp-content\/uploads\/2025\/03\/48e7601b-433f-4c7c-ade4-cb6852dda4c0.jpg\" title=\"48e7601b-433f-4c7c-ade4-cb6852dda4c0\"  data-caption=\"\"  data-description=\"\">\r\n                                <img decoding=\"async\" src=\"https:\/\/noticiasmercedinas.com\/site\/wp-content\/uploads\/2025\/03\/48e7601b-433f-4c7c-ade4-cb6852dda4c0.jpg\" srcset=\"https:\/\/noticiasmercedinas.com\/site\/wp-content\/uploads\/2025\/03\/48e7601b-433f-4c7c-ade4-cb6852dda4c0.jpg 627w, https:\/\/noticiasmercedinas.com\/site\/wp-content\/uploads\/2025\/03\/48e7601b-433f-4c7c-ade4-cb6852dda4c0-300x89.jpg 300w\" sizes=\"(max-width: 627px) 100vw, 627px\" alt=\"\">\r\n                            <\/a>\r\n                            \r\n                        <\/figure>\r\n                    <\/div>\r\n                    <div class = \"td-slide-item td-item3\">\r\n                        <figure class=\"td-slide-galery-figure td-slide-popup-gallery\">\r\n                            <a class=\"slide-gallery-image-link\" href=\"https:\/\/noticiasmercedinas.com\/site\/wp-content\/uploads\/2025\/03\/352bca78-b3f2-4133-83a1-bd665fb6f6c7.jpg\" title=\"352bca78-b3f2-4133-83a1-bd665fb6f6c7\"  data-caption=\"\"  data-description=\"\">\r\n                                <img decoding=\"async\" src=\"https:\/\/noticiasmercedinas.com\/site\/wp-content\/uploads\/2025\/03\/352bca78-b3f2-4133-83a1-bd665fb6f6c7.jpg\" srcset=\"https:\/\/noticiasmercedinas.com\/site\/wp-content\/uploads\/2025\/03\/352bca78-b3f2-4133-83a1-bd665fb6f6c7.jpg 486w, https:\/\/noticiasmercedinas.com\/site\/wp-content\/uploads\/2025\/03\/352bca78-b3f2-4133-83a1-bd665fb6f6c7-300x234.jpg 300w\" sizes=\"(max-width: 486px) 100vw, 486px\" alt=\"\">\r\n                            <\/a>\r\n                            \r\n                        <\/figure>\r\n                    <\/div>\r\n                    <div class = \"td-slide-item td-item4\">\r\n                        <figure class=\"td-slide-galery-figure td-slide-popup-gallery\">\r\n                            <a class=\"slide-gallery-image-link\" href=\"https:\/\/noticiasmercedinas.com\/site\/wp-content\/uploads\/2025\/03\/05719df0-1359-478d-b545-2317b7fa8a15.jpg\" title=\"05719df0-1359-478d-b545-2317b7fa8a15\"  data-caption=\"\"  data-description=\"\">\r\n                                <img decoding=\"async\" src=\"https:\/\/noticiasmercedinas.com\/site\/wp-content\/uploads\/2025\/03\/05719df0-1359-478d-b545-2317b7fa8a15.jpg\" srcset=\"https:\/\/noticiasmercedinas.com\/site\/wp-content\/uploads\/2025\/03\/05719df0-1359-478d-b545-2317b7fa8a15.jpg 616w, https:\/\/noticiasmercedinas.com\/site\/wp-content\/uploads\/2025\/03\/05719df0-1359-478d-b545-2317b7fa8a15-300x91.jpg 300w\" sizes=\"(max-width: 616px) 100vw, 616px\" alt=\"\">\r\n                            <\/a>\r\n                            \r\n                        <\/figure>\r\n                    <\/div>\r\n                    <div class = \"td-slide-item td-item5\">\r\n                        <figure class=\"td-slide-galery-figure td-slide-popup-gallery\">\r\n                            <a class=\"slide-gallery-image-link\" href=\"https:\/\/noticiasmercedinas.com\/site\/wp-content\/uploads\/2025\/03\/a5c87037-9e3c-4154-a985-69add3f20e61.jpg\" title=\"a5c87037-9e3c-4154-a985-69add3f20e61\"  data-caption=\"\"  data-description=\"\">\r\n                                <img decoding=\"async\" src=\"https:\/\/noticiasmercedinas.com\/site\/wp-content\/uploads\/2025\/03\/a5c87037-9e3c-4154-a985-69add3f20e61.jpg\" srcset=\"https:\/\/noticiasmercedinas.com\/site\/wp-content\/uploads\/2025\/03\/a5c87037-9e3c-4154-a985-69add3f20e61.jpg 448w, https:\/\/noticiasmercedinas.com\/site\/wp-content\/uploads\/2025\/03\/a5c87037-9e3c-4154-a985-69add3f20e61-300x276.jpg 300w\" sizes=\"(max-width: 448px) 100vw, 448px\" alt=\"\">\r\n                            <\/a>\r\n                            \r\n                        <\/figure>\r\n                    <\/div>\r\n                    <div class = \"td-slide-item td-item6\">\r\n                        <figure class=\"td-slide-galery-figure td-slide-popup-gallery\">\r\n                            <a class=\"slide-gallery-image-link\" href=\"https:\/\/noticiasmercedinas.com\/site\/wp-content\/uploads\/2025\/03\/ae7bcae4-adda-45c3-86d7-4975bb37d4d8.jpg\" title=\"ae7bcae4-adda-45c3-86d7-4975bb37d4d8\"  data-caption=\"\"  data-description=\"\">\r\n                                <img decoding=\"async\" src=\"https:\/\/noticiasmercedinas.com\/site\/wp-content\/uploads\/2025\/03\/ae7bcae4-adda-45c3-86d7-4975bb37d4d8.jpg\" srcset=\"https:\/\/noticiasmercedinas.com\/site\/wp-content\/uploads\/2025\/03\/ae7bcae4-adda-45c3-86d7-4975bb37d4d8.jpg 430w, https:\/\/noticiasmercedinas.com\/site\/wp-content\/uploads\/2025\/03\/ae7bcae4-adda-45c3-86d7-4975bb37d4d8-281x300.jpg 281w\" sizes=\"(max-width: 430px) 100vw, 430px\" alt=\"\">\r\n                            <\/a>\r\n                            \r\n                        <\/figure>\r\n                    <\/div>\r\n                    <div class = \"td-slide-item td-item7\">\r\n                        <figure class=\"td-slide-galery-figure td-slide-popup-gallery\">\r\n                            <a class=\"slide-gallery-image-link\" href=\"https:\/\/noticiasmercedinas.com\/site\/wp-content\/uploads\/2025\/03\/d9af9213-d16f-4d23-a04d-513e9c557d85.jpg\" title=\"d9af9213-d16f-4d23-a04d-513e9c557d85\"  data-caption=\"\"  data-description=\"\">\r\n                                <img decoding=\"async\" src=\"https:\/\/noticiasmercedinas.com\/site\/wp-content\/uploads\/2025\/03\/d9af9213-d16f-4d23-a04d-513e9c557d85.jpg\" srcset=\"https:\/\/noticiasmercedinas.com\/site\/wp-content\/uploads\/2025\/03\/d9af9213-d16f-4d23-a04d-513e9c557d85.jpg 459w, https:\/\/noticiasmercedinas.com\/site\/wp-content\/uploads\/2025\/03\/d9af9213-d16f-4d23-a04d-513e9c557d85-300x252.jpg 300w\" sizes=\"(max-width: 459px) 100vw, 459px\" alt=\"\">\r\n                            <\/a>\r\n                            \r\n                        <\/figure>\r\n                    <\/div>\r\n                    <div class = \"td-slide-item td-item8\">\r\n                        <figure class=\"td-slide-galery-figure td-slide-popup-gallery\">\r\n                            <a class=\"slide-gallery-image-link\" href=\"https:\/\/noticiasmercedinas.com\/site\/wp-content\/uploads\/2025\/03\/e0dcb041-0053-41ad-aee0-6d01fb28d25b.jpg\" title=\"e0dcb041-0053-41ad-aee0-6d01fb28d25b\"  data-caption=\"\"  data-description=\"\">\r\n                                <img decoding=\"async\" src=\"https:\/\/noticiasmercedinas.com\/site\/wp-content\/uploads\/2025\/03\/e0dcb041-0053-41ad-aee0-6d01fb28d25b.jpg\" alt=\"\">\r\n                            <\/a>\r\n                            \r\n                        <\/figure>\r\n                    <\/div>\r\n                    <div class = \"td-slide-item td-item9\">\r\n                        <figure class=\"td-slide-galery-figure td-slide-popup-gallery\">\r\n                            <a class=\"slide-gallery-image-link\" href=\"https:\/\/noticiasmercedinas.com\/site\/wp-content\/uploads\/2025\/03\/f6598263-e56f-4b9e-b33f-620028bca068.jpg\" title=\"f6598263-e56f-4b9e-b33f-620028bca068\"  data-caption=\"\"  data-description=\"\">\r\n                                <img decoding=\"async\" src=\"https:\/\/noticiasmercedinas.com\/site\/wp-content\/uploads\/2025\/03\/f6598263-e56f-4b9e-b33f-620028bca068.jpg\" srcset=\"https:\/\/noticiasmercedinas.com\/site\/wp-content\/uploads\/2025\/03\/f6598263-e56f-4b9e-b33f-620028bca068.jpg 651w, https:\/\/noticiasmercedinas.com\/site\/wp-content\/uploads\/2025\/03\/f6598263-e56f-4b9e-b33f-620028bca068-300x95.jpg 300w, https:\/\/noticiasmercedinas.com\/site\/wp-content\/uploads\/2025\/03\/f6598263-e56f-4b9e-b33f-620028bca068-640x203.jpg 640w\" sizes=\"(max-width: 651px) 100vw, 651px\" alt=\"\">\r\n                            <\/a>\r\n                            \r\n                        <\/figure>\r\n                    <\/div>\r\n                            <\/div>\r\n                        <\/div>\r\n\r\n                        <div class = \"td-doubleSlider-2\">\r\n                            <div class = \"td-slider\">\r\n                                \r\n                    <div class = \"td-button td-item1\">\r\n                        <div class = \"td-border\"><\/div>\r\n                    <\/div>\r\n                    <div class = \"td-button td-item2\">\r\n                        <div class = \"td-border\"><\/div>\r\n                    <\/div>\r\n                    <div class = \"td-button td-item3\">\r\n                        <div class = \"td-border\"><\/div>\r\n                    <\/div>\r\n                    <div class = \"td-button td-item4\">\r\n                        <div class = \"td-border\"><\/div>\r\n                    <\/div>\r\n                    <div class = \"td-button td-item5\">\r\n                        <div class = \"td-border\"><\/div>\r\n                    <\/div>\r\n                    <div class = \"td-button td-item6\">\r\n                        <div class = \"td-border\"><\/div>\r\n                    <\/div>\r\n                    <div class = \"td-button td-item7\">\r\n                        <div class = \"td-border\"><\/div>\r\n                    <\/div>\r\n                    <div class = \"td-button td-item8\">\r\n                        <div class = \"td-border\"><\/div>\r\n                    <\/div>\r\n                    <div class = \"td-button td-item9\">\r\n                        <div class = \"td-border\"><\/div>\r\n                    <\/div>\r\n                            <\/div>\r\n                        <\/div>\r\n\r\n                    <\/div>\r\n\r\n                <\/div>\r\n                \n","protected":false},"excerpt":{"rendered":"<p>\u25a0  En Sub 12 de Oro por penales \u201cComu\u201d logr\u00f3 el t\u00edtulo ante Trocha. Las jugadoras del \u201cBlanquinegro\u201d se quedaron con el trofeo de plata ante palometas. La Sub 14 fue del club de Chivilcoy. Este domingo sigue la acci\u00f3n.<\/p>\n","protected":false},"author":6,"featured_media":154790,"comment_status":"closed","ping_status":"closed","sticky":false,"template":"","format":"standard","meta":{"footnotes":""},"categories":[5],"tags":[19725,10672],"class_list":["post-154789","post","type-post","status-publish","format-standard","has-post-thumbnail","hentry","category-deportes","tag-palometas-2025","tag-torneo-de-verano"],"yoast_head":"<!-- This site is optimized with the Yoast SEO plugin v27.5 - https:\/\/yoast.com\/product\/yoast-seo-wordpress\/ -->\n<title>Carteros, Club Mercedes y Cer\u00e1mica las primeras campeonas<\/title>\n<meta name=\"robots\" content=\"index, follow, max-snippet:-1, max-image-preview:large, max-video-preview:-1\" \/>\n<link rel=\"canonical\" href=\"https:\/\/noticiasmercedinas.com\/site\/2025\/03\/08\/carteros-club-mercedes-y-ceramica-las-primeras-campeonas\/\" \/>\n<meta property=\"og:locale\" content=\"es_ES\" \/>\n<meta property=\"og:type\" content=\"article\" \/>\n<meta property=\"og:title\" content=\"Carteros, Club Mercedes y Cer\u00e1mica las primeras campeonas\" \/>\n<meta property=\"og:description\" content=\"\u25a0 En Sub 12 de Oro por penales \u201cComu\u201d logr\u00f3 el t\u00edtulo ante Trocha. Las jugadoras del \u201cBlanquinegro\u201d se quedaron con el trofeo de plata ante palometas. La Sub 14 fue del club de Chivilcoy. Este domingo sigue la acci\u00f3n.\" \/>\n<meta property=\"og:url\" content=\"https:\/\/noticiasmercedinas.com\/site\/2025\/03\/08\/carteros-club-mercedes-y-ceramica-las-primeras-campeonas\/\" \/>\n<meta property=\"og:site_name\" content=\"NOTICIASMERCEDINAS.COM\" \/>\n<meta property=\"article:publisher\" content=\"https:\/\/www.facebook.com\/noticiasmercedinas\/\" \/>\n<meta property=\"article:published_time\" content=\"2025-03-09T00:43:13+00:00\" \/>\n<meta property=\"article:modified_time\" content=\"2025-03-09T14:13:28+00:00\" \/>\n<meta property=\"og:image\" content=\"https:\/\/noticiasmercedinas.com\/site\/wp-content\/uploads\/2025\/03\/b59d1b86-39b9-498f-9b18-82787fcbe7df.jpg\" \/>\n\t<meta property=\"og:image:width\" content=\"640\" \/>\n\t<meta property=\"og:image:height\" content=\"303\" \/>\n\t<meta property=\"og:image:type\" content=\"image\/jpeg\" \/>\n<meta name=\"author\" content=\"Juan Dagnino NOTICIASMERCEDINAS.COM\" \/>\n<meta name=\"twitter:card\" content=\"summary_large_image\" \/>\n<meta name=\"twitter:creator\" content=\"@notmercedinas\" \/>\n<meta name=\"twitter:site\" content=\"@notmercedinas\" \/>\n<meta name=\"twitter:label1\" content=\"Escrito por\" \/>\n\t<meta name=\"twitter:data1\" content=\"Juan Dagnino NOTICIASMERCEDINAS.COM\" \/>\n\t<meta name=\"twitter:label2\" content=\"Tiempo de lectura\" \/>\n\t<meta name=\"twitter:data2\" content=\"2 minutos\" \/>\n<script type=\"application\/ld+json\" class=\"yoast-schema-graph\">{\"@context\":\"https:\\\/\\\/schema.org\",\"@graph\":[{\"@type\":\"Article\",\"@id\":\"https:\\\/\\\/noticiasmercedinas.com\\\/site\\\/2025\\\/03\\\/08\\\/carteros-club-mercedes-y-ceramica-las-primeras-campeonas\\\/#article\",\"isPartOf\":{\"@id\":\"https:\\\/\\\/noticiasmercedinas.com\\\/site\\\/2025\\\/03\\\/08\\\/carteros-club-mercedes-y-ceramica-las-primeras-campeonas\\\/\"},\"author\":{\"name\":\"Juan Dagnino NOTICIASMERCEDINAS.COM\",\"@id\":\"https:\\\/\\\/noticiasmercedinas.com\\\/site\\\/#\\\/schema\\\/person\\\/8f2f09d666ef40986eba4a5e6f2a06f9\"},\"headline\":\"Carteros, Club Mercedes y Cer\u00e1mica las primeras campeonas\",\"datePublished\":\"2025-03-09T00:43:13+00:00\",\"dateModified\":\"2025-03-09T14:13:28+00:00\",\"mainEntityOfPage\":{\"@id\":\"https:\\\/\\\/noticiasmercedinas.com\\\/site\\\/2025\\\/03\\\/08\\\/carteros-club-mercedes-y-ceramica-las-primeras-campeonas\\\/\"},\"wordCount\":430,\"publisher\":{\"@id\":\"https:\\\/\\\/noticiasmercedinas.com\\\/site\\\/#organization\"},\"image\":{\"@id\":\"https:\\\/\\\/noticiasmercedinas.com\\\/site\\\/2025\\\/03\\\/08\\\/carteros-club-mercedes-y-ceramica-las-primeras-campeonas\\\/#primaryimage\"},\"thumbnailUrl\":\"https:\\\/\\\/noticiasmercedinas.com\\\/site\\\/wp-content\\\/uploads\\\/2025\\\/03\\\/b59d1b86-39b9-498f-9b18-82787fcbe7df.jpg\",\"keywords\":[\"Palometas 2025\",\"torneo de verano\"],\"articleSection\":[\"Deportes\"],\"inLanguage\":\"es\"},{\"@type\":\"WebPage\",\"@id\":\"https:\\\/\\\/noticiasmercedinas.com\\\/site\\\/2025\\\/03\\\/08\\\/carteros-club-mercedes-y-ceramica-las-primeras-campeonas\\\/\",\"url\":\"https:\\\/\\\/noticiasmercedinas.com\\\/site\\\/2025\\\/03\\\/08\\\/carteros-club-mercedes-y-ceramica-las-primeras-campeonas\\\/\",\"name\":\"Carteros, Club Mercedes y Cer\u00e1mica las primeras campeonas\",\"isPartOf\":{\"@id\":\"https:\\\/\\\/noticiasmercedinas.com\\\/site\\\/#website\"},\"primaryImageOfPage\":{\"@id\":\"https:\\\/\\\/noticiasmercedinas.com\\\/site\\\/2025\\\/03\\\/08\\\/carteros-club-mercedes-y-ceramica-las-primeras-campeonas\\\/#primaryimage\"},\"image\":{\"@id\":\"https:\\\/\\\/noticiasmercedinas.com\\\/site\\\/2025\\\/03\\\/08\\\/carteros-club-mercedes-y-ceramica-las-primeras-campeonas\\\/#primaryimage\"},\"thumbnailUrl\":\"https:\\\/\\\/noticiasmercedinas.com\\\/site\\\/wp-content\\\/uploads\\\/2025\\\/03\\\/b59d1b86-39b9-498f-9b18-82787fcbe7df.jpg\",\"datePublished\":\"2025-03-09T00:43:13+00:00\",\"dateModified\":\"2025-03-09T14:13:28+00:00\",\"breadcrumb\":{\"@id\":\"https:\\\/\\\/noticiasmercedinas.com\\\/site\\\/2025\\\/03\\\/08\\\/carteros-club-mercedes-y-ceramica-las-primeras-campeonas\\\/#breadcrumb\"},\"inLanguage\":\"es\",\"potentialAction\":[{\"@type\":\"ReadAction\",\"target\":[\"https:\\\/\\\/noticiasmercedinas.com\\\/site\\\/2025\\\/03\\\/08\\\/carteros-club-mercedes-y-ceramica-las-primeras-campeonas\\\/\"]}]},{\"@type\":\"ImageObject\",\"inLanguage\":\"es\",\"@id\":\"https:\\\/\\\/noticiasmercedinas.com\\\/site\\\/2025\\\/03\\\/08\\\/carteros-club-mercedes-y-ceramica-las-primeras-campeonas\\\/#primaryimage\",\"url\":\"https:\\\/\\\/noticiasmercedinas.com\\\/site\\\/wp-content\\\/uploads\\\/2025\\\/03\\\/b59d1b86-39b9-498f-9b18-82787fcbe7df.jpg\",\"contentUrl\":\"https:\\\/\\\/noticiasmercedinas.com\\\/site\\\/wp-content\\\/uploads\\\/2025\\\/03\\\/b59d1b86-39b9-498f-9b18-82787fcbe7df.jpg\",\"width\":640,\"height\":303},{\"@type\":\"BreadcrumbList\",\"@id\":\"https:\\\/\\\/noticiasmercedinas.com\\\/site\\\/2025\\\/03\\\/08\\\/carteros-club-mercedes-y-ceramica-las-primeras-campeonas\\\/#breadcrumb\",\"itemListElement\":[{\"@type\":\"ListItem\",\"position\":1,\"name\":\"Portada\",\"item\":\"https:\\\/\\\/noticiasmercedinas.com\\\/site\\\/\"},{\"@type\":\"ListItem\",\"position\":2,\"name\":\"Carteros, Club Mercedes y Cer\u00e1mica las primeras campeonas\"}]},{\"@type\":\"WebSite\",\"@id\":\"https:\\\/\\\/noticiasmercedinas.com\\\/site\\\/#website\",\"url\":\"https:\\\/\\\/noticiasmercedinas.com\\\/site\\\/\",\"name\":\"NOTICIASMERCEDINAS.COM\",\"description\":\"Mercedes, Buenos Aires, Argentina\",\"publisher\":{\"@id\":\"https:\\\/\\\/noticiasmercedinas.com\\\/site\\\/#organization\"},\"potentialAction\":[{\"@type\":\"SearchAction\",\"target\":{\"@type\":\"EntryPoint\",\"urlTemplate\":\"https:\\\/\\\/noticiasmercedinas.com\\\/site\\\/?s={search_term_string}\"},\"query-input\":{\"@type\":\"PropertyValueSpecification\",\"valueRequired\":true,\"valueName\":\"search_term_string\"}}],\"inLanguage\":\"es\"},{\"@type\":\"Organization\",\"@id\":\"https:\\\/\\\/noticiasmercedinas.com\\\/site\\\/#organization\",\"name\":\"NOTICIASMERCEDINAS.COM\",\"url\":\"https:\\\/\\\/noticiasmercedinas.com\\\/site\\\/\",\"logo\":{\"@type\":\"ImageObject\",\"inLanguage\":\"es\",\"@id\":\"https:\\\/\\\/noticiasmercedinas.com\\\/site\\\/#\\\/schema\\\/logo\\\/image\\\/\",\"url\":\"https:\\\/\\\/noticiasmercedinas.com\\\/site\\\/wp-content\\\/uploads\\\/2020\\\/06\\\/LOGO-512.jpg\",\"contentUrl\":\"https:\\\/\\\/noticiasmercedinas.com\\\/site\\\/wp-content\\\/uploads\\\/2020\\\/06\\\/LOGO-512.jpg\",\"width\":512,\"height\":512,\"caption\":\"NOTICIASMERCEDINAS.COM\"},\"image\":{\"@id\":\"https:\\\/\\\/noticiasmercedinas.com\\\/site\\\/#\\\/schema\\\/logo\\\/image\\\/\"},\"sameAs\":[\"https:\\\/\\\/www.facebook.com\\\/noticiasmercedinas\\\/\",\"https:\\\/\\\/x.com\\\/notmercedinas\",\"https:\\\/\\\/www.instagram.com\\\/noticiasmercedinas\\\/\"]},{\"@type\":\"Person\",\"@id\":\"https:\\\/\\\/noticiasmercedinas.com\\\/site\\\/#\\\/schema\\\/person\\\/8f2f09d666ef40986eba4a5e6f2a06f9\",\"name\":\"Juan Dagnino NOTICIASMERCEDINAS.COM\",\"image\":{\"@type\":\"ImageObject\",\"inLanguage\":\"es\",\"@id\":\"https:\\\/\\\/secure.gravatar.com\\\/avatar\\\/fc7059a769f5a3cae65fadb228a3e4accf3a64b4b2305020d0a27e6d5333c91b?s=96&d=mm&r=g\",\"url\":\"https:\\\/\\\/secure.gravatar.com\\\/avatar\\\/fc7059a769f5a3cae65fadb228a3e4accf3a64b4b2305020d0a27e6d5333c91b?s=96&d=mm&r=g\",\"contentUrl\":\"https:\\\/\\\/secure.gravatar.com\\\/avatar\\\/fc7059a769f5a3cae65fadb228a3e4accf3a64b4b2305020d0a27e6d5333c91b?s=96&d=mm&r=g\",\"caption\":\"Juan Dagnino NOTICIASMERCEDINAS.COM\"},\"url\":\"https:\\\/\\\/noticiasmercedinas.com\\\/site\\\/author\\\/juandagnino\\\/\"}]}<\/script>\n<!-- \/ Yoast SEO plugin. -->","yoast_head_json":{"title":"Carteros, Club Mercedes y Cer\u00e1mica las primeras campeonas","robots":{"index":"index","follow":"follow","max-snippet":"max-snippet:-1","max-image-preview":"max-image-preview:large","max-video-preview":"max-video-preview:-1"},"canonical":"https:\/\/noticiasmercedinas.com\/site\/2025\/03\/08\/carteros-club-mercedes-y-ceramica-las-primeras-campeonas\/","og_locale":"es_ES","og_type":"article","og_title":"Carteros, Club Mercedes y Cer\u00e1mica las primeras campeonas","og_description":"\u25a0 En Sub 12 de Oro por penales \u201cComu\u201d logr\u00f3 el t\u00edtulo ante Trocha. Las jugadoras del \u201cBlanquinegro\u201d se quedaron con el trofeo de plata ante palometas. La Sub 14 fue del club de Chivilcoy. Este domingo sigue la acci\u00f3n.","og_url":"https:\/\/noticiasmercedinas.com\/site\/2025\/03\/08\/carteros-club-mercedes-y-ceramica-las-primeras-campeonas\/","og_site_name":"NOTICIASMERCEDINAS.COM","article_publisher":"https:\/\/www.facebook.com\/noticiasmercedinas\/","article_published_time":"2025-03-09T00:43:13+00:00","article_modified_time":"2025-03-09T14:13:28+00:00","og_image":[{"width":640,"height":303,"url":"https:\/\/noticiasmercedinas.com\/site\/wp-content\/uploads\/2025\/03\/b59d1b86-39b9-498f-9b18-82787fcbe7df.jpg","type":"image\/jpeg"}],"author":"Juan Dagnino NOTICIASMERCEDINAS.COM","twitter_card":"summary_large_image","twitter_creator":"@notmercedinas","twitter_site":"@notmercedinas","twitter_misc":{"Escrito por":"Juan Dagnino NOTICIASMERCEDINAS.COM","Tiempo de lectura":"2 minutos"},"schema":{"@context":"https:\/\/schema.org","@graph":[{"@type":"Article","@id":"https:\/\/noticiasmercedinas.com\/site\/2025\/03\/08\/carteros-club-mercedes-y-ceramica-las-primeras-campeonas\/#article","isPartOf":{"@id":"https:\/\/noticiasmercedinas.com\/site\/2025\/03\/08\/carteros-club-mercedes-y-ceramica-las-primeras-campeonas\/"},"author":{"name":"Juan Dagnino NOTICIASMERCEDINAS.COM","@id":"https:\/\/noticiasmercedinas.com\/site\/#\/schema\/person\/8f2f09d666ef40986eba4a5e6f2a06f9"},"headline":"Carteros, Club Mercedes y Cer\u00e1mica las primeras campeonas","datePublished":"2025-03-09T00:43:13+00:00","dateModified":"2025-03-09T14:13:28+00:00","mainEntityOfPage":{"@id":"https:\/\/noticiasmercedinas.com\/site\/2025\/03\/08\/carteros-club-mercedes-y-ceramica-las-primeras-campeonas\/"},"wordCount":430,"publisher":{"@id":"https:\/\/noticiasmercedinas.com\/site\/#organization"},"image":{"@id":"https:\/\/noticiasmercedinas.com\/site\/2025\/03\/08\/carteros-club-mercedes-y-ceramica-las-primeras-campeonas\/#primaryimage"},"thumbnailUrl":"https:\/\/noticiasmercedinas.com\/site\/wp-content\/uploads\/2025\/03\/b59d1b86-39b9-498f-9b18-82787fcbe7df.jpg","keywords":["Palometas 2025","torneo de verano"],"articleSection":["Deportes"],"inLanguage":"es"},{"@type":"WebPage","@id":"https:\/\/noticiasmercedinas.com\/site\/2025\/03\/08\/carteros-club-mercedes-y-ceramica-las-primeras-campeonas\/","url":"https:\/\/noticiasmercedinas.com\/site\/2025\/03\/08\/carteros-club-mercedes-y-ceramica-las-primeras-campeonas\/","name":"Carteros, Club Mercedes y Cer\u00e1mica las primeras campeonas","isPartOf":{"@id":"https:\/\/noticiasmercedinas.com\/site\/#website"},"primaryImageOfPage":{"@id":"https:\/\/noticiasmercedinas.com\/site\/2025\/03\/08\/carteros-club-mercedes-y-ceramica-las-primeras-campeonas\/#primaryimage"},"image":{"@id":"https:\/\/noticiasmercedinas.com\/site\/2025\/03\/08\/carteros-club-mercedes-y-ceramica-las-primeras-campeonas\/#primaryimage"},"thumbnailUrl":"https:\/\/noticiasmercedinas.com\/site\/wp-content\/uploads\/2025\/03\/b59d1b86-39b9-498f-9b18-82787fcbe7df.jpg","datePublished":"2025-03-09T00:43:13+00:00","dateModified":"2025-03-09T14:13:28+00:00","breadcrumb":{"@id":"https:\/\/noticiasmercedinas.com\/site\/2025\/03\/08\/carteros-club-mercedes-y-ceramica-las-primeras-campeonas\/#breadcrumb"},"inLanguage":"es","potentialAction":[{"@type":"ReadAction","target":["https:\/\/noticiasmercedinas.com\/site\/2025\/03\/08\/carteros-club-mercedes-y-ceramica-las-primeras-campeonas\/"]}]},{"@type":"ImageObject","inLanguage":"es","@id":"https:\/\/noticiasmercedinas.com\/site\/2025\/03\/08\/carteros-club-mercedes-y-ceramica-las-primeras-campeonas\/#primaryimage","url":"https:\/\/noticiasmercedinas.com\/site\/wp-content\/uploads\/2025\/03\/b59d1b86-39b9-498f-9b18-82787fcbe7df.jpg","contentUrl":"https:\/\/noticiasmercedinas.com\/site\/wp-content\/uploads\/2025\/03\/b59d1b86-39b9-498f-9b18-82787fcbe7df.jpg","width":640,"height":303},{"@type":"BreadcrumbList","@id":"https:\/\/noticiasmercedinas.com\/site\/2025\/03\/08\/carteros-club-mercedes-y-ceramica-las-primeras-campeonas\/#breadcrumb","itemListElement":[{"@type":"ListItem","position":1,"name":"Portada","item":"https:\/\/noticiasmercedinas.com\/site\/"},{"@type":"ListItem","position":2,"name":"Carteros, Club Mercedes y Cer\u00e1mica las primeras campeonas"}]},{"@type":"WebSite","@id":"https:\/\/noticiasmercedinas.com\/site\/#website","url":"https:\/\/noticiasmercedinas.com\/site\/","name":"NOTICIASMERCEDINAS.COM","description":"Mercedes, Buenos Aires, Argentina","publisher":{"@id":"https:\/\/noticiasmercedinas.com\/site\/#organization"},"potentialAction":[{"@type":"SearchAction","target":{"@type":"EntryPoint","urlTemplate":"https:\/\/noticiasmercedinas.com\/site\/?s={search_term_string}"},"query-input":{"@type":"PropertyValueSpecification","valueRequired":true,"valueName":"search_term_string"}}],"inLanguage":"es"},{"@type":"Organization","@id":"https:\/\/noticiasmercedinas.com\/site\/#organization","name":"NOTICIASMERCEDINAS.COM","url":"https:\/\/noticiasmercedinas.com\/site\/","logo":{"@type":"ImageObject","inLanguage":"es","@id":"https:\/\/noticiasmercedinas.com\/site\/#\/schema\/logo\/image\/","url":"https:\/\/noticiasmercedinas.com\/site\/wp-content\/uploads\/2020\/06\/LOGO-512.jpg","contentUrl":"https:\/\/noticiasmercedinas.com\/site\/wp-content\/uploads\/2020\/06\/LOGO-512.jpg","width":512,"height":512,"caption":"NOTICIASMERCEDINAS.COM"},"image":{"@id":"https:\/\/noticiasmercedinas.com\/site\/#\/schema\/logo\/image\/"},"sameAs":["https:\/\/www.facebook.com\/noticiasmercedinas\/","https:\/\/x.com\/notmercedinas","https:\/\/www.instagram.com\/noticiasmercedinas\/"]},{"@type":"Person","@id":"https:\/\/noticiasmercedinas.com\/site\/#\/schema\/person\/8f2f09d666ef40986eba4a5e6f2a06f9","name":"Juan Dagnino NOTICIASMERCEDINAS.COM","image":{"@type":"ImageObject","inLanguage":"es","@id":"https:\/\/secure.gravatar.com\/avatar\/fc7059a769f5a3cae65fadb228a3e4accf3a64b4b2305020d0a27e6d5333c91b?s=96&d=mm&r=g","url":"https:\/\/secure.gravatar.com\/avatar\/fc7059a769f5a3cae65fadb228a3e4accf3a64b4b2305020d0a27e6d5333c91b?s=96&d=mm&r=g","contentUrl":"https:\/\/secure.gravatar.com\/avatar\/fc7059a769f5a3cae65fadb228a3e4accf3a64b4b2305020d0a27e6d5333c91b?s=96&d=mm&r=g","caption":"Juan Dagnino NOTICIASMERCEDINAS.COM"},"url":"https:\/\/noticiasmercedinas.com\/site\/author\/juandagnino\/"}]}},"amp_enabled":true,"_links":{"self":[{"href":"https:\/\/noticiasmercedinas.com\/site\/wp-json\/wp\/v2\/posts\/154789","targetHints":{"allow":["GET"]}}],"collection":[{"href":"https:\/\/noticiasmercedinas.com\/site\/wp-json\/wp\/v2\/posts"}],"about":[{"href":"https:\/\/noticiasmercedinas.com\/site\/wp-json\/wp\/v2\/types\/post"}],"author":[{"embeddable":true,"href":"https:\/\/noticiasmercedinas.com\/site\/wp-json\/wp\/v2\/users\/6"}],"replies":[{"embeddable":true,"href":"https:\/\/noticiasmercedinas.com\/site\/wp-json\/wp\/v2\/comments?post=154789"}],"version-history":[{"count":3,"href":"https:\/\/noticiasmercedinas.com\/site\/wp-json\/wp\/v2\/posts\/154789\/revisions"}],"predecessor-version":[{"id":154818,"href":"https:\/\/noticiasmercedinas.com\/site\/wp-json\/wp\/v2\/posts\/154789\/revisions\/154818"}],"wp:featuredmedia":[{"embeddable":true,"href":"https:\/\/noticiasmercedinas.com\/site\/wp-json\/wp\/v2\/media\/154790"}],"wp:attachment":[{"href":"https:\/\/noticiasmercedinas.com\/site\/wp-json\/wp\/v2\/media?parent=154789"}],"wp:term":[{"taxonomy":"category","embeddable":true,"href":"https:\/\/noticiasmercedinas.com\/site\/wp-json\/wp\/v2\/categories?post=154789"},{"taxonomy":"post_tag","embeddable":true,"href":"https:\/\/noticiasmercedinas.com\/site\/wp-json\/wp\/v2\/tags?post=154789"}],"curies":[{"name":"wp","href":"https:\/\/api.w.org\/{rel}","templated":true}]}}