{"id":154843,"date":"2025-03-09T22:33:13","date_gmt":"2025-03-10T01:33:13","guid":{"rendered":"https:\/\/noticiasmercedinas.com\/site\/?p=154843"},"modified":"2025-03-09T22:33:13","modified_gmt":"2025-03-10T01:33:13","slug":"cierre-a-pura-definicion-en-el-torneo-de-verano","status":"publish","type":"post","link":"https:\/\/noticiasmercedinas.com\/site\/2025\/03\/09\/cierre-a-pura-definicion-en-el-torneo-de-verano\/","title":{"rendered":"Cierre a pura definici\u00f3n en el Torneo de Verano"},"content":{"rendered":"<figure id=\"attachment_154844\" aria-describedby=\"caption-attachment-154844\" style=\"width: 640px\" class=\"wp-caption alignnone\"><img loading=\"lazy\" decoding=\"async\" class=\"wp-image-154844 size-full\" src=\"https:\/\/noticiasmercedinas.com\/site\/wp-content\/uploads\/2025\/03\/palometas.jpg\" alt=\"\" width=\"640\" height=\"474\" srcset=\"https:\/\/noticiasmercedinas.com\/site\/wp-content\/uploads\/2025\/03\/palometas.jpg 640w, https:\/\/noticiasmercedinas.com\/site\/wp-content\/uploads\/2025\/03\/palometas-300x222.jpg 300w, https:\/\/noticiasmercedinas.com\/site\/wp-content\/uploads\/2025\/03\/palometas-80x60.jpg 80w, https:\/\/noticiasmercedinas.com\/site\/wp-content\/uploads\/2025\/03\/palometas-160x120.jpg 160w, https:\/\/noticiasmercedinas.com\/site\/wp-content\/uploads\/2025\/03\/palometas-100x75.jpg 100w\" sizes=\"auto, (max-width: 640px) 100vw, 640px\" \/><figcaption id=\"caption-attachment-154844\" class=\"wp-caption-text\">Palometas 2014, ganador de la Copa de Oro.<\/figcaption><\/figure>\n<p>El Torneo de Verano Palometas 2025 finaliz\u00f3 este domingo en medio de un predio, en Avenida 2, desbordado de espectadores que fue a presenciar la definici\u00f3n de cada una de las categor\u00edas. El s\u00e1bado ya se hab\u00eda resuelto el <a href=\"https:\/\/noticiasmercedinas.com\/site\/2025\/03\/08\/carteros-club-mercedes-y-ceramica-las-primeras-campeonas\/\">F\u00fatbol Femenino<\/a>, conoci\u00e9ndose tambi\u00e9n los campeones de la Copa de Plata: Palometas Blanco y Estudiantes mientras que el subcampe\u00f3n result\u00f3 ser Deportivo Nicol\u00e1s.<\/p>\n<p>En medio de una extensa jornada, el partido entre Club Mercedes y Villa Manchi por la Copa de Oro 2015 finaliz\u00f3 empatado 2-2, con un penal en el final para el \u201cVerde\u201d. Ya en la definici\u00f3n de penales superaron la serie de 5 para ganarlo por 4 a 3 el club de San Andr\u00e9s de Giles. Todas las restantes categor\u00edas se resolvieron en dos tiempos de 20\u2019.<br \/>\n<iframe loading=\"lazy\" title=\"Copa de Oro 2015 - Mercedes vs. Villa Manchi\" width=\"640\" height=\"360\" src=\"https:\/\/www.youtube.com\/embed\/NhXReQ80uIk?feature=oembed\" frameborder=\"0\" allow=\"accelerometer; autoplay; clipboard-write; encrypted-media; gyroscope; picture-in-picture; web-share\" referrerpolicy=\"strict-origin-when-cross-origin\" allowfullscreen><\/iframe><br \/>\nEn 2014 Palometas le gan\u00f3 3-0 a Carteros y San Luis 3-1 a Ateneo.\u00a0 En 2015 de Plata Palometas super\u00f3 2-0 a Ateneo, en 2016 Palometas 4 Mercedes 0 y Ateneo 1- Trocha 0. De esta manera cada uno de los clubes participantes, donde tambi\u00e9n estuvieron Defensores, Estudiantes, Cer\u00e1mica (Chivilcoy) y Deportivo Nicol\u00e1s jugaron una buena cantidad de partidos en zona de grupos con dos opciones de t\u00edtulo.<\/p>\n<p>Con medallas, trofeos y una experiencia m\u00e1s result\u00f3 ser positiva la versi\u00f3n 2025 del certamen de Palometas, reinvent\u00e1ndose en medio de la lluvia y en base a la apuesta lo llevaron adelante.<br \/>\n<iframe loading=\"lazy\" title=\"Copa de Oro 2016: Palometas 4 Mercedes 0 #futbol \u26bd\ufe0f\" width=\"640\" height=\"360\" src=\"https:\/\/www.youtube.com\/embed\/6eYom6_tGRs?feature=oembed\" frameborder=\"0\" allow=\"accelerometer; autoplay; clipboard-write; encrypted-media; gyroscope; picture-in-picture; web-share\" referrerpolicy=\"strict-origin-when-cross-origin\" allowfullscreen><\/iframe><br \/>\n<strong>Categor\u00eda 2014<\/strong><br \/>\n<strong>Campe\u00f3n Copa de Oro:<\/strong> Palometas FC.<br \/>\n<strong>Subcampe\u00f3n:<\/strong> Carteros.<\/p>\n<p><strong>Campe\u00f3n Copa de Plata:<\/strong> San Luis (J\u00e1uregui).<br \/>\n<strong>Subcampe\u00f3n:<\/strong> Ateneo de la Juventud.<\/p>\n<p><strong>Categor\u00eda 2015<br \/>\nCampe\u00f3n Copa de Oro:<\/strong> Villa Manchi (Giles).<br \/>\n<strong>Subcampe\u00f3n:<\/strong> Club Mercedes.<\/p>\n<p><strong>Campe\u00f3n Copa de Plata:<\/strong> Palometas FC.<br \/>\n<strong>Subcampe\u00f3n:<\/strong> Ateneo de la Juventud.<br \/>\n<iframe loading=\"lazy\" title=\"Copa de Plata 2016 - Ateneo 1 Trocha  0 #futbol \u26bd\ufe0f\" width=\"640\" height=\"360\" src=\"https:\/\/www.youtube.com\/embed\/2WpK9MQwuSU?feature=oembed\" frameborder=\"0\" allow=\"accelerometer; autoplay; clipboard-write; encrypted-media; gyroscope; picture-in-picture; web-share\" referrerpolicy=\"strict-origin-when-cross-origin\" allowfullscreen><\/iframe><br \/>\n<strong>Categor\u00eda 2016<br \/>\nCampe\u00f3n Copa de Oro: <\/strong>Palometas FC.<br \/>\n<strong>Subcampe\u00f3n:<\/strong> Club Mercedes.<\/p>\n<p><strong>Campe\u00f3n Copa de Plata:<\/strong> Ateneo de la Juventud.<br \/>\n<strong>Subcampe\u00f3n:<\/strong> Trocha.<\/p>\n<p><strong>Categor\u00eda 2017<br \/>\nCampe\u00f3n Copa de Oro:<\/strong> Palometas FC.<br \/>\nSubcampe\u00f3n: Ateneo.<\/p>\n<p><strong>Campe\u00f3n Copa de Plata:<\/strong> Club Mercedes.<br \/>\n<strong>Subcampe\u00f3n:<\/strong> Deportivo Gowland.<\/p>\n","protected":false},"excerpt":{"rendered":"<p>\u25a0 Los campeones del f\u00fatbol masculino infantil se dieron este domingo en el predio de Palometas. El p\u00fablico volvi\u00f3 a acompa\u00f1ar en una positiva jornada.   <\/p>\n","protected":false},"author":6,"featured_media":154844,"comment_status":"closed","ping_status":"closed","sticky":false,"template":"","format":"standard","meta":{"footnotes":""},"categories":[5],"tags":[4159,10672],"class_list":["post-154843","post","type-post","status-publish","format-standard","has-post-thumbnail","hentry","category-deportes","tag-palometas","tag-torneo-de-verano"],"yoast_head":"<!-- This site is optimized with the Yoast SEO plugin v27.5 - https:\/\/yoast.com\/product\/yoast-seo-wordpress\/ -->\n<title>Cierre a pura definici\u00f3n en el Torneo de Verano<\/title>\n<meta name=\"robots\" content=\"index, follow, max-snippet:-1, max-image-preview:large, max-video-preview:-1\" \/>\n<link rel=\"canonical\" href=\"https:\/\/noticiasmercedinas.com\/site\/2025\/03\/09\/cierre-a-pura-definicion-en-el-torneo-de-verano\/\" \/>\n<meta property=\"og:locale\" content=\"es_ES\" \/>\n<meta property=\"og:type\" content=\"article\" \/>\n<meta property=\"og:title\" content=\"Cierre a pura definici\u00f3n en el Torneo de Verano\" \/>\n<meta property=\"og:description\" content=\"\u25a0 Los campeones del f\u00fatbol masculino infantil se dieron este domingo en el predio de Palometas. El p\u00fablico volvi\u00f3 a acompa\u00f1ar en una positiva jornada.\" \/>\n<meta property=\"og:url\" content=\"https:\/\/noticiasmercedinas.com\/site\/2025\/03\/09\/cierre-a-pura-definicion-en-el-torneo-de-verano\/\" \/>\n<meta property=\"og:site_name\" content=\"NOTICIASMERCEDINAS.COM\" \/>\n<meta property=\"article:publisher\" content=\"https:\/\/www.facebook.com\/noticiasmercedinas\/\" \/>\n<meta property=\"article:published_time\" content=\"2025-03-10T01:33:13+00:00\" \/>\n<meta property=\"og:image\" content=\"https:\/\/noticiasmercedinas.com\/site\/wp-content\/uploads\/2025\/03\/palometas.jpg\" \/>\n\t<meta property=\"og:image:width\" content=\"640\" \/>\n\t<meta property=\"og:image:height\" content=\"474\" \/>\n\t<meta property=\"og:image:type\" content=\"image\/jpeg\" \/>\n<meta name=\"author\" content=\"Juan Dagnino NOTICIASMERCEDINAS.COM\" \/>\n<meta name=\"twitter:card\" content=\"summary_large_image\" \/>\n<meta name=\"twitter:creator\" content=\"@notmercedinas\" \/>\n<meta name=\"twitter:site\" content=\"@notmercedinas\" \/>\n<meta name=\"twitter:label1\" content=\"Escrito por\" \/>\n\t<meta name=\"twitter:data1\" content=\"Juan Dagnino NOTICIASMERCEDINAS.COM\" \/>\n\t<meta name=\"twitter:label2\" content=\"Tiempo de lectura\" \/>\n\t<meta name=\"twitter:data2\" content=\"2 minutos\" \/>\n<script type=\"application\/ld+json\" class=\"yoast-schema-graph\">{\"@context\":\"https:\\\/\\\/schema.org\",\"@graph\":[{\"@type\":\"Article\",\"@id\":\"https:\\\/\\\/noticiasmercedinas.com\\\/site\\\/2025\\\/03\\\/09\\\/cierre-a-pura-definicion-en-el-torneo-de-verano\\\/#article\",\"isPartOf\":{\"@id\":\"https:\\\/\\\/noticiasmercedinas.com\\\/site\\\/2025\\\/03\\\/09\\\/cierre-a-pura-definicion-en-el-torneo-de-verano\\\/\"},\"author\":{\"name\":\"Juan Dagnino NOTICIASMERCEDINAS.COM\",\"@id\":\"https:\\\/\\\/noticiasmercedinas.com\\\/site\\\/#\\\/schema\\\/person\\\/8f2f09d666ef40986eba4a5e6f2a06f9\"},\"headline\":\"Cierre a pura definici\u00f3n en el Torneo de Verano\",\"datePublished\":\"2025-03-10T01:33:13+00:00\",\"mainEntityOfPage\":{\"@id\":\"https:\\\/\\\/noticiasmercedinas.com\\\/site\\\/2025\\\/03\\\/09\\\/cierre-a-pura-definicion-en-el-torneo-de-verano\\\/\"},\"wordCount\":390,\"publisher\":{\"@id\":\"https:\\\/\\\/noticiasmercedinas.com\\\/site\\\/#organization\"},\"image\":{\"@id\":\"https:\\\/\\\/noticiasmercedinas.com\\\/site\\\/2025\\\/03\\\/09\\\/cierre-a-pura-definicion-en-el-torneo-de-verano\\\/#primaryimage\"},\"thumbnailUrl\":\"https:\\\/\\\/noticiasmercedinas.com\\\/site\\\/wp-content\\\/uploads\\\/2025\\\/03\\\/palometas.jpg\",\"keywords\":[\"Palometas\",\"torneo de verano\"],\"articleSection\":[\"Deportes\"],\"inLanguage\":\"es\"},{\"@type\":\"WebPage\",\"@id\":\"https:\\\/\\\/noticiasmercedinas.com\\\/site\\\/2025\\\/03\\\/09\\\/cierre-a-pura-definicion-en-el-torneo-de-verano\\\/\",\"url\":\"https:\\\/\\\/noticiasmercedinas.com\\\/site\\\/2025\\\/03\\\/09\\\/cierre-a-pura-definicion-en-el-torneo-de-verano\\\/\",\"name\":\"Cierre a pura definici\u00f3n en el Torneo de Verano\",\"isPartOf\":{\"@id\":\"https:\\\/\\\/noticiasmercedinas.com\\\/site\\\/#website\"},\"primaryImageOfPage\":{\"@id\":\"https:\\\/\\\/noticiasmercedinas.com\\\/site\\\/2025\\\/03\\\/09\\\/cierre-a-pura-definicion-en-el-torneo-de-verano\\\/#primaryimage\"},\"image\":{\"@id\":\"https:\\\/\\\/noticiasmercedinas.com\\\/site\\\/2025\\\/03\\\/09\\\/cierre-a-pura-definicion-en-el-torneo-de-verano\\\/#primaryimage\"},\"thumbnailUrl\":\"https:\\\/\\\/noticiasmercedinas.com\\\/site\\\/wp-content\\\/uploads\\\/2025\\\/03\\\/palometas.jpg\",\"datePublished\":\"2025-03-10T01:33:13+00:00\",\"breadcrumb\":{\"@id\":\"https:\\\/\\\/noticiasmercedinas.com\\\/site\\\/2025\\\/03\\\/09\\\/cierre-a-pura-definicion-en-el-torneo-de-verano\\\/#breadcrumb\"},\"inLanguage\":\"es\",\"potentialAction\":[{\"@type\":\"ReadAction\",\"target\":[\"https:\\\/\\\/noticiasmercedinas.com\\\/site\\\/2025\\\/03\\\/09\\\/cierre-a-pura-definicion-en-el-torneo-de-verano\\\/\"]}]},{\"@type\":\"ImageObject\",\"inLanguage\":\"es\",\"@id\":\"https:\\\/\\\/noticiasmercedinas.com\\\/site\\\/2025\\\/03\\\/09\\\/cierre-a-pura-definicion-en-el-torneo-de-verano\\\/#primaryimage\",\"url\":\"https:\\\/\\\/noticiasmercedinas.com\\\/site\\\/wp-content\\\/uploads\\\/2025\\\/03\\\/palometas.jpg\",\"contentUrl\":\"https:\\\/\\\/noticiasmercedinas.com\\\/site\\\/wp-content\\\/uploads\\\/2025\\\/03\\\/palometas.jpg\",\"width\":640,\"height\":474},{\"@type\":\"BreadcrumbList\",\"@id\":\"https:\\\/\\\/noticiasmercedinas.com\\\/site\\\/2025\\\/03\\\/09\\\/cierre-a-pura-definicion-en-el-torneo-de-verano\\\/#breadcrumb\",\"itemListElement\":[{\"@type\":\"ListItem\",\"position\":1,\"name\":\"Portada\",\"item\":\"https:\\\/\\\/noticiasmercedinas.com\\\/site\\\/\"},{\"@type\":\"ListItem\",\"position\":2,\"name\":\"Cierre a pura definici\u00f3n en el Torneo de Verano\"}]},{\"@type\":\"WebSite\",\"@id\":\"https:\\\/\\\/noticiasmercedinas.com\\\/site\\\/#website\",\"url\":\"https:\\\/\\\/noticiasmercedinas.com\\\/site\\\/\",\"name\":\"NOTICIASMERCEDINAS.COM\",\"description\":\"Mercedes, Buenos Aires, Argentina\",\"publisher\":{\"@id\":\"https:\\\/\\\/noticiasmercedinas.com\\\/site\\\/#organization\"},\"potentialAction\":[{\"@type\":\"SearchAction\",\"target\":{\"@type\":\"EntryPoint\",\"urlTemplate\":\"https:\\\/\\\/noticiasmercedinas.com\\\/site\\\/?s={search_term_string}\"},\"query-input\":{\"@type\":\"PropertyValueSpecification\",\"valueRequired\":true,\"valueName\":\"search_term_string\"}}],\"inLanguage\":\"es\"},{\"@type\":\"Organization\",\"@id\":\"https:\\\/\\\/noticiasmercedinas.com\\\/site\\\/#organization\",\"name\":\"NOTICIASMERCEDINAS.COM\",\"url\":\"https:\\\/\\\/noticiasmercedinas.com\\\/site\\\/\",\"logo\":{\"@type\":\"ImageObject\",\"inLanguage\":\"es\",\"@id\":\"https:\\\/\\\/noticiasmercedinas.com\\\/site\\\/#\\\/schema\\\/logo\\\/image\\\/\",\"url\":\"https:\\\/\\\/noticiasmercedinas.com\\\/site\\\/wp-content\\\/uploads\\\/2020\\\/06\\\/LOGO-512.jpg\",\"contentUrl\":\"https:\\\/\\\/noticiasmercedinas.com\\\/site\\\/wp-content\\\/uploads\\\/2020\\\/06\\\/LOGO-512.jpg\",\"width\":512,\"height\":512,\"caption\":\"NOTICIASMERCEDINAS.COM\"},\"image\":{\"@id\":\"https:\\\/\\\/noticiasmercedinas.com\\\/site\\\/#\\\/schema\\\/logo\\\/image\\\/\"},\"sameAs\":[\"https:\\\/\\\/www.facebook.com\\\/noticiasmercedinas\\\/\",\"https:\\\/\\\/x.com\\\/notmercedinas\",\"https:\\\/\\\/www.instagram.com\\\/noticiasmercedinas\\\/\"]},{\"@type\":\"Person\",\"@id\":\"https:\\\/\\\/noticiasmercedinas.com\\\/site\\\/#\\\/schema\\\/person\\\/8f2f09d666ef40986eba4a5e6f2a06f9\",\"name\":\"Juan Dagnino NOTICIASMERCEDINAS.COM\",\"image\":{\"@type\":\"ImageObject\",\"inLanguage\":\"es\",\"@id\":\"https:\\\/\\\/secure.gravatar.com\\\/avatar\\\/fc7059a769f5a3cae65fadb228a3e4accf3a64b4b2305020d0a27e6d5333c91b?s=96&d=mm&r=g\",\"url\":\"https:\\\/\\\/secure.gravatar.com\\\/avatar\\\/fc7059a769f5a3cae65fadb228a3e4accf3a64b4b2305020d0a27e6d5333c91b?s=96&d=mm&r=g\",\"contentUrl\":\"https:\\\/\\\/secure.gravatar.com\\\/avatar\\\/fc7059a769f5a3cae65fadb228a3e4accf3a64b4b2305020d0a27e6d5333c91b?s=96&d=mm&r=g\",\"caption\":\"Juan Dagnino NOTICIASMERCEDINAS.COM\"},\"url\":\"https:\\\/\\\/noticiasmercedinas.com\\\/site\\\/author\\\/juandagnino\\\/\"}]}<\/script>\n<!-- \/ Yoast SEO plugin. -->","yoast_head_json":{"title":"Cierre a pura definici\u00f3n en el Torneo de Verano","robots":{"index":"index","follow":"follow","max-snippet":"max-snippet:-1","max-image-preview":"max-image-preview:large","max-video-preview":"max-video-preview:-1"},"canonical":"https:\/\/noticiasmercedinas.com\/site\/2025\/03\/09\/cierre-a-pura-definicion-en-el-torneo-de-verano\/","og_locale":"es_ES","og_type":"article","og_title":"Cierre a pura definici\u00f3n en el Torneo de Verano","og_description":"\u25a0 Los campeones del f\u00fatbol masculino infantil se dieron este domingo en el predio de Palometas. El p\u00fablico volvi\u00f3 a acompa\u00f1ar en una positiva jornada.","og_url":"https:\/\/noticiasmercedinas.com\/site\/2025\/03\/09\/cierre-a-pura-definicion-en-el-torneo-de-verano\/","og_site_name":"NOTICIASMERCEDINAS.COM","article_publisher":"https:\/\/www.facebook.com\/noticiasmercedinas\/","article_published_time":"2025-03-10T01:33:13+00:00","og_image":[{"width":640,"height":474,"url":"https:\/\/noticiasmercedinas.com\/site\/wp-content\/uploads\/2025\/03\/palometas.jpg","type":"image\/jpeg"}],"author":"Juan Dagnino NOTICIASMERCEDINAS.COM","twitter_card":"summary_large_image","twitter_creator":"@notmercedinas","twitter_site":"@notmercedinas","twitter_misc":{"Escrito por":"Juan Dagnino NOTICIASMERCEDINAS.COM","Tiempo de lectura":"2 minutos"},"schema":{"@context":"https:\/\/schema.org","@graph":[{"@type":"Article","@id":"https:\/\/noticiasmercedinas.com\/site\/2025\/03\/09\/cierre-a-pura-definicion-en-el-torneo-de-verano\/#article","isPartOf":{"@id":"https:\/\/noticiasmercedinas.com\/site\/2025\/03\/09\/cierre-a-pura-definicion-en-el-torneo-de-verano\/"},"author":{"name":"Juan Dagnino NOTICIASMERCEDINAS.COM","@id":"https:\/\/noticiasmercedinas.com\/site\/#\/schema\/person\/8f2f09d666ef40986eba4a5e6f2a06f9"},"headline":"Cierre a pura definici\u00f3n en el Torneo de Verano","datePublished":"2025-03-10T01:33:13+00:00","mainEntityOfPage":{"@id":"https:\/\/noticiasmercedinas.com\/site\/2025\/03\/09\/cierre-a-pura-definicion-en-el-torneo-de-verano\/"},"wordCount":390,"publisher":{"@id":"https:\/\/noticiasmercedinas.com\/site\/#organization"},"image":{"@id":"https:\/\/noticiasmercedinas.com\/site\/2025\/03\/09\/cierre-a-pura-definicion-en-el-torneo-de-verano\/#primaryimage"},"thumbnailUrl":"https:\/\/noticiasmercedinas.com\/site\/wp-content\/uploads\/2025\/03\/palometas.jpg","keywords":["Palometas","torneo de verano"],"articleSection":["Deportes"],"inLanguage":"es"},{"@type":"WebPage","@id":"https:\/\/noticiasmercedinas.com\/site\/2025\/03\/09\/cierre-a-pura-definicion-en-el-torneo-de-verano\/","url":"https:\/\/noticiasmercedinas.com\/site\/2025\/03\/09\/cierre-a-pura-definicion-en-el-torneo-de-verano\/","name":"Cierre a pura definici\u00f3n en el Torneo de Verano","isPartOf":{"@id":"https:\/\/noticiasmercedinas.com\/site\/#website"},"primaryImageOfPage":{"@id":"https:\/\/noticiasmercedinas.com\/site\/2025\/03\/09\/cierre-a-pura-definicion-en-el-torneo-de-verano\/#primaryimage"},"image":{"@id":"https:\/\/noticiasmercedinas.com\/site\/2025\/03\/09\/cierre-a-pura-definicion-en-el-torneo-de-verano\/#primaryimage"},"thumbnailUrl":"https:\/\/noticiasmercedinas.com\/site\/wp-content\/uploads\/2025\/03\/palometas.jpg","datePublished":"2025-03-10T01:33:13+00:00","breadcrumb":{"@id":"https:\/\/noticiasmercedinas.com\/site\/2025\/03\/09\/cierre-a-pura-definicion-en-el-torneo-de-verano\/#breadcrumb"},"inLanguage":"es","potentialAction":[{"@type":"ReadAction","target":["https:\/\/noticiasmercedinas.com\/site\/2025\/03\/09\/cierre-a-pura-definicion-en-el-torneo-de-verano\/"]}]},{"@type":"ImageObject","inLanguage":"es","@id":"https:\/\/noticiasmercedinas.com\/site\/2025\/03\/09\/cierre-a-pura-definicion-en-el-torneo-de-verano\/#primaryimage","url":"https:\/\/noticiasmercedinas.com\/site\/wp-content\/uploads\/2025\/03\/palometas.jpg","contentUrl":"https:\/\/noticiasmercedinas.com\/site\/wp-content\/uploads\/2025\/03\/palometas.jpg","width":640,"height":474},{"@type":"BreadcrumbList","@id":"https:\/\/noticiasmercedinas.com\/site\/2025\/03\/09\/cierre-a-pura-definicion-en-el-torneo-de-verano\/#breadcrumb","itemListElement":[{"@type":"ListItem","position":1,"name":"Portada","item":"https:\/\/noticiasmercedinas.com\/site\/"},{"@type":"ListItem","position":2,"name":"Cierre a pura definici\u00f3n en el Torneo de Verano"}]},{"@type":"WebSite","@id":"https:\/\/noticiasmercedinas.com\/site\/#website","url":"https:\/\/noticiasmercedinas.com\/site\/","name":"NOTICIASMERCEDINAS.COM","description":"Mercedes, Buenos Aires, Argentina","publisher":{"@id":"https:\/\/noticiasmercedinas.com\/site\/#organization"},"potentialAction":[{"@type":"SearchAction","target":{"@type":"EntryPoint","urlTemplate":"https:\/\/noticiasmercedinas.com\/site\/?s={search_term_string}"},"query-input":{"@type":"PropertyValueSpecification","valueRequired":true,"valueName":"search_term_string"}}],"inLanguage":"es"},{"@type":"Organization","@id":"https:\/\/noticiasmercedinas.com\/site\/#organization","name":"NOTICIASMERCEDINAS.COM","url":"https:\/\/noticiasmercedinas.com\/site\/","logo":{"@type":"ImageObject","inLanguage":"es","@id":"https:\/\/noticiasmercedinas.com\/site\/#\/schema\/logo\/image\/","url":"https:\/\/noticiasmercedinas.com\/site\/wp-content\/uploads\/2020\/06\/LOGO-512.jpg","contentUrl":"https:\/\/noticiasmercedinas.com\/site\/wp-content\/uploads\/2020\/06\/LOGO-512.jpg","width":512,"height":512,"caption":"NOTICIASMERCEDINAS.COM"},"image":{"@id":"https:\/\/noticiasmercedinas.com\/site\/#\/schema\/logo\/image\/"},"sameAs":["https:\/\/www.facebook.com\/noticiasmercedinas\/","https:\/\/x.com\/notmercedinas","https:\/\/www.instagram.com\/noticiasmercedinas\/"]},{"@type":"Person","@id":"https:\/\/noticiasmercedinas.com\/site\/#\/schema\/person\/8f2f09d666ef40986eba4a5e6f2a06f9","name":"Juan Dagnino NOTICIASMERCEDINAS.COM","image":{"@type":"ImageObject","inLanguage":"es","@id":"https:\/\/secure.gravatar.com\/avatar\/fc7059a769f5a3cae65fadb228a3e4accf3a64b4b2305020d0a27e6d5333c91b?s=96&d=mm&r=g","url":"https:\/\/secure.gravatar.com\/avatar\/fc7059a769f5a3cae65fadb228a3e4accf3a64b4b2305020d0a27e6d5333c91b?s=96&d=mm&r=g","contentUrl":"https:\/\/secure.gravatar.com\/avatar\/fc7059a769f5a3cae65fadb228a3e4accf3a64b4b2305020d0a27e6d5333c91b?s=96&d=mm&r=g","caption":"Juan Dagnino NOTICIASMERCEDINAS.COM"},"url":"https:\/\/noticiasmercedinas.com\/site\/author\/juandagnino\/"}]}},"amp_enabled":true,"_links":{"self":[{"href":"https:\/\/noticiasmercedinas.com\/site\/wp-json\/wp\/v2\/posts\/154843","targetHints":{"allow":["GET"]}}],"collection":[{"href":"https:\/\/noticiasmercedinas.com\/site\/wp-json\/wp\/v2\/posts"}],"about":[{"href":"https:\/\/noticiasmercedinas.com\/site\/wp-json\/wp\/v2\/types\/post"}],"author":[{"embeddable":true,"href":"https:\/\/noticiasmercedinas.com\/site\/wp-json\/wp\/v2\/users\/6"}],"replies":[{"embeddable":true,"href":"https:\/\/noticiasmercedinas.com\/site\/wp-json\/wp\/v2\/comments?post=154843"}],"version-history":[{"count":1,"href":"https:\/\/noticiasmercedinas.com\/site\/wp-json\/wp\/v2\/posts\/154843\/revisions"}],"predecessor-version":[{"id":154847,"href":"https:\/\/noticiasmercedinas.com\/site\/wp-json\/wp\/v2\/posts\/154843\/revisions\/154847"}],"wp:featuredmedia":[{"embeddable":true,"href":"https:\/\/noticiasmercedinas.com\/site\/wp-json\/wp\/v2\/media\/154844"}],"wp:attachment":[{"href":"https:\/\/noticiasmercedinas.com\/site\/wp-json\/wp\/v2\/media?parent=154843"}],"wp:term":[{"taxonomy":"category","embeddable":true,"href":"https:\/\/noticiasmercedinas.com\/site\/wp-json\/wp\/v2\/categories?post=154843"},{"taxonomy":"post_tag","embeddable":true,"href":"https:\/\/noticiasmercedinas.com\/site\/wp-json\/wp\/v2\/tags?post=154843"}],"curies":[{"name":"wp","href":"https:\/\/api.w.org\/{rel}","templated":true}]}}