{"id":154909,"date":"2025-03-10T19:56:16","date_gmt":"2025-03-10T22:56:16","guid":{"rendered":"https:\/\/noticiasmercedinas.com\/site\/?p=154909"},"modified":"2025-03-10T20:15:26","modified_gmt":"2025-03-10T23:15:26","slug":"andando-descalzo-se-presenta-en-uh-meda-junto-a-las-polillas-de-poliester","status":"publish","type":"post","link":"https:\/\/noticiasmercedinas.com\/site\/2025\/03\/10\/andando-descalzo-se-presenta-en-uh-meda-junto-a-las-polillas-de-poliester\/","title":{"rendered":"Andando Descalzo se presenta en Uh Meda? junto a Las Polillas de Poliester"},"content":{"rendered":"<p><img loading=\"lazy\" decoding=\"async\" class=\"alignnone size-full wp-image-154916\" src=\"https:\/\/noticiasmercedinas.com\/site\/wp-content\/uploads\/2025\/03\/FOTa1.jpg\" alt=\"\" width=\"943\" height=\"621\" srcset=\"https:\/\/noticiasmercedinas.com\/site\/wp-content\/uploads\/2025\/03\/FOTa1.jpg 943w, https:\/\/noticiasmercedinas.com\/site\/wp-content\/uploads\/2025\/03\/FOTa1-300x198.jpg 300w, https:\/\/noticiasmercedinas.com\/site\/wp-content\/uploads\/2025\/03\/FOTa1-768x506.jpg 768w, https:\/\/noticiasmercedinas.com\/site\/wp-content\/uploads\/2025\/03\/FOTa1-640x421.jpg 640w, https:\/\/noticiasmercedinas.com\/site\/wp-content\/uploads\/2025\/03\/FOTa1-681x448.jpg 681w\" sizes=\"auto, (max-width: 943px) 100vw, 943px\" \/><\/p>\n<p>Este viernes, <strong>Andando Descalzo<\/strong> llega a Uh Meda?, el espacio cultural ubicado en Ruta 5 y Curva del Pajarito, para una noche de m\u00fasica en vivo junto a <strong>Las Polillas de Poliester<\/strong>.<\/p>\n<p>Con m\u00e1s de 25 a\u00f1os de trayectoria, la banda de Mataderos liderada por el cantante\u00a0<strong>Juani Rodr\u00edguez <\/strong>contin\u00faa recorriendo escenarios de distintas ciudades de la zona y presentando su m\u00e1s reciente disco, \u00abParad\u00f3jico\u00bb.<\/p>\n<blockquote><p>La cita en Uh Meda? promete un recorrido por lo mejor del repertorio de Andando Descalzo, con la energ\u00eda y la sensibilidad que los caracteriza.<\/p><\/blockquote>\n<p>El show se da en un gran momento para la banda, que recientemente lanz\u00f3 \u00abCartagena\u00bb, una colaboraci\u00f3n especial con Nonpalidece. La canci\u00f3n, con una l\u00edrica introspectiva, habla sobre la soledad como refugio para calmar la vor\u00e1gine interna y encontrar claridad. Sobre esta uni\u00f3n, Andando Descalzo expres\u00f3: \u201cPensamos en N\u00e9stor porque con Nonpalidece venimos caminando juntos hace m\u00e1s de 20 a\u00f1os y siempre estuvieron en nuestro camino\u201d.<\/p>\n<p>El 2023 fue un a\u00f1o de grandes momentos para la banda, que comparti\u00f3 escenario con Bersuit Vergarabat, particip\u00f3 de un show junto a La Bomba del Tiempo en el Konex y cerr\u00f3 el a\u00f1o con entradas agotadas en Galp\u00f3n B.<\/p>\n<p>La cita en Uh Meda? promete un recorrido por lo mejor del repertorio de Andando Descalzo, con la energ\u00eda y la sensibilidad que los caracteriza.<\/p>\n<p><img loading=\"lazy\" decoding=\"async\" class=\"alignnone size-full wp-image-154911\" src=\"https:\/\/noticiasmercedinas.com\/site\/wp-content\/uploads\/2025\/03\/ANDAES.jpg\" alt=\"\" width=\"687\" height=\"765\" srcset=\"https:\/\/noticiasmercedinas.com\/site\/wp-content\/uploads\/2025\/03\/ANDAES.jpg 687w, https:\/\/noticiasmercedinas.com\/site\/wp-content\/uploads\/2025\/03\/ANDAES-269x300.jpg 269w, https:\/\/noticiasmercedinas.com\/site\/wp-content\/uploads\/2025\/03\/ANDAES-640x713.jpg 640w, https:\/\/noticiasmercedinas.com\/site\/wp-content\/uploads\/2025\/03\/ANDAES-681x758.jpg 681w\" sizes=\"auto, (max-width: 687px) 100vw, 687px\" \/><\/p>\n","protected":false},"excerpt":{"rendered":"<p>\u25a0 Con m\u00e1s de 25 a\u00f1os de trayectoria, la banda de Mataderos contin\u00faa recorriendo escenarios de distintas ciudades de la zona y presentando su m\u00e1s reciente disco, \u00abParad\u00f3jico\u00bb.<\/p>\n","protected":false},"author":16,"featured_media":154916,"comment_status":"closed","ping_status":"closed","sticky":false,"template":"","format":"standard","meta":{"footnotes":""},"categories":[4],"tags":[13927,207,13193],"class_list":["post-154909","post","type-post","status-publish","format-standard","has-post-thumbnail","hentry","category-cultura","tag-andando-descalzo","tag-rock","tag-uh-meda"],"yoast_head":"<!-- This site is optimized with the Yoast SEO plugin v27.5 - https:\/\/yoast.com\/product\/yoast-seo-wordpress\/ -->\n<title>Andando Descalzo se presenta en Uh Meda? junto a Las Polillas de Poliester<\/title>\n<meta name=\"robots\" content=\"index, follow, max-snippet:-1, max-image-preview:large, max-video-preview:-1\" \/>\n<link rel=\"canonical\" href=\"https:\/\/noticiasmercedinas.com\/site\/2025\/03\/10\/andando-descalzo-se-presenta-en-uh-meda-junto-a-las-polillas-de-poliester\/\" \/>\n<meta property=\"og:locale\" content=\"es_ES\" \/>\n<meta property=\"og:type\" content=\"article\" \/>\n<meta property=\"og:title\" content=\"Andando Descalzo se presenta en Uh Meda? junto a Las Polillas de Poliester\" \/>\n<meta property=\"og:description\" content=\"\u25a0 Con m\u00e1s de 25 a\u00f1os de trayectoria, la banda de Mataderos contin\u00faa recorriendo escenarios de distintas ciudades de la zona y presentando su m\u00e1s reciente disco, &quot;Parad\u00f3jico&quot;.\" \/>\n<meta property=\"og:url\" content=\"https:\/\/noticiasmercedinas.com\/site\/2025\/03\/10\/andando-descalzo-se-presenta-en-uh-meda-junto-a-las-polillas-de-poliester\/\" \/>\n<meta property=\"og:site_name\" content=\"NOTICIASMERCEDINAS.COM\" \/>\n<meta property=\"article:publisher\" content=\"https:\/\/www.facebook.com\/noticiasmercedinas\/\" \/>\n<meta property=\"article:published_time\" content=\"2025-03-10T22:56:16+00:00\" \/>\n<meta property=\"article:modified_time\" content=\"2025-03-10T23:15:26+00:00\" \/>\n<meta property=\"og:image\" content=\"https:\/\/noticiasmercedinas.com\/site\/wp-content\/uploads\/2025\/03\/FOTa1.jpg\" \/>\n\t<meta property=\"og:image:width\" content=\"943\" \/>\n\t<meta property=\"og:image:height\" content=\"621\" \/>\n\t<meta property=\"og:image:type\" content=\"image\/jpeg\" \/>\n<meta name=\"author\" content=\"NOTICIASMERCEDINAS.COM\" \/>\n<meta name=\"twitter:card\" content=\"summary_large_image\" \/>\n<meta name=\"twitter:creator\" content=\"@notmercedinas\" \/>\n<meta name=\"twitter:site\" content=\"@notmercedinas\" \/>\n<meta name=\"twitter:label1\" content=\"Escrito por\" \/>\n\t<meta name=\"twitter:data1\" content=\"NOTICIASMERCEDINAS.COM\" \/>\n\t<meta name=\"twitter:label2\" content=\"Tiempo de lectura\" \/>\n\t<meta name=\"twitter:data2\" content=\"1 minuto\" \/>\n<script type=\"application\/ld+json\" class=\"yoast-schema-graph\">{\"@context\":\"https:\\\/\\\/schema.org\",\"@graph\":[{\"@type\":\"Article\",\"@id\":\"https:\\\/\\\/noticiasmercedinas.com\\\/site\\\/2025\\\/03\\\/10\\\/andando-descalzo-se-presenta-en-uh-meda-junto-a-las-polillas-de-poliester\\\/#article\",\"isPartOf\":{\"@id\":\"https:\\\/\\\/noticiasmercedinas.com\\\/site\\\/2025\\\/03\\\/10\\\/andando-descalzo-se-presenta-en-uh-meda-junto-a-las-polillas-de-poliester\\\/\"},\"author\":{\"name\":\"NOTICIASMERCEDINAS.COM\",\"@id\":\"https:\\\/\\\/noticiasmercedinas.com\\\/site\\\/#\\\/schema\\\/person\\\/84b59c099c28ff2e8b77d4ceec5d8063\"},\"headline\":\"Andando Descalzo se presenta en Uh Meda? junto a Las Polillas de Poliester\",\"datePublished\":\"2025-03-10T22:56:16+00:00\",\"dateModified\":\"2025-03-10T23:15:26+00:00\",\"mainEntityOfPage\":{\"@id\":\"https:\\\/\\\/noticiasmercedinas.com\\\/site\\\/2025\\\/03\\\/10\\\/andando-descalzo-se-presenta-en-uh-meda-junto-a-las-polillas-de-poliester\\\/\"},\"wordCount\":250,\"publisher\":{\"@id\":\"https:\\\/\\\/noticiasmercedinas.com\\\/site\\\/#organization\"},\"image\":{\"@id\":\"https:\\\/\\\/noticiasmercedinas.com\\\/site\\\/2025\\\/03\\\/10\\\/andando-descalzo-se-presenta-en-uh-meda-junto-a-las-polillas-de-poliester\\\/#primaryimage\"},\"thumbnailUrl\":\"https:\\\/\\\/noticiasmercedinas.com\\\/site\\\/wp-content\\\/uploads\\\/2025\\\/03\\\/FOTa1.jpg\",\"keywords\":[\"Andando Descalzo\",\"rock\",\"uh meda\"],\"articleSection\":[\"Cultura\"],\"inLanguage\":\"es\"},{\"@type\":\"WebPage\",\"@id\":\"https:\\\/\\\/noticiasmercedinas.com\\\/site\\\/2025\\\/03\\\/10\\\/andando-descalzo-se-presenta-en-uh-meda-junto-a-las-polillas-de-poliester\\\/\",\"url\":\"https:\\\/\\\/noticiasmercedinas.com\\\/site\\\/2025\\\/03\\\/10\\\/andando-descalzo-se-presenta-en-uh-meda-junto-a-las-polillas-de-poliester\\\/\",\"name\":\"Andando Descalzo se presenta en Uh Meda? junto a Las Polillas de Poliester\",\"isPartOf\":{\"@id\":\"https:\\\/\\\/noticiasmercedinas.com\\\/site\\\/#website\"},\"primaryImageOfPage\":{\"@id\":\"https:\\\/\\\/noticiasmercedinas.com\\\/site\\\/2025\\\/03\\\/10\\\/andando-descalzo-se-presenta-en-uh-meda-junto-a-las-polillas-de-poliester\\\/#primaryimage\"},\"image\":{\"@id\":\"https:\\\/\\\/noticiasmercedinas.com\\\/site\\\/2025\\\/03\\\/10\\\/andando-descalzo-se-presenta-en-uh-meda-junto-a-las-polillas-de-poliester\\\/#primaryimage\"},\"thumbnailUrl\":\"https:\\\/\\\/noticiasmercedinas.com\\\/site\\\/wp-content\\\/uploads\\\/2025\\\/03\\\/FOTa1.jpg\",\"datePublished\":\"2025-03-10T22:56:16+00:00\",\"dateModified\":\"2025-03-10T23:15:26+00:00\",\"breadcrumb\":{\"@id\":\"https:\\\/\\\/noticiasmercedinas.com\\\/site\\\/2025\\\/03\\\/10\\\/andando-descalzo-se-presenta-en-uh-meda-junto-a-las-polillas-de-poliester\\\/#breadcrumb\"},\"inLanguage\":\"es\",\"potentialAction\":[{\"@type\":\"ReadAction\",\"target\":[\"https:\\\/\\\/noticiasmercedinas.com\\\/site\\\/2025\\\/03\\\/10\\\/andando-descalzo-se-presenta-en-uh-meda-junto-a-las-polillas-de-poliester\\\/\"]}]},{\"@type\":\"ImageObject\",\"inLanguage\":\"es\",\"@id\":\"https:\\\/\\\/noticiasmercedinas.com\\\/site\\\/2025\\\/03\\\/10\\\/andando-descalzo-se-presenta-en-uh-meda-junto-a-las-polillas-de-poliester\\\/#primaryimage\",\"url\":\"https:\\\/\\\/noticiasmercedinas.com\\\/site\\\/wp-content\\\/uploads\\\/2025\\\/03\\\/FOTa1.jpg\",\"contentUrl\":\"https:\\\/\\\/noticiasmercedinas.com\\\/site\\\/wp-content\\\/uploads\\\/2025\\\/03\\\/FOTa1.jpg\",\"width\":943,\"height\":621},{\"@type\":\"BreadcrumbList\",\"@id\":\"https:\\\/\\\/noticiasmercedinas.com\\\/site\\\/2025\\\/03\\\/10\\\/andando-descalzo-se-presenta-en-uh-meda-junto-a-las-polillas-de-poliester\\\/#breadcrumb\",\"itemListElement\":[{\"@type\":\"ListItem\",\"position\":1,\"name\":\"Portada\",\"item\":\"https:\\\/\\\/noticiasmercedinas.com\\\/site\\\/\"},{\"@type\":\"ListItem\",\"position\":2,\"name\":\"Andando Descalzo se presenta en Uh Meda? junto a Las Polillas de Poliester\"}]},{\"@type\":\"WebSite\",\"@id\":\"https:\\\/\\\/noticiasmercedinas.com\\\/site\\\/#website\",\"url\":\"https:\\\/\\\/noticiasmercedinas.com\\\/site\\\/\",\"name\":\"NOTICIASMERCEDINAS.COM\",\"description\":\"Mercedes, Buenos Aires, Argentina\",\"publisher\":{\"@id\":\"https:\\\/\\\/noticiasmercedinas.com\\\/site\\\/#organization\"},\"potentialAction\":[{\"@type\":\"SearchAction\",\"target\":{\"@type\":\"EntryPoint\",\"urlTemplate\":\"https:\\\/\\\/noticiasmercedinas.com\\\/site\\\/?s={search_term_string}\"},\"query-input\":{\"@type\":\"PropertyValueSpecification\",\"valueRequired\":true,\"valueName\":\"search_term_string\"}}],\"inLanguage\":\"es\"},{\"@type\":\"Organization\",\"@id\":\"https:\\\/\\\/noticiasmercedinas.com\\\/site\\\/#organization\",\"name\":\"NOTICIASMERCEDINAS.COM\",\"url\":\"https:\\\/\\\/noticiasmercedinas.com\\\/site\\\/\",\"logo\":{\"@type\":\"ImageObject\",\"inLanguage\":\"es\",\"@id\":\"https:\\\/\\\/noticiasmercedinas.com\\\/site\\\/#\\\/schema\\\/logo\\\/image\\\/\",\"url\":\"https:\\\/\\\/noticiasmercedinas.com\\\/site\\\/wp-content\\\/uploads\\\/2020\\\/06\\\/LOGO-512.jpg\",\"contentUrl\":\"https:\\\/\\\/noticiasmercedinas.com\\\/site\\\/wp-content\\\/uploads\\\/2020\\\/06\\\/LOGO-512.jpg\",\"width\":512,\"height\":512,\"caption\":\"NOTICIASMERCEDINAS.COM\"},\"image\":{\"@id\":\"https:\\\/\\\/noticiasmercedinas.com\\\/site\\\/#\\\/schema\\\/logo\\\/image\\\/\"},\"sameAs\":[\"https:\\\/\\\/www.facebook.com\\\/noticiasmercedinas\\\/\",\"https:\\\/\\\/x.com\\\/notmercedinas\",\"https:\\\/\\\/www.instagram.com\\\/noticiasmercedinas\\\/\"]},{\"@type\":\"Person\",\"@id\":\"https:\\\/\\\/noticiasmercedinas.com\\\/site\\\/#\\\/schema\\\/person\\\/84b59c099c28ff2e8b77d4ceec5d8063\",\"name\":\"NOTICIASMERCEDINAS.COM\",\"image\":{\"@type\":\"ImageObject\",\"inLanguage\":\"es\",\"@id\":\"https:\\\/\\\/secure.gravatar.com\\\/avatar\\\/4dfbf16b4d17945bfb6341b2d19043457132fcf478a5ee04f42e959fd8f5df0a?s=96&d=mm&r=g\",\"url\":\"https:\\\/\\\/secure.gravatar.com\\\/avatar\\\/4dfbf16b4d17945bfb6341b2d19043457132fcf478a5ee04f42e959fd8f5df0a?s=96&d=mm&r=g\",\"contentUrl\":\"https:\\\/\\\/secure.gravatar.com\\\/avatar\\\/4dfbf16b4d17945bfb6341b2d19043457132fcf478a5ee04f42e959fd8f5df0a?s=96&d=mm&r=g\",\"caption\":\"NOTICIASMERCEDINAS.COM\"},\"url\":\"https:\\\/\\\/noticiasmercedinas.com\\\/site\\\/author\\\/anonimo\\\/\"}]}<\/script>\n<!-- \/ Yoast SEO plugin. -->","yoast_head_json":{"title":"Andando Descalzo se presenta en Uh Meda? junto a Las Polillas de Poliester","robots":{"index":"index","follow":"follow","max-snippet":"max-snippet:-1","max-image-preview":"max-image-preview:large","max-video-preview":"max-video-preview:-1"},"canonical":"https:\/\/noticiasmercedinas.com\/site\/2025\/03\/10\/andando-descalzo-se-presenta-en-uh-meda-junto-a-las-polillas-de-poliester\/","og_locale":"es_ES","og_type":"article","og_title":"Andando Descalzo se presenta en Uh Meda? junto a Las Polillas de Poliester","og_description":"\u25a0 Con m\u00e1s de 25 a\u00f1os de trayectoria, la banda de Mataderos contin\u00faa recorriendo escenarios de distintas ciudades de la zona y presentando su m\u00e1s reciente disco, \"Parad\u00f3jico\".","og_url":"https:\/\/noticiasmercedinas.com\/site\/2025\/03\/10\/andando-descalzo-se-presenta-en-uh-meda-junto-a-las-polillas-de-poliester\/","og_site_name":"NOTICIASMERCEDINAS.COM","article_publisher":"https:\/\/www.facebook.com\/noticiasmercedinas\/","article_published_time":"2025-03-10T22:56:16+00:00","article_modified_time":"2025-03-10T23:15:26+00:00","og_image":[{"width":943,"height":621,"url":"https:\/\/noticiasmercedinas.com\/site\/wp-content\/uploads\/2025\/03\/FOTa1.jpg","type":"image\/jpeg"}],"author":"NOTICIASMERCEDINAS.COM","twitter_card":"summary_large_image","twitter_creator":"@notmercedinas","twitter_site":"@notmercedinas","twitter_misc":{"Escrito por":"NOTICIASMERCEDINAS.COM","Tiempo de lectura":"1 minuto"},"schema":{"@context":"https:\/\/schema.org","@graph":[{"@type":"Article","@id":"https:\/\/noticiasmercedinas.com\/site\/2025\/03\/10\/andando-descalzo-se-presenta-en-uh-meda-junto-a-las-polillas-de-poliester\/#article","isPartOf":{"@id":"https:\/\/noticiasmercedinas.com\/site\/2025\/03\/10\/andando-descalzo-se-presenta-en-uh-meda-junto-a-las-polillas-de-poliester\/"},"author":{"name":"NOTICIASMERCEDINAS.COM","@id":"https:\/\/noticiasmercedinas.com\/site\/#\/schema\/person\/84b59c099c28ff2e8b77d4ceec5d8063"},"headline":"Andando Descalzo se presenta en Uh Meda? junto a Las Polillas de Poliester","datePublished":"2025-03-10T22:56:16+00:00","dateModified":"2025-03-10T23:15:26+00:00","mainEntityOfPage":{"@id":"https:\/\/noticiasmercedinas.com\/site\/2025\/03\/10\/andando-descalzo-se-presenta-en-uh-meda-junto-a-las-polillas-de-poliester\/"},"wordCount":250,"publisher":{"@id":"https:\/\/noticiasmercedinas.com\/site\/#organization"},"image":{"@id":"https:\/\/noticiasmercedinas.com\/site\/2025\/03\/10\/andando-descalzo-se-presenta-en-uh-meda-junto-a-las-polillas-de-poliester\/#primaryimage"},"thumbnailUrl":"https:\/\/noticiasmercedinas.com\/site\/wp-content\/uploads\/2025\/03\/FOTa1.jpg","keywords":["Andando Descalzo","rock","uh meda"],"articleSection":["Cultura"],"inLanguage":"es"},{"@type":"WebPage","@id":"https:\/\/noticiasmercedinas.com\/site\/2025\/03\/10\/andando-descalzo-se-presenta-en-uh-meda-junto-a-las-polillas-de-poliester\/","url":"https:\/\/noticiasmercedinas.com\/site\/2025\/03\/10\/andando-descalzo-se-presenta-en-uh-meda-junto-a-las-polillas-de-poliester\/","name":"Andando Descalzo se presenta en Uh Meda? junto a Las Polillas de Poliester","isPartOf":{"@id":"https:\/\/noticiasmercedinas.com\/site\/#website"},"primaryImageOfPage":{"@id":"https:\/\/noticiasmercedinas.com\/site\/2025\/03\/10\/andando-descalzo-se-presenta-en-uh-meda-junto-a-las-polillas-de-poliester\/#primaryimage"},"image":{"@id":"https:\/\/noticiasmercedinas.com\/site\/2025\/03\/10\/andando-descalzo-se-presenta-en-uh-meda-junto-a-las-polillas-de-poliester\/#primaryimage"},"thumbnailUrl":"https:\/\/noticiasmercedinas.com\/site\/wp-content\/uploads\/2025\/03\/FOTa1.jpg","datePublished":"2025-03-10T22:56:16+00:00","dateModified":"2025-03-10T23:15:26+00:00","breadcrumb":{"@id":"https:\/\/noticiasmercedinas.com\/site\/2025\/03\/10\/andando-descalzo-se-presenta-en-uh-meda-junto-a-las-polillas-de-poliester\/#breadcrumb"},"inLanguage":"es","potentialAction":[{"@type":"ReadAction","target":["https:\/\/noticiasmercedinas.com\/site\/2025\/03\/10\/andando-descalzo-se-presenta-en-uh-meda-junto-a-las-polillas-de-poliester\/"]}]},{"@type":"ImageObject","inLanguage":"es","@id":"https:\/\/noticiasmercedinas.com\/site\/2025\/03\/10\/andando-descalzo-se-presenta-en-uh-meda-junto-a-las-polillas-de-poliester\/#primaryimage","url":"https:\/\/noticiasmercedinas.com\/site\/wp-content\/uploads\/2025\/03\/FOTa1.jpg","contentUrl":"https:\/\/noticiasmercedinas.com\/site\/wp-content\/uploads\/2025\/03\/FOTa1.jpg","width":943,"height":621},{"@type":"BreadcrumbList","@id":"https:\/\/noticiasmercedinas.com\/site\/2025\/03\/10\/andando-descalzo-se-presenta-en-uh-meda-junto-a-las-polillas-de-poliester\/#breadcrumb","itemListElement":[{"@type":"ListItem","position":1,"name":"Portada","item":"https:\/\/noticiasmercedinas.com\/site\/"},{"@type":"ListItem","position":2,"name":"Andando Descalzo se presenta en Uh Meda? junto a Las Polillas de Poliester"}]},{"@type":"WebSite","@id":"https:\/\/noticiasmercedinas.com\/site\/#website","url":"https:\/\/noticiasmercedinas.com\/site\/","name":"NOTICIASMERCEDINAS.COM","description":"Mercedes, Buenos Aires, Argentina","publisher":{"@id":"https:\/\/noticiasmercedinas.com\/site\/#organization"},"potentialAction":[{"@type":"SearchAction","target":{"@type":"EntryPoint","urlTemplate":"https:\/\/noticiasmercedinas.com\/site\/?s={search_term_string}"},"query-input":{"@type":"PropertyValueSpecification","valueRequired":true,"valueName":"search_term_string"}}],"inLanguage":"es"},{"@type":"Organization","@id":"https:\/\/noticiasmercedinas.com\/site\/#organization","name":"NOTICIASMERCEDINAS.COM","url":"https:\/\/noticiasmercedinas.com\/site\/","logo":{"@type":"ImageObject","inLanguage":"es","@id":"https:\/\/noticiasmercedinas.com\/site\/#\/schema\/logo\/image\/","url":"https:\/\/noticiasmercedinas.com\/site\/wp-content\/uploads\/2020\/06\/LOGO-512.jpg","contentUrl":"https:\/\/noticiasmercedinas.com\/site\/wp-content\/uploads\/2020\/06\/LOGO-512.jpg","width":512,"height":512,"caption":"NOTICIASMERCEDINAS.COM"},"image":{"@id":"https:\/\/noticiasmercedinas.com\/site\/#\/schema\/logo\/image\/"},"sameAs":["https:\/\/www.facebook.com\/noticiasmercedinas\/","https:\/\/x.com\/notmercedinas","https:\/\/www.instagram.com\/noticiasmercedinas\/"]},{"@type":"Person","@id":"https:\/\/noticiasmercedinas.com\/site\/#\/schema\/person\/84b59c099c28ff2e8b77d4ceec5d8063","name":"NOTICIASMERCEDINAS.COM","image":{"@type":"ImageObject","inLanguage":"es","@id":"https:\/\/secure.gravatar.com\/avatar\/4dfbf16b4d17945bfb6341b2d19043457132fcf478a5ee04f42e959fd8f5df0a?s=96&d=mm&r=g","url":"https:\/\/secure.gravatar.com\/avatar\/4dfbf16b4d17945bfb6341b2d19043457132fcf478a5ee04f42e959fd8f5df0a?s=96&d=mm&r=g","contentUrl":"https:\/\/secure.gravatar.com\/avatar\/4dfbf16b4d17945bfb6341b2d19043457132fcf478a5ee04f42e959fd8f5df0a?s=96&d=mm&r=g","caption":"NOTICIASMERCEDINAS.COM"},"url":"https:\/\/noticiasmercedinas.com\/site\/author\/anonimo\/"}]}},"amp_enabled":true,"_links":{"self":[{"href":"https:\/\/noticiasmercedinas.com\/site\/wp-json\/wp\/v2\/posts\/154909","targetHints":{"allow":["GET"]}}],"collection":[{"href":"https:\/\/noticiasmercedinas.com\/site\/wp-json\/wp\/v2\/posts"}],"about":[{"href":"https:\/\/noticiasmercedinas.com\/site\/wp-json\/wp\/v2\/types\/post"}],"author":[{"embeddable":true,"href":"https:\/\/noticiasmercedinas.com\/site\/wp-json\/wp\/v2\/users\/16"}],"replies":[{"embeddable":true,"href":"https:\/\/noticiasmercedinas.com\/site\/wp-json\/wp\/v2\/comments?post=154909"}],"version-history":[{"count":2,"href":"https:\/\/noticiasmercedinas.com\/site\/wp-json\/wp\/v2\/posts\/154909\/revisions"}],"predecessor-version":[{"id":154917,"href":"https:\/\/noticiasmercedinas.com\/site\/wp-json\/wp\/v2\/posts\/154909\/revisions\/154917"}],"wp:featuredmedia":[{"embeddable":true,"href":"https:\/\/noticiasmercedinas.com\/site\/wp-json\/wp\/v2\/media\/154916"}],"wp:attachment":[{"href":"https:\/\/noticiasmercedinas.com\/site\/wp-json\/wp\/v2\/media?parent=154909"}],"wp:term":[{"taxonomy":"category","embeddable":true,"href":"https:\/\/noticiasmercedinas.com\/site\/wp-json\/wp\/v2\/categories?post=154909"},{"taxonomy":"post_tag","embeddable":true,"href":"https:\/\/noticiasmercedinas.com\/site\/wp-json\/wp\/v2\/tags?post=154909"}],"curies":[{"name":"wp","href":"https:\/\/api.w.org\/{rel}","templated":true}]}}