{"id":155121,"date":"2025-03-13T11:59:56","date_gmt":"2025-03-13T14:59:56","guid":{"rendered":"https:\/\/noticiasmercedinas.com\/site\/?p=155121"},"modified":"2025-03-13T11:59:56","modified_gmt":"2025-03-13T14:59:56","slug":"el-porvenir-y-club-mercedes-jugara-el-proximo-martes","status":"publish","type":"post","link":"https:\/\/noticiasmercedinas.com\/site\/2025\/03\/13\/el-porvenir-y-club-mercedes-jugara-el-proximo-martes\/","title":{"rendered":"El Porvenir y Club Mercedes jugar\u00e1 el pr\u00f3ximo martes"},"content":{"rendered":"<figure id=\"attachment_155122\" aria-describedby=\"caption-attachment-155122\" style=\"width: 640px\" class=\"wp-caption alignnone\"><img loading=\"lazy\" decoding=\"async\" class=\"wp-image-155122 size-full\" src=\"https:\/\/noticiasmercedinas.com\/site\/wp-content\/uploads\/2025\/03\/3a09d7b3-c88a-4c4d-887a-587de8647a90.jpg\" alt=\"\" width=\"640\" height=\"336\" srcset=\"https:\/\/noticiasmercedinas.com\/site\/wp-content\/uploads\/2025\/03\/3a09d7b3-c88a-4c4d-887a-587de8647a90.jpg 640w, https:\/\/noticiasmercedinas.com\/site\/wp-content\/uploads\/2025\/03\/3a09d7b3-c88a-4c4d-887a-587de8647a90-300x158.jpg 300w\" sizes=\"auto, (max-width: 640px) 100vw, 640px\" \/><figcaption id=\"caption-attachment-155122\" class=\"wp-caption-text\">Entrenamiento de Club Mercedes, enfrenta a El Porvenir.<\/figcaption><\/figure>\n<p>El buen inicio que tuvo Club Mercedes en la Primera C, triunfo 1-0 a Defensores de Cambaceres en la Liga, motiv\u00f3 al plantel y cuerpo t\u00e9cnico que a entrenado de buena manera para llegar a buen puerto.<\/p>\n<p>En principio, el encuentro por la segunda fecha ante El Porvenir no estaba programado, pese a ello los entrenamientos no se detuvieron y a partir de lo sucedido en la jornada del mi\u00e9rcoles en la ciudad de La Plata cambiaron los planes.<\/p>\n<p>Es que tras realizarse averiguaciones y en medio gestiones de la propia AFA se constat\u00f3 que la IGJ no intervendr\u00e1 el club de Gerli, con ello no tard\u00f3 en confirmarse la vuelta de El Porvenir a la categor\u00eda que s\u00f3lo no pudo jugar ante Central C\u00f3rdoba.<\/p>\n<p>De esta manera el venidero martes 18 desde las 15.30 \u201cEl Porve\u201d recibir\u00e1 a Club Mercedes por la segunda fecha, quedando a confirmar la designaci\u00f3n arbitral que ya se hab\u00eda dado el \u00faltimo martes, antes de los ocurrido en La Plata.<\/p>\n<p>El \u201cBlanquinegro\u201d viene de tener d\u00eda libre el domingo, desde el lunes se entrena en su campo de deportes, el s\u00e1bado ser\u00e1 de descanso para reanudarse las pr\u00e1cticas el domingo y continuar el lunes, ya el martes almorzar\u00e1n para partir hacia Gerli.<\/p>\n<p>Tras este juego, Mercedes volver\u00e1 a ser local y lo har\u00e1 ante Just\u00f3 Jos\u00e9 de Urquiza, el cruce en principio ser\u00e1 para el siguiente fin de semana, acord\u00e1ndose con la Liga Mercedina poder contar con la cancha al estar la segunda fecha del certamen local.<\/p>\n","protected":false},"excerpt":{"rendered":"<p>\u25a0 Confirmada la vuelta a la competencia del club de Gerli fue programado el partido de la segunda fecha. El \u201cBlanquinegro\u201d desde las 15.30 visitar\u00e1 al club de zona sur. Tras este compromiso se vendr\u00e1 la visita de JJ Urquiza en la Liga.<\/p>\n","protected":false},"author":6,"featured_media":155122,"comment_status":"closed","ping_status":"closed","sticky":false,"template":"","format":"standard","meta":{"footnotes":""},"categories":[5],"tags":[135,10499,6434],"class_list":["post-155121","post","type-post","status-publish","format-standard","has-post-thumbnail","hentry","category-deportes","tag-club-mercedes","tag-el-porvenir","tag-primera-c"],"yoast_head":"<!-- This site is optimized with the Yoast SEO plugin v27.4 - https:\/\/yoast.com\/product\/yoast-seo-wordpress\/ -->\n<title>El Porvenir y Club Mercedes jugar\u00e1 el pr\u00f3ximo martes<\/title>\n<meta name=\"robots\" content=\"index, follow, max-snippet:-1, max-image-preview:large, max-video-preview:-1\" \/>\n<link rel=\"canonical\" href=\"https:\/\/noticiasmercedinas.com\/site\/2025\/03\/13\/el-porvenir-y-club-mercedes-jugara-el-proximo-martes\/\" \/>\n<meta property=\"og:locale\" content=\"es_ES\" \/>\n<meta property=\"og:type\" content=\"article\" \/>\n<meta property=\"og:title\" content=\"El Porvenir y Club Mercedes jugar\u00e1 el pr\u00f3ximo martes\" \/>\n<meta property=\"og:description\" content=\"\u25a0 Confirmada la vuelta a la competencia del club de Gerli fue programado el partido de la segunda fecha. El \u201cBlanquinegro\u201d desde las 15.30 visitar\u00e1 al club de zona sur. Tras este compromiso se vendr\u00e1 la visita de JJ Urquiza en la Liga.\" \/>\n<meta property=\"og:url\" content=\"https:\/\/noticiasmercedinas.com\/site\/2025\/03\/13\/el-porvenir-y-club-mercedes-jugara-el-proximo-martes\/\" \/>\n<meta property=\"og:site_name\" content=\"NOTICIASMERCEDINAS.COM\" \/>\n<meta property=\"article:publisher\" content=\"https:\/\/www.facebook.com\/noticiasmercedinas\/\" \/>\n<meta property=\"article:published_time\" content=\"2025-03-13T14:59:56+00:00\" \/>\n<meta property=\"og:image\" content=\"https:\/\/noticiasmercedinas.com\/site\/wp-content\/uploads\/2025\/03\/3a09d7b3-c88a-4c4d-887a-587de8647a90.jpg\" \/>\n\t<meta property=\"og:image:width\" content=\"640\" \/>\n\t<meta property=\"og:image:height\" content=\"336\" \/>\n\t<meta property=\"og:image:type\" content=\"image\/jpeg\" \/>\n<meta name=\"author\" content=\"Juan Dagnino NOTICIASMERCEDINAS.COM\" \/>\n<meta name=\"twitter:card\" content=\"summary_large_image\" \/>\n<meta name=\"twitter:creator\" content=\"@notmercedinas\" \/>\n<meta name=\"twitter:site\" content=\"@notmercedinas\" \/>\n<meta name=\"twitter:label1\" content=\"Escrito por\" \/>\n\t<meta name=\"twitter:data1\" content=\"Juan Dagnino NOTICIASMERCEDINAS.COM\" \/>\n\t<meta name=\"twitter:label2\" content=\"Tiempo de lectura\" \/>\n\t<meta name=\"twitter:data2\" content=\"1 minuto\" \/>\n<script type=\"application\/ld+json\" class=\"yoast-schema-graph\">{\"@context\":\"https:\\\/\\\/schema.org\",\"@graph\":[{\"@type\":\"Article\",\"@id\":\"https:\\\/\\\/noticiasmercedinas.com\\\/site\\\/2025\\\/03\\\/13\\\/el-porvenir-y-club-mercedes-jugara-el-proximo-martes\\\/#article\",\"isPartOf\":{\"@id\":\"https:\\\/\\\/noticiasmercedinas.com\\\/site\\\/2025\\\/03\\\/13\\\/el-porvenir-y-club-mercedes-jugara-el-proximo-martes\\\/\"},\"author\":{\"name\":\"Juan Dagnino NOTICIASMERCEDINAS.COM\",\"@id\":\"https:\\\/\\\/noticiasmercedinas.com\\\/site\\\/#\\\/schema\\\/person\\\/8f2f09d666ef40986eba4a5e6f2a06f9\"},\"headline\":\"El Porvenir y Club Mercedes jugar\u00e1 el pr\u00f3ximo martes\",\"datePublished\":\"2025-03-13T14:59:56+00:00\",\"mainEntityOfPage\":{\"@id\":\"https:\\\/\\\/noticiasmercedinas.com\\\/site\\\/2025\\\/03\\\/13\\\/el-porvenir-y-club-mercedes-jugara-el-proximo-martes\\\/\"},\"wordCount\":288,\"publisher\":{\"@id\":\"https:\\\/\\\/noticiasmercedinas.com\\\/site\\\/#organization\"},\"image\":{\"@id\":\"https:\\\/\\\/noticiasmercedinas.com\\\/site\\\/2025\\\/03\\\/13\\\/el-porvenir-y-club-mercedes-jugara-el-proximo-martes\\\/#primaryimage\"},\"thumbnailUrl\":\"https:\\\/\\\/noticiasmercedinas.com\\\/site\\\/wp-content\\\/uploads\\\/2025\\\/03\\\/3a09d7b3-c88a-4c4d-887a-587de8647a90.jpg\",\"keywords\":[\"club mercedes\",\"El Porvenir\",\"Primera C\"],\"articleSection\":[\"Deportes\"],\"inLanguage\":\"es\"},{\"@type\":\"WebPage\",\"@id\":\"https:\\\/\\\/noticiasmercedinas.com\\\/site\\\/2025\\\/03\\\/13\\\/el-porvenir-y-club-mercedes-jugara-el-proximo-martes\\\/\",\"url\":\"https:\\\/\\\/noticiasmercedinas.com\\\/site\\\/2025\\\/03\\\/13\\\/el-porvenir-y-club-mercedes-jugara-el-proximo-martes\\\/\",\"name\":\"El Porvenir y Club Mercedes jugar\u00e1 el pr\u00f3ximo martes\",\"isPartOf\":{\"@id\":\"https:\\\/\\\/noticiasmercedinas.com\\\/site\\\/#website\"},\"primaryImageOfPage\":{\"@id\":\"https:\\\/\\\/noticiasmercedinas.com\\\/site\\\/2025\\\/03\\\/13\\\/el-porvenir-y-club-mercedes-jugara-el-proximo-martes\\\/#primaryimage\"},\"image\":{\"@id\":\"https:\\\/\\\/noticiasmercedinas.com\\\/site\\\/2025\\\/03\\\/13\\\/el-porvenir-y-club-mercedes-jugara-el-proximo-martes\\\/#primaryimage\"},\"thumbnailUrl\":\"https:\\\/\\\/noticiasmercedinas.com\\\/site\\\/wp-content\\\/uploads\\\/2025\\\/03\\\/3a09d7b3-c88a-4c4d-887a-587de8647a90.jpg\",\"datePublished\":\"2025-03-13T14:59:56+00:00\",\"breadcrumb\":{\"@id\":\"https:\\\/\\\/noticiasmercedinas.com\\\/site\\\/2025\\\/03\\\/13\\\/el-porvenir-y-club-mercedes-jugara-el-proximo-martes\\\/#breadcrumb\"},\"inLanguage\":\"es\",\"potentialAction\":[{\"@type\":\"ReadAction\",\"target\":[\"https:\\\/\\\/noticiasmercedinas.com\\\/site\\\/2025\\\/03\\\/13\\\/el-porvenir-y-club-mercedes-jugara-el-proximo-martes\\\/\"]}]},{\"@type\":\"ImageObject\",\"inLanguage\":\"es\",\"@id\":\"https:\\\/\\\/noticiasmercedinas.com\\\/site\\\/2025\\\/03\\\/13\\\/el-porvenir-y-club-mercedes-jugara-el-proximo-martes\\\/#primaryimage\",\"url\":\"https:\\\/\\\/noticiasmercedinas.com\\\/site\\\/wp-content\\\/uploads\\\/2025\\\/03\\\/3a09d7b3-c88a-4c4d-887a-587de8647a90.jpg\",\"contentUrl\":\"https:\\\/\\\/noticiasmercedinas.com\\\/site\\\/wp-content\\\/uploads\\\/2025\\\/03\\\/3a09d7b3-c88a-4c4d-887a-587de8647a90.jpg\",\"width\":640,\"height\":336},{\"@type\":\"BreadcrumbList\",\"@id\":\"https:\\\/\\\/noticiasmercedinas.com\\\/site\\\/2025\\\/03\\\/13\\\/el-porvenir-y-club-mercedes-jugara-el-proximo-martes\\\/#breadcrumb\",\"itemListElement\":[{\"@type\":\"ListItem\",\"position\":1,\"name\":\"Portada\",\"item\":\"https:\\\/\\\/noticiasmercedinas.com\\\/site\\\/\"},{\"@type\":\"ListItem\",\"position\":2,\"name\":\"El Porvenir y Club Mercedes jugar\u00e1 el pr\u00f3ximo martes\"}]},{\"@type\":\"WebSite\",\"@id\":\"https:\\\/\\\/noticiasmercedinas.com\\\/site\\\/#website\",\"url\":\"https:\\\/\\\/noticiasmercedinas.com\\\/site\\\/\",\"name\":\"NOTICIASMERCEDINAS.COM\",\"description\":\"Mercedes, Buenos Aires, Argentina\",\"publisher\":{\"@id\":\"https:\\\/\\\/noticiasmercedinas.com\\\/site\\\/#organization\"},\"potentialAction\":[{\"@type\":\"SearchAction\",\"target\":{\"@type\":\"EntryPoint\",\"urlTemplate\":\"https:\\\/\\\/noticiasmercedinas.com\\\/site\\\/?s={search_term_string}\"},\"query-input\":{\"@type\":\"PropertyValueSpecification\",\"valueRequired\":true,\"valueName\":\"search_term_string\"}}],\"inLanguage\":\"es\"},{\"@type\":\"Organization\",\"@id\":\"https:\\\/\\\/noticiasmercedinas.com\\\/site\\\/#organization\",\"name\":\"NOTICIASMERCEDINAS.COM\",\"url\":\"https:\\\/\\\/noticiasmercedinas.com\\\/site\\\/\",\"logo\":{\"@type\":\"ImageObject\",\"inLanguage\":\"es\",\"@id\":\"https:\\\/\\\/noticiasmercedinas.com\\\/site\\\/#\\\/schema\\\/logo\\\/image\\\/\",\"url\":\"https:\\\/\\\/noticiasmercedinas.com\\\/site\\\/wp-content\\\/uploads\\\/2020\\\/06\\\/LOGO-512.jpg\",\"contentUrl\":\"https:\\\/\\\/noticiasmercedinas.com\\\/site\\\/wp-content\\\/uploads\\\/2020\\\/06\\\/LOGO-512.jpg\",\"width\":512,\"height\":512,\"caption\":\"NOTICIASMERCEDINAS.COM\"},\"image\":{\"@id\":\"https:\\\/\\\/noticiasmercedinas.com\\\/site\\\/#\\\/schema\\\/logo\\\/image\\\/\"},\"sameAs\":[\"https:\\\/\\\/www.facebook.com\\\/noticiasmercedinas\\\/\",\"https:\\\/\\\/x.com\\\/notmercedinas\",\"https:\\\/\\\/www.instagram.com\\\/noticiasmercedinas\\\/\"]},{\"@type\":\"Person\",\"@id\":\"https:\\\/\\\/noticiasmercedinas.com\\\/site\\\/#\\\/schema\\\/person\\\/8f2f09d666ef40986eba4a5e6f2a06f9\",\"name\":\"Juan Dagnino NOTICIASMERCEDINAS.COM\",\"image\":{\"@type\":\"ImageObject\",\"inLanguage\":\"es\",\"@id\":\"https:\\\/\\\/secure.gravatar.com\\\/avatar\\\/fc7059a769f5a3cae65fadb228a3e4accf3a64b4b2305020d0a27e6d5333c91b?s=96&d=mm&r=g\",\"url\":\"https:\\\/\\\/secure.gravatar.com\\\/avatar\\\/fc7059a769f5a3cae65fadb228a3e4accf3a64b4b2305020d0a27e6d5333c91b?s=96&d=mm&r=g\",\"contentUrl\":\"https:\\\/\\\/secure.gravatar.com\\\/avatar\\\/fc7059a769f5a3cae65fadb228a3e4accf3a64b4b2305020d0a27e6d5333c91b?s=96&d=mm&r=g\",\"caption\":\"Juan Dagnino NOTICIASMERCEDINAS.COM\"},\"url\":\"https:\\\/\\\/noticiasmercedinas.com\\\/site\\\/author\\\/juandagnino\\\/\"}]}<\/script>\n<!-- \/ Yoast SEO plugin. -->","yoast_head_json":{"title":"El Porvenir y Club Mercedes jugar\u00e1 el pr\u00f3ximo martes","robots":{"index":"index","follow":"follow","max-snippet":"max-snippet:-1","max-image-preview":"max-image-preview:large","max-video-preview":"max-video-preview:-1"},"canonical":"https:\/\/noticiasmercedinas.com\/site\/2025\/03\/13\/el-porvenir-y-club-mercedes-jugara-el-proximo-martes\/","og_locale":"es_ES","og_type":"article","og_title":"El Porvenir y Club Mercedes jugar\u00e1 el pr\u00f3ximo martes","og_description":"\u25a0 Confirmada la vuelta a la competencia del club de Gerli fue programado el partido de la segunda fecha. El \u201cBlanquinegro\u201d desde las 15.30 visitar\u00e1 al club de zona sur. Tras este compromiso se vendr\u00e1 la visita de JJ Urquiza en la Liga.","og_url":"https:\/\/noticiasmercedinas.com\/site\/2025\/03\/13\/el-porvenir-y-club-mercedes-jugara-el-proximo-martes\/","og_site_name":"NOTICIASMERCEDINAS.COM","article_publisher":"https:\/\/www.facebook.com\/noticiasmercedinas\/","article_published_time":"2025-03-13T14:59:56+00:00","og_image":[{"width":640,"height":336,"url":"https:\/\/noticiasmercedinas.com\/site\/wp-content\/uploads\/2025\/03\/3a09d7b3-c88a-4c4d-887a-587de8647a90.jpg","type":"image\/jpeg"}],"author":"Juan Dagnino NOTICIASMERCEDINAS.COM","twitter_card":"summary_large_image","twitter_creator":"@notmercedinas","twitter_site":"@notmercedinas","twitter_misc":{"Escrito por":"Juan Dagnino NOTICIASMERCEDINAS.COM","Tiempo de lectura":"1 minuto"},"schema":{"@context":"https:\/\/schema.org","@graph":[{"@type":"Article","@id":"https:\/\/noticiasmercedinas.com\/site\/2025\/03\/13\/el-porvenir-y-club-mercedes-jugara-el-proximo-martes\/#article","isPartOf":{"@id":"https:\/\/noticiasmercedinas.com\/site\/2025\/03\/13\/el-porvenir-y-club-mercedes-jugara-el-proximo-martes\/"},"author":{"name":"Juan Dagnino NOTICIASMERCEDINAS.COM","@id":"https:\/\/noticiasmercedinas.com\/site\/#\/schema\/person\/8f2f09d666ef40986eba4a5e6f2a06f9"},"headline":"El Porvenir y Club Mercedes jugar\u00e1 el pr\u00f3ximo martes","datePublished":"2025-03-13T14:59:56+00:00","mainEntityOfPage":{"@id":"https:\/\/noticiasmercedinas.com\/site\/2025\/03\/13\/el-porvenir-y-club-mercedes-jugara-el-proximo-martes\/"},"wordCount":288,"publisher":{"@id":"https:\/\/noticiasmercedinas.com\/site\/#organization"},"image":{"@id":"https:\/\/noticiasmercedinas.com\/site\/2025\/03\/13\/el-porvenir-y-club-mercedes-jugara-el-proximo-martes\/#primaryimage"},"thumbnailUrl":"https:\/\/noticiasmercedinas.com\/site\/wp-content\/uploads\/2025\/03\/3a09d7b3-c88a-4c4d-887a-587de8647a90.jpg","keywords":["club mercedes","El Porvenir","Primera C"],"articleSection":["Deportes"],"inLanguage":"es"},{"@type":"WebPage","@id":"https:\/\/noticiasmercedinas.com\/site\/2025\/03\/13\/el-porvenir-y-club-mercedes-jugara-el-proximo-martes\/","url":"https:\/\/noticiasmercedinas.com\/site\/2025\/03\/13\/el-porvenir-y-club-mercedes-jugara-el-proximo-martes\/","name":"El Porvenir y Club Mercedes jugar\u00e1 el pr\u00f3ximo martes","isPartOf":{"@id":"https:\/\/noticiasmercedinas.com\/site\/#website"},"primaryImageOfPage":{"@id":"https:\/\/noticiasmercedinas.com\/site\/2025\/03\/13\/el-porvenir-y-club-mercedes-jugara-el-proximo-martes\/#primaryimage"},"image":{"@id":"https:\/\/noticiasmercedinas.com\/site\/2025\/03\/13\/el-porvenir-y-club-mercedes-jugara-el-proximo-martes\/#primaryimage"},"thumbnailUrl":"https:\/\/noticiasmercedinas.com\/site\/wp-content\/uploads\/2025\/03\/3a09d7b3-c88a-4c4d-887a-587de8647a90.jpg","datePublished":"2025-03-13T14:59:56+00:00","breadcrumb":{"@id":"https:\/\/noticiasmercedinas.com\/site\/2025\/03\/13\/el-porvenir-y-club-mercedes-jugara-el-proximo-martes\/#breadcrumb"},"inLanguage":"es","potentialAction":[{"@type":"ReadAction","target":["https:\/\/noticiasmercedinas.com\/site\/2025\/03\/13\/el-porvenir-y-club-mercedes-jugara-el-proximo-martes\/"]}]},{"@type":"ImageObject","inLanguage":"es","@id":"https:\/\/noticiasmercedinas.com\/site\/2025\/03\/13\/el-porvenir-y-club-mercedes-jugara-el-proximo-martes\/#primaryimage","url":"https:\/\/noticiasmercedinas.com\/site\/wp-content\/uploads\/2025\/03\/3a09d7b3-c88a-4c4d-887a-587de8647a90.jpg","contentUrl":"https:\/\/noticiasmercedinas.com\/site\/wp-content\/uploads\/2025\/03\/3a09d7b3-c88a-4c4d-887a-587de8647a90.jpg","width":640,"height":336},{"@type":"BreadcrumbList","@id":"https:\/\/noticiasmercedinas.com\/site\/2025\/03\/13\/el-porvenir-y-club-mercedes-jugara-el-proximo-martes\/#breadcrumb","itemListElement":[{"@type":"ListItem","position":1,"name":"Portada","item":"https:\/\/noticiasmercedinas.com\/site\/"},{"@type":"ListItem","position":2,"name":"El Porvenir y Club Mercedes jugar\u00e1 el pr\u00f3ximo martes"}]},{"@type":"WebSite","@id":"https:\/\/noticiasmercedinas.com\/site\/#website","url":"https:\/\/noticiasmercedinas.com\/site\/","name":"NOTICIASMERCEDINAS.COM","description":"Mercedes, Buenos Aires, Argentina","publisher":{"@id":"https:\/\/noticiasmercedinas.com\/site\/#organization"},"potentialAction":[{"@type":"SearchAction","target":{"@type":"EntryPoint","urlTemplate":"https:\/\/noticiasmercedinas.com\/site\/?s={search_term_string}"},"query-input":{"@type":"PropertyValueSpecification","valueRequired":true,"valueName":"search_term_string"}}],"inLanguage":"es"},{"@type":"Organization","@id":"https:\/\/noticiasmercedinas.com\/site\/#organization","name":"NOTICIASMERCEDINAS.COM","url":"https:\/\/noticiasmercedinas.com\/site\/","logo":{"@type":"ImageObject","inLanguage":"es","@id":"https:\/\/noticiasmercedinas.com\/site\/#\/schema\/logo\/image\/","url":"https:\/\/noticiasmercedinas.com\/site\/wp-content\/uploads\/2020\/06\/LOGO-512.jpg","contentUrl":"https:\/\/noticiasmercedinas.com\/site\/wp-content\/uploads\/2020\/06\/LOGO-512.jpg","width":512,"height":512,"caption":"NOTICIASMERCEDINAS.COM"},"image":{"@id":"https:\/\/noticiasmercedinas.com\/site\/#\/schema\/logo\/image\/"},"sameAs":["https:\/\/www.facebook.com\/noticiasmercedinas\/","https:\/\/x.com\/notmercedinas","https:\/\/www.instagram.com\/noticiasmercedinas\/"]},{"@type":"Person","@id":"https:\/\/noticiasmercedinas.com\/site\/#\/schema\/person\/8f2f09d666ef40986eba4a5e6f2a06f9","name":"Juan Dagnino NOTICIASMERCEDINAS.COM","image":{"@type":"ImageObject","inLanguage":"es","@id":"https:\/\/secure.gravatar.com\/avatar\/fc7059a769f5a3cae65fadb228a3e4accf3a64b4b2305020d0a27e6d5333c91b?s=96&d=mm&r=g","url":"https:\/\/secure.gravatar.com\/avatar\/fc7059a769f5a3cae65fadb228a3e4accf3a64b4b2305020d0a27e6d5333c91b?s=96&d=mm&r=g","contentUrl":"https:\/\/secure.gravatar.com\/avatar\/fc7059a769f5a3cae65fadb228a3e4accf3a64b4b2305020d0a27e6d5333c91b?s=96&d=mm&r=g","caption":"Juan Dagnino NOTICIASMERCEDINAS.COM"},"url":"https:\/\/noticiasmercedinas.com\/site\/author\/juandagnino\/"}]}},"amp_enabled":true,"_links":{"self":[{"href":"https:\/\/noticiasmercedinas.com\/site\/wp-json\/wp\/v2\/posts\/155121","targetHints":{"allow":["GET"]}}],"collection":[{"href":"https:\/\/noticiasmercedinas.com\/site\/wp-json\/wp\/v2\/posts"}],"about":[{"href":"https:\/\/noticiasmercedinas.com\/site\/wp-json\/wp\/v2\/types\/post"}],"author":[{"embeddable":true,"href":"https:\/\/noticiasmercedinas.com\/site\/wp-json\/wp\/v2\/users\/6"}],"replies":[{"embeddable":true,"href":"https:\/\/noticiasmercedinas.com\/site\/wp-json\/wp\/v2\/comments?post=155121"}],"version-history":[{"count":1,"href":"https:\/\/noticiasmercedinas.com\/site\/wp-json\/wp\/v2\/posts\/155121\/revisions"}],"predecessor-version":[{"id":155123,"href":"https:\/\/noticiasmercedinas.com\/site\/wp-json\/wp\/v2\/posts\/155121\/revisions\/155123"}],"wp:featuredmedia":[{"embeddable":true,"href":"https:\/\/noticiasmercedinas.com\/site\/wp-json\/wp\/v2\/media\/155122"}],"wp:attachment":[{"href":"https:\/\/noticiasmercedinas.com\/site\/wp-json\/wp\/v2\/media?parent=155121"}],"wp:term":[{"taxonomy":"category","embeddable":true,"href":"https:\/\/noticiasmercedinas.com\/site\/wp-json\/wp\/v2\/categories?post=155121"},{"taxonomy":"post_tag","embeddable":true,"href":"https:\/\/noticiasmercedinas.com\/site\/wp-json\/wp\/v2\/tags?post=155121"}],"curies":[{"name":"wp","href":"https:\/\/api.w.org\/{rel}","templated":true}]}}