{"id":15544,"date":"2019-04-03T08:07:01","date_gmt":"2019-04-03T11:07:01","guid":{"rendered":"https:\/\/noticiasmercedinas.com\/site\/?p=15544"},"modified":"2019-04-03T08:07:01","modified_gmt":"2019-04-03T11:07:01","slug":"para-recuerdo","status":"publish","type":"post","link":"https:\/\/noticiasmercedinas.com\/site\/2019\/04\/03\/para-recuerdo\/","title":{"rendered":"Para recuerdo"},"content":{"rendered":"<p><img loading=\"lazy\" decoding=\"async\" class=\"alignnone size-full wp-image-15550\" src=\"https:\/\/noticiasmercedinas.com\/site\/wp-content\/uploads\/2019\/04\/nasafoot.png\" alt=\"\" width=\"697\" height=\"349\" srcset=\"https:\/\/noticiasmercedinas.com\/site\/wp-content\/uploads\/2019\/04\/nasafoot.png 697w, https:\/\/noticiasmercedinas.com\/site\/wp-content\/uploads\/2019\/04\/nasafoot-300x150.png 300w, https:\/\/noticiasmercedinas.com\/site\/wp-content\/uploads\/2019\/04\/nasafoot-640x320.png 640w, https:\/\/noticiasmercedinas.com\/site\/wp-content\/uploads\/2019\/04\/nasafoot-681x341.png 681w\" sizes=\"auto, (max-width: 697px) 100vw, 697px\" \/><\/p>\n<p>Desde siempre el hombre ha deseado perpetuarse, como ven\u00edamos charlando y escribiendo estos d\u00edas pasados.<\/p>\n<p>En la antig\u00fcedad se dec\u00eda &#8211;adelante de alg\u00fan documento importante civil, real, incluso eclesi\u00e1stico&#8211; <em>ad perpetuam rei memoriam<\/em>\u00a0(para perpetuo recuerdo) porque el hombre siempre desea pasar no como una estela en la mar, seg\u00fan canta Serrat, sino dejando huella, marcando su presencia, marcando aqu\u00ed estuve, aqu\u00ed estuvimos.<\/p>\n<p>No en vano una de las primeras cosas que hace el hombre cuando llega a la Luna es colocar la bandera del pa\u00eds que llega primero, la primera misi\u00f3n. Todos recordaremos esas im\u00e1genes, as\u00ed como tambi\u00e9n recordaremos esas primeras pisadas, una de ellas tra\u00edda con tanta devoci\u00f3n del suelo lunar y aquella frase <em>un peque\u00f1o paso para el hombre un gran paso para la humanidad.<\/em><\/p>\n<p>El dejar huella, el pasar, el trascender, es propio del ser humano. Y deseamos hacerlo fundamentalmente entre nosotros, entre nuestros conocidos, en nuestras familias. Cu\u00e1ntas cosas hacemos &#8211;pongase a pensar&#8211; y las hacemos porque as\u00ed se hac\u00eda en casa desde siempre. Desde poner o disponer los platos en la mesa, hasta tender una cama, secar unos platos, siempre se hace de esa manera porque as\u00ed lo hacemos en casa. Esa es la trascendencia, tiene que ver con la tradici\u00f3n, el trascender, el pasar, el pasarle la posta a otra persona.<\/p>\n<p>Nuestra vida est\u00e1 se\u00f1alizada, valga la redundancia, con se\u00f1ales que vamos dejando de nuestro paso. Y alguien dice que solamente desaparecemos cuando nadie nos recuerda, o desaparecemos cuando no dejamos huella.<\/p>\n<p>Quiera Dios que nuestro andar, que nuestro pasar, sea para memoria buena de quienes nos han conocido, de nuestros familiares, de nuestros amigos y tambi\u00e9n de nuestra sociedad.<\/p>\n<p>Que la Virgen Sant\u00edsima de Luj\u00e1n lo bendiga.<\/p>\n","protected":false},"excerpt":{"rendered":"<p>Desde siempre el hombre ha deseado perpetuarse, como ven\u00edamos charlando y escribiendo estos d\u00edas pasados. En la antig\u00fcedad se dec\u00eda &#8211;adelante de alg\u00fan documento importante civil, real, incluso eclesi\u00e1stico&#8211; ad perpetuam rei memoriam\u00a0(para perpetuo recuerdo) porque el hombre siempre desea pasar no como una estela en la mar, seg\u00fan canta Serrat, sino dejando huella, marcando [&hellip;]<\/p>\n","protected":false},"author":23,"featured_media":15550,"comment_status":"open","ping_status":"open","sticky":false,"template":"","format":"standard","meta":{"footnotes":""},"categories":[3876],"tags":[4147,89,4163,3879,4162],"class_list":["post-15544","post","type-post","status-publish","format-standard","has-post-thumbnail","hentry","category-semillas-de-vida","tag-huellas","tag-luna","tag-recuerdo","tag-semillas-de-vida","tag-trascender"],"yoast_head":"<!-- This site is optimized with the Yoast SEO plugin v27.5 - https:\/\/yoast.com\/product\/yoast-seo-wordpress\/ -->\n<title>Para recuerdo<\/title>\n<meta name=\"robots\" content=\"index, follow, max-snippet:-1, max-image-preview:large, max-video-preview:-1\" \/>\n<link rel=\"canonical\" href=\"https:\/\/noticiasmercedinas.com\/site\/2019\/04\/03\/para-recuerdo\/\" \/>\n<meta property=\"og:locale\" content=\"es_ES\" \/>\n<meta property=\"og:type\" content=\"article\" \/>\n<meta property=\"og:title\" content=\"Para recuerdo\" \/>\n<meta property=\"og:description\" content=\"Desde siempre el hombre ha deseado perpetuarse, como ven\u00edamos charlando y escribiendo estos d\u00edas pasados. En la antig\u00fcedad se dec\u00eda &#8211;adelante de alg\u00fan documento importante civil, real, incluso eclesi\u00e1stico&#8211; ad perpetuam rei memoriam\u00a0(para perpetuo recuerdo) porque el hombre siempre desea pasar no como una estela en la mar, seg\u00fan canta Serrat, sino dejando huella, marcando [&hellip;]\" \/>\n<meta property=\"og:url\" content=\"https:\/\/noticiasmercedinas.com\/site\/2019\/04\/03\/para-recuerdo\/\" \/>\n<meta property=\"og:site_name\" content=\"NOTICIASMERCEDINAS.COM\" \/>\n<meta property=\"article:publisher\" content=\"https:\/\/www.facebook.com\/noticiasmercedinas\/\" \/>\n<meta property=\"article:published_time\" content=\"2019-04-03T11:07:01+00:00\" \/>\n<meta property=\"og:image\" content=\"https:\/\/noticiasmercedinas.com\/site\/wp-content\/uploads\/2019\/04\/nasafoot.png\" \/>\n\t<meta property=\"og:image:width\" content=\"697\" \/>\n\t<meta property=\"og:image:height\" content=\"349\" \/>\n\t<meta property=\"og:image:type\" content=\"image\/png\" \/>\n<meta name=\"author\" content=\"P. H\u00e9ctor Joaqu\u00edn\" \/>\n<meta name=\"twitter:card\" content=\"summary_large_image\" \/>\n<meta name=\"twitter:creator\" content=\"@notmercedinas\" \/>\n<meta name=\"twitter:site\" content=\"@notmercedinas\" \/>\n<meta name=\"twitter:label1\" content=\"Escrito por\" \/>\n\t<meta name=\"twitter:data1\" content=\"P. H\u00e9ctor Joaqu\u00edn\" \/>\n\t<meta name=\"twitter:label2\" content=\"Tiempo de lectura\" \/>\n\t<meta name=\"twitter:data2\" content=\"2 minutos\" \/>\n<script type=\"application\/ld+json\" class=\"yoast-schema-graph\">{\"@context\":\"https:\\\/\\\/schema.org\",\"@graph\":[{\"@type\":\"Article\",\"@id\":\"https:\\\/\\\/noticiasmercedinas.com\\\/site\\\/2019\\\/04\\\/03\\\/para-recuerdo\\\/#article\",\"isPartOf\":{\"@id\":\"https:\\\/\\\/noticiasmercedinas.com\\\/site\\\/2019\\\/04\\\/03\\\/para-recuerdo\\\/\"},\"author\":{\"name\":\"P. H\u00e9ctor Joaqu\u00edn\",\"@id\":\"https:\\\/\\\/noticiasmercedinas.com\\\/site\\\/#\\\/schema\\\/person\\\/fa7a2dad804ceee0906a2c148245b4c4\"},\"headline\":\"Para recuerdo\",\"datePublished\":\"2019-04-03T11:07:01+00:00\",\"mainEntityOfPage\":{\"@id\":\"https:\\\/\\\/noticiasmercedinas.com\\\/site\\\/2019\\\/04\\\/03\\\/para-recuerdo\\\/\"},\"wordCount\":309,\"commentCount\":0,\"publisher\":{\"@id\":\"https:\\\/\\\/noticiasmercedinas.com\\\/site\\\/#organization\"},\"image\":{\"@id\":\"https:\\\/\\\/noticiasmercedinas.com\\\/site\\\/2019\\\/04\\\/03\\\/para-recuerdo\\\/#primaryimage\"},\"thumbnailUrl\":\"https:\\\/\\\/noticiasmercedinas.com\\\/site\\\/wp-content\\\/uploads\\\/2019\\\/04\\\/nasafoot.png\",\"keywords\":[\"huellas\",\"luna\",\"recuerdo\",\"semillas de vida\",\"trascender\"],\"articleSection\":[\"Semillas de vida\"],\"inLanguage\":\"es\",\"potentialAction\":[{\"@type\":\"CommentAction\",\"name\":\"Comment\",\"target\":[\"https:\\\/\\\/noticiasmercedinas.com\\\/site\\\/2019\\\/04\\\/03\\\/para-recuerdo\\\/#respond\"]}]},{\"@type\":\"WebPage\",\"@id\":\"https:\\\/\\\/noticiasmercedinas.com\\\/site\\\/2019\\\/04\\\/03\\\/para-recuerdo\\\/\",\"url\":\"https:\\\/\\\/noticiasmercedinas.com\\\/site\\\/2019\\\/04\\\/03\\\/para-recuerdo\\\/\",\"name\":\"Para recuerdo\",\"isPartOf\":{\"@id\":\"https:\\\/\\\/noticiasmercedinas.com\\\/site\\\/#website\"},\"primaryImageOfPage\":{\"@id\":\"https:\\\/\\\/noticiasmercedinas.com\\\/site\\\/2019\\\/04\\\/03\\\/para-recuerdo\\\/#primaryimage\"},\"image\":{\"@id\":\"https:\\\/\\\/noticiasmercedinas.com\\\/site\\\/2019\\\/04\\\/03\\\/para-recuerdo\\\/#primaryimage\"},\"thumbnailUrl\":\"https:\\\/\\\/noticiasmercedinas.com\\\/site\\\/wp-content\\\/uploads\\\/2019\\\/04\\\/nasafoot.png\",\"datePublished\":\"2019-04-03T11:07:01+00:00\",\"breadcrumb\":{\"@id\":\"https:\\\/\\\/noticiasmercedinas.com\\\/site\\\/2019\\\/04\\\/03\\\/para-recuerdo\\\/#breadcrumb\"},\"inLanguage\":\"es\",\"potentialAction\":[{\"@type\":\"ReadAction\",\"target\":[\"https:\\\/\\\/noticiasmercedinas.com\\\/site\\\/2019\\\/04\\\/03\\\/para-recuerdo\\\/\"]}]},{\"@type\":\"ImageObject\",\"inLanguage\":\"es\",\"@id\":\"https:\\\/\\\/noticiasmercedinas.com\\\/site\\\/2019\\\/04\\\/03\\\/para-recuerdo\\\/#primaryimage\",\"url\":\"https:\\\/\\\/noticiasmercedinas.com\\\/site\\\/wp-content\\\/uploads\\\/2019\\\/04\\\/nasafoot.png\",\"contentUrl\":\"https:\\\/\\\/noticiasmercedinas.com\\\/site\\\/wp-content\\\/uploads\\\/2019\\\/04\\\/nasafoot.png\",\"width\":697,\"height\":349},{\"@type\":\"BreadcrumbList\",\"@id\":\"https:\\\/\\\/noticiasmercedinas.com\\\/site\\\/2019\\\/04\\\/03\\\/para-recuerdo\\\/#breadcrumb\",\"itemListElement\":[{\"@type\":\"ListItem\",\"position\":1,\"name\":\"Portada\",\"item\":\"https:\\\/\\\/noticiasmercedinas.com\\\/site\\\/\"},{\"@type\":\"ListItem\",\"position\":2,\"name\":\"Para recuerdo\"}]},{\"@type\":\"WebSite\",\"@id\":\"https:\\\/\\\/noticiasmercedinas.com\\\/site\\\/#website\",\"url\":\"https:\\\/\\\/noticiasmercedinas.com\\\/site\\\/\",\"name\":\"NOTICIASMERCEDINAS.COM\",\"description\":\"Mercedes, Buenos Aires, Argentina\",\"publisher\":{\"@id\":\"https:\\\/\\\/noticiasmercedinas.com\\\/site\\\/#organization\"},\"potentialAction\":[{\"@type\":\"SearchAction\",\"target\":{\"@type\":\"EntryPoint\",\"urlTemplate\":\"https:\\\/\\\/noticiasmercedinas.com\\\/site\\\/?s={search_term_string}\"},\"query-input\":{\"@type\":\"PropertyValueSpecification\",\"valueRequired\":true,\"valueName\":\"search_term_string\"}}],\"inLanguage\":\"es\"},{\"@type\":\"Organization\",\"@id\":\"https:\\\/\\\/noticiasmercedinas.com\\\/site\\\/#organization\",\"name\":\"NOTICIASMERCEDINAS.COM\",\"url\":\"https:\\\/\\\/noticiasmercedinas.com\\\/site\\\/\",\"logo\":{\"@type\":\"ImageObject\",\"inLanguage\":\"es\",\"@id\":\"https:\\\/\\\/noticiasmercedinas.com\\\/site\\\/#\\\/schema\\\/logo\\\/image\\\/\",\"url\":\"https:\\\/\\\/noticiasmercedinas.com\\\/site\\\/wp-content\\\/uploads\\\/2020\\\/06\\\/LOGO-512.jpg\",\"contentUrl\":\"https:\\\/\\\/noticiasmercedinas.com\\\/site\\\/wp-content\\\/uploads\\\/2020\\\/06\\\/LOGO-512.jpg\",\"width\":512,\"height\":512,\"caption\":\"NOTICIASMERCEDINAS.COM\"},\"image\":{\"@id\":\"https:\\\/\\\/noticiasmercedinas.com\\\/site\\\/#\\\/schema\\\/logo\\\/image\\\/\"},\"sameAs\":[\"https:\\\/\\\/www.facebook.com\\\/noticiasmercedinas\\\/\",\"https:\\\/\\\/x.com\\\/notmercedinas\",\"https:\\\/\\\/www.instagram.com\\\/noticiasmercedinas\\\/\"]},{\"@type\":\"Person\",\"@id\":\"https:\\\/\\\/noticiasmercedinas.com\\\/site\\\/#\\\/schema\\\/person\\\/fa7a2dad804ceee0906a2c148245b4c4\",\"name\":\"P. H\u00e9ctor Joaqu\u00edn\",\"image\":{\"@type\":\"ImageObject\",\"inLanguage\":\"es\",\"@id\":\"https:\\\/\\\/secure.gravatar.com\\\/avatar\\\/fc990d0c6aaa5e2392b464cdcac996d997f9584e171f3aa7796a8414f18ec701?s=96&d=mm&r=g\",\"url\":\"https:\\\/\\\/secure.gravatar.com\\\/avatar\\\/fc990d0c6aaa5e2392b464cdcac996d997f9584e171f3aa7796a8414f18ec701?s=96&d=mm&r=g\",\"contentUrl\":\"https:\\\/\\\/secure.gravatar.com\\\/avatar\\\/fc990d0c6aaa5e2392b464cdcac996d997f9584e171f3aa7796a8414f18ec701?s=96&d=mm&r=g\",\"caption\":\"P. H\u00e9ctor Joaqu\u00edn\"},\"url\":\"https:\\\/\\\/noticiasmercedinas.com\\\/site\\\/author\\\/p-carlos-joaquin\\\/\"}]}<\/script>\n<!-- \/ Yoast SEO plugin. -->","yoast_head_json":{"title":"Para recuerdo","robots":{"index":"index","follow":"follow","max-snippet":"max-snippet:-1","max-image-preview":"max-image-preview:large","max-video-preview":"max-video-preview:-1"},"canonical":"https:\/\/noticiasmercedinas.com\/site\/2019\/04\/03\/para-recuerdo\/","og_locale":"es_ES","og_type":"article","og_title":"Para recuerdo","og_description":"Desde siempre el hombre ha deseado perpetuarse, como ven\u00edamos charlando y escribiendo estos d\u00edas pasados. En la antig\u00fcedad se dec\u00eda &#8211;adelante de alg\u00fan documento importante civil, real, incluso eclesi\u00e1stico&#8211; ad perpetuam rei memoriam\u00a0(para perpetuo recuerdo) porque el hombre siempre desea pasar no como una estela en la mar, seg\u00fan canta Serrat, sino dejando huella, marcando [&hellip;]","og_url":"https:\/\/noticiasmercedinas.com\/site\/2019\/04\/03\/para-recuerdo\/","og_site_name":"NOTICIASMERCEDINAS.COM","article_publisher":"https:\/\/www.facebook.com\/noticiasmercedinas\/","article_published_time":"2019-04-03T11:07:01+00:00","og_image":[{"width":697,"height":349,"url":"https:\/\/noticiasmercedinas.com\/site\/wp-content\/uploads\/2019\/04\/nasafoot.png","type":"image\/png"}],"author":"P. H\u00e9ctor Joaqu\u00edn","twitter_card":"summary_large_image","twitter_creator":"@notmercedinas","twitter_site":"@notmercedinas","twitter_misc":{"Escrito por":"P. H\u00e9ctor Joaqu\u00edn","Tiempo de lectura":"2 minutos"},"schema":{"@context":"https:\/\/schema.org","@graph":[{"@type":"Article","@id":"https:\/\/noticiasmercedinas.com\/site\/2019\/04\/03\/para-recuerdo\/#article","isPartOf":{"@id":"https:\/\/noticiasmercedinas.com\/site\/2019\/04\/03\/para-recuerdo\/"},"author":{"name":"P. H\u00e9ctor Joaqu\u00edn","@id":"https:\/\/noticiasmercedinas.com\/site\/#\/schema\/person\/fa7a2dad804ceee0906a2c148245b4c4"},"headline":"Para recuerdo","datePublished":"2019-04-03T11:07:01+00:00","mainEntityOfPage":{"@id":"https:\/\/noticiasmercedinas.com\/site\/2019\/04\/03\/para-recuerdo\/"},"wordCount":309,"commentCount":0,"publisher":{"@id":"https:\/\/noticiasmercedinas.com\/site\/#organization"},"image":{"@id":"https:\/\/noticiasmercedinas.com\/site\/2019\/04\/03\/para-recuerdo\/#primaryimage"},"thumbnailUrl":"https:\/\/noticiasmercedinas.com\/site\/wp-content\/uploads\/2019\/04\/nasafoot.png","keywords":["huellas","luna","recuerdo","semillas de vida","trascender"],"articleSection":["Semillas de vida"],"inLanguage":"es","potentialAction":[{"@type":"CommentAction","name":"Comment","target":["https:\/\/noticiasmercedinas.com\/site\/2019\/04\/03\/para-recuerdo\/#respond"]}]},{"@type":"WebPage","@id":"https:\/\/noticiasmercedinas.com\/site\/2019\/04\/03\/para-recuerdo\/","url":"https:\/\/noticiasmercedinas.com\/site\/2019\/04\/03\/para-recuerdo\/","name":"Para recuerdo","isPartOf":{"@id":"https:\/\/noticiasmercedinas.com\/site\/#website"},"primaryImageOfPage":{"@id":"https:\/\/noticiasmercedinas.com\/site\/2019\/04\/03\/para-recuerdo\/#primaryimage"},"image":{"@id":"https:\/\/noticiasmercedinas.com\/site\/2019\/04\/03\/para-recuerdo\/#primaryimage"},"thumbnailUrl":"https:\/\/noticiasmercedinas.com\/site\/wp-content\/uploads\/2019\/04\/nasafoot.png","datePublished":"2019-04-03T11:07:01+00:00","breadcrumb":{"@id":"https:\/\/noticiasmercedinas.com\/site\/2019\/04\/03\/para-recuerdo\/#breadcrumb"},"inLanguage":"es","potentialAction":[{"@type":"ReadAction","target":["https:\/\/noticiasmercedinas.com\/site\/2019\/04\/03\/para-recuerdo\/"]}]},{"@type":"ImageObject","inLanguage":"es","@id":"https:\/\/noticiasmercedinas.com\/site\/2019\/04\/03\/para-recuerdo\/#primaryimage","url":"https:\/\/noticiasmercedinas.com\/site\/wp-content\/uploads\/2019\/04\/nasafoot.png","contentUrl":"https:\/\/noticiasmercedinas.com\/site\/wp-content\/uploads\/2019\/04\/nasafoot.png","width":697,"height":349},{"@type":"BreadcrumbList","@id":"https:\/\/noticiasmercedinas.com\/site\/2019\/04\/03\/para-recuerdo\/#breadcrumb","itemListElement":[{"@type":"ListItem","position":1,"name":"Portada","item":"https:\/\/noticiasmercedinas.com\/site\/"},{"@type":"ListItem","position":2,"name":"Para recuerdo"}]},{"@type":"WebSite","@id":"https:\/\/noticiasmercedinas.com\/site\/#website","url":"https:\/\/noticiasmercedinas.com\/site\/","name":"NOTICIASMERCEDINAS.COM","description":"Mercedes, Buenos Aires, Argentina","publisher":{"@id":"https:\/\/noticiasmercedinas.com\/site\/#organization"},"potentialAction":[{"@type":"SearchAction","target":{"@type":"EntryPoint","urlTemplate":"https:\/\/noticiasmercedinas.com\/site\/?s={search_term_string}"},"query-input":{"@type":"PropertyValueSpecification","valueRequired":true,"valueName":"search_term_string"}}],"inLanguage":"es"},{"@type":"Organization","@id":"https:\/\/noticiasmercedinas.com\/site\/#organization","name":"NOTICIASMERCEDINAS.COM","url":"https:\/\/noticiasmercedinas.com\/site\/","logo":{"@type":"ImageObject","inLanguage":"es","@id":"https:\/\/noticiasmercedinas.com\/site\/#\/schema\/logo\/image\/","url":"https:\/\/noticiasmercedinas.com\/site\/wp-content\/uploads\/2020\/06\/LOGO-512.jpg","contentUrl":"https:\/\/noticiasmercedinas.com\/site\/wp-content\/uploads\/2020\/06\/LOGO-512.jpg","width":512,"height":512,"caption":"NOTICIASMERCEDINAS.COM"},"image":{"@id":"https:\/\/noticiasmercedinas.com\/site\/#\/schema\/logo\/image\/"},"sameAs":["https:\/\/www.facebook.com\/noticiasmercedinas\/","https:\/\/x.com\/notmercedinas","https:\/\/www.instagram.com\/noticiasmercedinas\/"]},{"@type":"Person","@id":"https:\/\/noticiasmercedinas.com\/site\/#\/schema\/person\/fa7a2dad804ceee0906a2c148245b4c4","name":"P. H\u00e9ctor Joaqu\u00edn","image":{"@type":"ImageObject","inLanguage":"es","@id":"https:\/\/secure.gravatar.com\/avatar\/fc990d0c6aaa5e2392b464cdcac996d997f9584e171f3aa7796a8414f18ec701?s=96&d=mm&r=g","url":"https:\/\/secure.gravatar.com\/avatar\/fc990d0c6aaa5e2392b464cdcac996d997f9584e171f3aa7796a8414f18ec701?s=96&d=mm&r=g","contentUrl":"https:\/\/secure.gravatar.com\/avatar\/fc990d0c6aaa5e2392b464cdcac996d997f9584e171f3aa7796a8414f18ec701?s=96&d=mm&r=g","caption":"P. H\u00e9ctor Joaqu\u00edn"},"url":"https:\/\/noticiasmercedinas.com\/site\/author\/p-carlos-joaquin\/"}]}},"amp_enabled":true,"_links":{"self":[{"href":"https:\/\/noticiasmercedinas.com\/site\/wp-json\/wp\/v2\/posts\/15544","targetHints":{"allow":["GET"]}}],"collection":[{"href":"https:\/\/noticiasmercedinas.com\/site\/wp-json\/wp\/v2\/posts"}],"about":[{"href":"https:\/\/noticiasmercedinas.com\/site\/wp-json\/wp\/v2\/types\/post"}],"author":[{"embeddable":true,"href":"https:\/\/noticiasmercedinas.com\/site\/wp-json\/wp\/v2\/users\/23"}],"replies":[{"embeddable":true,"href":"https:\/\/noticiasmercedinas.com\/site\/wp-json\/wp\/v2\/comments?post=15544"}],"version-history":[{"count":1,"href":"https:\/\/noticiasmercedinas.com\/site\/wp-json\/wp\/v2\/posts\/15544\/revisions"}],"predecessor-version":[{"id":15551,"href":"https:\/\/noticiasmercedinas.com\/site\/wp-json\/wp\/v2\/posts\/15544\/revisions\/15551"}],"wp:featuredmedia":[{"embeddable":true,"href":"https:\/\/noticiasmercedinas.com\/site\/wp-json\/wp\/v2\/media\/15550"}],"wp:attachment":[{"href":"https:\/\/noticiasmercedinas.com\/site\/wp-json\/wp\/v2\/media?parent=15544"}],"wp:term":[{"taxonomy":"category","embeddable":true,"href":"https:\/\/noticiasmercedinas.com\/site\/wp-json\/wp\/v2\/categories?post=15544"},{"taxonomy":"post_tag","embeddable":true,"href":"https:\/\/noticiasmercedinas.com\/site\/wp-json\/wp\/v2\/tags?post=15544"}],"curies":[{"name":"wp","href":"https:\/\/api.w.org\/{rel}","templated":true}]}}