{"id":155507,"date":"2025-03-18T21:56:03","date_gmt":"2025-03-19T00:56:03","guid":{"rendered":"https:\/\/noticiasmercedinas.com\/site\/?p=155507"},"modified":"2025-03-18T21:56:03","modified_gmt":"2025-03-19T00:56:03","slug":"con-poco-el-porvenir-lo-gano-ante-un-mercedes-que-siempre-intento","status":"publish","type":"post","link":"https:\/\/noticiasmercedinas.com\/site\/2025\/03\/18\/con-poco-el-porvenir-lo-gano-ante-un-mercedes-que-siempre-intento\/","title":{"rendered":"Con poco El Porvenir lo gan\u00f3 ante un Mercedes que siempre intent\u00f3"},"content":{"rendered":"<figure id=\"attachment_155508\" aria-describedby=\"caption-attachment-155508\" style=\"width: 640px\" class=\"wp-caption alignnone\"><img loading=\"lazy\" decoding=\"async\" class=\"wp-image-155508 size-full\" src=\"https:\/\/noticiasmercedinas.com\/site\/wp-content\/uploads\/2025\/03\/5573b95e-0faf-4639-a126-611a85e8c18f.jpg\" alt=\"\" width=\"640\" height=\"303\" srcset=\"https:\/\/noticiasmercedinas.com\/site\/wp-content\/uploads\/2025\/03\/5573b95e-0faf-4639-a126-611a85e8c18f.jpg 640w, https:\/\/noticiasmercedinas.com\/site\/wp-content\/uploads\/2025\/03\/5573b95e-0faf-4639-a126-611a85e8c18f-300x142.jpg 300w\" sizes=\"auto, (max-width: 640px) 100vw, 640px\" \/><figcaption id=\"caption-attachment-155508\" class=\"wp-caption-text\">Romagnoli por la izquierda busca sacar el centro.<\/figcaption><\/figure>\n<p>Este martes, en Gerli, finalizaron la segunda fecha de la Primera C los equipos de El Porvenir y Club Mercedes, siendo el primer compromiso del local una vez dejada de lado la desafiliaci\u00f3n temporaria que pesaba sobre el club de zona sur. Sin cambios, mismo once que frente a Cambaceres, Mena apost\u00f3 a generar juego ofensivo en medio de un terreno que estaba mucho m\u00e1s apto que otras temporadas.<\/p>\n<p>Buena parte del primer tiempo pas\u00f3 por la mitad de la cancha, el local buscando que la pelota pase por los brasile\u00f1os y un volante central como Boiig que pretend\u00eda tomar las riendas del partido. Enfrente estuvo Mercedes que con Pighin y Chaparro que fueron batallando, empezando a tener la llegada por las bandas con Maimo, Romagnoli y Alani, a los les que les falt\u00f3 un socio en la definici\u00f3n de la jugada.<\/p>\n<p>De espalda al arco exigi\u00f3 en la marca Anacaratti, al que lo derribaron en la puerta del \u00e1rea y el juez no marc\u00f3 la falta, todo en 30\u2019 donde El Porvenir s\u00f3lo hab\u00eda tenido una aproximaci\u00f3n por izquierda, dando la pelota en la parte externa de la red. Lo dem\u00e1s fue el trabajo de la defensa aunque en medio de un centro y rechazo en la segunda pelota de cabeza el brasile\u00f1o G\u00f3mez Da Silva la puso contra el poste para el 1-0 sin merecerlo.<\/p>\n<p><img loading=\"lazy\" decoding=\"async\" class=\"alignnone size-full wp-image-155509\" src=\"https:\/\/noticiasmercedinas.com\/site\/wp-content\/uploads\/2025\/03\/69c062e4-2ec6-4090-8640-14b8a2fa5664.jpg\" alt=\"\" width=\"640\" height=\"303\" srcset=\"https:\/\/noticiasmercedinas.com\/site\/wp-content\/uploads\/2025\/03\/69c062e4-2ec6-4090-8640-14b8a2fa5664.jpg 640w, https:\/\/noticiasmercedinas.com\/site\/wp-content\/uploads\/2025\/03\/69c062e4-2ec6-4090-8640-14b8a2fa5664-300x142.jpg 300w\" sizes=\"auto, (max-width: 640px) 100vw, 640px\" \/><\/p>\n<p>La respuesta de Mercedes no se demor\u00f3, gener\u00f3 tiros de esquina y tuvo otras chances frente al uno local, que ofreci\u00f3 siempre revote aunque cerr\u00f3 su arco en los primeros 45\u2019, lo suficiente para defender el resultado. Sin dudarlo, de movida, para el segundo tiempo Mena puso dos delanteros en cancha, Mart\u00ednez y Amado, saliendo Anacaratti y Romagnoli, no por bajo rendimiento, s\u00ed buscando otra idea con el resultado en contra.<\/p>\n<p>El 1-0, en parte, llev\u00f3 a El Porvenir a querer enfriar el partido, aunque a su vez se apoy\u00f3 en los hombres de la mitad de la cancha mientras que en la \u00faltima l\u00ednea no ocultaron el pelotazo alejando la pelota del \u00e1rea. Maimo estuvo cerca del empate hasta que a los 12\u2019 Chaparro tom\u00f3 un revote y desde el centro del \u00e1rea empat\u00f3 el partido, 1 a 1. Fue todo un impulso para Mercedes que pretendi\u00f3 m\u00e1s, llegaron otros cambios con el debut en la Primera C de D\u00edaz y el ingreso de Ghiglione para centrarse en el \u00e1rea.<\/p>\n<p>Con el tiempo transcurrido, en 26\u2019, sin tener tanto peso en el ataque El Porvenir se vio beneficiado en una jugada donde hubo un choque de jugadores, interpretando el \u00e1rbitro falta cuando la pelota ya estaba en manos de Caputo. Chance que no desaprovech\u00f3 Vidal para anotar un golazo. Todo lo que qued\u00f3 fue el esfuerzo del local por quedarse con el resultado, Mercedes no encontr\u00f3 como volver a marcar sin aparecer espacios como para que los ingresados buscaran el arco.<\/p>\n<p><img loading=\"lazy\" decoding=\"async\" class=\"alignnone size-full wp-image-155510\" src=\"https:\/\/noticiasmercedinas.com\/site\/wp-content\/uploads\/2025\/03\/f3aaf1a3-1837-453a-a5c9-43b3a66abbf5.jpg\" alt=\"\" width=\"640\" height=\"303\" srcset=\"https:\/\/noticiasmercedinas.com\/site\/wp-content\/uploads\/2025\/03\/f3aaf1a3-1837-453a-a5c9-43b3a66abbf5.jpg 640w, https:\/\/noticiasmercedinas.com\/site\/wp-content\/uploads\/2025\/03\/f3aaf1a3-1837-453a-a5c9-43b3a66abbf5-300x142.jpg 300w\" sizes=\"auto, (max-width: 640px) 100vw, 640px\" \/><\/p>\n<p>Lo gan\u00f3 El Porvenir, 2-1, generando lo m\u00ednimo para derivar en dos goles, lleg\u00f3 a tener algunos pasajes interesantes en la zona media sin terminarse de acoplarse con claridad a los hombres de punta. Mercedes termin\u00f3 siendo el que m\u00e1s gener\u00f3, le falt\u00f3 inclinar algo m\u00e1s la cancha tras el 2-1, de Gerli se volvi\u00f3 sin sumar, aunque con el incentivo que tiene para afrontar la categor\u00eda, en medio un arbitraje que dej\u00f3 dudas. El domingo desde las 18 Club Mercedes recibe a Just\u00f3 Jos\u00e9 de Urquiza.<\/p>\n<p><strong>Volver<\/strong><br \/>\nEl Porvenir, luego de atravesar semanas de incertidumbre, logr\u00f3 reacomodarse institucionalmente con el apoyo de la AFA aunque en las tribunas no cont\u00f3 con el respaldo de toda su gente. En la platea no m\u00e1s de 250 hinchas y uno pocos 50 en la popular, la hinchada qued\u00f3 bajo el puente alentando desde los alrededores sin poder ingresar a la tribuna. Llam\u00f3 la atenci\u00f3n el despliegue de infanter\u00eda, en el final, de los que estaban dentro de la cancha hubo insultos para la comisi\u00f3n directiva, tambi\u00e9n festejaron el triunfo.<\/p>\n<p><strong>El Porvenir 2:<\/strong> Fabio Monteiro Blanco, Juli\u00e1n Quinteros, Brian Acosta Ben\u00edtez, Juan Perrotta, Dar\u00edo Boiig, Marcos Serrao Carualho, Jos\u00e9 G\u00f3mez Da Silva, Alessandro Miranda Santos, Ismael Ortiz Cabrera, Nicol\u00e1s Vidal y Jerem\u00edas Arrieta. <strong>DT:<\/strong> Miguel Medina. <strong>Relevos:<\/strong> Cristian Arce, Lautaro Sequeira y Mariano Mansilla.<\/p>\n<p><strong>Club Mercedes 1:<\/strong> Mat\u00edas Caputo, Thom\u00e1s Bentancor, Facundo Alani, Franco Cruz, Maximiliano Pigh\u00edn, Mart\u00edn Zuccaro, Franco Gatti, Tom\u00e1s Chaparro, Agust\u00edn Anacaratti, Santiago Romagnoli y Alan Maimo. <strong>DT:<\/strong> Oscar Mena. <strong>Relevos:<\/strong> Rodrigo Nicasio, Hern\u00e1n Pineda y Mat\u00edas Gim\u00e9nez.<\/p>\n<p><strong>Gol en el PT:<\/strong> A los 33\u2019 Gomes Da Silva para El Porvenir.<br \/>\n<strong>Goles en el ST:<\/strong> A los 17\u2019 Chaparro para Club Mercedes y a los 26\u2019 Vidal para El Porvenir.<br \/>\n<strong>Cambios en el ST:<\/strong> Leandro Amado por Anacaratti y Sim\u00f3n Mart\u00ednez por Romagnoli, 15\u2019 Augusto Ghiglione por Gatti, 22\u2019 Dante D\u00edaz por Maimo en Mercedes, 29\u2019 Lautaro Monte por Boiig, Kevin Nicker Perrotta y Facundo Coman por Arrieta en El Porvenir,\u00a0 30\u2019 Ulises Bustos por Cruz en Club Mercedes, 36\u2019 Francisco Peralta Salinas por Vidal en El Porvenir.<br \/>\n<strong>Arbitro:<\/strong> David Cornejo<\/p>\n<p><img loading=\"lazy\" decoding=\"async\" class=\"alignnone size-full wp-image-155511\" src=\"https:\/\/noticiasmercedinas.com\/site\/wp-content\/uploads\/2025\/03\/Primera-C-2025-1.jpg\" alt=\"\" width=\"640\" height=\"372\" srcset=\"https:\/\/noticiasmercedinas.com\/site\/wp-content\/uploads\/2025\/03\/Primera-C-2025-1.jpg 640w, https:\/\/noticiasmercedinas.com\/site\/wp-content\/uploads\/2025\/03\/Primera-C-2025-1-300x174.jpg 300w\" sizes=\"auto, (max-width: 640px) 100vw, 640px\" \/><br \/>\n<strong><br \/>\nPr\u00f3xima fecha<br \/>\nZona A<br \/>\n<\/strong>Lugano vs. Deportivo Espa\u00f1ol.<br \/>\nBerazategui vs. Ituzaing\u00f3.<br \/>\nPuerto Nuevo vs. Claypole.<br \/>\nCentral C\u00f3rdoba vs. Deportivo Mu\u00f1iz.<br \/>\nLeandro Alem vs. El Porvenir<br \/>\nClub Mercedes vs. JJ Urquiza.<br \/>\n<strong>Libre:<\/strong> Defensores de Cambaceres.<\/p>\n<p><strong>Zona B<\/strong><br \/>\nGeneral Lamadrid vs. Yupanqui.<br \/>\nSportivo Barracas vs. Argentino (Rosario)<br \/>\nEstrella del Sur vs. Camioneros.<br \/>\nCentral Ballester vs. Luj\u00e1n.<br \/>\nVictoriano Arenas vs. Atlas.<br \/>\nCa\u00f1uelas vs. Deportivo Paraguayo.<br \/>\nCentro Espa\u00f1ol vs. Juventud Unida.<\/p>\n","protected":false},"excerpt":{"rendered":"<p>\u25a0 Cerrando la segunda jornada fue 2-1 para los de Gerli. Abrieron la cuenta para empatarlo el \u201cBlanquinegro\u201d y desde una pelota parada lleg\u00f3 el segundo gol local. La propuesta mercedina fue siempre ofensiva.<\/p>\n","protected":false},"author":6,"featured_media":155508,"comment_status":"closed","ping_status":"closed","sticky":false,"template":"","format":"standard","meta":{"footnotes":""},"categories":[5],"tags":[6424,135,10499,6434],"class_list":["post-155507","post","type-post","status-publish","format-standard","has-post-thumbnail","hentry","category-deportes","tag-afa","tag-club-mercedes","tag-el-porvenir","tag-primera-c"],"yoast_head":"<!-- This site is optimized with the Yoast SEO plugin v27.4 - https:\/\/yoast.com\/product\/yoast-seo-wordpress\/ -->\n<title>Con poco El Porvenir lo gan\u00f3 ante un Mercedes que siempre intent\u00f3<\/title>\n<meta name=\"robots\" content=\"index, follow, max-snippet:-1, max-image-preview:large, max-video-preview:-1\" \/>\n<link rel=\"canonical\" href=\"https:\/\/noticiasmercedinas.com\/site\/2025\/03\/18\/con-poco-el-porvenir-lo-gano-ante-un-mercedes-que-siempre-intento\/\" \/>\n<meta property=\"og:locale\" content=\"es_ES\" \/>\n<meta property=\"og:type\" content=\"article\" \/>\n<meta property=\"og:title\" content=\"Con poco El Porvenir lo gan\u00f3 ante un Mercedes que siempre intent\u00f3\" \/>\n<meta property=\"og:description\" content=\"\u25a0 Cerrando la segunda jornada fue 2-1 para los de Gerli. Abrieron la cuenta para empatarlo el \u201cBlanquinegro\u201d y desde una pelota parada lleg\u00f3 el segundo gol local. La propuesta mercedina fue siempre ofensiva.\" \/>\n<meta property=\"og:url\" content=\"https:\/\/noticiasmercedinas.com\/site\/2025\/03\/18\/con-poco-el-porvenir-lo-gano-ante-un-mercedes-que-siempre-intento\/\" \/>\n<meta property=\"og:site_name\" content=\"NOTICIASMERCEDINAS.COM\" \/>\n<meta property=\"article:publisher\" content=\"https:\/\/www.facebook.com\/noticiasmercedinas\/\" \/>\n<meta property=\"article:published_time\" content=\"2025-03-19T00:56:03+00:00\" \/>\n<meta property=\"og:image\" content=\"https:\/\/noticiasmercedinas.com\/site\/wp-content\/uploads\/2025\/03\/5573b95e-0faf-4639-a126-611a85e8c18f.jpg\" \/>\n\t<meta property=\"og:image:width\" content=\"640\" \/>\n\t<meta property=\"og:image:height\" content=\"303\" \/>\n\t<meta property=\"og:image:type\" content=\"image\/jpeg\" \/>\n<meta name=\"author\" content=\"Juan Dagnino NOTICIASMERCEDINAS.COM\" \/>\n<meta name=\"twitter:card\" content=\"summary_large_image\" \/>\n<meta name=\"twitter:creator\" content=\"@notmercedinas\" \/>\n<meta name=\"twitter:site\" content=\"@notmercedinas\" \/>\n<meta name=\"twitter:label1\" content=\"Escrito por\" \/>\n\t<meta name=\"twitter:data1\" content=\"Juan Dagnino NOTICIASMERCEDINAS.COM\" \/>\n\t<meta name=\"twitter:label2\" content=\"Tiempo de lectura\" \/>\n\t<meta name=\"twitter:data2\" content=\"5 minutos\" \/>\n<script type=\"application\/ld+json\" class=\"yoast-schema-graph\">{\"@context\":\"https:\\\/\\\/schema.org\",\"@graph\":[{\"@type\":\"Article\",\"@id\":\"https:\\\/\\\/noticiasmercedinas.com\\\/site\\\/2025\\\/03\\\/18\\\/con-poco-el-porvenir-lo-gano-ante-un-mercedes-que-siempre-intento\\\/#article\",\"isPartOf\":{\"@id\":\"https:\\\/\\\/noticiasmercedinas.com\\\/site\\\/2025\\\/03\\\/18\\\/con-poco-el-porvenir-lo-gano-ante-un-mercedes-que-siempre-intento\\\/\"},\"author\":{\"name\":\"Juan Dagnino NOTICIASMERCEDINAS.COM\",\"@id\":\"https:\\\/\\\/noticiasmercedinas.com\\\/site\\\/#\\\/schema\\\/person\\\/8f2f09d666ef40986eba4a5e6f2a06f9\"},\"headline\":\"Con poco El Porvenir lo gan\u00f3 ante un Mercedes que siempre intent\u00f3\",\"datePublished\":\"2025-03-19T00:56:03+00:00\",\"mainEntityOfPage\":{\"@id\":\"https:\\\/\\\/noticiasmercedinas.com\\\/site\\\/2025\\\/03\\\/18\\\/con-poco-el-porvenir-lo-gano-ante-un-mercedes-que-siempre-intento\\\/\"},\"wordCount\":954,\"publisher\":{\"@id\":\"https:\\\/\\\/noticiasmercedinas.com\\\/site\\\/#organization\"},\"image\":{\"@id\":\"https:\\\/\\\/noticiasmercedinas.com\\\/site\\\/2025\\\/03\\\/18\\\/con-poco-el-porvenir-lo-gano-ante-un-mercedes-que-siempre-intento\\\/#primaryimage\"},\"thumbnailUrl\":\"https:\\\/\\\/noticiasmercedinas.com\\\/site\\\/wp-content\\\/uploads\\\/2025\\\/03\\\/5573b95e-0faf-4639-a126-611a85e8c18f.jpg\",\"keywords\":[\"AFA\",\"club mercedes\",\"El Porvenir\",\"Primera C\"],\"articleSection\":[\"Deportes\"],\"inLanguage\":\"es\"},{\"@type\":\"WebPage\",\"@id\":\"https:\\\/\\\/noticiasmercedinas.com\\\/site\\\/2025\\\/03\\\/18\\\/con-poco-el-porvenir-lo-gano-ante-un-mercedes-que-siempre-intento\\\/\",\"url\":\"https:\\\/\\\/noticiasmercedinas.com\\\/site\\\/2025\\\/03\\\/18\\\/con-poco-el-porvenir-lo-gano-ante-un-mercedes-que-siempre-intento\\\/\",\"name\":\"Con poco El Porvenir lo gan\u00f3 ante un Mercedes que siempre intent\u00f3\",\"isPartOf\":{\"@id\":\"https:\\\/\\\/noticiasmercedinas.com\\\/site\\\/#website\"},\"primaryImageOfPage\":{\"@id\":\"https:\\\/\\\/noticiasmercedinas.com\\\/site\\\/2025\\\/03\\\/18\\\/con-poco-el-porvenir-lo-gano-ante-un-mercedes-que-siempre-intento\\\/#primaryimage\"},\"image\":{\"@id\":\"https:\\\/\\\/noticiasmercedinas.com\\\/site\\\/2025\\\/03\\\/18\\\/con-poco-el-porvenir-lo-gano-ante-un-mercedes-que-siempre-intento\\\/#primaryimage\"},\"thumbnailUrl\":\"https:\\\/\\\/noticiasmercedinas.com\\\/site\\\/wp-content\\\/uploads\\\/2025\\\/03\\\/5573b95e-0faf-4639-a126-611a85e8c18f.jpg\",\"datePublished\":\"2025-03-19T00:56:03+00:00\",\"breadcrumb\":{\"@id\":\"https:\\\/\\\/noticiasmercedinas.com\\\/site\\\/2025\\\/03\\\/18\\\/con-poco-el-porvenir-lo-gano-ante-un-mercedes-que-siempre-intento\\\/#breadcrumb\"},\"inLanguage\":\"es\",\"potentialAction\":[{\"@type\":\"ReadAction\",\"target\":[\"https:\\\/\\\/noticiasmercedinas.com\\\/site\\\/2025\\\/03\\\/18\\\/con-poco-el-porvenir-lo-gano-ante-un-mercedes-que-siempre-intento\\\/\"]}]},{\"@type\":\"ImageObject\",\"inLanguage\":\"es\",\"@id\":\"https:\\\/\\\/noticiasmercedinas.com\\\/site\\\/2025\\\/03\\\/18\\\/con-poco-el-porvenir-lo-gano-ante-un-mercedes-que-siempre-intento\\\/#primaryimage\",\"url\":\"https:\\\/\\\/noticiasmercedinas.com\\\/site\\\/wp-content\\\/uploads\\\/2025\\\/03\\\/5573b95e-0faf-4639-a126-611a85e8c18f.jpg\",\"contentUrl\":\"https:\\\/\\\/noticiasmercedinas.com\\\/site\\\/wp-content\\\/uploads\\\/2025\\\/03\\\/5573b95e-0faf-4639-a126-611a85e8c18f.jpg\",\"width\":640,\"height\":303},{\"@type\":\"BreadcrumbList\",\"@id\":\"https:\\\/\\\/noticiasmercedinas.com\\\/site\\\/2025\\\/03\\\/18\\\/con-poco-el-porvenir-lo-gano-ante-un-mercedes-que-siempre-intento\\\/#breadcrumb\",\"itemListElement\":[{\"@type\":\"ListItem\",\"position\":1,\"name\":\"Portada\",\"item\":\"https:\\\/\\\/noticiasmercedinas.com\\\/site\\\/\"},{\"@type\":\"ListItem\",\"position\":2,\"name\":\"Con poco El Porvenir lo gan\u00f3 ante un Mercedes que siempre intent\u00f3\"}]},{\"@type\":\"WebSite\",\"@id\":\"https:\\\/\\\/noticiasmercedinas.com\\\/site\\\/#website\",\"url\":\"https:\\\/\\\/noticiasmercedinas.com\\\/site\\\/\",\"name\":\"NOTICIASMERCEDINAS.COM\",\"description\":\"Mercedes, Buenos Aires, Argentina\",\"publisher\":{\"@id\":\"https:\\\/\\\/noticiasmercedinas.com\\\/site\\\/#organization\"},\"potentialAction\":[{\"@type\":\"SearchAction\",\"target\":{\"@type\":\"EntryPoint\",\"urlTemplate\":\"https:\\\/\\\/noticiasmercedinas.com\\\/site\\\/?s={search_term_string}\"},\"query-input\":{\"@type\":\"PropertyValueSpecification\",\"valueRequired\":true,\"valueName\":\"search_term_string\"}}],\"inLanguage\":\"es\"},{\"@type\":\"Organization\",\"@id\":\"https:\\\/\\\/noticiasmercedinas.com\\\/site\\\/#organization\",\"name\":\"NOTICIASMERCEDINAS.COM\",\"url\":\"https:\\\/\\\/noticiasmercedinas.com\\\/site\\\/\",\"logo\":{\"@type\":\"ImageObject\",\"inLanguage\":\"es\",\"@id\":\"https:\\\/\\\/noticiasmercedinas.com\\\/site\\\/#\\\/schema\\\/logo\\\/image\\\/\",\"url\":\"https:\\\/\\\/noticiasmercedinas.com\\\/site\\\/wp-content\\\/uploads\\\/2020\\\/06\\\/LOGO-512.jpg\",\"contentUrl\":\"https:\\\/\\\/noticiasmercedinas.com\\\/site\\\/wp-content\\\/uploads\\\/2020\\\/06\\\/LOGO-512.jpg\",\"width\":512,\"height\":512,\"caption\":\"NOTICIASMERCEDINAS.COM\"},\"image\":{\"@id\":\"https:\\\/\\\/noticiasmercedinas.com\\\/site\\\/#\\\/schema\\\/logo\\\/image\\\/\"},\"sameAs\":[\"https:\\\/\\\/www.facebook.com\\\/noticiasmercedinas\\\/\",\"https:\\\/\\\/x.com\\\/notmercedinas\",\"https:\\\/\\\/www.instagram.com\\\/noticiasmercedinas\\\/\"]},{\"@type\":\"Person\",\"@id\":\"https:\\\/\\\/noticiasmercedinas.com\\\/site\\\/#\\\/schema\\\/person\\\/8f2f09d666ef40986eba4a5e6f2a06f9\",\"name\":\"Juan Dagnino NOTICIASMERCEDINAS.COM\",\"image\":{\"@type\":\"ImageObject\",\"inLanguage\":\"es\",\"@id\":\"https:\\\/\\\/secure.gravatar.com\\\/avatar\\\/fc7059a769f5a3cae65fadb228a3e4accf3a64b4b2305020d0a27e6d5333c91b?s=96&d=mm&r=g\",\"url\":\"https:\\\/\\\/secure.gravatar.com\\\/avatar\\\/fc7059a769f5a3cae65fadb228a3e4accf3a64b4b2305020d0a27e6d5333c91b?s=96&d=mm&r=g\",\"contentUrl\":\"https:\\\/\\\/secure.gravatar.com\\\/avatar\\\/fc7059a769f5a3cae65fadb228a3e4accf3a64b4b2305020d0a27e6d5333c91b?s=96&d=mm&r=g\",\"caption\":\"Juan Dagnino NOTICIASMERCEDINAS.COM\"},\"url\":\"https:\\\/\\\/noticiasmercedinas.com\\\/site\\\/author\\\/juandagnino\\\/\"}]}<\/script>\n<!-- \/ Yoast SEO plugin. -->","yoast_head_json":{"title":"Con poco El Porvenir lo gan\u00f3 ante un Mercedes que siempre intent\u00f3","robots":{"index":"index","follow":"follow","max-snippet":"max-snippet:-1","max-image-preview":"max-image-preview:large","max-video-preview":"max-video-preview:-1"},"canonical":"https:\/\/noticiasmercedinas.com\/site\/2025\/03\/18\/con-poco-el-porvenir-lo-gano-ante-un-mercedes-que-siempre-intento\/","og_locale":"es_ES","og_type":"article","og_title":"Con poco El Porvenir lo gan\u00f3 ante un Mercedes que siempre intent\u00f3","og_description":"\u25a0 Cerrando la segunda jornada fue 2-1 para los de Gerli. Abrieron la cuenta para empatarlo el \u201cBlanquinegro\u201d y desde una pelota parada lleg\u00f3 el segundo gol local. La propuesta mercedina fue siempre ofensiva.","og_url":"https:\/\/noticiasmercedinas.com\/site\/2025\/03\/18\/con-poco-el-porvenir-lo-gano-ante-un-mercedes-que-siempre-intento\/","og_site_name":"NOTICIASMERCEDINAS.COM","article_publisher":"https:\/\/www.facebook.com\/noticiasmercedinas\/","article_published_time":"2025-03-19T00:56:03+00:00","og_image":[{"width":640,"height":303,"url":"https:\/\/noticiasmercedinas.com\/site\/wp-content\/uploads\/2025\/03\/5573b95e-0faf-4639-a126-611a85e8c18f.jpg","type":"image\/jpeg"}],"author":"Juan Dagnino NOTICIASMERCEDINAS.COM","twitter_card":"summary_large_image","twitter_creator":"@notmercedinas","twitter_site":"@notmercedinas","twitter_misc":{"Escrito por":"Juan Dagnino NOTICIASMERCEDINAS.COM","Tiempo de lectura":"5 minutos"},"schema":{"@context":"https:\/\/schema.org","@graph":[{"@type":"Article","@id":"https:\/\/noticiasmercedinas.com\/site\/2025\/03\/18\/con-poco-el-porvenir-lo-gano-ante-un-mercedes-que-siempre-intento\/#article","isPartOf":{"@id":"https:\/\/noticiasmercedinas.com\/site\/2025\/03\/18\/con-poco-el-porvenir-lo-gano-ante-un-mercedes-que-siempre-intento\/"},"author":{"name":"Juan Dagnino NOTICIASMERCEDINAS.COM","@id":"https:\/\/noticiasmercedinas.com\/site\/#\/schema\/person\/8f2f09d666ef40986eba4a5e6f2a06f9"},"headline":"Con poco El Porvenir lo gan\u00f3 ante un Mercedes que siempre intent\u00f3","datePublished":"2025-03-19T00:56:03+00:00","mainEntityOfPage":{"@id":"https:\/\/noticiasmercedinas.com\/site\/2025\/03\/18\/con-poco-el-porvenir-lo-gano-ante-un-mercedes-que-siempre-intento\/"},"wordCount":954,"publisher":{"@id":"https:\/\/noticiasmercedinas.com\/site\/#organization"},"image":{"@id":"https:\/\/noticiasmercedinas.com\/site\/2025\/03\/18\/con-poco-el-porvenir-lo-gano-ante-un-mercedes-que-siempre-intento\/#primaryimage"},"thumbnailUrl":"https:\/\/noticiasmercedinas.com\/site\/wp-content\/uploads\/2025\/03\/5573b95e-0faf-4639-a126-611a85e8c18f.jpg","keywords":["AFA","club mercedes","El Porvenir","Primera C"],"articleSection":["Deportes"],"inLanguage":"es"},{"@type":"WebPage","@id":"https:\/\/noticiasmercedinas.com\/site\/2025\/03\/18\/con-poco-el-porvenir-lo-gano-ante-un-mercedes-que-siempre-intento\/","url":"https:\/\/noticiasmercedinas.com\/site\/2025\/03\/18\/con-poco-el-porvenir-lo-gano-ante-un-mercedes-que-siempre-intento\/","name":"Con poco El Porvenir lo gan\u00f3 ante un Mercedes que siempre intent\u00f3","isPartOf":{"@id":"https:\/\/noticiasmercedinas.com\/site\/#website"},"primaryImageOfPage":{"@id":"https:\/\/noticiasmercedinas.com\/site\/2025\/03\/18\/con-poco-el-porvenir-lo-gano-ante-un-mercedes-que-siempre-intento\/#primaryimage"},"image":{"@id":"https:\/\/noticiasmercedinas.com\/site\/2025\/03\/18\/con-poco-el-porvenir-lo-gano-ante-un-mercedes-que-siempre-intento\/#primaryimage"},"thumbnailUrl":"https:\/\/noticiasmercedinas.com\/site\/wp-content\/uploads\/2025\/03\/5573b95e-0faf-4639-a126-611a85e8c18f.jpg","datePublished":"2025-03-19T00:56:03+00:00","breadcrumb":{"@id":"https:\/\/noticiasmercedinas.com\/site\/2025\/03\/18\/con-poco-el-porvenir-lo-gano-ante-un-mercedes-que-siempre-intento\/#breadcrumb"},"inLanguage":"es","potentialAction":[{"@type":"ReadAction","target":["https:\/\/noticiasmercedinas.com\/site\/2025\/03\/18\/con-poco-el-porvenir-lo-gano-ante-un-mercedes-que-siempre-intento\/"]}]},{"@type":"ImageObject","inLanguage":"es","@id":"https:\/\/noticiasmercedinas.com\/site\/2025\/03\/18\/con-poco-el-porvenir-lo-gano-ante-un-mercedes-que-siempre-intento\/#primaryimage","url":"https:\/\/noticiasmercedinas.com\/site\/wp-content\/uploads\/2025\/03\/5573b95e-0faf-4639-a126-611a85e8c18f.jpg","contentUrl":"https:\/\/noticiasmercedinas.com\/site\/wp-content\/uploads\/2025\/03\/5573b95e-0faf-4639-a126-611a85e8c18f.jpg","width":640,"height":303},{"@type":"BreadcrumbList","@id":"https:\/\/noticiasmercedinas.com\/site\/2025\/03\/18\/con-poco-el-porvenir-lo-gano-ante-un-mercedes-que-siempre-intento\/#breadcrumb","itemListElement":[{"@type":"ListItem","position":1,"name":"Portada","item":"https:\/\/noticiasmercedinas.com\/site\/"},{"@type":"ListItem","position":2,"name":"Con poco El Porvenir lo gan\u00f3 ante un Mercedes que siempre intent\u00f3"}]},{"@type":"WebSite","@id":"https:\/\/noticiasmercedinas.com\/site\/#website","url":"https:\/\/noticiasmercedinas.com\/site\/","name":"NOTICIASMERCEDINAS.COM","description":"Mercedes, Buenos Aires, Argentina","publisher":{"@id":"https:\/\/noticiasmercedinas.com\/site\/#organization"},"potentialAction":[{"@type":"SearchAction","target":{"@type":"EntryPoint","urlTemplate":"https:\/\/noticiasmercedinas.com\/site\/?s={search_term_string}"},"query-input":{"@type":"PropertyValueSpecification","valueRequired":true,"valueName":"search_term_string"}}],"inLanguage":"es"},{"@type":"Organization","@id":"https:\/\/noticiasmercedinas.com\/site\/#organization","name":"NOTICIASMERCEDINAS.COM","url":"https:\/\/noticiasmercedinas.com\/site\/","logo":{"@type":"ImageObject","inLanguage":"es","@id":"https:\/\/noticiasmercedinas.com\/site\/#\/schema\/logo\/image\/","url":"https:\/\/noticiasmercedinas.com\/site\/wp-content\/uploads\/2020\/06\/LOGO-512.jpg","contentUrl":"https:\/\/noticiasmercedinas.com\/site\/wp-content\/uploads\/2020\/06\/LOGO-512.jpg","width":512,"height":512,"caption":"NOTICIASMERCEDINAS.COM"},"image":{"@id":"https:\/\/noticiasmercedinas.com\/site\/#\/schema\/logo\/image\/"},"sameAs":["https:\/\/www.facebook.com\/noticiasmercedinas\/","https:\/\/x.com\/notmercedinas","https:\/\/www.instagram.com\/noticiasmercedinas\/"]},{"@type":"Person","@id":"https:\/\/noticiasmercedinas.com\/site\/#\/schema\/person\/8f2f09d666ef40986eba4a5e6f2a06f9","name":"Juan Dagnino NOTICIASMERCEDINAS.COM","image":{"@type":"ImageObject","inLanguage":"es","@id":"https:\/\/secure.gravatar.com\/avatar\/fc7059a769f5a3cae65fadb228a3e4accf3a64b4b2305020d0a27e6d5333c91b?s=96&d=mm&r=g","url":"https:\/\/secure.gravatar.com\/avatar\/fc7059a769f5a3cae65fadb228a3e4accf3a64b4b2305020d0a27e6d5333c91b?s=96&d=mm&r=g","contentUrl":"https:\/\/secure.gravatar.com\/avatar\/fc7059a769f5a3cae65fadb228a3e4accf3a64b4b2305020d0a27e6d5333c91b?s=96&d=mm&r=g","caption":"Juan Dagnino NOTICIASMERCEDINAS.COM"},"url":"https:\/\/noticiasmercedinas.com\/site\/author\/juandagnino\/"}]}},"amp_enabled":true,"_links":{"self":[{"href":"https:\/\/noticiasmercedinas.com\/site\/wp-json\/wp\/v2\/posts\/155507","targetHints":{"allow":["GET"]}}],"collection":[{"href":"https:\/\/noticiasmercedinas.com\/site\/wp-json\/wp\/v2\/posts"}],"about":[{"href":"https:\/\/noticiasmercedinas.com\/site\/wp-json\/wp\/v2\/types\/post"}],"author":[{"embeddable":true,"href":"https:\/\/noticiasmercedinas.com\/site\/wp-json\/wp\/v2\/users\/6"}],"replies":[{"embeddable":true,"href":"https:\/\/noticiasmercedinas.com\/site\/wp-json\/wp\/v2\/comments?post=155507"}],"version-history":[{"count":1,"href":"https:\/\/noticiasmercedinas.com\/site\/wp-json\/wp\/v2\/posts\/155507\/revisions"}],"predecessor-version":[{"id":155512,"href":"https:\/\/noticiasmercedinas.com\/site\/wp-json\/wp\/v2\/posts\/155507\/revisions\/155512"}],"wp:featuredmedia":[{"embeddable":true,"href":"https:\/\/noticiasmercedinas.com\/site\/wp-json\/wp\/v2\/media\/155508"}],"wp:attachment":[{"href":"https:\/\/noticiasmercedinas.com\/site\/wp-json\/wp\/v2\/media?parent=155507"}],"wp:term":[{"taxonomy":"category","embeddable":true,"href":"https:\/\/noticiasmercedinas.com\/site\/wp-json\/wp\/v2\/categories?post=155507"},{"taxonomy":"post_tag","embeddable":true,"href":"https:\/\/noticiasmercedinas.com\/site\/wp-json\/wp\/v2\/tags?post=155507"}],"curies":[{"name":"wp","href":"https:\/\/api.w.org\/{rel}","templated":true}]}}