{"id":155649,"date":"2025-03-21T09:32:43","date_gmt":"2025-03-21T12:32:43","guid":{"rendered":"https:\/\/noticiasmercedinas.com\/site\/?p=155649"},"modified":"2025-03-21T09:32:43","modified_gmt":"2025-03-21T12:32:43","slug":"natalia-facciolo-encabezo-la-14a-jornada-de-mujeres-empresarias-en-buenos-aires","status":"publish","type":"post","link":"https:\/\/noticiasmercedinas.com\/site\/2025\/03\/21\/natalia-facciolo-encabezo-la-14a-jornada-de-mujeres-empresarias-en-buenos-aires\/","title":{"rendered":"Natalia Facciolo encabez\u00f3 la 14\u00aa Jornada de Mujeres Empresarias en Buenos Aires"},"content":{"rendered":"<p><img loading=\"lazy\" decoding=\"async\" class=\"alignnone size-full wp-image-155651\" src=\"https:\/\/noticiasmercedinas.com\/site\/wp-content\/uploads\/2025\/03\/AFACCIOLO.jpg\" alt=\"\" width=\"655\" height=\"463\" srcset=\"https:\/\/noticiasmercedinas.com\/site\/wp-content\/uploads\/2025\/03\/AFACCIOLO.jpg 655w, https:\/\/noticiasmercedinas.com\/site\/wp-content\/uploads\/2025\/03\/AFACCIOLO-300x212.jpg 300w, https:\/\/noticiasmercedinas.com\/site\/wp-content\/uploads\/2025\/03\/AFACCIOLO-640x452.jpg 640w\" sizes=\"auto, (max-width: 655px) 100vw, 655px\" \/><\/p>\n<p>La Ciudad de Buenos Aires fue sede de la 14\u00aa Jornada de Mujeres Empresarias, un evento organizado por la Federaci\u00f3n Econ\u00f3mica de la Provincia de Buenos Aires (FEBA) y su sector de Mujeres Empresarias (MEFEBA). La apertura estuvo a cargo de Natalia Facciolo, presidenta de MEFEBA y referente del sector a nivel provincial, quien dio la bienvenida a empresarias y referentes de distintos puntos de Buenos Aires.<\/p>\n<p>El encuentro cont\u00f3 con la presencia del presidente de FEBA, Camilo A. Kahale, y la ministra de Mujeres y Diversidad de la Provincia de Buenos Aires, Estela D\u00edaz, junto a miembros de la comisi\u00f3n directiva de FEBA y MEFEBA. Durante la jornada, se llevaron adelante capacitaciones, espacios de reflexi\u00f3n y actividades de networking, con el objetivo de fortalecer los lazos y potenciar el rol de las mujeres en el \u00e1mbito empresarial.<\/p>\n<p>Natalia Facciolo, oriunda de Mercedes, destac\u00f3 la importancia de generar instancias de encuentro y formaci\u00f3n para impulsar el crecimiento de las empresarias bonaerenses. \u00abEste tipo de eventos son fundamentales para compartir experiencias, aprender y tejer redes que nos permitan avanzar en un sector que, cada vez m\u00e1s, se fortalece con el protagonismo de mujeres emprendedoras y empresarias\u00bb, sostuvo.<\/p>\n<p>Por parte de FEBA, participaron los vicepresidentes Juan Carlos Uboldi, Alejandra Moccioli y Carlos Cappelletti; el secretario general Silvio Zurzolo; el tesorero Blas Taladrid; el prosecretario Leonardo Tasca; el protesorero Guillermo Anso; y la directora Gabriela Folino. La jornada reafirm\u00f3 el compromiso de la federaci\u00f3n con el desarrollo del empresariado femenino en la provincia.<\/p>\n","protected":false},"excerpt":{"rendered":"<p>La Ciudad de Buenos Aires fue sede de la 14\u00aa Jornada de Mujeres Empresarias, un evento organizado por la Federaci\u00f3n Econ\u00f3mica de la Provincia de Buenos Aires (FEBA) y su sector de Mujeres Empresarias (MEFEBA). La apertura estuvo a cargo de Natalia Facciolo, presidenta de MEFEBA y referente del sector a nivel provincial, quien dio [&hellip;]<\/p>\n","protected":false},"author":16,"featured_media":155651,"comment_status":"closed","ping_status":"closed","sticky":false,"template":"","format":"standard","meta":{"footnotes":""},"categories":[74],"tags":[10816,10817,4043],"class_list":["post-155649","post","type-post","status-publish","format-standard","has-post-thumbnail","hentry","category-emprendimientos","tag-mefeba","tag-mujeres-empresarias","tag-natalia-facciolo"],"yoast_head":"<!-- This site is optimized with the Yoast SEO plugin v27.4 - https:\/\/yoast.com\/product\/yoast-seo-wordpress\/ -->\n<title>Natalia Facciolo encabez\u00f3 la 14\u00aa Jornada de Mujeres Empresarias en Buenos Aires<\/title>\n<meta name=\"robots\" content=\"index, follow, max-snippet:-1, max-image-preview:large, max-video-preview:-1\" \/>\n<link rel=\"canonical\" href=\"https:\/\/noticiasmercedinas.com\/site\/2025\/03\/21\/natalia-facciolo-encabezo-la-14a-jornada-de-mujeres-empresarias-en-buenos-aires\/\" \/>\n<meta property=\"og:locale\" content=\"es_ES\" \/>\n<meta property=\"og:type\" content=\"article\" \/>\n<meta property=\"og:title\" content=\"Natalia Facciolo encabez\u00f3 la 14\u00aa Jornada de Mujeres Empresarias en Buenos Aires\" \/>\n<meta property=\"og:description\" content=\"La Ciudad de Buenos Aires fue sede de la 14\u00aa Jornada de Mujeres Empresarias, un evento organizado por la Federaci\u00f3n Econ\u00f3mica de la Provincia de Buenos Aires (FEBA) y su sector de Mujeres Empresarias (MEFEBA). La apertura estuvo a cargo de Natalia Facciolo, presidenta de MEFEBA y referente del sector a nivel provincial, quien dio [&hellip;]\" \/>\n<meta property=\"og:url\" content=\"https:\/\/noticiasmercedinas.com\/site\/2025\/03\/21\/natalia-facciolo-encabezo-la-14a-jornada-de-mujeres-empresarias-en-buenos-aires\/\" \/>\n<meta property=\"og:site_name\" content=\"NOTICIASMERCEDINAS.COM\" \/>\n<meta property=\"article:publisher\" content=\"https:\/\/www.facebook.com\/noticiasmercedinas\/\" \/>\n<meta property=\"article:published_time\" content=\"2025-03-21T12:32:43+00:00\" \/>\n<meta property=\"og:image\" content=\"https:\/\/noticiasmercedinas.com\/site\/wp-content\/uploads\/2025\/03\/AFACCIOLO.jpg\" \/>\n\t<meta property=\"og:image:width\" content=\"655\" \/>\n\t<meta property=\"og:image:height\" content=\"463\" \/>\n\t<meta property=\"og:image:type\" content=\"image\/jpeg\" \/>\n<meta name=\"author\" content=\"NOTICIASMERCEDINAS.COM\" \/>\n<meta name=\"twitter:card\" content=\"summary_large_image\" \/>\n<meta name=\"twitter:creator\" content=\"@notmercedinas\" \/>\n<meta name=\"twitter:site\" content=\"@notmercedinas\" \/>\n<meta name=\"twitter:label1\" content=\"Escrito por\" \/>\n\t<meta name=\"twitter:data1\" content=\"NOTICIASMERCEDINAS.COM\" \/>\n\t<meta name=\"twitter:label2\" content=\"Tiempo de lectura\" \/>\n\t<meta name=\"twitter:data2\" content=\"1 minuto\" \/>\n<script type=\"application\/ld+json\" class=\"yoast-schema-graph\">{\"@context\":\"https:\\\/\\\/schema.org\",\"@graph\":[{\"@type\":\"Article\",\"@id\":\"https:\\\/\\\/noticiasmercedinas.com\\\/site\\\/2025\\\/03\\\/21\\\/natalia-facciolo-encabezo-la-14a-jornada-de-mujeres-empresarias-en-buenos-aires\\\/#article\",\"isPartOf\":{\"@id\":\"https:\\\/\\\/noticiasmercedinas.com\\\/site\\\/2025\\\/03\\\/21\\\/natalia-facciolo-encabezo-la-14a-jornada-de-mujeres-empresarias-en-buenos-aires\\\/\"},\"author\":{\"name\":\"NOTICIASMERCEDINAS.COM\",\"@id\":\"https:\\\/\\\/noticiasmercedinas.com\\\/site\\\/#\\\/schema\\\/person\\\/84b59c099c28ff2e8b77d4ceec5d8063\"},\"headline\":\"Natalia Facciolo encabez\u00f3 la 14\u00aa Jornada de Mujeres Empresarias en Buenos Aires\",\"datePublished\":\"2025-03-21T12:32:43+00:00\",\"mainEntityOfPage\":{\"@id\":\"https:\\\/\\\/noticiasmercedinas.com\\\/site\\\/2025\\\/03\\\/21\\\/natalia-facciolo-encabezo-la-14a-jornada-de-mujeres-empresarias-en-buenos-aires\\\/\"},\"wordCount\":268,\"publisher\":{\"@id\":\"https:\\\/\\\/noticiasmercedinas.com\\\/site\\\/#organization\"},\"image\":{\"@id\":\"https:\\\/\\\/noticiasmercedinas.com\\\/site\\\/2025\\\/03\\\/21\\\/natalia-facciolo-encabezo-la-14a-jornada-de-mujeres-empresarias-en-buenos-aires\\\/#primaryimage\"},\"thumbnailUrl\":\"https:\\\/\\\/noticiasmercedinas.com\\\/site\\\/wp-content\\\/uploads\\\/2025\\\/03\\\/AFACCIOLO.jpg\",\"keywords\":[\"mefeba\",\"Mujeres Empresarias\",\"natalia facciolo\"],\"articleSection\":[\"Emprendimientos\"],\"inLanguage\":\"es\"},{\"@type\":\"WebPage\",\"@id\":\"https:\\\/\\\/noticiasmercedinas.com\\\/site\\\/2025\\\/03\\\/21\\\/natalia-facciolo-encabezo-la-14a-jornada-de-mujeres-empresarias-en-buenos-aires\\\/\",\"url\":\"https:\\\/\\\/noticiasmercedinas.com\\\/site\\\/2025\\\/03\\\/21\\\/natalia-facciolo-encabezo-la-14a-jornada-de-mujeres-empresarias-en-buenos-aires\\\/\",\"name\":\"Natalia Facciolo encabez\u00f3 la 14\u00aa Jornada de Mujeres Empresarias en Buenos Aires\",\"isPartOf\":{\"@id\":\"https:\\\/\\\/noticiasmercedinas.com\\\/site\\\/#website\"},\"primaryImageOfPage\":{\"@id\":\"https:\\\/\\\/noticiasmercedinas.com\\\/site\\\/2025\\\/03\\\/21\\\/natalia-facciolo-encabezo-la-14a-jornada-de-mujeres-empresarias-en-buenos-aires\\\/#primaryimage\"},\"image\":{\"@id\":\"https:\\\/\\\/noticiasmercedinas.com\\\/site\\\/2025\\\/03\\\/21\\\/natalia-facciolo-encabezo-la-14a-jornada-de-mujeres-empresarias-en-buenos-aires\\\/#primaryimage\"},\"thumbnailUrl\":\"https:\\\/\\\/noticiasmercedinas.com\\\/site\\\/wp-content\\\/uploads\\\/2025\\\/03\\\/AFACCIOLO.jpg\",\"datePublished\":\"2025-03-21T12:32:43+00:00\",\"breadcrumb\":{\"@id\":\"https:\\\/\\\/noticiasmercedinas.com\\\/site\\\/2025\\\/03\\\/21\\\/natalia-facciolo-encabezo-la-14a-jornada-de-mujeres-empresarias-en-buenos-aires\\\/#breadcrumb\"},\"inLanguage\":\"es\",\"potentialAction\":[{\"@type\":\"ReadAction\",\"target\":[\"https:\\\/\\\/noticiasmercedinas.com\\\/site\\\/2025\\\/03\\\/21\\\/natalia-facciolo-encabezo-la-14a-jornada-de-mujeres-empresarias-en-buenos-aires\\\/\"]}]},{\"@type\":\"ImageObject\",\"inLanguage\":\"es\",\"@id\":\"https:\\\/\\\/noticiasmercedinas.com\\\/site\\\/2025\\\/03\\\/21\\\/natalia-facciolo-encabezo-la-14a-jornada-de-mujeres-empresarias-en-buenos-aires\\\/#primaryimage\",\"url\":\"https:\\\/\\\/noticiasmercedinas.com\\\/site\\\/wp-content\\\/uploads\\\/2025\\\/03\\\/AFACCIOLO.jpg\",\"contentUrl\":\"https:\\\/\\\/noticiasmercedinas.com\\\/site\\\/wp-content\\\/uploads\\\/2025\\\/03\\\/AFACCIOLO.jpg\",\"width\":655,\"height\":463},{\"@type\":\"BreadcrumbList\",\"@id\":\"https:\\\/\\\/noticiasmercedinas.com\\\/site\\\/2025\\\/03\\\/21\\\/natalia-facciolo-encabezo-la-14a-jornada-de-mujeres-empresarias-en-buenos-aires\\\/#breadcrumb\",\"itemListElement\":[{\"@type\":\"ListItem\",\"position\":1,\"name\":\"Portada\",\"item\":\"https:\\\/\\\/noticiasmercedinas.com\\\/site\\\/\"},{\"@type\":\"ListItem\",\"position\":2,\"name\":\"Natalia Facciolo encabez\u00f3 la 14\u00aa Jornada de Mujeres Empresarias en Buenos Aires\"}]},{\"@type\":\"WebSite\",\"@id\":\"https:\\\/\\\/noticiasmercedinas.com\\\/site\\\/#website\",\"url\":\"https:\\\/\\\/noticiasmercedinas.com\\\/site\\\/\",\"name\":\"NOTICIASMERCEDINAS.COM\",\"description\":\"Mercedes, Buenos Aires, Argentina\",\"publisher\":{\"@id\":\"https:\\\/\\\/noticiasmercedinas.com\\\/site\\\/#organization\"},\"potentialAction\":[{\"@type\":\"SearchAction\",\"target\":{\"@type\":\"EntryPoint\",\"urlTemplate\":\"https:\\\/\\\/noticiasmercedinas.com\\\/site\\\/?s={search_term_string}\"},\"query-input\":{\"@type\":\"PropertyValueSpecification\",\"valueRequired\":true,\"valueName\":\"search_term_string\"}}],\"inLanguage\":\"es\"},{\"@type\":\"Organization\",\"@id\":\"https:\\\/\\\/noticiasmercedinas.com\\\/site\\\/#organization\",\"name\":\"NOTICIASMERCEDINAS.COM\",\"url\":\"https:\\\/\\\/noticiasmercedinas.com\\\/site\\\/\",\"logo\":{\"@type\":\"ImageObject\",\"inLanguage\":\"es\",\"@id\":\"https:\\\/\\\/noticiasmercedinas.com\\\/site\\\/#\\\/schema\\\/logo\\\/image\\\/\",\"url\":\"https:\\\/\\\/noticiasmercedinas.com\\\/site\\\/wp-content\\\/uploads\\\/2020\\\/06\\\/LOGO-512.jpg\",\"contentUrl\":\"https:\\\/\\\/noticiasmercedinas.com\\\/site\\\/wp-content\\\/uploads\\\/2020\\\/06\\\/LOGO-512.jpg\",\"width\":512,\"height\":512,\"caption\":\"NOTICIASMERCEDINAS.COM\"},\"image\":{\"@id\":\"https:\\\/\\\/noticiasmercedinas.com\\\/site\\\/#\\\/schema\\\/logo\\\/image\\\/\"},\"sameAs\":[\"https:\\\/\\\/www.facebook.com\\\/noticiasmercedinas\\\/\",\"https:\\\/\\\/x.com\\\/notmercedinas\",\"https:\\\/\\\/www.instagram.com\\\/noticiasmercedinas\\\/\"]},{\"@type\":\"Person\",\"@id\":\"https:\\\/\\\/noticiasmercedinas.com\\\/site\\\/#\\\/schema\\\/person\\\/84b59c099c28ff2e8b77d4ceec5d8063\",\"name\":\"NOTICIASMERCEDINAS.COM\",\"image\":{\"@type\":\"ImageObject\",\"inLanguage\":\"es\",\"@id\":\"https:\\\/\\\/secure.gravatar.com\\\/avatar\\\/4dfbf16b4d17945bfb6341b2d19043457132fcf478a5ee04f42e959fd8f5df0a?s=96&d=mm&r=g\",\"url\":\"https:\\\/\\\/secure.gravatar.com\\\/avatar\\\/4dfbf16b4d17945bfb6341b2d19043457132fcf478a5ee04f42e959fd8f5df0a?s=96&d=mm&r=g\",\"contentUrl\":\"https:\\\/\\\/secure.gravatar.com\\\/avatar\\\/4dfbf16b4d17945bfb6341b2d19043457132fcf478a5ee04f42e959fd8f5df0a?s=96&d=mm&r=g\",\"caption\":\"NOTICIASMERCEDINAS.COM\"},\"url\":\"https:\\\/\\\/noticiasmercedinas.com\\\/site\\\/author\\\/anonimo\\\/\"}]}<\/script>\n<!-- \/ Yoast SEO plugin. -->","yoast_head_json":{"title":"Natalia Facciolo encabez\u00f3 la 14\u00aa Jornada de Mujeres Empresarias en Buenos Aires","robots":{"index":"index","follow":"follow","max-snippet":"max-snippet:-1","max-image-preview":"max-image-preview:large","max-video-preview":"max-video-preview:-1"},"canonical":"https:\/\/noticiasmercedinas.com\/site\/2025\/03\/21\/natalia-facciolo-encabezo-la-14a-jornada-de-mujeres-empresarias-en-buenos-aires\/","og_locale":"es_ES","og_type":"article","og_title":"Natalia Facciolo encabez\u00f3 la 14\u00aa Jornada de Mujeres Empresarias en Buenos Aires","og_description":"La Ciudad de Buenos Aires fue sede de la 14\u00aa Jornada de Mujeres Empresarias, un evento organizado por la Federaci\u00f3n Econ\u00f3mica de la Provincia de Buenos Aires (FEBA) y su sector de Mujeres Empresarias (MEFEBA). La apertura estuvo a cargo de Natalia Facciolo, presidenta de MEFEBA y referente del sector a nivel provincial, quien dio [&hellip;]","og_url":"https:\/\/noticiasmercedinas.com\/site\/2025\/03\/21\/natalia-facciolo-encabezo-la-14a-jornada-de-mujeres-empresarias-en-buenos-aires\/","og_site_name":"NOTICIASMERCEDINAS.COM","article_publisher":"https:\/\/www.facebook.com\/noticiasmercedinas\/","article_published_time":"2025-03-21T12:32:43+00:00","og_image":[{"width":655,"height":463,"url":"https:\/\/noticiasmercedinas.com\/site\/wp-content\/uploads\/2025\/03\/AFACCIOLO.jpg","type":"image\/jpeg"}],"author":"NOTICIASMERCEDINAS.COM","twitter_card":"summary_large_image","twitter_creator":"@notmercedinas","twitter_site":"@notmercedinas","twitter_misc":{"Escrito por":"NOTICIASMERCEDINAS.COM","Tiempo de lectura":"1 minuto"},"schema":{"@context":"https:\/\/schema.org","@graph":[{"@type":"Article","@id":"https:\/\/noticiasmercedinas.com\/site\/2025\/03\/21\/natalia-facciolo-encabezo-la-14a-jornada-de-mujeres-empresarias-en-buenos-aires\/#article","isPartOf":{"@id":"https:\/\/noticiasmercedinas.com\/site\/2025\/03\/21\/natalia-facciolo-encabezo-la-14a-jornada-de-mujeres-empresarias-en-buenos-aires\/"},"author":{"name":"NOTICIASMERCEDINAS.COM","@id":"https:\/\/noticiasmercedinas.com\/site\/#\/schema\/person\/84b59c099c28ff2e8b77d4ceec5d8063"},"headline":"Natalia Facciolo encabez\u00f3 la 14\u00aa Jornada de Mujeres Empresarias en Buenos Aires","datePublished":"2025-03-21T12:32:43+00:00","mainEntityOfPage":{"@id":"https:\/\/noticiasmercedinas.com\/site\/2025\/03\/21\/natalia-facciolo-encabezo-la-14a-jornada-de-mujeres-empresarias-en-buenos-aires\/"},"wordCount":268,"publisher":{"@id":"https:\/\/noticiasmercedinas.com\/site\/#organization"},"image":{"@id":"https:\/\/noticiasmercedinas.com\/site\/2025\/03\/21\/natalia-facciolo-encabezo-la-14a-jornada-de-mujeres-empresarias-en-buenos-aires\/#primaryimage"},"thumbnailUrl":"https:\/\/noticiasmercedinas.com\/site\/wp-content\/uploads\/2025\/03\/AFACCIOLO.jpg","keywords":["mefeba","Mujeres Empresarias","natalia facciolo"],"articleSection":["Emprendimientos"],"inLanguage":"es"},{"@type":"WebPage","@id":"https:\/\/noticiasmercedinas.com\/site\/2025\/03\/21\/natalia-facciolo-encabezo-la-14a-jornada-de-mujeres-empresarias-en-buenos-aires\/","url":"https:\/\/noticiasmercedinas.com\/site\/2025\/03\/21\/natalia-facciolo-encabezo-la-14a-jornada-de-mujeres-empresarias-en-buenos-aires\/","name":"Natalia Facciolo encabez\u00f3 la 14\u00aa Jornada de Mujeres Empresarias en Buenos Aires","isPartOf":{"@id":"https:\/\/noticiasmercedinas.com\/site\/#website"},"primaryImageOfPage":{"@id":"https:\/\/noticiasmercedinas.com\/site\/2025\/03\/21\/natalia-facciolo-encabezo-la-14a-jornada-de-mujeres-empresarias-en-buenos-aires\/#primaryimage"},"image":{"@id":"https:\/\/noticiasmercedinas.com\/site\/2025\/03\/21\/natalia-facciolo-encabezo-la-14a-jornada-de-mujeres-empresarias-en-buenos-aires\/#primaryimage"},"thumbnailUrl":"https:\/\/noticiasmercedinas.com\/site\/wp-content\/uploads\/2025\/03\/AFACCIOLO.jpg","datePublished":"2025-03-21T12:32:43+00:00","breadcrumb":{"@id":"https:\/\/noticiasmercedinas.com\/site\/2025\/03\/21\/natalia-facciolo-encabezo-la-14a-jornada-de-mujeres-empresarias-en-buenos-aires\/#breadcrumb"},"inLanguage":"es","potentialAction":[{"@type":"ReadAction","target":["https:\/\/noticiasmercedinas.com\/site\/2025\/03\/21\/natalia-facciolo-encabezo-la-14a-jornada-de-mujeres-empresarias-en-buenos-aires\/"]}]},{"@type":"ImageObject","inLanguage":"es","@id":"https:\/\/noticiasmercedinas.com\/site\/2025\/03\/21\/natalia-facciolo-encabezo-la-14a-jornada-de-mujeres-empresarias-en-buenos-aires\/#primaryimage","url":"https:\/\/noticiasmercedinas.com\/site\/wp-content\/uploads\/2025\/03\/AFACCIOLO.jpg","contentUrl":"https:\/\/noticiasmercedinas.com\/site\/wp-content\/uploads\/2025\/03\/AFACCIOLO.jpg","width":655,"height":463},{"@type":"BreadcrumbList","@id":"https:\/\/noticiasmercedinas.com\/site\/2025\/03\/21\/natalia-facciolo-encabezo-la-14a-jornada-de-mujeres-empresarias-en-buenos-aires\/#breadcrumb","itemListElement":[{"@type":"ListItem","position":1,"name":"Portada","item":"https:\/\/noticiasmercedinas.com\/site\/"},{"@type":"ListItem","position":2,"name":"Natalia Facciolo encabez\u00f3 la 14\u00aa Jornada de Mujeres Empresarias en Buenos Aires"}]},{"@type":"WebSite","@id":"https:\/\/noticiasmercedinas.com\/site\/#website","url":"https:\/\/noticiasmercedinas.com\/site\/","name":"NOTICIASMERCEDINAS.COM","description":"Mercedes, Buenos Aires, Argentina","publisher":{"@id":"https:\/\/noticiasmercedinas.com\/site\/#organization"},"potentialAction":[{"@type":"SearchAction","target":{"@type":"EntryPoint","urlTemplate":"https:\/\/noticiasmercedinas.com\/site\/?s={search_term_string}"},"query-input":{"@type":"PropertyValueSpecification","valueRequired":true,"valueName":"search_term_string"}}],"inLanguage":"es"},{"@type":"Organization","@id":"https:\/\/noticiasmercedinas.com\/site\/#organization","name":"NOTICIASMERCEDINAS.COM","url":"https:\/\/noticiasmercedinas.com\/site\/","logo":{"@type":"ImageObject","inLanguage":"es","@id":"https:\/\/noticiasmercedinas.com\/site\/#\/schema\/logo\/image\/","url":"https:\/\/noticiasmercedinas.com\/site\/wp-content\/uploads\/2020\/06\/LOGO-512.jpg","contentUrl":"https:\/\/noticiasmercedinas.com\/site\/wp-content\/uploads\/2020\/06\/LOGO-512.jpg","width":512,"height":512,"caption":"NOTICIASMERCEDINAS.COM"},"image":{"@id":"https:\/\/noticiasmercedinas.com\/site\/#\/schema\/logo\/image\/"},"sameAs":["https:\/\/www.facebook.com\/noticiasmercedinas\/","https:\/\/x.com\/notmercedinas","https:\/\/www.instagram.com\/noticiasmercedinas\/"]},{"@type":"Person","@id":"https:\/\/noticiasmercedinas.com\/site\/#\/schema\/person\/84b59c099c28ff2e8b77d4ceec5d8063","name":"NOTICIASMERCEDINAS.COM","image":{"@type":"ImageObject","inLanguage":"es","@id":"https:\/\/secure.gravatar.com\/avatar\/4dfbf16b4d17945bfb6341b2d19043457132fcf478a5ee04f42e959fd8f5df0a?s=96&d=mm&r=g","url":"https:\/\/secure.gravatar.com\/avatar\/4dfbf16b4d17945bfb6341b2d19043457132fcf478a5ee04f42e959fd8f5df0a?s=96&d=mm&r=g","contentUrl":"https:\/\/secure.gravatar.com\/avatar\/4dfbf16b4d17945bfb6341b2d19043457132fcf478a5ee04f42e959fd8f5df0a?s=96&d=mm&r=g","caption":"NOTICIASMERCEDINAS.COM"},"url":"https:\/\/noticiasmercedinas.com\/site\/author\/anonimo\/"}]}},"amp_enabled":true,"_links":{"self":[{"href":"https:\/\/noticiasmercedinas.com\/site\/wp-json\/wp\/v2\/posts\/155649","targetHints":{"allow":["GET"]}}],"collection":[{"href":"https:\/\/noticiasmercedinas.com\/site\/wp-json\/wp\/v2\/posts"}],"about":[{"href":"https:\/\/noticiasmercedinas.com\/site\/wp-json\/wp\/v2\/types\/post"}],"author":[{"embeddable":true,"href":"https:\/\/noticiasmercedinas.com\/site\/wp-json\/wp\/v2\/users\/16"}],"replies":[{"embeddable":true,"href":"https:\/\/noticiasmercedinas.com\/site\/wp-json\/wp\/v2\/comments?post=155649"}],"version-history":[{"count":1,"href":"https:\/\/noticiasmercedinas.com\/site\/wp-json\/wp\/v2\/posts\/155649\/revisions"}],"predecessor-version":[{"id":155652,"href":"https:\/\/noticiasmercedinas.com\/site\/wp-json\/wp\/v2\/posts\/155649\/revisions\/155652"}],"wp:featuredmedia":[{"embeddable":true,"href":"https:\/\/noticiasmercedinas.com\/site\/wp-json\/wp\/v2\/media\/155651"}],"wp:attachment":[{"href":"https:\/\/noticiasmercedinas.com\/site\/wp-json\/wp\/v2\/media?parent=155649"}],"wp:term":[{"taxonomy":"category","embeddable":true,"href":"https:\/\/noticiasmercedinas.com\/site\/wp-json\/wp\/v2\/categories?post=155649"},{"taxonomy":"post_tag","embeddable":true,"href":"https:\/\/noticiasmercedinas.com\/site\/wp-json\/wp\/v2\/tags?post=155649"}],"curies":[{"name":"wp","href":"https:\/\/api.w.org\/{rel}","templated":true}]}}