{"id":155699,"date":"2025-03-21T17:00:23","date_gmt":"2025-03-21T20:00:23","guid":{"rendered":"https:\/\/noticiasmercedinas.com\/site\/?p=155699"},"modified":"2025-03-21T17:00:23","modified_gmt":"2025-03-21T20:00:23","slug":"magistrados-y-funcionarios-participaron-de-una-capacitacion-sobre-medidas-cautelares","status":"publish","type":"post","link":"https:\/\/noticiasmercedinas.com\/site\/2025\/03\/21\/magistrados-y-funcionarios-participaron-de-una-capacitacion-sobre-medidas-cautelares\/","title":{"rendered":"Magistrados y funcionarios participaron de una capacitaci\u00f3n sobre medidas cautelares"},"content":{"rendered":"<p><img loading=\"lazy\" decoding=\"async\" class=\"alignnone size-full wp-image-155700\" src=\"https:\/\/noticiasmercedinas.com\/site\/wp-content\/uploads\/2025\/03\/NOTAsa.jpg\" alt=\"\" width=\"640\" height=\"431\" srcset=\"https:\/\/noticiasmercedinas.com\/site\/wp-content\/uploads\/2025\/03\/NOTAsa.jpg 640w, https:\/\/noticiasmercedinas.com\/site\/wp-content\/uploads\/2025\/03\/NOTAsa-300x202.jpg 300w\" sizes=\"auto, (max-width: 640px) 100vw, 640px\" \/><\/p>\n<p>El <strong>Colegio de Magistrados y Funcionarios del Departamento Judicial de Mercedes<\/strong> llev\u00f3 a cabo, el pasado 19 de marzo, una capacitaci\u00f3n sobre medidas cautelares desde una perspectiva registral.<\/p>\n<p>La jornada se realiz\u00f3 en conjunto con la <strong>Suprema Corte de Justicia de la Provincia de Buenos Aires<\/strong> (SCBA) y el <strong>Instituto de Estudios Judiciales<\/strong> (IEJ), con una gran concurrencia de participantes.<\/p>\n<p>El encuentro estuvo a cargo de la notaria <strong>Zulma Aurora Dodda<\/strong>, con la asistencia de <strong>Luis Felipe Basanta<\/strong>, quienes brindaron detalles clave sobre la tem\u00e1tica.<\/p>\n<p>Adem\u00e1s, cont\u00f3 con la presencia del Dr. <strong>Mat\u00edas Rodr\u00edguez<\/strong>, funcionario de la Secretar\u00eda de Servicios Jurisdiccionales de la SCBA, y representantes del Colegio de Abogados Departamental.<\/p>\n<p>La actividad se enmarc\u00f3 en el ciclo de Encuentros Notariales, destinado a fortalecer la capacitaci\u00f3n continua de los profesionales del \u00e1mbito judicial.<\/p>\n<p>Al finalizar la jornada, los organizadores destacaron la importancia de este tipo de instancias formativas para perfeccionar la labor de magistrados y funcionarios.<\/p>\n","protected":false},"excerpt":{"rendered":"<p>\u25a0 La actividad se enmarc\u00f3 en el ciclo de Encuentros Notariales, destinado a fortalecer la capacitaci\u00f3n continua de los profesionales del \u00e1mbito judicial.<\/p>\n","protected":false},"author":16,"featured_media":155700,"comment_status":"closed","ping_status":"closed","sticky":false,"template":"","format":"standard","meta":{"footnotes":""},"categories":[7],"tags":[6699,19785,16186,19784,5931,19783],"class_list":["post-155699","post","type-post","status-publish","format-standard","has-post-thumbnail","hentry","category-policiales","tag-colegio-de-magistrados-y-funcionarios-del-departamento-judicial-mercedes","tag-instituto-de-estudios-judiciales","tag-luis-felipe-basanta","tag-matias-rodriguez","tag-suprema-corte-de-justicia-de-la-provincia-de-buenos-aires","tag-zulma-aurora-dodda"],"yoast_head":"<!-- This site is optimized with the Yoast SEO plugin v27.4 - https:\/\/yoast.com\/product\/yoast-seo-wordpress\/ -->\n<title>Magistrados y funcionarios participaron de una capacitaci\u00f3n sobre medidas cautelares<\/title>\n<meta name=\"robots\" content=\"index, follow, max-snippet:-1, max-image-preview:large, max-video-preview:-1\" \/>\n<link rel=\"canonical\" href=\"https:\/\/noticiasmercedinas.com\/site\/2025\/03\/21\/magistrados-y-funcionarios-participaron-de-una-capacitacion-sobre-medidas-cautelares\/\" \/>\n<meta property=\"og:locale\" content=\"es_ES\" \/>\n<meta property=\"og:type\" content=\"article\" \/>\n<meta property=\"og:title\" content=\"Magistrados y funcionarios participaron de una capacitaci\u00f3n sobre medidas cautelares\" \/>\n<meta property=\"og:description\" content=\"\u25a0 La actividad se enmarc\u00f3 en el ciclo de Encuentros Notariales, destinado a fortalecer la capacitaci\u00f3n continua de los profesionales del \u00e1mbito judicial.\" \/>\n<meta property=\"og:url\" content=\"https:\/\/noticiasmercedinas.com\/site\/2025\/03\/21\/magistrados-y-funcionarios-participaron-de-una-capacitacion-sobre-medidas-cautelares\/\" \/>\n<meta property=\"og:site_name\" content=\"NOTICIASMERCEDINAS.COM\" \/>\n<meta property=\"article:publisher\" content=\"https:\/\/www.facebook.com\/noticiasmercedinas\/\" \/>\n<meta property=\"article:published_time\" content=\"2025-03-21T20:00:23+00:00\" \/>\n<meta property=\"og:image\" content=\"https:\/\/noticiasmercedinas.com\/site\/wp-content\/uploads\/2025\/03\/NOTAsa.jpg\" \/>\n\t<meta property=\"og:image:width\" content=\"640\" \/>\n\t<meta property=\"og:image:height\" content=\"431\" \/>\n\t<meta property=\"og:image:type\" content=\"image\/jpeg\" \/>\n<meta name=\"author\" content=\"NOTICIASMERCEDINAS.COM\" \/>\n<meta name=\"twitter:card\" content=\"summary_large_image\" \/>\n<meta name=\"twitter:creator\" content=\"@notmercedinas\" \/>\n<meta name=\"twitter:site\" content=\"@notmercedinas\" \/>\n<meta name=\"twitter:label1\" content=\"Escrito por\" \/>\n\t<meta name=\"twitter:data1\" content=\"NOTICIASMERCEDINAS.COM\" \/>\n\t<meta name=\"twitter:label2\" content=\"Tiempo de lectura\" \/>\n\t<meta name=\"twitter:data2\" content=\"1 minuto\" \/>\n<script type=\"application\/ld+json\" class=\"yoast-schema-graph\">{\"@context\":\"https:\\\/\\\/schema.org\",\"@graph\":[{\"@type\":\"Article\",\"@id\":\"https:\\\/\\\/noticiasmercedinas.com\\\/site\\\/2025\\\/03\\\/21\\\/magistrados-y-funcionarios-participaron-de-una-capacitacion-sobre-medidas-cautelares\\\/#article\",\"isPartOf\":{\"@id\":\"https:\\\/\\\/noticiasmercedinas.com\\\/site\\\/2025\\\/03\\\/21\\\/magistrados-y-funcionarios-participaron-de-una-capacitacion-sobre-medidas-cautelares\\\/\"},\"author\":{\"name\":\"NOTICIASMERCEDINAS.COM\",\"@id\":\"https:\\\/\\\/noticiasmercedinas.com\\\/site\\\/#\\\/schema\\\/person\\\/84b59c099c28ff2e8b77d4ceec5d8063\"},\"headline\":\"Magistrados y funcionarios participaron de una capacitaci\u00f3n sobre medidas cautelares\",\"datePublished\":\"2025-03-21T20:00:23+00:00\",\"mainEntityOfPage\":{\"@id\":\"https:\\\/\\\/noticiasmercedinas.com\\\/site\\\/2025\\\/03\\\/21\\\/magistrados-y-funcionarios-participaron-de-una-capacitacion-sobre-medidas-cautelares\\\/\"},\"wordCount\":173,\"publisher\":{\"@id\":\"https:\\\/\\\/noticiasmercedinas.com\\\/site\\\/#organization\"},\"image\":{\"@id\":\"https:\\\/\\\/noticiasmercedinas.com\\\/site\\\/2025\\\/03\\\/21\\\/magistrados-y-funcionarios-participaron-de-una-capacitacion-sobre-medidas-cautelares\\\/#primaryimage\"},\"thumbnailUrl\":\"https:\\\/\\\/noticiasmercedinas.com\\\/site\\\/wp-content\\\/uploads\\\/2025\\\/03\\\/NOTAsa.jpg\",\"keywords\":[\"Colegio de Magistrados y Funcionarios del Departamento Judicial Mercedes\",\"Instituto de Estudios Judiciales\",\"Luis Felipe Basanta\",\"Mat\u00edas Rodr\u00edguez\",\"Suprema Corte de Justicia de la provincia de Buenos Aires\",\"Zulma Aurora Dodda\"],\"articleSection\":[\"Seguridad\"],\"inLanguage\":\"es\"},{\"@type\":\"WebPage\",\"@id\":\"https:\\\/\\\/noticiasmercedinas.com\\\/site\\\/2025\\\/03\\\/21\\\/magistrados-y-funcionarios-participaron-de-una-capacitacion-sobre-medidas-cautelares\\\/\",\"url\":\"https:\\\/\\\/noticiasmercedinas.com\\\/site\\\/2025\\\/03\\\/21\\\/magistrados-y-funcionarios-participaron-de-una-capacitacion-sobre-medidas-cautelares\\\/\",\"name\":\"Magistrados y funcionarios participaron de una capacitaci\u00f3n sobre medidas cautelares\",\"isPartOf\":{\"@id\":\"https:\\\/\\\/noticiasmercedinas.com\\\/site\\\/#website\"},\"primaryImageOfPage\":{\"@id\":\"https:\\\/\\\/noticiasmercedinas.com\\\/site\\\/2025\\\/03\\\/21\\\/magistrados-y-funcionarios-participaron-de-una-capacitacion-sobre-medidas-cautelares\\\/#primaryimage\"},\"image\":{\"@id\":\"https:\\\/\\\/noticiasmercedinas.com\\\/site\\\/2025\\\/03\\\/21\\\/magistrados-y-funcionarios-participaron-de-una-capacitacion-sobre-medidas-cautelares\\\/#primaryimage\"},\"thumbnailUrl\":\"https:\\\/\\\/noticiasmercedinas.com\\\/site\\\/wp-content\\\/uploads\\\/2025\\\/03\\\/NOTAsa.jpg\",\"datePublished\":\"2025-03-21T20:00:23+00:00\",\"breadcrumb\":{\"@id\":\"https:\\\/\\\/noticiasmercedinas.com\\\/site\\\/2025\\\/03\\\/21\\\/magistrados-y-funcionarios-participaron-de-una-capacitacion-sobre-medidas-cautelares\\\/#breadcrumb\"},\"inLanguage\":\"es\",\"potentialAction\":[{\"@type\":\"ReadAction\",\"target\":[\"https:\\\/\\\/noticiasmercedinas.com\\\/site\\\/2025\\\/03\\\/21\\\/magistrados-y-funcionarios-participaron-de-una-capacitacion-sobre-medidas-cautelares\\\/\"]}]},{\"@type\":\"ImageObject\",\"inLanguage\":\"es\",\"@id\":\"https:\\\/\\\/noticiasmercedinas.com\\\/site\\\/2025\\\/03\\\/21\\\/magistrados-y-funcionarios-participaron-de-una-capacitacion-sobre-medidas-cautelares\\\/#primaryimage\",\"url\":\"https:\\\/\\\/noticiasmercedinas.com\\\/site\\\/wp-content\\\/uploads\\\/2025\\\/03\\\/NOTAsa.jpg\",\"contentUrl\":\"https:\\\/\\\/noticiasmercedinas.com\\\/site\\\/wp-content\\\/uploads\\\/2025\\\/03\\\/NOTAsa.jpg\",\"width\":640,\"height\":431},{\"@type\":\"BreadcrumbList\",\"@id\":\"https:\\\/\\\/noticiasmercedinas.com\\\/site\\\/2025\\\/03\\\/21\\\/magistrados-y-funcionarios-participaron-de-una-capacitacion-sobre-medidas-cautelares\\\/#breadcrumb\",\"itemListElement\":[{\"@type\":\"ListItem\",\"position\":1,\"name\":\"Portada\",\"item\":\"https:\\\/\\\/noticiasmercedinas.com\\\/site\\\/\"},{\"@type\":\"ListItem\",\"position\":2,\"name\":\"Magistrados y funcionarios participaron de una capacitaci\u00f3n sobre medidas cautelares\"}]},{\"@type\":\"WebSite\",\"@id\":\"https:\\\/\\\/noticiasmercedinas.com\\\/site\\\/#website\",\"url\":\"https:\\\/\\\/noticiasmercedinas.com\\\/site\\\/\",\"name\":\"NOTICIASMERCEDINAS.COM\",\"description\":\"Mercedes, Buenos Aires, Argentina\",\"publisher\":{\"@id\":\"https:\\\/\\\/noticiasmercedinas.com\\\/site\\\/#organization\"},\"potentialAction\":[{\"@type\":\"SearchAction\",\"target\":{\"@type\":\"EntryPoint\",\"urlTemplate\":\"https:\\\/\\\/noticiasmercedinas.com\\\/site\\\/?s={search_term_string}\"},\"query-input\":{\"@type\":\"PropertyValueSpecification\",\"valueRequired\":true,\"valueName\":\"search_term_string\"}}],\"inLanguage\":\"es\"},{\"@type\":\"Organization\",\"@id\":\"https:\\\/\\\/noticiasmercedinas.com\\\/site\\\/#organization\",\"name\":\"NOTICIASMERCEDINAS.COM\",\"url\":\"https:\\\/\\\/noticiasmercedinas.com\\\/site\\\/\",\"logo\":{\"@type\":\"ImageObject\",\"inLanguage\":\"es\",\"@id\":\"https:\\\/\\\/noticiasmercedinas.com\\\/site\\\/#\\\/schema\\\/logo\\\/image\\\/\",\"url\":\"https:\\\/\\\/noticiasmercedinas.com\\\/site\\\/wp-content\\\/uploads\\\/2020\\\/06\\\/LOGO-512.jpg\",\"contentUrl\":\"https:\\\/\\\/noticiasmercedinas.com\\\/site\\\/wp-content\\\/uploads\\\/2020\\\/06\\\/LOGO-512.jpg\",\"width\":512,\"height\":512,\"caption\":\"NOTICIASMERCEDINAS.COM\"},\"image\":{\"@id\":\"https:\\\/\\\/noticiasmercedinas.com\\\/site\\\/#\\\/schema\\\/logo\\\/image\\\/\"},\"sameAs\":[\"https:\\\/\\\/www.facebook.com\\\/noticiasmercedinas\\\/\",\"https:\\\/\\\/x.com\\\/notmercedinas\",\"https:\\\/\\\/www.instagram.com\\\/noticiasmercedinas\\\/\"]},{\"@type\":\"Person\",\"@id\":\"https:\\\/\\\/noticiasmercedinas.com\\\/site\\\/#\\\/schema\\\/person\\\/84b59c099c28ff2e8b77d4ceec5d8063\",\"name\":\"NOTICIASMERCEDINAS.COM\",\"image\":{\"@type\":\"ImageObject\",\"inLanguage\":\"es\",\"@id\":\"https:\\\/\\\/secure.gravatar.com\\\/avatar\\\/4dfbf16b4d17945bfb6341b2d19043457132fcf478a5ee04f42e959fd8f5df0a?s=96&d=mm&r=g\",\"url\":\"https:\\\/\\\/secure.gravatar.com\\\/avatar\\\/4dfbf16b4d17945bfb6341b2d19043457132fcf478a5ee04f42e959fd8f5df0a?s=96&d=mm&r=g\",\"contentUrl\":\"https:\\\/\\\/secure.gravatar.com\\\/avatar\\\/4dfbf16b4d17945bfb6341b2d19043457132fcf478a5ee04f42e959fd8f5df0a?s=96&d=mm&r=g\",\"caption\":\"NOTICIASMERCEDINAS.COM\"},\"url\":\"https:\\\/\\\/noticiasmercedinas.com\\\/site\\\/author\\\/anonimo\\\/\"}]}<\/script>\n<!-- \/ Yoast SEO plugin. -->","yoast_head_json":{"title":"Magistrados y funcionarios participaron de una capacitaci\u00f3n sobre medidas cautelares","robots":{"index":"index","follow":"follow","max-snippet":"max-snippet:-1","max-image-preview":"max-image-preview:large","max-video-preview":"max-video-preview:-1"},"canonical":"https:\/\/noticiasmercedinas.com\/site\/2025\/03\/21\/magistrados-y-funcionarios-participaron-de-una-capacitacion-sobre-medidas-cautelares\/","og_locale":"es_ES","og_type":"article","og_title":"Magistrados y funcionarios participaron de una capacitaci\u00f3n sobre medidas cautelares","og_description":"\u25a0 La actividad se enmarc\u00f3 en el ciclo de Encuentros Notariales, destinado a fortalecer la capacitaci\u00f3n continua de los profesionales del \u00e1mbito judicial.","og_url":"https:\/\/noticiasmercedinas.com\/site\/2025\/03\/21\/magistrados-y-funcionarios-participaron-de-una-capacitacion-sobre-medidas-cautelares\/","og_site_name":"NOTICIASMERCEDINAS.COM","article_publisher":"https:\/\/www.facebook.com\/noticiasmercedinas\/","article_published_time":"2025-03-21T20:00:23+00:00","og_image":[{"width":640,"height":431,"url":"https:\/\/noticiasmercedinas.com\/site\/wp-content\/uploads\/2025\/03\/NOTAsa.jpg","type":"image\/jpeg"}],"author":"NOTICIASMERCEDINAS.COM","twitter_card":"summary_large_image","twitter_creator":"@notmercedinas","twitter_site":"@notmercedinas","twitter_misc":{"Escrito por":"NOTICIASMERCEDINAS.COM","Tiempo de lectura":"1 minuto"},"schema":{"@context":"https:\/\/schema.org","@graph":[{"@type":"Article","@id":"https:\/\/noticiasmercedinas.com\/site\/2025\/03\/21\/magistrados-y-funcionarios-participaron-de-una-capacitacion-sobre-medidas-cautelares\/#article","isPartOf":{"@id":"https:\/\/noticiasmercedinas.com\/site\/2025\/03\/21\/magistrados-y-funcionarios-participaron-de-una-capacitacion-sobre-medidas-cautelares\/"},"author":{"name":"NOTICIASMERCEDINAS.COM","@id":"https:\/\/noticiasmercedinas.com\/site\/#\/schema\/person\/84b59c099c28ff2e8b77d4ceec5d8063"},"headline":"Magistrados y funcionarios participaron de una capacitaci\u00f3n sobre medidas cautelares","datePublished":"2025-03-21T20:00:23+00:00","mainEntityOfPage":{"@id":"https:\/\/noticiasmercedinas.com\/site\/2025\/03\/21\/magistrados-y-funcionarios-participaron-de-una-capacitacion-sobre-medidas-cautelares\/"},"wordCount":173,"publisher":{"@id":"https:\/\/noticiasmercedinas.com\/site\/#organization"},"image":{"@id":"https:\/\/noticiasmercedinas.com\/site\/2025\/03\/21\/magistrados-y-funcionarios-participaron-de-una-capacitacion-sobre-medidas-cautelares\/#primaryimage"},"thumbnailUrl":"https:\/\/noticiasmercedinas.com\/site\/wp-content\/uploads\/2025\/03\/NOTAsa.jpg","keywords":["Colegio de Magistrados y Funcionarios del Departamento Judicial Mercedes","Instituto de Estudios Judiciales","Luis Felipe Basanta","Mat\u00edas Rodr\u00edguez","Suprema Corte de Justicia de la provincia de Buenos Aires","Zulma Aurora Dodda"],"articleSection":["Seguridad"],"inLanguage":"es"},{"@type":"WebPage","@id":"https:\/\/noticiasmercedinas.com\/site\/2025\/03\/21\/magistrados-y-funcionarios-participaron-de-una-capacitacion-sobre-medidas-cautelares\/","url":"https:\/\/noticiasmercedinas.com\/site\/2025\/03\/21\/magistrados-y-funcionarios-participaron-de-una-capacitacion-sobre-medidas-cautelares\/","name":"Magistrados y funcionarios participaron de una capacitaci\u00f3n sobre medidas cautelares","isPartOf":{"@id":"https:\/\/noticiasmercedinas.com\/site\/#website"},"primaryImageOfPage":{"@id":"https:\/\/noticiasmercedinas.com\/site\/2025\/03\/21\/magistrados-y-funcionarios-participaron-de-una-capacitacion-sobre-medidas-cautelares\/#primaryimage"},"image":{"@id":"https:\/\/noticiasmercedinas.com\/site\/2025\/03\/21\/magistrados-y-funcionarios-participaron-de-una-capacitacion-sobre-medidas-cautelares\/#primaryimage"},"thumbnailUrl":"https:\/\/noticiasmercedinas.com\/site\/wp-content\/uploads\/2025\/03\/NOTAsa.jpg","datePublished":"2025-03-21T20:00:23+00:00","breadcrumb":{"@id":"https:\/\/noticiasmercedinas.com\/site\/2025\/03\/21\/magistrados-y-funcionarios-participaron-de-una-capacitacion-sobre-medidas-cautelares\/#breadcrumb"},"inLanguage":"es","potentialAction":[{"@type":"ReadAction","target":["https:\/\/noticiasmercedinas.com\/site\/2025\/03\/21\/magistrados-y-funcionarios-participaron-de-una-capacitacion-sobre-medidas-cautelares\/"]}]},{"@type":"ImageObject","inLanguage":"es","@id":"https:\/\/noticiasmercedinas.com\/site\/2025\/03\/21\/magistrados-y-funcionarios-participaron-de-una-capacitacion-sobre-medidas-cautelares\/#primaryimage","url":"https:\/\/noticiasmercedinas.com\/site\/wp-content\/uploads\/2025\/03\/NOTAsa.jpg","contentUrl":"https:\/\/noticiasmercedinas.com\/site\/wp-content\/uploads\/2025\/03\/NOTAsa.jpg","width":640,"height":431},{"@type":"BreadcrumbList","@id":"https:\/\/noticiasmercedinas.com\/site\/2025\/03\/21\/magistrados-y-funcionarios-participaron-de-una-capacitacion-sobre-medidas-cautelares\/#breadcrumb","itemListElement":[{"@type":"ListItem","position":1,"name":"Portada","item":"https:\/\/noticiasmercedinas.com\/site\/"},{"@type":"ListItem","position":2,"name":"Magistrados y funcionarios participaron de una capacitaci\u00f3n sobre medidas cautelares"}]},{"@type":"WebSite","@id":"https:\/\/noticiasmercedinas.com\/site\/#website","url":"https:\/\/noticiasmercedinas.com\/site\/","name":"NOTICIASMERCEDINAS.COM","description":"Mercedes, Buenos Aires, Argentina","publisher":{"@id":"https:\/\/noticiasmercedinas.com\/site\/#organization"},"potentialAction":[{"@type":"SearchAction","target":{"@type":"EntryPoint","urlTemplate":"https:\/\/noticiasmercedinas.com\/site\/?s={search_term_string}"},"query-input":{"@type":"PropertyValueSpecification","valueRequired":true,"valueName":"search_term_string"}}],"inLanguage":"es"},{"@type":"Organization","@id":"https:\/\/noticiasmercedinas.com\/site\/#organization","name":"NOTICIASMERCEDINAS.COM","url":"https:\/\/noticiasmercedinas.com\/site\/","logo":{"@type":"ImageObject","inLanguage":"es","@id":"https:\/\/noticiasmercedinas.com\/site\/#\/schema\/logo\/image\/","url":"https:\/\/noticiasmercedinas.com\/site\/wp-content\/uploads\/2020\/06\/LOGO-512.jpg","contentUrl":"https:\/\/noticiasmercedinas.com\/site\/wp-content\/uploads\/2020\/06\/LOGO-512.jpg","width":512,"height":512,"caption":"NOTICIASMERCEDINAS.COM"},"image":{"@id":"https:\/\/noticiasmercedinas.com\/site\/#\/schema\/logo\/image\/"},"sameAs":["https:\/\/www.facebook.com\/noticiasmercedinas\/","https:\/\/x.com\/notmercedinas","https:\/\/www.instagram.com\/noticiasmercedinas\/"]},{"@type":"Person","@id":"https:\/\/noticiasmercedinas.com\/site\/#\/schema\/person\/84b59c099c28ff2e8b77d4ceec5d8063","name":"NOTICIASMERCEDINAS.COM","image":{"@type":"ImageObject","inLanguage":"es","@id":"https:\/\/secure.gravatar.com\/avatar\/4dfbf16b4d17945bfb6341b2d19043457132fcf478a5ee04f42e959fd8f5df0a?s=96&d=mm&r=g","url":"https:\/\/secure.gravatar.com\/avatar\/4dfbf16b4d17945bfb6341b2d19043457132fcf478a5ee04f42e959fd8f5df0a?s=96&d=mm&r=g","contentUrl":"https:\/\/secure.gravatar.com\/avatar\/4dfbf16b4d17945bfb6341b2d19043457132fcf478a5ee04f42e959fd8f5df0a?s=96&d=mm&r=g","caption":"NOTICIASMERCEDINAS.COM"},"url":"https:\/\/noticiasmercedinas.com\/site\/author\/anonimo\/"}]}},"amp_enabled":true,"_links":{"self":[{"href":"https:\/\/noticiasmercedinas.com\/site\/wp-json\/wp\/v2\/posts\/155699","targetHints":{"allow":["GET"]}}],"collection":[{"href":"https:\/\/noticiasmercedinas.com\/site\/wp-json\/wp\/v2\/posts"}],"about":[{"href":"https:\/\/noticiasmercedinas.com\/site\/wp-json\/wp\/v2\/types\/post"}],"author":[{"embeddable":true,"href":"https:\/\/noticiasmercedinas.com\/site\/wp-json\/wp\/v2\/users\/16"}],"replies":[{"embeddable":true,"href":"https:\/\/noticiasmercedinas.com\/site\/wp-json\/wp\/v2\/comments?post=155699"}],"version-history":[{"count":1,"href":"https:\/\/noticiasmercedinas.com\/site\/wp-json\/wp\/v2\/posts\/155699\/revisions"}],"predecessor-version":[{"id":155701,"href":"https:\/\/noticiasmercedinas.com\/site\/wp-json\/wp\/v2\/posts\/155699\/revisions\/155701"}],"wp:featuredmedia":[{"embeddable":true,"href":"https:\/\/noticiasmercedinas.com\/site\/wp-json\/wp\/v2\/media\/155700"}],"wp:attachment":[{"href":"https:\/\/noticiasmercedinas.com\/site\/wp-json\/wp\/v2\/media?parent=155699"}],"wp:term":[{"taxonomy":"category","embeddable":true,"href":"https:\/\/noticiasmercedinas.com\/site\/wp-json\/wp\/v2\/categories?post=155699"},{"taxonomy":"post_tag","embeddable":true,"href":"https:\/\/noticiasmercedinas.com\/site\/wp-json\/wp\/v2\/tags?post=155699"}],"curies":[{"name":"wp","href":"https:\/\/api.w.org\/{rel}","templated":true}]}}