{"id":155755,"date":"2025-03-23T10:02:03","date_gmt":"2025-03-23T13:02:03","guid":{"rendered":"https:\/\/noticiasmercedinas.com\/site\/?p=155755"},"modified":"2025-03-23T10:02:03","modified_gmt":"2025-03-23T13:02:03","slug":"se-realizo-una-nueva-capacitacion-en-rcp-en-la-unidad-penal-5","status":"publish","type":"post","link":"https:\/\/noticiasmercedinas.com\/site\/2025\/03\/23\/se-realizo-una-nueva-capacitacion-en-rcp-en-la-unidad-penal-5\/","title":{"rendered":"Se realiz\u00f3 una nueva capacitaci\u00f3n en RCP en la Unidad Penal 5"},"content":{"rendered":"<p><img loading=\"lazy\" decoding=\"async\" class=\"alignnone size-full wp-image-155758\" src=\"https:\/\/noticiasmercedinas.com\/site\/wp-content\/uploads\/2025\/03\/485678838_18306970162239311_1223442010648903189_n-e1742734817948.jpg\" alt=\"\" width=\"859\" height=\"562\" srcset=\"https:\/\/noticiasmercedinas.com\/site\/wp-content\/uploads\/2025\/03\/485678838_18306970162239311_1223442010648903189_n-e1742734817948.jpg 859w, https:\/\/noticiasmercedinas.com\/site\/wp-content\/uploads\/2025\/03\/485678838_18306970162239311_1223442010648903189_n-e1742734817948-300x196.jpg 300w, https:\/\/noticiasmercedinas.com\/site\/wp-content\/uploads\/2025\/03\/485678838_18306970162239311_1223442010648903189_n-e1742734817948-768x502.jpg 768w, https:\/\/noticiasmercedinas.com\/site\/wp-content\/uploads\/2025\/03\/485678838_18306970162239311_1223442010648903189_n-e1742734817948-640x419.jpg 640w, https:\/\/noticiasmercedinas.com\/site\/wp-content\/uploads\/2025\/03\/485678838_18306970162239311_1223442010648903189_n-e1742734817948-681x446.jpg 681w\" sizes=\"auto, (max-width: 859px) 100vw, 859px\" \/><\/p>\n<p>La Direcci\u00f3n de Protecci\u00f3n Civil llev\u00f3 adelante una nueva jornada de capacitaci\u00f3n en Reanimaci\u00f3n Cardiopulmonar (RCP) y primeros auxilios para el personal del Servicio Penitenciario Bonaerense (SPB) en la Unidad Penal 5 de Mercedes.<\/p>\n<p>Estas capacitaciones forman parte del convenio de cooperaci\u00f3n firmado entre la Unidad 5, la Secretar\u00eda de Seguridad y la Direcci\u00f3n de Protecci\u00f3n Civil, con el objetivo de dotar al personal penitenciario de herramientas fundamentales para actuar ante emergencias m\u00e9dicas.<\/p>\n<p>En esta instancia, se capacit\u00f3 a un nuevo grupo de agentes penitenciarios, quienes adquirieron conocimientos sobre t\u00e9cnicas de RCP y atenci\u00f3n primaria en situaciones cr\u00edticas.<\/p>\n<p>Desde Protecci\u00f3n Civil destacaron la importancia de esta formaci\u00f3n y recordaron que ante una emergencia, la colaboraci\u00f3n ciudadana es esencial.<\/p>\n<p>Asimismo, recordaron los n\u00fameros de emergencia a los que se puede recurrir en caso de urgencias:<\/p>\n<ul>\n<li>107 &#8211; Servicio de emergencias MISMO<\/li>\n<li>911 &#8211; Polic\u00eda<\/li>\n<li>100 &#8211; Bomberos<\/li>\n<li>147 &#8211; Atenci\u00f3n al vecino<\/li>\n<\/ul>\n<p>La capacitaci\u00f3n continuar\u00e1 en las pr\u00f3ximas semanas con nuevos encuentros para cubrir a la totalidad del personal del SPB y reforzar la formaci\u00f3n en prevenci\u00f3n y respuesta ante emergencias.<\/p>\n<p><img loading=\"lazy\" decoding=\"async\" class=\"alignnone size-full wp-image-155759\" src=\"https:\/\/noticiasmercedinas.com\/site\/wp-content\/uploads\/2025\/03\/486579110_18306970126239311_4606785562176479813_n-e1742734904649.jpg\" alt=\"\" width=\"894\" height=\"538\" srcset=\"https:\/\/noticiasmercedinas.com\/site\/wp-content\/uploads\/2025\/03\/486579110_18306970126239311_4606785562176479813_n-e1742734904649.jpg 894w, https:\/\/noticiasmercedinas.com\/site\/wp-content\/uploads\/2025\/03\/486579110_18306970126239311_4606785562176479813_n-e1742734904649-300x181.jpg 300w, https:\/\/noticiasmercedinas.com\/site\/wp-content\/uploads\/2025\/03\/486579110_18306970126239311_4606785562176479813_n-e1742734904649-768x462.jpg 768w, https:\/\/noticiasmercedinas.com\/site\/wp-content\/uploads\/2025\/03\/486579110_18306970126239311_4606785562176479813_n-e1742734904649-640x385.jpg 640w, https:\/\/noticiasmercedinas.com\/site\/wp-content\/uploads\/2025\/03\/486579110_18306970126239311_4606785562176479813_n-e1742734904649-681x410.jpg 681w\" sizes=\"auto, (max-width: 894px) 100vw, 894px\" \/><\/p>\n","protected":false},"excerpt":{"rendered":"<p>\u25a0 Desde Protecci\u00f3n Civil se capacit\u00f3 a un nuevo grupo de agentes penitenciarios, quienes adquirieron conocimientos sobre t\u00e9cnicas de RCP y atenci\u00f3n primaria en situaciones cr\u00edticas<\/p>\n","protected":false},"author":16,"featured_media":155758,"comment_status":"closed","ping_status":"closed","sticky":false,"template":"","format":"standard","meta":{"footnotes":""},"categories":[7],"tags":[12992,941,525],"class_list":["post-155755","post","type-post","status-publish","format-standard","has-post-thumbnail","hentry","category-policiales","tag-direccion-de-proteccion-civil","tag-rcp","tag-unidad-penal-5"],"yoast_head":"<!-- This site is optimized with the Yoast SEO plugin v27.4 - https:\/\/yoast.com\/product\/yoast-seo-wordpress\/ -->\n<title>Se realiz\u00f3 una nueva capacitaci\u00f3n en RCP en la Unidad Penal 5<\/title>\n<meta name=\"robots\" content=\"index, follow, max-snippet:-1, max-image-preview:large, max-video-preview:-1\" \/>\n<link rel=\"canonical\" href=\"https:\/\/noticiasmercedinas.com\/site\/2025\/03\/23\/se-realizo-una-nueva-capacitacion-en-rcp-en-la-unidad-penal-5\/\" \/>\n<meta property=\"og:locale\" content=\"es_ES\" \/>\n<meta property=\"og:type\" content=\"article\" \/>\n<meta property=\"og:title\" content=\"Se realiz\u00f3 una nueva capacitaci\u00f3n en RCP en la Unidad Penal 5\" \/>\n<meta property=\"og:description\" content=\"\u25a0 Desde Protecci\u00f3n Civil se capacit\u00f3 a un nuevo grupo de agentes penitenciarios, quienes adquirieron conocimientos sobre t\u00e9cnicas de RCP y atenci\u00f3n primaria en situaciones cr\u00edticas\" \/>\n<meta property=\"og:url\" content=\"https:\/\/noticiasmercedinas.com\/site\/2025\/03\/23\/se-realizo-una-nueva-capacitacion-en-rcp-en-la-unidad-penal-5\/\" \/>\n<meta property=\"og:site_name\" content=\"NOTICIASMERCEDINAS.COM\" \/>\n<meta property=\"article:publisher\" content=\"https:\/\/www.facebook.com\/noticiasmercedinas\/\" \/>\n<meta property=\"article:published_time\" content=\"2025-03-23T13:02:03+00:00\" \/>\n<meta property=\"og:image\" content=\"https:\/\/noticiasmercedinas.com\/site\/wp-content\/uploads\/2025\/03\/485678838_18306970162239311_1223442010648903189_n-e1742734817948.jpg\" \/>\n\t<meta property=\"og:image:width\" content=\"859\" \/>\n\t<meta property=\"og:image:height\" content=\"562\" \/>\n\t<meta property=\"og:image:type\" content=\"image\/jpeg\" \/>\n<meta name=\"author\" content=\"NOTICIASMERCEDINAS.COM\" \/>\n<meta name=\"twitter:card\" content=\"summary_large_image\" \/>\n<meta name=\"twitter:creator\" content=\"@notmercedinas\" \/>\n<meta name=\"twitter:site\" content=\"@notmercedinas\" \/>\n<meta name=\"twitter:label1\" content=\"Escrito por\" \/>\n\t<meta name=\"twitter:data1\" content=\"NOTICIASMERCEDINAS.COM\" \/>\n\t<meta name=\"twitter:label2\" content=\"Tiempo de lectura\" \/>\n\t<meta name=\"twitter:data2\" content=\"1 minuto\" \/>\n<script type=\"application\/ld+json\" class=\"yoast-schema-graph\">{\"@context\":\"https:\\\/\\\/schema.org\",\"@graph\":[{\"@type\":\"Article\",\"@id\":\"https:\\\/\\\/noticiasmercedinas.com\\\/site\\\/2025\\\/03\\\/23\\\/se-realizo-una-nueva-capacitacion-en-rcp-en-la-unidad-penal-5\\\/#article\",\"isPartOf\":{\"@id\":\"https:\\\/\\\/noticiasmercedinas.com\\\/site\\\/2025\\\/03\\\/23\\\/se-realizo-una-nueva-capacitacion-en-rcp-en-la-unidad-penal-5\\\/\"},\"author\":{\"name\":\"NOTICIASMERCEDINAS.COM\",\"@id\":\"https:\\\/\\\/noticiasmercedinas.com\\\/site\\\/#\\\/schema\\\/person\\\/84b59c099c28ff2e8b77d4ceec5d8063\"},\"headline\":\"Se realiz\u00f3 una nueva capacitaci\u00f3n en RCP en la Unidad Penal 5\",\"datePublished\":\"2025-03-23T13:02:03+00:00\",\"mainEntityOfPage\":{\"@id\":\"https:\\\/\\\/noticiasmercedinas.com\\\/site\\\/2025\\\/03\\\/23\\\/se-realizo-una-nueva-capacitacion-en-rcp-en-la-unidad-penal-5\\\/\"},\"wordCount\":208,\"publisher\":{\"@id\":\"https:\\\/\\\/noticiasmercedinas.com\\\/site\\\/#organization\"},\"image\":{\"@id\":\"https:\\\/\\\/noticiasmercedinas.com\\\/site\\\/2025\\\/03\\\/23\\\/se-realizo-una-nueva-capacitacion-en-rcp-en-la-unidad-penal-5\\\/#primaryimage\"},\"thumbnailUrl\":\"https:\\\/\\\/noticiasmercedinas.com\\\/site\\\/wp-content\\\/uploads\\\/2025\\\/03\\\/485678838_18306970162239311_1223442010648903189_n-e1742734817948.jpg\",\"keywords\":[\"Direcci\u00f3n de Protecci\u00f3n Civil\",\"rcp\",\"unidad penal 5\"],\"articleSection\":[\"Seguridad\"],\"inLanguage\":\"es\"},{\"@type\":\"WebPage\",\"@id\":\"https:\\\/\\\/noticiasmercedinas.com\\\/site\\\/2025\\\/03\\\/23\\\/se-realizo-una-nueva-capacitacion-en-rcp-en-la-unidad-penal-5\\\/\",\"url\":\"https:\\\/\\\/noticiasmercedinas.com\\\/site\\\/2025\\\/03\\\/23\\\/se-realizo-una-nueva-capacitacion-en-rcp-en-la-unidad-penal-5\\\/\",\"name\":\"Se realiz\u00f3 una nueva capacitaci\u00f3n en RCP en la Unidad Penal 5\",\"isPartOf\":{\"@id\":\"https:\\\/\\\/noticiasmercedinas.com\\\/site\\\/#website\"},\"primaryImageOfPage\":{\"@id\":\"https:\\\/\\\/noticiasmercedinas.com\\\/site\\\/2025\\\/03\\\/23\\\/se-realizo-una-nueva-capacitacion-en-rcp-en-la-unidad-penal-5\\\/#primaryimage\"},\"image\":{\"@id\":\"https:\\\/\\\/noticiasmercedinas.com\\\/site\\\/2025\\\/03\\\/23\\\/se-realizo-una-nueva-capacitacion-en-rcp-en-la-unidad-penal-5\\\/#primaryimage\"},\"thumbnailUrl\":\"https:\\\/\\\/noticiasmercedinas.com\\\/site\\\/wp-content\\\/uploads\\\/2025\\\/03\\\/485678838_18306970162239311_1223442010648903189_n-e1742734817948.jpg\",\"datePublished\":\"2025-03-23T13:02:03+00:00\",\"breadcrumb\":{\"@id\":\"https:\\\/\\\/noticiasmercedinas.com\\\/site\\\/2025\\\/03\\\/23\\\/se-realizo-una-nueva-capacitacion-en-rcp-en-la-unidad-penal-5\\\/#breadcrumb\"},\"inLanguage\":\"es\",\"potentialAction\":[{\"@type\":\"ReadAction\",\"target\":[\"https:\\\/\\\/noticiasmercedinas.com\\\/site\\\/2025\\\/03\\\/23\\\/se-realizo-una-nueva-capacitacion-en-rcp-en-la-unidad-penal-5\\\/\"]}]},{\"@type\":\"ImageObject\",\"inLanguage\":\"es\",\"@id\":\"https:\\\/\\\/noticiasmercedinas.com\\\/site\\\/2025\\\/03\\\/23\\\/se-realizo-una-nueva-capacitacion-en-rcp-en-la-unidad-penal-5\\\/#primaryimage\",\"url\":\"https:\\\/\\\/noticiasmercedinas.com\\\/site\\\/wp-content\\\/uploads\\\/2025\\\/03\\\/485678838_18306970162239311_1223442010648903189_n-e1742734817948.jpg\",\"contentUrl\":\"https:\\\/\\\/noticiasmercedinas.com\\\/site\\\/wp-content\\\/uploads\\\/2025\\\/03\\\/485678838_18306970162239311_1223442010648903189_n-e1742734817948.jpg\",\"width\":859,\"height\":562},{\"@type\":\"BreadcrumbList\",\"@id\":\"https:\\\/\\\/noticiasmercedinas.com\\\/site\\\/2025\\\/03\\\/23\\\/se-realizo-una-nueva-capacitacion-en-rcp-en-la-unidad-penal-5\\\/#breadcrumb\",\"itemListElement\":[{\"@type\":\"ListItem\",\"position\":1,\"name\":\"Portada\",\"item\":\"https:\\\/\\\/noticiasmercedinas.com\\\/site\\\/\"},{\"@type\":\"ListItem\",\"position\":2,\"name\":\"Se realiz\u00f3 una nueva capacitaci\u00f3n en RCP en la Unidad Penal 5\"}]},{\"@type\":\"WebSite\",\"@id\":\"https:\\\/\\\/noticiasmercedinas.com\\\/site\\\/#website\",\"url\":\"https:\\\/\\\/noticiasmercedinas.com\\\/site\\\/\",\"name\":\"NOTICIASMERCEDINAS.COM\",\"description\":\"Mercedes, Buenos Aires, Argentina\",\"publisher\":{\"@id\":\"https:\\\/\\\/noticiasmercedinas.com\\\/site\\\/#organization\"},\"potentialAction\":[{\"@type\":\"SearchAction\",\"target\":{\"@type\":\"EntryPoint\",\"urlTemplate\":\"https:\\\/\\\/noticiasmercedinas.com\\\/site\\\/?s={search_term_string}\"},\"query-input\":{\"@type\":\"PropertyValueSpecification\",\"valueRequired\":true,\"valueName\":\"search_term_string\"}}],\"inLanguage\":\"es\"},{\"@type\":\"Organization\",\"@id\":\"https:\\\/\\\/noticiasmercedinas.com\\\/site\\\/#organization\",\"name\":\"NOTICIASMERCEDINAS.COM\",\"url\":\"https:\\\/\\\/noticiasmercedinas.com\\\/site\\\/\",\"logo\":{\"@type\":\"ImageObject\",\"inLanguage\":\"es\",\"@id\":\"https:\\\/\\\/noticiasmercedinas.com\\\/site\\\/#\\\/schema\\\/logo\\\/image\\\/\",\"url\":\"https:\\\/\\\/noticiasmercedinas.com\\\/site\\\/wp-content\\\/uploads\\\/2020\\\/06\\\/LOGO-512.jpg\",\"contentUrl\":\"https:\\\/\\\/noticiasmercedinas.com\\\/site\\\/wp-content\\\/uploads\\\/2020\\\/06\\\/LOGO-512.jpg\",\"width\":512,\"height\":512,\"caption\":\"NOTICIASMERCEDINAS.COM\"},\"image\":{\"@id\":\"https:\\\/\\\/noticiasmercedinas.com\\\/site\\\/#\\\/schema\\\/logo\\\/image\\\/\"},\"sameAs\":[\"https:\\\/\\\/www.facebook.com\\\/noticiasmercedinas\\\/\",\"https:\\\/\\\/x.com\\\/notmercedinas\",\"https:\\\/\\\/www.instagram.com\\\/noticiasmercedinas\\\/\"]},{\"@type\":\"Person\",\"@id\":\"https:\\\/\\\/noticiasmercedinas.com\\\/site\\\/#\\\/schema\\\/person\\\/84b59c099c28ff2e8b77d4ceec5d8063\",\"name\":\"NOTICIASMERCEDINAS.COM\",\"image\":{\"@type\":\"ImageObject\",\"inLanguage\":\"es\",\"@id\":\"https:\\\/\\\/secure.gravatar.com\\\/avatar\\\/4dfbf16b4d17945bfb6341b2d19043457132fcf478a5ee04f42e959fd8f5df0a?s=96&d=mm&r=g\",\"url\":\"https:\\\/\\\/secure.gravatar.com\\\/avatar\\\/4dfbf16b4d17945bfb6341b2d19043457132fcf478a5ee04f42e959fd8f5df0a?s=96&d=mm&r=g\",\"contentUrl\":\"https:\\\/\\\/secure.gravatar.com\\\/avatar\\\/4dfbf16b4d17945bfb6341b2d19043457132fcf478a5ee04f42e959fd8f5df0a?s=96&d=mm&r=g\",\"caption\":\"NOTICIASMERCEDINAS.COM\"},\"url\":\"https:\\\/\\\/noticiasmercedinas.com\\\/site\\\/author\\\/anonimo\\\/\"}]}<\/script>\n<!-- \/ Yoast SEO plugin. -->","yoast_head_json":{"title":"Se realiz\u00f3 una nueva capacitaci\u00f3n en RCP en la Unidad Penal 5","robots":{"index":"index","follow":"follow","max-snippet":"max-snippet:-1","max-image-preview":"max-image-preview:large","max-video-preview":"max-video-preview:-1"},"canonical":"https:\/\/noticiasmercedinas.com\/site\/2025\/03\/23\/se-realizo-una-nueva-capacitacion-en-rcp-en-la-unidad-penal-5\/","og_locale":"es_ES","og_type":"article","og_title":"Se realiz\u00f3 una nueva capacitaci\u00f3n en RCP en la Unidad Penal 5","og_description":"\u25a0 Desde Protecci\u00f3n Civil se capacit\u00f3 a un nuevo grupo de agentes penitenciarios, quienes adquirieron conocimientos sobre t\u00e9cnicas de RCP y atenci\u00f3n primaria en situaciones cr\u00edticas","og_url":"https:\/\/noticiasmercedinas.com\/site\/2025\/03\/23\/se-realizo-una-nueva-capacitacion-en-rcp-en-la-unidad-penal-5\/","og_site_name":"NOTICIASMERCEDINAS.COM","article_publisher":"https:\/\/www.facebook.com\/noticiasmercedinas\/","article_published_time":"2025-03-23T13:02:03+00:00","og_image":[{"width":859,"height":562,"url":"https:\/\/noticiasmercedinas.com\/site\/wp-content\/uploads\/2025\/03\/485678838_18306970162239311_1223442010648903189_n-e1742734817948.jpg","type":"image\/jpeg"}],"author":"NOTICIASMERCEDINAS.COM","twitter_card":"summary_large_image","twitter_creator":"@notmercedinas","twitter_site":"@notmercedinas","twitter_misc":{"Escrito por":"NOTICIASMERCEDINAS.COM","Tiempo de lectura":"1 minuto"},"schema":{"@context":"https:\/\/schema.org","@graph":[{"@type":"Article","@id":"https:\/\/noticiasmercedinas.com\/site\/2025\/03\/23\/se-realizo-una-nueva-capacitacion-en-rcp-en-la-unidad-penal-5\/#article","isPartOf":{"@id":"https:\/\/noticiasmercedinas.com\/site\/2025\/03\/23\/se-realizo-una-nueva-capacitacion-en-rcp-en-la-unidad-penal-5\/"},"author":{"name":"NOTICIASMERCEDINAS.COM","@id":"https:\/\/noticiasmercedinas.com\/site\/#\/schema\/person\/84b59c099c28ff2e8b77d4ceec5d8063"},"headline":"Se realiz\u00f3 una nueva capacitaci\u00f3n en RCP en la Unidad Penal 5","datePublished":"2025-03-23T13:02:03+00:00","mainEntityOfPage":{"@id":"https:\/\/noticiasmercedinas.com\/site\/2025\/03\/23\/se-realizo-una-nueva-capacitacion-en-rcp-en-la-unidad-penal-5\/"},"wordCount":208,"publisher":{"@id":"https:\/\/noticiasmercedinas.com\/site\/#organization"},"image":{"@id":"https:\/\/noticiasmercedinas.com\/site\/2025\/03\/23\/se-realizo-una-nueva-capacitacion-en-rcp-en-la-unidad-penal-5\/#primaryimage"},"thumbnailUrl":"https:\/\/noticiasmercedinas.com\/site\/wp-content\/uploads\/2025\/03\/485678838_18306970162239311_1223442010648903189_n-e1742734817948.jpg","keywords":["Direcci\u00f3n de Protecci\u00f3n Civil","rcp","unidad penal 5"],"articleSection":["Seguridad"],"inLanguage":"es"},{"@type":"WebPage","@id":"https:\/\/noticiasmercedinas.com\/site\/2025\/03\/23\/se-realizo-una-nueva-capacitacion-en-rcp-en-la-unidad-penal-5\/","url":"https:\/\/noticiasmercedinas.com\/site\/2025\/03\/23\/se-realizo-una-nueva-capacitacion-en-rcp-en-la-unidad-penal-5\/","name":"Se realiz\u00f3 una nueva capacitaci\u00f3n en RCP en la Unidad Penal 5","isPartOf":{"@id":"https:\/\/noticiasmercedinas.com\/site\/#website"},"primaryImageOfPage":{"@id":"https:\/\/noticiasmercedinas.com\/site\/2025\/03\/23\/se-realizo-una-nueva-capacitacion-en-rcp-en-la-unidad-penal-5\/#primaryimage"},"image":{"@id":"https:\/\/noticiasmercedinas.com\/site\/2025\/03\/23\/se-realizo-una-nueva-capacitacion-en-rcp-en-la-unidad-penal-5\/#primaryimage"},"thumbnailUrl":"https:\/\/noticiasmercedinas.com\/site\/wp-content\/uploads\/2025\/03\/485678838_18306970162239311_1223442010648903189_n-e1742734817948.jpg","datePublished":"2025-03-23T13:02:03+00:00","breadcrumb":{"@id":"https:\/\/noticiasmercedinas.com\/site\/2025\/03\/23\/se-realizo-una-nueva-capacitacion-en-rcp-en-la-unidad-penal-5\/#breadcrumb"},"inLanguage":"es","potentialAction":[{"@type":"ReadAction","target":["https:\/\/noticiasmercedinas.com\/site\/2025\/03\/23\/se-realizo-una-nueva-capacitacion-en-rcp-en-la-unidad-penal-5\/"]}]},{"@type":"ImageObject","inLanguage":"es","@id":"https:\/\/noticiasmercedinas.com\/site\/2025\/03\/23\/se-realizo-una-nueva-capacitacion-en-rcp-en-la-unidad-penal-5\/#primaryimage","url":"https:\/\/noticiasmercedinas.com\/site\/wp-content\/uploads\/2025\/03\/485678838_18306970162239311_1223442010648903189_n-e1742734817948.jpg","contentUrl":"https:\/\/noticiasmercedinas.com\/site\/wp-content\/uploads\/2025\/03\/485678838_18306970162239311_1223442010648903189_n-e1742734817948.jpg","width":859,"height":562},{"@type":"BreadcrumbList","@id":"https:\/\/noticiasmercedinas.com\/site\/2025\/03\/23\/se-realizo-una-nueva-capacitacion-en-rcp-en-la-unidad-penal-5\/#breadcrumb","itemListElement":[{"@type":"ListItem","position":1,"name":"Portada","item":"https:\/\/noticiasmercedinas.com\/site\/"},{"@type":"ListItem","position":2,"name":"Se realiz\u00f3 una nueva capacitaci\u00f3n en RCP en la Unidad Penal 5"}]},{"@type":"WebSite","@id":"https:\/\/noticiasmercedinas.com\/site\/#website","url":"https:\/\/noticiasmercedinas.com\/site\/","name":"NOTICIASMERCEDINAS.COM","description":"Mercedes, Buenos Aires, Argentina","publisher":{"@id":"https:\/\/noticiasmercedinas.com\/site\/#organization"},"potentialAction":[{"@type":"SearchAction","target":{"@type":"EntryPoint","urlTemplate":"https:\/\/noticiasmercedinas.com\/site\/?s={search_term_string}"},"query-input":{"@type":"PropertyValueSpecification","valueRequired":true,"valueName":"search_term_string"}}],"inLanguage":"es"},{"@type":"Organization","@id":"https:\/\/noticiasmercedinas.com\/site\/#organization","name":"NOTICIASMERCEDINAS.COM","url":"https:\/\/noticiasmercedinas.com\/site\/","logo":{"@type":"ImageObject","inLanguage":"es","@id":"https:\/\/noticiasmercedinas.com\/site\/#\/schema\/logo\/image\/","url":"https:\/\/noticiasmercedinas.com\/site\/wp-content\/uploads\/2020\/06\/LOGO-512.jpg","contentUrl":"https:\/\/noticiasmercedinas.com\/site\/wp-content\/uploads\/2020\/06\/LOGO-512.jpg","width":512,"height":512,"caption":"NOTICIASMERCEDINAS.COM"},"image":{"@id":"https:\/\/noticiasmercedinas.com\/site\/#\/schema\/logo\/image\/"},"sameAs":["https:\/\/www.facebook.com\/noticiasmercedinas\/","https:\/\/x.com\/notmercedinas","https:\/\/www.instagram.com\/noticiasmercedinas\/"]},{"@type":"Person","@id":"https:\/\/noticiasmercedinas.com\/site\/#\/schema\/person\/84b59c099c28ff2e8b77d4ceec5d8063","name":"NOTICIASMERCEDINAS.COM","image":{"@type":"ImageObject","inLanguage":"es","@id":"https:\/\/secure.gravatar.com\/avatar\/4dfbf16b4d17945bfb6341b2d19043457132fcf478a5ee04f42e959fd8f5df0a?s=96&d=mm&r=g","url":"https:\/\/secure.gravatar.com\/avatar\/4dfbf16b4d17945bfb6341b2d19043457132fcf478a5ee04f42e959fd8f5df0a?s=96&d=mm&r=g","contentUrl":"https:\/\/secure.gravatar.com\/avatar\/4dfbf16b4d17945bfb6341b2d19043457132fcf478a5ee04f42e959fd8f5df0a?s=96&d=mm&r=g","caption":"NOTICIASMERCEDINAS.COM"},"url":"https:\/\/noticiasmercedinas.com\/site\/author\/anonimo\/"}]}},"amp_enabled":true,"_links":{"self":[{"href":"https:\/\/noticiasmercedinas.com\/site\/wp-json\/wp\/v2\/posts\/155755","targetHints":{"allow":["GET"]}}],"collection":[{"href":"https:\/\/noticiasmercedinas.com\/site\/wp-json\/wp\/v2\/posts"}],"about":[{"href":"https:\/\/noticiasmercedinas.com\/site\/wp-json\/wp\/v2\/types\/post"}],"author":[{"embeddable":true,"href":"https:\/\/noticiasmercedinas.com\/site\/wp-json\/wp\/v2\/users\/16"}],"replies":[{"embeddable":true,"href":"https:\/\/noticiasmercedinas.com\/site\/wp-json\/wp\/v2\/comments?post=155755"}],"version-history":[{"count":3,"href":"https:\/\/noticiasmercedinas.com\/site\/wp-json\/wp\/v2\/posts\/155755\/revisions"}],"predecessor-version":[{"id":155761,"href":"https:\/\/noticiasmercedinas.com\/site\/wp-json\/wp\/v2\/posts\/155755\/revisions\/155761"}],"wp:featuredmedia":[{"embeddable":true,"href":"https:\/\/noticiasmercedinas.com\/site\/wp-json\/wp\/v2\/media\/155758"}],"wp:attachment":[{"href":"https:\/\/noticiasmercedinas.com\/site\/wp-json\/wp\/v2\/media?parent=155755"}],"wp:term":[{"taxonomy":"category","embeddable":true,"href":"https:\/\/noticiasmercedinas.com\/site\/wp-json\/wp\/v2\/categories?post=155755"},{"taxonomy":"post_tag","embeddable":true,"href":"https:\/\/noticiasmercedinas.com\/site\/wp-json\/wp\/v2\/tags?post=155755"}],"curies":[{"name":"wp","href":"https:\/\/api.w.org\/{rel}","templated":true}]}}