{"id":155795,"date":"2025-03-23T20:14:20","date_gmt":"2025-03-23T23:14:20","guid":{"rendered":"https:\/\/noticiasmercedinas.com\/site\/?p=155795"},"modified":"2025-03-23T20:14:20","modified_gmt":"2025-03-23T23:14:20","slug":"vanesa-siley-critico-la-eliminacion-de-la-moratoria-previsional-y-alerto-sobre-el-futuro-del-sistema-jubilatorio","status":"publish","type":"post","link":"https:\/\/noticiasmercedinas.com\/site\/2025\/03\/23\/vanesa-siley-critico-la-eliminacion-de-la-moratoria-previsional-y-alerto-sobre-el-futuro-del-sistema-jubilatorio\/","title":{"rendered":"Vanesa Siley critic\u00f3 la eliminaci\u00f3n de la moratoria previsional y alert\u00f3 sobre el futuro del sistema jubilatorio"},"content":{"rendered":"<p><img loading=\"lazy\" decoding=\"async\" class=\"alignnone wp-image-155796\" src=\"https:\/\/noticiasmercedinas.com\/site\/wp-content\/uploads\/2025\/03\/Vanesa_Siley-e1742771050506.jpg\" alt=\"\" width=\"640\" height=\"428\" srcset=\"https:\/\/noticiasmercedinas.com\/site\/wp-content\/uploads\/2025\/03\/Vanesa_Siley-e1742771050506.jpg 595w, https:\/\/noticiasmercedinas.com\/site\/wp-content\/uploads\/2025\/03\/Vanesa_Siley-e1742771050506-300x201.jpg 300w, https:\/\/noticiasmercedinas.com\/site\/wp-content\/uploads\/2025\/03\/Vanesa_Siley-e1742771050506-537x360.jpg 537w\" sizes=\"auto, (max-width: 640px) 100vw, 640px\" \/><\/p>\n<p>La diputada nacional <strong>Vanesa Siley<\/strong> advirti\u00f3 sobre las consecuencias de la eliminaci\u00f3n de la moratoria previsional, medida que, seg\u00fan se\u00f1al\u00f3, impedir\u00e1 que la mayor\u00eda de los trabajadores sin 30 a\u00f1os de aportes accedan a la jubilaci\u00f3n.<\/p>\n<p>\u201cA partir de ma\u00f1ana, 9 de cada 10 mujeres y 8 de cada 10 hombres que trabajaron toda su vida pero no tienen aportes suficientes quedar\u00e1n sin su derecho a jubilarse\u201d, expres\u00f3 en sus redes sociales.<\/p>\n<p>Siley explic\u00f3 que, ante esta situaci\u00f3n, la \u00fanica alternativa para quienes no cumplan con los requisitos ser\u00e1 la Pensi\u00f3n Universal para el Adulto Mayor (PUAM), que se otorga a partir de los 65 a\u00f1os y representa el 80% de la jubilaci\u00f3n m\u00ednima.<\/p>\n<p>La legisladora compar\u00f3 esta cifra con el valor de la Canasta B\u00e1sica del Adulto Mayor, que alcanza los $1.200.523, mientras que la jubilaci\u00f3n m\u00ednima, sumando el bono, llega a $355.792.<\/p>\n<p>La diputada tambi\u00e9n responsabiliz\u00f3 a los bloques de La Libertad Avanza, el PRO y la UCR, a quienes acus\u00f3 de bloquear la sesi\u00f3n en la C\u00e1mara de Diputados donde se pretend\u00eda tratar la pr\u00f3rroga de la moratoria y un aumento en las jubilaciones. \u201cPrefirieron firmarle un cheque en blanco al FMI, a Milei y a Luis Caputo, y despu\u00e9s irse a sus casas\u201d, cuestion\u00f3.<\/p>\n<p>Adem\u00e1s, critic\u00f3 el cierre de 64 oficinas de ANSES y el despido de 1.300 trabajadores del organismo, lo que, seg\u00fan indic\u00f3, apunta a desmantelar el sistema jubilatorio y regresar al modelo de AFJP, donde los fondos previsionales eran administrados por entidades privadas.<\/p>\n<p>Finalmente, Siley reafirm\u00f3 su apoyo a los jubilados y destac\u00f3 la lucha de quienes se movilizan cada semana en defensa de sus derechos. \u201cVamos a seguir bancando a los adultos mayores en cada rinc\u00f3n del pa\u00eds\u201d, concluy\u00f3.<\/p>\n<p><img loading=\"lazy\" decoding=\"async\" class=\"alignnone size-full wp-image-155797\" src=\"https:\/\/noticiasmercedinas.com\/site\/wp-content\/uploads\/2025\/03\/480962703_1199986124852195_2634494684527746181_n.jpg\" alt=\"\" width=\"1024\" height=\"1280\" srcset=\"https:\/\/noticiasmercedinas.com\/site\/wp-content\/uploads\/2025\/03\/480962703_1199986124852195_2634494684527746181_n.jpg 1024w, https:\/\/noticiasmercedinas.com\/site\/wp-content\/uploads\/2025\/03\/480962703_1199986124852195_2634494684527746181_n-240x300.jpg 240w, https:\/\/noticiasmercedinas.com\/site\/wp-content\/uploads\/2025\/03\/480962703_1199986124852195_2634494684527746181_n-819x1024.jpg 819w, https:\/\/noticiasmercedinas.com\/site\/wp-content\/uploads\/2025\/03\/480962703_1199986124852195_2634494684527746181_n-768x960.jpg 768w, https:\/\/noticiasmercedinas.com\/site\/wp-content\/uploads\/2025\/03\/480962703_1199986124852195_2634494684527746181_n-640x800.jpg 640w, https:\/\/noticiasmercedinas.com\/site\/wp-content\/uploads\/2025\/03\/480962703_1199986124852195_2634494684527746181_n-681x851.jpg 681w\" sizes=\"auto, (max-width: 1024px) 100vw, 1024px\" \/><\/p>\n","protected":false},"excerpt":{"rendered":"<p>\u25a0 \u201cPrefirieron firmarle un cheque en blanco al FMI, a Milei y a Luis Caputo, y despu\u00e9s irse a sus casas\u201d, cuestion\u00f3. Adem\u00e1s, critic\u00f3 el cierre de 64 oficinas de ANSES y el despido de 1.300 trabajadores<\/p>\n","protected":false},"author":16,"featured_media":155796,"comment_status":"closed","ping_status":"closed","sticky":false,"template":"","format":"standard","meta":{"footnotes":""},"categories":[16],"tags":[626,15980,51],"class_list":["post-155795","post","type-post","status-publish","format-standard","has-post-thumbnail","hentry","category-politica","tag-anses","tag-moratoria-previsional","tag-vanesa-siley"],"yoast_head":"<!-- This site is optimized with the Yoast SEO plugin v27.5 - https:\/\/yoast.com\/product\/yoast-seo-wordpress\/ -->\n<title>Vanesa Siley critic\u00f3 la eliminaci\u00f3n de la moratoria previsional y alert\u00f3 sobre el futuro del sistema jubilatorio<\/title>\n<meta name=\"robots\" content=\"index, follow, max-snippet:-1, max-image-preview:large, max-video-preview:-1\" \/>\n<link rel=\"canonical\" href=\"https:\/\/noticiasmercedinas.com\/site\/2025\/03\/23\/vanesa-siley-critico-la-eliminacion-de-la-moratoria-previsional-y-alerto-sobre-el-futuro-del-sistema-jubilatorio\/\" \/>\n<meta property=\"og:locale\" content=\"es_ES\" \/>\n<meta property=\"og:type\" content=\"article\" \/>\n<meta property=\"og:title\" content=\"Vanesa Siley critic\u00f3 la eliminaci\u00f3n de la moratoria previsional y alert\u00f3 sobre el futuro del sistema jubilatorio\" \/>\n<meta property=\"og:description\" content=\"\u25a0 \u201cPrefirieron firmarle un cheque en blanco al FMI, a Milei y a Luis Caputo, y despu\u00e9s irse a sus casas\u201d, cuestion\u00f3. Adem\u00e1s, critic\u00f3 el cierre de 64 oficinas de ANSES y el despido de 1.300 trabajadores\" \/>\n<meta property=\"og:url\" content=\"https:\/\/noticiasmercedinas.com\/site\/2025\/03\/23\/vanesa-siley-critico-la-eliminacion-de-la-moratoria-previsional-y-alerto-sobre-el-futuro-del-sistema-jubilatorio\/\" \/>\n<meta property=\"og:site_name\" content=\"NOTICIASMERCEDINAS.COM\" \/>\n<meta property=\"article:publisher\" content=\"https:\/\/www.facebook.com\/noticiasmercedinas\/\" \/>\n<meta property=\"article:published_time\" content=\"2025-03-23T23:14:20+00:00\" \/>\n<meta property=\"og:image\" content=\"https:\/\/noticiasmercedinas.com\/site\/wp-content\/uploads\/2025\/03\/Vanesa_Siley-e1742771050506.jpg\" \/>\n\t<meta property=\"og:image:width\" content=\"595\" \/>\n\t<meta property=\"og:image:height\" content=\"398\" \/>\n\t<meta property=\"og:image:type\" content=\"image\/jpeg\" \/>\n<meta name=\"author\" content=\"NOTICIASMERCEDINAS.COM\" \/>\n<meta name=\"twitter:card\" content=\"summary_large_image\" \/>\n<meta name=\"twitter:creator\" content=\"@notmercedinas\" \/>\n<meta name=\"twitter:site\" content=\"@notmercedinas\" \/>\n<meta name=\"twitter:label1\" content=\"Escrito por\" \/>\n\t<meta name=\"twitter:data1\" content=\"NOTICIASMERCEDINAS.COM\" \/>\n\t<meta name=\"twitter:label2\" content=\"Tiempo de lectura\" \/>\n\t<meta name=\"twitter:data2\" content=\"2 minutos\" \/>\n<script type=\"application\/ld+json\" class=\"yoast-schema-graph\">{\"@context\":\"https:\\\/\\\/schema.org\",\"@graph\":[{\"@type\":\"Article\",\"@id\":\"https:\\\/\\\/noticiasmercedinas.com\\\/site\\\/2025\\\/03\\\/23\\\/vanesa-siley-critico-la-eliminacion-de-la-moratoria-previsional-y-alerto-sobre-el-futuro-del-sistema-jubilatorio\\\/#article\",\"isPartOf\":{\"@id\":\"https:\\\/\\\/noticiasmercedinas.com\\\/site\\\/2025\\\/03\\\/23\\\/vanesa-siley-critico-la-eliminacion-de-la-moratoria-previsional-y-alerto-sobre-el-futuro-del-sistema-jubilatorio\\\/\"},\"author\":{\"name\":\"NOTICIASMERCEDINAS.COM\",\"@id\":\"https:\\\/\\\/noticiasmercedinas.com\\\/site\\\/#\\\/schema\\\/person\\\/84b59c099c28ff2e8b77d4ceec5d8063\"},\"headline\":\"Vanesa Siley critic\u00f3 la eliminaci\u00f3n de la moratoria previsional y alert\u00f3 sobre el futuro del sistema jubilatorio\",\"datePublished\":\"2025-03-23T23:14:20+00:00\",\"mainEntityOfPage\":{\"@id\":\"https:\\\/\\\/noticiasmercedinas.com\\\/site\\\/2025\\\/03\\\/23\\\/vanesa-siley-critico-la-eliminacion-de-la-moratoria-previsional-y-alerto-sobre-el-futuro-del-sistema-jubilatorio\\\/\"},\"wordCount\":320,\"publisher\":{\"@id\":\"https:\\\/\\\/noticiasmercedinas.com\\\/site\\\/#organization\"},\"image\":{\"@id\":\"https:\\\/\\\/noticiasmercedinas.com\\\/site\\\/2025\\\/03\\\/23\\\/vanesa-siley-critico-la-eliminacion-de-la-moratoria-previsional-y-alerto-sobre-el-futuro-del-sistema-jubilatorio\\\/#primaryimage\"},\"thumbnailUrl\":\"https:\\\/\\\/noticiasmercedinas.com\\\/site\\\/wp-content\\\/uploads\\\/2025\\\/03\\\/Vanesa_Siley-e1742771050506.jpg\",\"keywords\":[\"anses\",\"moratoria previsional\",\"vanesa siley\"],\"articleSection\":[\"Politica\"],\"inLanguage\":\"es\"},{\"@type\":\"WebPage\",\"@id\":\"https:\\\/\\\/noticiasmercedinas.com\\\/site\\\/2025\\\/03\\\/23\\\/vanesa-siley-critico-la-eliminacion-de-la-moratoria-previsional-y-alerto-sobre-el-futuro-del-sistema-jubilatorio\\\/\",\"url\":\"https:\\\/\\\/noticiasmercedinas.com\\\/site\\\/2025\\\/03\\\/23\\\/vanesa-siley-critico-la-eliminacion-de-la-moratoria-previsional-y-alerto-sobre-el-futuro-del-sistema-jubilatorio\\\/\",\"name\":\"Vanesa Siley critic\u00f3 la eliminaci\u00f3n de la moratoria previsional y alert\u00f3 sobre el futuro del sistema jubilatorio\",\"isPartOf\":{\"@id\":\"https:\\\/\\\/noticiasmercedinas.com\\\/site\\\/#website\"},\"primaryImageOfPage\":{\"@id\":\"https:\\\/\\\/noticiasmercedinas.com\\\/site\\\/2025\\\/03\\\/23\\\/vanesa-siley-critico-la-eliminacion-de-la-moratoria-previsional-y-alerto-sobre-el-futuro-del-sistema-jubilatorio\\\/#primaryimage\"},\"image\":{\"@id\":\"https:\\\/\\\/noticiasmercedinas.com\\\/site\\\/2025\\\/03\\\/23\\\/vanesa-siley-critico-la-eliminacion-de-la-moratoria-previsional-y-alerto-sobre-el-futuro-del-sistema-jubilatorio\\\/#primaryimage\"},\"thumbnailUrl\":\"https:\\\/\\\/noticiasmercedinas.com\\\/site\\\/wp-content\\\/uploads\\\/2025\\\/03\\\/Vanesa_Siley-e1742771050506.jpg\",\"datePublished\":\"2025-03-23T23:14:20+00:00\",\"breadcrumb\":{\"@id\":\"https:\\\/\\\/noticiasmercedinas.com\\\/site\\\/2025\\\/03\\\/23\\\/vanesa-siley-critico-la-eliminacion-de-la-moratoria-previsional-y-alerto-sobre-el-futuro-del-sistema-jubilatorio\\\/#breadcrumb\"},\"inLanguage\":\"es\",\"potentialAction\":[{\"@type\":\"ReadAction\",\"target\":[\"https:\\\/\\\/noticiasmercedinas.com\\\/site\\\/2025\\\/03\\\/23\\\/vanesa-siley-critico-la-eliminacion-de-la-moratoria-previsional-y-alerto-sobre-el-futuro-del-sistema-jubilatorio\\\/\"]}]},{\"@type\":\"ImageObject\",\"inLanguage\":\"es\",\"@id\":\"https:\\\/\\\/noticiasmercedinas.com\\\/site\\\/2025\\\/03\\\/23\\\/vanesa-siley-critico-la-eliminacion-de-la-moratoria-previsional-y-alerto-sobre-el-futuro-del-sistema-jubilatorio\\\/#primaryimage\",\"url\":\"https:\\\/\\\/noticiasmercedinas.com\\\/site\\\/wp-content\\\/uploads\\\/2025\\\/03\\\/Vanesa_Siley-e1742771050506.jpg\",\"contentUrl\":\"https:\\\/\\\/noticiasmercedinas.com\\\/site\\\/wp-content\\\/uploads\\\/2025\\\/03\\\/Vanesa_Siley-e1742771050506.jpg\",\"width\":595,\"height\":398},{\"@type\":\"BreadcrumbList\",\"@id\":\"https:\\\/\\\/noticiasmercedinas.com\\\/site\\\/2025\\\/03\\\/23\\\/vanesa-siley-critico-la-eliminacion-de-la-moratoria-previsional-y-alerto-sobre-el-futuro-del-sistema-jubilatorio\\\/#breadcrumb\",\"itemListElement\":[{\"@type\":\"ListItem\",\"position\":1,\"name\":\"Portada\",\"item\":\"https:\\\/\\\/noticiasmercedinas.com\\\/site\\\/\"},{\"@type\":\"ListItem\",\"position\":2,\"name\":\"Vanesa Siley critic\u00f3 la eliminaci\u00f3n de la moratoria previsional y alert\u00f3 sobre el futuro del sistema jubilatorio\"}]},{\"@type\":\"WebSite\",\"@id\":\"https:\\\/\\\/noticiasmercedinas.com\\\/site\\\/#website\",\"url\":\"https:\\\/\\\/noticiasmercedinas.com\\\/site\\\/\",\"name\":\"NOTICIASMERCEDINAS.COM\",\"description\":\"Mercedes, Buenos Aires, Argentina\",\"publisher\":{\"@id\":\"https:\\\/\\\/noticiasmercedinas.com\\\/site\\\/#organization\"},\"potentialAction\":[{\"@type\":\"SearchAction\",\"target\":{\"@type\":\"EntryPoint\",\"urlTemplate\":\"https:\\\/\\\/noticiasmercedinas.com\\\/site\\\/?s={search_term_string}\"},\"query-input\":{\"@type\":\"PropertyValueSpecification\",\"valueRequired\":true,\"valueName\":\"search_term_string\"}}],\"inLanguage\":\"es\"},{\"@type\":\"Organization\",\"@id\":\"https:\\\/\\\/noticiasmercedinas.com\\\/site\\\/#organization\",\"name\":\"NOTICIASMERCEDINAS.COM\",\"url\":\"https:\\\/\\\/noticiasmercedinas.com\\\/site\\\/\",\"logo\":{\"@type\":\"ImageObject\",\"inLanguage\":\"es\",\"@id\":\"https:\\\/\\\/noticiasmercedinas.com\\\/site\\\/#\\\/schema\\\/logo\\\/image\\\/\",\"url\":\"https:\\\/\\\/noticiasmercedinas.com\\\/site\\\/wp-content\\\/uploads\\\/2020\\\/06\\\/LOGO-512.jpg\",\"contentUrl\":\"https:\\\/\\\/noticiasmercedinas.com\\\/site\\\/wp-content\\\/uploads\\\/2020\\\/06\\\/LOGO-512.jpg\",\"width\":512,\"height\":512,\"caption\":\"NOTICIASMERCEDINAS.COM\"},\"image\":{\"@id\":\"https:\\\/\\\/noticiasmercedinas.com\\\/site\\\/#\\\/schema\\\/logo\\\/image\\\/\"},\"sameAs\":[\"https:\\\/\\\/www.facebook.com\\\/noticiasmercedinas\\\/\",\"https:\\\/\\\/x.com\\\/notmercedinas\",\"https:\\\/\\\/www.instagram.com\\\/noticiasmercedinas\\\/\"]},{\"@type\":\"Person\",\"@id\":\"https:\\\/\\\/noticiasmercedinas.com\\\/site\\\/#\\\/schema\\\/person\\\/84b59c099c28ff2e8b77d4ceec5d8063\",\"name\":\"NOTICIASMERCEDINAS.COM\",\"image\":{\"@type\":\"ImageObject\",\"inLanguage\":\"es\",\"@id\":\"https:\\\/\\\/secure.gravatar.com\\\/avatar\\\/4dfbf16b4d17945bfb6341b2d19043457132fcf478a5ee04f42e959fd8f5df0a?s=96&d=mm&r=g\",\"url\":\"https:\\\/\\\/secure.gravatar.com\\\/avatar\\\/4dfbf16b4d17945bfb6341b2d19043457132fcf478a5ee04f42e959fd8f5df0a?s=96&d=mm&r=g\",\"contentUrl\":\"https:\\\/\\\/secure.gravatar.com\\\/avatar\\\/4dfbf16b4d17945bfb6341b2d19043457132fcf478a5ee04f42e959fd8f5df0a?s=96&d=mm&r=g\",\"caption\":\"NOTICIASMERCEDINAS.COM\"},\"url\":\"https:\\\/\\\/noticiasmercedinas.com\\\/site\\\/author\\\/anonimo\\\/\"}]}<\/script>\n<!-- \/ Yoast SEO plugin. -->","yoast_head_json":{"title":"Vanesa Siley critic\u00f3 la eliminaci\u00f3n de la moratoria previsional y alert\u00f3 sobre el futuro del sistema jubilatorio","robots":{"index":"index","follow":"follow","max-snippet":"max-snippet:-1","max-image-preview":"max-image-preview:large","max-video-preview":"max-video-preview:-1"},"canonical":"https:\/\/noticiasmercedinas.com\/site\/2025\/03\/23\/vanesa-siley-critico-la-eliminacion-de-la-moratoria-previsional-y-alerto-sobre-el-futuro-del-sistema-jubilatorio\/","og_locale":"es_ES","og_type":"article","og_title":"Vanesa Siley critic\u00f3 la eliminaci\u00f3n de la moratoria previsional y alert\u00f3 sobre el futuro del sistema jubilatorio","og_description":"\u25a0 \u201cPrefirieron firmarle un cheque en blanco al FMI, a Milei y a Luis Caputo, y despu\u00e9s irse a sus casas\u201d, cuestion\u00f3. Adem\u00e1s, critic\u00f3 el cierre de 64 oficinas de ANSES y el despido de 1.300 trabajadores","og_url":"https:\/\/noticiasmercedinas.com\/site\/2025\/03\/23\/vanesa-siley-critico-la-eliminacion-de-la-moratoria-previsional-y-alerto-sobre-el-futuro-del-sistema-jubilatorio\/","og_site_name":"NOTICIASMERCEDINAS.COM","article_publisher":"https:\/\/www.facebook.com\/noticiasmercedinas\/","article_published_time":"2025-03-23T23:14:20+00:00","og_image":[{"width":595,"height":398,"url":"https:\/\/noticiasmercedinas.com\/site\/wp-content\/uploads\/2025\/03\/Vanesa_Siley-e1742771050506.jpg","type":"image\/jpeg"}],"author":"NOTICIASMERCEDINAS.COM","twitter_card":"summary_large_image","twitter_creator":"@notmercedinas","twitter_site":"@notmercedinas","twitter_misc":{"Escrito por":"NOTICIASMERCEDINAS.COM","Tiempo de lectura":"2 minutos"},"schema":{"@context":"https:\/\/schema.org","@graph":[{"@type":"Article","@id":"https:\/\/noticiasmercedinas.com\/site\/2025\/03\/23\/vanesa-siley-critico-la-eliminacion-de-la-moratoria-previsional-y-alerto-sobre-el-futuro-del-sistema-jubilatorio\/#article","isPartOf":{"@id":"https:\/\/noticiasmercedinas.com\/site\/2025\/03\/23\/vanesa-siley-critico-la-eliminacion-de-la-moratoria-previsional-y-alerto-sobre-el-futuro-del-sistema-jubilatorio\/"},"author":{"name":"NOTICIASMERCEDINAS.COM","@id":"https:\/\/noticiasmercedinas.com\/site\/#\/schema\/person\/84b59c099c28ff2e8b77d4ceec5d8063"},"headline":"Vanesa Siley critic\u00f3 la eliminaci\u00f3n de la moratoria previsional y alert\u00f3 sobre el futuro del sistema jubilatorio","datePublished":"2025-03-23T23:14:20+00:00","mainEntityOfPage":{"@id":"https:\/\/noticiasmercedinas.com\/site\/2025\/03\/23\/vanesa-siley-critico-la-eliminacion-de-la-moratoria-previsional-y-alerto-sobre-el-futuro-del-sistema-jubilatorio\/"},"wordCount":320,"publisher":{"@id":"https:\/\/noticiasmercedinas.com\/site\/#organization"},"image":{"@id":"https:\/\/noticiasmercedinas.com\/site\/2025\/03\/23\/vanesa-siley-critico-la-eliminacion-de-la-moratoria-previsional-y-alerto-sobre-el-futuro-del-sistema-jubilatorio\/#primaryimage"},"thumbnailUrl":"https:\/\/noticiasmercedinas.com\/site\/wp-content\/uploads\/2025\/03\/Vanesa_Siley-e1742771050506.jpg","keywords":["anses","moratoria previsional","vanesa siley"],"articleSection":["Politica"],"inLanguage":"es"},{"@type":"WebPage","@id":"https:\/\/noticiasmercedinas.com\/site\/2025\/03\/23\/vanesa-siley-critico-la-eliminacion-de-la-moratoria-previsional-y-alerto-sobre-el-futuro-del-sistema-jubilatorio\/","url":"https:\/\/noticiasmercedinas.com\/site\/2025\/03\/23\/vanesa-siley-critico-la-eliminacion-de-la-moratoria-previsional-y-alerto-sobre-el-futuro-del-sistema-jubilatorio\/","name":"Vanesa Siley critic\u00f3 la eliminaci\u00f3n de la moratoria previsional y alert\u00f3 sobre el futuro del sistema jubilatorio","isPartOf":{"@id":"https:\/\/noticiasmercedinas.com\/site\/#website"},"primaryImageOfPage":{"@id":"https:\/\/noticiasmercedinas.com\/site\/2025\/03\/23\/vanesa-siley-critico-la-eliminacion-de-la-moratoria-previsional-y-alerto-sobre-el-futuro-del-sistema-jubilatorio\/#primaryimage"},"image":{"@id":"https:\/\/noticiasmercedinas.com\/site\/2025\/03\/23\/vanesa-siley-critico-la-eliminacion-de-la-moratoria-previsional-y-alerto-sobre-el-futuro-del-sistema-jubilatorio\/#primaryimage"},"thumbnailUrl":"https:\/\/noticiasmercedinas.com\/site\/wp-content\/uploads\/2025\/03\/Vanesa_Siley-e1742771050506.jpg","datePublished":"2025-03-23T23:14:20+00:00","breadcrumb":{"@id":"https:\/\/noticiasmercedinas.com\/site\/2025\/03\/23\/vanesa-siley-critico-la-eliminacion-de-la-moratoria-previsional-y-alerto-sobre-el-futuro-del-sistema-jubilatorio\/#breadcrumb"},"inLanguage":"es","potentialAction":[{"@type":"ReadAction","target":["https:\/\/noticiasmercedinas.com\/site\/2025\/03\/23\/vanesa-siley-critico-la-eliminacion-de-la-moratoria-previsional-y-alerto-sobre-el-futuro-del-sistema-jubilatorio\/"]}]},{"@type":"ImageObject","inLanguage":"es","@id":"https:\/\/noticiasmercedinas.com\/site\/2025\/03\/23\/vanesa-siley-critico-la-eliminacion-de-la-moratoria-previsional-y-alerto-sobre-el-futuro-del-sistema-jubilatorio\/#primaryimage","url":"https:\/\/noticiasmercedinas.com\/site\/wp-content\/uploads\/2025\/03\/Vanesa_Siley-e1742771050506.jpg","contentUrl":"https:\/\/noticiasmercedinas.com\/site\/wp-content\/uploads\/2025\/03\/Vanesa_Siley-e1742771050506.jpg","width":595,"height":398},{"@type":"BreadcrumbList","@id":"https:\/\/noticiasmercedinas.com\/site\/2025\/03\/23\/vanesa-siley-critico-la-eliminacion-de-la-moratoria-previsional-y-alerto-sobre-el-futuro-del-sistema-jubilatorio\/#breadcrumb","itemListElement":[{"@type":"ListItem","position":1,"name":"Portada","item":"https:\/\/noticiasmercedinas.com\/site\/"},{"@type":"ListItem","position":2,"name":"Vanesa Siley critic\u00f3 la eliminaci\u00f3n de la moratoria previsional y alert\u00f3 sobre el futuro del sistema jubilatorio"}]},{"@type":"WebSite","@id":"https:\/\/noticiasmercedinas.com\/site\/#website","url":"https:\/\/noticiasmercedinas.com\/site\/","name":"NOTICIASMERCEDINAS.COM","description":"Mercedes, Buenos Aires, Argentina","publisher":{"@id":"https:\/\/noticiasmercedinas.com\/site\/#organization"},"potentialAction":[{"@type":"SearchAction","target":{"@type":"EntryPoint","urlTemplate":"https:\/\/noticiasmercedinas.com\/site\/?s={search_term_string}"},"query-input":{"@type":"PropertyValueSpecification","valueRequired":true,"valueName":"search_term_string"}}],"inLanguage":"es"},{"@type":"Organization","@id":"https:\/\/noticiasmercedinas.com\/site\/#organization","name":"NOTICIASMERCEDINAS.COM","url":"https:\/\/noticiasmercedinas.com\/site\/","logo":{"@type":"ImageObject","inLanguage":"es","@id":"https:\/\/noticiasmercedinas.com\/site\/#\/schema\/logo\/image\/","url":"https:\/\/noticiasmercedinas.com\/site\/wp-content\/uploads\/2020\/06\/LOGO-512.jpg","contentUrl":"https:\/\/noticiasmercedinas.com\/site\/wp-content\/uploads\/2020\/06\/LOGO-512.jpg","width":512,"height":512,"caption":"NOTICIASMERCEDINAS.COM"},"image":{"@id":"https:\/\/noticiasmercedinas.com\/site\/#\/schema\/logo\/image\/"},"sameAs":["https:\/\/www.facebook.com\/noticiasmercedinas\/","https:\/\/x.com\/notmercedinas","https:\/\/www.instagram.com\/noticiasmercedinas\/"]},{"@type":"Person","@id":"https:\/\/noticiasmercedinas.com\/site\/#\/schema\/person\/84b59c099c28ff2e8b77d4ceec5d8063","name":"NOTICIASMERCEDINAS.COM","image":{"@type":"ImageObject","inLanguage":"es","@id":"https:\/\/secure.gravatar.com\/avatar\/4dfbf16b4d17945bfb6341b2d19043457132fcf478a5ee04f42e959fd8f5df0a?s=96&d=mm&r=g","url":"https:\/\/secure.gravatar.com\/avatar\/4dfbf16b4d17945bfb6341b2d19043457132fcf478a5ee04f42e959fd8f5df0a?s=96&d=mm&r=g","contentUrl":"https:\/\/secure.gravatar.com\/avatar\/4dfbf16b4d17945bfb6341b2d19043457132fcf478a5ee04f42e959fd8f5df0a?s=96&d=mm&r=g","caption":"NOTICIASMERCEDINAS.COM"},"url":"https:\/\/noticiasmercedinas.com\/site\/author\/anonimo\/"}]}},"amp_enabled":true,"_links":{"self":[{"href":"https:\/\/noticiasmercedinas.com\/site\/wp-json\/wp\/v2\/posts\/155795","targetHints":{"allow":["GET"]}}],"collection":[{"href":"https:\/\/noticiasmercedinas.com\/site\/wp-json\/wp\/v2\/posts"}],"about":[{"href":"https:\/\/noticiasmercedinas.com\/site\/wp-json\/wp\/v2\/types\/post"}],"author":[{"embeddable":true,"href":"https:\/\/noticiasmercedinas.com\/site\/wp-json\/wp\/v2\/users\/16"}],"replies":[{"embeddable":true,"href":"https:\/\/noticiasmercedinas.com\/site\/wp-json\/wp\/v2\/comments?post=155795"}],"version-history":[{"count":1,"href":"https:\/\/noticiasmercedinas.com\/site\/wp-json\/wp\/v2\/posts\/155795\/revisions"}],"predecessor-version":[{"id":155798,"href":"https:\/\/noticiasmercedinas.com\/site\/wp-json\/wp\/v2\/posts\/155795\/revisions\/155798"}],"wp:featuredmedia":[{"embeddable":true,"href":"https:\/\/noticiasmercedinas.com\/site\/wp-json\/wp\/v2\/media\/155796"}],"wp:attachment":[{"href":"https:\/\/noticiasmercedinas.com\/site\/wp-json\/wp\/v2\/media?parent=155795"}],"wp:term":[{"taxonomy":"category","embeddable":true,"href":"https:\/\/noticiasmercedinas.com\/site\/wp-json\/wp\/v2\/categories?post=155795"},{"taxonomy":"post_tag","embeddable":true,"href":"https:\/\/noticiasmercedinas.com\/site\/wp-json\/wp\/v2\/tags?post=155795"}],"curies":[{"name":"wp","href":"https:\/\/api.w.org\/{rel}","templated":true}]}}