{"id":155992,"date":"2025-03-26T19:57:51","date_gmt":"2025-03-26T22:57:51","guid":{"rendered":"https:\/\/noticiasmercedinas.com\/site\/?p=155992"},"modified":"2025-03-26T19:57:51","modified_gmt":"2025-03-26T22:57:51","slug":"intendente-juan-ustarroz-participo-del-lanzamiento-de-un-nuevo-fondo-de-seguridad","status":"publish","type":"post","link":"https:\/\/noticiasmercedinas.com\/site\/2025\/03\/26\/intendente-juan-ustarroz-participo-del-lanzamiento-de-un-nuevo-fondo-de-seguridad\/","title":{"rendered":"Intendente Juan Ustarroz particip\u00f3 del lanzamiento de un nuevo fondo de seguridad"},"content":{"rendered":"<p><img loading=\"lazy\" decoding=\"async\" class=\"alignnone size-full wp-image-155993\" src=\"https:\/\/noticiasmercedinas.com\/site\/wp-content\/uploads\/2025\/03\/77A84832.jpeg\" alt=\"\" width=\"743\" height=\"530\" srcset=\"https:\/\/noticiasmercedinas.com\/site\/wp-content\/uploads\/2025\/03\/77A84832.jpeg 743w, https:\/\/noticiasmercedinas.com\/site\/wp-content\/uploads\/2025\/03\/77A84832-300x214.jpeg 300w, https:\/\/noticiasmercedinas.com\/site\/wp-content\/uploads\/2025\/03\/77A84832-640x457.jpeg 640w, https:\/\/noticiasmercedinas.com\/site\/wp-content\/uploads\/2025\/03\/77A84832-681x486.jpeg 681w\" sizes=\"auto, (max-width: 743px) 100vw, 743px\" \/><\/p>\n<p>El intendente de Mercedes, Juan Ustarroz, estuvo presente en la Escuela de Polic\u00eda \u00abJuan Vucetich\u00bb de Berazategui, donde el gobernador de la provincia de Buenos Aires, Axel Kicillof, encabez\u00f3 la firma de convenios del nuevo Fondo de Fortalecimiento de la Seguridad. La medida busca reforzar el equipamiento policial y la infraestructura en los 135 distritos bonaerenses.<\/p>\n<p>Durante el acto, Kicillof explic\u00f3 que este fondo es una respuesta a la p\u00e9rdida de recursos provinciales tras la decisi\u00f3n del Gobierno nacional de eliminar un fondo de $750.000 millones destinado a la seguridad. \u00abNo hay recetas milagrosas para resolver la inseguridad, sino inversi\u00f3n y trabajo diario\u00bb, se\u00f1al\u00f3 el mandatario provincial.<\/p>\n<p>El Plan Integral de Seguridad Bonaerense contempla una inversi\u00f3n de $170.000 millones, incluyendo la adquisici\u00f3n de 750 patrulleros y el otorgamiento de $70.000 millones para que los municipios con m\u00e1s de 70.000 habitantes puedan destinarlo a la compra de veh\u00edculos, infraestructura y equipamiento policial.<\/p>\n<p>Ustarroz, junto a otros m\u00e1s de 100 intendentes, firm\u00f3 el convenio que permitir\u00e1 que Mercedes acceda a estos recursos.<\/p>\n<p>En la jornada tambi\u00e9n se tom\u00f3 juramento a 1.100 cadetes que se incorporan a la Polic\u00eda de la Provincia de Buenos Aires. Participaron del evento funcionarios provinciales, el ministro de Seguridad, Javier Alonso, y autoridades policiales.<\/p>\n","protected":false},"excerpt":{"rendered":"<p>\u25a0 El jefe comunal de Mercedes acompa\u00f1\u00f3 al gobernador Axel Kicillof en la presentaci\u00f3n del Plan Integral de Seguridad Bonaerense, que destinar\u00e1 recursos para equipamiento policial y patrulleros en los municipios.<\/p>\n","protected":false},"author":16,"featured_media":155993,"comment_status":"closed","ping_status":"closed","sticky":false,"template":"","format":"standard","meta":{"footnotes":""},"categories":[16],"tags":[5297,9439,47],"class_list":["post-155992","post","type-post","status-publish","format-standard","has-post-thumbnail","hentry","category-politica","tag-axel-kicillof","tag-juan-igancio-ustarroz","tag-seguridad"],"yoast_head":"<!-- This site is optimized with the Yoast SEO plugin v27.5 - https:\/\/yoast.com\/product\/yoast-seo-wordpress\/ -->\n<title>Intendente Juan Ustarroz particip\u00f3 del lanzamiento de un nuevo fondo de seguridad<\/title>\n<meta name=\"robots\" content=\"index, follow, max-snippet:-1, max-image-preview:large, max-video-preview:-1\" \/>\n<link rel=\"canonical\" href=\"https:\/\/noticiasmercedinas.com\/site\/2025\/03\/26\/intendente-juan-ustarroz-participo-del-lanzamiento-de-un-nuevo-fondo-de-seguridad\/\" \/>\n<meta property=\"og:locale\" content=\"es_ES\" \/>\n<meta property=\"og:type\" content=\"article\" \/>\n<meta property=\"og:title\" content=\"Intendente Juan Ustarroz particip\u00f3 del lanzamiento de un nuevo fondo de seguridad\" \/>\n<meta property=\"og:description\" content=\"\u25a0 El jefe comunal de Mercedes acompa\u00f1\u00f3 al gobernador Axel Kicillof en la presentaci\u00f3n del Plan Integral de Seguridad Bonaerense, que destinar\u00e1 recursos para equipamiento policial y patrulleros en los municipios.\" \/>\n<meta property=\"og:url\" content=\"https:\/\/noticiasmercedinas.com\/site\/2025\/03\/26\/intendente-juan-ustarroz-participo-del-lanzamiento-de-un-nuevo-fondo-de-seguridad\/\" \/>\n<meta property=\"og:site_name\" content=\"NOTICIASMERCEDINAS.COM\" \/>\n<meta property=\"article:publisher\" content=\"https:\/\/www.facebook.com\/noticiasmercedinas\/\" \/>\n<meta property=\"article:published_time\" content=\"2025-03-26T22:57:51+00:00\" \/>\n<meta property=\"og:image\" content=\"https:\/\/noticiasmercedinas.com\/site\/wp-content\/uploads\/2025\/03\/77A84832.jpeg\" \/>\n\t<meta property=\"og:image:width\" content=\"743\" \/>\n\t<meta property=\"og:image:height\" content=\"530\" \/>\n\t<meta property=\"og:image:type\" content=\"image\/jpeg\" \/>\n<meta name=\"author\" content=\"NOTICIASMERCEDINAS.COM\" \/>\n<meta name=\"twitter:card\" content=\"summary_large_image\" \/>\n<meta name=\"twitter:creator\" content=\"@notmercedinas\" \/>\n<meta name=\"twitter:site\" content=\"@notmercedinas\" \/>\n<meta name=\"twitter:label1\" content=\"Escrito por\" \/>\n\t<meta name=\"twitter:data1\" content=\"NOTICIASMERCEDINAS.COM\" \/>\n\t<meta name=\"twitter:label2\" content=\"Tiempo de lectura\" \/>\n\t<meta name=\"twitter:data2\" content=\"1 minuto\" \/>\n<script type=\"application\/ld+json\" class=\"yoast-schema-graph\">{\"@context\":\"https:\\\/\\\/schema.org\",\"@graph\":[{\"@type\":\"Article\",\"@id\":\"https:\\\/\\\/noticiasmercedinas.com\\\/site\\\/2025\\\/03\\\/26\\\/intendente-juan-ustarroz-participo-del-lanzamiento-de-un-nuevo-fondo-de-seguridad\\\/#article\",\"isPartOf\":{\"@id\":\"https:\\\/\\\/noticiasmercedinas.com\\\/site\\\/2025\\\/03\\\/26\\\/intendente-juan-ustarroz-participo-del-lanzamiento-de-un-nuevo-fondo-de-seguridad\\\/\"},\"author\":{\"name\":\"NOTICIASMERCEDINAS.COM\",\"@id\":\"https:\\\/\\\/noticiasmercedinas.com\\\/site\\\/#\\\/schema\\\/person\\\/84b59c099c28ff2e8b77d4ceec5d8063\"},\"headline\":\"Intendente Juan Ustarroz particip\u00f3 del lanzamiento de un nuevo fondo de seguridad\",\"datePublished\":\"2025-03-26T22:57:51+00:00\",\"mainEntityOfPage\":{\"@id\":\"https:\\\/\\\/noticiasmercedinas.com\\\/site\\\/2025\\\/03\\\/26\\\/intendente-juan-ustarroz-participo-del-lanzamiento-de-un-nuevo-fondo-de-seguridad\\\/\"},\"wordCount\":222,\"publisher\":{\"@id\":\"https:\\\/\\\/noticiasmercedinas.com\\\/site\\\/#organization\"},\"image\":{\"@id\":\"https:\\\/\\\/noticiasmercedinas.com\\\/site\\\/2025\\\/03\\\/26\\\/intendente-juan-ustarroz-participo-del-lanzamiento-de-un-nuevo-fondo-de-seguridad\\\/#primaryimage\"},\"thumbnailUrl\":\"https:\\\/\\\/noticiasmercedinas.com\\\/site\\\/wp-content\\\/uploads\\\/2025\\\/03\\\/77A84832.jpeg\",\"keywords\":[\"axel kicillof\",\"juan igancio ustarroz\",\"seguridad\"],\"articleSection\":[\"Politica\"],\"inLanguage\":\"es\"},{\"@type\":\"WebPage\",\"@id\":\"https:\\\/\\\/noticiasmercedinas.com\\\/site\\\/2025\\\/03\\\/26\\\/intendente-juan-ustarroz-participo-del-lanzamiento-de-un-nuevo-fondo-de-seguridad\\\/\",\"url\":\"https:\\\/\\\/noticiasmercedinas.com\\\/site\\\/2025\\\/03\\\/26\\\/intendente-juan-ustarroz-participo-del-lanzamiento-de-un-nuevo-fondo-de-seguridad\\\/\",\"name\":\"Intendente Juan Ustarroz particip\u00f3 del lanzamiento de un nuevo fondo de seguridad\",\"isPartOf\":{\"@id\":\"https:\\\/\\\/noticiasmercedinas.com\\\/site\\\/#website\"},\"primaryImageOfPage\":{\"@id\":\"https:\\\/\\\/noticiasmercedinas.com\\\/site\\\/2025\\\/03\\\/26\\\/intendente-juan-ustarroz-participo-del-lanzamiento-de-un-nuevo-fondo-de-seguridad\\\/#primaryimage\"},\"image\":{\"@id\":\"https:\\\/\\\/noticiasmercedinas.com\\\/site\\\/2025\\\/03\\\/26\\\/intendente-juan-ustarroz-participo-del-lanzamiento-de-un-nuevo-fondo-de-seguridad\\\/#primaryimage\"},\"thumbnailUrl\":\"https:\\\/\\\/noticiasmercedinas.com\\\/site\\\/wp-content\\\/uploads\\\/2025\\\/03\\\/77A84832.jpeg\",\"datePublished\":\"2025-03-26T22:57:51+00:00\",\"breadcrumb\":{\"@id\":\"https:\\\/\\\/noticiasmercedinas.com\\\/site\\\/2025\\\/03\\\/26\\\/intendente-juan-ustarroz-participo-del-lanzamiento-de-un-nuevo-fondo-de-seguridad\\\/#breadcrumb\"},\"inLanguage\":\"es\",\"potentialAction\":[{\"@type\":\"ReadAction\",\"target\":[\"https:\\\/\\\/noticiasmercedinas.com\\\/site\\\/2025\\\/03\\\/26\\\/intendente-juan-ustarroz-participo-del-lanzamiento-de-un-nuevo-fondo-de-seguridad\\\/\"]}]},{\"@type\":\"ImageObject\",\"inLanguage\":\"es\",\"@id\":\"https:\\\/\\\/noticiasmercedinas.com\\\/site\\\/2025\\\/03\\\/26\\\/intendente-juan-ustarroz-participo-del-lanzamiento-de-un-nuevo-fondo-de-seguridad\\\/#primaryimage\",\"url\":\"https:\\\/\\\/noticiasmercedinas.com\\\/site\\\/wp-content\\\/uploads\\\/2025\\\/03\\\/77A84832.jpeg\",\"contentUrl\":\"https:\\\/\\\/noticiasmercedinas.com\\\/site\\\/wp-content\\\/uploads\\\/2025\\\/03\\\/77A84832.jpeg\",\"width\":743,\"height\":530},{\"@type\":\"BreadcrumbList\",\"@id\":\"https:\\\/\\\/noticiasmercedinas.com\\\/site\\\/2025\\\/03\\\/26\\\/intendente-juan-ustarroz-participo-del-lanzamiento-de-un-nuevo-fondo-de-seguridad\\\/#breadcrumb\",\"itemListElement\":[{\"@type\":\"ListItem\",\"position\":1,\"name\":\"Portada\",\"item\":\"https:\\\/\\\/noticiasmercedinas.com\\\/site\\\/\"},{\"@type\":\"ListItem\",\"position\":2,\"name\":\"Intendente Juan Ustarroz particip\u00f3 del lanzamiento de un nuevo fondo de seguridad\"}]},{\"@type\":\"WebSite\",\"@id\":\"https:\\\/\\\/noticiasmercedinas.com\\\/site\\\/#website\",\"url\":\"https:\\\/\\\/noticiasmercedinas.com\\\/site\\\/\",\"name\":\"NOTICIASMERCEDINAS.COM\",\"description\":\"Mercedes, Buenos Aires, Argentina\",\"publisher\":{\"@id\":\"https:\\\/\\\/noticiasmercedinas.com\\\/site\\\/#organization\"},\"potentialAction\":[{\"@type\":\"SearchAction\",\"target\":{\"@type\":\"EntryPoint\",\"urlTemplate\":\"https:\\\/\\\/noticiasmercedinas.com\\\/site\\\/?s={search_term_string}\"},\"query-input\":{\"@type\":\"PropertyValueSpecification\",\"valueRequired\":true,\"valueName\":\"search_term_string\"}}],\"inLanguage\":\"es\"},{\"@type\":\"Organization\",\"@id\":\"https:\\\/\\\/noticiasmercedinas.com\\\/site\\\/#organization\",\"name\":\"NOTICIASMERCEDINAS.COM\",\"url\":\"https:\\\/\\\/noticiasmercedinas.com\\\/site\\\/\",\"logo\":{\"@type\":\"ImageObject\",\"inLanguage\":\"es\",\"@id\":\"https:\\\/\\\/noticiasmercedinas.com\\\/site\\\/#\\\/schema\\\/logo\\\/image\\\/\",\"url\":\"https:\\\/\\\/noticiasmercedinas.com\\\/site\\\/wp-content\\\/uploads\\\/2020\\\/06\\\/LOGO-512.jpg\",\"contentUrl\":\"https:\\\/\\\/noticiasmercedinas.com\\\/site\\\/wp-content\\\/uploads\\\/2020\\\/06\\\/LOGO-512.jpg\",\"width\":512,\"height\":512,\"caption\":\"NOTICIASMERCEDINAS.COM\"},\"image\":{\"@id\":\"https:\\\/\\\/noticiasmercedinas.com\\\/site\\\/#\\\/schema\\\/logo\\\/image\\\/\"},\"sameAs\":[\"https:\\\/\\\/www.facebook.com\\\/noticiasmercedinas\\\/\",\"https:\\\/\\\/x.com\\\/notmercedinas\",\"https:\\\/\\\/www.instagram.com\\\/noticiasmercedinas\\\/\"]},{\"@type\":\"Person\",\"@id\":\"https:\\\/\\\/noticiasmercedinas.com\\\/site\\\/#\\\/schema\\\/person\\\/84b59c099c28ff2e8b77d4ceec5d8063\",\"name\":\"NOTICIASMERCEDINAS.COM\",\"image\":{\"@type\":\"ImageObject\",\"inLanguage\":\"es\",\"@id\":\"https:\\\/\\\/secure.gravatar.com\\\/avatar\\\/4dfbf16b4d17945bfb6341b2d19043457132fcf478a5ee04f42e959fd8f5df0a?s=96&d=mm&r=g\",\"url\":\"https:\\\/\\\/secure.gravatar.com\\\/avatar\\\/4dfbf16b4d17945bfb6341b2d19043457132fcf478a5ee04f42e959fd8f5df0a?s=96&d=mm&r=g\",\"contentUrl\":\"https:\\\/\\\/secure.gravatar.com\\\/avatar\\\/4dfbf16b4d17945bfb6341b2d19043457132fcf478a5ee04f42e959fd8f5df0a?s=96&d=mm&r=g\",\"caption\":\"NOTICIASMERCEDINAS.COM\"},\"url\":\"https:\\\/\\\/noticiasmercedinas.com\\\/site\\\/author\\\/anonimo\\\/\"}]}<\/script>\n<!-- \/ Yoast SEO plugin. -->","yoast_head_json":{"title":"Intendente Juan Ustarroz particip\u00f3 del lanzamiento de un nuevo fondo de seguridad","robots":{"index":"index","follow":"follow","max-snippet":"max-snippet:-1","max-image-preview":"max-image-preview:large","max-video-preview":"max-video-preview:-1"},"canonical":"https:\/\/noticiasmercedinas.com\/site\/2025\/03\/26\/intendente-juan-ustarroz-participo-del-lanzamiento-de-un-nuevo-fondo-de-seguridad\/","og_locale":"es_ES","og_type":"article","og_title":"Intendente Juan Ustarroz particip\u00f3 del lanzamiento de un nuevo fondo de seguridad","og_description":"\u25a0 El jefe comunal de Mercedes acompa\u00f1\u00f3 al gobernador Axel Kicillof en la presentaci\u00f3n del Plan Integral de Seguridad Bonaerense, que destinar\u00e1 recursos para equipamiento policial y patrulleros en los municipios.","og_url":"https:\/\/noticiasmercedinas.com\/site\/2025\/03\/26\/intendente-juan-ustarroz-participo-del-lanzamiento-de-un-nuevo-fondo-de-seguridad\/","og_site_name":"NOTICIASMERCEDINAS.COM","article_publisher":"https:\/\/www.facebook.com\/noticiasmercedinas\/","article_published_time":"2025-03-26T22:57:51+00:00","og_image":[{"width":743,"height":530,"url":"https:\/\/noticiasmercedinas.com\/site\/wp-content\/uploads\/2025\/03\/77A84832.jpeg","type":"image\/jpeg"}],"author":"NOTICIASMERCEDINAS.COM","twitter_card":"summary_large_image","twitter_creator":"@notmercedinas","twitter_site":"@notmercedinas","twitter_misc":{"Escrito por":"NOTICIASMERCEDINAS.COM","Tiempo de lectura":"1 minuto"},"schema":{"@context":"https:\/\/schema.org","@graph":[{"@type":"Article","@id":"https:\/\/noticiasmercedinas.com\/site\/2025\/03\/26\/intendente-juan-ustarroz-participo-del-lanzamiento-de-un-nuevo-fondo-de-seguridad\/#article","isPartOf":{"@id":"https:\/\/noticiasmercedinas.com\/site\/2025\/03\/26\/intendente-juan-ustarroz-participo-del-lanzamiento-de-un-nuevo-fondo-de-seguridad\/"},"author":{"name":"NOTICIASMERCEDINAS.COM","@id":"https:\/\/noticiasmercedinas.com\/site\/#\/schema\/person\/84b59c099c28ff2e8b77d4ceec5d8063"},"headline":"Intendente Juan Ustarroz particip\u00f3 del lanzamiento de un nuevo fondo de seguridad","datePublished":"2025-03-26T22:57:51+00:00","mainEntityOfPage":{"@id":"https:\/\/noticiasmercedinas.com\/site\/2025\/03\/26\/intendente-juan-ustarroz-participo-del-lanzamiento-de-un-nuevo-fondo-de-seguridad\/"},"wordCount":222,"publisher":{"@id":"https:\/\/noticiasmercedinas.com\/site\/#organization"},"image":{"@id":"https:\/\/noticiasmercedinas.com\/site\/2025\/03\/26\/intendente-juan-ustarroz-participo-del-lanzamiento-de-un-nuevo-fondo-de-seguridad\/#primaryimage"},"thumbnailUrl":"https:\/\/noticiasmercedinas.com\/site\/wp-content\/uploads\/2025\/03\/77A84832.jpeg","keywords":["axel kicillof","juan igancio ustarroz","seguridad"],"articleSection":["Politica"],"inLanguage":"es"},{"@type":"WebPage","@id":"https:\/\/noticiasmercedinas.com\/site\/2025\/03\/26\/intendente-juan-ustarroz-participo-del-lanzamiento-de-un-nuevo-fondo-de-seguridad\/","url":"https:\/\/noticiasmercedinas.com\/site\/2025\/03\/26\/intendente-juan-ustarroz-participo-del-lanzamiento-de-un-nuevo-fondo-de-seguridad\/","name":"Intendente Juan Ustarroz particip\u00f3 del lanzamiento de un nuevo fondo de seguridad","isPartOf":{"@id":"https:\/\/noticiasmercedinas.com\/site\/#website"},"primaryImageOfPage":{"@id":"https:\/\/noticiasmercedinas.com\/site\/2025\/03\/26\/intendente-juan-ustarroz-participo-del-lanzamiento-de-un-nuevo-fondo-de-seguridad\/#primaryimage"},"image":{"@id":"https:\/\/noticiasmercedinas.com\/site\/2025\/03\/26\/intendente-juan-ustarroz-participo-del-lanzamiento-de-un-nuevo-fondo-de-seguridad\/#primaryimage"},"thumbnailUrl":"https:\/\/noticiasmercedinas.com\/site\/wp-content\/uploads\/2025\/03\/77A84832.jpeg","datePublished":"2025-03-26T22:57:51+00:00","breadcrumb":{"@id":"https:\/\/noticiasmercedinas.com\/site\/2025\/03\/26\/intendente-juan-ustarroz-participo-del-lanzamiento-de-un-nuevo-fondo-de-seguridad\/#breadcrumb"},"inLanguage":"es","potentialAction":[{"@type":"ReadAction","target":["https:\/\/noticiasmercedinas.com\/site\/2025\/03\/26\/intendente-juan-ustarroz-participo-del-lanzamiento-de-un-nuevo-fondo-de-seguridad\/"]}]},{"@type":"ImageObject","inLanguage":"es","@id":"https:\/\/noticiasmercedinas.com\/site\/2025\/03\/26\/intendente-juan-ustarroz-participo-del-lanzamiento-de-un-nuevo-fondo-de-seguridad\/#primaryimage","url":"https:\/\/noticiasmercedinas.com\/site\/wp-content\/uploads\/2025\/03\/77A84832.jpeg","contentUrl":"https:\/\/noticiasmercedinas.com\/site\/wp-content\/uploads\/2025\/03\/77A84832.jpeg","width":743,"height":530},{"@type":"BreadcrumbList","@id":"https:\/\/noticiasmercedinas.com\/site\/2025\/03\/26\/intendente-juan-ustarroz-participo-del-lanzamiento-de-un-nuevo-fondo-de-seguridad\/#breadcrumb","itemListElement":[{"@type":"ListItem","position":1,"name":"Portada","item":"https:\/\/noticiasmercedinas.com\/site\/"},{"@type":"ListItem","position":2,"name":"Intendente Juan Ustarroz particip\u00f3 del lanzamiento de un nuevo fondo de seguridad"}]},{"@type":"WebSite","@id":"https:\/\/noticiasmercedinas.com\/site\/#website","url":"https:\/\/noticiasmercedinas.com\/site\/","name":"NOTICIASMERCEDINAS.COM","description":"Mercedes, Buenos Aires, Argentina","publisher":{"@id":"https:\/\/noticiasmercedinas.com\/site\/#organization"},"potentialAction":[{"@type":"SearchAction","target":{"@type":"EntryPoint","urlTemplate":"https:\/\/noticiasmercedinas.com\/site\/?s={search_term_string}"},"query-input":{"@type":"PropertyValueSpecification","valueRequired":true,"valueName":"search_term_string"}}],"inLanguage":"es"},{"@type":"Organization","@id":"https:\/\/noticiasmercedinas.com\/site\/#organization","name":"NOTICIASMERCEDINAS.COM","url":"https:\/\/noticiasmercedinas.com\/site\/","logo":{"@type":"ImageObject","inLanguage":"es","@id":"https:\/\/noticiasmercedinas.com\/site\/#\/schema\/logo\/image\/","url":"https:\/\/noticiasmercedinas.com\/site\/wp-content\/uploads\/2020\/06\/LOGO-512.jpg","contentUrl":"https:\/\/noticiasmercedinas.com\/site\/wp-content\/uploads\/2020\/06\/LOGO-512.jpg","width":512,"height":512,"caption":"NOTICIASMERCEDINAS.COM"},"image":{"@id":"https:\/\/noticiasmercedinas.com\/site\/#\/schema\/logo\/image\/"},"sameAs":["https:\/\/www.facebook.com\/noticiasmercedinas\/","https:\/\/x.com\/notmercedinas","https:\/\/www.instagram.com\/noticiasmercedinas\/"]},{"@type":"Person","@id":"https:\/\/noticiasmercedinas.com\/site\/#\/schema\/person\/84b59c099c28ff2e8b77d4ceec5d8063","name":"NOTICIASMERCEDINAS.COM","image":{"@type":"ImageObject","inLanguage":"es","@id":"https:\/\/secure.gravatar.com\/avatar\/4dfbf16b4d17945bfb6341b2d19043457132fcf478a5ee04f42e959fd8f5df0a?s=96&d=mm&r=g","url":"https:\/\/secure.gravatar.com\/avatar\/4dfbf16b4d17945bfb6341b2d19043457132fcf478a5ee04f42e959fd8f5df0a?s=96&d=mm&r=g","contentUrl":"https:\/\/secure.gravatar.com\/avatar\/4dfbf16b4d17945bfb6341b2d19043457132fcf478a5ee04f42e959fd8f5df0a?s=96&d=mm&r=g","caption":"NOTICIASMERCEDINAS.COM"},"url":"https:\/\/noticiasmercedinas.com\/site\/author\/anonimo\/"}]}},"amp_enabled":true,"_links":{"self":[{"href":"https:\/\/noticiasmercedinas.com\/site\/wp-json\/wp\/v2\/posts\/155992","targetHints":{"allow":["GET"]}}],"collection":[{"href":"https:\/\/noticiasmercedinas.com\/site\/wp-json\/wp\/v2\/posts"}],"about":[{"href":"https:\/\/noticiasmercedinas.com\/site\/wp-json\/wp\/v2\/types\/post"}],"author":[{"embeddable":true,"href":"https:\/\/noticiasmercedinas.com\/site\/wp-json\/wp\/v2\/users\/16"}],"replies":[{"embeddable":true,"href":"https:\/\/noticiasmercedinas.com\/site\/wp-json\/wp\/v2\/comments?post=155992"}],"version-history":[{"count":1,"href":"https:\/\/noticiasmercedinas.com\/site\/wp-json\/wp\/v2\/posts\/155992\/revisions"}],"predecessor-version":[{"id":155994,"href":"https:\/\/noticiasmercedinas.com\/site\/wp-json\/wp\/v2\/posts\/155992\/revisions\/155994"}],"wp:featuredmedia":[{"embeddable":true,"href":"https:\/\/noticiasmercedinas.com\/site\/wp-json\/wp\/v2\/media\/155993"}],"wp:attachment":[{"href":"https:\/\/noticiasmercedinas.com\/site\/wp-json\/wp\/v2\/media?parent=155992"}],"wp:term":[{"taxonomy":"category","embeddable":true,"href":"https:\/\/noticiasmercedinas.com\/site\/wp-json\/wp\/v2\/categories?post=155992"},{"taxonomy":"post_tag","embeddable":true,"href":"https:\/\/noticiasmercedinas.com\/site\/wp-json\/wp\/v2\/tags?post=155992"}],"curies":[{"name":"wp","href":"https:\/\/api.w.org\/{rel}","templated":true}]}}