{"id":156140,"date":"2025-03-28T18:50:47","date_gmt":"2025-03-28T21:50:47","guid":{"rendered":"https:\/\/noticiasmercedinas.com\/site\/?p=156140"},"modified":"2025-03-28T18:51:04","modified_gmt":"2025-03-28T21:51:04","slug":"encuentro-de-empresarias-en-la-trocha-fue-un-espacio-de-liderazgo-y-crecimiento","status":"publish","type":"post","link":"https:\/\/noticiasmercedinas.com\/site\/2025\/03\/28\/encuentro-de-empresarias-en-la-trocha-fue-un-espacio-de-liderazgo-y-crecimiento\/","title":{"rendered":"Encuentro de empresarias en La Trocha fue un espacio de liderazgo y crecimiento"},"content":{"rendered":"<p><img loading=\"lazy\" decoding=\"async\" class=\"alignnone size-full wp-image-156141\" src=\"https:\/\/noticiasmercedinas.com\/site\/wp-content\/uploads\/2025\/03\/MUJERES1.jpg\" alt=\"\" width=\"640\" height=\"436\" srcset=\"https:\/\/noticiasmercedinas.com\/site\/wp-content\/uploads\/2025\/03\/MUJERES1.jpg 640w, https:\/\/noticiasmercedinas.com\/site\/wp-content\/uploads\/2025\/03\/MUJERES1-300x204.jpg 300w\" sizes=\"auto, (max-width: 640px) 100vw, 640px\" \/><\/p>\n<p>En el marco del Mes de la Mujer, se llev\u00f3 a cabo en el Complejo Cultural La Trocha el Encuentro de Empresarias, una iniciativa que reuni\u00f3 a mujeres emprendedoras y empresarias de la regi\u00f3n para fortalecer redes, intercambiar experiencias y potenciar el desarrollo econ\u00f3mico y social.<\/p>\n<p>El evento cont\u00f3 con la presencia del intendente Juan Ignacio Ustarroz y la secretaria de Gobierno, Clara Zunino, quienes destacaron \u00abel importante rol de las mujeres en el desarrollo econ\u00f3mico y social de Mercedes, la provincia y el pa\u00eds\u00bb. tambi\u00e9n estuvo la presidenta del Concejo, Mariana San Mart\u00edn.<\/p>\n<p>Durante la jornada, se present\u00f3 la Agenda AGEI 2025, se realizaron foros y capacitaciones, y se desarroll\u00f3 el taller \u00abLiderazgo femenino, equilibrio e impacto\u00bb, a cargo de Coaching Meraki. \u00abSer l\u00edder no es solo tomar decisiones, sino encontrar armon\u00eda entre nuestra vida personal y profesional\u00bb, se\u00f1alaron las organizadoras.<\/p>\n<p>Uno de los momentos destacados fue el espacio de networking, donde las participantes pudieron conectar con otras empresarias en la b\u00fasqueda de crecimiento, sinergias y oportunidades. \u00abConectar con otras mujeres emprendedoras puede abrirte puertas que ni imagin\u00e1s\u00bb, remarcaron desde la organizaci\u00f3n.<\/p>\n<p>Adem\u00e1s, el encuentro incluy\u00f3 un recorrido por la historia local con una recepci\u00f3n especial en la ic\u00f3nica Pulper\u00eda de Cacho Di Catarina, seguido de un almuerzo en el mismo espacio, propiciando un ambiente de distensi\u00f3n y camarader\u00eda. La jornada cerr\u00f3 con un paseo tur\u00edstico para descubrir lo mejor de la ciudad de Mercedes.<\/p>\n<p>\u00abCelebramos y apoyamos este tipo de encuentros y capacitaciones que fortalecen la mancomuni\u00f3n, el trabajo y el \u00e9xito de los emprendimientos de mujeres de nuestra ciudad\u00bb, destacaron desde la organizaci\u00f3n, agradeciendo el respaldo de la Municipalidad de Mercedes y de la C\u00e1mara Econ\u00f3mica Mercedina por visibilizar y acompa\u00f1ar la iniciativa.<\/p>\n","protected":false},"excerpt":{"rendered":"<p>En el marco del Mes de la Mujer, se llev\u00f3 a cabo en el Complejo Cultural La Trocha el Encuentro de Empresarias, una iniciativa que reuni\u00f3 a mujeres emprendedoras y empresarias de la regi\u00f3n para fortalecer redes, intercambiar experiencias y potenciar el desarrollo econ\u00f3mico y social. El evento cont\u00f3 con la presencia del intendente Juan [&hellip;]<\/p>\n","protected":false},"author":16,"featured_media":156141,"comment_status":"closed","ping_status":"closed","sticky":false,"template":"","format":"standard","meta":{"footnotes":""},"categories":[74],"tags":[377,2431,266,1057,156,1424],"class_list":["post-156140","post","type-post","status-publish","format-standard","has-post-thumbnail","hentry","category-emprendimientos","tag-cem","tag-clara-zunino","tag-juan-ignacio-ustarroz","tag-la-trocha","tag-mariana-san-martin","tag-mujeres"],"yoast_head":"<!-- This site is optimized with the Yoast SEO plugin v27.4 - https:\/\/yoast.com\/product\/yoast-seo-wordpress\/ -->\n<title>Encuentro de empresarias en La Trocha fue un espacio de liderazgo y crecimiento<\/title>\n<meta name=\"robots\" content=\"index, follow, max-snippet:-1, max-image-preview:large, max-video-preview:-1\" \/>\n<link rel=\"canonical\" href=\"https:\/\/noticiasmercedinas.com\/site\/2025\/03\/28\/encuentro-de-empresarias-en-la-trocha-fue-un-espacio-de-liderazgo-y-crecimiento\/\" \/>\n<meta property=\"og:locale\" content=\"es_ES\" \/>\n<meta property=\"og:type\" content=\"article\" \/>\n<meta property=\"og:title\" content=\"Encuentro de empresarias en La Trocha fue un espacio de liderazgo y crecimiento\" \/>\n<meta property=\"og:description\" content=\"En el marco del Mes de la Mujer, se llev\u00f3 a cabo en el Complejo Cultural La Trocha el Encuentro de Empresarias, una iniciativa que reuni\u00f3 a mujeres emprendedoras y empresarias de la regi\u00f3n para fortalecer redes, intercambiar experiencias y potenciar el desarrollo econ\u00f3mico y social. El evento cont\u00f3 con la presencia del intendente Juan [&hellip;]\" \/>\n<meta property=\"og:url\" content=\"https:\/\/noticiasmercedinas.com\/site\/2025\/03\/28\/encuentro-de-empresarias-en-la-trocha-fue-un-espacio-de-liderazgo-y-crecimiento\/\" \/>\n<meta property=\"og:site_name\" content=\"NOTICIASMERCEDINAS.COM\" \/>\n<meta property=\"article:publisher\" content=\"https:\/\/www.facebook.com\/noticiasmercedinas\/\" \/>\n<meta property=\"article:published_time\" content=\"2025-03-28T21:50:47+00:00\" \/>\n<meta property=\"article:modified_time\" content=\"2025-03-28T21:51:04+00:00\" \/>\n<meta property=\"og:image\" content=\"https:\/\/noticiasmercedinas.com\/site\/wp-content\/uploads\/2025\/03\/MUJERES1.jpg\" \/>\n\t<meta property=\"og:image:width\" content=\"640\" \/>\n\t<meta property=\"og:image:height\" content=\"436\" \/>\n\t<meta property=\"og:image:type\" content=\"image\/jpeg\" \/>\n<meta name=\"author\" content=\"NOTICIASMERCEDINAS.COM\" \/>\n<meta name=\"twitter:card\" content=\"summary_large_image\" \/>\n<meta name=\"twitter:creator\" content=\"@notmercedinas\" \/>\n<meta name=\"twitter:site\" content=\"@notmercedinas\" \/>\n<meta name=\"twitter:label1\" content=\"Escrito por\" \/>\n\t<meta name=\"twitter:data1\" content=\"NOTICIASMERCEDINAS.COM\" \/>\n\t<meta name=\"twitter:label2\" content=\"Tiempo de lectura\" \/>\n\t<meta name=\"twitter:data2\" content=\"2 minutos\" \/>\n<script type=\"application\/ld+json\" class=\"yoast-schema-graph\">{\"@context\":\"https:\\\/\\\/schema.org\",\"@graph\":[{\"@type\":\"Article\",\"@id\":\"https:\\\/\\\/noticiasmercedinas.com\\\/site\\\/2025\\\/03\\\/28\\\/encuentro-de-empresarias-en-la-trocha-fue-un-espacio-de-liderazgo-y-crecimiento\\\/#article\",\"isPartOf\":{\"@id\":\"https:\\\/\\\/noticiasmercedinas.com\\\/site\\\/2025\\\/03\\\/28\\\/encuentro-de-empresarias-en-la-trocha-fue-un-espacio-de-liderazgo-y-crecimiento\\\/\"},\"author\":{\"name\":\"NOTICIASMERCEDINAS.COM\",\"@id\":\"https:\\\/\\\/noticiasmercedinas.com\\\/site\\\/#\\\/schema\\\/person\\\/84b59c099c28ff2e8b77d4ceec5d8063\"},\"headline\":\"Encuentro de empresarias en La Trocha fue un espacio de liderazgo y crecimiento\",\"datePublished\":\"2025-03-28T21:50:47+00:00\",\"dateModified\":\"2025-03-28T21:51:04+00:00\",\"mainEntityOfPage\":{\"@id\":\"https:\\\/\\\/noticiasmercedinas.com\\\/site\\\/2025\\\/03\\\/28\\\/encuentro-de-empresarias-en-la-trocha-fue-un-espacio-de-liderazgo-y-crecimiento\\\/\"},\"wordCount\":322,\"publisher\":{\"@id\":\"https:\\\/\\\/noticiasmercedinas.com\\\/site\\\/#organization\"},\"image\":{\"@id\":\"https:\\\/\\\/noticiasmercedinas.com\\\/site\\\/2025\\\/03\\\/28\\\/encuentro-de-empresarias-en-la-trocha-fue-un-espacio-de-liderazgo-y-crecimiento\\\/#primaryimage\"},\"thumbnailUrl\":\"https:\\\/\\\/noticiasmercedinas.com\\\/site\\\/wp-content\\\/uploads\\\/2025\\\/03\\\/MUJERES1.jpg\",\"keywords\":[\"cem\",\"clara zunino\",\"juan ignacio ustarroz\",\"la trocha\",\"mariana san martin\",\"mujeres\"],\"articleSection\":[\"Emprendimientos\"],\"inLanguage\":\"es\"},{\"@type\":\"WebPage\",\"@id\":\"https:\\\/\\\/noticiasmercedinas.com\\\/site\\\/2025\\\/03\\\/28\\\/encuentro-de-empresarias-en-la-trocha-fue-un-espacio-de-liderazgo-y-crecimiento\\\/\",\"url\":\"https:\\\/\\\/noticiasmercedinas.com\\\/site\\\/2025\\\/03\\\/28\\\/encuentro-de-empresarias-en-la-trocha-fue-un-espacio-de-liderazgo-y-crecimiento\\\/\",\"name\":\"Encuentro de empresarias en La Trocha fue un espacio de liderazgo y crecimiento\",\"isPartOf\":{\"@id\":\"https:\\\/\\\/noticiasmercedinas.com\\\/site\\\/#website\"},\"primaryImageOfPage\":{\"@id\":\"https:\\\/\\\/noticiasmercedinas.com\\\/site\\\/2025\\\/03\\\/28\\\/encuentro-de-empresarias-en-la-trocha-fue-un-espacio-de-liderazgo-y-crecimiento\\\/#primaryimage\"},\"image\":{\"@id\":\"https:\\\/\\\/noticiasmercedinas.com\\\/site\\\/2025\\\/03\\\/28\\\/encuentro-de-empresarias-en-la-trocha-fue-un-espacio-de-liderazgo-y-crecimiento\\\/#primaryimage\"},\"thumbnailUrl\":\"https:\\\/\\\/noticiasmercedinas.com\\\/site\\\/wp-content\\\/uploads\\\/2025\\\/03\\\/MUJERES1.jpg\",\"datePublished\":\"2025-03-28T21:50:47+00:00\",\"dateModified\":\"2025-03-28T21:51:04+00:00\",\"breadcrumb\":{\"@id\":\"https:\\\/\\\/noticiasmercedinas.com\\\/site\\\/2025\\\/03\\\/28\\\/encuentro-de-empresarias-en-la-trocha-fue-un-espacio-de-liderazgo-y-crecimiento\\\/#breadcrumb\"},\"inLanguage\":\"es\",\"potentialAction\":[{\"@type\":\"ReadAction\",\"target\":[\"https:\\\/\\\/noticiasmercedinas.com\\\/site\\\/2025\\\/03\\\/28\\\/encuentro-de-empresarias-en-la-trocha-fue-un-espacio-de-liderazgo-y-crecimiento\\\/\"]}]},{\"@type\":\"ImageObject\",\"inLanguage\":\"es\",\"@id\":\"https:\\\/\\\/noticiasmercedinas.com\\\/site\\\/2025\\\/03\\\/28\\\/encuentro-de-empresarias-en-la-trocha-fue-un-espacio-de-liderazgo-y-crecimiento\\\/#primaryimage\",\"url\":\"https:\\\/\\\/noticiasmercedinas.com\\\/site\\\/wp-content\\\/uploads\\\/2025\\\/03\\\/MUJERES1.jpg\",\"contentUrl\":\"https:\\\/\\\/noticiasmercedinas.com\\\/site\\\/wp-content\\\/uploads\\\/2025\\\/03\\\/MUJERES1.jpg\",\"width\":640,\"height\":436},{\"@type\":\"BreadcrumbList\",\"@id\":\"https:\\\/\\\/noticiasmercedinas.com\\\/site\\\/2025\\\/03\\\/28\\\/encuentro-de-empresarias-en-la-trocha-fue-un-espacio-de-liderazgo-y-crecimiento\\\/#breadcrumb\",\"itemListElement\":[{\"@type\":\"ListItem\",\"position\":1,\"name\":\"Portada\",\"item\":\"https:\\\/\\\/noticiasmercedinas.com\\\/site\\\/\"},{\"@type\":\"ListItem\",\"position\":2,\"name\":\"Encuentro de empresarias en La Trocha fue un espacio de liderazgo y crecimiento\"}]},{\"@type\":\"WebSite\",\"@id\":\"https:\\\/\\\/noticiasmercedinas.com\\\/site\\\/#website\",\"url\":\"https:\\\/\\\/noticiasmercedinas.com\\\/site\\\/\",\"name\":\"NOTICIASMERCEDINAS.COM\",\"description\":\"Mercedes, Buenos Aires, Argentina\",\"publisher\":{\"@id\":\"https:\\\/\\\/noticiasmercedinas.com\\\/site\\\/#organization\"},\"potentialAction\":[{\"@type\":\"SearchAction\",\"target\":{\"@type\":\"EntryPoint\",\"urlTemplate\":\"https:\\\/\\\/noticiasmercedinas.com\\\/site\\\/?s={search_term_string}\"},\"query-input\":{\"@type\":\"PropertyValueSpecification\",\"valueRequired\":true,\"valueName\":\"search_term_string\"}}],\"inLanguage\":\"es\"},{\"@type\":\"Organization\",\"@id\":\"https:\\\/\\\/noticiasmercedinas.com\\\/site\\\/#organization\",\"name\":\"NOTICIASMERCEDINAS.COM\",\"url\":\"https:\\\/\\\/noticiasmercedinas.com\\\/site\\\/\",\"logo\":{\"@type\":\"ImageObject\",\"inLanguage\":\"es\",\"@id\":\"https:\\\/\\\/noticiasmercedinas.com\\\/site\\\/#\\\/schema\\\/logo\\\/image\\\/\",\"url\":\"https:\\\/\\\/noticiasmercedinas.com\\\/site\\\/wp-content\\\/uploads\\\/2020\\\/06\\\/LOGO-512.jpg\",\"contentUrl\":\"https:\\\/\\\/noticiasmercedinas.com\\\/site\\\/wp-content\\\/uploads\\\/2020\\\/06\\\/LOGO-512.jpg\",\"width\":512,\"height\":512,\"caption\":\"NOTICIASMERCEDINAS.COM\"},\"image\":{\"@id\":\"https:\\\/\\\/noticiasmercedinas.com\\\/site\\\/#\\\/schema\\\/logo\\\/image\\\/\"},\"sameAs\":[\"https:\\\/\\\/www.facebook.com\\\/noticiasmercedinas\\\/\",\"https:\\\/\\\/x.com\\\/notmercedinas\",\"https:\\\/\\\/www.instagram.com\\\/noticiasmercedinas\\\/\"]},{\"@type\":\"Person\",\"@id\":\"https:\\\/\\\/noticiasmercedinas.com\\\/site\\\/#\\\/schema\\\/person\\\/84b59c099c28ff2e8b77d4ceec5d8063\",\"name\":\"NOTICIASMERCEDINAS.COM\",\"image\":{\"@type\":\"ImageObject\",\"inLanguage\":\"es\",\"@id\":\"https:\\\/\\\/secure.gravatar.com\\\/avatar\\\/4dfbf16b4d17945bfb6341b2d19043457132fcf478a5ee04f42e959fd8f5df0a?s=96&d=mm&r=g\",\"url\":\"https:\\\/\\\/secure.gravatar.com\\\/avatar\\\/4dfbf16b4d17945bfb6341b2d19043457132fcf478a5ee04f42e959fd8f5df0a?s=96&d=mm&r=g\",\"contentUrl\":\"https:\\\/\\\/secure.gravatar.com\\\/avatar\\\/4dfbf16b4d17945bfb6341b2d19043457132fcf478a5ee04f42e959fd8f5df0a?s=96&d=mm&r=g\",\"caption\":\"NOTICIASMERCEDINAS.COM\"},\"url\":\"https:\\\/\\\/noticiasmercedinas.com\\\/site\\\/author\\\/anonimo\\\/\"}]}<\/script>\n<!-- \/ Yoast SEO plugin. -->","yoast_head_json":{"title":"Encuentro de empresarias en La Trocha fue un espacio de liderazgo y crecimiento","robots":{"index":"index","follow":"follow","max-snippet":"max-snippet:-1","max-image-preview":"max-image-preview:large","max-video-preview":"max-video-preview:-1"},"canonical":"https:\/\/noticiasmercedinas.com\/site\/2025\/03\/28\/encuentro-de-empresarias-en-la-trocha-fue-un-espacio-de-liderazgo-y-crecimiento\/","og_locale":"es_ES","og_type":"article","og_title":"Encuentro de empresarias en La Trocha fue un espacio de liderazgo y crecimiento","og_description":"En el marco del Mes de la Mujer, se llev\u00f3 a cabo en el Complejo Cultural La Trocha el Encuentro de Empresarias, una iniciativa que reuni\u00f3 a mujeres emprendedoras y empresarias de la regi\u00f3n para fortalecer redes, intercambiar experiencias y potenciar el desarrollo econ\u00f3mico y social. El evento cont\u00f3 con la presencia del intendente Juan [&hellip;]","og_url":"https:\/\/noticiasmercedinas.com\/site\/2025\/03\/28\/encuentro-de-empresarias-en-la-trocha-fue-un-espacio-de-liderazgo-y-crecimiento\/","og_site_name":"NOTICIASMERCEDINAS.COM","article_publisher":"https:\/\/www.facebook.com\/noticiasmercedinas\/","article_published_time":"2025-03-28T21:50:47+00:00","article_modified_time":"2025-03-28T21:51:04+00:00","og_image":[{"width":640,"height":436,"url":"https:\/\/noticiasmercedinas.com\/site\/wp-content\/uploads\/2025\/03\/MUJERES1.jpg","type":"image\/jpeg"}],"author":"NOTICIASMERCEDINAS.COM","twitter_card":"summary_large_image","twitter_creator":"@notmercedinas","twitter_site":"@notmercedinas","twitter_misc":{"Escrito por":"NOTICIASMERCEDINAS.COM","Tiempo de lectura":"2 minutos"},"schema":{"@context":"https:\/\/schema.org","@graph":[{"@type":"Article","@id":"https:\/\/noticiasmercedinas.com\/site\/2025\/03\/28\/encuentro-de-empresarias-en-la-trocha-fue-un-espacio-de-liderazgo-y-crecimiento\/#article","isPartOf":{"@id":"https:\/\/noticiasmercedinas.com\/site\/2025\/03\/28\/encuentro-de-empresarias-en-la-trocha-fue-un-espacio-de-liderazgo-y-crecimiento\/"},"author":{"name":"NOTICIASMERCEDINAS.COM","@id":"https:\/\/noticiasmercedinas.com\/site\/#\/schema\/person\/84b59c099c28ff2e8b77d4ceec5d8063"},"headline":"Encuentro de empresarias en La Trocha fue un espacio de liderazgo y crecimiento","datePublished":"2025-03-28T21:50:47+00:00","dateModified":"2025-03-28T21:51:04+00:00","mainEntityOfPage":{"@id":"https:\/\/noticiasmercedinas.com\/site\/2025\/03\/28\/encuentro-de-empresarias-en-la-trocha-fue-un-espacio-de-liderazgo-y-crecimiento\/"},"wordCount":322,"publisher":{"@id":"https:\/\/noticiasmercedinas.com\/site\/#organization"},"image":{"@id":"https:\/\/noticiasmercedinas.com\/site\/2025\/03\/28\/encuentro-de-empresarias-en-la-trocha-fue-un-espacio-de-liderazgo-y-crecimiento\/#primaryimage"},"thumbnailUrl":"https:\/\/noticiasmercedinas.com\/site\/wp-content\/uploads\/2025\/03\/MUJERES1.jpg","keywords":["cem","clara zunino","juan ignacio ustarroz","la trocha","mariana san martin","mujeres"],"articleSection":["Emprendimientos"],"inLanguage":"es"},{"@type":"WebPage","@id":"https:\/\/noticiasmercedinas.com\/site\/2025\/03\/28\/encuentro-de-empresarias-en-la-trocha-fue-un-espacio-de-liderazgo-y-crecimiento\/","url":"https:\/\/noticiasmercedinas.com\/site\/2025\/03\/28\/encuentro-de-empresarias-en-la-trocha-fue-un-espacio-de-liderazgo-y-crecimiento\/","name":"Encuentro de empresarias en La Trocha fue un espacio de liderazgo y crecimiento","isPartOf":{"@id":"https:\/\/noticiasmercedinas.com\/site\/#website"},"primaryImageOfPage":{"@id":"https:\/\/noticiasmercedinas.com\/site\/2025\/03\/28\/encuentro-de-empresarias-en-la-trocha-fue-un-espacio-de-liderazgo-y-crecimiento\/#primaryimage"},"image":{"@id":"https:\/\/noticiasmercedinas.com\/site\/2025\/03\/28\/encuentro-de-empresarias-en-la-trocha-fue-un-espacio-de-liderazgo-y-crecimiento\/#primaryimage"},"thumbnailUrl":"https:\/\/noticiasmercedinas.com\/site\/wp-content\/uploads\/2025\/03\/MUJERES1.jpg","datePublished":"2025-03-28T21:50:47+00:00","dateModified":"2025-03-28T21:51:04+00:00","breadcrumb":{"@id":"https:\/\/noticiasmercedinas.com\/site\/2025\/03\/28\/encuentro-de-empresarias-en-la-trocha-fue-un-espacio-de-liderazgo-y-crecimiento\/#breadcrumb"},"inLanguage":"es","potentialAction":[{"@type":"ReadAction","target":["https:\/\/noticiasmercedinas.com\/site\/2025\/03\/28\/encuentro-de-empresarias-en-la-trocha-fue-un-espacio-de-liderazgo-y-crecimiento\/"]}]},{"@type":"ImageObject","inLanguage":"es","@id":"https:\/\/noticiasmercedinas.com\/site\/2025\/03\/28\/encuentro-de-empresarias-en-la-trocha-fue-un-espacio-de-liderazgo-y-crecimiento\/#primaryimage","url":"https:\/\/noticiasmercedinas.com\/site\/wp-content\/uploads\/2025\/03\/MUJERES1.jpg","contentUrl":"https:\/\/noticiasmercedinas.com\/site\/wp-content\/uploads\/2025\/03\/MUJERES1.jpg","width":640,"height":436},{"@type":"BreadcrumbList","@id":"https:\/\/noticiasmercedinas.com\/site\/2025\/03\/28\/encuentro-de-empresarias-en-la-trocha-fue-un-espacio-de-liderazgo-y-crecimiento\/#breadcrumb","itemListElement":[{"@type":"ListItem","position":1,"name":"Portada","item":"https:\/\/noticiasmercedinas.com\/site\/"},{"@type":"ListItem","position":2,"name":"Encuentro de empresarias en La Trocha fue un espacio de liderazgo y crecimiento"}]},{"@type":"WebSite","@id":"https:\/\/noticiasmercedinas.com\/site\/#website","url":"https:\/\/noticiasmercedinas.com\/site\/","name":"NOTICIASMERCEDINAS.COM","description":"Mercedes, Buenos Aires, Argentina","publisher":{"@id":"https:\/\/noticiasmercedinas.com\/site\/#organization"},"potentialAction":[{"@type":"SearchAction","target":{"@type":"EntryPoint","urlTemplate":"https:\/\/noticiasmercedinas.com\/site\/?s={search_term_string}"},"query-input":{"@type":"PropertyValueSpecification","valueRequired":true,"valueName":"search_term_string"}}],"inLanguage":"es"},{"@type":"Organization","@id":"https:\/\/noticiasmercedinas.com\/site\/#organization","name":"NOTICIASMERCEDINAS.COM","url":"https:\/\/noticiasmercedinas.com\/site\/","logo":{"@type":"ImageObject","inLanguage":"es","@id":"https:\/\/noticiasmercedinas.com\/site\/#\/schema\/logo\/image\/","url":"https:\/\/noticiasmercedinas.com\/site\/wp-content\/uploads\/2020\/06\/LOGO-512.jpg","contentUrl":"https:\/\/noticiasmercedinas.com\/site\/wp-content\/uploads\/2020\/06\/LOGO-512.jpg","width":512,"height":512,"caption":"NOTICIASMERCEDINAS.COM"},"image":{"@id":"https:\/\/noticiasmercedinas.com\/site\/#\/schema\/logo\/image\/"},"sameAs":["https:\/\/www.facebook.com\/noticiasmercedinas\/","https:\/\/x.com\/notmercedinas","https:\/\/www.instagram.com\/noticiasmercedinas\/"]},{"@type":"Person","@id":"https:\/\/noticiasmercedinas.com\/site\/#\/schema\/person\/84b59c099c28ff2e8b77d4ceec5d8063","name":"NOTICIASMERCEDINAS.COM","image":{"@type":"ImageObject","inLanguage":"es","@id":"https:\/\/secure.gravatar.com\/avatar\/4dfbf16b4d17945bfb6341b2d19043457132fcf478a5ee04f42e959fd8f5df0a?s=96&d=mm&r=g","url":"https:\/\/secure.gravatar.com\/avatar\/4dfbf16b4d17945bfb6341b2d19043457132fcf478a5ee04f42e959fd8f5df0a?s=96&d=mm&r=g","contentUrl":"https:\/\/secure.gravatar.com\/avatar\/4dfbf16b4d17945bfb6341b2d19043457132fcf478a5ee04f42e959fd8f5df0a?s=96&d=mm&r=g","caption":"NOTICIASMERCEDINAS.COM"},"url":"https:\/\/noticiasmercedinas.com\/site\/author\/anonimo\/"}]}},"amp_enabled":true,"_links":{"self":[{"href":"https:\/\/noticiasmercedinas.com\/site\/wp-json\/wp\/v2\/posts\/156140","targetHints":{"allow":["GET"]}}],"collection":[{"href":"https:\/\/noticiasmercedinas.com\/site\/wp-json\/wp\/v2\/posts"}],"about":[{"href":"https:\/\/noticiasmercedinas.com\/site\/wp-json\/wp\/v2\/types\/post"}],"author":[{"embeddable":true,"href":"https:\/\/noticiasmercedinas.com\/site\/wp-json\/wp\/v2\/users\/16"}],"replies":[{"embeddable":true,"href":"https:\/\/noticiasmercedinas.com\/site\/wp-json\/wp\/v2\/comments?post=156140"}],"version-history":[{"count":1,"href":"https:\/\/noticiasmercedinas.com\/site\/wp-json\/wp\/v2\/posts\/156140\/revisions"}],"predecessor-version":[{"id":156142,"href":"https:\/\/noticiasmercedinas.com\/site\/wp-json\/wp\/v2\/posts\/156140\/revisions\/156142"}],"wp:featuredmedia":[{"embeddable":true,"href":"https:\/\/noticiasmercedinas.com\/site\/wp-json\/wp\/v2\/media\/156141"}],"wp:attachment":[{"href":"https:\/\/noticiasmercedinas.com\/site\/wp-json\/wp\/v2\/media?parent=156140"}],"wp:term":[{"taxonomy":"category","embeddable":true,"href":"https:\/\/noticiasmercedinas.com\/site\/wp-json\/wp\/v2\/categories?post=156140"},{"taxonomy":"post_tag","embeddable":true,"href":"https:\/\/noticiasmercedinas.com\/site\/wp-json\/wp\/v2\/tags?post=156140"}],"curies":[{"name":"wp","href":"https:\/\/api.w.org\/{rel}","templated":true}]}}