{"id":156326,"date":"2025-03-31T15:45:35","date_gmt":"2025-03-31T18:45:35","guid":{"rendered":"https:\/\/noticiasmercedinas.com\/site\/?p=156326"},"modified":"2025-03-31T15:45:35","modified_gmt":"2025-03-31T18:45:35","slug":"mariel-solari-presentara-su-esperado-disco-con-un-concierto","status":"publish","type":"post","link":"https:\/\/noticiasmercedinas.com\/site\/2025\/03\/31\/mariel-solari-presentara-su-esperado-disco-con-un-concierto\/","title":{"rendered":"Mariel Solari presentar\u00e1 su esperado disco con un concierto"},"content":{"rendered":"<p><img loading=\"lazy\" decoding=\"async\" class=\"alignnone size-full wp-image-156327\" src=\"https:\/\/noticiasmercedinas.com\/site\/wp-content\/uploads\/2025\/03\/marial_solari-e1743446599973.jpg\" alt=\"\" width=\"958\" height=\"648\" srcset=\"https:\/\/noticiasmercedinas.com\/site\/wp-content\/uploads\/2025\/03\/marial_solari-e1743446599973.jpg 958w, https:\/\/noticiasmercedinas.com\/site\/wp-content\/uploads\/2025\/03\/marial_solari-e1743446599973-300x203.jpg 300w, https:\/\/noticiasmercedinas.com\/site\/wp-content\/uploads\/2025\/03\/marial_solari-e1743446599973-768x519.jpg 768w, https:\/\/noticiasmercedinas.com\/site\/wp-content\/uploads\/2025\/03\/marial_solari-e1743446599973-640x433.jpg 640w, https:\/\/noticiasmercedinas.com\/site\/wp-content\/uploads\/2025\/03\/marial_solari-e1743446599973-681x461.jpg 681w\" sizes=\"auto, (max-width: 958px) 100vw, 958px\" \/><\/p>\n<p>La cantante y compositora <strong>Mariel Solari<\/strong> celebrar\u00e1 la presentaci\u00f3n de su disco \u00abBuscando el d\u00eda\u00bb con un concierto intimista el pr\u00f3ximo 12 de abril en el Espacio Cultural Bompell\u00f3n. El evento comenzar\u00e1 puntualmente a las 21 horas y contar\u00e1 con la participaci\u00f3n de varios m\u00fasicos invitados.<\/p>\n<p>El espect\u00e1culo tendr\u00e1 como acompa\u00f1ante en percusi\u00f3n a Santy Pauli y contar\u00e1 con la presencia de artistas que colaboraron en la grabaci\u00f3n del \u00e1lbum, como Daniela Scoffone, Virginia Altube, Sim\u00f3n Pollero (Saymuns), Marilina Erramuspe, Erika Brandauer y Joa Romero. \u00abM\u00e1s que una presentaci\u00f3n, es una celebraci\u00f3n\u00bb, destac\u00f3 Solari sobre el evento.<\/p>\n<p><strong>Las entradas tienen un valor de $7.000 y pueden reservarse a trav\u00e9s de WhatsApp al 2324592604. El espacio contar\u00e1 con mesas y servicio de cantina. Para facilitar la adquisici\u00f3n de los tickets, se habilit\u00f3 el alias de pago: buscandoeldia.<\/strong><\/p>\n<p>El disco \u00abBuscando el d\u00eda\u00bb fue grabado entre mayo de 2024 y febrero de 2025 en el estudio Experimental Exp, con producci\u00f3n conjunta de Mariel Solari y Joa Romero. Incluye siete canciones originales: \u00abArde\u00bb, \u00abSurcos de Nubes\u00bb, \u00abTrance Oto\u00f1al\u00bb, \u00abCelebraci\u00f3n\u00bb, \u00abAqu\u00ed en el Mar\u00bb, \u00abLa Hora de los P\u00e1jaros\u00bb y \u00abEl Estribillo\u00bb.<\/p>\n<p>Algunas colaboraciones fueron registradas en distintos estudios del pa\u00eds, como Los \u00c1rboles en Capilla del Monte, donde trabaj\u00f3 Virginia Altube, y La Calor en Reconquista, Santa Fe, donde grab\u00f3 Pablo Solari. El proceso de grabaci\u00f3n tambi\u00e9n cont\u00f3 con la participaci\u00f3n de Andr\u00e9s Santarsiero.<\/p>\n<p>Con este concierto, Mariel Solari busca compartir con el p\u00fablico la esencia de \u00abBuscando el d\u00eda\u00bb, en una noche de m\u00fasica y encuentros en el coraz\u00f3n de Mercedes.<\/p>\n","protected":false},"excerpt":{"rendered":"<p>\u25a0 Ser\u00e1 el pr\u00f3ximo 12 de abril en el Espacio Cultural Bompell\u00f3n. El evento comenzar\u00e1 puntualmente a las 21 horas y contar\u00e1 con la participaci\u00f3n de varios m\u00fasicos invitados.<\/p>\n","protected":false},"author":16,"featured_media":156327,"comment_status":"closed","ping_status":"closed","sticky":false,"template":"","format":"standard","meta":{"footnotes":""},"categories":[4],"tags":[4594,513],"class_list":["post-156326","post","type-post","status-publish","format-standard","has-post-thumbnail","hentry","category-cultura","tag-concierto","tag-mariel-solari"],"yoast_head":"<!-- This site is optimized with the Yoast SEO plugin v27.4 - https:\/\/yoast.com\/product\/yoast-seo-wordpress\/ -->\n<title>Mariel Solari presentar\u00e1 su esperado disco con un concierto<\/title>\n<meta name=\"description\" content=\"El pr\u00f3ximo 12 de abril en el Espacio Cultural Bompell\u00f3n. El evento comenzar\u00e1 puntualmente a las 21 horas y contar\u00e1 con la participaci\u00f3n de varios m\u00fasicos invitados.\" \/>\n<meta name=\"robots\" content=\"index, follow, max-snippet:-1, max-image-preview:large, max-video-preview:-1\" \/>\n<link rel=\"canonical\" href=\"https:\/\/noticiasmercedinas.com\/site\/2025\/03\/31\/mariel-solari-presentara-su-esperado-disco-con-un-concierto\/\" \/>\n<meta property=\"og:locale\" content=\"es_ES\" \/>\n<meta property=\"og:type\" content=\"article\" \/>\n<meta property=\"og:title\" content=\"Mariel Solari presentar\u00e1 su esperado disco con un concierto\" \/>\n<meta property=\"og:description\" content=\"El pr\u00f3ximo 12 de abril en el Espacio Cultural Bompell\u00f3n. El evento comenzar\u00e1 puntualmente a las 21 horas y contar\u00e1 con la participaci\u00f3n de varios m\u00fasicos invitados.\" \/>\n<meta property=\"og:url\" content=\"https:\/\/noticiasmercedinas.com\/site\/2025\/03\/31\/mariel-solari-presentara-su-esperado-disco-con-un-concierto\/\" \/>\n<meta property=\"og:site_name\" content=\"NOTICIASMERCEDINAS.COM\" \/>\n<meta property=\"article:publisher\" content=\"https:\/\/www.facebook.com\/noticiasmercedinas\/\" \/>\n<meta property=\"article:published_time\" content=\"2025-03-31T18:45:35+00:00\" \/>\n<meta property=\"og:image\" content=\"https:\/\/noticiasmercedinas.com\/site\/wp-content\/uploads\/2025\/03\/marial_solari-e1743446599973.jpg\" \/>\n\t<meta property=\"og:image:width\" content=\"958\" \/>\n\t<meta property=\"og:image:height\" content=\"648\" \/>\n\t<meta property=\"og:image:type\" content=\"image\/jpeg\" \/>\n<meta name=\"author\" content=\"NOTICIASMERCEDINAS.COM\" \/>\n<meta name=\"twitter:card\" content=\"summary_large_image\" \/>\n<meta name=\"twitter:creator\" content=\"@notmercedinas\" \/>\n<meta name=\"twitter:site\" content=\"@notmercedinas\" \/>\n<meta name=\"twitter:label1\" content=\"Escrito por\" \/>\n\t<meta name=\"twitter:data1\" content=\"NOTICIASMERCEDINAS.COM\" \/>\n\t<meta name=\"twitter:label2\" content=\"Tiempo de lectura\" \/>\n\t<meta name=\"twitter:data2\" content=\"2 minutos\" \/>\n<script type=\"application\/ld+json\" class=\"yoast-schema-graph\">{\"@context\":\"https:\\\/\\\/schema.org\",\"@graph\":[{\"@type\":\"Article\",\"@id\":\"https:\\\/\\\/noticiasmercedinas.com\\\/site\\\/2025\\\/03\\\/31\\\/mariel-solari-presentara-su-esperado-disco-con-un-concierto\\\/#article\",\"isPartOf\":{\"@id\":\"https:\\\/\\\/noticiasmercedinas.com\\\/site\\\/2025\\\/03\\\/31\\\/mariel-solari-presentara-su-esperado-disco-con-un-concierto\\\/\"},\"author\":{\"name\":\"NOTICIASMERCEDINAS.COM\",\"@id\":\"https:\\\/\\\/noticiasmercedinas.com\\\/site\\\/#\\\/schema\\\/person\\\/84b59c099c28ff2e8b77d4ceec5d8063\"},\"headline\":\"Mariel Solari presentar\u00e1 su esperado disco con un concierto\",\"datePublished\":\"2025-03-31T18:45:35+00:00\",\"mainEntityOfPage\":{\"@id\":\"https:\\\/\\\/noticiasmercedinas.com\\\/site\\\/2025\\\/03\\\/31\\\/mariel-solari-presentara-su-esperado-disco-con-un-concierto\\\/\"},\"wordCount\":292,\"publisher\":{\"@id\":\"https:\\\/\\\/noticiasmercedinas.com\\\/site\\\/#organization\"},\"image\":{\"@id\":\"https:\\\/\\\/noticiasmercedinas.com\\\/site\\\/2025\\\/03\\\/31\\\/mariel-solari-presentara-su-esperado-disco-con-un-concierto\\\/#primaryimage\"},\"thumbnailUrl\":\"https:\\\/\\\/noticiasmercedinas.com\\\/site\\\/wp-content\\\/uploads\\\/2025\\\/03\\\/marial_solari-e1743446599973.jpg\",\"keywords\":[\"concierto\",\"mariel solari\"],\"articleSection\":[\"Cultura\"],\"inLanguage\":\"es\"},{\"@type\":\"WebPage\",\"@id\":\"https:\\\/\\\/noticiasmercedinas.com\\\/site\\\/2025\\\/03\\\/31\\\/mariel-solari-presentara-su-esperado-disco-con-un-concierto\\\/\",\"url\":\"https:\\\/\\\/noticiasmercedinas.com\\\/site\\\/2025\\\/03\\\/31\\\/mariel-solari-presentara-su-esperado-disco-con-un-concierto\\\/\",\"name\":\"Mariel Solari presentar\u00e1 su esperado disco con un concierto\",\"isPartOf\":{\"@id\":\"https:\\\/\\\/noticiasmercedinas.com\\\/site\\\/#website\"},\"primaryImageOfPage\":{\"@id\":\"https:\\\/\\\/noticiasmercedinas.com\\\/site\\\/2025\\\/03\\\/31\\\/mariel-solari-presentara-su-esperado-disco-con-un-concierto\\\/#primaryimage\"},\"image\":{\"@id\":\"https:\\\/\\\/noticiasmercedinas.com\\\/site\\\/2025\\\/03\\\/31\\\/mariel-solari-presentara-su-esperado-disco-con-un-concierto\\\/#primaryimage\"},\"thumbnailUrl\":\"https:\\\/\\\/noticiasmercedinas.com\\\/site\\\/wp-content\\\/uploads\\\/2025\\\/03\\\/marial_solari-e1743446599973.jpg\",\"datePublished\":\"2025-03-31T18:45:35+00:00\",\"description\":\"El pr\u00f3ximo 12 de abril en el Espacio Cultural Bompell\u00f3n. El evento comenzar\u00e1 puntualmente a las 21 horas y contar\u00e1 con la participaci\u00f3n de varios m\u00fasicos invitados.\",\"breadcrumb\":{\"@id\":\"https:\\\/\\\/noticiasmercedinas.com\\\/site\\\/2025\\\/03\\\/31\\\/mariel-solari-presentara-su-esperado-disco-con-un-concierto\\\/#breadcrumb\"},\"inLanguage\":\"es\",\"potentialAction\":[{\"@type\":\"ReadAction\",\"target\":[\"https:\\\/\\\/noticiasmercedinas.com\\\/site\\\/2025\\\/03\\\/31\\\/mariel-solari-presentara-su-esperado-disco-con-un-concierto\\\/\"]}]},{\"@type\":\"ImageObject\",\"inLanguage\":\"es\",\"@id\":\"https:\\\/\\\/noticiasmercedinas.com\\\/site\\\/2025\\\/03\\\/31\\\/mariel-solari-presentara-su-esperado-disco-con-un-concierto\\\/#primaryimage\",\"url\":\"https:\\\/\\\/noticiasmercedinas.com\\\/site\\\/wp-content\\\/uploads\\\/2025\\\/03\\\/marial_solari-e1743446599973.jpg\",\"contentUrl\":\"https:\\\/\\\/noticiasmercedinas.com\\\/site\\\/wp-content\\\/uploads\\\/2025\\\/03\\\/marial_solari-e1743446599973.jpg\",\"width\":958,\"height\":648},{\"@type\":\"BreadcrumbList\",\"@id\":\"https:\\\/\\\/noticiasmercedinas.com\\\/site\\\/2025\\\/03\\\/31\\\/mariel-solari-presentara-su-esperado-disco-con-un-concierto\\\/#breadcrumb\",\"itemListElement\":[{\"@type\":\"ListItem\",\"position\":1,\"name\":\"Portada\",\"item\":\"https:\\\/\\\/noticiasmercedinas.com\\\/site\\\/\"},{\"@type\":\"ListItem\",\"position\":2,\"name\":\"Mariel Solari presentar\u00e1 su esperado disco con un concierto\"}]},{\"@type\":\"WebSite\",\"@id\":\"https:\\\/\\\/noticiasmercedinas.com\\\/site\\\/#website\",\"url\":\"https:\\\/\\\/noticiasmercedinas.com\\\/site\\\/\",\"name\":\"NOTICIASMERCEDINAS.COM\",\"description\":\"Mercedes, Buenos Aires, Argentina\",\"publisher\":{\"@id\":\"https:\\\/\\\/noticiasmercedinas.com\\\/site\\\/#organization\"},\"potentialAction\":[{\"@type\":\"SearchAction\",\"target\":{\"@type\":\"EntryPoint\",\"urlTemplate\":\"https:\\\/\\\/noticiasmercedinas.com\\\/site\\\/?s={search_term_string}\"},\"query-input\":{\"@type\":\"PropertyValueSpecification\",\"valueRequired\":true,\"valueName\":\"search_term_string\"}}],\"inLanguage\":\"es\"},{\"@type\":\"Organization\",\"@id\":\"https:\\\/\\\/noticiasmercedinas.com\\\/site\\\/#organization\",\"name\":\"NOTICIASMERCEDINAS.COM\",\"url\":\"https:\\\/\\\/noticiasmercedinas.com\\\/site\\\/\",\"logo\":{\"@type\":\"ImageObject\",\"inLanguage\":\"es\",\"@id\":\"https:\\\/\\\/noticiasmercedinas.com\\\/site\\\/#\\\/schema\\\/logo\\\/image\\\/\",\"url\":\"https:\\\/\\\/noticiasmercedinas.com\\\/site\\\/wp-content\\\/uploads\\\/2020\\\/06\\\/LOGO-512.jpg\",\"contentUrl\":\"https:\\\/\\\/noticiasmercedinas.com\\\/site\\\/wp-content\\\/uploads\\\/2020\\\/06\\\/LOGO-512.jpg\",\"width\":512,\"height\":512,\"caption\":\"NOTICIASMERCEDINAS.COM\"},\"image\":{\"@id\":\"https:\\\/\\\/noticiasmercedinas.com\\\/site\\\/#\\\/schema\\\/logo\\\/image\\\/\"},\"sameAs\":[\"https:\\\/\\\/www.facebook.com\\\/noticiasmercedinas\\\/\",\"https:\\\/\\\/x.com\\\/notmercedinas\",\"https:\\\/\\\/www.instagram.com\\\/noticiasmercedinas\\\/\"]},{\"@type\":\"Person\",\"@id\":\"https:\\\/\\\/noticiasmercedinas.com\\\/site\\\/#\\\/schema\\\/person\\\/84b59c099c28ff2e8b77d4ceec5d8063\",\"name\":\"NOTICIASMERCEDINAS.COM\",\"image\":{\"@type\":\"ImageObject\",\"inLanguage\":\"es\",\"@id\":\"https:\\\/\\\/secure.gravatar.com\\\/avatar\\\/4dfbf16b4d17945bfb6341b2d19043457132fcf478a5ee04f42e959fd8f5df0a?s=96&d=mm&r=g\",\"url\":\"https:\\\/\\\/secure.gravatar.com\\\/avatar\\\/4dfbf16b4d17945bfb6341b2d19043457132fcf478a5ee04f42e959fd8f5df0a?s=96&d=mm&r=g\",\"contentUrl\":\"https:\\\/\\\/secure.gravatar.com\\\/avatar\\\/4dfbf16b4d17945bfb6341b2d19043457132fcf478a5ee04f42e959fd8f5df0a?s=96&d=mm&r=g\",\"caption\":\"NOTICIASMERCEDINAS.COM\"},\"url\":\"https:\\\/\\\/noticiasmercedinas.com\\\/site\\\/author\\\/anonimo\\\/\"}]}<\/script>\n<!-- \/ Yoast SEO plugin. -->","yoast_head_json":{"title":"Mariel Solari presentar\u00e1 su esperado disco con un concierto","description":"El pr\u00f3ximo 12 de abril en el Espacio Cultural Bompell\u00f3n. El evento comenzar\u00e1 puntualmente a las 21 horas y contar\u00e1 con la participaci\u00f3n de varios m\u00fasicos invitados.","robots":{"index":"index","follow":"follow","max-snippet":"max-snippet:-1","max-image-preview":"max-image-preview:large","max-video-preview":"max-video-preview:-1"},"canonical":"https:\/\/noticiasmercedinas.com\/site\/2025\/03\/31\/mariel-solari-presentara-su-esperado-disco-con-un-concierto\/","og_locale":"es_ES","og_type":"article","og_title":"Mariel Solari presentar\u00e1 su esperado disco con un concierto","og_description":"El pr\u00f3ximo 12 de abril en el Espacio Cultural Bompell\u00f3n. El evento comenzar\u00e1 puntualmente a las 21 horas y contar\u00e1 con la participaci\u00f3n de varios m\u00fasicos invitados.","og_url":"https:\/\/noticiasmercedinas.com\/site\/2025\/03\/31\/mariel-solari-presentara-su-esperado-disco-con-un-concierto\/","og_site_name":"NOTICIASMERCEDINAS.COM","article_publisher":"https:\/\/www.facebook.com\/noticiasmercedinas\/","article_published_time":"2025-03-31T18:45:35+00:00","og_image":[{"width":958,"height":648,"url":"https:\/\/noticiasmercedinas.com\/site\/wp-content\/uploads\/2025\/03\/marial_solari-e1743446599973.jpg","type":"image\/jpeg"}],"author":"NOTICIASMERCEDINAS.COM","twitter_card":"summary_large_image","twitter_creator":"@notmercedinas","twitter_site":"@notmercedinas","twitter_misc":{"Escrito por":"NOTICIASMERCEDINAS.COM","Tiempo de lectura":"2 minutos"},"schema":{"@context":"https:\/\/schema.org","@graph":[{"@type":"Article","@id":"https:\/\/noticiasmercedinas.com\/site\/2025\/03\/31\/mariel-solari-presentara-su-esperado-disco-con-un-concierto\/#article","isPartOf":{"@id":"https:\/\/noticiasmercedinas.com\/site\/2025\/03\/31\/mariel-solari-presentara-su-esperado-disco-con-un-concierto\/"},"author":{"name":"NOTICIASMERCEDINAS.COM","@id":"https:\/\/noticiasmercedinas.com\/site\/#\/schema\/person\/84b59c099c28ff2e8b77d4ceec5d8063"},"headline":"Mariel Solari presentar\u00e1 su esperado disco con un concierto","datePublished":"2025-03-31T18:45:35+00:00","mainEntityOfPage":{"@id":"https:\/\/noticiasmercedinas.com\/site\/2025\/03\/31\/mariel-solari-presentara-su-esperado-disco-con-un-concierto\/"},"wordCount":292,"publisher":{"@id":"https:\/\/noticiasmercedinas.com\/site\/#organization"},"image":{"@id":"https:\/\/noticiasmercedinas.com\/site\/2025\/03\/31\/mariel-solari-presentara-su-esperado-disco-con-un-concierto\/#primaryimage"},"thumbnailUrl":"https:\/\/noticiasmercedinas.com\/site\/wp-content\/uploads\/2025\/03\/marial_solari-e1743446599973.jpg","keywords":["concierto","mariel solari"],"articleSection":["Cultura"],"inLanguage":"es"},{"@type":"WebPage","@id":"https:\/\/noticiasmercedinas.com\/site\/2025\/03\/31\/mariel-solari-presentara-su-esperado-disco-con-un-concierto\/","url":"https:\/\/noticiasmercedinas.com\/site\/2025\/03\/31\/mariel-solari-presentara-su-esperado-disco-con-un-concierto\/","name":"Mariel Solari presentar\u00e1 su esperado disco con un concierto","isPartOf":{"@id":"https:\/\/noticiasmercedinas.com\/site\/#website"},"primaryImageOfPage":{"@id":"https:\/\/noticiasmercedinas.com\/site\/2025\/03\/31\/mariel-solari-presentara-su-esperado-disco-con-un-concierto\/#primaryimage"},"image":{"@id":"https:\/\/noticiasmercedinas.com\/site\/2025\/03\/31\/mariel-solari-presentara-su-esperado-disco-con-un-concierto\/#primaryimage"},"thumbnailUrl":"https:\/\/noticiasmercedinas.com\/site\/wp-content\/uploads\/2025\/03\/marial_solari-e1743446599973.jpg","datePublished":"2025-03-31T18:45:35+00:00","description":"El pr\u00f3ximo 12 de abril en el Espacio Cultural Bompell\u00f3n. El evento comenzar\u00e1 puntualmente a las 21 horas y contar\u00e1 con la participaci\u00f3n de varios m\u00fasicos invitados.","breadcrumb":{"@id":"https:\/\/noticiasmercedinas.com\/site\/2025\/03\/31\/mariel-solari-presentara-su-esperado-disco-con-un-concierto\/#breadcrumb"},"inLanguage":"es","potentialAction":[{"@type":"ReadAction","target":["https:\/\/noticiasmercedinas.com\/site\/2025\/03\/31\/mariel-solari-presentara-su-esperado-disco-con-un-concierto\/"]}]},{"@type":"ImageObject","inLanguage":"es","@id":"https:\/\/noticiasmercedinas.com\/site\/2025\/03\/31\/mariel-solari-presentara-su-esperado-disco-con-un-concierto\/#primaryimage","url":"https:\/\/noticiasmercedinas.com\/site\/wp-content\/uploads\/2025\/03\/marial_solari-e1743446599973.jpg","contentUrl":"https:\/\/noticiasmercedinas.com\/site\/wp-content\/uploads\/2025\/03\/marial_solari-e1743446599973.jpg","width":958,"height":648},{"@type":"BreadcrumbList","@id":"https:\/\/noticiasmercedinas.com\/site\/2025\/03\/31\/mariel-solari-presentara-su-esperado-disco-con-un-concierto\/#breadcrumb","itemListElement":[{"@type":"ListItem","position":1,"name":"Portada","item":"https:\/\/noticiasmercedinas.com\/site\/"},{"@type":"ListItem","position":2,"name":"Mariel Solari presentar\u00e1 su esperado disco con un concierto"}]},{"@type":"WebSite","@id":"https:\/\/noticiasmercedinas.com\/site\/#website","url":"https:\/\/noticiasmercedinas.com\/site\/","name":"NOTICIASMERCEDINAS.COM","description":"Mercedes, Buenos Aires, Argentina","publisher":{"@id":"https:\/\/noticiasmercedinas.com\/site\/#organization"},"potentialAction":[{"@type":"SearchAction","target":{"@type":"EntryPoint","urlTemplate":"https:\/\/noticiasmercedinas.com\/site\/?s={search_term_string}"},"query-input":{"@type":"PropertyValueSpecification","valueRequired":true,"valueName":"search_term_string"}}],"inLanguage":"es"},{"@type":"Organization","@id":"https:\/\/noticiasmercedinas.com\/site\/#organization","name":"NOTICIASMERCEDINAS.COM","url":"https:\/\/noticiasmercedinas.com\/site\/","logo":{"@type":"ImageObject","inLanguage":"es","@id":"https:\/\/noticiasmercedinas.com\/site\/#\/schema\/logo\/image\/","url":"https:\/\/noticiasmercedinas.com\/site\/wp-content\/uploads\/2020\/06\/LOGO-512.jpg","contentUrl":"https:\/\/noticiasmercedinas.com\/site\/wp-content\/uploads\/2020\/06\/LOGO-512.jpg","width":512,"height":512,"caption":"NOTICIASMERCEDINAS.COM"},"image":{"@id":"https:\/\/noticiasmercedinas.com\/site\/#\/schema\/logo\/image\/"},"sameAs":["https:\/\/www.facebook.com\/noticiasmercedinas\/","https:\/\/x.com\/notmercedinas","https:\/\/www.instagram.com\/noticiasmercedinas\/"]},{"@type":"Person","@id":"https:\/\/noticiasmercedinas.com\/site\/#\/schema\/person\/84b59c099c28ff2e8b77d4ceec5d8063","name":"NOTICIASMERCEDINAS.COM","image":{"@type":"ImageObject","inLanguage":"es","@id":"https:\/\/secure.gravatar.com\/avatar\/4dfbf16b4d17945bfb6341b2d19043457132fcf478a5ee04f42e959fd8f5df0a?s=96&d=mm&r=g","url":"https:\/\/secure.gravatar.com\/avatar\/4dfbf16b4d17945bfb6341b2d19043457132fcf478a5ee04f42e959fd8f5df0a?s=96&d=mm&r=g","contentUrl":"https:\/\/secure.gravatar.com\/avatar\/4dfbf16b4d17945bfb6341b2d19043457132fcf478a5ee04f42e959fd8f5df0a?s=96&d=mm&r=g","caption":"NOTICIASMERCEDINAS.COM"},"url":"https:\/\/noticiasmercedinas.com\/site\/author\/anonimo\/"}]}},"amp_enabled":true,"_links":{"self":[{"href":"https:\/\/noticiasmercedinas.com\/site\/wp-json\/wp\/v2\/posts\/156326","targetHints":{"allow":["GET"]}}],"collection":[{"href":"https:\/\/noticiasmercedinas.com\/site\/wp-json\/wp\/v2\/posts"}],"about":[{"href":"https:\/\/noticiasmercedinas.com\/site\/wp-json\/wp\/v2\/types\/post"}],"author":[{"embeddable":true,"href":"https:\/\/noticiasmercedinas.com\/site\/wp-json\/wp\/v2\/users\/16"}],"replies":[{"embeddable":true,"href":"https:\/\/noticiasmercedinas.com\/site\/wp-json\/wp\/v2\/comments?post=156326"}],"version-history":[{"count":1,"href":"https:\/\/noticiasmercedinas.com\/site\/wp-json\/wp\/v2\/posts\/156326\/revisions"}],"predecessor-version":[{"id":156328,"href":"https:\/\/noticiasmercedinas.com\/site\/wp-json\/wp\/v2\/posts\/156326\/revisions\/156328"}],"wp:featuredmedia":[{"embeddable":true,"href":"https:\/\/noticiasmercedinas.com\/site\/wp-json\/wp\/v2\/media\/156327"}],"wp:attachment":[{"href":"https:\/\/noticiasmercedinas.com\/site\/wp-json\/wp\/v2\/media?parent=156326"}],"wp:term":[{"taxonomy":"category","embeddable":true,"href":"https:\/\/noticiasmercedinas.com\/site\/wp-json\/wp\/v2\/categories?post=156326"},{"taxonomy":"post_tag","embeddable":true,"href":"https:\/\/noticiasmercedinas.com\/site\/wp-json\/wp\/v2\/tags?post=156326"}],"curies":[{"name":"wp","href":"https:\/\/api.w.org\/{rel}","templated":true}]}}