{"id":156445,"date":"2025-04-01T22:22:58","date_gmt":"2025-04-02T01:22:58","guid":{"rendered":"https:\/\/noticiasmercedinas.com\/site\/?p=156445"},"modified":"2025-04-01T22:23:24","modified_gmt":"2025-04-02T01:23:24","slug":"la-ucr-mercedes-rechazo-declaraciones-sobre-un-supuesto-acuerdo-tripartito","status":"publish","type":"post","link":"https:\/\/noticiasmercedinas.com\/site\/2025\/04\/01\/la-ucr-mercedes-rechazo-declaraciones-sobre-un-supuesto-acuerdo-tripartito\/","title":{"rendered":"La UCR Mercedes rechaz\u00f3 declaraciones sobre un supuesto acuerdo tripartito"},"content":{"rendered":"<p><img loading=\"lazy\" decoding=\"async\" class=\"alignnone size-full wp-image-124584\" src=\"https:\/\/noticiasmercedinas.com\/site\/wp-content\/uploads\/2023\/10\/UCR.jpg\" alt=\"\" width=\"640\" height=\"427\" srcset=\"https:\/\/noticiasmercedinas.com\/site\/wp-content\/uploads\/2023\/10\/UCR.jpg 640w, https:\/\/noticiasmercedinas.com\/site\/wp-content\/uploads\/2023\/10\/UCR-300x200.jpg 300w\" sizes=\"auto, (max-width: 640px) 100vw, 640px\" \/><\/p>\n<p>La presidenta del Comit\u00e9 local de la Uni\u00f3n C\u00edvica Radical (UCR), <strong>Karina La Regina<\/strong>, desestim\u00f3 desde ese espacio la existencia de un acuerdo pol\u00edtico entre su partido, el PRO y La Libertad Avanza, <a href=\"https:\/\/noticiasmercedinas.com\/site\/2025\/04\/01\/la-libertad-avanza-el-pro-y-la-ucr-peluca-trabajan-en-la-busqueda-de-consensos-por-mercedes\/\">tal como lo hab\u00eda planteado una concejal del PRO<\/a>. La dirigente radical aclar\u00f3 que el militante Dar\u00edo Allende, se\u00f1alado como referente radical en el supuesto acuerdo, \u00abcarece de representatividad partidaria\u00bb.<\/p>\n<p>\u00abLa b\u00fasqueda de consensos que necesita nuestra ciudad no puede partir de premisas falsas y comunicaciones irresponsables de parte de aquellos que queremos representar a los vecinos de Mercedes\u00bb, expres\u00f3 La Regina, al tiempo que advirti\u00f3 que las autoridades de los partidos opositores no deben \u00abrepetir las actitudes autoritarias\u00bb que vienen criticando al oficialismo en los \u00faltimos diez a\u00f1os.<\/p>\n<blockquote><p>La Regina advirti\u00f3 que las autoridades de los partidos opositores no deben \u00abrepetir las actitudes autoritarias\u00bb que vienen criticando al oficialismo en los \u00faltimos diez a\u00f1os.<\/p><\/blockquote>\n<p>La presidenta del Comit\u00e9 radical sostuvo que Allende es un afiliado del partido pero que su postura respecto a la conformaci\u00f3n de un frente electoral responde a \u00abuna decisi\u00f3n personal\u00bb y no a una posici\u00f3n institucional de la UCR local.<\/p>\n<p>Asimismo, La Regina se\u00f1al\u00f3 que \u00abla b\u00fasqueda de consensos en Mercedes implica sentarse a dialogar con los referentes del partido radical y no recurrir a gestos medi\u00e1ticos\u00bb.<\/p>\n<p>Las declaraciones de la dirigente radical surgen como respuesta a una nota publicada recientemente en la que se afirmaba que dirigentes locales de La Libertad Avanza, el PRO y la UCR estaban en conversaciones para conformar un frente pol\u00edtico en la ciudad. En dicho art\u00edculo, Dar\u00edo Allende destacaba los acercamientos entre los sectores y su entendimiento con el espacio libertario, afirmando que \u00abestamos concentrados en erradicar el populismo de nuestra provincia y nuestra ciudad\u00bb.<\/p>\n<p>El debate en torno a la posible construcci\u00f3n de un espacio opositor en Mercedes sigue abierto, aunque desde la conducci\u00f3n radical local marcan distancia de los anuncios realizados por referentes de otras fuerzas pol\u00edticas.<\/p>\n","protected":false},"excerpt":{"rendered":"<p>\u25a0 \u00abLa b\u00fasqueda de consensos que necesita nuestra ciudad no puede partir de premisas falsas y comunicaciones irresponsables\u00bb, expres\u00f3 la presidenta del Comit\u00e9, Karina La Regina<\/p>\n","protected":false},"author":16,"featured_media":124584,"comment_status":"closed","ping_status":"closed","sticky":false,"template":"","format":"standard","meta":{"footnotes":""},"categories":[16],"tags":[15508,1002],"class_list":["post-156445","post","type-post","status-publish","format-standard","has-post-thumbnail","hentry","category-politica","tag-karina-la-regina","tag-ucr"],"yoast_head":"<!-- This site is optimized with the Yoast SEO plugin v27.4 - https:\/\/yoast.com\/product\/yoast-seo-wordpress\/ -->\n<title>La UCR Mercedes rechaz\u00f3 declaraciones sobre un supuesto acuerdo tripartito<\/title>\n<meta name=\"robots\" content=\"index, follow, max-snippet:-1, max-image-preview:large, max-video-preview:-1\" \/>\n<link rel=\"canonical\" href=\"https:\/\/noticiasmercedinas.com\/site\/2025\/04\/01\/la-ucr-mercedes-rechazo-declaraciones-sobre-un-supuesto-acuerdo-tripartito\/\" \/>\n<meta property=\"og:locale\" content=\"es_ES\" \/>\n<meta property=\"og:type\" content=\"article\" \/>\n<meta property=\"og:title\" content=\"La UCR Mercedes rechaz\u00f3 declaraciones sobre un supuesto acuerdo tripartito\" \/>\n<meta property=\"og:description\" content=\"\u25a0 &quot;La b\u00fasqueda de consensos que necesita nuestra ciudad no puede partir de premisas falsas y comunicaciones irresponsables&quot;, expres\u00f3 la presidenta del Comit\u00e9, Karina La Regina\" \/>\n<meta property=\"og:url\" content=\"https:\/\/noticiasmercedinas.com\/site\/2025\/04\/01\/la-ucr-mercedes-rechazo-declaraciones-sobre-un-supuesto-acuerdo-tripartito\/\" \/>\n<meta property=\"og:site_name\" content=\"NOTICIASMERCEDINAS.COM\" \/>\n<meta property=\"article:publisher\" content=\"https:\/\/www.facebook.com\/noticiasmercedinas\/\" \/>\n<meta property=\"article:published_time\" content=\"2025-04-02T01:22:58+00:00\" \/>\n<meta property=\"article:modified_time\" content=\"2025-04-02T01:23:24+00:00\" \/>\n<meta property=\"og:image\" content=\"https:\/\/noticiasmercedinas.com\/site\/wp-content\/uploads\/2023\/10\/UCR.jpg\" \/>\n\t<meta property=\"og:image:width\" content=\"640\" \/>\n\t<meta property=\"og:image:height\" content=\"427\" \/>\n\t<meta property=\"og:image:type\" content=\"image\/jpeg\" \/>\n<meta name=\"author\" content=\"NOTICIASMERCEDINAS.COM\" \/>\n<meta name=\"twitter:card\" content=\"summary_large_image\" \/>\n<meta name=\"twitter:creator\" content=\"@notmercedinas\" \/>\n<meta name=\"twitter:site\" content=\"@notmercedinas\" \/>\n<meta name=\"twitter:label1\" content=\"Escrito por\" \/>\n\t<meta name=\"twitter:data1\" content=\"NOTICIASMERCEDINAS.COM\" \/>\n\t<meta name=\"twitter:label2\" content=\"Tiempo de lectura\" \/>\n\t<meta name=\"twitter:data2\" content=\"2 minutos\" \/>\n<script type=\"application\/ld+json\" class=\"yoast-schema-graph\">{\"@context\":\"https:\\\/\\\/schema.org\",\"@graph\":[{\"@type\":\"Article\",\"@id\":\"https:\\\/\\\/noticiasmercedinas.com\\\/site\\\/2025\\\/04\\\/01\\\/la-ucr-mercedes-rechazo-declaraciones-sobre-un-supuesto-acuerdo-tripartito\\\/#article\",\"isPartOf\":{\"@id\":\"https:\\\/\\\/noticiasmercedinas.com\\\/site\\\/2025\\\/04\\\/01\\\/la-ucr-mercedes-rechazo-declaraciones-sobre-un-supuesto-acuerdo-tripartito\\\/\"},\"author\":{\"name\":\"NOTICIASMERCEDINAS.COM\",\"@id\":\"https:\\\/\\\/noticiasmercedinas.com\\\/site\\\/#\\\/schema\\\/person\\\/84b59c099c28ff2e8b77d4ceec5d8063\"},\"headline\":\"La UCR Mercedes rechaz\u00f3 declaraciones sobre un supuesto acuerdo tripartito\",\"datePublished\":\"2025-04-02T01:22:58+00:00\",\"dateModified\":\"2025-04-02T01:23:24+00:00\",\"mainEntityOfPage\":{\"@id\":\"https:\\\/\\\/noticiasmercedinas.com\\\/site\\\/2025\\\/04\\\/01\\\/la-ucr-mercedes-rechazo-declaraciones-sobre-un-supuesto-acuerdo-tripartito\\\/\"},\"wordCount\":354,\"publisher\":{\"@id\":\"https:\\\/\\\/noticiasmercedinas.com\\\/site\\\/#organization\"},\"image\":{\"@id\":\"https:\\\/\\\/noticiasmercedinas.com\\\/site\\\/2025\\\/04\\\/01\\\/la-ucr-mercedes-rechazo-declaraciones-sobre-un-supuesto-acuerdo-tripartito\\\/#primaryimage\"},\"thumbnailUrl\":\"https:\\\/\\\/noticiasmercedinas.com\\\/site\\\/wp-content\\\/uploads\\\/2023\\\/10\\\/UCR.jpg\",\"keywords\":[\"karina la regina\",\"Ucr\"],\"articleSection\":[\"Politica\"],\"inLanguage\":\"es\"},{\"@type\":\"WebPage\",\"@id\":\"https:\\\/\\\/noticiasmercedinas.com\\\/site\\\/2025\\\/04\\\/01\\\/la-ucr-mercedes-rechazo-declaraciones-sobre-un-supuesto-acuerdo-tripartito\\\/\",\"url\":\"https:\\\/\\\/noticiasmercedinas.com\\\/site\\\/2025\\\/04\\\/01\\\/la-ucr-mercedes-rechazo-declaraciones-sobre-un-supuesto-acuerdo-tripartito\\\/\",\"name\":\"La UCR Mercedes rechaz\u00f3 declaraciones sobre un supuesto acuerdo tripartito\",\"isPartOf\":{\"@id\":\"https:\\\/\\\/noticiasmercedinas.com\\\/site\\\/#website\"},\"primaryImageOfPage\":{\"@id\":\"https:\\\/\\\/noticiasmercedinas.com\\\/site\\\/2025\\\/04\\\/01\\\/la-ucr-mercedes-rechazo-declaraciones-sobre-un-supuesto-acuerdo-tripartito\\\/#primaryimage\"},\"image\":{\"@id\":\"https:\\\/\\\/noticiasmercedinas.com\\\/site\\\/2025\\\/04\\\/01\\\/la-ucr-mercedes-rechazo-declaraciones-sobre-un-supuesto-acuerdo-tripartito\\\/#primaryimage\"},\"thumbnailUrl\":\"https:\\\/\\\/noticiasmercedinas.com\\\/site\\\/wp-content\\\/uploads\\\/2023\\\/10\\\/UCR.jpg\",\"datePublished\":\"2025-04-02T01:22:58+00:00\",\"dateModified\":\"2025-04-02T01:23:24+00:00\",\"breadcrumb\":{\"@id\":\"https:\\\/\\\/noticiasmercedinas.com\\\/site\\\/2025\\\/04\\\/01\\\/la-ucr-mercedes-rechazo-declaraciones-sobre-un-supuesto-acuerdo-tripartito\\\/#breadcrumb\"},\"inLanguage\":\"es\",\"potentialAction\":[{\"@type\":\"ReadAction\",\"target\":[\"https:\\\/\\\/noticiasmercedinas.com\\\/site\\\/2025\\\/04\\\/01\\\/la-ucr-mercedes-rechazo-declaraciones-sobre-un-supuesto-acuerdo-tripartito\\\/\"]}]},{\"@type\":\"ImageObject\",\"inLanguage\":\"es\",\"@id\":\"https:\\\/\\\/noticiasmercedinas.com\\\/site\\\/2025\\\/04\\\/01\\\/la-ucr-mercedes-rechazo-declaraciones-sobre-un-supuesto-acuerdo-tripartito\\\/#primaryimage\",\"url\":\"https:\\\/\\\/noticiasmercedinas.com\\\/site\\\/wp-content\\\/uploads\\\/2023\\\/10\\\/UCR.jpg\",\"contentUrl\":\"https:\\\/\\\/noticiasmercedinas.com\\\/site\\\/wp-content\\\/uploads\\\/2023\\\/10\\\/UCR.jpg\",\"width\":640,\"height\":427},{\"@type\":\"BreadcrumbList\",\"@id\":\"https:\\\/\\\/noticiasmercedinas.com\\\/site\\\/2025\\\/04\\\/01\\\/la-ucr-mercedes-rechazo-declaraciones-sobre-un-supuesto-acuerdo-tripartito\\\/#breadcrumb\",\"itemListElement\":[{\"@type\":\"ListItem\",\"position\":1,\"name\":\"Portada\",\"item\":\"https:\\\/\\\/noticiasmercedinas.com\\\/site\\\/\"},{\"@type\":\"ListItem\",\"position\":2,\"name\":\"La UCR Mercedes rechaz\u00f3 declaraciones sobre un supuesto acuerdo tripartito\"}]},{\"@type\":\"WebSite\",\"@id\":\"https:\\\/\\\/noticiasmercedinas.com\\\/site\\\/#website\",\"url\":\"https:\\\/\\\/noticiasmercedinas.com\\\/site\\\/\",\"name\":\"NOTICIASMERCEDINAS.COM\",\"description\":\"Mercedes, Buenos Aires, Argentina\",\"publisher\":{\"@id\":\"https:\\\/\\\/noticiasmercedinas.com\\\/site\\\/#organization\"},\"potentialAction\":[{\"@type\":\"SearchAction\",\"target\":{\"@type\":\"EntryPoint\",\"urlTemplate\":\"https:\\\/\\\/noticiasmercedinas.com\\\/site\\\/?s={search_term_string}\"},\"query-input\":{\"@type\":\"PropertyValueSpecification\",\"valueRequired\":true,\"valueName\":\"search_term_string\"}}],\"inLanguage\":\"es\"},{\"@type\":\"Organization\",\"@id\":\"https:\\\/\\\/noticiasmercedinas.com\\\/site\\\/#organization\",\"name\":\"NOTICIASMERCEDINAS.COM\",\"url\":\"https:\\\/\\\/noticiasmercedinas.com\\\/site\\\/\",\"logo\":{\"@type\":\"ImageObject\",\"inLanguage\":\"es\",\"@id\":\"https:\\\/\\\/noticiasmercedinas.com\\\/site\\\/#\\\/schema\\\/logo\\\/image\\\/\",\"url\":\"https:\\\/\\\/noticiasmercedinas.com\\\/site\\\/wp-content\\\/uploads\\\/2020\\\/06\\\/LOGO-512.jpg\",\"contentUrl\":\"https:\\\/\\\/noticiasmercedinas.com\\\/site\\\/wp-content\\\/uploads\\\/2020\\\/06\\\/LOGO-512.jpg\",\"width\":512,\"height\":512,\"caption\":\"NOTICIASMERCEDINAS.COM\"},\"image\":{\"@id\":\"https:\\\/\\\/noticiasmercedinas.com\\\/site\\\/#\\\/schema\\\/logo\\\/image\\\/\"},\"sameAs\":[\"https:\\\/\\\/www.facebook.com\\\/noticiasmercedinas\\\/\",\"https:\\\/\\\/x.com\\\/notmercedinas\",\"https:\\\/\\\/www.instagram.com\\\/noticiasmercedinas\\\/\"]},{\"@type\":\"Person\",\"@id\":\"https:\\\/\\\/noticiasmercedinas.com\\\/site\\\/#\\\/schema\\\/person\\\/84b59c099c28ff2e8b77d4ceec5d8063\",\"name\":\"NOTICIASMERCEDINAS.COM\",\"image\":{\"@type\":\"ImageObject\",\"inLanguage\":\"es\",\"@id\":\"https:\\\/\\\/secure.gravatar.com\\\/avatar\\\/4dfbf16b4d17945bfb6341b2d19043457132fcf478a5ee04f42e959fd8f5df0a?s=96&d=mm&r=g\",\"url\":\"https:\\\/\\\/secure.gravatar.com\\\/avatar\\\/4dfbf16b4d17945bfb6341b2d19043457132fcf478a5ee04f42e959fd8f5df0a?s=96&d=mm&r=g\",\"contentUrl\":\"https:\\\/\\\/secure.gravatar.com\\\/avatar\\\/4dfbf16b4d17945bfb6341b2d19043457132fcf478a5ee04f42e959fd8f5df0a?s=96&d=mm&r=g\",\"caption\":\"NOTICIASMERCEDINAS.COM\"},\"url\":\"https:\\\/\\\/noticiasmercedinas.com\\\/site\\\/author\\\/anonimo\\\/\"}]}<\/script>\n<!-- \/ Yoast SEO plugin. -->","yoast_head_json":{"title":"La UCR Mercedes rechaz\u00f3 declaraciones sobre un supuesto acuerdo tripartito","robots":{"index":"index","follow":"follow","max-snippet":"max-snippet:-1","max-image-preview":"max-image-preview:large","max-video-preview":"max-video-preview:-1"},"canonical":"https:\/\/noticiasmercedinas.com\/site\/2025\/04\/01\/la-ucr-mercedes-rechazo-declaraciones-sobre-un-supuesto-acuerdo-tripartito\/","og_locale":"es_ES","og_type":"article","og_title":"La UCR Mercedes rechaz\u00f3 declaraciones sobre un supuesto acuerdo tripartito","og_description":"\u25a0 \"La b\u00fasqueda de consensos que necesita nuestra ciudad no puede partir de premisas falsas y comunicaciones irresponsables\", expres\u00f3 la presidenta del Comit\u00e9, Karina La Regina","og_url":"https:\/\/noticiasmercedinas.com\/site\/2025\/04\/01\/la-ucr-mercedes-rechazo-declaraciones-sobre-un-supuesto-acuerdo-tripartito\/","og_site_name":"NOTICIASMERCEDINAS.COM","article_publisher":"https:\/\/www.facebook.com\/noticiasmercedinas\/","article_published_time":"2025-04-02T01:22:58+00:00","article_modified_time":"2025-04-02T01:23:24+00:00","og_image":[{"width":640,"height":427,"url":"https:\/\/noticiasmercedinas.com\/site\/wp-content\/uploads\/2023\/10\/UCR.jpg","type":"image\/jpeg"}],"author":"NOTICIASMERCEDINAS.COM","twitter_card":"summary_large_image","twitter_creator":"@notmercedinas","twitter_site":"@notmercedinas","twitter_misc":{"Escrito por":"NOTICIASMERCEDINAS.COM","Tiempo de lectura":"2 minutos"},"schema":{"@context":"https:\/\/schema.org","@graph":[{"@type":"Article","@id":"https:\/\/noticiasmercedinas.com\/site\/2025\/04\/01\/la-ucr-mercedes-rechazo-declaraciones-sobre-un-supuesto-acuerdo-tripartito\/#article","isPartOf":{"@id":"https:\/\/noticiasmercedinas.com\/site\/2025\/04\/01\/la-ucr-mercedes-rechazo-declaraciones-sobre-un-supuesto-acuerdo-tripartito\/"},"author":{"name":"NOTICIASMERCEDINAS.COM","@id":"https:\/\/noticiasmercedinas.com\/site\/#\/schema\/person\/84b59c099c28ff2e8b77d4ceec5d8063"},"headline":"La UCR Mercedes rechaz\u00f3 declaraciones sobre un supuesto acuerdo tripartito","datePublished":"2025-04-02T01:22:58+00:00","dateModified":"2025-04-02T01:23:24+00:00","mainEntityOfPage":{"@id":"https:\/\/noticiasmercedinas.com\/site\/2025\/04\/01\/la-ucr-mercedes-rechazo-declaraciones-sobre-un-supuesto-acuerdo-tripartito\/"},"wordCount":354,"publisher":{"@id":"https:\/\/noticiasmercedinas.com\/site\/#organization"},"image":{"@id":"https:\/\/noticiasmercedinas.com\/site\/2025\/04\/01\/la-ucr-mercedes-rechazo-declaraciones-sobre-un-supuesto-acuerdo-tripartito\/#primaryimage"},"thumbnailUrl":"https:\/\/noticiasmercedinas.com\/site\/wp-content\/uploads\/2023\/10\/UCR.jpg","keywords":["karina la regina","Ucr"],"articleSection":["Politica"],"inLanguage":"es"},{"@type":"WebPage","@id":"https:\/\/noticiasmercedinas.com\/site\/2025\/04\/01\/la-ucr-mercedes-rechazo-declaraciones-sobre-un-supuesto-acuerdo-tripartito\/","url":"https:\/\/noticiasmercedinas.com\/site\/2025\/04\/01\/la-ucr-mercedes-rechazo-declaraciones-sobre-un-supuesto-acuerdo-tripartito\/","name":"La UCR Mercedes rechaz\u00f3 declaraciones sobre un supuesto acuerdo tripartito","isPartOf":{"@id":"https:\/\/noticiasmercedinas.com\/site\/#website"},"primaryImageOfPage":{"@id":"https:\/\/noticiasmercedinas.com\/site\/2025\/04\/01\/la-ucr-mercedes-rechazo-declaraciones-sobre-un-supuesto-acuerdo-tripartito\/#primaryimage"},"image":{"@id":"https:\/\/noticiasmercedinas.com\/site\/2025\/04\/01\/la-ucr-mercedes-rechazo-declaraciones-sobre-un-supuesto-acuerdo-tripartito\/#primaryimage"},"thumbnailUrl":"https:\/\/noticiasmercedinas.com\/site\/wp-content\/uploads\/2023\/10\/UCR.jpg","datePublished":"2025-04-02T01:22:58+00:00","dateModified":"2025-04-02T01:23:24+00:00","breadcrumb":{"@id":"https:\/\/noticiasmercedinas.com\/site\/2025\/04\/01\/la-ucr-mercedes-rechazo-declaraciones-sobre-un-supuesto-acuerdo-tripartito\/#breadcrumb"},"inLanguage":"es","potentialAction":[{"@type":"ReadAction","target":["https:\/\/noticiasmercedinas.com\/site\/2025\/04\/01\/la-ucr-mercedes-rechazo-declaraciones-sobre-un-supuesto-acuerdo-tripartito\/"]}]},{"@type":"ImageObject","inLanguage":"es","@id":"https:\/\/noticiasmercedinas.com\/site\/2025\/04\/01\/la-ucr-mercedes-rechazo-declaraciones-sobre-un-supuesto-acuerdo-tripartito\/#primaryimage","url":"https:\/\/noticiasmercedinas.com\/site\/wp-content\/uploads\/2023\/10\/UCR.jpg","contentUrl":"https:\/\/noticiasmercedinas.com\/site\/wp-content\/uploads\/2023\/10\/UCR.jpg","width":640,"height":427},{"@type":"BreadcrumbList","@id":"https:\/\/noticiasmercedinas.com\/site\/2025\/04\/01\/la-ucr-mercedes-rechazo-declaraciones-sobre-un-supuesto-acuerdo-tripartito\/#breadcrumb","itemListElement":[{"@type":"ListItem","position":1,"name":"Portada","item":"https:\/\/noticiasmercedinas.com\/site\/"},{"@type":"ListItem","position":2,"name":"La UCR Mercedes rechaz\u00f3 declaraciones sobre un supuesto acuerdo tripartito"}]},{"@type":"WebSite","@id":"https:\/\/noticiasmercedinas.com\/site\/#website","url":"https:\/\/noticiasmercedinas.com\/site\/","name":"NOTICIASMERCEDINAS.COM","description":"Mercedes, Buenos Aires, Argentina","publisher":{"@id":"https:\/\/noticiasmercedinas.com\/site\/#organization"},"potentialAction":[{"@type":"SearchAction","target":{"@type":"EntryPoint","urlTemplate":"https:\/\/noticiasmercedinas.com\/site\/?s={search_term_string}"},"query-input":{"@type":"PropertyValueSpecification","valueRequired":true,"valueName":"search_term_string"}}],"inLanguage":"es"},{"@type":"Organization","@id":"https:\/\/noticiasmercedinas.com\/site\/#organization","name":"NOTICIASMERCEDINAS.COM","url":"https:\/\/noticiasmercedinas.com\/site\/","logo":{"@type":"ImageObject","inLanguage":"es","@id":"https:\/\/noticiasmercedinas.com\/site\/#\/schema\/logo\/image\/","url":"https:\/\/noticiasmercedinas.com\/site\/wp-content\/uploads\/2020\/06\/LOGO-512.jpg","contentUrl":"https:\/\/noticiasmercedinas.com\/site\/wp-content\/uploads\/2020\/06\/LOGO-512.jpg","width":512,"height":512,"caption":"NOTICIASMERCEDINAS.COM"},"image":{"@id":"https:\/\/noticiasmercedinas.com\/site\/#\/schema\/logo\/image\/"},"sameAs":["https:\/\/www.facebook.com\/noticiasmercedinas\/","https:\/\/x.com\/notmercedinas","https:\/\/www.instagram.com\/noticiasmercedinas\/"]},{"@type":"Person","@id":"https:\/\/noticiasmercedinas.com\/site\/#\/schema\/person\/84b59c099c28ff2e8b77d4ceec5d8063","name":"NOTICIASMERCEDINAS.COM","image":{"@type":"ImageObject","inLanguage":"es","@id":"https:\/\/secure.gravatar.com\/avatar\/4dfbf16b4d17945bfb6341b2d19043457132fcf478a5ee04f42e959fd8f5df0a?s=96&d=mm&r=g","url":"https:\/\/secure.gravatar.com\/avatar\/4dfbf16b4d17945bfb6341b2d19043457132fcf478a5ee04f42e959fd8f5df0a?s=96&d=mm&r=g","contentUrl":"https:\/\/secure.gravatar.com\/avatar\/4dfbf16b4d17945bfb6341b2d19043457132fcf478a5ee04f42e959fd8f5df0a?s=96&d=mm&r=g","caption":"NOTICIASMERCEDINAS.COM"},"url":"https:\/\/noticiasmercedinas.com\/site\/author\/anonimo\/"}]}},"amp_enabled":true,"_links":{"self":[{"href":"https:\/\/noticiasmercedinas.com\/site\/wp-json\/wp\/v2\/posts\/156445","targetHints":{"allow":["GET"]}}],"collection":[{"href":"https:\/\/noticiasmercedinas.com\/site\/wp-json\/wp\/v2\/posts"}],"about":[{"href":"https:\/\/noticiasmercedinas.com\/site\/wp-json\/wp\/v2\/types\/post"}],"author":[{"embeddable":true,"href":"https:\/\/noticiasmercedinas.com\/site\/wp-json\/wp\/v2\/users\/16"}],"replies":[{"embeddable":true,"href":"https:\/\/noticiasmercedinas.com\/site\/wp-json\/wp\/v2\/comments?post=156445"}],"version-history":[{"count":2,"href":"https:\/\/noticiasmercedinas.com\/site\/wp-json\/wp\/v2\/posts\/156445\/revisions"}],"predecessor-version":[{"id":156447,"href":"https:\/\/noticiasmercedinas.com\/site\/wp-json\/wp\/v2\/posts\/156445\/revisions\/156447"}],"wp:featuredmedia":[{"embeddable":true,"href":"https:\/\/noticiasmercedinas.com\/site\/wp-json\/wp\/v2\/media\/124584"}],"wp:attachment":[{"href":"https:\/\/noticiasmercedinas.com\/site\/wp-json\/wp\/v2\/media?parent=156445"}],"wp:term":[{"taxonomy":"category","embeddable":true,"href":"https:\/\/noticiasmercedinas.com\/site\/wp-json\/wp\/v2\/categories?post=156445"},{"taxonomy":"post_tag","embeddable":true,"href":"https:\/\/noticiasmercedinas.com\/site\/wp-json\/wp\/v2\/tags?post=156445"}],"curies":[{"name":"wp","href":"https:\/\/api.w.org\/{rel}","templated":true}]}}