{"id":156667,"date":"2025-04-05T09:17:32","date_gmt":"2025-04-05T12:17:32","guid":{"rendered":"https:\/\/noticiasmercedinas.com\/site\/?p=156667"},"modified":"2025-04-05T09:19:08","modified_gmt":"2025-04-05T12:19:08","slug":"wado-de-pedro-pidio-decirle-nunca-mas-al-fmi-y-cuestiono-duramente-al-gobierno-de-milei","status":"publish","type":"post","link":"https:\/\/noticiasmercedinas.com\/site\/2025\/04\/05\/wado-de-pedro-pidio-decirle-nunca-mas-al-fmi-y-cuestiono-duramente-al-gobierno-de-milei\/","title":{"rendered":"Wado de Pedro pidi\u00f3 decirle \u00abnunca m\u00e1s\u00bb al FMI y cuestion\u00f3 duramente al gobierno de Milei"},"content":{"rendered":"<p><img loading=\"lazy\" decoding=\"async\" class=\"alignnone size-full wp-image-156669\" src=\"https:\/\/noticiasmercedinas.com\/site\/wp-content\/uploads\/2025\/04\/IMG_20250405_085751.jpg\" alt=\"\" width=\"667\" height=\"466\" srcset=\"https:\/\/noticiasmercedinas.com\/site\/wp-content\/uploads\/2025\/04\/IMG_20250405_085751.jpg 667w, https:\/\/noticiasmercedinas.com\/site\/wp-content\/uploads\/2025\/04\/IMG_20250405_085751-300x210.jpg 300w, https:\/\/noticiasmercedinas.com\/site\/wp-content\/uploads\/2025\/04\/IMG_20250405_085751-640x447.jpg 640w\" sizes=\"auto, (max-width: 667px) 100vw, 667px\" \/><\/p>\n<p>En el marco de un homenaje del Senado a los h\u00e9roes de Malvinas, el senador nacional Eduardo \u201cWado\u201d de Pedro lanz\u00f3 fuertes cr\u00edticas al gobierno de Javier Milei y pidi\u00f3 decirle \u00abnunca m\u00e1s\u00bb al endeudamiento con el Fondo Monetario Internacional (FMI).<\/p>\n<p>En su intervenci\u00f3n, compar\u00f3 las pol\u00edticas actuales con las aplicadas durante la \u00faltima dictadura militar y el menemismo.<\/p>\n<p>\u00abEstamos ante un gobierno que reivindica la tortura y el asesinato y tambi\u00e9n implementa las mismas pol\u00edticas econ\u00f3micas que implementaron [Jos\u00e9 Alfredo] Mart\u00ednez de Hoz y [Domingo] Cavallo\u00bb, sostuvo el senador, al tiempo que denunci\u00f3 la dependencia del actual Ejecutivo con el gobierno de Estados Unidos: \u201cVolvemos a tener un presidente que le pide permiso al presidente de los Estados Unidos de cada pol\u00edtica que hace\u201d.<\/p>\n<p>De Pedro record\u00f3 que antes del golpe de Estado de 1976, Argentina ten\u00eda una desocupaci\u00f3n del 4% y una pobreza del 5%, con un Estado fuerte y niveles altos de educaci\u00f3n y empleo. Sin embargo, tras la llegada del r\u00e9gimen militar y el regreso al FMI, la deuda externa creci\u00f3 de 7.000 millones a m\u00e1s de 45.000 millones de d\u00f3lares.<\/p>\n<p>\u00abVamos a trabajar fuertemente para que la Argentina vuelva a tener un &#8216;nunca m\u00e1s&#8217;, que es el nunca m\u00e1s a la deuda externa, nunca m\u00e1s al Fondo Monetario Internacional, para volver a tener las riendas y la conducci\u00f3n de la pol\u00edtica econ\u00f3mica\u00bb, concluy\u00f3, se\u00f1alando que esa es la condici\u00f3n fundamental para alcanzar \u00absoberan\u00eda, independencia y felicidad para el pueblo argentino\u00bb.<\/p>\n","protected":false},"excerpt":{"rendered":"<p>\u25a0 \u00abVamos a trabajar fuertemente para que la Argentina vuelva a tener un &#8216;nunca m\u00e1s&#8217;, que es el nunca m\u00e1s a la deuda externa, nunca m\u00e1s al Fondo Monetario Internacional, para volver a tener las riendas y la conducci\u00f3n de la pol\u00edtica econ\u00f3mica\u00bb, remarc\u00f3.<\/p>\n","protected":false},"author":16,"featured_media":156669,"comment_status":"closed","ping_status":"closed","sticky":false,"template":"","format":"standard","meta":{"footnotes":""},"categories":[16],"tags":[7494,699,7771,7104],"class_list":["post-156667","post","type-post","status-publish","format-standard","has-post-thumbnail","hentry","category-politica","tag-eduardo-wado-de-pedro-2","tag-memoria","tag-nunca-mas","tag-senado"],"yoast_head":"<!-- This site is optimized with the Yoast SEO plugin v27.5 - https:\/\/yoast.com\/product\/yoast-seo-wordpress\/ -->\n<title>Wado de Pedro pidi\u00f3 decirle &quot;nunca m\u00e1s&quot; al FMI y cuestion\u00f3 duramente al gobierno de Milei<\/title>\n<meta name=\"description\" content=\"&quot;Vamos a trabajar fuertemente para que la Argentina vuelva a tener un &#039;nunca m\u00e1s&#039;, que es el nunca m\u00e1s a la deuda externa, nunca m\u00e1s al Fondo Monetario Internacional, para volver a tener las riendas y la conducci\u00f3n de la pol\u00edtica econ\u00f3mica&quot;, indic\u00f3\" \/>\n<meta name=\"robots\" content=\"index, follow, max-snippet:-1, max-image-preview:large, max-video-preview:-1\" \/>\n<link rel=\"canonical\" href=\"https:\/\/noticiasmercedinas.com\/site\/2025\/04\/05\/wado-de-pedro-pidio-decirle-nunca-mas-al-fmi-y-cuestiono-duramente-al-gobierno-de-milei\/\" \/>\n<meta property=\"og:locale\" content=\"es_ES\" \/>\n<meta property=\"og:type\" content=\"article\" \/>\n<meta property=\"og:title\" content=\"Wado de Pedro pidi\u00f3 decirle &quot;nunca m\u00e1s&quot; al FMI y cuestion\u00f3 duramente al gobierno de Milei\" \/>\n<meta property=\"og:description\" content=\"&quot;Vamos a trabajar fuertemente para que la Argentina vuelva a tener un &#039;nunca m\u00e1s&#039;, que es el nunca m\u00e1s a la deuda externa, nunca m\u00e1s al Fondo Monetario Internacional, para volver a tener las riendas y la conducci\u00f3n de la pol\u00edtica econ\u00f3mica&quot;, indic\u00f3\" \/>\n<meta property=\"og:url\" content=\"https:\/\/noticiasmercedinas.com\/site\/2025\/04\/05\/wado-de-pedro-pidio-decirle-nunca-mas-al-fmi-y-cuestiono-duramente-al-gobierno-de-milei\/\" \/>\n<meta property=\"og:site_name\" content=\"NOTICIASMERCEDINAS.COM\" \/>\n<meta property=\"article:publisher\" content=\"https:\/\/www.facebook.com\/noticiasmercedinas\/\" \/>\n<meta property=\"article:published_time\" content=\"2025-04-05T12:17:32+00:00\" \/>\n<meta property=\"article:modified_time\" content=\"2025-04-05T12:19:08+00:00\" \/>\n<meta property=\"og:image\" content=\"https:\/\/noticiasmercedinas.com\/site\/wp-content\/uploads\/2025\/04\/IMG_20250405_085751.jpg\" \/>\n\t<meta property=\"og:image:width\" content=\"667\" \/>\n\t<meta property=\"og:image:height\" content=\"466\" \/>\n\t<meta property=\"og:image:type\" content=\"image\/jpeg\" \/>\n<meta name=\"author\" content=\"NOTICIASMERCEDINAS.COM\" \/>\n<meta name=\"twitter:card\" content=\"summary_large_image\" \/>\n<meta name=\"twitter:creator\" content=\"@notmercedinas\" \/>\n<meta name=\"twitter:site\" content=\"@notmercedinas\" \/>\n<meta name=\"twitter:label1\" content=\"Escrito por\" \/>\n\t<meta name=\"twitter:data1\" content=\"NOTICIASMERCEDINAS.COM\" \/>\n\t<meta name=\"twitter:label2\" content=\"Tiempo de lectura\" \/>\n\t<meta name=\"twitter:data2\" content=\"2 minutos\" \/>\n<script type=\"application\/ld+json\" class=\"yoast-schema-graph\">{\"@context\":\"https:\\\/\\\/schema.org\",\"@graph\":[{\"@type\":\"Article\",\"@id\":\"https:\\\/\\\/noticiasmercedinas.com\\\/site\\\/2025\\\/04\\\/05\\\/wado-de-pedro-pidio-decirle-nunca-mas-al-fmi-y-cuestiono-duramente-al-gobierno-de-milei\\\/#article\",\"isPartOf\":{\"@id\":\"https:\\\/\\\/noticiasmercedinas.com\\\/site\\\/2025\\\/04\\\/05\\\/wado-de-pedro-pidio-decirle-nunca-mas-al-fmi-y-cuestiono-duramente-al-gobierno-de-milei\\\/\"},\"author\":{\"name\":\"NOTICIASMERCEDINAS.COM\",\"@id\":\"https:\\\/\\\/noticiasmercedinas.com\\\/site\\\/#\\\/schema\\\/person\\\/84b59c099c28ff2e8b77d4ceec5d8063\"},\"headline\":\"Wado de Pedro pidi\u00f3 decirle \u00abnunca m\u00e1s\u00bb al FMI y cuestion\u00f3 duramente al gobierno de Milei\",\"datePublished\":\"2025-04-05T12:17:32+00:00\",\"dateModified\":\"2025-04-05T12:19:08+00:00\",\"mainEntityOfPage\":{\"@id\":\"https:\\\/\\\/noticiasmercedinas.com\\\/site\\\/2025\\\/04\\\/05\\\/wado-de-pedro-pidio-decirle-nunca-mas-al-fmi-y-cuestiono-duramente-al-gobierno-de-milei\\\/\"},\"wordCount\":282,\"publisher\":{\"@id\":\"https:\\\/\\\/noticiasmercedinas.com\\\/site\\\/#organization\"},\"image\":{\"@id\":\"https:\\\/\\\/noticiasmercedinas.com\\\/site\\\/2025\\\/04\\\/05\\\/wado-de-pedro-pidio-decirle-nunca-mas-al-fmi-y-cuestiono-duramente-al-gobierno-de-milei\\\/#primaryimage\"},\"thumbnailUrl\":\"https:\\\/\\\/noticiasmercedinas.com\\\/site\\\/wp-content\\\/uploads\\\/2025\\\/04\\\/IMG_20250405_085751.jpg\",\"keywords\":[\"Eduardo wado de Pedro\",\"memoria\",\"nunca mas\",\"Senado\"],\"articleSection\":[\"Politica\"],\"inLanguage\":\"es\"},{\"@type\":\"WebPage\",\"@id\":\"https:\\\/\\\/noticiasmercedinas.com\\\/site\\\/2025\\\/04\\\/05\\\/wado-de-pedro-pidio-decirle-nunca-mas-al-fmi-y-cuestiono-duramente-al-gobierno-de-milei\\\/\",\"url\":\"https:\\\/\\\/noticiasmercedinas.com\\\/site\\\/2025\\\/04\\\/05\\\/wado-de-pedro-pidio-decirle-nunca-mas-al-fmi-y-cuestiono-duramente-al-gobierno-de-milei\\\/\",\"name\":\"Wado de Pedro pidi\u00f3 decirle \\\"nunca m\u00e1s\\\" al FMI y cuestion\u00f3 duramente al gobierno de Milei\",\"isPartOf\":{\"@id\":\"https:\\\/\\\/noticiasmercedinas.com\\\/site\\\/#website\"},\"primaryImageOfPage\":{\"@id\":\"https:\\\/\\\/noticiasmercedinas.com\\\/site\\\/2025\\\/04\\\/05\\\/wado-de-pedro-pidio-decirle-nunca-mas-al-fmi-y-cuestiono-duramente-al-gobierno-de-milei\\\/#primaryimage\"},\"image\":{\"@id\":\"https:\\\/\\\/noticiasmercedinas.com\\\/site\\\/2025\\\/04\\\/05\\\/wado-de-pedro-pidio-decirle-nunca-mas-al-fmi-y-cuestiono-duramente-al-gobierno-de-milei\\\/#primaryimage\"},\"thumbnailUrl\":\"https:\\\/\\\/noticiasmercedinas.com\\\/site\\\/wp-content\\\/uploads\\\/2025\\\/04\\\/IMG_20250405_085751.jpg\",\"datePublished\":\"2025-04-05T12:17:32+00:00\",\"dateModified\":\"2025-04-05T12:19:08+00:00\",\"description\":\"\\\"Vamos a trabajar fuertemente para que la Argentina vuelva a tener un 'nunca m\u00e1s', que es el nunca m\u00e1s a la deuda externa, nunca m\u00e1s al Fondo Monetario Internacional, para volver a tener las riendas y la conducci\u00f3n de la pol\u00edtica econ\u00f3mica\\\", indic\u00f3\",\"breadcrumb\":{\"@id\":\"https:\\\/\\\/noticiasmercedinas.com\\\/site\\\/2025\\\/04\\\/05\\\/wado-de-pedro-pidio-decirle-nunca-mas-al-fmi-y-cuestiono-duramente-al-gobierno-de-milei\\\/#breadcrumb\"},\"inLanguage\":\"es\",\"potentialAction\":[{\"@type\":\"ReadAction\",\"target\":[\"https:\\\/\\\/noticiasmercedinas.com\\\/site\\\/2025\\\/04\\\/05\\\/wado-de-pedro-pidio-decirle-nunca-mas-al-fmi-y-cuestiono-duramente-al-gobierno-de-milei\\\/\"]}]},{\"@type\":\"ImageObject\",\"inLanguage\":\"es\",\"@id\":\"https:\\\/\\\/noticiasmercedinas.com\\\/site\\\/2025\\\/04\\\/05\\\/wado-de-pedro-pidio-decirle-nunca-mas-al-fmi-y-cuestiono-duramente-al-gobierno-de-milei\\\/#primaryimage\",\"url\":\"https:\\\/\\\/noticiasmercedinas.com\\\/site\\\/wp-content\\\/uploads\\\/2025\\\/04\\\/IMG_20250405_085751.jpg\",\"contentUrl\":\"https:\\\/\\\/noticiasmercedinas.com\\\/site\\\/wp-content\\\/uploads\\\/2025\\\/04\\\/IMG_20250405_085751.jpg\",\"width\":667,\"height\":466},{\"@type\":\"BreadcrumbList\",\"@id\":\"https:\\\/\\\/noticiasmercedinas.com\\\/site\\\/2025\\\/04\\\/05\\\/wado-de-pedro-pidio-decirle-nunca-mas-al-fmi-y-cuestiono-duramente-al-gobierno-de-milei\\\/#breadcrumb\",\"itemListElement\":[{\"@type\":\"ListItem\",\"position\":1,\"name\":\"Portada\",\"item\":\"https:\\\/\\\/noticiasmercedinas.com\\\/site\\\/\"},{\"@type\":\"ListItem\",\"position\":2,\"name\":\"Wado de Pedro pidi\u00f3 decirle \u00abnunca m\u00e1s\u00bb al FMI y cuestion\u00f3 duramente al gobierno de Milei\"}]},{\"@type\":\"WebSite\",\"@id\":\"https:\\\/\\\/noticiasmercedinas.com\\\/site\\\/#website\",\"url\":\"https:\\\/\\\/noticiasmercedinas.com\\\/site\\\/\",\"name\":\"NOTICIASMERCEDINAS.COM\",\"description\":\"Mercedes, Buenos Aires, Argentina\",\"publisher\":{\"@id\":\"https:\\\/\\\/noticiasmercedinas.com\\\/site\\\/#organization\"},\"potentialAction\":[{\"@type\":\"SearchAction\",\"target\":{\"@type\":\"EntryPoint\",\"urlTemplate\":\"https:\\\/\\\/noticiasmercedinas.com\\\/site\\\/?s={search_term_string}\"},\"query-input\":{\"@type\":\"PropertyValueSpecification\",\"valueRequired\":true,\"valueName\":\"search_term_string\"}}],\"inLanguage\":\"es\"},{\"@type\":\"Organization\",\"@id\":\"https:\\\/\\\/noticiasmercedinas.com\\\/site\\\/#organization\",\"name\":\"NOTICIASMERCEDINAS.COM\",\"url\":\"https:\\\/\\\/noticiasmercedinas.com\\\/site\\\/\",\"logo\":{\"@type\":\"ImageObject\",\"inLanguage\":\"es\",\"@id\":\"https:\\\/\\\/noticiasmercedinas.com\\\/site\\\/#\\\/schema\\\/logo\\\/image\\\/\",\"url\":\"https:\\\/\\\/noticiasmercedinas.com\\\/site\\\/wp-content\\\/uploads\\\/2020\\\/06\\\/LOGO-512.jpg\",\"contentUrl\":\"https:\\\/\\\/noticiasmercedinas.com\\\/site\\\/wp-content\\\/uploads\\\/2020\\\/06\\\/LOGO-512.jpg\",\"width\":512,\"height\":512,\"caption\":\"NOTICIASMERCEDINAS.COM\"},\"image\":{\"@id\":\"https:\\\/\\\/noticiasmercedinas.com\\\/site\\\/#\\\/schema\\\/logo\\\/image\\\/\"},\"sameAs\":[\"https:\\\/\\\/www.facebook.com\\\/noticiasmercedinas\\\/\",\"https:\\\/\\\/x.com\\\/notmercedinas\",\"https:\\\/\\\/www.instagram.com\\\/noticiasmercedinas\\\/\"]},{\"@type\":\"Person\",\"@id\":\"https:\\\/\\\/noticiasmercedinas.com\\\/site\\\/#\\\/schema\\\/person\\\/84b59c099c28ff2e8b77d4ceec5d8063\",\"name\":\"NOTICIASMERCEDINAS.COM\",\"image\":{\"@type\":\"ImageObject\",\"inLanguage\":\"es\",\"@id\":\"https:\\\/\\\/secure.gravatar.com\\\/avatar\\\/4dfbf16b4d17945bfb6341b2d19043457132fcf478a5ee04f42e959fd8f5df0a?s=96&d=mm&r=g\",\"url\":\"https:\\\/\\\/secure.gravatar.com\\\/avatar\\\/4dfbf16b4d17945bfb6341b2d19043457132fcf478a5ee04f42e959fd8f5df0a?s=96&d=mm&r=g\",\"contentUrl\":\"https:\\\/\\\/secure.gravatar.com\\\/avatar\\\/4dfbf16b4d17945bfb6341b2d19043457132fcf478a5ee04f42e959fd8f5df0a?s=96&d=mm&r=g\",\"caption\":\"NOTICIASMERCEDINAS.COM\"},\"url\":\"https:\\\/\\\/noticiasmercedinas.com\\\/site\\\/author\\\/anonimo\\\/\"}]}<\/script>\n<!-- \/ Yoast SEO plugin. -->","yoast_head_json":{"title":"Wado de Pedro pidi\u00f3 decirle \"nunca m\u00e1s\" al FMI y cuestion\u00f3 duramente al gobierno de Milei","description":"\"Vamos a trabajar fuertemente para que la Argentina vuelva a tener un 'nunca m\u00e1s', que es el nunca m\u00e1s a la deuda externa, nunca m\u00e1s al Fondo Monetario Internacional, para volver a tener las riendas y la conducci\u00f3n de la pol\u00edtica econ\u00f3mica\", indic\u00f3","robots":{"index":"index","follow":"follow","max-snippet":"max-snippet:-1","max-image-preview":"max-image-preview:large","max-video-preview":"max-video-preview:-1"},"canonical":"https:\/\/noticiasmercedinas.com\/site\/2025\/04\/05\/wado-de-pedro-pidio-decirle-nunca-mas-al-fmi-y-cuestiono-duramente-al-gobierno-de-milei\/","og_locale":"es_ES","og_type":"article","og_title":"Wado de Pedro pidi\u00f3 decirle \"nunca m\u00e1s\" al FMI y cuestion\u00f3 duramente al gobierno de Milei","og_description":"\"Vamos a trabajar fuertemente para que la Argentina vuelva a tener un 'nunca m\u00e1s', que es el nunca m\u00e1s a la deuda externa, nunca m\u00e1s al Fondo Monetario Internacional, para volver a tener las riendas y la conducci\u00f3n de la pol\u00edtica econ\u00f3mica\", indic\u00f3","og_url":"https:\/\/noticiasmercedinas.com\/site\/2025\/04\/05\/wado-de-pedro-pidio-decirle-nunca-mas-al-fmi-y-cuestiono-duramente-al-gobierno-de-milei\/","og_site_name":"NOTICIASMERCEDINAS.COM","article_publisher":"https:\/\/www.facebook.com\/noticiasmercedinas\/","article_published_time":"2025-04-05T12:17:32+00:00","article_modified_time":"2025-04-05T12:19:08+00:00","og_image":[{"width":667,"height":466,"url":"https:\/\/noticiasmercedinas.com\/site\/wp-content\/uploads\/2025\/04\/IMG_20250405_085751.jpg","type":"image\/jpeg"}],"author":"NOTICIASMERCEDINAS.COM","twitter_card":"summary_large_image","twitter_creator":"@notmercedinas","twitter_site":"@notmercedinas","twitter_misc":{"Escrito por":"NOTICIASMERCEDINAS.COM","Tiempo de lectura":"2 minutos"},"schema":{"@context":"https:\/\/schema.org","@graph":[{"@type":"Article","@id":"https:\/\/noticiasmercedinas.com\/site\/2025\/04\/05\/wado-de-pedro-pidio-decirle-nunca-mas-al-fmi-y-cuestiono-duramente-al-gobierno-de-milei\/#article","isPartOf":{"@id":"https:\/\/noticiasmercedinas.com\/site\/2025\/04\/05\/wado-de-pedro-pidio-decirle-nunca-mas-al-fmi-y-cuestiono-duramente-al-gobierno-de-milei\/"},"author":{"name":"NOTICIASMERCEDINAS.COM","@id":"https:\/\/noticiasmercedinas.com\/site\/#\/schema\/person\/84b59c099c28ff2e8b77d4ceec5d8063"},"headline":"Wado de Pedro pidi\u00f3 decirle \u00abnunca m\u00e1s\u00bb al FMI y cuestion\u00f3 duramente al gobierno de Milei","datePublished":"2025-04-05T12:17:32+00:00","dateModified":"2025-04-05T12:19:08+00:00","mainEntityOfPage":{"@id":"https:\/\/noticiasmercedinas.com\/site\/2025\/04\/05\/wado-de-pedro-pidio-decirle-nunca-mas-al-fmi-y-cuestiono-duramente-al-gobierno-de-milei\/"},"wordCount":282,"publisher":{"@id":"https:\/\/noticiasmercedinas.com\/site\/#organization"},"image":{"@id":"https:\/\/noticiasmercedinas.com\/site\/2025\/04\/05\/wado-de-pedro-pidio-decirle-nunca-mas-al-fmi-y-cuestiono-duramente-al-gobierno-de-milei\/#primaryimage"},"thumbnailUrl":"https:\/\/noticiasmercedinas.com\/site\/wp-content\/uploads\/2025\/04\/IMG_20250405_085751.jpg","keywords":["Eduardo wado de Pedro","memoria","nunca mas","Senado"],"articleSection":["Politica"],"inLanguage":"es"},{"@type":"WebPage","@id":"https:\/\/noticiasmercedinas.com\/site\/2025\/04\/05\/wado-de-pedro-pidio-decirle-nunca-mas-al-fmi-y-cuestiono-duramente-al-gobierno-de-milei\/","url":"https:\/\/noticiasmercedinas.com\/site\/2025\/04\/05\/wado-de-pedro-pidio-decirle-nunca-mas-al-fmi-y-cuestiono-duramente-al-gobierno-de-milei\/","name":"Wado de Pedro pidi\u00f3 decirle \"nunca m\u00e1s\" al FMI y cuestion\u00f3 duramente al gobierno de Milei","isPartOf":{"@id":"https:\/\/noticiasmercedinas.com\/site\/#website"},"primaryImageOfPage":{"@id":"https:\/\/noticiasmercedinas.com\/site\/2025\/04\/05\/wado-de-pedro-pidio-decirle-nunca-mas-al-fmi-y-cuestiono-duramente-al-gobierno-de-milei\/#primaryimage"},"image":{"@id":"https:\/\/noticiasmercedinas.com\/site\/2025\/04\/05\/wado-de-pedro-pidio-decirle-nunca-mas-al-fmi-y-cuestiono-duramente-al-gobierno-de-milei\/#primaryimage"},"thumbnailUrl":"https:\/\/noticiasmercedinas.com\/site\/wp-content\/uploads\/2025\/04\/IMG_20250405_085751.jpg","datePublished":"2025-04-05T12:17:32+00:00","dateModified":"2025-04-05T12:19:08+00:00","description":"\"Vamos a trabajar fuertemente para que la Argentina vuelva a tener un 'nunca m\u00e1s', que es el nunca m\u00e1s a la deuda externa, nunca m\u00e1s al Fondo Monetario Internacional, para volver a tener las riendas y la conducci\u00f3n de la pol\u00edtica econ\u00f3mica\", indic\u00f3","breadcrumb":{"@id":"https:\/\/noticiasmercedinas.com\/site\/2025\/04\/05\/wado-de-pedro-pidio-decirle-nunca-mas-al-fmi-y-cuestiono-duramente-al-gobierno-de-milei\/#breadcrumb"},"inLanguage":"es","potentialAction":[{"@type":"ReadAction","target":["https:\/\/noticiasmercedinas.com\/site\/2025\/04\/05\/wado-de-pedro-pidio-decirle-nunca-mas-al-fmi-y-cuestiono-duramente-al-gobierno-de-milei\/"]}]},{"@type":"ImageObject","inLanguage":"es","@id":"https:\/\/noticiasmercedinas.com\/site\/2025\/04\/05\/wado-de-pedro-pidio-decirle-nunca-mas-al-fmi-y-cuestiono-duramente-al-gobierno-de-milei\/#primaryimage","url":"https:\/\/noticiasmercedinas.com\/site\/wp-content\/uploads\/2025\/04\/IMG_20250405_085751.jpg","contentUrl":"https:\/\/noticiasmercedinas.com\/site\/wp-content\/uploads\/2025\/04\/IMG_20250405_085751.jpg","width":667,"height":466},{"@type":"BreadcrumbList","@id":"https:\/\/noticiasmercedinas.com\/site\/2025\/04\/05\/wado-de-pedro-pidio-decirle-nunca-mas-al-fmi-y-cuestiono-duramente-al-gobierno-de-milei\/#breadcrumb","itemListElement":[{"@type":"ListItem","position":1,"name":"Portada","item":"https:\/\/noticiasmercedinas.com\/site\/"},{"@type":"ListItem","position":2,"name":"Wado de Pedro pidi\u00f3 decirle \u00abnunca m\u00e1s\u00bb al FMI y cuestion\u00f3 duramente al gobierno de Milei"}]},{"@type":"WebSite","@id":"https:\/\/noticiasmercedinas.com\/site\/#website","url":"https:\/\/noticiasmercedinas.com\/site\/","name":"NOTICIASMERCEDINAS.COM","description":"Mercedes, Buenos Aires, Argentina","publisher":{"@id":"https:\/\/noticiasmercedinas.com\/site\/#organization"},"potentialAction":[{"@type":"SearchAction","target":{"@type":"EntryPoint","urlTemplate":"https:\/\/noticiasmercedinas.com\/site\/?s={search_term_string}"},"query-input":{"@type":"PropertyValueSpecification","valueRequired":true,"valueName":"search_term_string"}}],"inLanguage":"es"},{"@type":"Organization","@id":"https:\/\/noticiasmercedinas.com\/site\/#organization","name":"NOTICIASMERCEDINAS.COM","url":"https:\/\/noticiasmercedinas.com\/site\/","logo":{"@type":"ImageObject","inLanguage":"es","@id":"https:\/\/noticiasmercedinas.com\/site\/#\/schema\/logo\/image\/","url":"https:\/\/noticiasmercedinas.com\/site\/wp-content\/uploads\/2020\/06\/LOGO-512.jpg","contentUrl":"https:\/\/noticiasmercedinas.com\/site\/wp-content\/uploads\/2020\/06\/LOGO-512.jpg","width":512,"height":512,"caption":"NOTICIASMERCEDINAS.COM"},"image":{"@id":"https:\/\/noticiasmercedinas.com\/site\/#\/schema\/logo\/image\/"},"sameAs":["https:\/\/www.facebook.com\/noticiasmercedinas\/","https:\/\/x.com\/notmercedinas","https:\/\/www.instagram.com\/noticiasmercedinas\/"]},{"@type":"Person","@id":"https:\/\/noticiasmercedinas.com\/site\/#\/schema\/person\/84b59c099c28ff2e8b77d4ceec5d8063","name":"NOTICIASMERCEDINAS.COM","image":{"@type":"ImageObject","inLanguage":"es","@id":"https:\/\/secure.gravatar.com\/avatar\/4dfbf16b4d17945bfb6341b2d19043457132fcf478a5ee04f42e959fd8f5df0a?s=96&d=mm&r=g","url":"https:\/\/secure.gravatar.com\/avatar\/4dfbf16b4d17945bfb6341b2d19043457132fcf478a5ee04f42e959fd8f5df0a?s=96&d=mm&r=g","contentUrl":"https:\/\/secure.gravatar.com\/avatar\/4dfbf16b4d17945bfb6341b2d19043457132fcf478a5ee04f42e959fd8f5df0a?s=96&d=mm&r=g","caption":"NOTICIASMERCEDINAS.COM"},"url":"https:\/\/noticiasmercedinas.com\/site\/author\/anonimo\/"}]}},"amp_enabled":true,"_links":{"self":[{"href":"https:\/\/noticiasmercedinas.com\/site\/wp-json\/wp\/v2\/posts\/156667","targetHints":{"allow":["GET"]}}],"collection":[{"href":"https:\/\/noticiasmercedinas.com\/site\/wp-json\/wp\/v2\/posts"}],"about":[{"href":"https:\/\/noticiasmercedinas.com\/site\/wp-json\/wp\/v2\/types\/post"}],"author":[{"embeddable":true,"href":"https:\/\/noticiasmercedinas.com\/site\/wp-json\/wp\/v2\/users\/16"}],"replies":[{"embeddable":true,"href":"https:\/\/noticiasmercedinas.com\/site\/wp-json\/wp\/v2\/comments?post=156667"}],"version-history":[{"count":4,"href":"https:\/\/noticiasmercedinas.com\/site\/wp-json\/wp\/v2\/posts\/156667\/revisions"}],"predecessor-version":[{"id":156672,"href":"https:\/\/noticiasmercedinas.com\/site\/wp-json\/wp\/v2\/posts\/156667\/revisions\/156672"}],"wp:featuredmedia":[{"embeddable":true,"href":"https:\/\/noticiasmercedinas.com\/site\/wp-json\/wp\/v2\/media\/156669"}],"wp:attachment":[{"href":"https:\/\/noticiasmercedinas.com\/site\/wp-json\/wp\/v2\/media?parent=156667"}],"wp:term":[{"taxonomy":"category","embeddable":true,"href":"https:\/\/noticiasmercedinas.com\/site\/wp-json\/wp\/v2\/categories?post=156667"},{"taxonomy":"post_tag","embeddable":true,"href":"https:\/\/noticiasmercedinas.com\/site\/wp-json\/wp\/v2\/tags?post=156667"}],"curies":[{"name":"wp","href":"https:\/\/api.w.org\/{rel}","templated":true}]}}