{"id":156701,"date":"2025-04-06T10:19:36","date_gmt":"2025-04-06T13:19:36","guid":{"rendered":"https:\/\/noticiasmercedinas.com\/site\/?p=156701"},"modified":"2025-04-06T10:19:36","modified_gmt":"2025-04-06T13:19:36","slug":"gustavo-ginoi-visito-el-programa-llegaron-los-blues-y-compartio-su-historia-musical","status":"publish","type":"post","link":"https:\/\/noticiasmercedinas.com\/site\/2025\/04\/06\/gustavo-ginoi-visito-el-programa-llegaron-los-blues-y-compartio-su-historia-musical\/","title":{"rendered":"Gustavo Ginoi visit\u00f3 el programa \u201cLlegaron los Blues\u201d y comparti\u00f3 su historia musical"},"content":{"rendered":"<p><img loading=\"lazy\" decoding=\"async\" class=\"alignnone size-full wp-image-156704\" src=\"https:\/\/noticiasmercedinas.com\/site\/wp-content\/uploads\/2025\/04\/00b95f1a-ccc6-480e-98fe-46b048f49ebf.jpg\" alt=\"\" width=\"1280\" height=\"720\" srcset=\"https:\/\/noticiasmercedinas.com\/site\/wp-content\/uploads\/2025\/04\/00b95f1a-ccc6-480e-98fe-46b048f49ebf.jpg 1280w, https:\/\/noticiasmercedinas.com\/site\/wp-content\/uploads\/2025\/04\/00b95f1a-ccc6-480e-98fe-46b048f49ebf-300x169.jpg 300w, https:\/\/noticiasmercedinas.com\/site\/wp-content\/uploads\/2025\/04\/00b95f1a-ccc6-480e-98fe-46b048f49ebf-1024x576.jpg 1024w, https:\/\/noticiasmercedinas.com\/site\/wp-content\/uploads\/2025\/04\/00b95f1a-ccc6-480e-98fe-46b048f49ebf-768x432.jpg 768w, https:\/\/noticiasmercedinas.com\/site\/wp-content\/uploads\/2025\/04\/00b95f1a-ccc6-480e-98fe-46b048f49ebf-640x360.jpg 640w, https:\/\/noticiasmercedinas.com\/site\/wp-content\/uploads\/2025\/04\/00b95f1a-ccc6-480e-98fe-46b048f49ebf-681x383.jpg 681w\" sizes=\"auto, (max-width: 1280px) 100vw, 1280px\" \/><\/p>\n<p>El reconocido guitarrista Gustavo Ginoi, integrante y fundador de La Mississippi, visit\u00f3 el programa radial \u201cLlegaron los Blues\u201d, que se emite por FM 88.1.<\/p>\n<p>La emisi\u00f3n estuvo a cargo del conductor Hern\u00e1n Rivero, con operaci\u00f3n t\u00e9cnica de Alfredo Uncal y la participaci\u00f3n de Fernando del Canto, de Bistro.<\/p>\n<p><img loading=\"lazy\" decoding=\"async\" class=\"alignnone size-full wp-image-156702\" src=\"https:\/\/noticiasmercedinas.com\/site\/wp-content\/uploads\/2025\/04\/7c82cb50-5b8d-442b-bbfa-5ff950e85c28-e1743945512618.jpg\" alt=\"\" width=\"720\" height=\"896\" srcset=\"https:\/\/noticiasmercedinas.com\/site\/wp-content\/uploads\/2025\/04\/7c82cb50-5b8d-442b-bbfa-5ff950e85c28-e1743945512618.jpg 720w, https:\/\/noticiasmercedinas.com\/site\/wp-content\/uploads\/2025\/04\/7c82cb50-5b8d-442b-bbfa-5ff950e85c28-e1743945512618-241x300.jpg 241w, https:\/\/noticiasmercedinas.com\/site\/wp-content\/uploads\/2025\/04\/7c82cb50-5b8d-442b-bbfa-5ff950e85c28-e1743945512618-640x796.jpg 640w, https:\/\/noticiasmercedinas.com\/site\/wp-content\/uploads\/2025\/04\/7c82cb50-5b8d-442b-bbfa-5ff950e85c28-e1743945512618-681x847.jpg 681w\" sizes=\"auto, (max-width: 720px) 100vw, 720px\" \/><\/p>\n<p>Durante una extensa entrevista de casi dos horas, Ginoi repas\u00f3 su trayectoria en el blues argentino, record\u00f3 sus inicios con la guitarra, sus influencias musicales, y comparti\u00f3 an\u00e9cdotas personales vinculadas a su vida art\u00edstica.<\/p>\n<p>Adem\u00e1s, coment\u00f3 que actualmente divide su tiempo entre la Ciudad de Buenos Aires y Florencio Varela, donde se desempe\u00f1a como director de Cultura.<\/p>\n<p>Fundador de La Mississippi junto a Ricardo Tapia, Ginoi destac\u00f3 el v\u00ednculo afectivo que lo une a la banda, a la que defini\u00f3 como \u201cparte de su vida y su coraz\u00f3n\u201d, y se\u00f1al\u00f3 que los integrantes del grupo son \u201cuna verdadera familia\u201d.<\/p>\n<p>Casi al finalizar el programa, el m\u00fasico brind\u00f3 un momento especial al interpretar dos temas en vivo con su guitarra, generando emoci\u00f3n entre los presentes en el estudio y los oyentes del programa.<\/p>\n<p><img loading=\"lazy\" decoding=\"async\" class=\"alignnone size-full wp-image-156703\" src=\"https:\/\/noticiasmercedinas.com\/site\/wp-content\/uploads\/2025\/04\/62a9e068-efe9-420e-9676-d8350c413017-e1743945533870.jpg\" alt=\"\" width=\"720\" height=\"898\" srcset=\"https:\/\/noticiasmercedinas.com\/site\/wp-content\/uploads\/2025\/04\/62a9e068-efe9-420e-9676-d8350c413017-e1743945533870.jpg 720w, https:\/\/noticiasmercedinas.com\/site\/wp-content\/uploads\/2025\/04\/62a9e068-efe9-420e-9676-d8350c413017-e1743945533870-241x300.jpg 241w, https:\/\/noticiasmercedinas.com\/site\/wp-content\/uploads\/2025\/04\/62a9e068-efe9-420e-9676-d8350c413017-e1743945533870-640x798.jpg 640w, https:\/\/noticiasmercedinas.com\/site\/wp-content\/uploads\/2025\/04\/62a9e068-efe9-420e-9676-d8350c413017-e1743945533870-681x849.jpg 681w\" sizes=\"auto, (max-width: 720px) 100vw, 720px\" \/><\/p>\n","protected":false},"excerpt":{"rendered":"<p>\u25a0 Fundador de La Mississippi junto a Ricardo Tapia, Ginoi destac\u00f3 el v\u00ednculo afectivo que lo une a la banda, a la que defini\u00f3 como \u201cparte de su vida y su coraz\u00f3n\u201d, y se\u00f1al\u00f3 que los integrantes del grupo son \u201cuna verdadera familia\u201d.<\/p>\n","protected":false},"author":16,"featured_media":156704,"comment_status":"closed","ping_status":"closed","sticky":false,"template":"","format":"standard","meta":{"footnotes":""},"categories":[4,4210],"tags":[19826,2762],"class_list":["post-156701","post","type-post","status-publish","format-standard","has-post-thumbnail","hentry","category-cultura","category-medios","tag-gustavo-ginoi","tag-llegaron-los-blues"],"yoast_head":"<!-- This site is optimized with the Yoast SEO plugin v27.4 - https:\/\/yoast.com\/product\/yoast-seo-wordpress\/ -->\n<title>Gustavo Ginoi visit\u00f3 el programa \u201cLlegaron los Blues\u201d y comparti\u00f3 su historia musical<\/title>\n<meta name=\"description\" content=\"Fundador de La Mississippi junto a Ricardo Tapia, Ginoi destac\u00f3 el v\u00ednculo afectivo que lo une a la banda, a la que defini\u00f3 como \u201cparte de su vida y su coraz\u00f3n\u201d, y se\u00f1al\u00f3 que los integrantes del grupo son \u201cuna verdadera familia\u201d.\" \/>\n<meta name=\"robots\" content=\"index, follow, max-snippet:-1, max-image-preview:large, max-video-preview:-1\" \/>\n<link rel=\"canonical\" href=\"https:\/\/noticiasmercedinas.com\/site\/2025\/04\/06\/gustavo-ginoi-visito-el-programa-llegaron-los-blues-y-compartio-su-historia-musical\/\" \/>\n<meta property=\"og:locale\" content=\"es_ES\" \/>\n<meta property=\"og:type\" content=\"article\" \/>\n<meta property=\"og:title\" content=\"Gustavo Ginoi visit\u00f3 el programa \u201cLlegaron los Blues\u201d y comparti\u00f3 su historia musical\" \/>\n<meta property=\"og:description\" content=\"Fundador de La Mississippi junto a Ricardo Tapia, Ginoi destac\u00f3 el v\u00ednculo afectivo que lo une a la banda, a la que defini\u00f3 como \u201cparte de su vida y su coraz\u00f3n\u201d, y se\u00f1al\u00f3 que los integrantes del grupo son \u201cuna verdadera familia\u201d.\" \/>\n<meta property=\"og:url\" content=\"https:\/\/noticiasmercedinas.com\/site\/2025\/04\/06\/gustavo-ginoi-visito-el-programa-llegaron-los-blues-y-compartio-su-historia-musical\/\" \/>\n<meta property=\"og:site_name\" content=\"NOTICIASMERCEDINAS.COM\" \/>\n<meta property=\"article:publisher\" content=\"https:\/\/www.facebook.com\/noticiasmercedinas\/\" \/>\n<meta property=\"article:published_time\" content=\"2025-04-06T13:19:36+00:00\" \/>\n<meta property=\"og:image\" content=\"https:\/\/noticiasmercedinas.com\/site\/wp-content\/uploads\/2025\/04\/00b95f1a-ccc6-480e-98fe-46b048f49ebf.jpg\" \/>\n\t<meta property=\"og:image:width\" content=\"1280\" \/>\n\t<meta property=\"og:image:height\" content=\"720\" \/>\n\t<meta property=\"og:image:type\" content=\"image\/jpeg\" \/>\n<meta name=\"author\" content=\"NOTICIASMERCEDINAS.COM\" \/>\n<meta name=\"twitter:card\" content=\"summary_large_image\" \/>\n<meta name=\"twitter:creator\" content=\"@notmercedinas\" \/>\n<meta name=\"twitter:site\" content=\"@notmercedinas\" \/>\n<meta name=\"twitter:label1\" content=\"Escrito por\" \/>\n\t<meta name=\"twitter:data1\" content=\"NOTICIASMERCEDINAS.COM\" \/>\n\t<meta name=\"twitter:label2\" content=\"Tiempo de lectura\" \/>\n\t<meta name=\"twitter:data2\" content=\"2 minutos\" \/>\n<script type=\"application\/ld+json\" class=\"yoast-schema-graph\">{\"@context\":\"https:\\\/\\\/schema.org\",\"@graph\":[{\"@type\":\"Article\",\"@id\":\"https:\\\/\\\/noticiasmercedinas.com\\\/site\\\/2025\\\/04\\\/06\\\/gustavo-ginoi-visito-el-programa-llegaron-los-blues-y-compartio-su-historia-musical\\\/#article\",\"isPartOf\":{\"@id\":\"https:\\\/\\\/noticiasmercedinas.com\\\/site\\\/2025\\\/04\\\/06\\\/gustavo-ginoi-visito-el-programa-llegaron-los-blues-y-compartio-su-historia-musical\\\/\"},\"author\":{\"name\":\"NOTICIASMERCEDINAS.COM\",\"@id\":\"https:\\\/\\\/noticiasmercedinas.com\\\/site\\\/#\\\/schema\\\/person\\\/84b59c099c28ff2e8b77d4ceec5d8063\"},\"headline\":\"Gustavo Ginoi visit\u00f3 el programa \u201cLlegaron los Blues\u201d y comparti\u00f3 su historia musical\",\"datePublished\":\"2025-04-06T13:19:36+00:00\",\"mainEntityOfPage\":{\"@id\":\"https:\\\/\\\/noticiasmercedinas.com\\\/site\\\/2025\\\/04\\\/06\\\/gustavo-ginoi-visito-el-programa-llegaron-los-blues-y-compartio-su-historia-musical\\\/\"},\"wordCount\":206,\"publisher\":{\"@id\":\"https:\\\/\\\/noticiasmercedinas.com\\\/site\\\/#organization\"},\"image\":{\"@id\":\"https:\\\/\\\/noticiasmercedinas.com\\\/site\\\/2025\\\/04\\\/06\\\/gustavo-ginoi-visito-el-programa-llegaron-los-blues-y-compartio-su-historia-musical\\\/#primaryimage\"},\"thumbnailUrl\":\"https:\\\/\\\/noticiasmercedinas.com\\\/site\\\/wp-content\\\/uploads\\\/2025\\\/04\\\/00b95f1a-ccc6-480e-98fe-46b048f49ebf.jpg\",\"keywords\":[\"Gustavo ginoi\",\"llegaron los blues\"],\"articleSection\":[\"Cultura\",\"Medios\"],\"inLanguage\":\"es\"},{\"@type\":\"WebPage\",\"@id\":\"https:\\\/\\\/noticiasmercedinas.com\\\/site\\\/2025\\\/04\\\/06\\\/gustavo-ginoi-visito-el-programa-llegaron-los-blues-y-compartio-su-historia-musical\\\/\",\"url\":\"https:\\\/\\\/noticiasmercedinas.com\\\/site\\\/2025\\\/04\\\/06\\\/gustavo-ginoi-visito-el-programa-llegaron-los-blues-y-compartio-su-historia-musical\\\/\",\"name\":\"Gustavo Ginoi visit\u00f3 el programa \u201cLlegaron los Blues\u201d y comparti\u00f3 su historia musical\",\"isPartOf\":{\"@id\":\"https:\\\/\\\/noticiasmercedinas.com\\\/site\\\/#website\"},\"primaryImageOfPage\":{\"@id\":\"https:\\\/\\\/noticiasmercedinas.com\\\/site\\\/2025\\\/04\\\/06\\\/gustavo-ginoi-visito-el-programa-llegaron-los-blues-y-compartio-su-historia-musical\\\/#primaryimage\"},\"image\":{\"@id\":\"https:\\\/\\\/noticiasmercedinas.com\\\/site\\\/2025\\\/04\\\/06\\\/gustavo-ginoi-visito-el-programa-llegaron-los-blues-y-compartio-su-historia-musical\\\/#primaryimage\"},\"thumbnailUrl\":\"https:\\\/\\\/noticiasmercedinas.com\\\/site\\\/wp-content\\\/uploads\\\/2025\\\/04\\\/00b95f1a-ccc6-480e-98fe-46b048f49ebf.jpg\",\"datePublished\":\"2025-04-06T13:19:36+00:00\",\"description\":\"Fundador de La Mississippi junto a Ricardo Tapia, Ginoi destac\u00f3 el v\u00ednculo afectivo que lo une a la banda, a la que defini\u00f3 como \u201cparte de su vida y su coraz\u00f3n\u201d, y se\u00f1al\u00f3 que los integrantes del grupo son \u201cuna verdadera familia\u201d.\",\"breadcrumb\":{\"@id\":\"https:\\\/\\\/noticiasmercedinas.com\\\/site\\\/2025\\\/04\\\/06\\\/gustavo-ginoi-visito-el-programa-llegaron-los-blues-y-compartio-su-historia-musical\\\/#breadcrumb\"},\"inLanguage\":\"es\",\"potentialAction\":[{\"@type\":\"ReadAction\",\"target\":[\"https:\\\/\\\/noticiasmercedinas.com\\\/site\\\/2025\\\/04\\\/06\\\/gustavo-ginoi-visito-el-programa-llegaron-los-blues-y-compartio-su-historia-musical\\\/\"]}]},{\"@type\":\"ImageObject\",\"inLanguage\":\"es\",\"@id\":\"https:\\\/\\\/noticiasmercedinas.com\\\/site\\\/2025\\\/04\\\/06\\\/gustavo-ginoi-visito-el-programa-llegaron-los-blues-y-compartio-su-historia-musical\\\/#primaryimage\",\"url\":\"https:\\\/\\\/noticiasmercedinas.com\\\/site\\\/wp-content\\\/uploads\\\/2025\\\/04\\\/00b95f1a-ccc6-480e-98fe-46b048f49ebf.jpg\",\"contentUrl\":\"https:\\\/\\\/noticiasmercedinas.com\\\/site\\\/wp-content\\\/uploads\\\/2025\\\/04\\\/00b95f1a-ccc6-480e-98fe-46b048f49ebf.jpg\",\"width\":1280,\"height\":720},{\"@type\":\"BreadcrumbList\",\"@id\":\"https:\\\/\\\/noticiasmercedinas.com\\\/site\\\/2025\\\/04\\\/06\\\/gustavo-ginoi-visito-el-programa-llegaron-los-blues-y-compartio-su-historia-musical\\\/#breadcrumb\",\"itemListElement\":[{\"@type\":\"ListItem\",\"position\":1,\"name\":\"Portada\",\"item\":\"https:\\\/\\\/noticiasmercedinas.com\\\/site\\\/\"},{\"@type\":\"ListItem\",\"position\":2,\"name\":\"Gustavo Ginoi visit\u00f3 el programa \u201cLlegaron los Blues\u201d y comparti\u00f3 su historia musical\"}]},{\"@type\":\"WebSite\",\"@id\":\"https:\\\/\\\/noticiasmercedinas.com\\\/site\\\/#website\",\"url\":\"https:\\\/\\\/noticiasmercedinas.com\\\/site\\\/\",\"name\":\"NOTICIASMERCEDINAS.COM\",\"description\":\"Mercedes, Buenos Aires, Argentina\",\"publisher\":{\"@id\":\"https:\\\/\\\/noticiasmercedinas.com\\\/site\\\/#organization\"},\"potentialAction\":[{\"@type\":\"SearchAction\",\"target\":{\"@type\":\"EntryPoint\",\"urlTemplate\":\"https:\\\/\\\/noticiasmercedinas.com\\\/site\\\/?s={search_term_string}\"},\"query-input\":{\"@type\":\"PropertyValueSpecification\",\"valueRequired\":true,\"valueName\":\"search_term_string\"}}],\"inLanguage\":\"es\"},{\"@type\":\"Organization\",\"@id\":\"https:\\\/\\\/noticiasmercedinas.com\\\/site\\\/#organization\",\"name\":\"NOTICIASMERCEDINAS.COM\",\"url\":\"https:\\\/\\\/noticiasmercedinas.com\\\/site\\\/\",\"logo\":{\"@type\":\"ImageObject\",\"inLanguage\":\"es\",\"@id\":\"https:\\\/\\\/noticiasmercedinas.com\\\/site\\\/#\\\/schema\\\/logo\\\/image\\\/\",\"url\":\"https:\\\/\\\/noticiasmercedinas.com\\\/site\\\/wp-content\\\/uploads\\\/2020\\\/06\\\/LOGO-512.jpg\",\"contentUrl\":\"https:\\\/\\\/noticiasmercedinas.com\\\/site\\\/wp-content\\\/uploads\\\/2020\\\/06\\\/LOGO-512.jpg\",\"width\":512,\"height\":512,\"caption\":\"NOTICIASMERCEDINAS.COM\"},\"image\":{\"@id\":\"https:\\\/\\\/noticiasmercedinas.com\\\/site\\\/#\\\/schema\\\/logo\\\/image\\\/\"},\"sameAs\":[\"https:\\\/\\\/www.facebook.com\\\/noticiasmercedinas\\\/\",\"https:\\\/\\\/x.com\\\/notmercedinas\",\"https:\\\/\\\/www.instagram.com\\\/noticiasmercedinas\\\/\"]},{\"@type\":\"Person\",\"@id\":\"https:\\\/\\\/noticiasmercedinas.com\\\/site\\\/#\\\/schema\\\/person\\\/84b59c099c28ff2e8b77d4ceec5d8063\",\"name\":\"NOTICIASMERCEDINAS.COM\",\"image\":{\"@type\":\"ImageObject\",\"inLanguage\":\"es\",\"@id\":\"https:\\\/\\\/secure.gravatar.com\\\/avatar\\\/4dfbf16b4d17945bfb6341b2d19043457132fcf478a5ee04f42e959fd8f5df0a?s=96&d=mm&r=g\",\"url\":\"https:\\\/\\\/secure.gravatar.com\\\/avatar\\\/4dfbf16b4d17945bfb6341b2d19043457132fcf478a5ee04f42e959fd8f5df0a?s=96&d=mm&r=g\",\"contentUrl\":\"https:\\\/\\\/secure.gravatar.com\\\/avatar\\\/4dfbf16b4d17945bfb6341b2d19043457132fcf478a5ee04f42e959fd8f5df0a?s=96&d=mm&r=g\",\"caption\":\"NOTICIASMERCEDINAS.COM\"},\"url\":\"https:\\\/\\\/noticiasmercedinas.com\\\/site\\\/author\\\/anonimo\\\/\"}]}<\/script>\n<!-- \/ Yoast SEO plugin. -->","yoast_head_json":{"title":"Gustavo Ginoi visit\u00f3 el programa \u201cLlegaron los Blues\u201d y comparti\u00f3 su historia musical","description":"Fundador de La Mississippi junto a Ricardo Tapia, Ginoi destac\u00f3 el v\u00ednculo afectivo que lo une a la banda, a la que defini\u00f3 como \u201cparte de su vida y su coraz\u00f3n\u201d, y se\u00f1al\u00f3 que los integrantes del grupo son \u201cuna verdadera familia\u201d.","robots":{"index":"index","follow":"follow","max-snippet":"max-snippet:-1","max-image-preview":"max-image-preview:large","max-video-preview":"max-video-preview:-1"},"canonical":"https:\/\/noticiasmercedinas.com\/site\/2025\/04\/06\/gustavo-ginoi-visito-el-programa-llegaron-los-blues-y-compartio-su-historia-musical\/","og_locale":"es_ES","og_type":"article","og_title":"Gustavo Ginoi visit\u00f3 el programa \u201cLlegaron los Blues\u201d y comparti\u00f3 su historia musical","og_description":"Fundador de La Mississippi junto a Ricardo Tapia, Ginoi destac\u00f3 el v\u00ednculo afectivo que lo une a la banda, a la que defini\u00f3 como \u201cparte de su vida y su coraz\u00f3n\u201d, y se\u00f1al\u00f3 que los integrantes del grupo son \u201cuna verdadera familia\u201d.","og_url":"https:\/\/noticiasmercedinas.com\/site\/2025\/04\/06\/gustavo-ginoi-visito-el-programa-llegaron-los-blues-y-compartio-su-historia-musical\/","og_site_name":"NOTICIASMERCEDINAS.COM","article_publisher":"https:\/\/www.facebook.com\/noticiasmercedinas\/","article_published_time":"2025-04-06T13:19:36+00:00","og_image":[{"width":1280,"height":720,"url":"https:\/\/noticiasmercedinas.com\/site\/wp-content\/uploads\/2025\/04\/00b95f1a-ccc6-480e-98fe-46b048f49ebf.jpg","type":"image\/jpeg"}],"author":"NOTICIASMERCEDINAS.COM","twitter_card":"summary_large_image","twitter_creator":"@notmercedinas","twitter_site":"@notmercedinas","twitter_misc":{"Escrito por":"NOTICIASMERCEDINAS.COM","Tiempo de lectura":"2 minutos"},"schema":{"@context":"https:\/\/schema.org","@graph":[{"@type":"Article","@id":"https:\/\/noticiasmercedinas.com\/site\/2025\/04\/06\/gustavo-ginoi-visito-el-programa-llegaron-los-blues-y-compartio-su-historia-musical\/#article","isPartOf":{"@id":"https:\/\/noticiasmercedinas.com\/site\/2025\/04\/06\/gustavo-ginoi-visito-el-programa-llegaron-los-blues-y-compartio-su-historia-musical\/"},"author":{"name":"NOTICIASMERCEDINAS.COM","@id":"https:\/\/noticiasmercedinas.com\/site\/#\/schema\/person\/84b59c099c28ff2e8b77d4ceec5d8063"},"headline":"Gustavo Ginoi visit\u00f3 el programa \u201cLlegaron los Blues\u201d y comparti\u00f3 su historia musical","datePublished":"2025-04-06T13:19:36+00:00","mainEntityOfPage":{"@id":"https:\/\/noticiasmercedinas.com\/site\/2025\/04\/06\/gustavo-ginoi-visito-el-programa-llegaron-los-blues-y-compartio-su-historia-musical\/"},"wordCount":206,"publisher":{"@id":"https:\/\/noticiasmercedinas.com\/site\/#organization"},"image":{"@id":"https:\/\/noticiasmercedinas.com\/site\/2025\/04\/06\/gustavo-ginoi-visito-el-programa-llegaron-los-blues-y-compartio-su-historia-musical\/#primaryimage"},"thumbnailUrl":"https:\/\/noticiasmercedinas.com\/site\/wp-content\/uploads\/2025\/04\/00b95f1a-ccc6-480e-98fe-46b048f49ebf.jpg","keywords":["Gustavo ginoi","llegaron los blues"],"articleSection":["Cultura","Medios"],"inLanguage":"es"},{"@type":"WebPage","@id":"https:\/\/noticiasmercedinas.com\/site\/2025\/04\/06\/gustavo-ginoi-visito-el-programa-llegaron-los-blues-y-compartio-su-historia-musical\/","url":"https:\/\/noticiasmercedinas.com\/site\/2025\/04\/06\/gustavo-ginoi-visito-el-programa-llegaron-los-blues-y-compartio-su-historia-musical\/","name":"Gustavo Ginoi visit\u00f3 el programa \u201cLlegaron los Blues\u201d y comparti\u00f3 su historia musical","isPartOf":{"@id":"https:\/\/noticiasmercedinas.com\/site\/#website"},"primaryImageOfPage":{"@id":"https:\/\/noticiasmercedinas.com\/site\/2025\/04\/06\/gustavo-ginoi-visito-el-programa-llegaron-los-blues-y-compartio-su-historia-musical\/#primaryimage"},"image":{"@id":"https:\/\/noticiasmercedinas.com\/site\/2025\/04\/06\/gustavo-ginoi-visito-el-programa-llegaron-los-blues-y-compartio-su-historia-musical\/#primaryimage"},"thumbnailUrl":"https:\/\/noticiasmercedinas.com\/site\/wp-content\/uploads\/2025\/04\/00b95f1a-ccc6-480e-98fe-46b048f49ebf.jpg","datePublished":"2025-04-06T13:19:36+00:00","description":"Fundador de La Mississippi junto a Ricardo Tapia, Ginoi destac\u00f3 el v\u00ednculo afectivo que lo une a la banda, a la que defini\u00f3 como \u201cparte de su vida y su coraz\u00f3n\u201d, y se\u00f1al\u00f3 que los integrantes del grupo son \u201cuna verdadera familia\u201d.","breadcrumb":{"@id":"https:\/\/noticiasmercedinas.com\/site\/2025\/04\/06\/gustavo-ginoi-visito-el-programa-llegaron-los-blues-y-compartio-su-historia-musical\/#breadcrumb"},"inLanguage":"es","potentialAction":[{"@type":"ReadAction","target":["https:\/\/noticiasmercedinas.com\/site\/2025\/04\/06\/gustavo-ginoi-visito-el-programa-llegaron-los-blues-y-compartio-su-historia-musical\/"]}]},{"@type":"ImageObject","inLanguage":"es","@id":"https:\/\/noticiasmercedinas.com\/site\/2025\/04\/06\/gustavo-ginoi-visito-el-programa-llegaron-los-blues-y-compartio-su-historia-musical\/#primaryimage","url":"https:\/\/noticiasmercedinas.com\/site\/wp-content\/uploads\/2025\/04\/00b95f1a-ccc6-480e-98fe-46b048f49ebf.jpg","contentUrl":"https:\/\/noticiasmercedinas.com\/site\/wp-content\/uploads\/2025\/04\/00b95f1a-ccc6-480e-98fe-46b048f49ebf.jpg","width":1280,"height":720},{"@type":"BreadcrumbList","@id":"https:\/\/noticiasmercedinas.com\/site\/2025\/04\/06\/gustavo-ginoi-visito-el-programa-llegaron-los-blues-y-compartio-su-historia-musical\/#breadcrumb","itemListElement":[{"@type":"ListItem","position":1,"name":"Portada","item":"https:\/\/noticiasmercedinas.com\/site\/"},{"@type":"ListItem","position":2,"name":"Gustavo Ginoi visit\u00f3 el programa \u201cLlegaron los Blues\u201d y comparti\u00f3 su historia musical"}]},{"@type":"WebSite","@id":"https:\/\/noticiasmercedinas.com\/site\/#website","url":"https:\/\/noticiasmercedinas.com\/site\/","name":"NOTICIASMERCEDINAS.COM","description":"Mercedes, Buenos Aires, Argentina","publisher":{"@id":"https:\/\/noticiasmercedinas.com\/site\/#organization"},"potentialAction":[{"@type":"SearchAction","target":{"@type":"EntryPoint","urlTemplate":"https:\/\/noticiasmercedinas.com\/site\/?s={search_term_string}"},"query-input":{"@type":"PropertyValueSpecification","valueRequired":true,"valueName":"search_term_string"}}],"inLanguage":"es"},{"@type":"Organization","@id":"https:\/\/noticiasmercedinas.com\/site\/#organization","name":"NOTICIASMERCEDINAS.COM","url":"https:\/\/noticiasmercedinas.com\/site\/","logo":{"@type":"ImageObject","inLanguage":"es","@id":"https:\/\/noticiasmercedinas.com\/site\/#\/schema\/logo\/image\/","url":"https:\/\/noticiasmercedinas.com\/site\/wp-content\/uploads\/2020\/06\/LOGO-512.jpg","contentUrl":"https:\/\/noticiasmercedinas.com\/site\/wp-content\/uploads\/2020\/06\/LOGO-512.jpg","width":512,"height":512,"caption":"NOTICIASMERCEDINAS.COM"},"image":{"@id":"https:\/\/noticiasmercedinas.com\/site\/#\/schema\/logo\/image\/"},"sameAs":["https:\/\/www.facebook.com\/noticiasmercedinas\/","https:\/\/x.com\/notmercedinas","https:\/\/www.instagram.com\/noticiasmercedinas\/"]},{"@type":"Person","@id":"https:\/\/noticiasmercedinas.com\/site\/#\/schema\/person\/84b59c099c28ff2e8b77d4ceec5d8063","name":"NOTICIASMERCEDINAS.COM","image":{"@type":"ImageObject","inLanguage":"es","@id":"https:\/\/secure.gravatar.com\/avatar\/4dfbf16b4d17945bfb6341b2d19043457132fcf478a5ee04f42e959fd8f5df0a?s=96&d=mm&r=g","url":"https:\/\/secure.gravatar.com\/avatar\/4dfbf16b4d17945bfb6341b2d19043457132fcf478a5ee04f42e959fd8f5df0a?s=96&d=mm&r=g","contentUrl":"https:\/\/secure.gravatar.com\/avatar\/4dfbf16b4d17945bfb6341b2d19043457132fcf478a5ee04f42e959fd8f5df0a?s=96&d=mm&r=g","caption":"NOTICIASMERCEDINAS.COM"},"url":"https:\/\/noticiasmercedinas.com\/site\/author\/anonimo\/"}]}},"amp_enabled":true,"_links":{"self":[{"href":"https:\/\/noticiasmercedinas.com\/site\/wp-json\/wp\/v2\/posts\/156701","targetHints":{"allow":["GET"]}}],"collection":[{"href":"https:\/\/noticiasmercedinas.com\/site\/wp-json\/wp\/v2\/posts"}],"about":[{"href":"https:\/\/noticiasmercedinas.com\/site\/wp-json\/wp\/v2\/types\/post"}],"author":[{"embeddable":true,"href":"https:\/\/noticiasmercedinas.com\/site\/wp-json\/wp\/v2\/users\/16"}],"replies":[{"embeddable":true,"href":"https:\/\/noticiasmercedinas.com\/site\/wp-json\/wp\/v2\/comments?post=156701"}],"version-history":[{"count":1,"href":"https:\/\/noticiasmercedinas.com\/site\/wp-json\/wp\/v2\/posts\/156701\/revisions"}],"predecessor-version":[{"id":156705,"href":"https:\/\/noticiasmercedinas.com\/site\/wp-json\/wp\/v2\/posts\/156701\/revisions\/156705"}],"wp:featuredmedia":[{"embeddable":true,"href":"https:\/\/noticiasmercedinas.com\/site\/wp-json\/wp\/v2\/media\/156704"}],"wp:attachment":[{"href":"https:\/\/noticiasmercedinas.com\/site\/wp-json\/wp\/v2\/media?parent=156701"}],"wp:term":[{"taxonomy":"category","embeddable":true,"href":"https:\/\/noticiasmercedinas.com\/site\/wp-json\/wp\/v2\/categories?post=156701"},{"taxonomy":"post_tag","embeddable":true,"href":"https:\/\/noticiasmercedinas.com\/site\/wp-json\/wp\/v2\/tags?post=156701"}],"curies":[{"name":"wp","href":"https:\/\/api.w.org\/{rel}","templated":true}]}}