{"id":156751,"date":"2025-04-07T10:51:05","date_gmt":"2025-04-07T13:51:05","guid":{"rendered":"https:\/\/noticiasmercedinas.com\/site\/?p=156751"},"modified":"2025-04-07T13:29:42","modified_gmt":"2025-04-07T16:29:42","slug":"el-femenino-de-inferiores-suma-partidos","status":"publish","type":"post","link":"https:\/\/noticiasmercedinas.com\/site\/2025\/04\/07\/el-femenino-de-inferiores-suma-partidos\/","title":{"rendered":"El Femenino de Inferiores suma partidos"},"content":{"rendered":"<figure id=\"attachment_156752\" aria-describedby=\"caption-attachment-156752\" style=\"width: 640px\" class=\"wp-caption alignnone\"><img loading=\"lazy\" decoding=\"async\" class=\"wp-image-156752 size-full\" src=\"https:\/\/noticiasmercedinas.com\/site\/wp-content\/uploads\/2025\/04\/c6b02409-935e-46c1-9cff-6671f2d38668.jpg\" alt=\"\" width=\"640\" height=\"370\" srcset=\"https:\/\/noticiasmercedinas.com\/site\/wp-content\/uploads\/2025\/04\/c6b02409-935e-46c1-9cff-6671f2d38668.jpg 640w, https:\/\/noticiasmercedinas.com\/site\/wp-content\/uploads\/2025\/04\/c6b02409-935e-46c1-9cff-6671f2d38668-300x173.jpg 300w\" sizes=\"auto, (max-width: 640px) 100vw, 640px\" \/><figcaption id=\"caption-attachment-156752\" class=\"wp-caption-text\">Defensores Sub 16.<\/figcaption><\/figure>\n<p>Las categor\u00edas Sub 12, 14 y 16 del F\u00fatbol Femenino llevaron adelante el \u00faltimo s\u00e1bado 5 una jornada m\u00e1s, reparti\u00e9ndose encuentros en distintos escenarios. Cada divisi\u00f3n empieza a generar expectativas y con ello el acompa\u00f1amiento del p\u00fablico, recordando que las dos primeras juegan en cancha chica y la Sub 16 ya lo hace en la de once con los arcos m\u00e1s peque\u00f1os, como lo hace la primera categor\u00eda del Juvenil masculino. Lo que dej\u00f3 la fecha:<\/p>\n<p><strong>Sub 12<br \/>\nTrocha 4:<\/strong> Guadalupe Rodr\u00edguez, Zoe Pucheta y Genesis Gamarra.<br \/>\n<strong>Cer\u00e1mica 0<\/strong>.<\/p>\n<p><strong>Holanda 0.<br \/>\nCarteros 5:<\/strong> Maia Reboredo, Ana Alfonso 2, Xiomara Mazars.<\/p>\n<p><strong>Palometas 2:<\/strong> Emily Escudero y Paz Manfr\u00edas.<br \/>\n<strong>Defensores Juniors 0.<\/strong><\/p>\n<p><strong>Gowland 0.<br \/>\nVilla Manchi 0.<\/strong><\/p>\n<p>Club Mercedes 1: Julia Telesca.<br \/>\n<strong>Social y Deportivo Nicol\u00e1s 0<\/strong>.<\/p>\n<p><img loading=\"lazy\" decoding=\"async\" class=\"alignnone size-full wp-image-156753\" src=\"https:\/\/noticiasmercedinas.com\/site\/wp-content\/uploads\/2025\/04\/2d5f89e7-45bd-4192-86fc-a46825ac6189.jpg\" alt=\"\" width=\"640\" height=\"385\" srcset=\"https:\/\/noticiasmercedinas.com\/site\/wp-content\/uploads\/2025\/04\/2d5f89e7-45bd-4192-86fc-a46825ac6189.jpg 640w, https:\/\/noticiasmercedinas.com\/site\/wp-content\/uploads\/2025\/04\/2d5f89e7-45bd-4192-86fc-a46825ac6189-300x180.jpg 300w\" sizes=\"auto, (max-width: 640px) 100vw, 640px\" \/><br \/>\n<strong><br \/>\nSub 14<br \/>\nEstudiantes 0.<br \/>\nCer\u00e1mica 1:<\/strong> Luisiana Pedemonte.<\/p>\n<p><strong>Defensores Juniors 2:<\/strong> Martian cabrera y Dafne Millan.<br \/>\n<strong>Palometas Blanco 2:<\/strong> Candeal Mart\u00ednez y M\u00eda Peralta.<\/p>\n<p><strong>Gowland 0.<br \/>\nVilla Manchi 3:<\/strong> Giuliana Careaga 2 y Demaris Pacheco.<\/p>\n<p><strong>Club Mercedes 2:<\/strong> Helen Colovos y In\u00e9s Killmeate.<br \/>\n<strong>Social y Deportivo Nicol\u00e1s 0<\/strong>.<\/p>\n<p><strong>Sub 16<\/strong><br \/>\n<strong>Estudiantes 0.<br \/>\nCer\u00e1mica 3:<\/strong> Bianca Garibotti, Priscila Molina y Uma D\u00edaz.<\/p>\n<p><strong>Palometas 0.<br \/>\nDefensores 1:<\/strong> Ivana Iaco.<\/p>\n<p><img loading=\"lazy\" decoding=\"async\" class=\"alignnone size-full wp-image-156754\" src=\"https:\/\/noticiasmercedinas.com\/site\/wp-content\/uploads\/2025\/04\/ecbfd5b1-0c7e-4ba6-9d0c-f2a4bdd81190.jpg\" alt=\"\" width=\"640\" height=\"332\" srcset=\"https:\/\/noticiasmercedinas.com\/site\/wp-content\/uploads\/2025\/04\/ecbfd5b1-0c7e-4ba6-9d0c-f2a4bdd81190.jpg 640w, https:\/\/noticiasmercedinas.com\/site\/wp-content\/uploads\/2025\/04\/ecbfd5b1-0c7e-4ba6-9d0c-f2a4bdd81190-300x156.jpg 300w\" sizes=\"auto, (max-width: 640px) 100vw, 640px\" \/><\/p>\n<p><img loading=\"lazy\" decoding=\"async\" class=\"alignnone size-full wp-image-156775\" src=\"https:\/\/noticiasmercedinas.com\/site\/wp-content\/uploads\/2025\/04\/Femenino-Inferiores.jpg\" alt=\"\" width=\"640\" height=\"1041\" srcset=\"https:\/\/noticiasmercedinas.com\/site\/wp-content\/uploads\/2025\/04\/Femenino-Inferiores.jpg 640w, https:\/\/noticiasmercedinas.com\/site\/wp-content\/uploads\/2025\/04\/Femenino-Inferiores-184x300.jpg 184w, https:\/\/noticiasmercedinas.com\/site\/wp-content\/uploads\/2025\/04\/Femenino-Inferiores-630x1024.jpg 630w\" sizes=\"auto, (max-width: 640px) 100vw, 640px\" \/><\/p>\n","protected":false},"excerpt":{"rendered":"<p>\u25a0 Luego de la fecha entre semana el s\u00e1bado se concret\u00f3 una jornada m\u00e1s. Resultados de todo lo que se gest\u00f3 en cada cancha. Las posiciones va marcando un disputado certamen.<\/p>\n","protected":false},"author":6,"featured_media":156752,"comment_status":"closed","ping_status":"closed","sticky":false,"template":"","format":"standard","meta":{"footnotes":""},"categories":[5],"tags":[751,3346,14177,6591,15283,6592],"class_list":["post-156751","post","type-post","status-publish","format-standard","has-post-thumbnail","hentry","category-deportes","tag-futbol-femenino","tag-liga-mercedina-de-futbol","tag-primera-division","tag-sub-12","tag-sub-14","tag-sub-16"],"yoast_head":"<!-- This site is optimized with the Yoast SEO plugin v27.4 - https:\/\/yoast.com\/product\/yoast-seo-wordpress\/ -->\n<title>El Femenino de Inferiores suma partidos<\/title>\n<meta name=\"robots\" content=\"index, follow, max-snippet:-1, max-image-preview:large, max-video-preview:-1\" \/>\n<link rel=\"canonical\" href=\"https:\/\/noticiasmercedinas.com\/site\/2025\/04\/07\/el-femenino-de-inferiores-suma-partidos\/\" \/>\n<meta property=\"og:locale\" content=\"es_ES\" \/>\n<meta property=\"og:type\" content=\"article\" \/>\n<meta property=\"og:title\" content=\"El Femenino de Inferiores suma partidos\" \/>\n<meta property=\"og:description\" content=\"\u25a0 Luego de la fecha entre semana el s\u00e1bado se concret\u00f3 una jornada m\u00e1s. Resultados de todo lo que se gest\u00f3 en cada cancha. Las posiciones va marcando un disputado certamen.\" \/>\n<meta property=\"og:url\" content=\"https:\/\/noticiasmercedinas.com\/site\/2025\/04\/07\/el-femenino-de-inferiores-suma-partidos\/\" \/>\n<meta property=\"og:site_name\" content=\"NOTICIASMERCEDINAS.COM\" \/>\n<meta property=\"article:publisher\" content=\"https:\/\/www.facebook.com\/noticiasmercedinas\/\" \/>\n<meta property=\"article:published_time\" content=\"2025-04-07T13:51:05+00:00\" \/>\n<meta property=\"article:modified_time\" content=\"2025-04-07T16:29:42+00:00\" \/>\n<meta property=\"og:image\" content=\"https:\/\/noticiasmercedinas.com\/site\/wp-content\/uploads\/2025\/04\/c6b02409-935e-46c1-9cff-6671f2d38668.jpg\" \/>\n\t<meta property=\"og:image:width\" content=\"640\" \/>\n\t<meta property=\"og:image:height\" content=\"370\" \/>\n\t<meta property=\"og:image:type\" content=\"image\/jpeg\" \/>\n<meta name=\"author\" content=\"Juan Dagnino NOTICIASMERCEDINAS.COM\" \/>\n<meta name=\"twitter:card\" content=\"summary_large_image\" \/>\n<meta name=\"twitter:creator\" content=\"@notmercedinas\" \/>\n<meta name=\"twitter:site\" content=\"@notmercedinas\" \/>\n<meta name=\"twitter:label1\" content=\"Escrito por\" \/>\n\t<meta name=\"twitter:data1\" content=\"Juan Dagnino NOTICIASMERCEDINAS.COM\" \/>\n\t<meta name=\"twitter:label2\" content=\"Tiempo de lectura\" \/>\n\t<meta name=\"twitter:data2\" content=\"2 minutos\" \/>\n<script type=\"application\/ld+json\" class=\"yoast-schema-graph\">{\"@context\":\"https:\\\/\\\/schema.org\",\"@graph\":[{\"@type\":\"Article\",\"@id\":\"https:\\\/\\\/noticiasmercedinas.com\\\/site\\\/2025\\\/04\\\/07\\\/el-femenino-de-inferiores-suma-partidos\\\/#article\",\"isPartOf\":{\"@id\":\"https:\\\/\\\/noticiasmercedinas.com\\\/site\\\/2025\\\/04\\\/07\\\/el-femenino-de-inferiores-suma-partidos\\\/\"},\"author\":{\"name\":\"Juan Dagnino NOTICIASMERCEDINAS.COM\",\"@id\":\"https:\\\/\\\/noticiasmercedinas.com\\\/site\\\/#\\\/schema\\\/person\\\/8f2f09d666ef40986eba4a5e6f2a06f9\"},\"headline\":\"El Femenino de Inferiores suma partidos\",\"datePublished\":\"2025-04-07T13:51:05+00:00\",\"dateModified\":\"2025-04-07T16:29:42+00:00\",\"mainEntityOfPage\":{\"@id\":\"https:\\\/\\\/noticiasmercedinas.com\\\/site\\\/2025\\\/04\\\/07\\\/el-femenino-de-inferiores-suma-partidos\\\/\"},\"wordCount\":197,\"publisher\":{\"@id\":\"https:\\\/\\\/noticiasmercedinas.com\\\/site\\\/#organization\"},\"image\":{\"@id\":\"https:\\\/\\\/noticiasmercedinas.com\\\/site\\\/2025\\\/04\\\/07\\\/el-femenino-de-inferiores-suma-partidos\\\/#primaryimage\"},\"thumbnailUrl\":\"https:\\\/\\\/noticiasmercedinas.com\\\/site\\\/wp-content\\\/uploads\\\/2025\\\/04\\\/c6b02409-935e-46c1-9cff-6671f2d38668.jpg\",\"keywords\":[\"f\u00fatbol femenino\",\"Liga Mercedina de F\u00fatbol\",\"primera divisi\u00f3n\",\"Sub 12\",\"Sub 14\",\"Sub 16\"],\"articleSection\":[\"Deportes\"],\"inLanguage\":\"es\"},{\"@type\":\"WebPage\",\"@id\":\"https:\\\/\\\/noticiasmercedinas.com\\\/site\\\/2025\\\/04\\\/07\\\/el-femenino-de-inferiores-suma-partidos\\\/\",\"url\":\"https:\\\/\\\/noticiasmercedinas.com\\\/site\\\/2025\\\/04\\\/07\\\/el-femenino-de-inferiores-suma-partidos\\\/\",\"name\":\"El Femenino de Inferiores suma partidos\",\"isPartOf\":{\"@id\":\"https:\\\/\\\/noticiasmercedinas.com\\\/site\\\/#website\"},\"primaryImageOfPage\":{\"@id\":\"https:\\\/\\\/noticiasmercedinas.com\\\/site\\\/2025\\\/04\\\/07\\\/el-femenino-de-inferiores-suma-partidos\\\/#primaryimage\"},\"image\":{\"@id\":\"https:\\\/\\\/noticiasmercedinas.com\\\/site\\\/2025\\\/04\\\/07\\\/el-femenino-de-inferiores-suma-partidos\\\/#primaryimage\"},\"thumbnailUrl\":\"https:\\\/\\\/noticiasmercedinas.com\\\/site\\\/wp-content\\\/uploads\\\/2025\\\/04\\\/c6b02409-935e-46c1-9cff-6671f2d38668.jpg\",\"datePublished\":\"2025-04-07T13:51:05+00:00\",\"dateModified\":\"2025-04-07T16:29:42+00:00\",\"breadcrumb\":{\"@id\":\"https:\\\/\\\/noticiasmercedinas.com\\\/site\\\/2025\\\/04\\\/07\\\/el-femenino-de-inferiores-suma-partidos\\\/#breadcrumb\"},\"inLanguage\":\"es\",\"potentialAction\":[{\"@type\":\"ReadAction\",\"target\":[\"https:\\\/\\\/noticiasmercedinas.com\\\/site\\\/2025\\\/04\\\/07\\\/el-femenino-de-inferiores-suma-partidos\\\/\"]}]},{\"@type\":\"ImageObject\",\"inLanguage\":\"es\",\"@id\":\"https:\\\/\\\/noticiasmercedinas.com\\\/site\\\/2025\\\/04\\\/07\\\/el-femenino-de-inferiores-suma-partidos\\\/#primaryimage\",\"url\":\"https:\\\/\\\/noticiasmercedinas.com\\\/site\\\/wp-content\\\/uploads\\\/2025\\\/04\\\/c6b02409-935e-46c1-9cff-6671f2d38668.jpg\",\"contentUrl\":\"https:\\\/\\\/noticiasmercedinas.com\\\/site\\\/wp-content\\\/uploads\\\/2025\\\/04\\\/c6b02409-935e-46c1-9cff-6671f2d38668.jpg\",\"width\":640,\"height\":370},{\"@type\":\"BreadcrumbList\",\"@id\":\"https:\\\/\\\/noticiasmercedinas.com\\\/site\\\/2025\\\/04\\\/07\\\/el-femenino-de-inferiores-suma-partidos\\\/#breadcrumb\",\"itemListElement\":[{\"@type\":\"ListItem\",\"position\":1,\"name\":\"Portada\",\"item\":\"https:\\\/\\\/noticiasmercedinas.com\\\/site\\\/\"},{\"@type\":\"ListItem\",\"position\":2,\"name\":\"El Femenino de Inferiores suma partidos\"}]},{\"@type\":\"WebSite\",\"@id\":\"https:\\\/\\\/noticiasmercedinas.com\\\/site\\\/#website\",\"url\":\"https:\\\/\\\/noticiasmercedinas.com\\\/site\\\/\",\"name\":\"NOTICIASMERCEDINAS.COM\",\"description\":\"Mercedes, Buenos Aires, Argentina\",\"publisher\":{\"@id\":\"https:\\\/\\\/noticiasmercedinas.com\\\/site\\\/#organization\"},\"potentialAction\":[{\"@type\":\"SearchAction\",\"target\":{\"@type\":\"EntryPoint\",\"urlTemplate\":\"https:\\\/\\\/noticiasmercedinas.com\\\/site\\\/?s={search_term_string}\"},\"query-input\":{\"@type\":\"PropertyValueSpecification\",\"valueRequired\":true,\"valueName\":\"search_term_string\"}}],\"inLanguage\":\"es\"},{\"@type\":\"Organization\",\"@id\":\"https:\\\/\\\/noticiasmercedinas.com\\\/site\\\/#organization\",\"name\":\"NOTICIASMERCEDINAS.COM\",\"url\":\"https:\\\/\\\/noticiasmercedinas.com\\\/site\\\/\",\"logo\":{\"@type\":\"ImageObject\",\"inLanguage\":\"es\",\"@id\":\"https:\\\/\\\/noticiasmercedinas.com\\\/site\\\/#\\\/schema\\\/logo\\\/image\\\/\",\"url\":\"https:\\\/\\\/noticiasmercedinas.com\\\/site\\\/wp-content\\\/uploads\\\/2020\\\/06\\\/LOGO-512.jpg\",\"contentUrl\":\"https:\\\/\\\/noticiasmercedinas.com\\\/site\\\/wp-content\\\/uploads\\\/2020\\\/06\\\/LOGO-512.jpg\",\"width\":512,\"height\":512,\"caption\":\"NOTICIASMERCEDINAS.COM\"},\"image\":{\"@id\":\"https:\\\/\\\/noticiasmercedinas.com\\\/site\\\/#\\\/schema\\\/logo\\\/image\\\/\"},\"sameAs\":[\"https:\\\/\\\/www.facebook.com\\\/noticiasmercedinas\\\/\",\"https:\\\/\\\/x.com\\\/notmercedinas\",\"https:\\\/\\\/www.instagram.com\\\/noticiasmercedinas\\\/\"]},{\"@type\":\"Person\",\"@id\":\"https:\\\/\\\/noticiasmercedinas.com\\\/site\\\/#\\\/schema\\\/person\\\/8f2f09d666ef40986eba4a5e6f2a06f9\",\"name\":\"Juan Dagnino NOTICIASMERCEDINAS.COM\",\"image\":{\"@type\":\"ImageObject\",\"inLanguage\":\"es\",\"@id\":\"https:\\\/\\\/secure.gravatar.com\\\/avatar\\\/fc7059a769f5a3cae65fadb228a3e4accf3a64b4b2305020d0a27e6d5333c91b?s=96&d=mm&r=g\",\"url\":\"https:\\\/\\\/secure.gravatar.com\\\/avatar\\\/fc7059a769f5a3cae65fadb228a3e4accf3a64b4b2305020d0a27e6d5333c91b?s=96&d=mm&r=g\",\"contentUrl\":\"https:\\\/\\\/secure.gravatar.com\\\/avatar\\\/fc7059a769f5a3cae65fadb228a3e4accf3a64b4b2305020d0a27e6d5333c91b?s=96&d=mm&r=g\",\"caption\":\"Juan Dagnino NOTICIASMERCEDINAS.COM\"},\"url\":\"https:\\\/\\\/noticiasmercedinas.com\\\/site\\\/author\\\/juandagnino\\\/\"}]}<\/script>\n<!-- \/ Yoast SEO plugin. -->","yoast_head_json":{"title":"El Femenino de Inferiores suma partidos","robots":{"index":"index","follow":"follow","max-snippet":"max-snippet:-1","max-image-preview":"max-image-preview:large","max-video-preview":"max-video-preview:-1"},"canonical":"https:\/\/noticiasmercedinas.com\/site\/2025\/04\/07\/el-femenino-de-inferiores-suma-partidos\/","og_locale":"es_ES","og_type":"article","og_title":"El Femenino de Inferiores suma partidos","og_description":"\u25a0 Luego de la fecha entre semana el s\u00e1bado se concret\u00f3 una jornada m\u00e1s. Resultados de todo lo que se gest\u00f3 en cada cancha. Las posiciones va marcando un disputado certamen.","og_url":"https:\/\/noticiasmercedinas.com\/site\/2025\/04\/07\/el-femenino-de-inferiores-suma-partidos\/","og_site_name":"NOTICIASMERCEDINAS.COM","article_publisher":"https:\/\/www.facebook.com\/noticiasmercedinas\/","article_published_time":"2025-04-07T13:51:05+00:00","article_modified_time":"2025-04-07T16:29:42+00:00","og_image":[{"width":640,"height":370,"url":"https:\/\/noticiasmercedinas.com\/site\/wp-content\/uploads\/2025\/04\/c6b02409-935e-46c1-9cff-6671f2d38668.jpg","type":"image\/jpeg"}],"author":"Juan Dagnino NOTICIASMERCEDINAS.COM","twitter_card":"summary_large_image","twitter_creator":"@notmercedinas","twitter_site":"@notmercedinas","twitter_misc":{"Escrito por":"Juan Dagnino NOTICIASMERCEDINAS.COM","Tiempo de lectura":"2 minutos"},"schema":{"@context":"https:\/\/schema.org","@graph":[{"@type":"Article","@id":"https:\/\/noticiasmercedinas.com\/site\/2025\/04\/07\/el-femenino-de-inferiores-suma-partidos\/#article","isPartOf":{"@id":"https:\/\/noticiasmercedinas.com\/site\/2025\/04\/07\/el-femenino-de-inferiores-suma-partidos\/"},"author":{"name":"Juan Dagnino NOTICIASMERCEDINAS.COM","@id":"https:\/\/noticiasmercedinas.com\/site\/#\/schema\/person\/8f2f09d666ef40986eba4a5e6f2a06f9"},"headline":"El Femenino de Inferiores suma partidos","datePublished":"2025-04-07T13:51:05+00:00","dateModified":"2025-04-07T16:29:42+00:00","mainEntityOfPage":{"@id":"https:\/\/noticiasmercedinas.com\/site\/2025\/04\/07\/el-femenino-de-inferiores-suma-partidos\/"},"wordCount":197,"publisher":{"@id":"https:\/\/noticiasmercedinas.com\/site\/#organization"},"image":{"@id":"https:\/\/noticiasmercedinas.com\/site\/2025\/04\/07\/el-femenino-de-inferiores-suma-partidos\/#primaryimage"},"thumbnailUrl":"https:\/\/noticiasmercedinas.com\/site\/wp-content\/uploads\/2025\/04\/c6b02409-935e-46c1-9cff-6671f2d38668.jpg","keywords":["f\u00fatbol femenino","Liga Mercedina de F\u00fatbol","primera divisi\u00f3n","Sub 12","Sub 14","Sub 16"],"articleSection":["Deportes"],"inLanguage":"es"},{"@type":"WebPage","@id":"https:\/\/noticiasmercedinas.com\/site\/2025\/04\/07\/el-femenino-de-inferiores-suma-partidos\/","url":"https:\/\/noticiasmercedinas.com\/site\/2025\/04\/07\/el-femenino-de-inferiores-suma-partidos\/","name":"El Femenino de Inferiores suma partidos","isPartOf":{"@id":"https:\/\/noticiasmercedinas.com\/site\/#website"},"primaryImageOfPage":{"@id":"https:\/\/noticiasmercedinas.com\/site\/2025\/04\/07\/el-femenino-de-inferiores-suma-partidos\/#primaryimage"},"image":{"@id":"https:\/\/noticiasmercedinas.com\/site\/2025\/04\/07\/el-femenino-de-inferiores-suma-partidos\/#primaryimage"},"thumbnailUrl":"https:\/\/noticiasmercedinas.com\/site\/wp-content\/uploads\/2025\/04\/c6b02409-935e-46c1-9cff-6671f2d38668.jpg","datePublished":"2025-04-07T13:51:05+00:00","dateModified":"2025-04-07T16:29:42+00:00","breadcrumb":{"@id":"https:\/\/noticiasmercedinas.com\/site\/2025\/04\/07\/el-femenino-de-inferiores-suma-partidos\/#breadcrumb"},"inLanguage":"es","potentialAction":[{"@type":"ReadAction","target":["https:\/\/noticiasmercedinas.com\/site\/2025\/04\/07\/el-femenino-de-inferiores-suma-partidos\/"]}]},{"@type":"ImageObject","inLanguage":"es","@id":"https:\/\/noticiasmercedinas.com\/site\/2025\/04\/07\/el-femenino-de-inferiores-suma-partidos\/#primaryimage","url":"https:\/\/noticiasmercedinas.com\/site\/wp-content\/uploads\/2025\/04\/c6b02409-935e-46c1-9cff-6671f2d38668.jpg","contentUrl":"https:\/\/noticiasmercedinas.com\/site\/wp-content\/uploads\/2025\/04\/c6b02409-935e-46c1-9cff-6671f2d38668.jpg","width":640,"height":370},{"@type":"BreadcrumbList","@id":"https:\/\/noticiasmercedinas.com\/site\/2025\/04\/07\/el-femenino-de-inferiores-suma-partidos\/#breadcrumb","itemListElement":[{"@type":"ListItem","position":1,"name":"Portada","item":"https:\/\/noticiasmercedinas.com\/site\/"},{"@type":"ListItem","position":2,"name":"El Femenino de Inferiores suma partidos"}]},{"@type":"WebSite","@id":"https:\/\/noticiasmercedinas.com\/site\/#website","url":"https:\/\/noticiasmercedinas.com\/site\/","name":"NOTICIASMERCEDINAS.COM","description":"Mercedes, Buenos Aires, Argentina","publisher":{"@id":"https:\/\/noticiasmercedinas.com\/site\/#organization"},"potentialAction":[{"@type":"SearchAction","target":{"@type":"EntryPoint","urlTemplate":"https:\/\/noticiasmercedinas.com\/site\/?s={search_term_string}"},"query-input":{"@type":"PropertyValueSpecification","valueRequired":true,"valueName":"search_term_string"}}],"inLanguage":"es"},{"@type":"Organization","@id":"https:\/\/noticiasmercedinas.com\/site\/#organization","name":"NOTICIASMERCEDINAS.COM","url":"https:\/\/noticiasmercedinas.com\/site\/","logo":{"@type":"ImageObject","inLanguage":"es","@id":"https:\/\/noticiasmercedinas.com\/site\/#\/schema\/logo\/image\/","url":"https:\/\/noticiasmercedinas.com\/site\/wp-content\/uploads\/2020\/06\/LOGO-512.jpg","contentUrl":"https:\/\/noticiasmercedinas.com\/site\/wp-content\/uploads\/2020\/06\/LOGO-512.jpg","width":512,"height":512,"caption":"NOTICIASMERCEDINAS.COM"},"image":{"@id":"https:\/\/noticiasmercedinas.com\/site\/#\/schema\/logo\/image\/"},"sameAs":["https:\/\/www.facebook.com\/noticiasmercedinas\/","https:\/\/x.com\/notmercedinas","https:\/\/www.instagram.com\/noticiasmercedinas\/"]},{"@type":"Person","@id":"https:\/\/noticiasmercedinas.com\/site\/#\/schema\/person\/8f2f09d666ef40986eba4a5e6f2a06f9","name":"Juan Dagnino NOTICIASMERCEDINAS.COM","image":{"@type":"ImageObject","inLanguage":"es","@id":"https:\/\/secure.gravatar.com\/avatar\/fc7059a769f5a3cae65fadb228a3e4accf3a64b4b2305020d0a27e6d5333c91b?s=96&d=mm&r=g","url":"https:\/\/secure.gravatar.com\/avatar\/fc7059a769f5a3cae65fadb228a3e4accf3a64b4b2305020d0a27e6d5333c91b?s=96&d=mm&r=g","contentUrl":"https:\/\/secure.gravatar.com\/avatar\/fc7059a769f5a3cae65fadb228a3e4accf3a64b4b2305020d0a27e6d5333c91b?s=96&d=mm&r=g","caption":"Juan Dagnino NOTICIASMERCEDINAS.COM"},"url":"https:\/\/noticiasmercedinas.com\/site\/author\/juandagnino\/"}]}},"amp_enabled":true,"_links":{"self":[{"href":"https:\/\/noticiasmercedinas.com\/site\/wp-json\/wp\/v2\/posts\/156751","targetHints":{"allow":["GET"]}}],"collection":[{"href":"https:\/\/noticiasmercedinas.com\/site\/wp-json\/wp\/v2\/posts"}],"about":[{"href":"https:\/\/noticiasmercedinas.com\/site\/wp-json\/wp\/v2\/types\/post"}],"author":[{"embeddable":true,"href":"https:\/\/noticiasmercedinas.com\/site\/wp-json\/wp\/v2\/users\/6"}],"replies":[{"embeddable":true,"href":"https:\/\/noticiasmercedinas.com\/site\/wp-json\/wp\/v2\/comments?post=156751"}],"version-history":[{"count":2,"href":"https:\/\/noticiasmercedinas.com\/site\/wp-json\/wp\/v2\/posts\/156751\/revisions"}],"predecessor-version":[{"id":156776,"href":"https:\/\/noticiasmercedinas.com\/site\/wp-json\/wp\/v2\/posts\/156751\/revisions\/156776"}],"wp:featuredmedia":[{"embeddable":true,"href":"https:\/\/noticiasmercedinas.com\/site\/wp-json\/wp\/v2\/media\/156752"}],"wp:attachment":[{"href":"https:\/\/noticiasmercedinas.com\/site\/wp-json\/wp\/v2\/media?parent=156751"}],"wp:term":[{"taxonomy":"category","embeddable":true,"href":"https:\/\/noticiasmercedinas.com\/site\/wp-json\/wp\/v2\/categories?post=156751"},{"taxonomy":"post_tag","embeddable":true,"href":"https:\/\/noticiasmercedinas.com\/site\/wp-json\/wp\/v2\/tags?post=156751"}],"curies":[{"name":"wp","href":"https:\/\/api.w.org\/{rel}","templated":true}]}}