{"id":156875,"date":"2025-04-08T17:26:41","date_gmt":"2025-04-08T20:26:41","guid":{"rendered":"https:\/\/noticiasmercedinas.com\/site\/?p=156875"},"modified":"2025-04-08T20:51:10","modified_gmt":"2025-04-08T23:51:10","slug":"con-un-tercer-y-un-cuarto-puesto-nadadores-de-cumelen-se-destacan-en-competencias-por-equipos","status":"publish","type":"post","link":"https:\/\/noticiasmercedinas.com\/site\/2025\/04\/08\/con-un-tercer-y-un-cuarto-puesto-nadadores-de-cumelen-se-destacan-en-competencias-por-equipos\/","title":{"rendered":"Con un tercer y un cuarto puesto, nadadores de Cumel\u00e9n se destacan en competencias por equipos"},"content":{"rendered":"<p><img loading=\"lazy\" decoding=\"async\" class=\"alignnone size-full wp-image-156879\" src=\"https:\/\/noticiasmercedinas.com\/site\/wp-content\/uploads\/2025\/04\/b3eba410-193d-4fba-b0e6-e4956fd5580f.jpg\" alt=\"\" width=\"1280\" height=\"576\" srcset=\"https:\/\/noticiasmercedinas.com\/site\/wp-content\/uploads\/2025\/04\/b3eba410-193d-4fba-b0e6-e4956fd5580f.jpg 1280w, https:\/\/noticiasmercedinas.com\/site\/wp-content\/uploads\/2025\/04\/b3eba410-193d-4fba-b0e6-e4956fd5580f-300x135.jpg 300w, https:\/\/noticiasmercedinas.com\/site\/wp-content\/uploads\/2025\/04\/b3eba410-193d-4fba-b0e6-e4956fd5580f-1024x461.jpg 1024w, https:\/\/noticiasmercedinas.com\/site\/wp-content\/uploads\/2025\/04\/b3eba410-193d-4fba-b0e6-e4956fd5580f-768x346.jpg 768w, https:\/\/noticiasmercedinas.com\/site\/wp-content\/uploads\/2025\/04\/b3eba410-193d-4fba-b0e6-e4956fd5580f-640x288.jpg 640w, https:\/\/noticiasmercedinas.com\/site\/wp-content\/uploads\/2025\/04\/b3eba410-193d-4fba-b0e6-e4956fd5580f-681x306.jpg 681w\" sizes=\"auto, (max-width: 1280px) 100vw, 1280px\" \/><\/p>\n<p>El equipo de nataci\u00f3n Cumel\u00e9n, entrenado por el profesor Mart\u00edn Bondanza, logr\u00f3 destacadas participaciones en la posta americana disputada el pasado s\u00e1bado en la ciudad de San Andr\u00e9s de Giles, donde obtuvo un tercer y un cuarto puesto en la categor\u00eda +210 a\u00f1os.<\/p>\n<p>La competencia reuni\u00f3 a equipos de la regi\u00f3n en una jornada que combin\u00f3 deporte y camarader\u00eda.<\/p>\n<p><img loading=\"lazy\" decoding=\"async\" class=\"alignnone size-full wp-image-156878\" src=\"https:\/\/noticiasmercedinas.com\/site\/wp-content\/uploads\/2025\/04\/222c0c01-0f85-48c5-84db-ecde9f25cb46-scaled-e1744143873472.jpg\" alt=\"\" width=\"1946\" height=\"1493\" srcset=\"https:\/\/noticiasmercedinas.com\/site\/wp-content\/uploads\/2025\/04\/222c0c01-0f85-48c5-84db-ecde9f25cb46-scaled-e1744143873472.jpg 1946w, https:\/\/noticiasmercedinas.com\/site\/wp-content\/uploads\/2025\/04\/222c0c01-0f85-48c5-84db-ecde9f25cb46-scaled-e1744143873472-300x230.jpg 300w, https:\/\/noticiasmercedinas.com\/site\/wp-content\/uploads\/2025\/04\/222c0c01-0f85-48c5-84db-ecde9f25cb46-scaled-e1744143873472-1024x786.jpg 1024w, https:\/\/noticiasmercedinas.com\/site\/wp-content\/uploads\/2025\/04\/222c0c01-0f85-48c5-84db-ecde9f25cb46-scaled-e1744143873472-768x589.jpg 768w, https:\/\/noticiasmercedinas.com\/site\/wp-content\/uploads\/2025\/04\/222c0c01-0f85-48c5-84db-ecde9f25cb46-scaled-e1744143873472-1536x1178.jpg 1536w, https:\/\/noticiasmercedinas.com\/site\/wp-content\/uploads\/2025\/04\/222c0c01-0f85-48c5-84db-ecde9f25cb46-scaled-e1744143873472-80x60.jpg 80w, https:\/\/noticiasmercedinas.com\/site\/wp-content\/uploads\/2025\/04\/222c0c01-0f85-48c5-84db-ecde9f25cb46-scaled-e1744143873472-640x491.jpg 640w, https:\/\/noticiasmercedinas.com\/site\/wp-content\/uploads\/2025\/04\/222c0c01-0f85-48c5-84db-ecde9f25cb46-scaled-e1744143873472-1280x982.jpg 1280w, https:\/\/noticiasmercedinas.com\/site\/wp-content\/uploads\/2025\/04\/222c0c01-0f85-48c5-84db-ecde9f25cb46-scaled-e1744143873472-681x522.jpg 681w, https:\/\/noticiasmercedinas.com\/site\/wp-content\/uploads\/2025\/04\/222c0c01-0f85-48c5-84db-ecde9f25cb46-scaled-e1744143873472-1362x1045.jpg 1362w\" sizes=\"auto, (max-width: 1946px) 100vw, 1946px\" \/><\/p>\n<p>El grupo de Cumel\u00e9n estuvo integrado por nadadores y nadadoras que representaron con compromiso y entusiasmo al equipo local.<\/p>\n<ul>\n<li>Tercer puesto: Pablo Mart\u00edn Cassiani, Mariano Goicochea, Germ\u00e1n Tonda, Emiliano Punte, Maira Altuna y Marcelo \u00c1lvarez.<\/li>\n<li>Cuarto puesto: Luc\u00eda Otero, Federico Mugnani, Daniel Barros, Mat\u00edas Lamothe, Francisco La Regina y Nicole Scheitler.<\/li>\n<\/ul>\n<p><img loading=\"lazy\" decoding=\"async\" class=\"alignnone size-full wp-image-156877\" src=\"https:\/\/noticiasmercedinas.com\/site\/wp-content\/uploads\/2025\/04\/cc767df0-586a-403e-9c28-3b4e06e9b4b8-scaled-e1744143899879.jpg\" alt=\"\" width=\"1745\" height=\"1770\" srcset=\"https:\/\/noticiasmercedinas.com\/site\/wp-content\/uploads\/2025\/04\/cc767df0-586a-403e-9c28-3b4e06e9b4b8-scaled-e1744143899879.jpg 1745w, https:\/\/noticiasmercedinas.com\/site\/wp-content\/uploads\/2025\/04\/cc767df0-586a-403e-9c28-3b4e06e9b4b8-scaled-e1744143899879-296x300.jpg 296w, https:\/\/noticiasmercedinas.com\/site\/wp-content\/uploads\/2025\/04\/cc767df0-586a-403e-9c28-3b4e06e9b4b8-scaled-e1744143899879-1010x1024.jpg 1010w, https:\/\/noticiasmercedinas.com\/site\/wp-content\/uploads\/2025\/04\/cc767df0-586a-403e-9c28-3b4e06e9b4b8-scaled-e1744143899879-768x779.jpg 768w, https:\/\/noticiasmercedinas.com\/site\/wp-content\/uploads\/2025\/04\/cc767df0-586a-403e-9c28-3b4e06e9b4b8-scaled-e1744143899879-1514x1536.jpg 1514w, https:\/\/noticiasmercedinas.com\/site\/wp-content\/uploads\/2025\/04\/cc767df0-586a-403e-9c28-3b4e06e9b4b8-scaled-e1744143899879-640x649.jpg 640w, https:\/\/noticiasmercedinas.com\/site\/wp-content\/uploads\/2025\/04\/cc767df0-586a-403e-9c28-3b4e06e9b4b8-scaled-e1744143899879-1280x1298.jpg 1280w, https:\/\/noticiasmercedinas.com\/site\/wp-content\/uploads\/2025\/04\/cc767df0-586a-403e-9c28-3b4e06e9b4b8-scaled-e1744143899879-681x691.jpg 681w, https:\/\/noticiasmercedinas.com\/site\/wp-content\/uploads\/2025\/04\/cc767df0-586a-403e-9c28-3b4e06e9b4b8-scaled-e1744143899879-1362x1382.jpg 1362w\" sizes=\"auto, (max-width: 1745px) 100vw, 1745px\" \/><\/p>\n<p>M\u00e1s all\u00e1 de los resultados, el entrenador valor\u00f3 especialmente la actitud del equipo: \u201cEs un orgullo y un placer contar con un grupo que muestra tanta entrega y tanto gusto por el deporte. Generan felicidad no solo con sus logros, sino tambi\u00e9n con la motivaci\u00f3n diaria que llevan al entrenamiento\u201d, expres\u00f3 Bondanza.<\/p>\n<p>El profesor tambi\u00e9n se\u00f1al\u00f3 que este compromiso impulsa su propia formaci\u00f3n: actualmente est\u00e1 finalizando una capacitaci\u00f3n con Juan Carlos Mazza en fisiolog\u00eda del deporte, orientada a la nataci\u00f3n en pileta larga y aguas abiertas, y contin\u00faa con una especializaci\u00f3n en biomec\u00e1nica de la nataci\u00f3n.<\/p>\n<p>\u201cLo que m\u00e1s me llena de felicidad es ver reflejado el amor por el deporte en la dedicaci\u00f3n que le ponen. Siempre est\u00e1n dispuestos a participar, a perfeccionarse y a disfrutar del agua. Eso es lo que m\u00e1s motiva a seguir creciendo\u201d, concluy\u00f3 Bondanza.<\/p>\n<p><img loading=\"lazy\" decoding=\"async\" class=\"alignnone size-full wp-image-156876\" src=\"https:\/\/noticiasmercedinas.com\/site\/wp-content\/uploads\/2025\/04\/44a2a282-eddd-4950-a9b1-059e63edac5e-scaled-e1744143933286.jpg\" alt=\"\" width=\"1920\" height=\"1783\" srcset=\"https:\/\/noticiasmercedinas.com\/site\/wp-content\/uploads\/2025\/04\/44a2a282-eddd-4950-a9b1-059e63edac5e-scaled-e1744143933286.jpg 1920w, https:\/\/noticiasmercedinas.com\/site\/wp-content\/uploads\/2025\/04\/44a2a282-eddd-4950-a9b1-059e63edac5e-scaled-e1744143933286-300x279.jpg 300w, https:\/\/noticiasmercedinas.com\/site\/wp-content\/uploads\/2025\/04\/44a2a282-eddd-4950-a9b1-059e63edac5e-scaled-e1744143933286-1024x951.jpg 1024w, https:\/\/noticiasmercedinas.com\/site\/wp-content\/uploads\/2025\/04\/44a2a282-eddd-4950-a9b1-059e63edac5e-scaled-e1744143933286-768x713.jpg 768w, https:\/\/noticiasmercedinas.com\/site\/wp-content\/uploads\/2025\/04\/44a2a282-eddd-4950-a9b1-059e63edac5e-scaled-e1744143933286-1536x1426.jpg 1536w, https:\/\/noticiasmercedinas.com\/site\/wp-content\/uploads\/2025\/04\/44a2a282-eddd-4950-a9b1-059e63edac5e-scaled-e1744143933286-640x594.jpg 640w, https:\/\/noticiasmercedinas.com\/site\/wp-content\/uploads\/2025\/04\/44a2a282-eddd-4950-a9b1-059e63edac5e-scaled-e1744143933286-1280x1189.jpg 1280w, https:\/\/noticiasmercedinas.com\/site\/wp-content\/uploads\/2025\/04\/44a2a282-eddd-4950-a9b1-059e63edac5e-scaled-e1744143933286-681x632.jpg 681w, https:\/\/noticiasmercedinas.com\/site\/wp-content\/uploads\/2025\/04\/44a2a282-eddd-4950-a9b1-059e63edac5e-scaled-e1744143933286-1362x1265.jpg 1362w\" sizes=\"auto, (max-width: 1920px) 100vw, 1920px\" \/><\/p>\n","protected":false},"excerpt":{"rendered":"<p>\u25a0 El entrenador valor\u00f3 especialmente la actitud del equipo: \u00abEs un orgullo y un placer contar con un grupo que muestra tanta entrega y tanto gusto por el deporte\u00bb, dijo.<\/p>\n","protected":false},"author":16,"featured_media":156879,"comment_status":"closed","ping_status":"closed","sticky":false,"template":"","format":"standard","meta":{"footnotes":""},"categories":[5],"tags":[271,19871,19866,19870,19873,6957,19869,19867,19868,5377,887,19872,19874,19865],"class_list":["post-156875","post","type-post","status-publish","format-standard","has-post-thumbnail","hentry","category-deportes","tag-cumelen","tag-daniel-barros","tag-emiliano-punte","tag-federico-mugnani","tag-francisco-la-regina","tag-german-tonda","tag-lucia-otero","tag-maira-altuna","tag-marcelo-alvarez","tag-mariano-goicochea","tag-martin-bondanza","tag-matias-lamothe","tag-nicole-scheitler","tag-pablo-martin-cassiani"],"yoast_head":"<!-- This site is optimized with the Yoast SEO plugin v27.4 - https:\/\/yoast.com\/product\/yoast-seo-wordpress\/ -->\n<title>Con un tercer y un cuarto puesto, nadadores de Cumel\u00e9n se destacan en competencias por equipos<\/title>\n<meta name=\"description\" content=\"\u25a0 El entrenador valor\u00f3 especialmente la actitud del equipo: &quot;Es un orgullo y un placer contar con un grupo que muestra tanta entrega y tanto gusto por el deporte&quot;, dijo\" \/>\n<meta name=\"robots\" content=\"index, follow, max-snippet:-1, max-image-preview:large, max-video-preview:-1\" \/>\n<link rel=\"canonical\" href=\"https:\/\/noticiasmercedinas.com\/site\/2025\/04\/08\/con-un-tercer-y-un-cuarto-puesto-nadadores-de-cumelen-se-destacan-en-competencias-por-equipos\/\" \/>\n<meta property=\"og:locale\" content=\"es_ES\" \/>\n<meta property=\"og:type\" content=\"article\" \/>\n<meta property=\"og:title\" content=\"Con un tercer y un cuarto puesto, nadadores de Cumel\u00e9n se destacan en competencias por equipos\" \/>\n<meta property=\"og:description\" content=\"\u25a0 El entrenador valor\u00f3 especialmente la actitud del equipo: &quot;Es un orgullo y un placer contar con un grupo que muestra tanta entrega y tanto gusto por el deporte&quot;, dijo\" \/>\n<meta property=\"og:url\" content=\"https:\/\/noticiasmercedinas.com\/site\/2025\/04\/08\/con-un-tercer-y-un-cuarto-puesto-nadadores-de-cumelen-se-destacan-en-competencias-por-equipos\/\" \/>\n<meta property=\"og:site_name\" content=\"NOTICIASMERCEDINAS.COM\" \/>\n<meta property=\"article:publisher\" content=\"https:\/\/www.facebook.com\/noticiasmercedinas\/\" \/>\n<meta property=\"article:published_time\" content=\"2025-04-08T20:26:41+00:00\" \/>\n<meta property=\"article:modified_time\" content=\"2025-04-08T23:51:10+00:00\" \/>\n<meta property=\"og:image\" content=\"https:\/\/noticiasmercedinas.com\/site\/wp-content\/uploads\/2025\/04\/b3eba410-193d-4fba-b0e6-e4956fd5580f.jpg\" \/>\n\t<meta property=\"og:image:width\" content=\"1280\" \/>\n\t<meta property=\"og:image:height\" content=\"576\" \/>\n\t<meta property=\"og:image:type\" content=\"image\/jpeg\" \/>\n<meta name=\"author\" content=\"NOTICIASMERCEDINAS.COM\" \/>\n<meta name=\"twitter:card\" content=\"summary_large_image\" \/>\n<meta name=\"twitter:creator\" content=\"@notmercedinas\" \/>\n<meta name=\"twitter:site\" content=\"@notmercedinas\" \/>\n<meta name=\"twitter:label1\" content=\"Escrito por\" \/>\n\t<meta name=\"twitter:data1\" content=\"NOTICIASMERCEDINAS.COM\" \/>\n\t<meta name=\"twitter:label2\" content=\"Tiempo de lectura\" \/>\n\t<meta name=\"twitter:data2\" content=\"3 minutos\" \/>\n<script type=\"application\/ld+json\" class=\"yoast-schema-graph\">{\"@context\":\"https:\\\/\\\/schema.org\",\"@graph\":[{\"@type\":\"Article\",\"@id\":\"https:\\\/\\\/noticiasmercedinas.com\\\/site\\\/2025\\\/04\\\/08\\\/con-un-tercer-y-un-cuarto-puesto-nadadores-de-cumelen-se-destacan-en-competencias-por-equipos\\\/#article\",\"isPartOf\":{\"@id\":\"https:\\\/\\\/noticiasmercedinas.com\\\/site\\\/2025\\\/04\\\/08\\\/con-un-tercer-y-un-cuarto-puesto-nadadores-de-cumelen-se-destacan-en-competencias-por-equipos\\\/\"},\"author\":{\"name\":\"NOTICIASMERCEDINAS.COM\",\"@id\":\"https:\\\/\\\/noticiasmercedinas.com\\\/site\\\/#\\\/schema\\\/person\\\/84b59c099c28ff2e8b77d4ceec5d8063\"},\"headline\":\"Con un tercer y un cuarto puesto, nadadores de Cumel\u00e9n se destacan en competencias por equipos\",\"datePublished\":\"2025-04-08T20:26:41+00:00\",\"dateModified\":\"2025-04-08T23:51:10+00:00\",\"mainEntityOfPage\":{\"@id\":\"https:\\\/\\\/noticiasmercedinas.com\\\/site\\\/2025\\\/04\\\/08\\\/con-un-tercer-y-un-cuarto-puesto-nadadores-de-cumelen-se-destacan-en-competencias-por-equipos\\\/\"},\"wordCount\":297,\"publisher\":{\"@id\":\"https:\\\/\\\/noticiasmercedinas.com\\\/site\\\/#organization\"},\"image\":{\"@id\":\"https:\\\/\\\/noticiasmercedinas.com\\\/site\\\/2025\\\/04\\\/08\\\/con-un-tercer-y-un-cuarto-puesto-nadadores-de-cumelen-se-destacan-en-competencias-por-equipos\\\/#primaryimage\"},\"thumbnailUrl\":\"https:\\\/\\\/noticiasmercedinas.com\\\/site\\\/wp-content\\\/uploads\\\/2025\\\/04\\\/b3eba410-193d-4fba-b0e6-e4956fd5580f.jpg\",\"keywords\":[\"cumelen\",\"Daniel Barros\",\"Emiliano Punte\",\"Federico Mugnani\",\"Francisco La Regina\",\"Germ\u00e1n Tonda\",\"Luc\u00eda Otero\",\"Maira Altuna\",\"Marcelo \u00c1lvarez\",\"Mariano Goicochea\",\"martin Bondanza\",\"Mat\u00edas Lamothe\",\"Nicole Scheitler\",\"Pablo Mart\u00edn Cassiani\"],\"articleSection\":[\"Deportes\"],\"inLanguage\":\"es\"},{\"@type\":\"WebPage\",\"@id\":\"https:\\\/\\\/noticiasmercedinas.com\\\/site\\\/2025\\\/04\\\/08\\\/con-un-tercer-y-un-cuarto-puesto-nadadores-de-cumelen-se-destacan-en-competencias-por-equipos\\\/\",\"url\":\"https:\\\/\\\/noticiasmercedinas.com\\\/site\\\/2025\\\/04\\\/08\\\/con-un-tercer-y-un-cuarto-puesto-nadadores-de-cumelen-se-destacan-en-competencias-por-equipos\\\/\",\"name\":\"Con un tercer y un cuarto puesto, nadadores de Cumel\u00e9n se destacan en competencias por equipos\",\"isPartOf\":{\"@id\":\"https:\\\/\\\/noticiasmercedinas.com\\\/site\\\/#website\"},\"primaryImageOfPage\":{\"@id\":\"https:\\\/\\\/noticiasmercedinas.com\\\/site\\\/2025\\\/04\\\/08\\\/con-un-tercer-y-un-cuarto-puesto-nadadores-de-cumelen-se-destacan-en-competencias-por-equipos\\\/#primaryimage\"},\"image\":{\"@id\":\"https:\\\/\\\/noticiasmercedinas.com\\\/site\\\/2025\\\/04\\\/08\\\/con-un-tercer-y-un-cuarto-puesto-nadadores-de-cumelen-se-destacan-en-competencias-por-equipos\\\/#primaryimage\"},\"thumbnailUrl\":\"https:\\\/\\\/noticiasmercedinas.com\\\/site\\\/wp-content\\\/uploads\\\/2025\\\/04\\\/b3eba410-193d-4fba-b0e6-e4956fd5580f.jpg\",\"datePublished\":\"2025-04-08T20:26:41+00:00\",\"dateModified\":\"2025-04-08T23:51:10+00:00\",\"description\":\"\u25a0 El entrenador valor\u00f3 especialmente la actitud del equipo: \\\"Es un orgullo y un placer contar con un grupo que muestra tanta entrega y tanto gusto por el deporte\\\", dijo\",\"breadcrumb\":{\"@id\":\"https:\\\/\\\/noticiasmercedinas.com\\\/site\\\/2025\\\/04\\\/08\\\/con-un-tercer-y-un-cuarto-puesto-nadadores-de-cumelen-se-destacan-en-competencias-por-equipos\\\/#breadcrumb\"},\"inLanguage\":\"es\",\"potentialAction\":[{\"@type\":\"ReadAction\",\"target\":[\"https:\\\/\\\/noticiasmercedinas.com\\\/site\\\/2025\\\/04\\\/08\\\/con-un-tercer-y-un-cuarto-puesto-nadadores-de-cumelen-se-destacan-en-competencias-por-equipos\\\/\"]}]},{\"@type\":\"ImageObject\",\"inLanguage\":\"es\",\"@id\":\"https:\\\/\\\/noticiasmercedinas.com\\\/site\\\/2025\\\/04\\\/08\\\/con-un-tercer-y-un-cuarto-puesto-nadadores-de-cumelen-se-destacan-en-competencias-por-equipos\\\/#primaryimage\",\"url\":\"https:\\\/\\\/noticiasmercedinas.com\\\/site\\\/wp-content\\\/uploads\\\/2025\\\/04\\\/b3eba410-193d-4fba-b0e6-e4956fd5580f.jpg\",\"contentUrl\":\"https:\\\/\\\/noticiasmercedinas.com\\\/site\\\/wp-content\\\/uploads\\\/2025\\\/04\\\/b3eba410-193d-4fba-b0e6-e4956fd5580f.jpg\",\"width\":1280,\"height\":576},{\"@type\":\"BreadcrumbList\",\"@id\":\"https:\\\/\\\/noticiasmercedinas.com\\\/site\\\/2025\\\/04\\\/08\\\/con-un-tercer-y-un-cuarto-puesto-nadadores-de-cumelen-se-destacan-en-competencias-por-equipos\\\/#breadcrumb\",\"itemListElement\":[{\"@type\":\"ListItem\",\"position\":1,\"name\":\"Portada\",\"item\":\"https:\\\/\\\/noticiasmercedinas.com\\\/site\\\/\"},{\"@type\":\"ListItem\",\"position\":2,\"name\":\"Con un tercer y un cuarto puesto, nadadores de Cumel\u00e9n se destacan en competencias por equipos\"}]},{\"@type\":\"WebSite\",\"@id\":\"https:\\\/\\\/noticiasmercedinas.com\\\/site\\\/#website\",\"url\":\"https:\\\/\\\/noticiasmercedinas.com\\\/site\\\/\",\"name\":\"NOTICIASMERCEDINAS.COM\",\"description\":\"Mercedes, Buenos Aires, Argentina\",\"publisher\":{\"@id\":\"https:\\\/\\\/noticiasmercedinas.com\\\/site\\\/#organization\"},\"potentialAction\":[{\"@type\":\"SearchAction\",\"target\":{\"@type\":\"EntryPoint\",\"urlTemplate\":\"https:\\\/\\\/noticiasmercedinas.com\\\/site\\\/?s={search_term_string}\"},\"query-input\":{\"@type\":\"PropertyValueSpecification\",\"valueRequired\":true,\"valueName\":\"search_term_string\"}}],\"inLanguage\":\"es\"},{\"@type\":\"Organization\",\"@id\":\"https:\\\/\\\/noticiasmercedinas.com\\\/site\\\/#organization\",\"name\":\"NOTICIASMERCEDINAS.COM\",\"url\":\"https:\\\/\\\/noticiasmercedinas.com\\\/site\\\/\",\"logo\":{\"@type\":\"ImageObject\",\"inLanguage\":\"es\",\"@id\":\"https:\\\/\\\/noticiasmercedinas.com\\\/site\\\/#\\\/schema\\\/logo\\\/image\\\/\",\"url\":\"https:\\\/\\\/noticiasmercedinas.com\\\/site\\\/wp-content\\\/uploads\\\/2020\\\/06\\\/LOGO-512.jpg\",\"contentUrl\":\"https:\\\/\\\/noticiasmercedinas.com\\\/site\\\/wp-content\\\/uploads\\\/2020\\\/06\\\/LOGO-512.jpg\",\"width\":512,\"height\":512,\"caption\":\"NOTICIASMERCEDINAS.COM\"},\"image\":{\"@id\":\"https:\\\/\\\/noticiasmercedinas.com\\\/site\\\/#\\\/schema\\\/logo\\\/image\\\/\"},\"sameAs\":[\"https:\\\/\\\/www.facebook.com\\\/noticiasmercedinas\\\/\",\"https:\\\/\\\/x.com\\\/notmercedinas\",\"https:\\\/\\\/www.instagram.com\\\/noticiasmercedinas\\\/\"]},{\"@type\":\"Person\",\"@id\":\"https:\\\/\\\/noticiasmercedinas.com\\\/site\\\/#\\\/schema\\\/person\\\/84b59c099c28ff2e8b77d4ceec5d8063\",\"name\":\"NOTICIASMERCEDINAS.COM\",\"image\":{\"@type\":\"ImageObject\",\"inLanguage\":\"es\",\"@id\":\"https:\\\/\\\/secure.gravatar.com\\\/avatar\\\/4dfbf16b4d17945bfb6341b2d19043457132fcf478a5ee04f42e959fd8f5df0a?s=96&d=mm&r=g\",\"url\":\"https:\\\/\\\/secure.gravatar.com\\\/avatar\\\/4dfbf16b4d17945bfb6341b2d19043457132fcf478a5ee04f42e959fd8f5df0a?s=96&d=mm&r=g\",\"contentUrl\":\"https:\\\/\\\/secure.gravatar.com\\\/avatar\\\/4dfbf16b4d17945bfb6341b2d19043457132fcf478a5ee04f42e959fd8f5df0a?s=96&d=mm&r=g\",\"caption\":\"NOTICIASMERCEDINAS.COM\"},\"url\":\"https:\\\/\\\/noticiasmercedinas.com\\\/site\\\/author\\\/anonimo\\\/\"}]}<\/script>\n<!-- \/ Yoast SEO plugin. -->","yoast_head_json":{"title":"Con un tercer y un cuarto puesto, nadadores de Cumel\u00e9n se destacan en competencias por equipos","description":"\u25a0 El entrenador valor\u00f3 especialmente la actitud del equipo: \"Es un orgullo y un placer contar con un grupo que muestra tanta entrega y tanto gusto por el deporte\", dijo","robots":{"index":"index","follow":"follow","max-snippet":"max-snippet:-1","max-image-preview":"max-image-preview:large","max-video-preview":"max-video-preview:-1"},"canonical":"https:\/\/noticiasmercedinas.com\/site\/2025\/04\/08\/con-un-tercer-y-un-cuarto-puesto-nadadores-de-cumelen-se-destacan-en-competencias-por-equipos\/","og_locale":"es_ES","og_type":"article","og_title":"Con un tercer y un cuarto puesto, nadadores de Cumel\u00e9n se destacan en competencias por equipos","og_description":"\u25a0 El entrenador valor\u00f3 especialmente la actitud del equipo: \"Es un orgullo y un placer contar con un grupo que muestra tanta entrega y tanto gusto por el deporte\", dijo","og_url":"https:\/\/noticiasmercedinas.com\/site\/2025\/04\/08\/con-un-tercer-y-un-cuarto-puesto-nadadores-de-cumelen-se-destacan-en-competencias-por-equipos\/","og_site_name":"NOTICIASMERCEDINAS.COM","article_publisher":"https:\/\/www.facebook.com\/noticiasmercedinas\/","article_published_time":"2025-04-08T20:26:41+00:00","article_modified_time":"2025-04-08T23:51:10+00:00","og_image":[{"width":1280,"height":576,"url":"https:\/\/noticiasmercedinas.com\/site\/wp-content\/uploads\/2025\/04\/b3eba410-193d-4fba-b0e6-e4956fd5580f.jpg","type":"image\/jpeg"}],"author":"NOTICIASMERCEDINAS.COM","twitter_card":"summary_large_image","twitter_creator":"@notmercedinas","twitter_site":"@notmercedinas","twitter_misc":{"Escrito por":"NOTICIASMERCEDINAS.COM","Tiempo de lectura":"3 minutos"},"schema":{"@context":"https:\/\/schema.org","@graph":[{"@type":"Article","@id":"https:\/\/noticiasmercedinas.com\/site\/2025\/04\/08\/con-un-tercer-y-un-cuarto-puesto-nadadores-de-cumelen-se-destacan-en-competencias-por-equipos\/#article","isPartOf":{"@id":"https:\/\/noticiasmercedinas.com\/site\/2025\/04\/08\/con-un-tercer-y-un-cuarto-puesto-nadadores-de-cumelen-se-destacan-en-competencias-por-equipos\/"},"author":{"name":"NOTICIASMERCEDINAS.COM","@id":"https:\/\/noticiasmercedinas.com\/site\/#\/schema\/person\/84b59c099c28ff2e8b77d4ceec5d8063"},"headline":"Con un tercer y un cuarto puesto, nadadores de Cumel\u00e9n se destacan en competencias por equipos","datePublished":"2025-04-08T20:26:41+00:00","dateModified":"2025-04-08T23:51:10+00:00","mainEntityOfPage":{"@id":"https:\/\/noticiasmercedinas.com\/site\/2025\/04\/08\/con-un-tercer-y-un-cuarto-puesto-nadadores-de-cumelen-se-destacan-en-competencias-por-equipos\/"},"wordCount":297,"publisher":{"@id":"https:\/\/noticiasmercedinas.com\/site\/#organization"},"image":{"@id":"https:\/\/noticiasmercedinas.com\/site\/2025\/04\/08\/con-un-tercer-y-un-cuarto-puesto-nadadores-de-cumelen-se-destacan-en-competencias-por-equipos\/#primaryimage"},"thumbnailUrl":"https:\/\/noticiasmercedinas.com\/site\/wp-content\/uploads\/2025\/04\/b3eba410-193d-4fba-b0e6-e4956fd5580f.jpg","keywords":["cumelen","Daniel Barros","Emiliano Punte","Federico Mugnani","Francisco La Regina","Germ\u00e1n Tonda","Luc\u00eda Otero","Maira Altuna","Marcelo \u00c1lvarez","Mariano Goicochea","martin Bondanza","Mat\u00edas Lamothe","Nicole Scheitler","Pablo Mart\u00edn Cassiani"],"articleSection":["Deportes"],"inLanguage":"es"},{"@type":"WebPage","@id":"https:\/\/noticiasmercedinas.com\/site\/2025\/04\/08\/con-un-tercer-y-un-cuarto-puesto-nadadores-de-cumelen-se-destacan-en-competencias-por-equipos\/","url":"https:\/\/noticiasmercedinas.com\/site\/2025\/04\/08\/con-un-tercer-y-un-cuarto-puesto-nadadores-de-cumelen-se-destacan-en-competencias-por-equipos\/","name":"Con un tercer y un cuarto puesto, nadadores de Cumel\u00e9n se destacan en competencias por equipos","isPartOf":{"@id":"https:\/\/noticiasmercedinas.com\/site\/#website"},"primaryImageOfPage":{"@id":"https:\/\/noticiasmercedinas.com\/site\/2025\/04\/08\/con-un-tercer-y-un-cuarto-puesto-nadadores-de-cumelen-se-destacan-en-competencias-por-equipos\/#primaryimage"},"image":{"@id":"https:\/\/noticiasmercedinas.com\/site\/2025\/04\/08\/con-un-tercer-y-un-cuarto-puesto-nadadores-de-cumelen-se-destacan-en-competencias-por-equipos\/#primaryimage"},"thumbnailUrl":"https:\/\/noticiasmercedinas.com\/site\/wp-content\/uploads\/2025\/04\/b3eba410-193d-4fba-b0e6-e4956fd5580f.jpg","datePublished":"2025-04-08T20:26:41+00:00","dateModified":"2025-04-08T23:51:10+00:00","description":"\u25a0 El entrenador valor\u00f3 especialmente la actitud del equipo: \"Es un orgullo y un placer contar con un grupo que muestra tanta entrega y tanto gusto por el deporte\", dijo","breadcrumb":{"@id":"https:\/\/noticiasmercedinas.com\/site\/2025\/04\/08\/con-un-tercer-y-un-cuarto-puesto-nadadores-de-cumelen-se-destacan-en-competencias-por-equipos\/#breadcrumb"},"inLanguage":"es","potentialAction":[{"@type":"ReadAction","target":["https:\/\/noticiasmercedinas.com\/site\/2025\/04\/08\/con-un-tercer-y-un-cuarto-puesto-nadadores-de-cumelen-se-destacan-en-competencias-por-equipos\/"]}]},{"@type":"ImageObject","inLanguage":"es","@id":"https:\/\/noticiasmercedinas.com\/site\/2025\/04\/08\/con-un-tercer-y-un-cuarto-puesto-nadadores-de-cumelen-se-destacan-en-competencias-por-equipos\/#primaryimage","url":"https:\/\/noticiasmercedinas.com\/site\/wp-content\/uploads\/2025\/04\/b3eba410-193d-4fba-b0e6-e4956fd5580f.jpg","contentUrl":"https:\/\/noticiasmercedinas.com\/site\/wp-content\/uploads\/2025\/04\/b3eba410-193d-4fba-b0e6-e4956fd5580f.jpg","width":1280,"height":576},{"@type":"BreadcrumbList","@id":"https:\/\/noticiasmercedinas.com\/site\/2025\/04\/08\/con-un-tercer-y-un-cuarto-puesto-nadadores-de-cumelen-se-destacan-en-competencias-por-equipos\/#breadcrumb","itemListElement":[{"@type":"ListItem","position":1,"name":"Portada","item":"https:\/\/noticiasmercedinas.com\/site\/"},{"@type":"ListItem","position":2,"name":"Con un tercer y un cuarto puesto, nadadores de Cumel\u00e9n se destacan en competencias por equipos"}]},{"@type":"WebSite","@id":"https:\/\/noticiasmercedinas.com\/site\/#website","url":"https:\/\/noticiasmercedinas.com\/site\/","name":"NOTICIASMERCEDINAS.COM","description":"Mercedes, Buenos Aires, Argentina","publisher":{"@id":"https:\/\/noticiasmercedinas.com\/site\/#organization"},"potentialAction":[{"@type":"SearchAction","target":{"@type":"EntryPoint","urlTemplate":"https:\/\/noticiasmercedinas.com\/site\/?s={search_term_string}"},"query-input":{"@type":"PropertyValueSpecification","valueRequired":true,"valueName":"search_term_string"}}],"inLanguage":"es"},{"@type":"Organization","@id":"https:\/\/noticiasmercedinas.com\/site\/#organization","name":"NOTICIASMERCEDINAS.COM","url":"https:\/\/noticiasmercedinas.com\/site\/","logo":{"@type":"ImageObject","inLanguage":"es","@id":"https:\/\/noticiasmercedinas.com\/site\/#\/schema\/logo\/image\/","url":"https:\/\/noticiasmercedinas.com\/site\/wp-content\/uploads\/2020\/06\/LOGO-512.jpg","contentUrl":"https:\/\/noticiasmercedinas.com\/site\/wp-content\/uploads\/2020\/06\/LOGO-512.jpg","width":512,"height":512,"caption":"NOTICIASMERCEDINAS.COM"},"image":{"@id":"https:\/\/noticiasmercedinas.com\/site\/#\/schema\/logo\/image\/"},"sameAs":["https:\/\/www.facebook.com\/noticiasmercedinas\/","https:\/\/x.com\/notmercedinas","https:\/\/www.instagram.com\/noticiasmercedinas\/"]},{"@type":"Person","@id":"https:\/\/noticiasmercedinas.com\/site\/#\/schema\/person\/84b59c099c28ff2e8b77d4ceec5d8063","name":"NOTICIASMERCEDINAS.COM","image":{"@type":"ImageObject","inLanguage":"es","@id":"https:\/\/secure.gravatar.com\/avatar\/4dfbf16b4d17945bfb6341b2d19043457132fcf478a5ee04f42e959fd8f5df0a?s=96&d=mm&r=g","url":"https:\/\/secure.gravatar.com\/avatar\/4dfbf16b4d17945bfb6341b2d19043457132fcf478a5ee04f42e959fd8f5df0a?s=96&d=mm&r=g","contentUrl":"https:\/\/secure.gravatar.com\/avatar\/4dfbf16b4d17945bfb6341b2d19043457132fcf478a5ee04f42e959fd8f5df0a?s=96&d=mm&r=g","caption":"NOTICIASMERCEDINAS.COM"},"url":"https:\/\/noticiasmercedinas.com\/site\/author\/anonimo\/"}]}},"amp_enabled":true,"_links":{"self":[{"href":"https:\/\/noticiasmercedinas.com\/site\/wp-json\/wp\/v2\/posts\/156875","targetHints":{"allow":["GET"]}}],"collection":[{"href":"https:\/\/noticiasmercedinas.com\/site\/wp-json\/wp\/v2\/posts"}],"about":[{"href":"https:\/\/noticiasmercedinas.com\/site\/wp-json\/wp\/v2\/types\/post"}],"author":[{"embeddable":true,"href":"https:\/\/noticiasmercedinas.com\/site\/wp-json\/wp\/v2\/users\/16"}],"replies":[{"embeddable":true,"href":"https:\/\/noticiasmercedinas.com\/site\/wp-json\/wp\/v2\/comments?post=156875"}],"version-history":[{"count":2,"href":"https:\/\/noticiasmercedinas.com\/site\/wp-json\/wp\/v2\/posts\/156875\/revisions"}],"predecessor-version":[{"id":156887,"href":"https:\/\/noticiasmercedinas.com\/site\/wp-json\/wp\/v2\/posts\/156875\/revisions\/156887"}],"wp:featuredmedia":[{"embeddable":true,"href":"https:\/\/noticiasmercedinas.com\/site\/wp-json\/wp\/v2\/media\/156879"}],"wp:attachment":[{"href":"https:\/\/noticiasmercedinas.com\/site\/wp-json\/wp\/v2\/media?parent=156875"}],"wp:term":[{"taxonomy":"category","embeddable":true,"href":"https:\/\/noticiasmercedinas.com\/site\/wp-json\/wp\/v2\/categories?post=156875"},{"taxonomy":"post_tag","embeddable":true,"href":"https:\/\/noticiasmercedinas.com\/site\/wp-json\/wp\/v2\/tags?post=156875"}],"curies":[{"name":"wp","href":"https:\/\/api.w.org\/{rel}","templated":true}]}}