{"id":156912,"date":"2025-04-09T11:49:32","date_gmt":"2025-04-09T14:49:32","guid":{"rendered":"https:\/\/noticiasmercedinas.com\/site\/?p=156912"},"modified":"2025-04-09T11:50:44","modified_gmt":"2025-04-09T14:50:44","slug":"cgt-regional-llama-a-sumarse-al-paro-a-los-trabajadores-y-a-resistir-en-unidad","status":"publish","type":"post","link":"https:\/\/noticiasmercedinas.com\/site\/2025\/04\/09\/cgt-regional-llama-a-sumarse-al-paro-a-los-trabajadores-y-a-resistir-en-unidad\/","title":{"rendered":"CGT Regional llama a sumarse al paro a los trabajadores y a \u00abresistir en unidad\u00bb"},"content":{"rendered":"<p data-start=\"147\" data-end=\"728\"><img loading=\"lazy\" decoding=\"async\" class=\"alignnone size-full wp-image-156917\" src=\"https:\/\/noticiasmercedinas.com\/site\/wp-content\/uploads\/2025\/04\/ANDRESCGT.jpg\" alt=\"\" width=\"1559\" height=\"984\" srcset=\"https:\/\/noticiasmercedinas.com\/site\/wp-content\/uploads\/2025\/04\/ANDRESCGT.jpg 1559w, https:\/\/noticiasmercedinas.com\/site\/wp-content\/uploads\/2025\/04\/ANDRESCGT-300x189.jpg 300w, https:\/\/noticiasmercedinas.com\/site\/wp-content\/uploads\/2025\/04\/ANDRESCGT-1024x646.jpg 1024w, https:\/\/noticiasmercedinas.com\/site\/wp-content\/uploads\/2025\/04\/ANDRESCGT-768x485.jpg 768w, https:\/\/noticiasmercedinas.com\/site\/wp-content\/uploads\/2025\/04\/ANDRESCGT-1536x969.jpg 1536w, https:\/\/noticiasmercedinas.com\/site\/wp-content\/uploads\/2025\/04\/ANDRESCGT-640x404.jpg 640w, https:\/\/noticiasmercedinas.com\/site\/wp-content\/uploads\/2025\/04\/ANDRESCGT-1280x808.jpg 1280w, https:\/\/noticiasmercedinas.com\/site\/wp-content\/uploads\/2025\/04\/ANDRESCGT-681x430.jpg 681w, https:\/\/noticiasmercedinas.com\/site\/wp-content\/uploads\/2025\/04\/ANDRESCGT-1362x860.jpg 1362w\" sizes=\"auto, (max-width: 1559px) 100vw, 1559px\" \/><\/p>\n<p class=\"\" data-start=\"147\" data-end=\"728\">Durante una conferencia de prensa brindada este martes 9 de abril, en el marco de la jornada nacional de paro y movilizaci\u00f3n de 36 horas convocada por la CGT y otros espacios gremiales, representantes sindicales de distintos sectores expresaron su profunda preocupaci\u00f3n por la situaci\u00f3n laboral y social que atraviesa la ciudad de Mercedes. Juan Mart\u00edn Andr\u00e9s, secretario de la CGT Regional Mercedes \u2013que comprende tambi\u00e9n Navarro y San Andr\u00e9s de Giles\u2013 fue el principal vocero y asegur\u00f3 que \u201cen el \u00faltimo a\u00f1o se perdieron entre 600 y 700 puestos de trabajo formales en la ciudad\u201d.<\/p>\n<p class=\"\" data-start=\"730\" data-end=\"1149\">El dirigente estuvo acompa\u00f1ado por referentes sindicales de la docencia, el comercio, la salud, los trabajadores estatales y la econom\u00eda popular, e incluso los jubilados autoconvocados. \u201cEs realmente un momento muy complicado para todos los trabajadores. Lo ven\u00edamos advirtiendo en distintas reuniones, pero vemos con mucha preocupaci\u00f3n c\u00f3mo se va tomando cada vez un rumbo m\u00e1s incierto y perjudicial para el conjunto de la clase trabajadora\u201d, expres\u00f3 Andr\u00e9s.<\/p>\n<p class=\"\" data-start=\"1151\" data-end=\"1548\">Adem\u00e1s del fuerte impacto del desempleo, el secretario de la CGT Regional puso el foco en el deterioro del poder adquisitivo y las condiciones de vida de las familias con empleo registrado. \u201cMuchas familias trabajadoras con empleo formal ya est\u00e1n comiendo una sola vez al d\u00eda\u201d, denunci\u00f3, describiendo una situaci\u00f3n de \u201cpauperizaci\u00f3n laboral\u201d que golpea incluso a quienes tienen ingresos regulares.<\/p>\n<blockquote>\n<p data-start=\"1151\" data-end=\"1548\">\u201cHace seis a\u00f1os nos hicieron lo mismo: nos endeudaron para una timba electoral y el pato de la boda fuimos los trabajadores\u201d<\/p>\n<\/blockquote>\n<p class=\"\" data-start=\"1550\" data-end=\"1869\">En su intervenci\u00f3n, Andr\u00e9s cuestion\u00f3 las pol\u00edticas de endeudamiento con el Fondo Monetario Internacional, a las que defini\u00f3 como una reedici\u00f3n de medidas ya implementadas en el pasado reciente: \u201cHace seis a\u00f1os nos hicieron lo mismo: nos endeudaron para una timba electoral y el pato de la boda fuimos los trabajadores\u201d.<\/p>\n<p class=\"\" data-start=\"1871\" data-end=\"2314\">Tambi\u00e9n reclam\u00f3 una serie de medidas urgentes como paritarias libres y homologadas, un aumento de emergencia para jubilados, el fin de la represi\u00f3n a la protesta social y una agenda econ\u00f3mica centrada en el trabajo, la industria y los sectores m\u00e1s postergados. \u201cNecesitamos volver a hablar de ni\u00f1ez, de salud, de industria, de los jubilados. Y que podamos nuevamente pensar en un pa\u00eds que se encamine a ser pujante, libre y soberano\u201d, subray\u00f3.<\/p>\n<p class=\"\" data-start=\"2316\" data-end=\"2619\">La fecha de la conferencia no fue casual: este 9 de abril tambi\u00e9n se conmemor\u00f3 el D\u00eda de la Igualdad Salarial, y el documento difundido por la CGT regional puso de relieve que \u201clas mujeres hoy en Argentina cobran un 26,7% menos que los hombres y deben trabajar tres meses m\u00e1s para igualar sus ingresos\u201d.<\/p>\n<p class=\"\" data-start=\"2621\" data-end=\"3009\">Finalmente, Andr\u00e9s se\u00f1al\u00f3 que, adem\u00e1s de la CGT, participaron activamente sindicatos de diversas ramas laborales y que varios sectores, como el gremio de trabajadores de peajes, se encontraban en plena protesta en defensa de los puestos laborales. \u201cEst\u00e1n dejando sin trabajo a 600 compa\u00f1eros. Esta lucha no es de un gremio: es de todos los que queremos una Argentina m\u00e1s justa\u201d, concluy\u00f3 y llam\u00f3 a ser parte de una manifestaci\u00f3n que fue <a href=\"https:\/\/noticiasmercedinas.com\/site\/2025\/04\/08\/varios-sindicatos-convocan-a-una-jornada-de-accion-gremial-y-paro-general\/\">programada para este mi\u00e9rcoles a las 18 en la Plaza San Mart\u00edn de Mercedes<\/a>.<\/p>\n<p data-start=\"2621\" data-end=\"3009\"><strong>Comunicado<\/strong><br \/>\nA trav\u00e9s de un comunicado que dieron a conocer desde la\u00a0CGT Regional convocan a un paro nacional para el jueves 10 de abril de 2025, en rechazo a las pol\u00edticas del gobierno de Javier Milei. Acusan al presidente de haber \u00abenga\u00f1ado al electorado\u00bb, beneficiando a grandes grupos econ\u00f3micos en lugar de resolver los problemas urgentes del pa\u00eds, como la inflaci\u00f3n, la desocupaci\u00f3n, la pobreza y el deterioro de servicios p\u00fablicos esenciales como la salud, la educaci\u00f3n y la ciencia.<\/p>\n<p>Denuncian adem\u00e1s la\u00a0 represi\u00f3n a la protesta social, p\u00e9rdida masiva de empleos en la regi\u00f3n (m\u00e1s de 500 despidos formales y unos 1.000 en negro), cierre de empresas y ca\u00edda del salario real en m\u00faltiples sectores como comercio, industria textil, automotriz y televisi\u00f3n.<\/p>\n<p>Critica adem\u00e1s el alineamiento del gobierno con intereses extranjeros, como EE.UU., y el retroceso en la posici\u00f3n soberana sobre Malvinas.<\/p>\n<p>La CGT plantea que este panorama genera bronca, incertidumbre y retroceso en la calidad de vida, y alerta sobre una posible deriva autoritaria, aunque reafirma la defensa de la democracia y llama a construir un proyecto pol\u00edtico amplio e inclusivo.<\/p>\n<p><img loading=\"lazy\" decoding=\"async\" class=\"alignnone size-full wp-image-156918\" src=\"https:\/\/noticiasmercedinas.com\/site\/wp-content\/uploads\/2025\/04\/GREMIOS1.jpg\" alt=\"\" width=\"1396\" height=\"764\" srcset=\"https:\/\/noticiasmercedinas.com\/site\/wp-content\/uploads\/2025\/04\/GREMIOS1.jpg 1396w, https:\/\/noticiasmercedinas.com\/site\/wp-content\/uploads\/2025\/04\/GREMIOS1-300x164.jpg 300w, https:\/\/noticiasmercedinas.com\/site\/wp-content\/uploads\/2025\/04\/GREMIOS1-1024x560.jpg 1024w, https:\/\/noticiasmercedinas.com\/site\/wp-content\/uploads\/2025\/04\/GREMIOS1-768x420.jpg 768w, https:\/\/noticiasmercedinas.com\/site\/wp-content\/uploads\/2025\/04\/GREMIOS1-640x350.jpg 640w, https:\/\/noticiasmercedinas.com\/site\/wp-content\/uploads\/2025\/04\/GREMIOS1-1280x701.jpg 1280w, https:\/\/noticiasmercedinas.com\/site\/wp-content\/uploads\/2025\/04\/GREMIOS1-681x373.jpg 681w, https:\/\/noticiasmercedinas.com\/site\/wp-content\/uploads\/2025\/04\/GREMIOS1-1362x745.jpg 1362w\" sizes=\"auto, (max-width: 1396px) 100vw, 1396px\" \/><\/p>\n","protected":false},"excerpt":{"rendered":"<p>\u25a0 Gremios alertaron que se perdieron m\u00e1s de 600 empleos formales en Mercedes y advirtieron sobre un fuerte deterioro en las condiciones de vida<\/p>\n","protected":false},"author":2,"featured_media":156917,"comment_status":"closed","ping_status":"closed","sticky":false,"template":"","format":"standard","meta":{"footnotes":""},"categories":[3],"tags":[14772,1440,353,231,297],"class_list":["post-156912","post","type-post","status-publish","format-standard","has-post-thumbnail","hentry","category-sociedad","tag-cgt-regional","tag-empleo","tag-juan-martin-andres","tag-paro","tag-trabajo"],"yoast_head":"<!-- This site is optimized with the Yoast SEO plugin v27.4 - https:\/\/yoast.com\/product\/yoast-seo-wordpress\/ -->\n<title>CGT Regional llama a sumarse al paro a los trabajadores y a &quot;resistir en unidad&quot;<\/title>\n<meta name=\"description\" content=\"Gremios alertaron que se perdieron m\u00e1s de 600 empleos formales en Mercedes y advirtieron sobre un fuerte deterioro en las condiciones de vida\" \/>\n<meta name=\"robots\" content=\"index, follow, max-snippet:-1, max-image-preview:large, max-video-preview:-1\" \/>\n<link rel=\"canonical\" href=\"https:\/\/noticiasmercedinas.com\/site\/2025\/04\/09\/cgt-regional-llama-a-sumarse-al-paro-a-los-trabajadores-y-a-resistir-en-unidad\/\" \/>\n<meta property=\"og:locale\" content=\"es_ES\" \/>\n<meta property=\"og:type\" content=\"article\" \/>\n<meta property=\"og:title\" content=\"CGT Regional llama a sumarse al paro a los trabajadores y a &quot;resistir en unidad&quot;\" \/>\n<meta property=\"og:description\" content=\"Gremios alertaron que se perdieron m\u00e1s de 600 empleos formales en Mercedes y advirtieron sobre un fuerte deterioro en las condiciones de vida\" \/>\n<meta property=\"og:url\" content=\"https:\/\/noticiasmercedinas.com\/site\/2025\/04\/09\/cgt-regional-llama-a-sumarse-al-paro-a-los-trabajadores-y-a-resistir-en-unidad\/\" \/>\n<meta property=\"og:site_name\" content=\"NOTICIASMERCEDINAS.COM\" \/>\n<meta property=\"article:publisher\" content=\"https:\/\/www.facebook.com\/noticiasmercedinas\/\" \/>\n<meta property=\"article:author\" content=\"https:\/\/www.facebook.com\/cristian.falabella\" \/>\n<meta property=\"article:published_time\" content=\"2025-04-09T14:49:32+00:00\" \/>\n<meta property=\"article:modified_time\" content=\"2025-04-09T14:50:44+00:00\" \/>\n<meta property=\"og:image\" content=\"https:\/\/noticiasmercedinas.com\/site\/wp-content\/uploads\/2025\/04\/ANDRESCGT.jpg\" \/>\n\t<meta property=\"og:image:width\" content=\"1559\" \/>\n\t<meta property=\"og:image:height\" content=\"984\" \/>\n\t<meta property=\"og:image:type\" content=\"image\/jpeg\" \/>\n<meta name=\"author\" content=\"Cristian Falabella NOTICIASMERCEDINAS.COM\" \/>\n<meta name=\"twitter:card\" content=\"summary_large_image\" \/>\n<meta name=\"twitter:creator\" content=\"@https:\/\/twitter.com\/NOTMERCEDINAS\" \/>\n<meta name=\"twitter:site\" content=\"@notmercedinas\" \/>\n<meta name=\"twitter:label1\" content=\"Escrito por\" \/>\n\t<meta name=\"twitter:data1\" content=\"Cristian Falabella NOTICIASMERCEDINAS.COM\" \/>\n\t<meta name=\"twitter:label2\" content=\"Tiempo de lectura\" \/>\n\t<meta name=\"twitter:data2\" content=\"4 minutos\" \/>\n<script type=\"application\/ld+json\" class=\"yoast-schema-graph\">{\"@context\":\"https:\\\/\\\/schema.org\",\"@graph\":[{\"@type\":\"Article\",\"@id\":\"https:\\\/\\\/noticiasmercedinas.com\\\/site\\\/2025\\\/04\\\/09\\\/cgt-regional-llama-a-sumarse-al-paro-a-los-trabajadores-y-a-resistir-en-unidad\\\/#article\",\"isPartOf\":{\"@id\":\"https:\\\/\\\/noticiasmercedinas.com\\\/site\\\/2025\\\/04\\\/09\\\/cgt-regional-llama-a-sumarse-al-paro-a-los-trabajadores-y-a-resistir-en-unidad\\\/\"},\"author\":{\"name\":\"Cristian Falabella NOTICIASMERCEDINAS.COM\",\"@id\":\"https:\\\/\\\/noticiasmercedinas.com\\\/site\\\/#\\\/schema\\\/person\\\/d481a9696a5feaec13a60e2bbd991a6a\"},\"headline\":\"CGT Regional llama a sumarse al paro a los trabajadores y a \u00abresistir en unidad\u00bb\",\"datePublished\":\"2025-04-09T14:49:32+00:00\",\"dateModified\":\"2025-04-09T14:50:44+00:00\",\"mainEntityOfPage\":{\"@id\":\"https:\\\/\\\/noticiasmercedinas.com\\\/site\\\/2025\\\/04\\\/09\\\/cgt-regional-llama-a-sumarse-al-paro-a-los-trabajadores-y-a-resistir-en-unidad\\\/\"},\"wordCount\":764,\"publisher\":{\"@id\":\"https:\\\/\\\/noticiasmercedinas.com\\\/site\\\/#organization\"},\"image\":{\"@id\":\"https:\\\/\\\/noticiasmercedinas.com\\\/site\\\/2025\\\/04\\\/09\\\/cgt-regional-llama-a-sumarse-al-paro-a-los-trabajadores-y-a-resistir-en-unidad\\\/#primaryimage\"},\"thumbnailUrl\":\"https:\\\/\\\/noticiasmercedinas.com\\\/site\\\/wp-content\\\/uploads\\\/2025\\\/04\\\/ANDRESCGT.jpg\",\"keywords\":[\"cgt regional\",\"empleo\",\"juan martin andres\",\"paro\",\"trabajo\"],\"articleSection\":[\"Sociedad\"],\"inLanguage\":\"es\"},{\"@type\":\"WebPage\",\"@id\":\"https:\\\/\\\/noticiasmercedinas.com\\\/site\\\/2025\\\/04\\\/09\\\/cgt-regional-llama-a-sumarse-al-paro-a-los-trabajadores-y-a-resistir-en-unidad\\\/\",\"url\":\"https:\\\/\\\/noticiasmercedinas.com\\\/site\\\/2025\\\/04\\\/09\\\/cgt-regional-llama-a-sumarse-al-paro-a-los-trabajadores-y-a-resistir-en-unidad\\\/\",\"name\":\"CGT Regional llama a sumarse al paro a los trabajadores y a \\\"resistir en unidad\\\"\",\"isPartOf\":{\"@id\":\"https:\\\/\\\/noticiasmercedinas.com\\\/site\\\/#website\"},\"primaryImageOfPage\":{\"@id\":\"https:\\\/\\\/noticiasmercedinas.com\\\/site\\\/2025\\\/04\\\/09\\\/cgt-regional-llama-a-sumarse-al-paro-a-los-trabajadores-y-a-resistir-en-unidad\\\/#primaryimage\"},\"image\":{\"@id\":\"https:\\\/\\\/noticiasmercedinas.com\\\/site\\\/2025\\\/04\\\/09\\\/cgt-regional-llama-a-sumarse-al-paro-a-los-trabajadores-y-a-resistir-en-unidad\\\/#primaryimage\"},\"thumbnailUrl\":\"https:\\\/\\\/noticiasmercedinas.com\\\/site\\\/wp-content\\\/uploads\\\/2025\\\/04\\\/ANDRESCGT.jpg\",\"datePublished\":\"2025-04-09T14:49:32+00:00\",\"dateModified\":\"2025-04-09T14:50:44+00:00\",\"description\":\"Gremios alertaron que se perdieron m\u00e1s de 600 empleos formales en Mercedes y advirtieron sobre un fuerte deterioro en las condiciones de vida\",\"breadcrumb\":{\"@id\":\"https:\\\/\\\/noticiasmercedinas.com\\\/site\\\/2025\\\/04\\\/09\\\/cgt-regional-llama-a-sumarse-al-paro-a-los-trabajadores-y-a-resistir-en-unidad\\\/#breadcrumb\"},\"inLanguage\":\"es\",\"potentialAction\":[{\"@type\":\"ReadAction\",\"target\":[\"https:\\\/\\\/noticiasmercedinas.com\\\/site\\\/2025\\\/04\\\/09\\\/cgt-regional-llama-a-sumarse-al-paro-a-los-trabajadores-y-a-resistir-en-unidad\\\/\"]}]},{\"@type\":\"ImageObject\",\"inLanguage\":\"es\",\"@id\":\"https:\\\/\\\/noticiasmercedinas.com\\\/site\\\/2025\\\/04\\\/09\\\/cgt-regional-llama-a-sumarse-al-paro-a-los-trabajadores-y-a-resistir-en-unidad\\\/#primaryimage\",\"url\":\"https:\\\/\\\/noticiasmercedinas.com\\\/site\\\/wp-content\\\/uploads\\\/2025\\\/04\\\/ANDRESCGT.jpg\",\"contentUrl\":\"https:\\\/\\\/noticiasmercedinas.com\\\/site\\\/wp-content\\\/uploads\\\/2025\\\/04\\\/ANDRESCGT.jpg\",\"width\":1559,\"height\":984},{\"@type\":\"BreadcrumbList\",\"@id\":\"https:\\\/\\\/noticiasmercedinas.com\\\/site\\\/2025\\\/04\\\/09\\\/cgt-regional-llama-a-sumarse-al-paro-a-los-trabajadores-y-a-resistir-en-unidad\\\/#breadcrumb\",\"itemListElement\":[{\"@type\":\"ListItem\",\"position\":1,\"name\":\"Portada\",\"item\":\"https:\\\/\\\/noticiasmercedinas.com\\\/site\\\/\"},{\"@type\":\"ListItem\",\"position\":2,\"name\":\"CGT Regional llama a sumarse al paro a los trabajadores y a \u00abresistir en unidad\u00bb\"}]},{\"@type\":\"WebSite\",\"@id\":\"https:\\\/\\\/noticiasmercedinas.com\\\/site\\\/#website\",\"url\":\"https:\\\/\\\/noticiasmercedinas.com\\\/site\\\/\",\"name\":\"NOTICIASMERCEDINAS.COM\",\"description\":\"Mercedes, Buenos Aires, Argentina\",\"publisher\":{\"@id\":\"https:\\\/\\\/noticiasmercedinas.com\\\/site\\\/#organization\"},\"potentialAction\":[{\"@type\":\"SearchAction\",\"target\":{\"@type\":\"EntryPoint\",\"urlTemplate\":\"https:\\\/\\\/noticiasmercedinas.com\\\/site\\\/?s={search_term_string}\"},\"query-input\":{\"@type\":\"PropertyValueSpecification\",\"valueRequired\":true,\"valueName\":\"search_term_string\"}}],\"inLanguage\":\"es\"},{\"@type\":\"Organization\",\"@id\":\"https:\\\/\\\/noticiasmercedinas.com\\\/site\\\/#organization\",\"name\":\"NOTICIASMERCEDINAS.COM\",\"url\":\"https:\\\/\\\/noticiasmercedinas.com\\\/site\\\/\",\"logo\":{\"@type\":\"ImageObject\",\"inLanguage\":\"es\",\"@id\":\"https:\\\/\\\/noticiasmercedinas.com\\\/site\\\/#\\\/schema\\\/logo\\\/image\\\/\",\"url\":\"https:\\\/\\\/noticiasmercedinas.com\\\/site\\\/wp-content\\\/uploads\\\/2020\\\/06\\\/LOGO-512.jpg\",\"contentUrl\":\"https:\\\/\\\/noticiasmercedinas.com\\\/site\\\/wp-content\\\/uploads\\\/2020\\\/06\\\/LOGO-512.jpg\",\"width\":512,\"height\":512,\"caption\":\"NOTICIASMERCEDINAS.COM\"},\"image\":{\"@id\":\"https:\\\/\\\/noticiasmercedinas.com\\\/site\\\/#\\\/schema\\\/logo\\\/image\\\/\"},\"sameAs\":[\"https:\\\/\\\/www.facebook.com\\\/noticiasmercedinas\\\/\",\"https:\\\/\\\/x.com\\\/notmercedinas\",\"https:\\\/\\\/www.instagram.com\\\/noticiasmercedinas\\\/\"]},{\"@type\":\"Person\",\"@id\":\"https:\\\/\\\/noticiasmercedinas.com\\\/site\\\/#\\\/schema\\\/person\\\/d481a9696a5feaec13a60e2bbd991a6a\",\"name\":\"Cristian Falabella NOTICIASMERCEDINAS.COM\",\"image\":{\"@type\":\"ImageObject\",\"inLanguage\":\"es\",\"@id\":\"https:\\\/\\\/secure.gravatar.com\\\/avatar\\\/0dbbfc45970cc46bcd0e57766228574ff3511d6eed045b182f536f0f478c1f06?s=96&d=mm&r=g\",\"url\":\"https:\\\/\\\/secure.gravatar.com\\\/avatar\\\/0dbbfc45970cc46bcd0e57766228574ff3511d6eed045b182f536f0f478c1f06?s=96&d=mm&r=g\",\"contentUrl\":\"https:\\\/\\\/secure.gravatar.com\\\/avatar\\\/0dbbfc45970cc46bcd0e57766228574ff3511d6eed045b182f536f0f478c1f06?s=96&d=mm&r=g\",\"caption\":\"Cristian Falabella NOTICIASMERCEDINAS.COM\"},\"description\":\"Periodista, editor de Noticias Mercedinas. Pas\u00f3 por varias redacciones y emprendimientos de prensa, en distintos formatos y \u00e9pocas. Se especializ\u00f3 --y sigue haci\u00e9ndolo-- en comunicaci\u00f3n en la web y en junio de 2006 fund\u00f3 este diario digital.\",\"sameAs\":[\"https:\\\/\\\/noticiasmercedinas.com\",\"https:\\\/\\\/www.facebook.com\\\/cristian.falabella\",\"https:\\\/\\\/www.instagram.com\\\/noticiasmercedinas\\\/\",\"https:\\\/\\\/x.com\\\/https:\\\/\\\/twitter.com\\\/NOTMERCEDINAS\"],\"url\":\"https:\\\/\\\/noticiasmercedinas.com\\\/site\\\/author\\\/as000384\\\/\"}]}<\/script>\n<!-- \/ Yoast SEO plugin. -->","yoast_head_json":{"title":"CGT Regional llama a sumarse al paro a los trabajadores y a \"resistir en unidad\"","description":"Gremios alertaron que se perdieron m\u00e1s de 600 empleos formales en Mercedes y advirtieron sobre un fuerte deterioro en las condiciones de vida","robots":{"index":"index","follow":"follow","max-snippet":"max-snippet:-1","max-image-preview":"max-image-preview:large","max-video-preview":"max-video-preview:-1"},"canonical":"https:\/\/noticiasmercedinas.com\/site\/2025\/04\/09\/cgt-regional-llama-a-sumarse-al-paro-a-los-trabajadores-y-a-resistir-en-unidad\/","og_locale":"es_ES","og_type":"article","og_title":"CGT Regional llama a sumarse al paro a los trabajadores y a \"resistir en unidad\"","og_description":"Gremios alertaron que se perdieron m\u00e1s de 600 empleos formales en Mercedes y advirtieron sobre un fuerte deterioro en las condiciones de vida","og_url":"https:\/\/noticiasmercedinas.com\/site\/2025\/04\/09\/cgt-regional-llama-a-sumarse-al-paro-a-los-trabajadores-y-a-resistir-en-unidad\/","og_site_name":"NOTICIASMERCEDINAS.COM","article_publisher":"https:\/\/www.facebook.com\/noticiasmercedinas\/","article_author":"https:\/\/www.facebook.com\/cristian.falabella","article_published_time":"2025-04-09T14:49:32+00:00","article_modified_time":"2025-04-09T14:50:44+00:00","og_image":[{"width":1559,"height":984,"url":"https:\/\/noticiasmercedinas.com\/site\/wp-content\/uploads\/2025\/04\/ANDRESCGT.jpg","type":"image\/jpeg"}],"author":"Cristian Falabella NOTICIASMERCEDINAS.COM","twitter_card":"summary_large_image","twitter_creator":"@https:\/\/twitter.com\/NOTMERCEDINAS","twitter_site":"@notmercedinas","twitter_misc":{"Escrito por":"Cristian Falabella NOTICIASMERCEDINAS.COM","Tiempo de lectura":"4 minutos"},"schema":{"@context":"https:\/\/schema.org","@graph":[{"@type":"Article","@id":"https:\/\/noticiasmercedinas.com\/site\/2025\/04\/09\/cgt-regional-llama-a-sumarse-al-paro-a-los-trabajadores-y-a-resistir-en-unidad\/#article","isPartOf":{"@id":"https:\/\/noticiasmercedinas.com\/site\/2025\/04\/09\/cgt-regional-llama-a-sumarse-al-paro-a-los-trabajadores-y-a-resistir-en-unidad\/"},"author":{"name":"Cristian Falabella NOTICIASMERCEDINAS.COM","@id":"https:\/\/noticiasmercedinas.com\/site\/#\/schema\/person\/d481a9696a5feaec13a60e2bbd991a6a"},"headline":"CGT Regional llama a sumarse al paro a los trabajadores y a \u00abresistir en unidad\u00bb","datePublished":"2025-04-09T14:49:32+00:00","dateModified":"2025-04-09T14:50:44+00:00","mainEntityOfPage":{"@id":"https:\/\/noticiasmercedinas.com\/site\/2025\/04\/09\/cgt-regional-llama-a-sumarse-al-paro-a-los-trabajadores-y-a-resistir-en-unidad\/"},"wordCount":764,"publisher":{"@id":"https:\/\/noticiasmercedinas.com\/site\/#organization"},"image":{"@id":"https:\/\/noticiasmercedinas.com\/site\/2025\/04\/09\/cgt-regional-llama-a-sumarse-al-paro-a-los-trabajadores-y-a-resistir-en-unidad\/#primaryimage"},"thumbnailUrl":"https:\/\/noticiasmercedinas.com\/site\/wp-content\/uploads\/2025\/04\/ANDRESCGT.jpg","keywords":["cgt regional","empleo","juan martin andres","paro","trabajo"],"articleSection":["Sociedad"],"inLanguage":"es"},{"@type":"WebPage","@id":"https:\/\/noticiasmercedinas.com\/site\/2025\/04\/09\/cgt-regional-llama-a-sumarse-al-paro-a-los-trabajadores-y-a-resistir-en-unidad\/","url":"https:\/\/noticiasmercedinas.com\/site\/2025\/04\/09\/cgt-regional-llama-a-sumarse-al-paro-a-los-trabajadores-y-a-resistir-en-unidad\/","name":"CGT Regional llama a sumarse al paro a los trabajadores y a \"resistir en unidad\"","isPartOf":{"@id":"https:\/\/noticiasmercedinas.com\/site\/#website"},"primaryImageOfPage":{"@id":"https:\/\/noticiasmercedinas.com\/site\/2025\/04\/09\/cgt-regional-llama-a-sumarse-al-paro-a-los-trabajadores-y-a-resistir-en-unidad\/#primaryimage"},"image":{"@id":"https:\/\/noticiasmercedinas.com\/site\/2025\/04\/09\/cgt-regional-llama-a-sumarse-al-paro-a-los-trabajadores-y-a-resistir-en-unidad\/#primaryimage"},"thumbnailUrl":"https:\/\/noticiasmercedinas.com\/site\/wp-content\/uploads\/2025\/04\/ANDRESCGT.jpg","datePublished":"2025-04-09T14:49:32+00:00","dateModified":"2025-04-09T14:50:44+00:00","description":"Gremios alertaron que se perdieron m\u00e1s de 600 empleos formales en Mercedes y advirtieron sobre un fuerte deterioro en las condiciones de vida","breadcrumb":{"@id":"https:\/\/noticiasmercedinas.com\/site\/2025\/04\/09\/cgt-regional-llama-a-sumarse-al-paro-a-los-trabajadores-y-a-resistir-en-unidad\/#breadcrumb"},"inLanguage":"es","potentialAction":[{"@type":"ReadAction","target":["https:\/\/noticiasmercedinas.com\/site\/2025\/04\/09\/cgt-regional-llama-a-sumarse-al-paro-a-los-trabajadores-y-a-resistir-en-unidad\/"]}]},{"@type":"ImageObject","inLanguage":"es","@id":"https:\/\/noticiasmercedinas.com\/site\/2025\/04\/09\/cgt-regional-llama-a-sumarse-al-paro-a-los-trabajadores-y-a-resistir-en-unidad\/#primaryimage","url":"https:\/\/noticiasmercedinas.com\/site\/wp-content\/uploads\/2025\/04\/ANDRESCGT.jpg","contentUrl":"https:\/\/noticiasmercedinas.com\/site\/wp-content\/uploads\/2025\/04\/ANDRESCGT.jpg","width":1559,"height":984},{"@type":"BreadcrumbList","@id":"https:\/\/noticiasmercedinas.com\/site\/2025\/04\/09\/cgt-regional-llama-a-sumarse-al-paro-a-los-trabajadores-y-a-resistir-en-unidad\/#breadcrumb","itemListElement":[{"@type":"ListItem","position":1,"name":"Portada","item":"https:\/\/noticiasmercedinas.com\/site\/"},{"@type":"ListItem","position":2,"name":"CGT Regional llama a sumarse al paro a los trabajadores y a \u00abresistir en unidad\u00bb"}]},{"@type":"WebSite","@id":"https:\/\/noticiasmercedinas.com\/site\/#website","url":"https:\/\/noticiasmercedinas.com\/site\/","name":"NOTICIASMERCEDINAS.COM","description":"Mercedes, Buenos Aires, Argentina","publisher":{"@id":"https:\/\/noticiasmercedinas.com\/site\/#organization"},"potentialAction":[{"@type":"SearchAction","target":{"@type":"EntryPoint","urlTemplate":"https:\/\/noticiasmercedinas.com\/site\/?s={search_term_string}"},"query-input":{"@type":"PropertyValueSpecification","valueRequired":true,"valueName":"search_term_string"}}],"inLanguage":"es"},{"@type":"Organization","@id":"https:\/\/noticiasmercedinas.com\/site\/#organization","name":"NOTICIASMERCEDINAS.COM","url":"https:\/\/noticiasmercedinas.com\/site\/","logo":{"@type":"ImageObject","inLanguage":"es","@id":"https:\/\/noticiasmercedinas.com\/site\/#\/schema\/logo\/image\/","url":"https:\/\/noticiasmercedinas.com\/site\/wp-content\/uploads\/2020\/06\/LOGO-512.jpg","contentUrl":"https:\/\/noticiasmercedinas.com\/site\/wp-content\/uploads\/2020\/06\/LOGO-512.jpg","width":512,"height":512,"caption":"NOTICIASMERCEDINAS.COM"},"image":{"@id":"https:\/\/noticiasmercedinas.com\/site\/#\/schema\/logo\/image\/"},"sameAs":["https:\/\/www.facebook.com\/noticiasmercedinas\/","https:\/\/x.com\/notmercedinas","https:\/\/www.instagram.com\/noticiasmercedinas\/"]},{"@type":"Person","@id":"https:\/\/noticiasmercedinas.com\/site\/#\/schema\/person\/d481a9696a5feaec13a60e2bbd991a6a","name":"Cristian Falabella NOTICIASMERCEDINAS.COM","image":{"@type":"ImageObject","inLanguage":"es","@id":"https:\/\/secure.gravatar.com\/avatar\/0dbbfc45970cc46bcd0e57766228574ff3511d6eed045b182f536f0f478c1f06?s=96&d=mm&r=g","url":"https:\/\/secure.gravatar.com\/avatar\/0dbbfc45970cc46bcd0e57766228574ff3511d6eed045b182f536f0f478c1f06?s=96&d=mm&r=g","contentUrl":"https:\/\/secure.gravatar.com\/avatar\/0dbbfc45970cc46bcd0e57766228574ff3511d6eed045b182f536f0f478c1f06?s=96&d=mm&r=g","caption":"Cristian Falabella NOTICIASMERCEDINAS.COM"},"description":"Periodista, editor de Noticias Mercedinas. Pas\u00f3 por varias redacciones y emprendimientos de prensa, en distintos formatos y \u00e9pocas. Se especializ\u00f3 --y sigue haci\u00e9ndolo-- en comunicaci\u00f3n en la web y en junio de 2006 fund\u00f3 este diario digital.","sameAs":["https:\/\/noticiasmercedinas.com","https:\/\/www.facebook.com\/cristian.falabella","https:\/\/www.instagram.com\/noticiasmercedinas\/","https:\/\/x.com\/https:\/\/twitter.com\/NOTMERCEDINAS"],"url":"https:\/\/noticiasmercedinas.com\/site\/author\/as000384\/"}]}},"amp_enabled":true,"_links":{"self":[{"href":"https:\/\/noticiasmercedinas.com\/site\/wp-json\/wp\/v2\/posts\/156912","targetHints":{"allow":["GET"]}}],"collection":[{"href":"https:\/\/noticiasmercedinas.com\/site\/wp-json\/wp\/v2\/posts"}],"about":[{"href":"https:\/\/noticiasmercedinas.com\/site\/wp-json\/wp\/v2\/types\/post"}],"author":[{"embeddable":true,"href":"https:\/\/noticiasmercedinas.com\/site\/wp-json\/wp\/v2\/users\/2"}],"replies":[{"embeddable":true,"href":"https:\/\/noticiasmercedinas.com\/site\/wp-json\/wp\/v2\/comments?post=156912"}],"version-history":[{"count":3,"href":"https:\/\/noticiasmercedinas.com\/site\/wp-json\/wp\/v2\/posts\/156912\/revisions"}],"predecessor-version":[{"id":156920,"href":"https:\/\/noticiasmercedinas.com\/site\/wp-json\/wp\/v2\/posts\/156912\/revisions\/156920"}],"wp:featuredmedia":[{"embeddable":true,"href":"https:\/\/noticiasmercedinas.com\/site\/wp-json\/wp\/v2\/media\/156917"}],"wp:attachment":[{"href":"https:\/\/noticiasmercedinas.com\/site\/wp-json\/wp\/v2\/media?parent=156912"}],"wp:term":[{"taxonomy":"category","embeddable":true,"href":"https:\/\/noticiasmercedinas.com\/site\/wp-json\/wp\/v2\/categories?post=156912"},{"taxonomy":"post_tag","embeddable":true,"href":"https:\/\/noticiasmercedinas.com\/site\/wp-json\/wp\/v2\/tags?post=156912"}],"curies":[{"name":"wp","href":"https:\/\/api.w.org\/{rel}","templated":true}]}}