{"id":156922,"date":"2025-04-09T07:02:49","date_gmt":"2025-04-09T10:02:49","guid":{"rendered":"https:\/\/noticiasmercedinas.com\/site\/?p=156922"},"modified":"2025-04-09T12:04:16","modified_gmt":"2025-04-09T15:04:16","slug":"escandalo-cripto-no-podemos-convalidar-la-impunidad-expreso-sabrina-selva","status":"publish","type":"post","link":"https:\/\/noticiasmercedinas.com\/site\/2025\/04\/09\/escandalo-cripto-no-podemos-convalidar-la-impunidad-expreso-sabrina-selva\/","title":{"rendered":"Esc\u00e1ndalo cripto: \u00abNo podemos convalidar la impunidad\u00bb, expres\u00f3 Sabrina Selva"},"content":{"rendered":"<p><img loading=\"lazy\" decoding=\"async\" class=\"alignnone size-full wp-image-156925\" src=\"https:\/\/noticiasmercedinas.com\/site\/wp-content\/uploads\/2025\/04\/PARLA.webp\" alt=\"\" width=\"750\" height=\"500\" srcset=\"https:\/\/noticiasmercedinas.com\/site\/wp-content\/uploads\/2025\/04\/PARLA.webp 750w, https:\/\/noticiasmercedinas.com\/site\/wp-content\/uploads\/2025\/04\/PARLA-300x200.webp 300w, https:\/\/noticiasmercedinas.com\/site\/wp-content\/uploads\/2025\/04\/PARLA-640x427.webp 640w, https:\/\/noticiasmercedinas.com\/site\/wp-content\/uploads\/2025\/04\/PARLA-681x454.webp 681w\" sizes=\"auto, (max-width: 750px) 100vw, 750px\" \/><\/p>\n<p>En una sesi\u00f3n marcada por la tensi\u00f3n pol\u00edtica, la C\u00e1mara de Diputados aprob\u00f3 este martes la <strong>creaci\u00f3n de una comisi\u00f3n investigadora, la interpelaci\u00f3n de funcionarios y el pedido de informes<\/strong> relacionados con el esc\u00e1ndalo de la criptomoneda $LIBRA, que tuvo al presidente <strong>Javier Milei<\/strong> como protagonista central. La decisi\u00f3n representa una derrota parlamentaria significativa para el oficialismo, ya que las iniciativas fueron votadas sin necesidad de pasar por el Senado.<\/p>\n<p>Con 128 votos positivos, 93 negativos y 7 abstenciones, se avanz\u00f3 en la conformaci\u00f3n de la comisi\u00f3n que investigar\u00e1 la promoci\u00f3n del activo digital realizada por Milei el pasado 14 de febrero. La misma tendr\u00e1 entre sus objetivos \u201cdeterminar el grado de participaci\u00f3n y responsabilidad pol\u00edtica\u201d del presidente, de su hermana Karina Milei, y de varios funcionarios del Ejecutivo.<\/p>\n<p>En paralelo, se aprob\u00f3 con 131 votos a favor la interpelaci\u00f3n obligatoria del jefe de Gabinete Guillermo Francos; del ministro de Econom\u00eda, Luis Caputo; del ministro de Justicia, Mariano C\u00faneo Libarona; y del titular de la Comisi\u00f3n Nacional de Valores (CNV), Roberto Silva. Las citaciones se concretar\u00e1n el pr\u00f3ximo 22 de abril a las 14 horas. Por falta de consensos, Karina Milei qued\u00f3 excluida de este listado, aunque fue se\u00f1alada como una figura clave en la operatoria investigada.<\/p>\n<p>Finalmente, se aprob\u00f3 un pedido de informes con m\u00e1s de 100 preguntas sobre la creaci\u00f3n, promoci\u00f3n y posibles responsabilidades legales en torno a $LIBRA.<\/p>\n<p><strong>Fuerte intervenci\u00f3n de la diputada mercedina Sabrina Selva<\/strong><br \/>\nUna de las exposiciones m\u00e1s contundentes del debate fue la de la diputada nacional de Uni\u00f3n por la Patria, <strong>Sabrina Selva<\/strong>, quien desarm\u00f3 los argumentos del oficialismo respecto a una supuesta intromisi\u00f3n del Legislativo en atribuciones judiciales.<\/p>\n<p>\u201cNo somos nosotros los que estamos definiendo los hechos; los hechos est\u00e1n a la vista\u201d, dijo Selva, quien record\u00f3 adem\u00e1s que \u201ctenemos un presidente que acaba de nombrar dos jueces por decreto\u201d, como muestra del desprecio oficialista por la divisi\u00f3n de poderes.<\/p>\n<p>\u201cHay un hecho que est\u00e1 a la vista: hubo una estafa internacional que el presidente promovi\u00f3 a trav\u00e9s de X\u201d, afirm\u00f3 con firmeza. Y agreg\u00f3: \u201cNo nos inmiscuimos en la justicia, que ser\u00e1 la que deber\u00e1 determinar si fue por dolo o negligencia del presidente Milei\u201d.<\/p>\n<p>La diputada aport\u00f3 informaci\u00f3n t\u00e9cnica que respalda la hip\u00f3tesis de que el mandatario ten\u00eda conocimiento previo del funcionamiento del token:\u00a0\u201cEl n\u00famero del contrato a trav\u00e9s del cual las personas proced\u00edan a comprar cripto moneda aparec\u00eda primero en su tuit antes que en la p\u00e1gina correspondiente\u201d.<\/p>\n<p>Selva tambi\u00e9n apunt\u00f3 contra la secretaria general de la Presidencia, Karina Milei, se\u00f1alando su participaci\u00f3n activa en reuniones con los impulsores de $LIBRA. \u201cHoy tenemos en la Argentina un presidente estafador y una secretaria general de la Presidencia coimera. No podemos convalidar la impunidad\u201d, sentenci\u00f3 Selva, en una de las frases m\u00e1s resonantes de la sesi\u00f3n.<\/p>\n<p>La legisladora mercedina dej\u00f3 en claro que lo ocurrido no puede ser minimizado ni dejado pasar por el Congreso:\u00a0\u201cEl Parlamento no puede mirar para otro lado cuando se pone en duda la honestidad del presidente de la Naci\u00f3n. No se trata de ideolog\u00eda, se trata de legalidad y \u00e9tica p\u00fablica\u201d.<\/p>\n<p><strong>Qu\u00e9 sigue<\/strong><br \/>\nLa comisi\u00f3n investigadora se constituir\u00e1 el 23 de abril y estar\u00e1 integrada por 24 diputados de diferentes bloques. Tendr\u00e1 un plazo de tres meses para elaborar un informe final sobre los hechos y eventuales responsabilidades pol\u00edticas. En tanto, el pr\u00f3ximo martes 22 se espera la interpelaci\u00f3n a los cuatro funcionarios mencionados, en un hecho que no ocurr\u00eda desde la d\u00e9cada del 90.<\/p>\n<p>El esc\u00e1ndalo por $LIBRA promete seguir escalando y ya dej\u00f3 al descubierto grietas dentro del Congreso, al mismo tiempo que expone con mayor crudeza la relaci\u00f3n entre el oficialismo y sectores privados involucrados en la promoci\u00f3n de criptomonedas.<\/p>\n<p>\u201cQueremos saber si el presidente de la Naci\u00f3n est\u00e1 para gobernar o para hacer negocios con activos digitales\u201d, hab\u00eda dicho otro legislador durante la jornada. La pregunta parece interpelar no s\u00f3lo al Ejecutivo, sino tambi\u00e9n a buena parte del sistema pol\u00edtico.<\/p>\n","protected":false},"excerpt":{"rendered":"<p>\u25a0 Aprobada comisi\u00f3n investigadora por $LIBRA: rev\u00e9s para el Gobierno y cr\u00edticas de la oposici\u00f3n. La diputada mercedina desarm\u00f3 los argumentos del oficialismo respecto a una supuesta intromisi\u00f3n del Legislativo<\/p>\n","protected":false},"author":16,"featured_media":156925,"comment_status":"closed","ping_status":"closed","sticky":false,"template":"","format":"standard","meta":{"footnotes":""},"categories":[16],"tags":[19880,10706,174,14331,19875,4259],"class_list":["post-156922","post","type-post","status-publish","format-standard","has-post-thumbnail","hentry","category-politica","tag-comision-investigadora","tag-criptomoneda","tag-diputados","tag-javier-milei","tag-libra","tag-sabrina-selva"],"yoast_head":"<!-- This site is optimized with the Yoast SEO plugin v27.4 - https:\/\/yoast.com\/product\/yoast-seo-wordpress\/ -->\n<title>Esc\u00e1ndalo cripto: &quot;No podemos convalidar la impunidad&quot;, expres\u00f3 Sabrina Selva<\/title>\n<meta name=\"description\" content=\"Aprobaci\u00f3n de comisi\u00f3n investigadora por $LIBRA: fuerte rev\u00e9s para el Gobierno y duras cr\u00edticas desde la oposici\u00f3n. La diputada mercedina desarm\u00f3 los argumentos del oficialismo respecto a una supuesta intromisi\u00f3n del Legislativo\" \/>\n<meta name=\"robots\" content=\"index, follow, max-snippet:-1, max-image-preview:large, max-video-preview:-1\" \/>\n<link rel=\"canonical\" href=\"https:\/\/noticiasmercedinas.com\/site\/2025\/04\/09\/escandalo-cripto-no-podemos-convalidar-la-impunidad-expreso-sabrina-selva\/\" \/>\n<meta property=\"og:locale\" content=\"es_ES\" \/>\n<meta property=\"og:type\" content=\"article\" \/>\n<meta property=\"og:title\" content=\"Esc\u00e1ndalo cripto: &quot;No podemos convalidar la impunidad&quot;, expres\u00f3 Sabrina Selva\" \/>\n<meta property=\"og:description\" content=\"Aprobaci\u00f3n de comisi\u00f3n investigadora por $LIBRA: fuerte rev\u00e9s para el Gobierno y duras cr\u00edticas desde la oposici\u00f3n. La diputada mercedina desarm\u00f3 los argumentos del oficialismo respecto a una supuesta intromisi\u00f3n del Legislativo\" \/>\n<meta property=\"og:url\" content=\"https:\/\/noticiasmercedinas.com\/site\/2025\/04\/09\/escandalo-cripto-no-podemos-convalidar-la-impunidad-expreso-sabrina-selva\/\" \/>\n<meta property=\"og:site_name\" content=\"NOTICIASMERCEDINAS.COM\" \/>\n<meta property=\"article:publisher\" content=\"https:\/\/www.facebook.com\/noticiasmercedinas\/\" \/>\n<meta property=\"article:published_time\" content=\"2025-04-09T10:02:49+00:00\" \/>\n<meta property=\"article:modified_time\" content=\"2025-04-09T15:04:16+00:00\" \/>\n<meta property=\"og:image\" content=\"https:\/\/noticiasmercedinas.com\/site\/wp-content\/uploads\/2025\/04\/PARLA.webp\" \/>\n\t<meta property=\"og:image:width\" content=\"750\" \/>\n\t<meta property=\"og:image:height\" content=\"500\" \/>\n\t<meta property=\"og:image:type\" content=\"image\/webp\" \/>\n<meta name=\"author\" content=\"NOTICIASMERCEDINAS.COM\" \/>\n<meta name=\"twitter:card\" content=\"summary_large_image\" \/>\n<meta name=\"twitter:creator\" content=\"@notmercedinas\" \/>\n<meta name=\"twitter:site\" content=\"@notmercedinas\" \/>\n<meta name=\"twitter:label1\" content=\"Escrito por\" \/>\n\t<meta name=\"twitter:data1\" content=\"NOTICIASMERCEDINAS.COM\" \/>\n\t<meta name=\"twitter:label2\" content=\"Tiempo de lectura\" \/>\n\t<meta name=\"twitter:data2\" content=\"4 minutos\" \/>\n<script type=\"application\/ld+json\" class=\"yoast-schema-graph\">{\"@context\":\"https:\\\/\\\/schema.org\",\"@graph\":[{\"@type\":\"Article\",\"@id\":\"https:\\\/\\\/noticiasmercedinas.com\\\/site\\\/2025\\\/04\\\/09\\\/escandalo-cripto-no-podemos-convalidar-la-impunidad-expreso-sabrina-selva\\\/#article\",\"isPartOf\":{\"@id\":\"https:\\\/\\\/noticiasmercedinas.com\\\/site\\\/2025\\\/04\\\/09\\\/escandalo-cripto-no-podemos-convalidar-la-impunidad-expreso-sabrina-selva\\\/\"},\"author\":{\"name\":\"NOTICIASMERCEDINAS.COM\",\"@id\":\"https:\\\/\\\/noticiasmercedinas.com\\\/site\\\/#\\\/schema\\\/person\\\/84b59c099c28ff2e8b77d4ceec5d8063\"},\"headline\":\"Esc\u00e1ndalo cripto: \u00abNo podemos convalidar la impunidad\u00bb, expres\u00f3 Sabrina Selva\",\"datePublished\":\"2025-04-09T10:02:49+00:00\",\"dateModified\":\"2025-04-09T15:04:16+00:00\",\"mainEntityOfPage\":{\"@id\":\"https:\\\/\\\/noticiasmercedinas.com\\\/site\\\/2025\\\/04\\\/09\\\/escandalo-cripto-no-podemos-convalidar-la-impunidad-expreso-sabrina-selva\\\/\"},\"wordCount\":722,\"publisher\":{\"@id\":\"https:\\\/\\\/noticiasmercedinas.com\\\/site\\\/#organization\"},\"image\":{\"@id\":\"https:\\\/\\\/noticiasmercedinas.com\\\/site\\\/2025\\\/04\\\/09\\\/escandalo-cripto-no-podemos-convalidar-la-impunidad-expreso-sabrina-selva\\\/#primaryimage\"},\"thumbnailUrl\":\"https:\\\/\\\/noticiasmercedinas.com\\\/site\\\/wp-content\\\/uploads\\\/2025\\\/04\\\/PARLA.webp\",\"keywords\":[\"comision investigadora\",\"criptomoneda\",\"diputados\",\"Javier Milei\",\"libra\",\"sabrina selva\"],\"articleSection\":[\"Politica\"],\"inLanguage\":\"es\"},{\"@type\":\"WebPage\",\"@id\":\"https:\\\/\\\/noticiasmercedinas.com\\\/site\\\/2025\\\/04\\\/09\\\/escandalo-cripto-no-podemos-convalidar-la-impunidad-expreso-sabrina-selva\\\/\",\"url\":\"https:\\\/\\\/noticiasmercedinas.com\\\/site\\\/2025\\\/04\\\/09\\\/escandalo-cripto-no-podemos-convalidar-la-impunidad-expreso-sabrina-selva\\\/\",\"name\":\"Esc\u00e1ndalo cripto: \\\"No podemos convalidar la impunidad\\\", expres\u00f3 Sabrina Selva\",\"isPartOf\":{\"@id\":\"https:\\\/\\\/noticiasmercedinas.com\\\/site\\\/#website\"},\"primaryImageOfPage\":{\"@id\":\"https:\\\/\\\/noticiasmercedinas.com\\\/site\\\/2025\\\/04\\\/09\\\/escandalo-cripto-no-podemos-convalidar-la-impunidad-expreso-sabrina-selva\\\/#primaryimage\"},\"image\":{\"@id\":\"https:\\\/\\\/noticiasmercedinas.com\\\/site\\\/2025\\\/04\\\/09\\\/escandalo-cripto-no-podemos-convalidar-la-impunidad-expreso-sabrina-selva\\\/#primaryimage\"},\"thumbnailUrl\":\"https:\\\/\\\/noticiasmercedinas.com\\\/site\\\/wp-content\\\/uploads\\\/2025\\\/04\\\/PARLA.webp\",\"datePublished\":\"2025-04-09T10:02:49+00:00\",\"dateModified\":\"2025-04-09T15:04:16+00:00\",\"description\":\"Aprobaci\u00f3n de comisi\u00f3n investigadora por $LIBRA: fuerte rev\u00e9s para el Gobierno y duras cr\u00edticas desde la oposici\u00f3n. La diputada mercedina desarm\u00f3 los argumentos del oficialismo respecto a una supuesta intromisi\u00f3n del Legislativo\",\"breadcrumb\":{\"@id\":\"https:\\\/\\\/noticiasmercedinas.com\\\/site\\\/2025\\\/04\\\/09\\\/escandalo-cripto-no-podemos-convalidar-la-impunidad-expreso-sabrina-selva\\\/#breadcrumb\"},\"inLanguage\":\"es\",\"potentialAction\":[{\"@type\":\"ReadAction\",\"target\":[\"https:\\\/\\\/noticiasmercedinas.com\\\/site\\\/2025\\\/04\\\/09\\\/escandalo-cripto-no-podemos-convalidar-la-impunidad-expreso-sabrina-selva\\\/\"]}]},{\"@type\":\"ImageObject\",\"inLanguage\":\"es\",\"@id\":\"https:\\\/\\\/noticiasmercedinas.com\\\/site\\\/2025\\\/04\\\/09\\\/escandalo-cripto-no-podemos-convalidar-la-impunidad-expreso-sabrina-selva\\\/#primaryimage\",\"url\":\"https:\\\/\\\/noticiasmercedinas.com\\\/site\\\/wp-content\\\/uploads\\\/2025\\\/04\\\/PARLA.webp\",\"contentUrl\":\"https:\\\/\\\/noticiasmercedinas.com\\\/site\\\/wp-content\\\/uploads\\\/2025\\\/04\\\/PARLA.webp\",\"width\":750,\"height\":500},{\"@type\":\"BreadcrumbList\",\"@id\":\"https:\\\/\\\/noticiasmercedinas.com\\\/site\\\/2025\\\/04\\\/09\\\/escandalo-cripto-no-podemos-convalidar-la-impunidad-expreso-sabrina-selva\\\/#breadcrumb\",\"itemListElement\":[{\"@type\":\"ListItem\",\"position\":1,\"name\":\"Portada\",\"item\":\"https:\\\/\\\/noticiasmercedinas.com\\\/site\\\/\"},{\"@type\":\"ListItem\",\"position\":2,\"name\":\"Esc\u00e1ndalo cripto: \u00abNo podemos convalidar la impunidad\u00bb, expres\u00f3 Sabrina Selva\"}]},{\"@type\":\"WebSite\",\"@id\":\"https:\\\/\\\/noticiasmercedinas.com\\\/site\\\/#website\",\"url\":\"https:\\\/\\\/noticiasmercedinas.com\\\/site\\\/\",\"name\":\"NOTICIASMERCEDINAS.COM\",\"description\":\"Mercedes, Buenos Aires, Argentina\",\"publisher\":{\"@id\":\"https:\\\/\\\/noticiasmercedinas.com\\\/site\\\/#organization\"},\"potentialAction\":[{\"@type\":\"SearchAction\",\"target\":{\"@type\":\"EntryPoint\",\"urlTemplate\":\"https:\\\/\\\/noticiasmercedinas.com\\\/site\\\/?s={search_term_string}\"},\"query-input\":{\"@type\":\"PropertyValueSpecification\",\"valueRequired\":true,\"valueName\":\"search_term_string\"}}],\"inLanguage\":\"es\"},{\"@type\":\"Organization\",\"@id\":\"https:\\\/\\\/noticiasmercedinas.com\\\/site\\\/#organization\",\"name\":\"NOTICIASMERCEDINAS.COM\",\"url\":\"https:\\\/\\\/noticiasmercedinas.com\\\/site\\\/\",\"logo\":{\"@type\":\"ImageObject\",\"inLanguage\":\"es\",\"@id\":\"https:\\\/\\\/noticiasmercedinas.com\\\/site\\\/#\\\/schema\\\/logo\\\/image\\\/\",\"url\":\"https:\\\/\\\/noticiasmercedinas.com\\\/site\\\/wp-content\\\/uploads\\\/2020\\\/06\\\/LOGO-512.jpg\",\"contentUrl\":\"https:\\\/\\\/noticiasmercedinas.com\\\/site\\\/wp-content\\\/uploads\\\/2020\\\/06\\\/LOGO-512.jpg\",\"width\":512,\"height\":512,\"caption\":\"NOTICIASMERCEDINAS.COM\"},\"image\":{\"@id\":\"https:\\\/\\\/noticiasmercedinas.com\\\/site\\\/#\\\/schema\\\/logo\\\/image\\\/\"},\"sameAs\":[\"https:\\\/\\\/www.facebook.com\\\/noticiasmercedinas\\\/\",\"https:\\\/\\\/x.com\\\/notmercedinas\",\"https:\\\/\\\/www.instagram.com\\\/noticiasmercedinas\\\/\"]},{\"@type\":\"Person\",\"@id\":\"https:\\\/\\\/noticiasmercedinas.com\\\/site\\\/#\\\/schema\\\/person\\\/84b59c099c28ff2e8b77d4ceec5d8063\",\"name\":\"NOTICIASMERCEDINAS.COM\",\"image\":{\"@type\":\"ImageObject\",\"inLanguage\":\"es\",\"@id\":\"https:\\\/\\\/secure.gravatar.com\\\/avatar\\\/4dfbf16b4d17945bfb6341b2d19043457132fcf478a5ee04f42e959fd8f5df0a?s=96&d=mm&r=g\",\"url\":\"https:\\\/\\\/secure.gravatar.com\\\/avatar\\\/4dfbf16b4d17945bfb6341b2d19043457132fcf478a5ee04f42e959fd8f5df0a?s=96&d=mm&r=g\",\"contentUrl\":\"https:\\\/\\\/secure.gravatar.com\\\/avatar\\\/4dfbf16b4d17945bfb6341b2d19043457132fcf478a5ee04f42e959fd8f5df0a?s=96&d=mm&r=g\",\"caption\":\"NOTICIASMERCEDINAS.COM\"},\"url\":\"https:\\\/\\\/noticiasmercedinas.com\\\/site\\\/author\\\/anonimo\\\/\"}]}<\/script>\n<!-- \/ Yoast SEO plugin. -->","yoast_head_json":{"title":"Esc\u00e1ndalo cripto: \"No podemos convalidar la impunidad\", expres\u00f3 Sabrina Selva","description":"Aprobaci\u00f3n de comisi\u00f3n investigadora por $LIBRA: fuerte rev\u00e9s para el Gobierno y duras cr\u00edticas desde la oposici\u00f3n. La diputada mercedina desarm\u00f3 los argumentos del oficialismo respecto a una supuesta intromisi\u00f3n del Legislativo","robots":{"index":"index","follow":"follow","max-snippet":"max-snippet:-1","max-image-preview":"max-image-preview:large","max-video-preview":"max-video-preview:-1"},"canonical":"https:\/\/noticiasmercedinas.com\/site\/2025\/04\/09\/escandalo-cripto-no-podemos-convalidar-la-impunidad-expreso-sabrina-selva\/","og_locale":"es_ES","og_type":"article","og_title":"Esc\u00e1ndalo cripto: \"No podemos convalidar la impunidad\", expres\u00f3 Sabrina Selva","og_description":"Aprobaci\u00f3n de comisi\u00f3n investigadora por $LIBRA: fuerte rev\u00e9s para el Gobierno y duras cr\u00edticas desde la oposici\u00f3n. La diputada mercedina desarm\u00f3 los argumentos del oficialismo respecto a una supuesta intromisi\u00f3n del Legislativo","og_url":"https:\/\/noticiasmercedinas.com\/site\/2025\/04\/09\/escandalo-cripto-no-podemos-convalidar-la-impunidad-expreso-sabrina-selva\/","og_site_name":"NOTICIASMERCEDINAS.COM","article_publisher":"https:\/\/www.facebook.com\/noticiasmercedinas\/","article_published_time":"2025-04-09T10:02:49+00:00","article_modified_time":"2025-04-09T15:04:16+00:00","og_image":[{"width":750,"height":500,"url":"https:\/\/noticiasmercedinas.com\/site\/wp-content\/uploads\/2025\/04\/PARLA.webp","type":"image\/webp"}],"author":"NOTICIASMERCEDINAS.COM","twitter_card":"summary_large_image","twitter_creator":"@notmercedinas","twitter_site":"@notmercedinas","twitter_misc":{"Escrito por":"NOTICIASMERCEDINAS.COM","Tiempo de lectura":"4 minutos"},"schema":{"@context":"https:\/\/schema.org","@graph":[{"@type":"Article","@id":"https:\/\/noticiasmercedinas.com\/site\/2025\/04\/09\/escandalo-cripto-no-podemos-convalidar-la-impunidad-expreso-sabrina-selva\/#article","isPartOf":{"@id":"https:\/\/noticiasmercedinas.com\/site\/2025\/04\/09\/escandalo-cripto-no-podemos-convalidar-la-impunidad-expreso-sabrina-selva\/"},"author":{"name":"NOTICIASMERCEDINAS.COM","@id":"https:\/\/noticiasmercedinas.com\/site\/#\/schema\/person\/84b59c099c28ff2e8b77d4ceec5d8063"},"headline":"Esc\u00e1ndalo cripto: \u00abNo podemos convalidar la impunidad\u00bb, expres\u00f3 Sabrina Selva","datePublished":"2025-04-09T10:02:49+00:00","dateModified":"2025-04-09T15:04:16+00:00","mainEntityOfPage":{"@id":"https:\/\/noticiasmercedinas.com\/site\/2025\/04\/09\/escandalo-cripto-no-podemos-convalidar-la-impunidad-expreso-sabrina-selva\/"},"wordCount":722,"publisher":{"@id":"https:\/\/noticiasmercedinas.com\/site\/#organization"},"image":{"@id":"https:\/\/noticiasmercedinas.com\/site\/2025\/04\/09\/escandalo-cripto-no-podemos-convalidar-la-impunidad-expreso-sabrina-selva\/#primaryimage"},"thumbnailUrl":"https:\/\/noticiasmercedinas.com\/site\/wp-content\/uploads\/2025\/04\/PARLA.webp","keywords":["comision investigadora","criptomoneda","diputados","Javier Milei","libra","sabrina selva"],"articleSection":["Politica"],"inLanguage":"es"},{"@type":"WebPage","@id":"https:\/\/noticiasmercedinas.com\/site\/2025\/04\/09\/escandalo-cripto-no-podemos-convalidar-la-impunidad-expreso-sabrina-selva\/","url":"https:\/\/noticiasmercedinas.com\/site\/2025\/04\/09\/escandalo-cripto-no-podemos-convalidar-la-impunidad-expreso-sabrina-selva\/","name":"Esc\u00e1ndalo cripto: \"No podemos convalidar la impunidad\", expres\u00f3 Sabrina Selva","isPartOf":{"@id":"https:\/\/noticiasmercedinas.com\/site\/#website"},"primaryImageOfPage":{"@id":"https:\/\/noticiasmercedinas.com\/site\/2025\/04\/09\/escandalo-cripto-no-podemos-convalidar-la-impunidad-expreso-sabrina-selva\/#primaryimage"},"image":{"@id":"https:\/\/noticiasmercedinas.com\/site\/2025\/04\/09\/escandalo-cripto-no-podemos-convalidar-la-impunidad-expreso-sabrina-selva\/#primaryimage"},"thumbnailUrl":"https:\/\/noticiasmercedinas.com\/site\/wp-content\/uploads\/2025\/04\/PARLA.webp","datePublished":"2025-04-09T10:02:49+00:00","dateModified":"2025-04-09T15:04:16+00:00","description":"Aprobaci\u00f3n de comisi\u00f3n investigadora por $LIBRA: fuerte rev\u00e9s para el Gobierno y duras cr\u00edticas desde la oposici\u00f3n. La diputada mercedina desarm\u00f3 los argumentos del oficialismo respecto a una supuesta intromisi\u00f3n del Legislativo","breadcrumb":{"@id":"https:\/\/noticiasmercedinas.com\/site\/2025\/04\/09\/escandalo-cripto-no-podemos-convalidar-la-impunidad-expreso-sabrina-selva\/#breadcrumb"},"inLanguage":"es","potentialAction":[{"@type":"ReadAction","target":["https:\/\/noticiasmercedinas.com\/site\/2025\/04\/09\/escandalo-cripto-no-podemos-convalidar-la-impunidad-expreso-sabrina-selva\/"]}]},{"@type":"ImageObject","inLanguage":"es","@id":"https:\/\/noticiasmercedinas.com\/site\/2025\/04\/09\/escandalo-cripto-no-podemos-convalidar-la-impunidad-expreso-sabrina-selva\/#primaryimage","url":"https:\/\/noticiasmercedinas.com\/site\/wp-content\/uploads\/2025\/04\/PARLA.webp","contentUrl":"https:\/\/noticiasmercedinas.com\/site\/wp-content\/uploads\/2025\/04\/PARLA.webp","width":750,"height":500},{"@type":"BreadcrumbList","@id":"https:\/\/noticiasmercedinas.com\/site\/2025\/04\/09\/escandalo-cripto-no-podemos-convalidar-la-impunidad-expreso-sabrina-selva\/#breadcrumb","itemListElement":[{"@type":"ListItem","position":1,"name":"Portada","item":"https:\/\/noticiasmercedinas.com\/site\/"},{"@type":"ListItem","position":2,"name":"Esc\u00e1ndalo cripto: \u00abNo podemos convalidar la impunidad\u00bb, expres\u00f3 Sabrina Selva"}]},{"@type":"WebSite","@id":"https:\/\/noticiasmercedinas.com\/site\/#website","url":"https:\/\/noticiasmercedinas.com\/site\/","name":"NOTICIASMERCEDINAS.COM","description":"Mercedes, Buenos Aires, Argentina","publisher":{"@id":"https:\/\/noticiasmercedinas.com\/site\/#organization"},"potentialAction":[{"@type":"SearchAction","target":{"@type":"EntryPoint","urlTemplate":"https:\/\/noticiasmercedinas.com\/site\/?s={search_term_string}"},"query-input":{"@type":"PropertyValueSpecification","valueRequired":true,"valueName":"search_term_string"}}],"inLanguage":"es"},{"@type":"Organization","@id":"https:\/\/noticiasmercedinas.com\/site\/#organization","name":"NOTICIASMERCEDINAS.COM","url":"https:\/\/noticiasmercedinas.com\/site\/","logo":{"@type":"ImageObject","inLanguage":"es","@id":"https:\/\/noticiasmercedinas.com\/site\/#\/schema\/logo\/image\/","url":"https:\/\/noticiasmercedinas.com\/site\/wp-content\/uploads\/2020\/06\/LOGO-512.jpg","contentUrl":"https:\/\/noticiasmercedinas.com\/site\/wp-content\/uploads\/2020\/06\/LOGO-512.jpg","width":512,"height":512,"caption":"NOTICIASMERCEDINAS.COM"},"image":{"@id":"https:\/\/noticiasmercedinas.com\/site\/#\/schema\/logo\/image\/"},"sameAs":["https:\/\/www.facebook.com\/noticiasmercedinas\/","https:\/\/x.com\/notmercedinas","https:\/\/www.instagram.com\/noticiasmercedinas\/"]},{"@type":"Person","@id":"https:\/\/noticiasmercedinas.com\/site\/#\/schema\/person\/84b59c099c28ff2e8b77d4ceec5d8063","name":"NOTICIASMERCEDINAS.COM","image":{"@type":"ImageObject","inLanguage":"es","@id":"https:\/\/secure.gravatar.com\/avatar\/4dfbf16b4d17945bfb6341b2d19043457132fcf478a5ee04f42e959fd8f5df0a?s=96&d=mm&r=g","url":"https:\/\/secure.gravatar.com\/avatar\/4dfbf16b4d17945bfb6341b2d19043457132fcf478a5ee04f42e959fd8f5df0a?s=96&d=mm&r=g","contentUrl":"https:\/\/secure.gravatar.com\/avatar\/4dfbf16b4d17945bfb6341b2d19043457132fcf478a5ee04f42e959fd8f5df0a?s=96&d=mm&r=g","caption":"NOTICIASMERCEDINAS.COM"},"url":"https:\/\/noticiasmercedinas.com\/site\/author\/anonimo\/"}]}},"amp_enabled":true,"_links":{"self":[{"href":"https:\/\/noticiasmercedinas.com\/site\/wp-json\/wp\/v2\/posts\/156922","targetHints":{"allow":["GET"]}}],"collection":[{"href":"https:\/\/noticiasmercedinas.com\/site\/wp-json\/wp\/v2\/posts"}],"about":[{"href":"https:\/\/noticiasmercedinas.com\/site\/wp-json\/wp\/v2\/types\/post"}],"author":[{"embeddable":true,"href":"https:\/\/noticiasmercedinas.com\/site\/wp-json\/wp\/v2\/users\/16"}],"replies":[{"embeddable":true,"href":"https:\/\/noticiasmercedinas.com\/site\/wp-json\/wp\/v2\/comments?post=156922"}],"version-history":[{"count":1,"href":"https:\/\/noticiasmercedinas.com\/site\/wp-json\/wp\/v2\/posts\/156922\/revisions"}],"predecessor-version":[{"id":156926,"href":"https:\/\/noticiasmercedinas.com\/site\/wp-json\/wp\/v2\/posts\/156922\/revisions\/156926"}],"wp:featuredmedia":[{"embeddable":true,"href":"https:\/\/noticiasmercedinas.com\/site\/wp-json\/wp\/v2\/media\/156925"}],"wp:attachment":[{"href":"https:\/\/noticiasmercedinas.com\/site\/wp-json\/wp\/v2\/media?parent=156922"}],"wp:term":[{"taxonomy":"category","embeddable":true,"href":"https:\/\/noticiasmercedinas.com\/site\/wp-json\/wp\/v2\/categories?post=156922"},{"taxonomy":"post_tag","embeddable":true,"href":"https:\/\/noticiasmercedinas.com\/site\/wp-json\/wp\/v2\/tags?post=156922"}],"curies":[{"name":"wp","href":"https:\/\/api.w.org\/{rel}","templated":true}]}}