{"id":156937,"date":"2025-04-09T07:43:20","date_gmt":"2025-04-09T10:43:20","guid":{"rendered":"https:\/\/noticiasmercedinas.com\/site\/?p=156937"},"modified":"2025-04-09T13:44:48","modified_gmt":"2025-04-09T16:44:48","slug":"abren-instancia-de-participacion-ciudadana-por-obra-de-acueducto-en-mercedes","status":"publish","type":"post","link":"https:\/\/noticiasmercedinas.com\/site\/2025\/04\/09\/abren-instancia-de-participacion-ciudadana-por-obra-de-acueducto-en-mercedes\/","title":{"rendered":"Abren instancia de participaci\u00f3n ciudadana por obra de acueducto en Mercedes"},"content":{"rendered":"<p class=\"\" data-start=\"0\" data-end=\"81\"><img loading=\"lazy\" decoding=\"async\" class=\"alignnone size-full wp-image-156938\" src=\"https:\/\/noticiasmercedinas.com\/site\/wp-content\/uploads\/2025\/04\/Participacion-Ciudadana-3.jpeg\" alt=\"\" width=\"1280\" height=\"1280\" srcset=\"https:\/\/noticiasmercedinas.com\/site\/wp-content\/uploads\/2025\/04\/Participacion-Ciudadana-3.jpeg 1280w, https:\/\/noticiasmercedinas.com\/site\/wp-content\/uploads\/2025\/04\/Participacion-Ciudadana-3-300x300.jpeg 300w, https:\/\/noticiasmercedinas.com\/site\/wp-content\/uploads\/2025\/04\/Participacion-Ciudadana-3-1024x1024.jpeg 1024w, https:\/\/noticiasmercedinas.com\/site\/wp-content\/uploads\/2025\/04\/Participacion-Ciudadana-3-150x150.jpeg 150w, https:\/\/noticiasmercedinas.com\/site\/wp-content\/uploads\/2025\/04\/Participacion-Ciudadana-3-768x768.jpeg 768w, https:\/\/noticiasmercedinas.com\/site\/wp-content\/uploads\/2025\/04\/Participacion-Ciudadana-3-640x640.jpeg 640w, https:\/\/noticiasmercedinas.com\/site\/wp-content\/uploads\/2025\/04\/Participacion-Ciudadana-3-681x681.jpeg 681w\" sizes=\"auto, (max-width: 1280px) 100vw, 1280px\" \/><\/p>\n<p class=\"\" data-start=\"83\" data-end=\"507\">El <strong data-start=\"86\" data-end=\"144\">Ministerio de Ambiente de la provincia de Buenos Aires<\/strong> inform\u00f3 que se encuentra abierta la instancia de <strong data-start=\"194\" data-end=\"219\">participaci\u00f3n p\u00fablica<\/strong> para el proyecto de obra denominado <strong data-start=\"256\" data-end=\"307\">\u201cRecambio Acueducto del anillo de distribuci\u00f3n\u201d<\/strong> en la ciudad de Mercedes. Esta etapa es parte del proceso para la obtenci\u00f3n de la <strong data-start=\"390\" data-end=\"432\">Declaraci\u00f3n de Impacto Ambiental (DIA)<\/strong>. Las consultas y aportes podr\u00e1n enviarse <strong data-start=\"474\" data-end=\"506\">hasta el 8 de mayo inclusive<\/strong>.<\/p>\n<p class=\"\" data-start=\"509\" data-end=\"967\">La autoridad a cargo de la decisi\u00f3n ambiental es la <strong data-start=\"561\" data-end=\"620\">Direcci\u00f3n Provincial de Evaluaci\u00f3n de Impacto Ambiental<\/strong>, y la participaci\u00f3n ciudadana se divide en tres etapas: en primer lugar, el acceso p\u00fablico a la informaci\u00f3n relacionada con el proyecto; luego, la posibilidad de enviar observaciones, comentarios y sugerencias; y finalmente, la evaluaci\u00f3n por parte de la autoridad ambiental de los aportes recibidos para integrarlos a la decisi\u00f3n administrativa.<\/p>\n<p class=\"\" data-start=\"969\" data-end=\"1193\">La informaci\u00f3n t\u00e9cnica del proyecto ya se encuentra disponible para su lectura en la p\u00e1gina oficial del Ministerio de Ambiente, donde permanecer\u00e1 a lo largo de todo el proceso. El enlace directo para acceder es el siguiente:<\/p>\n<p class=\"\" data-start=\"1195\" data-end=\"1444\">&#x1f449; <a class=\"\" href=\"https:\/\/participacionpublica.ambiente.gba.gob.ar\/participacion\/resumen\/Recambio-Acueducto-del-anillo-de-distribuci%C3%B3n\" target=\"_new\" rel=\"noopener\" data-start=\"1198\" data-end=\"1444\">https:\/\/participacionpublica.ambiente.gba.gob.ar\/participacion\/resumen\/Recambio-Acueducto-del-anillo-de-distribuci%C3%B3n<\/a><\/p>\n<p class=\"\" data-start=\"1446\" data-end=\"1822\">Desde el Ministerio remarcaron que la <strong data-start=\"1484\" data-end=\"1525\">participaci\u00f3n ciudadana es un derecho<\/strong> reconocido por las leyes provinciales (Ley 11.723 y Ley 12.475), leyes nacionales (Ley 25.675 de Pol\u00edtica Ambiental Nacional y Ley 27.275 de Acceso a la Informaci\u00f3n P\u00fablica Ambiental) y por el <strong data-start=\"1719\" data-end=\"1740\">Acuerdo de Escaz\u00fa<\/strong>, el primer tratado de derechos humanos ambientales de Am\u00e9rica Latina y el Caribe.<\/p>\n<p class=\"\" data-start=\"1824\" data-end=\"2049\">El proceso busca garantizar que, antes de la aprobaci\u00f3n de cualquier proyecto con posible impacto ambiental o en la salud de la poblaci\u00f3n, la comunidad pueda involucrarse activamente y expresar sus opiniones y preocupaciones.<\/p>\n","protected":false},"excerpt":{"rendered":"<p>\u25a0 Esta etapa es parte del proceso para la obtenci\u00f3n de la Declaraci\u00f3n de Impacto Ambiental (DIA). Las consultas y aportes podr\u00e1n enviarse hasta el 8 de mayo inclusive.<\/p>\n","protected":false},"author":16,"featured_media":156938,"comment_status":"closed","ping_status":"closed","sticky":false,"template":"","format":"standard","meta":{"footnotes":""},"categories":[3],"tags":[11282],"class_list":["post-156937","post","type-post","status-publish","format-standard","has-post-thumbnail","hentry","category-sociedad","tag-participacion-ciudadana"],"yoast_head":"<!-- This site is optimized with the Yoast SEO plugin v27.5 - https:\/\/yoast.com\/product\/yoast-seo-wordpress\/ -->\n<title>Abren instancia de participaci\u00f3n ciudadana por obra de acueducto en Mercedes<\/title>\n<meta name=\"description\" content=\"Esta etapa es parte del proceso para la obtenci\u00f3n de la Declaraci\u00f3n de Impacto Ambiental (DIA). Las consultas y aportes podr\u00e1n enviarse hasta el 8 de mayo inclusive.\" \/>\n<meta name=\"robots\" content=\"index, follow, max-snippet:-1, max-image-preview:large, max-video-preview:-1\" \/>\n<link rel=\"canonical\" href=\"https:\/\/noticiasmercedinas.com\/site\/2025\/04\/09\/abren-instancia-de-participacion-ciudadana-por-obra-de-acueducto-en-mercedes\/\" \/>\n<meta property=\"og:locale\" content=\"es_ES\" \/>\n<meta property=\"og:type\" content=\"article\" \/>\n<meta property=\"og:title\" content=\"Abren instancia de participaci\u00f3n ciudadana por obra de acueducto en Mercedes\" \/>\n<meta property=\"og:description\" content=\"Esta etapa es parte del proceso para la obtenci\u00f3n de la Declaraci\u00f3n de Impacto Ambiental (DIA). Las consultas y aportes podr\u00e1n enviarse hasta el 8 de mayo inclusive.\" \/>\n<meta property=\"og:url\" content=\"https:\/\/noticiasmercedinas.com\/site\/2025\/04\/09\/abren-instancia-de-participacion-ciudadana-por-obra-de-acueducto-en-mercedes\/\" \/>\n<meta property=\"og:site_name\" content=\"NOTICIASMERCEDINAS.COM\" \/>\n<meta property=\"article:publisher\" content=\"https:\/\/www.facebook.com\/noticiasmercedinas\/\" \/>\n<meta property=\"article:published_time\" content=\"2025-04-09T10:43:20+00:00\" \/>\n<meta property=\"article:modified_time\" content=\"2025-04-09T16:44:48+00:00\" \/>\n<meta property=\"og:image\" content=\"https:\/\/noticiasmercedinas.com\/site\/wp-content\/uploads\/2025\/04\/Participacion-Ciudadana-3.jpeg\" \/>\n\t<meta property=\"og:image:width\" content=\"1280\" \/>\n\t<meta property=\"og:image:height\" content=\"1280\" \/>\n\t<meta property=\"og:image:type\" content=\"image\/jpeg\" \/>\n<meta name=\"author\" content=\"NOTICIASMERCEDINAS.COM\" \/>\n<meta name=\"twitter:card\" content=\"summary_large_image\" \/>\n<meta name=\"twitter:creator\" content=\"@notmercedinas\" \/>\n<meta name=\"twitter:site\" content=\"@notmercedinas\" \/>\n<meta name=\"twitter:label1\" content=\"Escrito por\" \/>\n\t<meta name=\"twitter:data1\" content=\"NOTICIASMERCEDINAS.COM\" \/>\n\t<meta name=\"twitter:label2\" content=\"Tiempo de lectura\" \/>\n\t<meta name=\"twitter:data2\" content=\"2 minutos\" \/>\n<script type=\"application\/ld+json\" class=\"yoast-schema-graph\">{\"@context\":\"https:\\\/\\\/schema.org\",\"@graph\":[{\"@type\":\"Article\",\"@id\":\"https:\\\/\\\/noticiasmercedinas.com\\\/site\\\/2025\\\/04\\\/09\\\/abren-instancia-de-participacion-ciudadana-por-obra-de-acueducto-en-mercedes\\\/#article\",\"isPartOf\":{\"@id\":\"https:\\\/\\\/noticiasmercedinas.com\\\/site\\\/2025\\\/04\\\/09\\\/abren-instancia-de-participacion-ciudadana-por-obra-de-acueducto-en-mercedes\\\/\"},\"author\":{\"name\":\"NOTICIASMERCEDINAS.COM\",\"@id\":\"https:\\\/\\\/noticiasmercedinas.com\\\/site\\\/#\\\/schema\\\/person\\\/84b59c099c28ff2e8b77d4ceec5d8063\"},\"headline\":\"Abren instancia de participaci\u00f3n ciudadana por obra de acueducto en Mercedes\",\"datePublished\":\"2025-04-09T10:43:20+00:00\",\"dateModified\":\"2025-04-09T16:44:48+00:00\",\"mainEntityOfPage\":{\"@id\":\"https:\\\/\\\/noticiasmercedinas.com\\\/site\\\/2025\\\/04\\\/09\\\/abren-instancia-de-participacion-ciudadana-por-obra-de-acueducto-en-mercedes\\\/\"},\"wordCount\":307,\"publisher\":{\"@id\":\"https:\\\/\\\/noticiasmercedinas.com\\\/site\\\/#organization\"},\"image\":{\"@id\":\"https:\\\/\\\/noticiasmercedinas.com\\\/site\\\/2025\\\/04\\\/09\\\/abren-instancia-de-participacion-ciudadana-por-obra-de-acueducto-en-mercedes\\\/#primaryimage\"},\"thumbnailUrl\":\"https:\\\/\\\/noticiasmercedinas.com\\\/site\\\/wp-content\\\/uploads\\\/2025\\\/04\\\/Participacion-Ciudadana-3.jpeg\",\"keywords\":[\"participacion ciudadana\"],\"articleSection\":[\"Sociedad\"],\"inLanguage\":\"es\"},{\"@type\":\"WebPage\",\"@id\":\"https:\\\/\\\/noticiasmercedinas.com\\\/site\\\/2025\\\/04\\\/09\\\/abren-instancia-de-participacion-ciudadana-por-obra-de-acueducto-en-mercedes\\\/\",\"url\":\"https:\\\/\\\/noticiasmercedinas.com\\\/site\\\/2025\\\/04\\\/09\\\/abren-instancia-de-participacion-ciudadana-por-obra-de-acueducto-en-mercedes\\\/\",\"name\":\"Abren instancia de participaci\u00f3n ciudadana por obra de acueducto en Mercedes\",\"isPartOf\":{\"@id\":\"https:\\\/\\\/noticiasmercedinas.com\\\/site\\\/#website\"},\"primaryImageOfPage\":{\"@id\":\"https:\\\/\\\/noticiasmercedinas.com\\\/site\\\/2025\\\/04\\\/09\\\/abren-instancia-de-participacion-ciudadana-por-obra-de-acueducto-en-mercedes\\\/#primaryimage\"},\"image\":{\"@id\":\"https:\\\/\\\/noticiasmercedinas.com\\\/site\\\/2025\\\/04\\\/09\\\/abren-instancia-de-participacion-ciudadana-por-obra-de-acueducto-en-mercedes\\\/#primaryimage\"},\"thumbnailUrl\":\"https:\\\/\\\/noticiasmercedinas.com\\\/site\\\/wp-content\\\/uploads\\\/2025\\\/04\\\/Participacion-Ciudadana-3.jpeg\",\"datePublished\":\"2025-04-09T10:43:20+00:00\",\"dateModified\":\"2025-04-09T16:44:48+00:00\",\"description\":\"Esta etapa es parte del proceso para la obtenci\u00f3n de la Declaraci\u00f3n de Impacto Ambiental (DIA). Las consultas y aportes podr\u00e1n enviarse hasta el 8 de mayo inclusive.\",\"breadcrumb\":{\"@id\":\"https:\\\/\\\/noticiasmercedinas.com\\\/site\\\/2025\\\/04\\\/09\\\/abren-instancia-de-participacion-ciudadana-por-obra-de-acueducto-en-mercedes\\\/#breadcrumb\"},\"inLanguage\":\"es\",\"potentialAction\":[{\"@type\":\"ReadAction\",\"target\":[\"https:\\\/\\\/noticiasmercedinas.com\\\/site\\\/2025\\\/04\\\/09\\\/abren-instancia-de-participacion-ciudadana-por-obra-de-acueducto-en-mercedes\\\/\"]}]},{\"@type\":\"ImageObject\",\"inLanguage\":\"es\",\"@id\":\"https:\\\/\\\/noticiasmercedinas.com\\\/site\\\/2025\\\/04\\\/09\\\/abren-instancia-de-participacion-ciudadana-por-obra-de-acueducto-en-mercedes\\\/#primaryimage\",\"url\":\"https:\\\/\\\/noticiasmercedinas.com\\\/site\\\/wp-content\\\/uploads\\\/2025\\\/04\\\/Participacion-Ciudadana-3.jpeg\",\"contentUrl\":\"https:\\\/\\\/noticiasmercedinas.com\\\/site\\\/wp-content\\\/uploads\\\/2025\\\/04\\\/Participacion-Ciudadana-3.jpeg\",\"width\":1280,\"height\":1280},{\"@type\":\"BreadcrumbList\",\"@id\":\"https:\\\/\\\/noticiasmercedinas.com\\\/site\\\/2025\\\/04\\\/09\\\/abren-instancia-de-participacion-ciudadana-por-obra-de-acueducto-en-mercedes\\\/#breadcrumb\",\"itemListElement\":[{\"@type\":\"ListItem\",\"position\":1,\"name\":\"Portada\",\"item\":\"https:\\\/\\\/noticiasmercedinas.com\\\/site\\\/\"},{\"@type\":\"ListItem\",\"position\":2,\"name\":\"Abren instancia de participaci\u00f3n ciudadana por obra de acueducto en Mercedes\"}]},{\"@type\":\"WebSite\",\"@id\":\"https:\\\/\\\/noticiasmercedinas.com\\\/site\\\/#website\",\"url\":\"https:\\\/\\\/noticiasmercedinas.com\\\/site\\\/\",\"name\":\"NOTICIASMERCEDINAS.COM\",\"description\":\"Mercedes, Buenos Aires, Argentina\",\"publisher\":{\"@id\":\"https:\\\/\\\/noticiasmercedinas.com\\\/site\\\/#organization\"},\"potentialAction\":[{\"@type\":\"SearchAction\",\"target\":{\"@type\":\"EntryPoint\",\"urlTemplate\":\"https:\\\/\\\/noticiasmercedinas.com\\\/site\\\/?s={search_term_string}\"},\"query-input\":{\"@type\":\"PropertyValueSpecification\",\"valueRequired\":true,\"valueName\":\"search_term_string\"}}],\"inLanguage\":\"es\"},{\"@type\":\"Organization\",\"@id\":\"https:\\\/\\\/noticiasmercedinas.com\\\/site\\\/#organization\",\"name\":\"NOTICIASMERCEDINAS.COM\",\"url\":\"https:\\\/\\\/noticiasmercedinas.com\\\/site\\\/\",\"logo\":{\"@type\":\"ImageObject\",\"inLanguage\":\"es\",\"@id\":\"https:\\\/\\\/noticiasmercedinas.com\\\/site\\\/#\\\/schema\\\/logo\\\/image\\\/\",\"url\":\"https:\\\/\\\/noticiasmercedinas.com\\\/site\\\/wp-content\\\/uploads\\\/2020\\\/06\\\/LOGO-512.jpg\",\"contentUrl\":\"https:\\\/\\\/noticiasmercedinas.com\\\/site\\\/wp-content\\\/uploads\\\/2020\\\/06\\\/LOGO-512.jpg\",\"width\":512,\"height\":512,\"caption\":\"NOTICIASMERCEDINAS.COM\"},\"image\":{\"@id\":\"https:\\\/\\\/noticiasmercedinas.com\\\/site\\\/#\\\/schema\\\/logo\\\/image\\\/\"},\"sameAs\":[\"https:\\\/\\\/www.facebook.com\\\/noticiasmercedinas\\\/\",\"https:\\\/\\\/x.com\\\/notmercedinas\",\"https:\\\/\\\/www.instagram.com\\\/noticiasmercedinas\\\/\"]},{\"@type\":\"Person\",\"@id\":\"https:\\\/\\\/noticiasmercedinas.com\\\/site\\\/#\\\/schema\\\/person\\\/84b59c099c28ff2e8b77d4ceec5d8063\",\"name\":\"NOTICIASMERCEDINAS.COM\",\"image\":{\"@type\":\"ImageObject\",\"inLanguage\":\"es\",\"@id\":\"https:\\\/\\\/secure.gravatar.com\\\/avatar\\\/4dfbf16b4d17945bfb6341b2d19043457132fcf478a5ee04f42e959fd8f5df0a?s=96&d=mm&r=g\",\"url\":\"https:\\\/\\\/secure.gravatar.com\\\/avatar\\\/4dfbf16b4d17945bfb6341b2d19043457132fcf478a5ee04f42e959fd8f5df0a?s=96&d=mm&r=g\",\"contentUrl\":\"https:\\\/\\\/secure.gravatar.com\\\/avatar\\\/4dfbf16b4d17945bfb6341b2d19043457132fcf478a5ee04f42e959fd8f5df0a?s=96&d=mm&r=g\",\"caption\":\"NOTICIASMERCEDINAS.COM\"},\"url\":\"https:\\\/\\\/noticiasmercedinas.com\\\/site\\\/author\\\/anonimo\\\/\"}]}<\/script>\n<!-- \/ Yoast SEO plugin. -->","yoast_head_json":{"title":"Abren instancia de participaci\u00f3n ciudadana por obra de acueducto en Mercedes","description":"Esta etapa es parte del proceso para la obtenci\u00f3n de la Declaraci\u00f3n de Impacto Ambiental (DIA). Las consultas y aportes podr\u00e1n enviarse hasta el 8 de mayo inclusive.","robots":{"index":"index","follow":"follow","max-snippet":"max-snippet:-1","max-image-preview":"max-image-preview:large","max-video-preview":"max-video-preview:-1"},"canonical":"https:\/\/noticiasmercedinas.com\/site\/2025\/04\/09\/abren-instancia-de-participacion-ciudadana-por-obra-de-acueducto-en-mercedes\/","og_locale":"es_ES","og_type":"article","og_title":"Abren instancia de participaci\u00f3n ciudadana por obra de acueducto en Mercedes","og_description":"Esta etapa es parte del proceso para la obtenci\u00f3n de la Declaraci\u00f3n de Impacto Ambiental (DIA). Las consultas y aportes podr\u00e1n enviarse hasta el 8 de mayo inclusive.","og_url":"https:\/\/noticiasmercedinas.com\/site\/2025\/04\/09\/abren-instancia-de-participacion-ciudadana-por-obra-de-acueducto-en-mercedes\/","og_site_name":"NOTICIASMERCEDINAS.COM","article_publisher":"https:\/\/www.facebook.com\/noticiasmercedinas\/","article_published_time":"2025-04-09T10:43:20+00:00","article_modified_time":"2025-04-09T16:44:48+00:00","og_image":[{"width":1280,"height":1280,"url":"https:\/\/noticiasmercedinas.com\/site\/wp-content\/uploads\/2025\/04\/Participacion-Ciudadana-3.jpeg","type":"image\/jpeg"}],"author":"NOTICIASMERCEDINAS.COM","twitter_card":"summary_large_image","twitter_creator":"@notmercedinas","twitter_site":"@notmercedinas","twitter_misc":{"Escrito por":"NOTICIASMERCEDINAS.COM","Tiempo de lectura":"2 minutos"},"schema":{"@context":"https:\/\/schema.org","@graph":[{"@type":"Article","@id":"https:\/\/noticiasmercedinas.com\/site\/2025\/04\/09\/abren-instancia-de-participacion-ciudadana-por-obra-de-acueducto-en-mercedes\/#article","isPartOf":{"@id":"https:\/\/noticiasmercedinas.com\/site\/2025\/04\/09\/abren-instancia-de-participacion-ciudadana-por-obra-de-acueducto-en-mercedes\/"},"author":{"name":"NOTICIASMERCEDINAS.COM","@id":"https:\/\/noticiasmercedinas.com\/site\/#\/schema\/person\/84b59c099c28ff2e8b77d4ceec5d8063"},"headline":"Abren instancia de participaci\u00f3n ciudadana por obra de acueducto en Mercedes","datePublished":"2025-04-09T10:43:20+00:00","dateModified":"2025-04-09T16:44:48+00:00","mainEntityOfPage":{"@id":"https:\/\/noticiasmercedinas.com\/site\/2025\/04\/09\/abren-instancia-de-participacion-ciudadana-por-obra-de-acueducto-en-mercedes\/"},"wordCount":307,"publisher":{"@id":"https:\/\/noticiasmercedinas.com\/site\/#organization"},"image":{"@id":"https:\/\/noticiasmercedinas.com\/site\/2025\/04\/09\/abren-instancia-de-participacion-ciudadana-por-obra-de-acueducto-en-mercedes\/#primaryimage"},"thumbnailUrl":"https:\/\/noticiasmercedinas.com\/site\/wp-content\/uploads\/2025\/04\/Participacion-Ciudadana-3.jpeg","keywords":["participacion ciudadana"],"articleSection":["Sociedad"],"inLanguage":"es"},{"@type":"WebPage","@id":"https:\/\/noticiasmercedinas.com\/site\/2025\/04\/09\/abren-instancia-de-participacion-ciudadana-por-obra-de-acueducto-en-mercedes\/","url":"https:\/\/noticiasmercedinas.com\/site\/2025\/04\/09\/abren-instancia-de-participacion-ciudadana-por-obra-de-acueducto-en-mercedes\/","name":"Abren instancia de participaci\u00f3n ciudadana por obra de acueducto en Mercedes","isPartOf":{"@id":"https:\/\/noticiasmercedinas.com\/site\/#website"},"primaryImageOfPage":{"@id":"https:\/\/noticiasmercedinas.com\/site\/2025\/04\/09\/abren-instancia-de-participacion-ciudadana-por-obra-de-acueducto-en-mercedes\/#primaryimage"},"image":{"@id":"https:\/\/noticiasmercedinas.com\/site\/2025\/04\/09\/abren-instancia-de-participacion-ciudadana-por-obra-de-acueducto-en-mercedes\/#primaryimage"},"thumbnailUrl":"https:\/\/noticiasmercedinas.com\/site\/wp-content\/uploads\/2025\/04\/Participacion-Ciudadana-3.jpeg","datePublished":"2025-04-09T10:43:20+00:00","dateModified":"2025-04-09T16:44:48+00:00","description":"Esta etapa es parte del proceso para la obtenci\u00f3n de la Declaraci\u00f3n de Impacto Ambiental (DIA). Las consultas y aportes podr\u00e1n enviarse hasta el 8 de mayo inclusive.","breadcrumb":{"@id":"https:\/\/noticiasmercedinas.com\/site\/2025\/04\/09\/abren-instancia-de-participacion-ciudadana-por-obra-de-acueducto-en-mercedes\/#breadcrumb"},"inLanguage":"es","potentialAction":[{"@type":"ReadAction","target":["https:\/\/noticiasmercedinas.com\/site\/2025\/04\/09\/abren-instancia-de-participacion-ciudadana-por-obra-de-acueducto-en-mercedes\/"]}]},{"@type":"ImageObject","inLanguage":"es","@id":"https:\/\/noticiasmercedinas.com\/site\/2025\/04\/09\/abren-instancia-de-participacion-ciudadana-por-obra-de-acueducto-en-mercedes\/#primaryimage","url":"https:\/\/noticiasmercedinas.com\/site\/wp-content\/uploads\/2025\/04\/Participacion-Ciudadana-3.jpeg","contentUrl":"https:\/\/noticiasmercedinas.com\/site\/wp-content\/uploads\/2025\/04\/Participacion-Ciudadana-3.jpeg","width":1280,"height":1280},{"@type":"BreadcrumbList","@id":"https:\/\/noticiasmercedinas.com\/site\/2025\/04\/09\/abren-instancia-de-participacion-ciudadana-por-obra-de-acueducto-en-mercedes\/#breadcrumb","itemListElement":[{"@type":"ListItem","position":1,"name":"Portada","item":"https:\/\/noticiasmercedinas.com\/site\/"},{"@type":"ListItem","position":2,"name":"Abren instancia de participaci\u00f3n ciudadana por obra de acueducto en Mercedes"}]},{"@type":"WebSite","@id":"https:\/\/noticiasmercedinas.com\/site\/#website","url":"https:\/\/noticiasmercedinas.com\/site\/","name":"NOTICIASMERCEDINAS.COM","description":"Mercedes, Buenos Aires, Argentina","publisher":{"@id":"https:\/\/noticiasmercedinas.com\/site\/#organization"},"potentialAction":[{"@type":"SearchAction","target":{"@type":"EntryPoint","urlTemplate":"https:\/\/noticiasmercedinas.com\/site\/?s={search_term_string}"},"query-input":{"@type":"PropertyValueSpecification","valueRequired":true,"valueName":"search_term_string"}}],"inLanguage":"es"},{"@type":"Organization","@id":"https:\/\/noticiasmercedinas.com\/site\/#organization","name":"NOTICIASMERCEDINAS.COM","url":"https:\/\/noticiasmercedinas.com\/site\/","logo":{"@type":"ImageObject","inLanguage":"es","@id":"https:\/\/noticiasmercedinas.com\/site\/#\/schema\/logo\/image\/","url":"https:\/\/noticiasmercedinas.com\/site\/wp-content\/uploads\/2020\/06\/LOGO-512.jpg","contentUrl":"https:\/\/noticiasmercedinas.com\/site\/wp-content\/uploads\/2020\/06\/LOGO-512.jpg","width":512,"height":512,"caption":"NOTICIASMERCEDINAS.COM"},"image":{"@id":"https:\/\/noticiasmercedinas.com\/site\/#\/schema\/logo\/image\/"},"sameAs":["https:\/\/www.facebook.com\/noticiasmercedinas\/","https:\/\/x.com\/notmercedinas","https:\/\/www.instagram.com\/noticiasmercedinas\/"]},{"@type":"Person","@id":"https:\/\/noticiasmercedinas.com\/site\/#\/schema\/person\/84b59c099c28ff2e8b77d4ceec5d8063","name":"NOTICIASMERCEDINAS.COM","image":{"@type":"ImageObject","inLanguage":"es","@id":"https:\/\/secure.gravatar.com\/avatar\/4dfbf16b4d17945bfb6341b2d19043457132fcf478a5ee04f42e959fd8f5df0a?s=96&d=mm&r=g","url":"https:\/\/secure.gravatar.com\/avatar\/4dfbf16b4d17945bfb6341b2d19043457132fcf478a5ee04f42e959fd8f5df0a?s=96&d=mm&r=g","contentUrl":"https:\/\/secure.gravatar.com\/avatar\/4dfbf16b4d17945bfb6341b2d19043457132fcf478a5ee04f42e959fd8f5df0a?s=96&d=mm&r=g","caption":"NOTICIASMERCEDINAS.COM"},"url":"https:\/\/noticiasmercedinas.com\/site\/author\/anonimo\/"}]}},"amp_enabled":true,"_links":{"self":[{"href":"https:\/\/noticiasmercedinas.com\/site\/wp-json\/wp\/v2\/posts\/156937","targetHints":{"allow":["GET"]}}],"collection":[{"href":"https:\/\/noticiasmercedinas.com\/site\/wp-json\/wp\/v2\/posts"}],"about":[{"href":"https:\/\/noticiasmercedinas.com\/site\/wp-json\/wp\/v2\/types\/post"}],"author":[{"embeddable":true,"href":"https:\/\/noticiasmercedinas.com\/site\/wp-json\/wp\/v2\/users\/16"}],"replies":[{"embeddable":true,"href":"https:\/\/noticiasmercedinas.com\/site\/wp-json\/wp\/v2\/comments?post=156937"}],"version-history":[{"count":1,"href":"https:\/\/noticiasmercedinas.com\/site\/wp-json\/wp\/v2\/posts\/156937\/revisions"}],"predecessor-version":[{"id":156939,"href":"https:\/\/noticiasmercedinas.com\/site\/wp-json\/wp\/v2\/posts\/156937\/revisions\/156939"}],"wp:featuredmedia":[{"embeddable":true,"href":"https:\/\/noticiasmercedinas.com\/site\/wp-json\/wp\/v2\/media\/156938"}],"wp:attachment":[{"href":"https:\/\/noticiasmercedinas.com\/site\/wp-json\/wp\/v2\/media?parent=156937"}],"wp:term":[{"taxonomy":"category","embeddable":true,"href":"https:\/\/noticiasmercedinas.com\/site\/wp-json\/wp\/v2\/categories?post=156937"},{"taxonomy":"post_tag","embeddable":true,"href":"https:\/\/noticiasmercedinas.com\/site\/wp-json\/wp\/v2\/tags?post=156937"}],"curies":[{"name":"wp","href":"https:\/\/api.w.org\/{rel}","templated":true}]}}