{"id":156961,"date":"2025-04-09T20:16:07","date_gmt":"2025-04-09T23:16:07","guid":{"rendered":"https:\/\/noticiasmercedinas.com\/site\/?p=156961"},"modified":"2025-04-09T20:22:33","modified_gmt":"2025-04-09T23:22:33","slug":"debuta-fundamento-coplero-nueva-propuesta-folclorica-con-raices-mercedinas","status":"publish","type":"post","link":"https:\/\/noticiasmercedinas.com\/site\/2025\/04\/09\/debuta-fundamento-coplero-nueva-propuesta-folclorica-con-raices-mercedinas\/","title":{"rendered":"Debuta Fundamento Coplero: nueva propuesta folcl\u00f3rica con ra\u00edces mercedinas"},"content":{"rendered":"<p data-start=\"217\" data-end=\"303\"><img loading=\"lazy\" decoding=\"async\" class=\"alignnone size-full wp-image-156962\" src=\"https:\/\/noticiasmercedinas.com\/site\/wp-content\/uploads\/2025\/04\/DSC_0145-2-scaled.jpg\" alt=\"\" width=\"2560\" height=\"1707\" srcset=\"https:\/\/noticiasmercedinas.com\/site\/wp-content\/uploads\/2025\/04\/DSC_0145-2-scaled.jpg 2560w, https:\/\/noticiasmercedinas.com\/site\/wp-content\/uploads\/2025\/04\/DSC_0145-2-300x200.jpg 300w, https:\/\/noticiasmercedinas.com\/site\/wp-content\/uploads\/2025\/04\/DSC_0145-2-1024x683.jpg 1024w, https:\/\/noticiasmercedinas.com\/site\/wp-content\/uploads\/2025\/04\/DSC_0145-2-768x512.jpg 768w, https:\/\/noticiasmercedinas.com\/site\/wp-content\/uploads\/2025\/04\/DSC_0145-2-1536x1024.jpg 1536w, https:\/\/noticiasmercedinas.com\/site\/wp-content\/uploads\/2025\/04\/DSC_0145-2-2048x1365.jpg 2048w, https:\/\/noticiasmercedinas.com\/site\/wp-content\/uploads\/2025\/04\/DSC_0145-2-640x427.jpg 640w, https:\/\/noticiasmercedinas.com\/site\/wp-content\/uploads\/2025\/04\/DSC_0145-2-1280x853.jpg 1280w, https:\/\/noticiasmercedinas.com\/site\/wp-content\/uploads\/2025\/04\/DSC_0145-2-681x454.jpg 681w, https:\/\/noticiasmercedinas.com\/site\/wp-content\/uploads\/2025\/04\/DSC_0145-2-1362x908.jpg 1362w\" sizes=\"auto, (max-width: 2560px) 100vw, 2560px\" \/><\/p>\n<p class=\"\" data-start=\"557\" data-end=\"924\">El grupo folcl\u00f3rico <strong data-start=\"577\" data-end=\"599\">Fundamento Coplero<\/strong> har\u00e1 su debut el pr\u00f3ximo <strong data-start=\"625\" data-end=\"650\">mi\u00e9rcoles 30 de abril<\/strong> a las <strong data-start=\"657\" data-end=\"669\">20 horas<\/strong> en el <strong data-start=\"676\" data-end=\"718\">Teatro Argentino \u201cJulio C\u00e9sar Gioscio\u201d<\/strong> de la ciudad de Mercedes.<\/p>\n<p class=\"\" data-start=\"557\" data-end=\"924\">La presentaci\u00f3n ser\u00e1 en la <strong data-start=\"772\" data-end=\"782\">Sala A<\/strong> del tradicional espacio cultural y contar\u00e1 con la participaci\u00f3n especial de <strong data-start=\"859\" data-end=\"876\">Laura Ferrero<\/strong> y <strong data-start=\"879\" data-end=\"898\">Agustina Pavoni<\/strong>, como artistas invitadas.<\/p>\n<p class=\"\" data-start=\"926\" data-end=\"1226\">El conjunto est\u00e1 integrado por <strong data-start=\"957\" data-end=\"975\">Mario Battista<\/strong> (voz y guitarra), <strong data-start=\"994\" data-end=\"1012\">\u00abToto\u00bb Ferrero<\/strong> (voz y bombo), <strong data-start=\"1028\" data-end=\"1046\">\u00abCacho\u00bb Pavoni<\/strong> (voz, guitarra y arreglos) y <strong data-start=\"1076\" data-end=\"1095\">Marcelo Pittoni<\/strong> (voz, guitarra y arm\u00f3nica), todos m\u00fasicos mercedinos con una <strong data-start=\"1157\" data-end=\"1225\">extensa trayectoria en el \u00e1mbito de la canci\u00f3n popular argentina<\/strong>.<\/p>\n<p class=\"\" data-start=\"1228\" data-end=\"1503\">Durante el espect\u00e1culo se interpretar\u00e1n <strong data-start=\"1268\" data-end=\"1309\">doce canciones de autores reconocidos<\/strong>, concebidas como eslabones de la rica cultura popular nacional.<\/p>\n<blockquote>\n<p data-start=\"1228\" data-end=\"1503\">El show contar\u00e1 con invitadas especiales y homenajes a referentes de la m\u00fasica mercedina.<\/p>\n<\/blockquote>\n<p class=\"\" data-start=\"1228\" data-end=\"1503\">El repertorio busca dar voz a las <strong data-start=\"1408\" data-end=\"1444\">vivencias, sue\u00f1os y sentimientos<\/strong> del pueblo argentino, desde la alegr\u00eda hasta la nostalgia.<\/p>\n<p class=\"\" data-start=\"1505\" data-end=\"1693\">La velada tambi\u00e9n ser\u00e1 una oportunidad para rendir <strong data-start=\"1556\" data-end=\"1598\">homenaje a grandes cantautores locales<\/strong>, en un <strong data-start=\"1606\" data-end=\"1634\">clima fraterno y emotivo<\/strong>, en el que se espera una activa participaci\u00f3n del p\u00fablico.<\/p>\n<p class=\"\" data-start=\"1695\" data-end=\"1845\">Las entradas tienen un valor de <strong data-start=\"1727\" data-end=\"1742\">4.000 pesos<\/strong> y se pueden adquirir en la <strong data-start=\"1770\" data-end=\"1804\">boleter\u00eda del Teatro Argentino<\/strong> o mediante <strong data-start=\"1816\" data-end=\"1844\">WhatsApp al 11 4444 5033<\/strong><\/p>\n","protected":false},"excerpt":{"rendered":"<p>\u25a0 El mi\u00e9rcoles 30 de abril en el Teatro Argentino, se presentar\u00e1 por primera vez este grupo integrado por m\u00fasicos locales de reconocida trayectoria. Habr\u00e1 artistas invitadas y un repertorio con sentimiento popular.<\/p>\n","protected":false},"author":16,"featured_media":156962,"comment_status":"closed","ping_status":"closed","sticky":false,"template":"","format":"standard","meta":{"footnotes":""},"categories":[4],"tags":[7123,19889,19891,19890,163,19892],"class_list":["post-156961","post","type-post","status-publish","format-standard","has-post-thumbnail","hentry","category-cultura","tag-cacho-pavoni","tag-fundamento-coplero","tag-marcelo-pittoni","tag-mario-battista","tag-teatro-argentino","tag-toto-ferrero"],"yoast_head":"<!-- This site is optimized with the Yoast SEO plugin v27.4 - https:\/\/yoast.com\/product\/yoast-seo-wordpress\/ -->\n<title>Debuta Fundamento Coplero: nueva propuesta folcl\u00f3rica con ra\u00edces mercedinas<\/title>\n<meta name=\"description\" content=\"El mi\u00e9rcoles 30 de abril a las 20 horas, en la Sala A del Teatro Argentino, se presentar\u00e1 por primera vez este grupo integrado por m\u00fasicos locales de reconocida trayectoria. Habr\u00e1 artistas invitadas y un repertorio cargado de sentimiento popular.\" \/>\n<meta name=\"robots\" content=\"index, follow, max-snippet:-1, max-image-preview:large, max-video-preview:-1\" \/>\n<link rel=\"canonical\" href=\"https:\/\/noticiasmercedinas.com\/site\/2025\/04\/09\/debuta-fundamento-coplero-nueva-propuesta-folclorica-con-raices-mercedinas\/\" \/>\n<meta property=\"og:locale\" content=\"es_ES\" \/>\n<meta property=\"og:type\" content=\"article\" \/>\n<meta property=\"og:title\" content=\"Debuta Fundamento Coplero: nueva propuesta folcl\u00f3rica con ra\u00edces mercedinas\" \/>\n<meta property=\"og:description\" content=\"El mi\u00e9rcoles 30 de abril a las 20 horas, en la Sala A del Teatro Argentino, se presentar\u00e1 por primera vez este grupo integrado por m\u00fasicos locales de reconocida trayectoria. Habr\u00e1 artistas invitadas y un repertorio cargado de sentimiento popular.\" \/>\n<meta property=\"og:url\" content=\"https:\/\/noticiasmercedinas.com\/site\/2025\/04\/09\/debuta-fundamento-coplero-nueva-propuesta-folclorica-con-raices-mercedinas\/\" \/>\n<meta property=\"og:site_name\" content=\"NOTICIASMERCEDINAS.COM\" \/>\n<meta property=\"article:publisher\" content=\"https:\/\/www.facebook.com\/noticiasmercedinas\/\" \/>\n<meta property=\"article:published_time\" content=\"2025-04-09T23:16:07+00:00\" \/>\n<meta property=\"article:modified_time\" content=\"2025-04-09T23:22:33+00:00\" \/>\n<meta property=\"og:image\" content=\"https:\/\/noticiasmercedinas.com\/site\/wp-content\/uploads\/2025\/04\/DSC_0145-2-scaled.jpg\" \/>\n\t<meta property=\"og:image:width\" content=\"2560\" \/>\n\t<meta property=\"og:image:height\" content=\"1707\" \/>\n\t<meta property=\"og:image:type\" content=\"image\/jpeg\" \/>\n<meta name=\"author\" content=\"NOTICIASMERCEDINAS.COM\" \/>\n<meta name=\"twitter:card\" content=\"summary_large_image\" \/>\n<meta name=\"twitter:creator\" content=\"@notmercedinas\" \/>\n<meta name=\"twitter:site\" content=\"@notmercedinas\" \/>\n<meta name=\"twitter:label1\" content=\"Escrito por\" \/>\n\t<meta name=\"twitter:data1\" content=\"NOTICIASMERCEDINAS.COM\" \/>\n\t<meta name=\"twitter:label2\" content=\"Tiempo de lectura\" \/>\n\t<meta name=\"twitter:data2\" content=\"2 minutos\" \/>\n<script type=\"application\/ld+json\" class=\"yoast-schema-graph\">{\"@context\":\"https:\\\/\\\/schema.org\",\"@graph\":[{\"@type\":\"Article\",\"@id\":\"https:\\\/\\\/noticiasmercedinas.com\\\/site\\\/2025\\\/04\\\/09\\\/debuta-fundamento-coplero-nueva-propuesta-folclorica-con-raices-mercedinas\\\/#article\",\"isPartOf\":{\"@id\":\"https:\\\/\\\/noticiasmercedinas.com\\\/site\\\/2025\\\/04\\\/09\\\/debuta-fundamento-coplero-nueva-propuesta-folclorica-con-raices-mercedinas\\\/\"},\"author\":{\"name\":\"NOTICIASMERCEDINAS.COM\",\"@id\":\"https:\\\/\\\/noticiasmercedinas.com\\\/site\\\/#\\\/schema\\\/person\\\/84b59c099c28ff2e8b77d4ceec5d8063\"},\"headline\":\"Debuta Fundamento Coplero: nueva propuesta folcl\u00f3rica con ra\u00edces mercedinas\",\"datePublished\":\"2025-04-09T23:16:07+00:00\",\"dateModified\":\"2025-04-09T23:22:33+00:00\",\"mainEntityOfPage\":{\"@id\":\"https:\\\/\\\/noticiasmercedinas.com\\\/site\\\/2025\\\/04\\\/09\\\/debuta-fundamento-coplero-nueva-propuesta-folclorica-con-raices-mercedinas\\\/\"},\"wordCount\":229,\"publisher\":{\"@id\":\"https:\\\/\\\/noticiasmercedinas.com\\\/site\\\/#organization\"},\"image\":{\"@id\":\"https:\\\/\\\/noticiasmercedinas.com\\\/site\\\/2025\\\/04\\\/09\\\/debuta-fundamento-coplero-nueva-propuesta-folclorica-con-raices-mercedinas\\\/#primaryimage\"},\"thumbnailUrl\":\"https:\\\/\\\/noticiasmercedinas.com\\\/site\\\/wp-content\\\/uploads\\\/2025\\\/04\\\/DSC_0145-2-scaled.jpg\",\"keywords\":[\"cacho pavoni\",\"fundamento coplero\",\"Marcelo Pittoni\",\"Mario Battista\",\"teatro argentino\",\"toto ferrero\"],\"articleSection\":[\"Cultura\"],\"inLanguage\":\"es\"},{\"@type\":\"WebPage\",\"@id\":\"https:\\\/\\\/noticiasmercedinas.com\\\/site\\\/2025\\\/04\\\/09\\\/debuta-fundamento-coplero-nueva-propuesta-folclorica-con-raices-mercedinas\\\/\",\"url\":\"https:\\\/\\\/noticiasmercedinas.com\\\/site\\\/2025\\\/04\\\/09\\\/debuta-fundamento-coplero-nueva-propuesta-folclorica-con-raices-mercedinas\\\/\",\"name\":\"Debuta Fundamento Coplero: nueva propuesta folcl\u00f3rica con ra\u00edces mercedinas\",\"isPartOf\":{\"@id\":\"https:\\\/\\\/noticiasmercedinas.com\\\/site\\\/#website\"},\"primaryImageOfPage\":{\"@id\":\"https:\\\/\\\/noticiasmercedinas.com\\\/site\\\/2025\\\/04\\\/09\\\/debuta-fundamento-coplero-nueva-propuesta-folclorica-con-raices-mercedinas\\\/#primaryimage\"},\"image\":{\"@id\":\"https:\\\/\\\/noticiasmercedinas.com\\\/site\\\/2025\\\/04\\\/09\\\/debuta-fundamento-coplero-nueva-propuesta-folclorica-con-raices-mercedinas\\\/#primaryimage\"},\"thumbnailUrl\":\"https:\\\/\\\/noticiasmercedinas.com\\\/site\\\/wp-content\\\/uploads\\\/2025\\\/04\\\/DSC_0145-2-scaled.jpg\",\"datePublished\":\"2025-04-09T23:16:07+00:00\",\"dateModified\":\"2025-04-09T23:22:33+00:00\",\"description\":\"El mi\u00e9rcoles 30 de abril a las 20 horas, en la Sala A del Teatro Argentino, se presentar\u00e1 por primera vez este grupo integrado por m\u00fasicos locales de reconocida trayectoria. Habr\u00e1 artistas invitadas y un repertorio cargado de sentimiento popular.\",\"breadcrumb\":{\"@id\":\"https:\\\/\\\/noticiasmercedinas.com\\\/site\\\/2025\\\/04\\\/09\\\/debuta-fundamento-coplero-nueva-propuesta-folclorica-con-raices-mercedinas\\\/#breadcrumb\"},\"inLanguage\":\"es\",\"potentialAction\":[{\"@type\":\"ReadAction\",\"target\":[\"https:\\\/\\\/noticiasmercedinas.com\\\/site\\\/2025\\\/04\\\/09\\\/debuta-fundamento-coplero-nueva-propuesta-folclorica-con-raices-mercedinas\\\/\"]}]},{\"@type\":\"ImageObject\",\"inLanguage\":\"es\",\"@id\":\"https:\\\/\\\/noticiasmercedinas.com\\\/site\\\/2025\\\/04\\\/09\\\/debuta-fundamento-coplero-nueva-propuesta-folclorica-con-raices-mercedinas\\\/#primaryimage\",\"url\":\"https:\\\/\\\/noticiasmercedinas.com\\\/site\\\/wp-content\\\/uploads\\\/2025\\\/04\\\/DSC_0145-2-scaled.jpg\",\"contentUrl\":\"https:\\\/\\\/noticiasmercedinas.com\\\/site\\\/wp-content\\\/uploads\\\/2025\\\/04\\\/DSC_0145-2-scaled.jpg\",\"width\":2560,\"height\":1707},{\"@type\":\"BreadcrumbList\",\"@id\":\"https:\\\/\\\/noticiasmercedinas.com\\\/site\\\/2025\\\/04\\\/09\\\/debuta-fundamento-coplero-nueva-propuesta-folclorica-con-raices-mercedinas\\\/#breadcrumb\",\"itemListElement\":[{\"@type\":\"ListItem\",\"position\":1,\"name\":\"Portada\",\"item\":\"https:\\\/\\\/noticiasmercedinas.com\\\/site\\\/\"},{\"@type\":\"ListItem\",\"position\":2,\"name\":\"Debuta Fundamento Coplero: nueva propuesta folcl\u00f3rica con ra\u00edces mercedinas\"}]},{\"@type\":\"WebSite\",\"@id\":\"https:\\\/\\\/noticiasmercedinas.com\\\/site\\\/#website\",\"url\":\"https:\\\/\\\/noticiasmercedinas.com\\\/site\\\/\",\"name\":\"NOTICIASMERCEDINAS.COM\",\"description\":\"Mercedes, Buenos Aires, Argentina\",\"publisher\":{\"@id\":\"https:\\\/\\\/noticiasmercedinas.com\\\/site\\\/#organization\"},\"potentialAction\":[{\"@type\":\"SearchAction\",\"target\":{\"@type\":\"EntryPoint\",\"urlTemplate\":\"https:\\\/\\\/noticiasmercedinas.com\\\/site\\\/?s={search_term_string}\"},\"query-input\":{\"@type\":\"PropertyValueSpecification\",\"valueRequired\":true,\"valueName\":\"search_term_string\"}}],\"inLanguage\":\"es\"},{\"@type\":\"Organization\",\"@id\":\"https:\\\/\\\/noticiasmercedinas.com\\\/site\\\/#organization\",\"name\":\"NOTICIASMERCEDINAS.COM\",\"url\":\"https:\\\/\\\/noticiasmercedinas.com\\\/site\\\/\",\"logo\":{\"@type\":\"ImageObject\",\"inLanguage\":\"es\",\"@id\":\"https:\\\/\\\/noticiasmercedinas.com\\\/site\\\/#\\\/schema\\\/logo\\\/image\\\/\",\"url\":\"https:\\\/\\\/noticiasmercedinas.com\\\/site\\\/wp-content\\\/uploads\\\/2020\\\/06\\\/LOGO-512.jpg\",\"contentUrl\":\"https:\\\/\\\/noticiasmercedinas.com\\\/site\\\/wp-content\\\/uploads\\\/2020\\\/06\\\/LOGO-512.jpg\",\"width\":512,\"height\":512,\"caption\":\"NOTICIASMERCEDINAS.COM\"},\"image\":{\"@id\":\"https:\\\/\\\/noticiasmercedinas.com\\\/site\\\/#\\\/schema\\\/logo\\\/image\\\/\"},\"sameAs\":[\"https:\\\/\\\/www.facebook.com\\\/noticiasmercedinas\\\/\",\"https:\\\/\\\/x.com\\\/notmercedinas\",\"https:\\\/\\\/www.instagram.com\\\/noticiasmercedinas\\\/\"]},{\"@type\":\"Person\",\"@id\":\"https:\\\/\\\/noticiasmercedinas.com\\\/site\\\/#\\\/schema\\\/person\\\/84b59c099c28ff2e8b77d4ceec5d8063\",\"name\":\"NOTICIASMERCEDINAS.COM\",\"image\":{\"@type\":\"ImageObject\",\"inLanguage\":\"es\",\"@id\":\"https:\\\/\\\/secure.gravatar.com\\\/avatar\\\/4dfbf16b4d17945bfb6341b2d19043457132fcf478a5ee04f42e959fd8f5df0a?s=96&d=mm&r=g\",\"url\":\"https:\\\/\\\/secure.gravatar.com\\\/avatar\\\/4dfbf16b4d17945bfb6341b2d19043457132fcf478a5ee04f42e959fd8f5df0a?s=96&d=mm&r=g\",\"contentUrl\":\"https:\\\/\\\/secure.gravatar.com\\\/avatar\\\/4dfbf16b4d17945bfb6341b2d19043457132fcf478a5ee04f42e959fd8f5df0a?s=96&d=mm&r=g\",\"caption\":\"NOTICIASMERCEDINAS.COM\"},\"url\":\"https:\\\/\\\/noticiasmercedinas.com\\\/site\\\/author\\\/anonimo\\\/\"}]}<\/script>\n<!-- \/ Yoast SEO plugin. -->","yoast_head_json":{"title":"Debuta Fundamento Coplero: nueva propuesta folcl\u00f3rica con ra\u00edces mercedinas","description":"El mi\u00e9rcoles 30 de abril a las 20 horas, en la Sala A del Teatro Argentino, se presentar\u00e1 por primera vez este grupo integrado por m\u00fasicos locales de reconocida trayectoria. Habr\u00e1 artistas invitadas y un repertorio cargado de sentimiento popular.","robots":{"index":"index","follow":"follow","max-snippet":"max-snippet:-1","max-image-preview":"max-image-preview:large","max-video-preview":"max-video-preview:-1"},"canonical":"https:\/\/noticiasmercedinas.com\/site\/2025\/04\/09\/debuta-fundamento-coplero-nueva-propuesta-folclorica-con-raices-mercedinas\/","og_locale":"es_ES","og_type":"article","og_title":"Debuta Fundamento Coplero: nueva propuesta folcl\u00f3rica con ra\u00edces mercedinas","og_description":"El mi\u00e9rcoles 30 de abril a las 20 horas, en la Sala A del Teatro Argentino, se presentar\u00e1 por primera vez este grupo integrado por m\u00fasicos locales de reconocida trayectoria. Habr\u00e1 artistas invitadas y un repertorio cargado de sentimiento popular.","og_url":"https:\/\/noticiasmercedinas.com\/site\/2025\/04\/09\/debuta-fundamento-coplero-nueva-propuesta-folclorica-con-raices-mercedinas\/","og_site_name":"NOTICIASMERCEDINAS.COM","article_publisher":"https:\/\/www.facebook.com\/noticiasmercedinas\/","article_published_time":"2025-04-09T23:16:07+00:00","article_modified_time":"2025-04-09T23:22:33+00:00","og_image":[{"width":2560,"height":1707,"url":"https:\/\/noticiasmercedinas.com\/site\/wp-content\/uploads\/2025\/04\/DSC_0145-2-scaled.jpg","type":"image\/jpeg"}],"author":"NOTICIASMERCEDINAS.COM","twitter_card":"summary_large_image","twitter_creator":"@notmercedinas","twitter_site":"@notmercedinas","twitter_misc":{"Escrito por":"NOTICIASMERCEDINAS.COM","Tiempo de lectura":"2 minutos"},"schema":{"@context":"https:\/\/schema.org","@graph":[{"@type":"Article","@id":"https:\/\/noticiasmercedinas.com\/site\/2025\/04\/09\/debuta-fundamento-coplero-nueva-propuesta-folclorica-con-raices-mercedinas\/#article","isPartOf":{"@id":"https:\/\/noticiasmercedinas.com\/site\/2025\/04\/09\/debuta-fundamento-coplero-nueva-propuesta-folclorica-con-raices-mercedinas\/"},"author":{"name":"NOTICIASMERCEDINAS.COM","@id":"https:\/\/noticiasmercedinas.com\/site\/#\/schema\/person\/84b59c099c28ff2e8b77d4ceec5d8063"},"headline":"Debuta Fundamento Coplero: nueva propuesta folcl\u00f3rica con ra\u00edces mercedinas","datePublished":"2025-04-09T23:16:07+00:00","dateModified":"2025-04-09T23:22:33+00:00","mainEntityOfPage":{"@id":"https:\/\/noticiasmercedinas.com\/site\/2025\/04\/09\/debuta-fundamento-coplero-nueva-propuesta-folclorica-con-raices-mercedinas\/"},"wordCount":229,"publisher":{"@id":"https:\/\/noticiasmercedinas.com\/site\/#organization"},"image":{"@id":"https:\/\/noticiasmercedinas.com\/site\/2025\/04\/09\/debuta-fundamento-coplero-nueva-propuesta-folclorica-con-raices-mercedinas\/#primaryimage"},"thumbnailUrl":"https:\/\/noticiasmercedinas.com\/site\/wp-content\/uploads\/2025\/04\/DSC_0145-2-scaled.jpg","keywords":["cacho pavoni","fundamento coplero","Marcelo Pittoni","Mario Battista","teatro argentino","toto ferrero"],"articleSection":["Cultura"],"inLanguage":"es"},{"@type":"WebPage","@id":"https:\/\/noticiasmercedinas.com\/site\/2025\/04\/09\/debuta-fundamento-coplero-nueva-propuesta-folclorica-con-raices-mercedinas\/","url":"https:\/\/noticiasmercedinas.com\/site\/2025\/04\/09\/debuta-fundamento-coplero-nueva-propuesta-folclorica-con-raices-mercedinas\/","name":"Debuta Fundamento Coplero: nueva propuesta folcl\u00f3rica con ra\u00edces mercedinas","isPartOf":{"@id":"https:\/\/noticiasmercedinas.com\/site\/#website"},"primaryImageOfPage":{"@id":"https:\/\/noticiasmercedinas.com\/site\/2025\/04\/09\/debuta-fundamento-coplero-nueva-propuesta-folclorica-con-raices-mercedinas\/#primaryimage"},"image":{"@id":"https:\/\/noticiasmercedinas.com\/site\/2025\/04\/09\/debuta-fundamento-coplero-nueva-propuesta-folclorica-con-raices-mercedinas\/#primaryimage"},"thumbnailUrl":"https:\/\/noticiasmercedinas.com\/site\/wp-content\/uploads\/2025\/04\/DSC_0145-2-scaled.jpg","datePublished":"2025-04-09T23:16:07+00:00","dateModified":"2025-04-09T23:22:33+00:00","description":"El mi\u00e9rcoles 30 de abril a las 20 horas, en la Sala A del Teatro Argentino, se presentar\u00e1 por primera vez este grupo integrado por m\u00fasicos locales de reconocida trayectoria. Habr\u00e1 artistas invitadas y un repertorio cargado de sentimiento popular.","breadcrumb":{"@id":"https:\/\/noticiasmercedinas.com\/site\/2025\/04\/09\/debuta-fundamento-coplero-nueva-propuesta-folclorica-con-raices-mercedinas\/#breadcrumb"},"inLanguage":"es","potentialAction":[{"@type":"ReadAction","target":["https:\/\/noticiasmercedinas.com\/site\/2025\/04\/09\/debuta-fundamento-coplero-nueva-propuesta-folclorica-con-raices-mercedinas\/"]}]},{"@type":"ImageObject","inLanguage":"es","@id":"https:\/\/noticiasmercedinas.com\/site\/2025\/04\/09\/debuta-fundamento-coplero-nueva-propuesta-folclorica-con-raices-mercedinas\/#primaryimage","url":"https:\/\/noticiasmercedinas.com\/site\/wp-content\/uploads\/2025\/04\/DSC_0145-2-scaled.jpg","contentUrl":"https:\/\/noticiasmercedinas.com\/site\/wp-content\/uploads\/2025\/04\/DSC_0145-2-scaled.jpg","width":2560,"height":1707},{"@type":"BreadcrumbList","@id":"https:\/\/noticiasmercedinas.com\/site\/2025\/04\/09\/debuta-fundamento-coplero-nueva-propuesta-folclorica-con-raices-mercedinas\/#breadcrumb","itemListElement":[{"@type":"ListItem","position":1,"name":"Portada","item":"https:\/\/noticiasmercedinas.com\/site\/"},{"@type":"ListItem","position":2,"name":"Debuta Fundamento Coplero: nueva propuesta folcl\u00f3rica con ra\u00edces mercedinas"}]},{"@type":"WebSite","@id":"https:\/\/noticiasmercedinas.com\/site\/#website","url":"https:\/\/noticiasmercedinas.com\/site\/","name":"NOTICIASMERCEDINAS.COM","description":"Mercedes, Buenos Aires, Argentina","publisher":{"@id":"https:\/\/noticiasmercedinas.com\/site\/#organization"},"potentialAction":[{"@type":"SearchAction","target":{"@type":"EntryPoint","urlTemplate":"https:\/\/noticiasmercedinas.com\/site\/?s={search_term_string}"},"query-input":{"@type":"PropertyValueSpecification","valueRequired":true,"valueName":"search_term_string"}}],"inLanguage":"es"},{"@type":"Organization","@id":"https:\/\/noticiasmercedinas.com\/site\/#organization","name":"NOTICIASMERCEDINAS.COM","url":"https:\/\/noticiasmercedinas.com\/site\/","logo":{"@type":"ImageObject","inLanguage":"es","@id":"https:\/\/noticiasmercedinas.com\/site\/#\/schema\/logo\/image\/","url":"https:\/\/noticiasmercedinas.com\/site\/wp-content\/uploads\/2020\/06\/LOGO-512.jpg","contentUrl":"https:\/\/noticiasmercedinas.com\/site\/wp-content\/uploads\/2020\/06\/LOGO-512.jpg","width":512,"height":512,"caption":"NOTICIASMERCEDINAS.COM"},"image":{"@id":"https:\/\/noticiasmercedinas.com\/site\/#\/schema\/logo\/image\/"},"sameAs":["https:\/\/www.facebook.com\/noticiasmercedinas\/","https:\/\/x.com\/notmercedinas","https:\/\/www.instagram.com\/noticiasmercedinas\/"]},{"@type":"Person","@id":"https:\/\/noticiasmercedinas.com\/site\/#\/schema\/person\/84b59c099c28ff2e8b77d4ceec5d8063","name":"NOTICIASMERCEDINAS.COM","image":{"@type":"ImageObject","inLanguage":"es","@id":"https:\/\/secure.gravatar.com\/avatar\/4dfbf16b4d17945bfb6341b2d19043457132fcf478a5ee04f42e959fd8f5df0a?s=96&d=mm&r=g","url":"https:\/\/secure.gravatar.com\/avatar\/4dfbf16b4d17945bfb6341b2d19043457132fcf478a5ee04f42e959fd8f5df0a?s=96&d=mm&r=g","contentUrl":"https:\/\/secure.gravatar.com\/avatar\/4dfbf16b4d17945bfb6341b2d19043457132fcf478a5ee04f42e959fd8f5df0a?s=96&d=mm&r=g","caption":"NOTICIASMERCEDINAS.COM"},"url":"https:\/\/noticiasmercedinas.com\/site\/author\/anonimo\/"}]}},"amp_enabled":true,"_links":{"self":[{"href":"https:\/\/noticiasmercedinas.com\/site\/wp-json\/wp\/v2\/posts\/156961","targetHints":{"allow":["GET"]}}],"collection":[{"href":"https:\/\/noticiasmercedinas.com\/site\/wp-json\/wp\/v2\/posts"}],"about":[{"href":"https:\/\/noticiasmercedinas.com\/site\/wp-json\/wp\/v2\/types\/post"}],"author":[{"embeddable":true,"href":"https:\/\/noticiasmercedinas.com\/site\/wp-json\/wp\/v2\/users\/16"}],"replies":[{"embeddable":true,"href":"https:\/\/noticiasmercedinas.com\/site\/wp-json\/wp\/v2\/comments?post=156961"}],"version-history":[{"count":3,"href":"https:\/\/noticiasmercedinas.com\/site\/wp-json\/wp\/v2\/posts\/156961\/revisions"}],"predecessor-version":[{"id":156965,"href":"https:\/\/noticiasmercedinas.com\/site\/wp-json\/wp\/v2\/posts\/156961\/revisions\/156965"}],"wp:featuredmedia":[{"embeddable":true,"href":"https:\/\/noticiasmercedinas.com\/site\/wp-json\/wp\/v2\/media\/156962"}],"wp:attachment":[{"href":"https:\/\/noticiasmercedinas.com\/site\/wp-json\/wp\/v2\/media?parent=156961"}],"wp:term":[{"taxonomy":"category","embeddable":true,"href":"https:\/\/noticiasmercedinas.com\/site\/wp-json\/wp\/v2\/categories?post=156961"},{"taxonomy":"post_tag","embeddable":true,"href":"https:\/\/noticiasmercedinas.com\/site\/wp-json\/wp\/v2\/tags?post=156961"}],"curies":[{"name":"wp","href":"https:\/\/api.w.org\/{rel}","templated":true}]}}