{"id":157095,"date":"2025-04-11T18:36:58","date_gmt":"2025-04-11T21:36:58","guid":{"rendered":"https:\/\/noticiasmercedinas.com\/site\/?p=157095"},"modified":"2025-04-11T20:34:47","modified_gmt":"2025-04-11T23:34:47","slug":"mercedes-celebrara-las-bodas-de-plata-de-la-fiesta-nacional-de-la-torta-frita","status":"publish","type":"post","link":"https:\/\/noticiasmercedinas.com\/site\/2025\/04\/11\/mercedes-celebrara-las-bodas-de-plata-de-la-fiesta-nacional-de-la-torta-frita\/","title":{"rendered":"Mercedes celebrar\u00e1 las Bodas de Plata de la Fiesta Nacional de la Torta Frita"},"content":{"rendered":"<p><img loading=\"lazy\" decoding=\"async\" class=\"alignnone size-full wp-image-15379\" src=\"https:\/\/noticiasmercedinas.com\/site\/wp-content\/uploads\/2019\/03\/TortaFrita.3.jpg\" alt=\"\" width=\"864\" height=\"576\" srcset=\"https:\/\/noticiasmercedinas.com\/site\/wp-content\/uploads\/2019\/03\/TortaFrita.3.jpg 864w, https:\/\/noticiasmercedinas.com\/site\/wp-content\/uploads\/2019\/03\/TortaFrita.3-300x200.jpg 300w, https:\/\/noticiasmercedinas.com\/site\/wp-content\/uploads\/2019\/03\/TortaFrita.3-768x512.jpg 768w, https:\/\/noticiasmercedinas.com\/site\/wp-content\/uploads\/2019\/03\/TortaFrita.3-640x427.jpg 640w, https:\/\/noticiasmercedinas.com\/site\/wp-content\/uploads\/2019\/03\/TortaFrita.3-681x454.jpg 681w\" sizes=\"auto, (max-width: 864px) 100vw, 864px\" \/><\/p>\n<p>La ciudad de Mercedes se prepara para vivir una nueva edici\u00f3n de la Fiesta Nacional de la Torta Frita, que este a\u00f1o celebra sus 25 a\u00f1os. El evento se realizar\u00e1 el s\u00e1bado 10 y domingo 11 de mayo en el Parque Municipal Independencia, con entradas ya en venta.<\/p>\n<p>La tradicional celebraci\u00f3n, que convoca a miles de visitantes de toda la regi\u00f3n, se enmarca en un ambiente familiar donde la m\u00fasica, la danza y los sabores t\u00edpicos son protagonistas.<\/p>\n<blockquote><p>Bajo el lema \u201c25 a\u00f1os haciendo la torta frita m\u00e1s grande del mundo\u201d, ser\u00e1n dos jornadas colmadas de identidad, tradici\u00f3n y propuestas para toda la familia<\/p><\/blockquote>\n<p>Las cooperadoras de escuelas, instituciones locales y emprendedores montar\u00e1n sus puestos para producir y vender tortas fritas elaboradas en el momento, acompa\u00f1adas de espect\u00e1culos folkl\u00f3ricos y una galer\u00eda de artesanos.<\/p>\n<p>Bajo el lema \u201c25 a\u00f1os haciendo la torta frita m\u00e1s grande del mundo\u201d, la fiesta promete dos jornadas colmadas de identidad, tradici\u00f3n y propuestas para toda la familia. La primera edici\u00f3n se realiz\u00f3 en 1999, y desde 2002 cuenta con la declaraci\u00f3n de inter\u00e9s municipal.<\/p>\n<p>Adem\u00e1s de este evento, Mercedes ofrece una variedad de atractivos tur\u00edsticos, como el centro hist\u00f3rico, la Plaza San Mart\u00edn, la Catedral Bas\u00edlica, pulper\u00edas, el Observatorio Astron\u00f3mico y paseos por el Parque Municipal. Tambi\u00e9n se puede visitar Tom\u00e1s Jofr\u00e9, uno de los pueblos gastron\u00f3micos m\u00e1s reconocidos de la zona.<\/p>\n<p><strong>\u00a1Atenci\u00f3n amantes de la torta frita!<\/strong><\/p>\n<p>Ya est\u00e1n a la venta las entradas para la 25\u00aa Fiesta de la Torta Frita en Mercedes &#x1f973;&#x2728;<\/p>\n<p>Compr\u00e1 tus anticipadas online hasta el 30 de abril y aprovech\u00e1 el precio promocional sobre la entrada general &#x1f39f;&#xfe0f;&#x1f4b8;<\/p>\n<p>Viv\u00ed un d\u00eda inolvidable con sabor, tradici\u00f3n, m\u00fasica y alegr\u00eda &#x1fad3;&#x1f3b6;<\/p>\n<p>\u00a1No te lo pod\u00e9s perder!<\/p>\n<p>Compr\u00e1 tus entradas ac\u00e1:<\/p>\n<p><a href=\"https:\/\/mercedes.boleteriadigital.com.ar\">https:\/\/mercedes.boleteriadigital.com.ar<\/a><\/p>\n<p>\u00a1Ven\u00ed a celebrar con nosotros!<\/p>\n<p>#Viv\u00edMercedes &#x1f343;<\/p>\n","protected":false},"excerpt":{"rendered":"<p>\u25a0 Ya se anuncia que el evento se realizar\u00e1 el s\u00e1bado 10 y domingo 11 de mayo en el Parque Municipal Independencia, con entrada libre y gratuita.<\/p>\n","protected":false},"author":16,"featured_media":15379,"comment_status":"closed","ping_status":"closed","sticky":false,"template":"","format":"standard","meta":{"footnotes":""},"categories":[3],"tags":[3895,738,33],"class_list":["post-157095","post","type-post","status-publish","format-standard","has-post-thumbnail","hentry","category-sociedad","tag-fiesta-de-la-torta-frita","tag-parque-municipal","tag-turismo"],"yoast_head":"<!-- This site is optimized with the Yoast SEO plugin v27.4 - https:\/\/yoast.com\/product\/yoast-seo-wordpress\/ -->\n<title>Mercedes celebrar\u00e1 las Bodas de Plata de la Fiesta Nacional de la Torta Frita<\/title>\n<meta name=\"description\" content=\"\u25a0 Ya se anuncia que el evento se realizar\u00e1 el s\u00e1bado 10 y domingo 11 de mayo en el Parque Municipal Independencia, con entrada libre y gratuita.\" \/>\n<meta name=\"robots\" content=\"index, follow, max-snippet:-1, max-image-preview:large, max-video-preview:-1\" \/>\n<link rel=\"canonical\" href=\"https:\/\/noticiasmercedinas.com\/site\/2025\/04\/11\/mercedes-celebrara-las-bodas-de-plata-de-la-fiesta-nacional-de-la-torta-frita\/\" \/>\n<meta property=\"og:locale\" content=\"es_ES\" \/>\n<meta property=\"og:type\" content=\"article\" \/>\n<meta property=\"og:title\" content=\"Mercedes celebrar\u00e1 las Bodas de Plata de la Fiesta Nacional de la Torta Frita\" \/>\n<meta property=\"og:description\" content=\"\u25a0 Ya se anuncia que el evento se realizar\u00e1 el s\u00e1bado 10 y domingo 11 de mayo en el Parque Municipal Independencia, con entrada libre y gratuita.\" \/>\n<meta property=\"og:url\" content=\"https:\/\/noticiasmercedinas.com\/site\/2025\/04\/11\/mercedes-celebrara-las-bodas-de-plata-de-la-fiesta-nacional-de-la-torta-frita\/\" \/>\n<meta property=\"og:site_name\" content=\"NOTICIASMERCEDINAS.COM\" \/>\n<meta property=\"article:publisher\" content=\"https:\/\/www.facebook.com\/noticiasmercedinas\/\" \/>\n<meta property=\"article:published_time\" content=\"2025-04-11T21:36:58+00:00\" \/>\n<meta property=\"article:modified_time\" content=\"2025-04-11T23:34:47+00:00\" \/>\n<meta property=\"og:image\" content=\"https:\/\/noticiasmercedinas.com\/site\/wp-content\/uploads\/2019\/03\/TortaFrita.3.jpg\" \/>\n\t<meta property=\"og:image:width\" content=\"864\" \/>\n\t<meta property=\"og:image:height\" content=\"576\" \/>\n\t<meta property=\"og:image:type\" content=\"image\/jpeg\" \/>\n<meta name=\"author\" content=\"NOTICIASMERCEDINAS.COM\" \/>\n<meta name=\"twitter:card\" content=\"summary_large_image\" \/>\n<meta name=\"twitter:creator\" content=\"@notmercedinas\" \/>\n<meta name=\"twitter:site\" content=\"@notmercedinas\" \/>\n<meta name=\"twitter:label1\" content=\"Escrito por\" \/>\n\t<meta name=\"twitter:data1\" content=\"NOTICIASMERCEDINAS.COM\" \/>\n\t<meta name=\"twitter:label2\" content=\"Tiempo de lectura\" \/>\n\t<meta name=\"twitter:data2\" content=\"2 minutos\" \/>\n<script type=\"application\/ld+json\" class=\"yoast-schema-graph\">{\"@context\":\"https:\\\/\\\/schema.org\",\"@graph\":[{\"@type\":\"Article\",\"@id\":\"https:\\\/\\\/noticiasmercedinas.com\\\/site\\\/2025\\\/04\\\/11\\\/mercedes-celebrara-las-bodas-de-plata-de-la-fiesta-nacional-de-la-torta-frita\\\/#article\",\"isPartOf\":{\"@id\":\"https:\\\/\\\/noticiasmercedinas.com\\\/site\\\/2025\\\/04\\\/11\\\/mercedes-celebrara-las-bodas-de-plata-de-la-fiesta-nacional-de-la-torta-frita\\\/\"},\"author\":{\"name\":\"NOTICIASMERCEDINAS.COM\",\"@id\":\"https:\\\/\\\/noticiasmercedinas.com\\\/site\\\/#\\\/schema\\\/person\\\/84b59c099c28ff2e8b77d4ceec5d8063\"},\"headline\":\"Mercedes celebrar\u00e1 las Bodas de Plata de la Fiesta Nacional de la Torta Frita\",\"datePublished\":\"2025-04-11T21:36:58+00:00\",\"dateModified\":\"2025-04-11T23:34:47+00:00\",\"mainEntityOfPage\":{\"@id\":\"https:\\\/\\\/noticiasmercedinas.com\\\/site\\\/2025\\\/04\\\/11\\\/mercedes-celebrara-las-bodas-de-plata-de-la-fiesta-nacional-de-la-torta-frita\\\/\"},\"wordCount\":363,\"publisher\":{\"@id\":\"https:\\\/\\\/noticiasmercedinas.com\\\/site\\\/#organization\"},\"image\":{\"@id\":\"https:\\\/\\\/noticiasmercedinas.com\\\/site\\\/2025\\\/04\\\/11\\\/mercedes-celebrara-las-bodas-de-plata-de-la-fiesta-nacional-de-la-torta-frita\\\/#primaryimage\"},\"thumbnailUrl\":\"https:\\\/\\\/noticiasmercedinas.com\\\/site\\\/wp-content\\\/uploads\\\/2019\\\/03\\\/TortaFrita.3.jpg\",\"keywords\":[\"fiesta de la torta frita\",\"parque municipal\",\"turismo\"],\"articleSection\":[\"Sociedad\"],\"inLanguage\":\"es\"},{\"@type\":\"WebPage\",\"@id\":\"https:\\\/\\\/noticiasmercedinas.com\\\/site\\\/2025\\\/04\\\/11\\\/mercedes-celebrara-las-bodas-de-plata-de-la-fiesta-nacional-de-la-torta-frita\\\/\",\"url\":\"https:\\\/\\\/noticiasmercedinas.com\\\/site\\\/2025\\\/04\\\/11\\\/mercedes-celebrara-las-bodas-de-plata-de-la-fiesta-nacional-de-la-torta-frita\\\/\",\"name\":\"Mercedes celebrar\u00e1 las Bodas de Plata de la Fiesta Nacional de la Torta Frita\",\"isPartOf\":{\"@id\":\"https:\\\/\\\/noticiasmercedinas.com\\\/site\\\/#website\"},\"primaryImageOfPage\":{\"@id\":\"https:\\\/\\\/noticiasmercedinas.com\\\/site\\\/2025\\\/04\\\/11\\\/mercedes-celebrara-las-bodas-de-plata-de-la-fiesta-nacional-de-la-torta-frita\\\/#primaryimage\"},\"image\":{\"@id\":\"https:\\\/\\\/noticiasmercedinas.com\\\/site\\\/2025\\\/04\\\/11\\\/mercedes-celebrara-las-bodas-de-plata-de-la-fiesta-nacional-de-la-torta-frita\\\/#primaryimage\"},\"thumbnailUrl\":\"https:\\\/\\\/noticiasmercedinas.com\\\/site\\\/wp-content\\\/uploads\\\/2019\\\/03\\\/TortaFrita.3.jpg\",\"datePublished\":\"2025-04-11T21:36:58+00:00\",\"dateModified\":\"2025-04-11T23:34:47+00:00\",\"description\":\"\u25a0 Ya se anuncia que el evento se realizar\u00e1 el s\u00e1bado 10 y domingo 11 de mayo en el Parque Municipal Independencia, con entrada libre y gratuita.\",\"breadcrumb\":{\"@id\":\"https:\\\/\\\/noticiasmercedinas.com\\\/site\\\/2025\\\/04\\\/11\\\/mercedes-celebrara-las-bodas-de-plata-de-la-fiesta-nacional-de-la-torta-frita\\\/#breadcrumb\"},\"inLanguage\":\"es\",\"potentialAction\":[{\"@type\":\"ReadAction\",\"target\":[\"https:\\\/\\\/noticiasmercedinas.com\\\/site\\\/2025\\\/04\\\/11\\\/mercedes-celebrara-las-bodas-de-plata-de-la-fiesta-nacional-de-la-torta-frita\\\/\"]}]},{\"@type\":\"ImageObject\",\"inLanguage\":\"es\",\"@id\":\"https:\\\/\\\/noticiasmercedinas.com\\\/site\\\/2025\\\/04\\\/11\\\/mercedes-celebrara-las-bodas-de-plata-de-la-fiesta-nacional-de-la-torta-frita\\\/#primaryimage\",\"url\":\"https:\\\/\\\/noticiasmercedinas.com\\\/site\\\/wp-content\\\/uploads\\\/2019\\\/03\\\/TortaFrita.3.jpg\",\"contentUrl\":\"https:\\\/\\\/noticiasmercedinas.com\\\/site\\\/wp-content\\\/uploads\\\/2019\\\/03\\\/TortaFrita.3.jpg\",\"width\":864,\"height\":576},{\"@type\":\"BreadcrumbList\",\"@id\":\"https:\\\/\\\/noticiasmercedinas.com\\\/site\\\/2025\\\/04\\\/11\\\/mercedes-celebrara-las-bodas-de-plata-de-la-fiesta-nacional-de-la-torta-frita\\\/#breadcrumb\",\"itemListElement\":[{\"@type\":\"ListItem\",\"position\":1,\"name\":\"Portada\",\"item\":\"https:\\\/\\\/noticiasmercedinas.com\\\/site\\\/\"},{\"@type\":\"ListItem\",\"position\":2,\"name\":\"Mercedes celebrar\u00e1 las Bodas de Plata de la Fiesta Nacional de la Torta Frita\"}]},{\"@type\":\"WebSite\",\"@id\":\"https:\\\/\\\/noticiasmercedinas.com\\\/site\\\/#website\",\"url\":\"https:\\\/\\\/noticiasmercedinas.com\\\/site\\\/\",\"name\":\"NOTICIASMERCEDINAS.COM\",\"description\":\"Mercedes, Buenos Aires, Argentina\",\"publisher\":{\"@id\":\"https:\\\/\\\/noticiasmercedinas.com\\\/site\\\/#organization\"},\"potentialAction\":[{\"@type\":\"SearchAction\",\"target\":{\"@type\":\"EntryPoint\",\"urlTemplate\":\"https:\\\/\\\/noticiasmercedinas.com\\\/site\\\/?s={search_term_string}\"},\"query-input\":{\"@type\":\"PropertyValueSpecification\",\"valueRequired\":true,\"valueName\":\"search_term_string\"}}],\"inLanguage\":\"es\"},{\"@type\":\"Organization\",\"@id\":\"https:\\\/\\\/noticiasmercedinas.com\\\/site\\\/#organization\",\"name\":\"NOTICIASMERCEDINAS.COM\",\"url\":\"https:\\\/\\\/noticiasmercedinas.com\\\/site\\\/\",\"logo\":{\"@type\":\"ImageObject\",\"inLanguage\":\"es\",\"@id\":\"https:\\\/\\\/noticiasmercedinas.com\\\/site\\\/#\\\/schema\\\/logo\\\/image\\\/\",\"url\":\"https:\\\/\\\/noticiasmercedinas.com\\\/site\\\/wp-content\\\/uploads\\\/2020\\\/06\\\/LOGO-512.jpg\",\"contentUrl\":\"https:\\\/\\\/noticiasmercedinas.com\\\/site\\\/wp-content\\\/uploads\\\/2020\\\/06\\\/LOGO-512.jpg\",\"width\":512,\"height\":512,\"caption\":\"NOTICIASMERCEDINAS.COM\"},\"image\":{\"@id\":\"https:\\\/\\\/noticiasmercedinas.com\\\/site\\\/#\\\/schema\\\/logo\\\/image\\\/\"},\"sameAs\":[\"https:\\\/\\\/www.facebook.com\\\/noticiasmercedinas\\\/\",\"https:\\\/\\\/x.com\\\/notmercedinas\",\"https:\\\/\\\/www.instagram.com\\\/noticiasmercedinas\\\/\"]},{\"@type\":\"Person\",\"@id\":\"https:\\\/\\\/noticiasmercedinas.com\\\/site\\\/#\\\/schema\\\/person\\\/84b59c099c28ff2e8b77d4ceec5d8063\",\"name\":\"NOTICIASMERCEDINAS.COM\",\"image\":{\"@type\":\"ImageObject\",\"inLanguage\":\"es\",\"@id\":\"https:\\\/\\\/secure.gravatar.com\\\/avatar\\\/4dfbf16b4d17945bfb6341b2d19043457132fcf478a5ee04f42e959fd8f5df0a?s=96&d=mm&r=g\",\"url\":\"https:\\\/\\\/secure.gravatar.com\\\/avatar\\\/4dfbf16b4d17945bfb6341b2d19043457132fcf478a5ee04f42e959fd8f5df0a?s=96&d=mm&r=g\",\"contentUrl\":\"https:\\\/\\\/secure.gravatar.com\\\/avatar\\\/4dfbf16b4d17945bfb6341b2d19043457132fcf478a5ee04f42e959fd8f5df0a?s=96&d=mm&r=g\",\"caption\":\"NOTICIASMERCEDINAS.COM\"},\"url\":\"https:\\\/\\\/noticiasmercedinas.com\\\/site\\\/author\\\/anonimo\\\/\"}]}<\/script>\n<!-- \/ Yoast SEO plugin. -->","yoast_head_json":{"title":"Mercedes celebrar\u00e1 las Bodas de Plata de la Fiesta Nacional de la Torta Frita","description":"\u25a0 Ya se anuncia que el evento se realizar\u00e1 el s\u00e1bado 10 y domingo 11 de mayo en el Parque Municipal Independencia, con entrada libre y gratuita.","robots":{"index":"index","follow":"follow","max-snippet":"max-snippet:-1","max-image-preview":"max-image-preview:large","max-video-preview":"max-video-preview:-1"},"canonical":"https:\/\/noticiasmercedinas.com\/site\/2025\/04\/11\/mercedes-celebrara-las-bodas-de-plata-de-la-fiesta-nacional-de-la-torta-frita\/","og_locale":"es_ES","og_type":"article","og_title":"Mercedes celebrar\u00e1 las Bodas de Plata de la Fiesta Nacional de la Torta Frita","og_description":"\u25a0 Ya se anuncia que el evento se realizar\u00e1 el s\u00e1bado 10 y domingo 11 de mayo en el Parque Municipal Independencia, con entrada libre y gratuita.","og_url":"https:\/\/noticiasmercedinas.com\/site\/2025\/04\/11\/mercedes-celebrara-las-bodas-de-plata-de-la-fiesta-nacional-de-la-torta-frita\/","og_site_name":"NOTICIASMERCEDINAS.COM","article_publisher":"https:\/\/www.facebook.com\/noticiasmercedinas\/","article_published_time":"2025-04-11T21:36:58+00:00","article_modified_time":"2025-04-11T23:34:47+00:00","og_image":[{"width":864,"height":576,"url":"https:\/\/noticiasmercedinas.com\/site\/wp-content\/uploads\/2019\/03\/TortaFrita.3.jpg","type":"image\/jpeg"}],"author":"NOTICIASMERCEDINAS.COM","twitter_card":"summary_large_image","twitter_creator":"@notmercedinas","twitter_site":"@notmercedinas","twitter_misc":{"Escrito por":"NOTICIASMERCEDINAS.COM","Tiempo de lectura":"2 minutos"},"schema":{"@context":"https:\/\/schema.org","@graph":[{"@type":"Article","@id":"https:\/\/noticiasmercedinas.com\/site\/2025\/04\/11\/mercedes-celebrara-las-bodas-de-plata-de-la-fiesta-nacional-de-la-torta-frita\/#article","isPartOf":{"@id":"https:\/\/noticiasmercedinas.com\/site\/2025\/04\/11\/mercedes-celebrara-las-bodas-de-plata-de-la-fiesta-nacional-de-la-torta-frita\/"},"author":{"name":"NOTICIASMERCEDINAS.COM","@id":"https:\/\/noticiasmercedinas.com\/site\/#\/schema\/person\/84b59c099c28ff2e8b77d4ceec5d8063"},"headline":"Mercedes celebrar\u00e1 las Bodas de Plata de la Fiesta Nacional de la Torta Frita","datePublished":"2025-04-11T21:36:58+00:00","dateModified":"2025-04-11T23:34:47+00:00","mainEntityOfPage":{"@id":"https:\/\/noticiasmercedinas.com\/site\/2025\/04\/11\/mercedes-celebrara-las-bodas-de-plata-de-la-fiesta-nacional-de-la-torta-frita\/"},"wordCount":363,"publisher":{"@id":"https:\/\/noticiasmercedinas.com\/site\/#organization"},"image":{"@id":"https:\/\/noticiasmercedinas.com\/site\/2025\/04\/11\/mercedes-celebrara-las-bodas-de-plata-de-la-fiesta-nacional-de-la-torta-frita\/#primaryimage"},"thumbnailUrl":"https:\/\/noticiasmercedinas.com\/site\/wp-content\/uploads\/2019\/03\/TortaFrita.3.jpg","keywords":["fiesta de la torta frita","parque municipal","turismo"],"articleSection":["Sociedad"],"inLanguage":"es"},{"@type":"WebPage","@id":"https:\/\/noticiasmercedinas.com\/site\/2025\/04\/11\/mercedes-celebrara-las-bodas-de-plata-de-la-fiesta-nacional-de-la-torta-frita\/","url":"https:\/\/noticiasmercedinas.com\/site\/2025\/04\/11\/mercedes-celebrara-las-bodas-de-plata-de-la-fiesta-nacional-de-la-torta-frita\/","name":"Mercedes celebrar\u00e1 las Bodas de Plata de la Fiesta Nacional de la Torta Frita","isPartOf":{"@id":"https:\/\/noticiasmercedinas.com\/site\/#website"},"primaryImageOfPage":{"@id":"https:\/\/noticiasmercedinas.com\/site\/2025\/04\/11\/mercedes-celebrara-las-bodas-de-plata-de-la-fiesta-nacional-de-la-torta-frita\/#primaryimage"},"image":{"@id":"https:\/\/noticiasmercedinas.com\/site\/2025\/04\/11\/mercedes-celebrara-las-bodas-de-plata-de-la-fiesta-nacional-de-la-torta-frita\/#primaryimage"},"thumbnailUrl":"https:\/\/noticiasmercedinas.com\/site\/wp-content\/uploads\/2019\/03\/TortaFrita.3.jpg","datePublished":"2025-04-11T21:36:58+00:00","dateModified":"2025-04-11T23:34:47+00:00","description":"\u25a0 Ya se anuncia que el evento se realizar\u00e1 el s\u00e1bado 10 y domingo 11 de mayo en el Parque Municipal Independencia, con entrada libre y gratuita.","breadcrumb":{"@id":"https:\/\/noticiasmercedinas.com\/site\/2025\/04\/11\/mercedes-celebrara-las-bodas-de-plata-de-la-fiesta-nacional-de-la-torta-frita\/#breadcrumb"},"inLanguage":"es","potentialAction":[{"@type":"ReadAction","target":["https:\/\/noticiasmercedinas.com\/site\/2025\/04\/11\/mercedes-celebrara-las-bodas-de-plata-de-la-fiesta-nacional-de-la-torta-frita\/"]}]},{"@type":"ImageObject","inLanguage":"es","@id":"https:\/\/noticiasmercedinas.com\/site\/2025\/04\/11\/mercedes-celebrara-las-bodas-de-plata-de-la-fiesta-nacional-de-la-torta-frita\/#primaryimage","url":"https:\/\/noticiasmercedinas.com\/site\/wp-content\/uploads\/2019\/03\/TortaFrita.3.jpg","contentUrl":"https:\/\/noticiasmercedinas.com\/site\/wp-content\/uploads\/2019\/03\/TortaFrita.3.jpg","width":864,"height":576},{"@type":"BreadcrumbList","@id":"https:\/\/noticiasmercedinas.com\/site\/2025\/04\/11\/mercedes-celebrara-las-bodas-de-plata-de-la-fiesta-nacional-de-la-torta-frita\/#breadcrumb","itemListElement":[{"@type":"ListItem","position":1,"name":"Portada","item":"https:\/\/noticiasmercedinas.com\/site\/"},{"@type":"ListItem","position":2,"name":"Mercedes celebrar\u00e1 las Bodas de Plata de la Fiesta Nacional de la Torta Frita"}]},{"@type":"WebSite","@id":"https:\/\/noticiasmercedinas.com\/site\/#website","url":"https:\/\/noticiasmercedinas.com\/site\/","name":"NOTICIASMERCEDINAS.COM","description":"Mercedes, Buenos Aires, Argentina","publisher":{"@id":"https:\/\/noticiasmercedinas.com\/site\/#organization"},"potentialAction":[{"@type":"SearchAction","target":{"@type":"EntryPoint","urlTemplate":"https:\/\/noticiasmercedinas.com\/site\/?s={search_term_string}"},"query-input":{"@type":"PropertyValueSpecification","valueRequired":true,"valueName":"search_term_string"}}],"inLanguage":"es"},{"@type":"Organization","@id":"https:\/\/noticiasmercedinas.com\/site\/#organization","name":"NOTICIASMERCEDINAS.COM","url":"https:\/\/noticiasmercedinas.com\/site\/","logo":{"@type":"ImageObject","inLanguage":"es","@id":"https:\/\/noticiasmercedinas.com\/site\/#\/schema\/logo\/image\/","url":"https:\/\/noticiasmercedinas.com\/site\/wp-content\/uploads\/2020\/06\/LOGO-512.jpg","contentUrl":"https:\/\/noticiasmercedinas.com\/site\/wp-content\/uploads\/2020\/06\/LOGO-512.jpg","width":512,"height":512,"caption":"NOTICIASMERCEDINAS.COM"},"image":{"@id":"https:\/\/noticiasmercedinas.com\/site\/#\/schema\/logo\/image\/"},"sameAs":["https:\/\/www.facebook.com\/noticiasmercedinas\/","https:\/\/x.com\/notmercedinas","https:\/\/www.instagram.com\/noticiasmercedinas\/"]},{"@type":"Person","@id":"https:\/\/noticiasmercedinas.com\/site\/#\/schema\/person\/84b59c099c28ff2e8b77d4ceec5d8063","name":"NOTICIASMERCEDINAS.COM","image":{"@type":"ImageObject","inLanguage":"es","@id":"https:\/\/secure.gravatar.com\/avatar\/4dfbf16b4d17945bfb6341b2d19043457132fcf478a5ee04f42e959fd8f5df0a?s=96&d=mm&r=g","url":"https:\/\/secure.gravatar.com\/avatar\/4dfbf16b4d17945bfb6341b2d19043457132fcf478a5ee04f42e959fd8f5df0a?s=96&d=mm&r=g","contentUrl":"https:\/\/secure.gravatar.com\/avatar\/4dfbf16b4d17945bfb6341b2d19043457132fcf478a5ee04f42e959fd8f5df0a?s=96&d=mm&r=g","caption":"NOTICIASMERCEDINAS.COM"},"url":"https:\/\/noticiasmercedinas.com\/site\/author\/anonimo\/"}]}},"amp_enabled":true,"_links":{"self":[{"href":"https:\/\/noticiasmercedinas.com\/site\/wp-json\/wp\/v2\/posts\/157095","targetHints":{"allow":["GET"]}}],"collection":[{"href":"https:\/\/noticiasmercedinas.com\/site\/wp-json\/wp\/v2\/posts"}],"about":[{"href":"https:\/\/noticiasmercedinas.com\/site\/wp-json\/wp\/v2\/types\/post"}],"author":[{"embeddable":true,"href":"https:\/\/noticiasmercedinas.com\/site\/wp-json\/wp\/v2\/users\/16"}],"replies":[{"embeddable":true,"href":"https:\/\/noticiasmercedinas.com\/site\/wp-json\/wp\/v2\/comments?post=157095"}],"version-history":[{"count":3,"href":"https:\/\/noticiasmercedinas.com\/site\/wp-json\/wp\/v2\/posts\/157095\/revisions"}],"predecessor-version":[{"id":157102,"href":"https:\/\/noticiasmercedinas.com\/site\/wp-json\/wp\/v2\/posts\/157095\/revisions\/157102"}],"wp:featuredmedia":[{"embeddable":true,"href":"https:\/\/noticiasmercedinas.com\/site\/wp-json\/wp\/v2\/media\/15379"}],"wp:attachment":[{"href":"https:\/\/noticiasmercedinas.com\/site\/wp-json\/wp\/v2\/media?parent=157095"}],"wp:term":[{"taxonomy":"category","embeddable":true,"href":"https:\/\/noticiasmercedinas.com\/site\/wp-json\/wp\/v2\/categories?post=157095"},{"taxonomy":"post_tag","embeddable":true,"href":"https:\/\/noticiasmercedinas.com\/site\/wp-json\/wp\/v2\/tags?post=157095"}],"curies":[{"name":"wp","href":"https:\/\/api.w.org\/{rel}","templated":true}]}}