{"id":15727,"date":"2019-04-05T09:33:37","date_gmt":"2019-04-05T12:33:37","guid":{"rendered":"https:\/\/noticiasmercedinas.com\/site\/?p=15727"},"modified":"2019-04-05T09:36:23","modified_gmt":"2019-04-05T12:36:23","slug":"este-lunes-sesion-ordinaria-con-23-proyectos-en-el-legislativo","status":"publish","type":"post","link":"https:\/\/noticiasmercedinas.com\/site\/2019\/04\/05\/este-lunes-sesion-ordinaria-con-23-proyectos-en-el-legislativo\/","title":{"rendered":"Este lunes, sesi\u00f3n ordinaria con 23 proyectos en el Legislativo"},"content":{"rendered":"<p><img loading=\"lazy\" decoding=\"async\" class=\"alignnone size-large wp-image-8042\" src=\"https:\/\/noticiasmercedinas.com\/site\/wp-content\/uploads\/2018\/11\/IMG_20181130_112202-1024x576.jpg\" alt=\"\" width=\"640\" height=\"360\" srcset=\"https:\/\/noticiasmercedinas.com\/site\/wp-content\/uploads\/2018\/11\/IMG_20181130_112202-1024x576.jpg 1024w, https:\/\/noticiasmercedinas.com\/site\/wp-content\/uploads\/2018\/11\/IMG_20181130_112202-300x169.jpg 300w, https:\/\/noticiasmercedinas.com\/site\/wp-content\/uploads\/2018\/11\/IMG_20181130_112202-768x432.jpg 768w, https:\/\/noticiasmercedinas.com\/site\/wp-content\/uploads\/2018\/11\/IMG_20181130_112202-640x360.jpg 640w, https:\/\/noticiasmercedinas.com\/site\/wp-content\/uploads\/2018\/11\/IMG_20181130_112202-1280x720.jpg 1280w, https:\/\/noticiasmercedinas.com\/site\/wp-content\/uploads\/2018\/11\/IMG_20181130_112202-681x383.jpg 681w, https:\/\/noticiasmercedinas.com\/site\/wp-content\/uploads\/2018\/11\/IMG_20181130_112202-1362x766.jpg 1362w\" sizes=\"auto, (max-width: 640px) 100vw, 640px\" \/><\/p>\n<p>Con 23 proyectos presentados, se viene una nueva sesi\u00f3n ordinaria en el Concejo que ha sido convocada para el d\u00eda lunes 8 de abril a las 19:00 horas.<\/p>\n<p>En el N\u00b078\/19-HCD, del Departamento Ejecutivo se eleva la Rendici\u00f3n de Cuentas a\u00f1o 2018 y hay varias contestaciones del Departamento Ejecutivo en referencia a trabajos varios en juegos de plazas; la reparaci\u00f3n pavimento en calle 31 entre 28 y 30; el informe sobre cierre de comercios en la ciudad, y otros.<\/p>\n<p>Del trabajo de las clomisiones surge que hay despachos de aprobaci\u00f3n un\u00e1nime tales como el expediente N\u00b071\/2019-HCD, por el que la Mesa Sindical pide informes sobre cierre del Centro Cardiovascular; y el Proyecto de Ordenanza (DE), para la Planta de Regulaci\u00f3n y Medici\u00f3n de Gas.<\/p>\n<p><strong>Proyectos presentados<br \/>\n<\/strong>Los proyectos presentados son 23, a saber:<\/p>\n<p>1.-Exp. N\u00b075\/2019-HCD: Proy. de Ordenanza (FC), Reservado para discapacidad en calle 21 N\u00ba 1092.- \u2013 (Tr\u00e1nsito) fs. 71<\/p>\n<p>2.-Exp. N\u00b077\/2019-HCD: Proy. de Resoluci\u00f3n (FMPV-PJ), sobre prejuicios beneficiarios por Cr\u00e9dito \u201cUVA\u201d.- \u2013 (Legislaci\u00f3n) fs. 72<\/p>\n<p>3.-Exp. N\u00b079\/2019-HCD: Proy. de Ordenanza (FMPV-PJ), Creaci\u00f3n Programa\u00a0 Fortalecimiento de Centros y Espacios Culturales Independientes .-\u00a0 (Legislaci\u00f3n) fs. 75<\/p>\n<p>4.-Exp. N\u00b080\/2019-HCD: Proy. de Comunicaci\u00f3n (PJ-Mercedes), Trabajos varios en calle 108 de 1 a 107; 107 de 108 a 104 .- \u2013 (Obras P\u00fablicas) fs. 79<\/p>\n<p>5.-Exp. N\u00b081\/2019-HCD: Proy. de Resoluci\u00f3n (PJ-Mercedes), Informe sobre vuelo de Helic\u00f3ptero del ej\u00e9rcito en Avenida 29 y 50 .- \u2013 (Legislaci\u00f3n) fs.80<\/p>\n<p>6.-Exp. N\u00b082\/2019-HCD: Proy. de Resoluci\u00f3n (PJ&#8211;Mercedes), pronta respuesta a Exp. N\u00ba 168\/16.- \u2013 (Legislaci\u00f3n) fs.81<\/p>\n<p>7.-Exp. N\u00b083\/2019-HCD: Proy. de Ordenanza (FC), Programa Provincial de Fomento de Centros Comerciales a cielo abierto.- \u2013 (Legislaci\u00f3n) fs.82<\/p>\n<p>8.-Exp. N\u00b084\/2019-HCD: Proy. de Decreto (FC), repudio a las agresiones sufridas por el Concejal Lucas C\u00f3rdoba de La Matanza.- \u2013 (Legislaci\u00f3n) fs. 86<\/p>\n<p>9.-Exp. N\u00b085\/2019-HCD: Proy. de Resoluci\u00f3n (FC), Iluminaci\u00f3n del Puente de Cruce Peatonal de Ruta Nacional 5.-\u00a0 (Obras Publicas) fs. 87<\/p>\n<p>10.-Exp. N\u00b086\/2019-HCD: Proy. de Resoluci\u00f3n (FC), erradicaci\u00f3n de basurales clandestino en los Puentes del Arroyo Balta.- \u2013 (Obras Publicas) fs.88<\/p>\n<p>11.-Exp. N\u00b087\/2019-HCD: Proy. de Resoluci\u00f3n (FC), acumulaci\u00f3n de residuos en calle 31 entre 38 y 40.-\u00a0 (Obras P\u00fablicas) fs.89<\/p>\n<p>12.-Exp. N\u00b088\/2019-HCD: Proy. de Resoluci\u00f3n (FC), Informes varios sobre fiesta de la Cerveza realizada en Octubre de 2018.- \u2013 (Legislaci\u00f3n) fs.90<\/p>\n<p>13.-Exp. N\u00b089\/2019-HCD: Proy. de Comunicaci\u00f3n (FC), Publicaci\u00f3n horarios de servicios m\u00e9dicos que ofrece el municipio.- \u2013 (Salud) fs. 91<\/p>\n<p>14.-Exp. N\u00b090\/2019-HCD: Proy. de\u00a0 Comunicaci\u00f3n (FC), relevamiento del Alumbrado P\u00fablico en Barrio San Martin; Lopardo, Mutti y Cuartel VI.- \u2013 (Obras P\u00fablicas) fs.92<\/p>\n<p>15.-Exp. N\u00b091\/2019-HCD: Proy. de\u00a0 Comunicaci\u00f3n (PJFR), reparaci\u00f3n p\u00e9rdida de agua en calle 13 entre 32 y 34.- \u2013 (Obras P\u00fablicas) fs. 93<\/p>\n<p>16.-Exp. N\u00b092\/2019-HCD: Proy. de\u00a0 Comunicaci\u00f3n (PJFR), trabajos en pavimento de Avenida 1 con calle 22 bis.- \u2013 (Obras P\u00fablicas) fs. 94<\/p>\n<p>17.-Exp. N\u00b093\/2019-HCD: Proy. de\u00a0 Resoluci\u00f3n (PJFR), sobre preocupaci\u00f3n cr\u00e9ditos Hipotecarios.- \u2013 (Legislaci\u00f3n) fs. 95<\/p>\n<p>18.-Exp. N\u00b0288\/2015-DE: Proy. de\u00a0 Ordenanza (DE), foco en Altamira Cuartel 12 \u2013 quinta Sucesi\u00f3n P\u00e9rez Isaac Irineo .- \u2013 (Obras P\u00fablicas) fs.97<\/p>\n<p>19.-Exp. N\u00b02055\/2015-DE: Proy. de\u00a0 Ordenanza (DE), foco en\u00a0\u00a0\u00a0 calle 504 entre 511 y 513 .- \u2013 (Obras P\u00fablicas) fs. 98<\/p>\n<p>20.-Exp. N\u00b04757\/2017-DE: Proy. de\u00a0 Ordenanza (DE), reductores de velocidad en calle 4 Escuela 25 y Jard\u00edn de Infantes 913 .- \u2013 (Transito ) fs. 99<\/p>\n<p>21.-Exp. N\u00b01033\/2019-DE: Proy. de\u00a0 Ordenanza (DE), convenio con el Aero Club Mercedes.- \u2013 (Legislaci\u00f3n) fs.101<\/p>\n<p>22.-Exp. N\u00b01517\/2019-DE: Proy. de\u00a0 Ordenanza (DE), reductores de velocidad en calle\u00a0\u00a0 14 entre 3 y 1\u00a0 y otros .- \u2013 (Tr\u00e1nsito) fs.105<\/p>\n<p>23.- Exp. N\u00b01743\/2019-DE: Proy. de\u00a0 Ordenanza (DE), Compra predio para club Holanda.- \u2013 (Planeamiento y Legislaci\u00f3n) fs.-108<\/p>\n","protected":false},"excerpt":{"rendered":"<p>Con 23 proyectos presentados, se viene una nueva sesi\u00f3n ordinaria en el Concejo que ha sido convocada para el d\u00eda lunes 8 de abril a las 19:00 horas. En el N\u00b078\/19-HCD, del Departamento Ejecutivo se eleva la Rendici\u00f3n de Cuentas a\u00f1o 2018 y hay varias contestaciones del Departamento Ejecutivo en referencia a trabajos varios en [&hellip;]<\/p>\n","protected":false},"author":2,"featured_media":8042,"comment_status":"open","ping_status":"open","sticky":false,"template":"","format":"standard","meta":{"footnotes":""},"categories":[16],"tags":[4228,4230,4229],"class_list":["post-15727","post","type-post","status-publish","format-standard","has-post-thumbnail","hentry","category-politica","tag-concejo-delibarente","tag-orden-del-dia","tag-sesion"],"yoast_head":"<!-- This site is optimized with the Yoast SEO plugin v27.5 - https:\/\/yoast.com\/product\/yoast-seo-wordpress\/ -->\n<title>Este lunes, sesi\u00f3n ordinaria con 23 proyectos en el Legislativo<\/title>\n<meta name=\"robots\" content=\"index, follow, max-snippet:-1, max-image-preview:large, max-video-preview:-1\" \/>\n<link rel=\"canonical\" href=\"https:\/\/noticiasmercedinas.com\/site\/2019\/04\/05\/este-lunes-sesion-ordinaria-con-23-proyectos-en-el-legislativo\/\" \/>\n<meta property=\"og:locale\" content=\"es_ES\" \/>\n<meta property=\"og:type\" content=\"article\" \/>\n<meta property=\"og:title\" content=\"Este lunes, sesi\u00f3n ordinaria con 23 proyectos en el Legislativo\" \/>\n<meta property=\"og:description\" content=\"Con 23 proyectos presentados, se viene una nueva sesi\u00f3n ordinaria en el Concejo que ha sido convocada para el d\u00eda lunes 8 de abril a las 19:00 horas. En el N\u00b078\/19-HCD, del Departamento Ejecutivo se eleva la Rendici\u00f3n de Cuentas a\u00f1o 2018 y hay varias contestaciones del Departamento Ejecutivo en referencia a trabajos varios en [&hellip;]\" \/>\n<meta property=\"og:url\" content=\"https:\/\/noticiasmercedinas.com\/site\/2019\/04\/05\/este-lunes-sesion-ordinaria-con-23-proyectos-en-el-legislativo\/\" \/>\n<meta property=\"og:site_name\" content=\"NOTICIASMERCEDINAS.COM\" \/>\n<meta property=\"article:publisher\" content=\"https:\/\/www.facebook.com\/noticiasmercedinas\/\" \/>\n<meta property=\"article:author\" content=\"https:\/\/www.facebook.com\/cristian.falabella\" \/>\n<meta property=\"article:published_time\" content=\"2019-04-05T12:33:37+00:00\" \/>\n<meta property=\"article:modified_time\" content=\"2019-04-05T12:36:23+00:00\" \/>\n<meta property=\"og:image\" content=\"https:\/\/noticiasmercedinas.com\/site\/wp-content\/uploads\/2018\/11\/IMG_20181130_112202.jpg\" \/>\n\t<meta property=\"og:image:width\" content=\"2560\" \/>\n\t<meta property=\"og:image:height\" content=\"1440\" \/>\n\t<meta property=\"og:image:type\" content=\"image\/jpeg\" \/>\n<meta name=\"author\" content=\"Cristian Falabella NOTICIASMERCEDINAS.COM\" \/>\n<meta name=\"twitter:card\" content=\"summary_large_image\" \/>\n<meta name=\"twitter:creator\" content=\"@https:\/\/twitter.com\/NOTMERCEDINAS\" \/>\n<meta name=\"twitter:site\" content=\"@notmercedinas\" \/>\n<meta name=\"twitter:label1\" content=\"Escrito por\" \/>\n\t<meta name=\"twitter:data1\" content=\"Cristian Falabella NOTICIASMERCEDINAS.COM\" \/>\n\t<meta name=\"twitter:label2\" content=\"Tiempo de lectura\" \/>\n\t<meta name=\"twitter:data2\" content=\"3 minutos\" \/>\n<script type=\"application\/ld+json\" class=\"yoast-schema-graph\">{\"@context\":\"https:\\\/\\\/schema.org\",\"@graph\":[{\"@type\":\"Article\",\"@id\":\"https:\\\/\\\/noticiasmercedinas.com\\\/site\\\/2019\\\/04\\\/05\\\/este-lunes-sesion-ordinaria-con-23-proyectos-en-el-legislativo\\\/#article\",\"isPartOf\":{\"@id\":\"https:\\\/\\\/noticiasmercedinas.com\\\/site\\\/2019\\\/04\\\/05\\\/este-lunes-sesion-ordinaria-con-23-proyectos-en-el-legislativo\\\/\"},\"author\":{\"name\":\"Cristian Falabella NOTICIASMERCEDINAS.COM\",\"@id\":\"https:\\\/\\\/noticiasmercedinas.com\\\/site\\\/#\\\/schema\\\/person\\\/d481a9696a5feaec13a60e2bbd991a6a\"},\"headline\":\"Este lunes, sesi\u00f3n ordinaria con 23 proyectos en el Legislativo\",\"datePublished\":\"2019-04-05T12:33:37+00:00\",\"dateModified\":\"2019-04-05T12:36:23+00:00\",\"mainEntityOfPage\":{\"@id\":\"https:\\\/\\\/noticiasmercedinas.com\\\/site\\\/2019\\\/04\\\/05\\\/este-lunes-sesion-ordinaria-con-23-proyectos-en-el-legislativo\\\/\"},\"wordCount\":629,\"commentCount\":0,\"publisher\":{\"@id\":\"https:\\\/\\\/noticiasmercedinas.com\\\/site\\\/#organization\"},\"image\":{\"@id\":\"https:\\\/\\\/noticiasmercedinas.com\\\/site\\\/2019\\\/04\\\/05\\\/este-lunes-sesion-ordinaria-con-23-proyectos-en-el-legislativo\\\/#primaryimage\"},\"thumbnailUrl\":\"https:\\\/\\\/noticiasmercedinas.com\\\/site\\\/wp-content\\\/uploads\\\/2018\\\/11\\\/IMG_20181130_112202.jpg\",\"keywords\":[\"concejo delibarente\",\"orden del dia\",\"sesion\"],\"articleSection\":[\"Politica\"],\"inLanguage\":\"es\",\"potentialAction\":[{\"@type\":\"CommentAction\",\"name\":\"Comment\",\"target\":[\"https:\\\/\\\/noticiasmercedinas.com\\\/site\\\/2019\\\/04\\\/05\\\/este-lunes-sesion-ordinaria-con-23-proyectos-en-el-legislativo\\\/#respond\"]}]},{\"@type\":\"WebPage\",\"@id\":\"https:\\\/\\\/noticiasmercedinas.com\\\/site\\\/2019\\\/04\\\/05\\\/este-lunes-sesion-ordinaria-con-23-proyectos-en-el-legislativo\\\/\",\"url\":\"https:\\\/\\\/noticiasmercedinas.com\\\/site\\\/2019\\\/04\\\/05\\\/este-lunes-sesion-ordinaria-con-23-proyectos-en-el-legislativo\\\/\",\"name\":\"Este lunes, sesi\u00f3n ordinaria con 23 proyectos en el Legislativo\",\"isPartOf\":{\"@id\":\"https:\\\/\\\/noticiasmercedinas.com\\\/site\\\/#website\"},\"primaryImageOfPage\":{\"@id\":\"https:\\\/\\\/noticiasmercedinas.com\\\/site\\\/2019\\\/04\\\/05\\\/este-lunes-sesion-ordinaria-con-23-proyectos-en-el-legislativo\\\/#primaryimage\"},\"image\":{\"@id\":\"https:\\\/\\\/noticiasmercedinas.com\\\/site\\\/2019\\\/04\\\/05\\\/este-lunes-sesion-ordinaria-con-23-proyectos-en-el-legislativo\\\/#primaryimage\"},\"thumbnailUrl\":\"https:\\\/\\\/noticiasmercedinas.com\\\/site\\\/wp-content\\\/uploads\\\/2018\\\/11\\\/IMG_20181130_112202.jpg\",\"datePublished\":\"2019-04-05T12:33:37+00:00\",\"dateModified\":\"2019-04-05T12:36:23+00:00\",\"breadcrumb\":{\"@id\":\"https:\\\/\\\/noticiasmercedinas.com\\\/site\\\/2019\\\/04\\\/05\\\/este-lunes-sesion-ordinaria-con-23-proyectos-en-el-legislativo\\\/#breadcrumb\"},\"inLanguage\":\"es\",\"potentialAction\":[{\"@type\":\"ReadAction\",\"target\":[\"https:\\\/\\\/noticiasmercedinas.com\\\/site\\\/2019\\\/04\\\/05\\\/este-lunes-sesion-ordinaria-con-23-proyectos-en-el-legislativo\\\/\"]}]},{\"@type\":\"ImageObject\",\"inLanguage\":\"es\",\"@id\":\"https:\\\/\\\/noticiasmercedinas.com\\\/site\\\/2019\\\/04\\\/05\\\/este-lunes-sesion-ordinaria-con-23-proyectos-en-el-legislativo\\\/#primaryimage\",\"url\":\"https:\\\/\\\/noticiasmercedinas.com\\\/site\\\/wp-content\\\/uploads\\\/2018\\\/11\\\/IMG_20181130_112202.jpg\",\"contentUrl\":\"https:\\\/\\\/noticiasmercedinas.com\\\/site\\\/wp-content\\\/uploads\\\/2018\\\/11\\\/IMG_20181130_112202.jpg\",\"width\":2560,\"height\":1440},{\"@type\":\"BreadcrumbList\",\"@id\":\"https:\\\/\\\/noticiasmercedinas.com\\\/site\\\/2019\\\/04\\\/05\\\/este-lunes-sesion-ordinaria-con-23-proyectos-en-el-legislativo\\\/#breadcrumb\",\"itemListElement\":[{\"@type\":\"ListItem\",\"position\":1,\"name\":\"Portada\",\"item\":\"https:\\\/\\\/noticiasmercedinas.com\\\/site\\\/\"},{\"@type\":\"ListItem\",\"position\":2,\"name\":\"Este lunes, sesi\u00f3n ordinaria con 23 proyectos en el Legislativo\"}]},{\"@type\":\"WebSite\",\"@id\":\"https:\\\/\\\/noticiasmercedinas.com\\\/site\\\/#website\",\"url\":\"https:\\\/\\\/noticiasmercedinas.com\\\/site\\\/\",\"name\":\"NOTICIASMERCEDINAS.COM\",\"description\":\"Mercedes, Buenos Aires, Argentina\",\"publisher\":{\"@id\":\"https:\\\/\\\/noticiasmercedinas.com\\\/site\\\/#organization\"},\"potentialAction\":[{\"@type\":\"SearchAction\",\"target\":{\"@type\":\"EntryPoint\",\"urlTemplate\":\"https:\\\/\\\/noticiasmercedinas.com\\\/site\\\/?s={search_term_string}\"},\"query-input\":{\"@type\":\"PropertyValueSpecification\",\"valueRequired\":true,\"valueName\":\"search_term_string\"}}],\"inLanguage\":\"es\"},{\"@type\":\"Organization\",\"@id\":\"https:\\\/\\\/noticiasmercedinas.com\\\/site\\\/#organization\",\"name\":\"NOTICIASMERCEDINAS.COM\",\"url\":\"https:\\\/\\\/noticiasmercedinas.com\\\/site\\\/\",\"logo\":{\"@type\":\"ImageObject\",\"inLanguage\":\"es\",\"@id\":\"https:\\\/\\\/noticiasmercedinas.com\\\/site\\\/#\\\/schema\\\/logo\\\/image\\\/\",\"url\":\"https:\\\/\\\/noticiasmercedinas.com\\\/site\\\/wp-content\\\/uploads\\\/2020\\\/06\\\/LOGO-512.jpg\",\"contentUrl\":\"https:\\\/\\\/noticiasmercedinas.com\\\/site\\\/wp-content\\\/uploads\\\/2020\\\/06\\\/LOGO-512.jpg\",\"width\":512,\"height\":512,\"caption\":\"NOTICIASMERCEDINAS.COM\"},\"image\":{\"@id\":\"https:\\\/\\\/noticiasmercedinas.com\\\/site\\\/#\\\/schema\\\/logo\\\/image\\\/\"},\"sameAs\":[\"https:\\\/\\\/www.facebook.com\\\/noticiasmercedinas\\\/\",\"https:\\\/\\\/x.com\\\/notmercedinas\",\"https:\\\/\\\/www.instagram.com\\\/noticiasmercedinas\\\/\"]},{\"@type\":\"Person\",\"@id\":\"https:\\\/\\\/noticiasmercedinas.com\\\/site\\\/#\\\/schema\\\/person\\\/d481a9696a5feaec13a60e2bbd991a6a\",\"name\":\"Cristian Falabella NOTICIASMERCEDINAS.COM\",\"image\":{\"@type\":\"ImageObject\",\"inLanguage\":\"es\",\"@id\":\"https:\\\/\\\/secure.gravatar.com\\\/avatar\\\/0dbbfc45970cc46bcd0e57766228574ff3511d6eed045b182f536f0f478c1f06?s=96&d=mm&r=g\",\"url\":\"https:\\\/\\\/secure.gravatar.com\\\/avatar\\\/0dbbfc45970cc46bcd0e57766228574ff3511d6eed045b182f536f0f478c1f06?s=96&d=mm&r=g\",\"contentUrl\":\"https:\\\/\\\/secure.gravatar.com\\\/avatar\\\/0dbbfc45970cc46bcd0e57766228574ff3511d6eed045b182f536f0f478c1f06?s=96&d=mm&r=g\",\"caption\":\"Cristian Falabella NOTICIASMERCEDINAS.COM\"},\"description\":\"Periodista, editor de Noticias Mercedinas. Pas\u00f3 por varias redacciones y emprendimientos de prensa, en distintos formatos y \u00e9pocas. Se especializ\u00f3 --y sigue haci\u00e9ndolo-- en comunicaci\u00f3n en la web y en junio de 2006 fund\u00f3 este diario digital.\",\"sameAs\":[\"https:\\\/\\\/noticiasmercedinas.com\",\"https:\\\/\\\/www.facebook.com\\\/cristian.falabella\",\"https:\\\/\\\/www.instagram.com\\\/noticiasmercedinas\\\/\",\"https:\\\/\\\/x.com\\\/https:\\\/\\\/twitter.com\\\/NOTMERCEDINAS\"],\"url\":\"https:\\\/\\\/noticiasmercedinas.com\\\/site\\\/author\\\/as000384\\\/\"}]}<\/script>\n<!-- \/ Yoast SEO plugin. -->","yoast_head_json":{"title":"Este lunes, sesi\u00f3n ordinaria con 23 proyectos en el Legislativo","robots":{"index":"index","follow":"follow","max-snippet":"max-snippet:-1","max-image-preview":"max-image-preview:large","max-video-preview":"max-video-preview:-1"},"canonical":"https:\/\/noticiasmercedinas.com\/site\/2019\/04\/05\/este-lunes-sesion-ordinaria-con-23-proyectos-en-el-legislativo\/","og_locale":"es_ES","og_type":"article","og_title":"Este lunes, sesi\u00f3n ordinaria con 23 proyectos en el Legislativo","og_description":"Con 23 proyectos presentados, se viene una nueva sesi\u00f3n ordinaria en el Concejo que ha sido convocada para el d\u00eda lunes 8 de abril a las 19:00 horas. En el N\u00b078\/19-HCD, del Departamento Ejecutivo se eleva la Rendici\u00f3n de Cuentas a\u00f1o 2018 y hay varias contestaciones del Departamento Ejecutivo en referencia a trabajos varios en [&hellip;]","og_url":"https:\/\/noticiasmercedinas.com\/site\/2019\/04\/05\/este-lunes-sesion-ordinaria-con-23-proyectos-en-el-legislativo\/","og_site_name":"NOTICIASMERCEDINAS.COM","article_publisher":"https:\/\/www.facebook.com\/noticiasmercedinas\/","article_author":"https:\/\/www.facebook.com\/cristian.falabella","article_published_time":"2019-04-05T12:33:37+00:00","article_modified_time":"2019-04-05T12:36:23+00:00","og_image":[{"width":2560,"height":1440,"url":"https:\/\/noticiasmercedinas.com\/site\/wp-content\/uploads\/2018\/11\/IMG_20181130_112202.jpg","type":"image\/jpeg"}],"author":"Cristian Falabella NOTICIASMERCEDINAS.COM","twitter_card":"summary_large_image","twitter_creator":"@https:\/\/twitter.com\/NOTMERCEDINAS","twitter_site":"@notmercedinas","twitter_misc":{"Escrito por":"Cristian Falabella NOTICIASMERCEDINAS.COM","Tiempo de lectura":"3 minutos"},"schema":{"@context":"https:\/\/schema.org","@graph":[{"@type":"Article","@id":"https:\/\/noticiasmercedinas.com\/site\/2019\/04\/05\/este-lunes-sesion-ordinaria-con-23-proyectos-en-el-legislativo\/#article","isPartOf":{"@id":"https:\/\/noticiasmercedinas.com\/site\/2019\/04\/05\/este-lunes-sesion-ordinaria-con-23-proyectos-en-el-legislativo\/"},"author":{"name":"Cristian Falabella NOTICIASMERCEDINAS.COM","@id":"https:\/\/noticiasmercedinas.com\/site\/#\/schema\/person\/d481a9696a5feaec13a60e2bbd991a6a"},"headline":"Este lunes, sesi\u00f3n ordinaria con 23 proyectos en el Legislativo","datePublished":"2019-04-05T12:33:37+00:00","dateModified":"2019-04-05T12:36:23+00:00","mainEntityOfPage":{"@id":"https:\/\/noticiasmercedinas.com\/site\/2019\/04\/05\/este-lunes-sesion-ordinaria-con-23-proyectos-en-el-legislativo\/"},"wordCount":629,"commentCount":0,"publisher":{"@id":"https:\/\/noticiasmercedinas.com\/site\/#organization"},"image":{"@id":"https:\/\/noticiasmercedinas.com\/site\/2019\/04\/05\/este-lunes-sesion-ordinaria-con-23-proyectos-en-el-legislativo\/#primaryimage"},"thumbnailUrl":"https:\/\/noticiasmercedinas.com\/site\/wp-content\/uploads\/2018\/11\/IMG_20181130_112202.jpg","keywords":["concejo delibarente","orden del dia","sesion"],"articleSection":["Politica"],"inLanguage":"es","potentialAction":[{"@type":"CommentAction","name":"Comment","target":["https:\/\/noticiasmercedinas.com\/site\/2019\/04\/05\/este-lunes-sesion-ordinaria-con-23-proyectos-en-el-legislativo\/#respond"]}]},{"@type":"WebPage","@id":"https:\/\/noticiasmercedinas.com\/site\/2019\/04\/05\/este-lunes-sesion-ordinaria-con-23-proyectos-en-el-legislativo\/","url":"https:\/\/noticiasmercedinas.com\/site\/2019\/04\/05\/este-lunes-sesion-ordinaria-con-23-proyectos-en-el-legislativo\/","name":"Este lunes, sesi\u00f3n ordinaria con 23 proyectos en el Legislativo","isPartOf":{"@id":"https:\/\/noticiasmercedinas.com\/site\/#website"},"primaryImageOfPage":{"@id":"https:\/\/noticiasmercedinas.com\/site\/2019\/04\/05\/este-lunes-sesion-ordinaria-con-23-proyectos-en-el-legislativo\/#primaryimage"},"image":{"@id":"https:\/\/noticiasmercedinas.com\/site\/2019\/04\/05\/este-lunes-sesion-ordinaria-con-23-proyectos-en-el-legislativo\/#primaryimage"},"thumbnailUrl":"https:\/\/noticiasmercedinas.com\/site\/wp-content\/uploads\/2018\/11\/IMG_20181130_112202.jpg","datePublished":"2019-04-05T12:33:37+00:00","dateModified":"2019-04-05T12:36:23+00:00","breadcrumb":{"@id":"https:\/\/noticiasmercedinas.com\/site\/2019\/04\/05\/este-lunes-sesion-ordinaria-con-23-proyectos-en-el-legislativo\/#breadcrumb"},"inLanguage":"es","potentialAction":[{"@type":"ReadAction","target":["https:\/\/noticiasmercedinas.com\/site\/2019\/04\/05\/este-lunes-sesion-ordinaria-con-23-proyectos-en-el-legislativo\/"]}]},{"@type":"ImageObject","inLanguage":"es","@id":"https:\/\/noticiasmercedinas.com\/site\/2019\/04\/05\/este-lunes-sesion-ordinaria-con-23-proyectos-en-el-legislativo\/#primaryimage","url":"https:\/\/noticiasmercedinas.com\/site\/wp-content\/uploads\/2018\/11\/IMG_20181130_112202.jpg","contentUrl":"https:\/\/noticiasmercedinas.com\/site\/wp-content\/uploads\/2018\/11\/IMG_20181130_112202.jpg","width":2560,"height":1440},{"@type":"BreadcrumbList","@id":"https:\/\/noticiasmercedinas.com\/site\/2019\/04\/05\/este-lunes-sesion-ordinaria-con-23-proyectos-en-el-legislativo\/#breadcrumb","itemListElement":[{"@type":"ListItem","position":1,"name":"Portada","item":"https:\/\/noticiasmercedinas.com\/site\/"},{"@type":"ListItem","position":2,"name":"Este lunes, sesi\u00f3n ordinaria con 23 proyectos en el Legislativo"}]},{"@type":"WebSite","@id":"https:\/\/noticiasmercedinas.com\/site\/#website","url":"https:\/\/noticiasmercedinas.com\/site\/","name":"NOTICIASMERCEDINAS.COM","description":"Mercedes, Buenos Aires, Argentina","publisher":{"@id":"https:\/\/noticiasmercedinas.com\/site\/#organization"},"potentialAction":[{"@type":"SearchAction","target":{"@type":"EntryPoint","urlTemplate":"https:\/\/noticiasmercedinas.com\/site\/?s={search_term_string}"},"query-input":{"@type":"PropertyValueSpecification","valueRequired":true,"valueName":"search_term_string"}}],"inLanguage":"es"},{"@type":"Organization","@id":"https:\/\/noticiasmercedinas.com\/site\/#organization","name":"NOTICIASMERCEDINAS.COM","url":"https:\/\/noticiasmercedinas.com\/site\/","logo":{"@type":"ImageObject","inLanguage":"es","@id":"https:\/\/noticiasmercedinas.com\/site\/#\/schema\/logo\/image\/","url":"https:\/\/noticiasmercedinas.com\/site\/wp-content\/uploads\/2020\/06\/LOGO-512.jpg","contentUrl":"https:\/\/noticiasmercedinas.com\/site\/wp-content\/uploads\/2020\/06\/LOGO-512.jpg","width":512,"height":512,"caption":"NOTICIASMERCEDINAS.COM"},"image":{"@id":"https:\/\/noticiasmercedinas.com\/site\/#\/schema\/logo\/image\/"},"sameAs":["https:\/\/www.facebook.com\/noticiasmercedinas\/","https:\/\/x.com\/notmercedinas","https:\/\/www.instagram.com\/noticiasmercedinas\/"]},{"@type":"Person","@id":"https:\/\/noticiasmercedinas.com\/site\/#\/schema\/person\/d481a9696a5feaec13a60e2bbd991a6a","name":"Cristian Falabella NOTICIASMERCEDINAS.COM","image":{"@type":"ImageObject","inLanguage":"es","@id":"https:\/\/secure.gravatar.com\/avatar\/0dbbfc45970cc46bcd0e57766228574ff3511d6eed045b182f536f0f478c1f06?s=96&d=mm&r=g","url":"https:\/\/secure.gravatar.com\/avatar\/0dbbfc45970cc46bcd0e57766228574ff3511d6eed045b182f536f0f478c1f06?s=96&d=mm&r=g","contentUrl":"https:\/\/secure.gravatar.com\/avatar\/0dbbfc45970cc46bcd0e57766228574ff3511d6eed045b182f536f0f478c1f06?s=96&d=mm&r=g","caption":"Cristian Falabella NOTICIASMERCEDINAS.COM"},"description":"Periodista, editor de Noticias Mercedinas. Pas\u00f3 por varias redacciones y emprendimientos de prensa, en distintos formatos y \u00e9pocas. Se especializ\u00f3 --y sigue haci\u00e9ndolo-- en comunicaci\u00f3n en la web y en junio de 2006 fund\u00f3 este diario digital.","sameAs":["https:\/\/noticiasmercedinas.com","https:\/\/www.facebook.com\/cristian.falabella","https:\/\/www.instagram.com\/noticiasmercedinas\/","https:\/\/x.com\/https:\/\/twitter.com\/NOTMERCEDINAS"],"url":"https:\/\/noticiasmercedinas.com\/site\/author\/as000384\/"}]}},"amp_enabled":true,"_links":{"self":[{"href":"https:\/\/noticiasmercedinas.com\/site\/wp-json\/wp\/v2\/posts\/15727","targetHints":{"allow":["GET"]}}],"collection":[{"href":"https:\/\/noticiasmercedinas.com\/site\/wp-json\/wp\/v2\/posts"}],"about":[{"href":"https:\/\/noticiasmercedinas.com\/site\/wp-json\/wp\/v2\/types\/post"}],"author":[{"embeddable":true,"href":"https:\/\/noticiasmercedinas.com\/site\/wp-json\/wp\/v2\/users\/2"}],"replies":[{"embeddable":true,"href":"https:\/\/noticiasmercedinas.com\/site\/wp-json\/wp\/v2\/comments?post=15727"}],"version-history":[{"count":1,"href":"https:\/\/noticiasmercedinas.com\/site\/wp-json\/wp\/v2\/posts\/15727\/revisions"}],"predecessor-version":[{"id":15728,"href":"https:\/\/noticiasmercedinas.com\/site\/wp-json\/wp\/v2\/posts\/15727\/revisions\/15728"}],"wp:featuredmedia":[{"embeddable":true,"href":"https:\/\/noticiasmercedinas.com\/site\/wp-json\/wp\/v2\/media\/8042"}],"wp:attachment":[{"href":"https:\/\/noticiasmercedinas.com\/site\/wp-json\/wp\/v2\/media?parent=15727"}],"wp:term":[{"taxonomy":"category","embeddable":true,"href":"https:\/\/noticiasmercedinas.com\/site\/wp-json\/wp\/v2\/categories?post=15727"},{"taxonomy":"post_tag","embeddable":true,"href":"https:\/\/noticiasmercedinas.com\/site\/wp-json\/wp\/v2\/tags?post=15727"}],"curies":[{"name":"wp","href":"https:\/\/api.w.org\/{rel}","templated":true}]}}