{"id":157278,"date":"2025-04-14T13:27:11","date_gmt":"2025-04-14T16:27:11","guid":{"rendered":"https:\/\/noticiasmercedinas.com\/site\/?p=157278"},"modified":"2025-04-14T13:27:11","modified_gmt":"2025-04-14T16:27:11","slug":"tercera-fecha-para-la-amb","status":"publish","type":"post","link":"https:\/\/noticiasmercedinas.com\/site\/2025\/04\/14\/tercera-fecha-para-la-amb\/","title":{"rendered":"Tercera fecha para la AMB"},"content":{"rendered":"<figure id=\"attachment_157279\" aria-describedby=\"caption-attachment-157279\" style=\"width: 640px\" class=\"wp-caption alignnone\"><img loading=\"lazy\" decoding=\"async\" class=\"wp-image-157279 size-full\" src=\"https:\/\/noticiasmercedinas.com\/site\/wp-content\/uploads\/2025\/04\/dec7457e-606b-4bf2-b09f-68ddc3182001.jpg\" alt=\"\" width=\"640\" height=\"327\" srcset=\"https:\/\/noticiasmercedinas.com\/site\/wp-content\/uploads\/2025\/04\/dec7457e-606b-4bf2-b09f-68ddc3182001.jpg 640w, https:\/\/noticiasmercedinas.com\/site\/wp-content\/uploads\/2025\/04\/dec7457e-606b-4bf2-b09f-68ddc3182001-300x153.jpg 300w\" sizes=\"auto, (max-width: 640px) 100vw, 640px\" \/><figcaption id=\"caption-attachment-157279\" class=\"wp-caption-text\">Club Mercedes y Uni\u00f3n Carme\u00f1a.<\/figcaption><\/figure>\n<p>Por la tercera fecha de la Asociaci\u00f3n Mercedina de B\u00e1squetbol los dos clubes de la ciudad fueron teniendo sus encuentros. En el Pablo Tamagno del Club Estudiantes fue local Club Mercedes que recibi\u00f3 a Uni\u00f3n Carme\u00f1a (Carmen de Areco) en el marco de una jornada m\u00e1s que favorable para los equipos \u201cBlanquinegros\u201d.<\/p>\n<p>En la U 17 gan\u00f3 por 57-28, otro resultado a favor de dio en la categor\u00eda Mini &#8211; \u00a0U12 con un tanteador de 54-25 mientras que en la U 13 el marcador de \u00a094 \u2013 11 subray\u00f3 el dominio mercedino mientras trascurr\u00eda la jornada del domingo. Llev\u00e1ndose adelante tambi\u00e9n la Primera masculina, triunfo local 74- 55 para extenderse la racha de Club Mercedes.<\/p>\n<p><img loading=\"lazy\" decoding=\"async\" class=\"alignnone size-full wp-image-157280\" src=\"https:\/\/noticiasmercedinas.com\/site\/wp-content\/uploads\/2025\/04\/bff6e946-f70d-4c8f-afba-a542bcf37333.jpg\" alt=\"\" width=\"530\" height=\"351\" srcset=\"https:\/\/noticiasmercedinas.com\/site\/wp-content\/uploads\/2025\/04\/bff6e946-f70d-4c8f-afba-a542bcf37333.jpg 530w, https:\/\/noticiasmercedinas.com\/site\/wp-content\/uploads\/2025\/04\/bff6e946-f70d-4c8f-afba-a542bcf37333-300x199.jpg 300w\" sizes=\"auto, (max-width: 530px) 100vw, 530px\" \/><\/p>\n<p>El b\u00e1squet de Club Mercedes viene haciendo hincapi\u00e9 en formar sus jugadores, mientras tanto los entrenadores son Lucas \u201cChinchu\u201d Tessore y Juli\u00e1n Naipauer en las categor\u00edas U 15 y U 17, Diego Ramponi est\u00e1 a cargo de \u00a0Pre Mini, Mini y U 13 mientras que Marcelo Marchetti y Sebasti\u00e1n Cejas est\u00e1n al frente de la Primera Divisi\u00f3n.<\/p>\n<p><strong>Estudiantes<\/strong><br \/>\nAyer, en Navarro, Estudiantes se enfrent\u00f3 deportivamente al Club Dorrego.<br \/>\nLos primeros en pisar el rect\u00e1ngulo fueron los U 12, un partido irregular y con algunos problemas que no pudieron resolverse, fue victoria local 54 a 31. En U 13, a pesar de no ser de los mejores partidos, logr\u00f3 imponerse y sacar adelante un juego muy complicado, 45 a 41 para el \u201cPincha\u201d.<\/p>\n<p><img loading=\"lazy\" decoding=\"async\" class=\"alignnone size-full wp-image-157281\" src=\"https:\/\/noticiasmercedinas.com\/site\/wp-content\/uploads\/2025\/04\/b775b706-8b80-4ac7-953f-9aa085c7e216.jpg\" alt=\"\" width=\"640\" height=\"399\" srcset=\"https:\/\/noticiasmercedinas.com\/site\/wp-content\/uploads\/2025\/04\/b775b706-8b80-4ac7-953f-9aa085c7e216.jpg 640w, https:\/\/noticiasmercedinas.com\/site\/wp-content\/uploads\/2025\/04\/b775b706-8b80-4ac7-953f-9aa085c7e216-300x187.jpg 300w\" sizes=\"auto, (max-width: 640px) 100vw, 640px\" \/><\/p>\n<p>En U 15, el equipo est\u00e1 cada vez m\u00e1s s\u00f3lido y asentado en el juego. Gran triunfo 57 a 42. En U 17 se disput\u00f3 un partido muy parejo e intenso, que se defini\u00f3 para el due\u00f1o de casa 54 a 51. Ya en la Primera masculina, se celebr\u00f3 un cotejo m\u00e1s que intenso, a la vez f\u00edsico desde el primer minuto, donde el local se fue arriba en el primer tiempo por 4 puntos.<\/p>\n<p>El arranque del tercer cuarto fue lo mejor donde dio vuelta el tanteador, sin llegar a ampliar la diferencia, lo logrado con una buena defensa, el \u00faltimo cuarto el \u201cPincha\u201d se qued\u00f3 con poco goleo y se le escurri\u00f3 el partido, que podr\u00eda haber tenido otro final, 62 a 57 para Dorrego. En la pr\u00f3xima fecha, el 27 de abril, Estudiantes recibir\u00e1 a Club Mercedes.<\/p>\n","protected":false},"excerpt":{"rendered":"<p>\u25a0 El \u201cBlanquinegro\u201d gan\u00f3 todos los encuentros frente a Uni\u00f3n Carme\u00f1a en el Pablo Tamagno. Estudiantes en Navarro visit\u00f3 a Dorrego en una jornada donde se impuso en U 13 y U 15. La pr\u00f3xima fecha ser\u00e1 el \u00faltimo fin de semana de abril. <\/p>\n","protected":false},"author":6,"featured_media":157279,"comment_status":"closed","ping_status":"closed","sticky":false,"template":"","format":"standard","meta":{"footnotes":""},"categories":[5],"tags":[13909,12868,3682,135],"class_list":["post-157278","post","type-post","status-publish","format-standard","has-post-thumbnail","hentry","category-deportes","tag-amb","tag-asociacion-mercedina-de-basquetbol","tag-club-estudiantes","tag-club-mercedes"],"yoast_head":"<!-- This site is optimized with the Yoast SEO plugin v27.4 - https:\/\/yoast.com\/product\/yoast-seo-wordpress\/ -->\n<title>Tercera fecha para la AMB<\/title>\n<meta name=\"robots\" content=\"index, follow, max-snippet:-1, max-image-preview:large, max-video-preview:-1\" \/>\n<link rel=\"canonical\" href=\"https:\/\/noticiasmercedinas.com\/site\/2025\/04\/14\/tercera-fecha-para-la-amb\/\" \/>\n<meta property=\"og:locale\" content=\"es_ES\" \/>\n<meta property=\"og:type\" content=\"article\" \/>\n<meta property=\"og:title\" content=\"Tercera fecha para la AMB\" \/>\n<meta property=\"og:description\" content=\"\u25a0 El \u201cBlanquinegro\u201d gan\u00f3 todos los encuentros frente a Uni\u00f3n Carme\u00f1a en el Pablo Tamagno. Estudiantes en Navarro visit\u00f3 a Dorrego en una jornada donde se impuso en U 13 y U 15. La pr\u00f3xima fecha ser\u00e1 el \u00faltimo fin de semana de abril.\" \/>\n<meta property=\"og:url\" content=\"https:\/\/noticiasmercedinas.com\/site\/2025\/04\/14\/tercera-fecha-para-la-amb\/\" \/>\n<meta property=\"og:site_name\" content=\"NOTICIASMERCEDINAS.COM\" \/>\n<meta property=\"article:publisher\" content=\"https:\/\/www.facebook.com\/noticiasmercedinas\/\" \/>\n<meta property=\"article:published_time\" content=\"2025-04-14T16:27:11+00:00\" \/>\n<meta property=\"og:image\" content=\"https:\/\/noticiasmercedinas.com\/site\/wp-content\/uploads\/2025\/04\/dec7457e-606b-4bf2-b09f-68ddc3182001.jpg\" \/>\n\t<meta property=\"og:image:width\" content=\"640\" \/>\n\t<meta property=\"og:image:height\" content=\"327\" \/>\n\t<meta property=\"og:image:type\" content=\"image\/jpeg\" \/>\n<meta name=\"author\" content=\"Juan Dagnino NOTICIASMERCEDINAS.COM\" \/>\n<meta name=\"twitter:card\" content=\"summary_large_image\" \/>\n<meta name=\"twitter:creator\" content=\"@notmercedinas\" \/>\n<meta name=\"twitter:site\" content=\"@notmercedinas\" \/>\n<meta name=\"twitter:label1\" content=\"Escrito por\" \/>\n\t<meta name=\"twitter:data1\" content=\"Juan Dagnino NOTICIASMERCEDINAS.COM\" \/>\n\t<meta name=\"twitter:label2\" content=\"Tiempo de lectura\" \/>\n\t<meta name=\"twitter:data2\" content=\"3 minutos\" \/>\n<script type=\"application\/ld+json\" class=\"yoast-schema-graph\">{\"@context\":\"https:\\\/\\\/schema.org\",\"@graph\":[{\"@type\":\"Article\",\"@id\":\"https:\\\/\\\/noticiasmercedinas.com\\\/site\\\/2025\\\/04\\\/14\\\/tercera-fecha-para-la-amb\\\/#article\",\"isPartOf\":{\"@id\":\"https:\\\/\\\/noticiasmercedinas.com\\\/site\\\/2025\\\/04\\\/14\\\/tercera-fecha-para-la-amb\\\/\"},\"author\":{\"name\":\"Juan Dagnino NOTICIASMERCEDINAS.COM\",\"@id\":\"https:\\\/\\\/noticiasmercedinas.com\\\/site\\\/#\\\/schema\\\/person\\\/8f2f09d666ef40986eba4a5e6f2a06f9\"},\"headline\":\"Tercera fecha para la AMB\",\"datePublished\":\"2025-04-14T16:27:11+00:00\",\"mainEntityOfPage\":{\"@id\":\"https:\\\/\\\/noticiasmercedinas.com\\\/site\\\/2025\\\/04\\\/14\\\/tercera-fecha-para-la-amb\\\/\"},\"wordCount\":394,\"publisher\":{\"@id\":\"https:\\\/\\\/noticiasmercedinas.com\\\/site\\\/#organization\"},\"image\":{\"@id\":\"https:\\\/\\\/noticiasmercedinas.com\\\/site\\\/2025\\\/04\\\/14\\\/tercera-fecha-para-la-amb\\\/#primaryimage\"},\"thumbnailUrl\":\"https:\\\/\\\/noticiasmercedinas.com\\\/site\\\/wp-content\\\/uploads\\\/2025\\\/04\\\/dec7457e-606b-4bf2-b09f-68ddc3182001.jpg\",\"keywords\":[\"amb\",\"asociacion mercedina de basquetbol\",\"Club Estudiantes\",\"club mercedes\"],\"articleSection\":[\"Deportes\"],\"inLanguage\":\"es\"},{\"@type\":\"WebPage\",\"@id\":\"https:\\\/\\\/noticiasmercedinas.com\\\/site\\\/2025\\\/04\\\/14\\\/tercera-fecha-para-la-amb\\\/\",\"url\":\"https:\\\/\\\/noticiasmercedinas.com\\\/site\\\/2025\\\/04\\\/14\\\/tercera-fecha-para-la-amb\\\/\",\"name\":\"Tercera fecha para la AMB\",\"isPartOf\":{\"@id\":\"https:\\\/\\\/noticiasmercedinas.com\\\/site\\\/#website\"},\"primaryImageOfPage\":{\"@id\":\"https:\\\/\\\/noticiasmercedinas.com\\\/site\\\/2025\\\/04\\\/14\\\/tercera-fecha-para-la-amb\\\/#primaryimage\"},\"image\":{\"@id\":\"https:\\\/\\\/noticiasmercedinas.com\\\/site\\\/2025\\\/04\\\/14\\\/tercera-fecha-para-la-amb\\\/#primaryimage\"},\"thumbnailUrl\":\"https:\\\/\\\/noticiasmercedinas.com\\\/site\\\/wp-content\\\/uploads\\\/2025\\\/04\\\/dec7457e-606b-4bf2-b09f-68ddc3182001.jpg\",\"datePublished\":\"2025-04-14T16:27:11+00:00\",\"breadcrumb\":{\"@id\":\"https:\\\/\\\/noticiasmercedinas.com\\\/site\\\/2025\\\/04\\\/14\\\/tercera-fecha-para-la-amb\\\/#breadcrumb\"},\"inLanguage\":\"es\",\"potentialAction\":[{\"@type\":\"ReadAction\",\"target\":[\"https:\\\/\\\/noticiasmercedinas.com\\\/site\\\/2025\\\/04\\\/14\\\/tercera-fecha-para-la-amb\\\/\"]}]},{\"@type\":\"ImageObject\",\"inLanguage\":\"es\",\"@id\":\"https:\\\/\\\/noticiasmercedinas.com\\\/site\\\/2025\\\/04\\\/14\\\/tercera-fecha-para-la-amb\\\/#primaryimage\",\"url\":\"https:\\\/\\\/noticiasmercedinas.com\\\/site\\\/wp-content\\\/uploads\\\/2025\\\/04\\\/dec7457e-606b-4bf2-b09f-68ddc3182001.jpg\",\"contentUrl\":\"https:\\\/\\\/noticiasmercedinas.com\\\/site\\\/wp-content\\\/uploads\\\/2025\\\/04\\\/dec7457e-606b-4bf2-b09f-68ddc3182001.jpg\",\"width\":640,\"height\":327},{\"@type\":\"BreadcrumbList\",\"@id\":\"https:\\\/\\\/noticiasmercedinas.com\\\/site\\\/2025\\\/04\\\/14\\\/tercera-fecha-para-la-amb\\\/#breadcrumb\",\"itemListElement\":[{\"@type\":\"ListItem\",\"position\":1,\"name\":\"Portada\",\"item\":\"https:\\\/\\\/noticiasmercedinas.com\\\/site\\\/\"},{\"@type\":\"ListItem\",\"position\":2,\"name\":\"Tercera fecha para la AMB\"}]},{\"@type\":\"WebSite\",\"@id\":\"https:\\\/\\\/noticiasmercedinas.com\\\/site\\\/#website\",\"url\":\"https:\\\/\\\/noticiasmercedinas.com\\\/site\\\/\",\"name\":\"NOTICIASMERCEDINAS.COM\",\"description\":\"Mercedes, Buenos Aires, Argentina\",\"publisher\":{\"@id\":\"https:\\\/\\\/noticiasmercedinas.com\\\/site\\\/#organization\"},\"potentialAction\":[{\"@type\":\"SearchAction\",\"target\":{\"@type\":\"EntryPoint\",\"urlTemplate\":\"https:\\\/\\\/noticiasmercedinas.com\\\/site\\\/?s={search_term_string}\"},\"query-input\":{\"@type\":\"PropertyValueSpecification\",\"valueRequired\":true,\"valueName\":\"search_term_string\"}}],\"inLanguage\":\"es\"},{\"@type\":\"Organization\",\"@id\":\"https:\\\/\\\/noticiasmercedinas.com\\\/site\\\/#organization\",\"name\":\"NOTICIASMERCEDINAS.COM\",\"url\":\"https:\\\/\\\/noticiasmercedinas.com\\\/site\\\/\",\"logo\":{\"@type\":\"ImageObject\",\"inLanguage\":\"es\",\"@id\":\"https:\\\/\\\/noticiasmercedinas.com\\\/site\\\/#\\\/schema\\\/logo\\\/image\\\/\",\"url\":\"https:\\\/\\\/noticiasmercedinas.com\\\/site\\\/wp-content\\\/uploads\\\/2020\\\/06\\\/LOGO-512.jpg\",\"contentUrl\":\"https:\\\/\\\/noticiasmercedinas.com\\\/site\\\/wp-content\\\/uploads\\\/2020\\\/06\\\/LOGO-512.jpg\",\"width\":512,\"height\":512,\"caption\":\"NOTICIASMERCEDINAS.COM\"},\"image\":{\"@id\":\"https:\\\/\\\/noticiasmercedinas.com\\\/site\\\/#\\\/schema\\\/logo\\\/image\\\/\"},\"sameAs\":[\"https:\\\/\\\/www.facebook.com\\\/noticiasmercedinas\\\/\",\"https:\\\/\\\/x.com\\\/notmercedinas\",\"https:\\\/\\\/www.instagram.com\\\/noticiasmercedinas\\\/\"]},{\"@type\":\"Person\",\"@id\":\"https:\\\/\\\/noticiasmercedinas.com\\\/site\\\/#\\\/schema\\\/person\\\/8f2f09d666ef40986eba4a5e6f2a06f9\",\"name\":\"Juan Dagnino NOTICIASMERCEDINAS.COM\",\"image\":{\"@type\":\"ImageObject\",\"inLanguage\":\"es\",\"@id\":\"https:\\\/\\\/secure.gravatar.com\\\/avatar\\\/fc7059a769f5a3cae65fadb228a3e4accf3a64b4b2305020d0a27e6d5333c91b?s=96&d=mm&r=g\",\"url\":\"https:\\\/\\\/secure.gravatar.com\\\/avatar\\\/fc7059a769f5a3cae65fadb228a3e4accf3a64b4b2305020d0a27e6d5333c91b?s=96&d=mm&r=g\",\"contentUrl\":\"https:\\\/\\\/secure.gravatar.com\\\/avatar\\\/fc7059a769f5a3cae65fadb228a3e4accf3a64b4b2305020d0a27e6d5333c91b?s=96&d=mm&r=g\",\"caption\":\"Juan Dagnino NOTICIASMERCEDINAS.COM\"},\"url\":\"https:\\\/\\\/noticiasmercedinas.com\\\/site\\\/author\\\/juandagnino\\\/\"}]}<\/script>\n<!-- \/ Yoast SEO plugin. -->","yoast_head_json":{"title":"Tercera fecha para la AMB","robots":{"index":"index","follow":"follow","max-snippet":"max-snippet:-1","max-image-preview":"max-image-preview:large","max-video-preview":"max-video-preview:-1"},"canonical":"https:\/\/noticiasmercedinas.com\/site\/2025\/04\/14\/tercera-fecha-para-la-amb\/","og_locale":"es_ES","og_type":"article","og_title":"Tercera fecha para la AMB","og_description":"\u25a0 El \u201cBlanquinegro\u201d gan\u00f3 todos los encuentros frente a Uni\u00f3n Carme\u00f1a en el Pablo Tamagno. Estudiantes en Navarro visit\u00f3 a Dorrego en una jornada donde se impuso en U 13 y U 15. La pr\u00f3xima fecha ser\u00e1 el \u00faltimo fin de semana de abril.","og_url":"https:\/\/noticiasmercedinas.com\/site\/2025\/04\/14\/tercera-fecha-para-la-amb\/","og_site_name":"NOTICIASMERCEDINAS.COM","article_publisher":"https:\/\/www.facebook.com\/noticiasmercedinas\/","article_published_time":"2025-04-14T16:27:11+00:00","og_image":[{"width":640,"height":327,"url":"https:\/\/noticiasmercedinas.com\/site\/wp-content\/uploads\/2025\/04\/dec7457e-606b-4bf2-b09f-68ddc3182001.jpg","type":"image\/jpeg"}],"author":"Juan Dagnino NOTICIASMERCEDINAS.COM","twitter_card":"summary_large_image","twitter_creator":"@notmercedinas","twitter_site":"@notmercedinas","twitter_misc":{"Escrito por":"Juan Dagnino NOTICIASMERCEDINAS.COM","Tiempo de lectura":"3 minutos"},"schema":{"@context":"https:\/\/schema.org","@graph":[{"@type":"Article","@id":"https:\/\/noticiasmercedinas.com\/site\/2025\/04\/14\/tercera-fecha-para-la-amb\/#article","isPartOf":{"@id":"https:\/\/noticiasmercedinas.com\/site\/2025\/04\/14\/tercera-fecha-para-la-amb\/"},"author":{"name":"Juan Dagnino NOTICIASMERCEDINAS.COM","@id":"https:\/\/noticiasmercedinas.com\/site\/#\/schema\/person\/8f2f09d666ef40986eba4a5e6f2a06f9"},"headline":"Tercera fecha para la AMB","datePublished":"2025-04-14T16:27:11+00:00","mainEntityOfPage":{"@id":"https:\/\/noticiasmercedinas.com\/site\/2025\/04\/14\/tercera-fecha-para-la-amb\/"},"wordCount":394,"publisher":{"@id":"https:\/\/noticiasmercedinas.com\/site\/#organization"},"image":{"@id":"https:\/\/noticiasmercedinas.com\/site\/2025\/04\/14\/tercera-fecha-para-la-amb\/#primaryimage"},"thumbnailUrl":"https:\/\/noticiasmercedinas.com\/site\/wp-content\/uploads\/2025\/04\/dec7457e-606b-4bf2-b09f-68ddc3182001.jpg","keywords":["amb","asociacion mercedina de basquetbol","Club Estudiantes","club mercedes"],"articleSection":["Deportes"],"inLanguage":"es"},{"@type":"WebPage","@id":"https:\/\/noticiasmercedinas.com\/site\/2025\/04\/14\/tercera-fecha-para-la-amb\/","url":"https:\/\/noticiasmercedinas.com\/site\/2025\/04\/14\/tercera-fecha-para-la-amb\/","name":"Tercera fecha para la AMB","isPartOf":{"@id":"https:\/\/noticiasmercedinas.com\/site\/#website"},"primaryImageOfPage":{"@id":"https:\/\/noticiasmercedinas.com\/site\/2025\/04\/14\/tercera-fecha-para-la-amb\/#primaryimage"},"image":{"@id":"https:\/\/noticiasmercedinas.com\/site\/2025\/04\/14\/tercera-fecha-para-la-amb\/#primaryimage"},"thumbnailUrl":"https:\/\/noticiasmercedinas.com\/site\/wp-content\/uploads\/2025\/04\/dec7457e-606b-4bf2-b09f-68ddc3182001.jpg","datePublished":"2025-04-14T16:27:11+00:00","breadcrumb":{"@id":"https:\/\/noticiasmercedinas.com\/site\/2025\/04\/14\/tercera-fecha-para-la-amb\/#breadcrumb"},"inLanguage":"es","potentialAction":[{"@type":"ReadAction","target":["https:\/\/noticiasmercedinas.com\/site\/2025\/04\/14\/tercera-fecha-para-la-amb\/"]}]},{"@type":"ImageObject","inLanguage":"es","@id":"https:\/\/noticiasmercedinas.com\/site\/2025\/04\/14\/tercera-fecha-para-la-amb\/#primaryimage","url":"https:\/\/noticiasmercedinas.com\/site\/wp-content\/uploads\/2025\/04\/dec7457e-606b-4bf2-b09f-68ddc3182001.jpg","contentUrl":"https:\/\/noticiasmercedinas.com\/site\/wp-content\/uploads\/2025\/04\/dec7457e-606b-4bf2-b09f-68ddc3182001.jpg","width":640,"height":327},{"@type":"BreadcrumbList","@id":"https:\/\/noticiasmercedinas.com\/site\/2025\/04\/14\/tercera-fecha-para-la-amb\/#breadcrumb","itemListElement":[{"@type":"ListItem","position":1,"name":"Portada","item":"https:\/\/noticiasmercedinas.com\/site\/"},{"@type":"ListItem","position":2,"name":"Tercera fecha para la AMB"}]},{"@type":"WebSite","@id":"https:\/\/noticiasmercedinas.com\/site\/#website","url":"https:\/\/noticiasmercedinas.com\/site\/","name":"NOTICIASMERCEDINAS.COM","description":"Mercedes, Buenos Aires, Argentina","publisher":{"@id":"https:\/\/noticiasmercedinas.com\/site\/#organization"},"potentialAction":[{"@type":"SearchAction","target":{"@type":"EntryPoint","urlTemplate":"https:\/\/noticiasmercedinas.com\/site\/?s={search_term_string}"},"query-input":{"@type":"PropertyValueSpecification","valueRequired":true,"valueName":"search_term_string"}}],"inLanguage":"es"},{"@type":"Organization","@id":"https:\/\/noticiasmercedinas.com\/site\/#organization","name":"NOTICIASMERCEDINAS.COM","url":"https:\/\/noticiasmercedinas.com\/site\/","logo":{"@type":"ImageObject","inLanguage":"es","@id":"https:\/\/noticiasmercedinas.com\/site\/#\/schema\/logo\/image\/","url":"https:\/\/noticiasmercedinas.com\/site\/wp-content\/uploads\/2020\/06\/LOGO-512.jpg","contentUrl":"https:\/\/noticiasmercedinas.com\/site\/wp-content\/uploads\/2020\/06\/LOGO-512.jpg","width":512,"height":512,"caption":"NOTICIASMERCEDINAS.COM"},"image":{"@id":"https:\/\/noticiasmercedinas.com\/site\/#\/schema\/logo\/image\/"},"sameAs":["https:\/\/www.facebook.com\/noticiasmercedinas\/","https:\/\/x.com\/notmercedinas","https:\/\/www.instagram.com\/noticiasmercedinas\/"]},{"@type":"Person","@id":"https:\/\/noticiasmercedinas.com\/site\/#\/schema\/person\/8f2f09d666ef40986eba4a5e6f2a06f9","name":"Juan Dagnino NOTICIASMERCEDINAS.COM","image":{"@type":"ImageObject","inLanguage":"es","@id":"https:\/\/secure.gravatar.com\/avatar\/fc7059a769f5a3cae65fadb228a3e4accf3a64b4b2305020d0a27e6d5333c91b?s=96&d=mm&r=g","url":"https:\/\/secure.gravatar.com\/avatar\/fc7059a769f5a3cae65fadb228a3e4accf3a64b4b2305020d0a27e6d5333c91b?s=96&d=mm&r=g","contentUrl":"https:\/\/secure.gravatar.com\/avatar\/fc7059a769f5a3cae65fadb228a3e4accf3a64b4b2305020d0a27e6d5333c91b?s=96&d=mm&r=g","caption":"Juan Dagnino NOTICIASMERCEDINAS.COM"},"url":"https:\/\/noticiasmercedinas.com\/site\/author\/juandagnino\/"}]}},"amp_enabled":true,"_links":{"self":[{"href":"https:\/\/noticiasmercedinas.com\/site\/wp-json\/wp\/v2\/posts\/157278","targetHints":{"allow":["GET"]}}],"collection":[{"href":"https:\/\/noticiasmercedinas.com\/site\/wp-json\/wp\/v2\/posts"}],"about":[{"href":"https:\/\/noticiasmercedinas.com\/site\/wp-json\/wp\/v2\/types\/post"}],"author":[{"embeddable":true,"href":"https:\/\/noticiasmercedinas.com\/site\/wp-json\/wp\/v2\/users\/6"}],"replies":[{"embeddable":true,"href":"https:\/\/noticiasmercedinas.com\/site\/wp-json\/wp\/v2\/comments?post=157278"}],"version-history":[{"count":1,"href":"https:\/\/noticiasmercedinas.com\/site\/wp-json\/wp\/v2\/posts\/157278\/revisions"}],"predecessor-version":[{"id":157282,"href":"https:\/\/noticiasmercedinas.com\/site\/wp-json\/wp\/v2\/posts\/157278\/revisions\/157282"}],"wp:featuredmedia":[{"embeddable":true,"href":"https:\/\/noticiasmercedinas.com\/site\/wp-json\/wp\/v2\/media\/157279"}],"wp:attachment":[{"href":"https:\/\/noticiasmercedinas.com\/site\/wp-json\/wp\/v2\/media?parent=157278"}],"wp:term":[{"taxonomy":"category","embeddable":true,"href":"https:\/\/noticiasmercedinas.com\/site\/wp-json\/wp\/v2\/categories?post=157278"},{"taxonomy":"post_tag","embeddable":true,"href":"https:\/\/noticiasmercedinas.com\/site\/wp-json\/wp\/v2\/tags?post=157278"}],"curies":[{"name":"wp","href":"https:\/\/api.w.org\/{rel}","templated":true}]}}