{"id":157379,"date":"2025-04-15T12:38:16","date_gmt":"2025-04-15T15:38:16","guid":{"rendered":"https:\/\/noticiasmercedinas.com\/site\/?p=157379"},"modified":"2025-04-15T12:50:22","modified_gmt":"2025-04-15T15:50:22","slug":"evolucion-radical-cuestiono-la-decision-del-oficialismo-sobre-el-destino-de-fondos-provenientes-de-la-venta-de-tierras-del-parque-industrial","status":"publish","type":"post","link":"https:\/\/noticiasmercedinas.com\/site\/2025\/04\/15\/evolucion-radical-cuestiono-la-decision-del-oficialismo-sobre-el-destino-de-fondos-provenientes-de-la-venta-de-tierras-del-parque-industrial\/","title":{"rendered":"Evoluci\u00f3n Radical cuestion\u00f3 decisi\u00f3n de desafectar 524 mil d\u00f3lares y pasarlos a libre disponibilidad del Ejecutivo"},"content":{"rendered":"<p><img loading=\"lazy\" decoding=\"async\" class=\"alignnone size-full wp-image-157380\" src=\"https:\/\/noticiasmercedinas.com\/site\/wp-content\/uploads\/2025\/04\/491372815_17942618225988169_7850608609219296349_n.jpeg\" alt=\"\" width=\"1440\" height=\"1440\" srcset=\"https:\/\/noticiasmercedinas.com\/site\/wp-content\/uploads\/2025\/04\/491372815_17942618225988169_7850608609219296349_n.jpeg 1440w, https:\/\/noticiasmercedinas.com\/site\/wp-content\/uploads\/2025\/04\/491372815_17942618225988169_7850608609219296349_n-300x300.jpeg 300w, https:\/\/noticiasmercedinas.com\/site\/wp-content\/uploads\/2025\/04\/491372815_17942618225988169_7850608609219296349_n-1024x1024.jpeg 1024w, https:\/\/noticiasmercedinas.com\/site\/wp-content\/uploads\/2025\/04\/491372815_17942618225988169_7850608609219296349_n-150x150.jpeg 150w, https:\/\/noticiasmercedinas.com\/site\/wp-content\/uploads\/2025\/04\/491372815_17942618225988169_7850608609219296349_n-768x768.jpeg 768w, https:\/\/noticiasmercedinas.com\/site\/wp-content\/uploads\/2025\/04\/491372815_17942618225988169_7850608609219296349_n-640x640.jpeg 640w, https:\/\/noticiasmercedinas.com\/site\/wp-content\/uploads\/2025\/04\/491372815_17942618225988169_7850608609219296349_n-1280x1280.jpeg 1280w, https:\/\/noticiasmercedinas.com\/site\/wp-content\/uploads\/2025\/04\/491372815_17942618225988169_7850608609219296349_n-681x681.jpeg 681w, https:\/\/noticiasmercedinas.com\/site\/wp-content\/uploads\/2025\/04\/491372815_17942618225988169_7850608609219296349_n-1362x1362.jpeg 1362w\" sizes=\"auto, (max-width: 1440px) 100vw, 1440px\" \/><\/p>\n<p>Desde el espacio Evoluci\u00f3n Radical, expresaron su rechazo a lo resuelto en la \u00faltima sesi\u00f3n del Concejo Deliberante, donde el bloque de Uni\u00f3n por la Patria aprob\u00f3, mediante el voto doble de la presidencia, la desafectaci\u00f3n de 524 mil d\u00f3lares que estaban destinados originalmente a la promoci\u00f3n productiva local, para pasarlos a libre disponibilidad del Ejecutivo.<\/p>\n<p>El planteo de Evoluci\u00f3n fue difundido p\u00fablicamente a trav\u00e9s de sus redes sociales, donde advirtieron que \u201cel problema no es destinar el dinero que se necesita para hacer el cuartel de bomberos en Gowland\u201d, sino que, por el contrario, desde la oposici\u00f3n se hab\u00eda presentado \u201cun proyecto superador para bomberos\u201d, que propon\u00eda entregar la totalidad del monto necesario \u2014unos 180 mil d\u00f3lares\u2014 para poner en funcionamiento la Delegaci\u00f3n de Bomberos de Gowland y Agote.<\/p>\n<p>La cr\u00edtica central de Evoluci\u00f3n se enfoca en lo que ocurrir\u00e1 con el resto de los fondos, ya que la cl\u00e1usula original, establecida en 2020 al momento de la venta de un terreno municipal del Parque Industrial a la empresa Agroenergy One, indicaba que esos recursos deb\u00edan destinarse al desarrollo productivo. Seg\u00fan advierten, la eliminaci\u00f3n de esa condici\u00f3n deja al Ejecutivo con la posibilidad de disponer libremente de m\u00e1s de 300 mil d\u00f3lares sin tener que rendir cuentas ni detallar su uso por fuera del presupuesto vigente.<\/p>\n<p>\u201cUna verg\u00fcenza que el kirchnerismo utilice una causa tan noble, c\u00f3mo lo es la so\u00f1ada y esperada Delegaci\u00f3n de Bomberos de Gowland y Agote, para aprovecharse de no tener que dar explicaciones ni consensuar el uso de los 500 mil d\u00f3lares restantes, fondos que nos pertenecen a todos los mercedinos\u201d, afirmaron desde el espacio radical.<\/p>\n<p>Desde Evoluci\u00f3n se\u00f1alaron que su propuesta buscaba acompa\u00f1ar el financiamiento del cuartel, pero tambi\u00e9n asegurar que el resto del dinero sea utilizado en fomentar condiciones para que nuevas empresas se radiquen en Mercedes, generando empleo local, como se hab\u00eda planteado en el proyecto original.<\/p>\n","protected":false},"excerpt":{"rendered":"<p>\u25a0 \u00abUna verg\u00fcenza que el kirchnerismo utilice una causa tan noble, c\u00f3mo lo es la so\u00f1ada y esperada Delegaci\u00f3n de Bomberos de Gowland y Agote, para aprovecharse de no tener que dar explicaciones\u00bb, plantearon<\/p>\n","protected":false},"author":16,"featured_media":157380,"comment_status":"closed","ping_status":"closed","sticky":false,"template":"","format":"standard","meta":{"footnotes":""},"categories":[16],"tags":[243,10779],"class_list":["post-157379","post","type-post","status-publish","format-standard","has-post-thumbnail","hentry","category-politica","tag-concejo-deliberante","tag-evolucion-radical"],"yoast_head":"<!-- This site is optimized with the Yoast SEO plugin v27.4 - https:\/\/yoast.com\/product\/yoast-seo-wordpress\/ -->\n<title>Evoluci\u00f3n Radical cuestion\u00f3 decisi\u00f3n de desafectar 524 mil d\u00f3lares y pasarlos a libre disponibilidad del Ejecutivo<\/title>\n<meta name=\"description\" content=\"&quot;Una verg\u00fcenza que el kirchnerismo utilice una causa tan noble, c\u00f3mo lo es la so\u00f1ada y esperada Delegaci\u00f3n de Bomberos de Gowland y Agote, para aprovecharse de no tener que dar explicaciones&quot;, plantearon\" \/>\n<meta name=\"robots\" content=\"index, follow, max-snippet:-1, max-image-preview:large, max-video-preview:-1\" \/>\n<link rel=\"canonical\" href=\"https:\/\/noticiasmercedinas.com\/site\/2025\/04\/15\/evolucion-radical-cuestiono-la-decision-del-oficialismo-sobre-el-destino-de-fondos-provenientes-de-la-venta-de-tierras-del-parque-industrial\/\" \/>\n<meta property=\"og:locale\" content=\"es_ES\" \/>\n<meta property=\"og:type\" content=\"article\" \/>\n<meta property=\"og:title\" content=\"Evoluci\u00f3n Radical cuestion\u00f3 decisi\u00f3n de desafectar 524 mil d\u00f3lares y pasarlos a libre disponibilidad del Ejecutivo\" \/>\n<meta property=\"og:description\" content=\"&quot;Una verg\u00fcenza que el kirchnerismo utilice una causa tan noble, c\u00f3mo lo es la so\u00f1ada y esperada Delegaci\u00f3n de Bomberos de Gowland y Agote, para aprovecharse de no tener que dar explicaciones&quot;, plantearon\" \/>\n<meta property=\"og:url\" content=\"https:\/\/noticiasmercedinas.com\/site\/2025\/04\/15\/evolucion-radical-cuestiono-la-decision-del-oficialismo-sobre-el-destino-de-fondos-provenientes-de-la-venta-de-tierras-del-parque-industrial\/\" \/>\n<meta property=\"og:site_name\" content=\"NOTICIASMERCEDINAS.COM\" \/>\n<meta property=\"article:publisher\" content=\"https:\/\/www.facebook.com\/noticiasmercedinas\/\" \/>\n<meta property=\"article:published_time\" content=\"2025-04-15T15:38:16+00:00\" \/>\n<meta property=\"article:modified_time\" content=\"2025-04-15T15:50:22+00:00\" \/>\n<meta property=\"og:image\" content=\"https:\/\/noticiasmercedinas.com\/site\/wp-content\/uploads\/2025\/04\/491372815_17942618225988169_7850608609219296349_n.jpeg\" \/>\n\t<meta property=\"og:image:width\" content=\"1440\" \/>\n\t<meta property=\"og:image:height\" content=\"1440\" \/>\n\t<meta property=\"og:image:type\" content=\"image\/jpeg\" \/>\n<meta name=\"author\" content=\"NOTICIASMERCEDINAS.COM\" \/>\n<meta name=\"twitter:card\" content=\"summary_large_image\" \/>\n<meta name=\"twitter:creator\" content=\"@notmercedinas\" \/>\n<meta name=\"twitter:site\" content=\"@notmercedinas\" \/>\n<meta name=\"twitter:label1\" content=\"Escrito por\" \/>\n\t<meta name=\"twitter:data1\" content=\"NOTICIASMERCEDINAS.COM\" \/>\n\t<meta name=\"twitter:label2\" content=\"Tiempo de lectura\" \/>\n\t<meta name=\"twitter:data2\" content=\"2 minutos\" \/>\n<script type=\"application\/ld+json\" class=\"yoast-schema-graph\">{\"@context\":\"https:\\\/\\\/schema.org\",\"@graph\":[{\"@type\":\"Article\",\"@id\":\"https:\\\/\\\/noticiasmercedinas.com\\\/site\\\/2025\\\/04\\\/15\\\/evolucion-radical-cuestiono-la-decision-del-oficialismo-sobre-el-destino-de-fondos-provenientes-de-la-venta-de-tierras-del-parque-industrial\\\/#article\",\"isPartOf\":{\"@id\":\"https:\\\/\\\/noticiasmercedinas.com\\\/site\\\/2025\\\/04\\\/15\\\/evolucion-radical-cuestiono-la-decision-del-oficialismo-sobre-el-destino-de-fondos-provenientes-de-la-venta-de-tierras-del-parque-industrial\\\/\"},\"author\":{\"name\":\"NOTICIASMERCEDINAS.COM\",\"@id\":\"https:\\\/\\\/noticiasmercedinas.com\\\/site\\\/#\\\/schema\\\/person\\\/84b59c099c28ff2e8b77d4ceec5d8063\"},\"headline\":\"Evoluci\u00f3n Radical cuestion\u00f3 decisi\u00f3n de desafectar 524 mil d\u00f3lares y pasarlos a libre disponibilidad del Ejecutivo\",\"datePublished\":\"2025-04-15T15:38:16+00:00\",\"dateModified\":\"2025-04-15T15:50:22+00:00\",\"mainEntityOfPage\":{\"@id\":\"https:\\\/\\\/noticiasmercedinas.com\\\/site\\\/2025\\\/04\\\/15\\\/evolucion-radical-cuestiono-la-decision-del-oficialismo-sobre-el-destino-de-fondos-provenientes-de-la-venta-de-tierras-del-parque-industrial\\\/\"},\"wordCount\":362,\"publisher\":{\"@id\":\"https:\\\/\\\/noticiasmercedinas.com\\\/site\\\/#organization\"},\"image\":{\"@id\":\"https:\\\/\\\/noticiasmercedinas.com\\\/site\\\/2025\\\/04\\\/15\\\/evolucion-radical-cuestiono-la-decision-del-oficialismo-sobre-el-destino-de-fondos-provenientes-de-la-venta-de-tierras-del-parque-industrial\\\/#primaryimage\"},\"thumbnailUrl\":\"https:\\\/\\\/noticiasmercedinas.com\\\/site\\\/wp-content\\\/uploads\\\/2025\\\/04\\\/491372815_17942618225988169_7850608609219296349_n.jpeg\",\"keywords\":[\"concejo deliberante\",\"Evoluci\u00f3n Radical\"],\"articleSection\":[\"Politica\"],\"inLanguage\":\"es\"},{\"@type\":\"WebPage\",\"@id\":\"https:\\\/\\\/noticiasmercedinas.com\\\/site\\\/2025\\\/04\\\/15\\\/evolucion-radical-cuestiono-la-decision-del-oficialismo-sobre-el-destino-de-fondos-provenientes-de-la-venta-de-tierras-del-parque-industrial\\\/\",\"url\":\"https:\\\/\\\/noticiasmercedinas.com\\\/site\\\/2025\\\/04\\\/15\\\/evolucion-radical-cuestiono-la-decision-del-oficialismo-sobre-el-destino-de-fondos-provenientes-de-la-venta-de-tierras-del-parque-industrial\\\/\",\"name\":\"Evoluci\u00f3n Radical cuestion\u00f3 decisi\u00f3n de desafectar 524 mil d\u00f3lares y pasarlos a libre disponibilidad del Ejecutivo\",\"isPartOf\":{\"@id\":\"https:\\\/\\\/noticiasmercedinas.com\\\/site\\\/#website\"},\"primaryImageOfPage\":{\"@id\":\"https:\\\/\\\/noticiasmercedinas.com\\\/site\\\/2025\\\/04\\\/15\\\/evolucion-radical-cuestiono-la-decision-del-oficialismo-sobre-el-destino-de-fondos-provenientes-de-la-venta-de-tierras-del-parque-industrial\\\/#primaryimage\"},\"image\":{\"@id\":\"https:\\\/\\\/noticiasmercedinas.com\\\/site\\\/2025\\\/04\\\/15\\\/evolucion-radical-cuestiono-la-decision-del-oficialismo-sobre-el-destino-de-fondos-provenientes-de-la-venta-de-tierras-del-parque-industrial\\\/#primaryimage\"},\"thumbnailUrl\":\"https:\\\/\\\/noticiasmercedinas.com\\\/site\\\/wp-content\\\/uploads\\\/2025\\\/04\\\/491372815_17942618225988169_7850608609219296349_n.jpeg\",\"datePublished\":\"2025-04-15T15:38:16+00:00\",\"dateModified\":\"2025-04-15T15:50:22+00:00\",\"description\":\"\\\"Una verg\u00fcenza que el kirchnerismo utilice una causa tan noble, c\u00f3mo lo es la so\u00f1ada y esperada Delegaci\u00f3n de Bomberos de Gowland y Agote, para aprovecharse de no tener que dar explicaciones\\\", plantearon\",\"breadcrumb\":{\"@id\":\"https:\\\/\\\/noticiasmercedinas.com\\\/site\\\/2025\\\/04\\\/15\\\/evolucion-radical-cuestiono-la-decision-del-oficialismo-sobre-el-destino-de-fondos-provenientes-de-la-venta-de-tierras-del-parque-industrial\\\/#breadcrumb\"},\"inLanguage\":\"es\",\"potentialAction\":[{\"@type\":\"ReadAction\",\"target\":[\"https:\\\/\\\/noticiasmercedinas.com\\\/site\\\/2025\\\/04\\\/15\\\/evolucion-radical-cuestiono-la-decision-del-oficialismo-sobre-el-destino-de-fondos-provenientes-de-la-venta-de-tierras-del-parque-industrial\\\/\"]}]},{\"@type\":\"ImageObject\",\"inLanguage\":\"es\",\"@id\":\"https:\\\/\\\/noticiasmercedinas.com\\\/site\\\/2025\\\/04\\\/15\\\/evolucion-radical-cuestiono-la-decision-del-oficialismo-sobre-el-destino-de-fondos-provenientes-de-la-venta-de-tierras-del-parque-industrial\\\/#primaryimage\",\"url\":\"https:\\\/\\\/noticiasmercedinas.com\\\/site\\\/wp-content\\\/uploads\\\/2025\\\/04\\\/491372815_17942618225988169_7850608609219296349_n.jpeg\",\"contentUrl\":\"https:\\\/\\\/noticiasmercedinas.com\\\/site\\\/wp-content\\\/uploads\\\/2025\\\/04\\\/491372815_17942618225988169_7850608609219296349_n.jpeg\",\"width\":1440,\"height\":1440},{\"@type\":\"BreadcrumbList\",\"@id\":\"https:\\\/\\\/noticiasmercedinas.com\\\/site\\\/2025\\\/04\\\/15\\\/evolucion-radical-cuestiono-la-decision-del-oficialismo-sobre-el-destino-de-fondos-provenientes-de-la-venta-de-tierras-del-parque-industrial\\\/#breadcrumb\",\"itemListElement\":[{\"@type\":\"ListItem\",\"position\":1,\"name\":\"Portada\",\"item\":\"https:\\\/\\\/noticiasmercedinas.com\\\/site\\\/\"},{\"@type\":\"ListItem\",\"position\":2,\"name\":\"Evoluci\u00f3n Radical cuestion\u00f3 decisi\u00f3n de desafectar 524 mil d\u00f3lares y pasarlos a libre disponibilidad del Ejecutivo\"}]},{\"@type\":\"WebSite\",\"@id\":\"https:\\\/\\\/noticiasmercedinas.com\\\/site\\\/#website\",\"url\":\"https:\\\/\\\/noticiasmercedinas.com\\\/site\\\/\",\"name\":\"NOTICIASMERCEDINAS.COM\",\"description\":\"Mercedes, Buenos Aires, Argentina\",\"publisher\":{\"@id\":\"https:\\\/\\\/noticiasmercedinas.com\\\/site\\\/#organization\"},\"potentialAction\":[{\"@type\":\"SearchAction\",\"target\":{\"@type\":\"EntryPoint\",\"urlTemplate\":\"https:\\\/\\\/noticiasmercedinas.com\\\/site\\\/?s={search_term_string}\"},\"query-input\":{\"@type\":\"PropertyValueSpecification\",\"valueRequired\":true,\"valueName\":\"search_term_string\"}}],\"inLanguage\":\"es\"},{\"@type\":\"Organization\",\"@id\":\"https:\\\/\\\/noticiasmercedinas.com\\\/site\\\/#organization\",\"name\":\"NOTICIASMERCEDINAS.COM\",\"url\":\"https:\\\/\\\/noticiasmercedinas.com\\\/site\\\/\",\"logo\":{\"@type\":\"ImageObject\",\"inLanguage\":\"es\",\"@id\":\"https:\\\/\\\/noticiasmercedinas.com\\\/site\\\/#\\\/schema\\\/logo\\\/image\\\/\",\"url\":\"https:\\\/\\\/noticiasmercedinas.com\\\/site\\\/wp-content\\\/uploads\\\/2020\\\/06\\\/LOGO-512.jpg\",\"contentUrl\":\"https:\\\/\\\/noticiasmercedinas.com\\\/site\\\/wp-content\\\/uploads\\\/2020\\\/06\\\/LOGO-512.jpg\",\"width\":512,\"height\":512,\"caption\":\"NOTICIASMERCEDINAS.COM\"},\"image\":{\"@id\":\"https:\\\/\\\/noticiasmercedinas.com\\\/site\\\/#\\\/schema\\\/logo\\\/image\\\/\"},\"sameAs\":[\"https:\\\/\\\/www.facebook.com\\\/noticiasmercedinas\\\/\",\"https:\\\/\\\/x.com\\\/notmercedinas\",\"https:\\\/\\\/www.instagram.com\\\/noticiasmercedinas\\\/\"]},{\"@type\":\"Person\",\"@id\":\"https:\\\/\\\/noticiasmercedinas.com\\\/site\\\/#\\\/schema\\\/person\\\/84b59c099c28ff2e8b77d4ceec5d8063\",\"name\":\"NOTICIASMERCEDINAS.COM\",\"image\":{\"@type\":\"ImageObject\",\"inLanguage\":\"es\",\"@id\":\"https:\\\/\\\/secure.gravatar.com\\\/avatar\\\/4dfbf16b4d17945bfb6341b2d19043457132fcf478a5ee04f42e959fd8f5df0a?s=96&d=mm&r=g\",\"url\":\"https:\\\/\\\/secure.gravatar.com\\\/avatar\\\/4dfbf16b4d17945bfb6341b2d19043457132fcf478a5ee04f42e959fd8f5df0a?s=96&d=mm&r=g\",\"contentUrl\":\"https:\\\/\\\/secure.gravatar.com\\\/avatar\\\/4dfbf16b4d17945bfb6341b2d19043457132fcf478a5ee04f42e959fd8f5df0a?s=96&d=mm&r=g\",\"caption\":\"NOTICIASMERCEDINAS.COM\"},\"url\":\"https:\\\/\\\/noticiasmercedinas.com\\\/site\\\/author\\\/anonimo\\\/\"}]}<\/script>\n<!-- \/ Yoast SEO plugin. -->","yoast_head_json":{"title":"Evoluci\u00f3n Radical cuestion\u00f3 decisi\u00f3n de desafectar 524 mil d\u00f3lares y pasarlos a libre disponibilidad del Ejecutivo","description":"\"Una verg\u00fcenza que el kirchnerismo utilice una causa tan noble, c\u00f3mo lo es la so\u00f1ada y esperada Delegaci\u00f3n de Bomberos de Gowland y Agote, para aprovecharse de no tener que dar explicaciones\", plantearon","robots":{"index":"index","follow":"follow","max-snippet":"max-snippet:-1","max-image-preview":"max-image-preview:large","max-video-preview":"max-video-preview:-1"},"canonical":"https:\/\/noticiasmercedinas.com\/site\/2025\/04\/15\/evolucion-radical-cuestiono-la-decision-del-oficialismo-sobre-el-destino-de-fondos-provenientes-de-la-venta-de-tierras-del-parque-industrial\/","og_locale":"es_ES","og_type":"article","og_title":"Evoluci\u00f3n Radical cuestion\u00f3 decisi\u00f3n de desafectar 524 mil d\u00f3lares y pasarlos a libre disponibilidad del Ejecutivo","og_description":"\"Una verg\u00fcenza que el kirchnerismo utilice una causa tan noble, c\u00f3mo lo es la so\u00f1ada y esperada Delegaci\u00f3n de Bomberos de Gowland y Agote, para aprovecharse de no tener que dar explicaciones\", plantearon","og_url":"https:\/\/noticiasmercedinas.com\/site\/2025\/04\/15\/evolucion-radical-cuestiono-la-decision-del-oficialismo-sobre-el-destino-de-fondos-provenientes-de-la-venta-de-tierras-del-parque-industrial\/","og_site_name":"NOTICIASMERCEDINAS.COM","article_publisher":"https:\/\/www.facebook.com\/noticiasmercedinas\/","article_published_time":"2025-04-15T15:38:16+00:00","article_modified_time":"2025-04-15T15:50:22+00:00","og_image":[{"width":1440,"height":1440,"url":"https:\/\/noticiasmercedinas.com\/site\/wp-content\/uploads\/2025\/04\/491372815_17942618225988169_7850608609219296349_n.jpeg","type":"image\/jpeg"}],"author":"NOTICIASMERCEDINAS.COM","twitter_card":"summary_large_image","twitter_creator":"@notmercedinas","twitter_site":"@notmercedinas","twitter_misc":{"Escrito por":"NOTICIASMERCEDINAS.COM","Tiempo de lectura":"2 minutos"},"schema":{"@context":"https:\/\/schema.org","@graph":[{"@type":"Article","@id":"https:\/\/noticiasmercedinas.com\/site\/2025\/04\/15\/evolucion-radical-cuestiono-la-decision-del-oficialismo-sobre-el-destino-de-fondos-provenientes-de-la-venta-de-tierras-del-parque-industrial\/#article","isPartOf":{"@id":"https:\/\/noticiasmercedinas.com\/site\/2025\/04\/15\/evolucion-radical-cuestiono-la-decision-del-oficialismo-sobre-el-destino-de-fondos-provenientes-de-la-venta-de-tierras-del-parque-industrial\/"},"author":{"name":"NOTICIASMERCEDINAS.COM","@id":"https:\/\/noticiasmercedinas.com\/site\/#\/schema\/person\/84b59c099c28ff2e8b77d4ceec5d8063"},"headline":"Evoluci\u00f3n Radical cuestion\u00f3 decisi\u00f3n de desafectar 524 mil d\u00f3lares y pasarlos a libre disponibilidad del Ejecutivo","datePublished":"2025-04-15T15:38:16+00:00","dateModified":"2025-04-15T15:50:22+00:00","mainEntityOfPage":{"@id":"https:\/\/noticiasmercedinas.com\/site\/2025\/04\/15\/evolucion-radical-cuestiono-la-decision-del-oficialismo-sobre-el-destino-de-fondos-provenientes-de-la-venta-de-tierras-del-parque-industrial\/"},"wordCount":362,"publisher":{"@id":"https:\/\/noticiasmercedinas.com\/site\/#organization"},"image":{"@id":"https:\/\/noticiasmercedinas.com\/site\/2025\/04\/15\/evolucion-radical-cuestiono-la-decision-del-oficialismo-sobre-el-destino-de-fondos-provenientes-de-la-venta-de-tierras-del-parque-industrial\/#primaryimage"},"thumbnailUrl":"https:\/\/noticiasmercedinas.com\/site\/wp-content\/uploads\/2025\/04\/491372815_17942618225988169_7850608609219296349_n.jpeg","keywords":["concejo deliberante","Evoluci\u00f3n Radical"],"articleSection":["Politica"],"inLanguage":"es"},{"@type":"WebPage","@id":"https:\/\/noticiasmercedinas.com\/site\/2025\/04\/15\/evolucion-radical-cuestiono-la-decision-del-oficialismo-sobre-el-destino-de-fondos-provenientes-de-la-venta-de-tierras-del-parque-industrial\/","url":"https:\/\/noticiasmercedinas.com\/site\/2025\/04\/15\/evolucion-radical-cuestiono-la-decision-del-oficialismo-sobre-el-destino-de-fondos-provenientes-de-la-venta-de-tierras-del-parque-industrial\/","name":"Evoluci\u00f3n Radical cuestion\u00f3 decisi\u00f3n de desafectar 524 mil d\u00f3lares y pasarlos a libre disponibilidad del Ejecutivo","isPartOf":{"@id":"https:\/\/noticiasmercedinas.com\/site\/#website"},"primaryImageOfPage":{"@id":"https:\/\/noticiasmercedinas.com\/site\/2025\/04\/15\/evolucion-radical-cuestiono-la-decision-del-oficialismo-sobre-el-destino-de-fondos-provenientes-de-la-venta-de-tierras-del-parque-industrial\/#primaryimage"},"image":{"@id":"https:\/\/noticiasmercedinas.com\/site\/2025\/04\/15\/evolucion-radical-cuestiono-la-decision-del-oficialismo-sobre-el-destino-de-fondos-provenientes-de-la-venta-de-tierras-del-parque-industrial\/#primaryimage"},"thumbnailUrl":"https:\/\/noticiasmercedinas.com\/site\/wp-content\/uploads\/2025\/04\/491372815_17942618225988169_7850608609219296349_n.jpeg","datePublished":"2025-04-15T15:38:16+00:00","dateModified":"2025-04-15T15:50:22+00:00","description":"\"Una verg\u00fcenza que el kirchnerismo utilice una causa tan noble, c\u00f3mo lo es la so\u00f1ada y esperada Delegaci\u00f3n de Bomberos de Gowland y Agote, para aprovecharse de no tener que dar explicaciones\", plantearon","breadcrumb":{"@id":"https:\/\/noticiasmercedinas.com\/site\/2025\/04\/15\/evolucion-radical-cuestiono-la-decision-del-oficialismo-sobre-el-destino-de-fondos-provenientes-de-la-venta-de-tierras-del-parque-industrial\/#breadcrumb"},"inLanguage":"es","potentialAction":[{"@type":"ReadAction","target":["https:\/\/noticiasmercedinas.com\/site\/2025\/04\/15\/evolucion-radical-cuestiono-la-decision-del-oficialismo-sobre-el-destino-de-fondos-provenientes-de-la-venta-de-tierras-del-parque-industrial\/"]}]},{"@type":"ImageObject","inLanguage":"es","@id":"https:\/\/noticiasmercedinas.com\/site\/2025\/04\/15\/evolucion-radical-cuestiono-la-decision-del-oficialismo-sobre-el-destino-de-fondos-provenientes-de-la-venta-de-tierras-del-parque-industrial\/#primaryimage","url":"https:\/\/noticiasmercedinas.com\/site\/wp-content\/uploads\/2025\/04\/491372815_17942618225988169_7850608609219296349_n.jpeg","contentUrl":"https:\/\/noticiasmercedinas.com\/site\/wp-content\/uploads\/2025\/04\/491372815_17942618225988169_7850608609219296349_n.jpeg","width":1440,"height":1440},{"@type":"BreadcrumbList","@id":"https:\/\/noticiasmercedinas.com\/site\/2025\/04\/15\/evolucion-radical-cuestiono-la-decision-del-oficialismo-sobre-el-destino-de-fondos-provenientes-de-la-venta-de-tierras-del-parque-industrial\/#breadcrumb","itemListElement":[{"@type":"ListItem","position":1,"name":"Portada","item":"https:\/\/noticiasmercedinas.com\/site\/"},{"@type":"ListItem","position":2,"name":"Evoluci\u00f3n Radical cuestion\u00f3 decisi\u00f3n de desafectar 524 mil d\u00f3lares y pasarlos a libre disponibilidad del Ejecutivo"}]},{"@type":"WebSite","@id":"https:\/\/noticiasmercedinas.com\/site\/#website","url":"https:\/\/noticiasmercedinas.com\/site\/","name":"NOTICIASMERCEDINAS.COM","description":"Mercedes, Buenos Aires, Argentina","publisher":{"@id":"https:\/\/noticiasmercedinas.com\/site\/#organization"},"potentialAction":[{"@type":"SearchAction","target":{"@type":"EntryPoint","urlTemplate":"https:\/\/noticiasmercedinas.com\/site\/?s={search_term_string}"},"query-input":{"@type":"PropertyValueSpecification","valueRequired":true,"valueName":"search_term_string"}}],"inLanguage":"es"},{"@type":"Organization","@id":"https:\/\/noticiasmercedinas.com\/site\/#organization","name":"NOTICIASMERCEDINAS.COM","url":"https:\/\/noticiasmercedinas.com\/site\/","logo":{"@type":"ImageObject","inLanguage":"es","@id":"https:\/\/noticiasmercedinas.com\/site\/#\/schema\/logo\/image\/","url":"https:\/\/noticiasmercedinas.com\/site\/wp-content\/uploads\/2020\/06\/LOGO-512.jpg","contentUrl":"https:\/\/noticiasmercedinas.com\/site\/wp-content\/uploads\/2020\/06\/LOGO-512.jpg","width":512,"height":512,"caption":"NOTICIASMERCEDINAS.COM"},"image":{"@id":"https:\/\/noticiasmercedinas.com\/site\/#\/schema\/logo\/image\/"},"sameAs":["https:\/\/www.facebook.com\/noticiasmercedinas\/","https:\/\/x.com\/notmercedinas","https:\/\/www.instagram.com\/noticiasmercedinas\/"]},{"@type":"Person","@id":"https:\/\/noticiasmercedinas.com\/site\/#\/schema\/person\/84b59c099c28ff2e8b77d4ceec5d8063","name":"NOTICIASMERCEDINAS.COM","image":{"@type":"ImageObject","inLanguage":"es","@id":"https:\/\/secure.gravatar.com\/avatar\/4dfbf16b4d17945bfb6341b2d19043457132fcf478a5ee04f42e959fd8f5df0a?s=96&d=mm&r=g","url":"https:\/\/secure.gravatar.com\/avatar\/4dfbf16b4d17945bfb6341b2d19043457132fcf478a5ee04f42e959fd8f5df0a?s=96&d=mm&r=g","contentUrl":"https:\/\/secure.gravatar.com\/avatar\/4dfbf16b4d17945bfb6341b2d19043457132fcf478a5ee04f42e959fd8f5df0a?s=96&d=mm&r=g","caption":"NOTICIASMERCEDINAS.COM"},"url":"https:\/\/noticiasmercedinas.com\/site\/author\/anonimo\/"}]}},"amp_enabled":true,"_links":{"self":[{"href":"https:\/\/noticiasmercedinas.com\/site\/wp-json\/wp\/v2\/posts\/157379","targetHints":{"allow":["GET"]}}],"collection":[{"href":"https:\/\/noticiasmercedinas.com\/site\/wp-json\/wp\/v2\/posts"}],"about":[{"href":"https:\/\/noticiasmercedinas.com\/site\/wp-json\/wp\/v2\/types\/post"}],"author":[{"embeddable":true,"href":"https:\/\/noticiasmercedinas.com\/site\/wp-json\/wp\/v2\/users\/16"}],"replies":[{"embeddable":true,"href":"https:\/\/noticiasmercedinas.com\/site\/wp-json\/wp\/v2\/comments?post=157379"}],"version-history":[{"count":3,"href":"https:\/\/noticiasmercedinas.com\/site\/wp-json\/wp\/v2\/posts\/157379\/revisions"}],"predecessor-version":[{"id":157385,"href":"https:\/\/noticiasmercedinas.com\/site\/wp-json\/wp\/v2\/posts\/157379\/revisions\/157385"}],"wp:featuredmedia":[{"embeddable":true,"href":"https:\/\/noticiasmercedinas.com\/site\/wp-json\/wp\/v2\/media\/157380"}],"wp:attachment":[{"href":"https:\/\/noticiasmercedinas.com\/site\/wp-json\/wp\/v2\/media?parent=157379"}],"wp:term":[{"taxonomy":"category","embeddable":true,"href":"https:\/\/noticiasmercedinas.com\/site\/wp-json\/wp\/v2\/categories?post=157379"},{"taxonomy":"post_tag","embeddable":true,"href":"https:\/\/noticiasmercedinas.com\/site\/wp-json\/wp\/v2\/tags?post=157379"}],"curies":[{"name":"wp","href":"https:\/\/api.w.org\/{rel}","templated":true}]}}