{"id":157390,"date":"2025-04-15T17:00:00","date_gmt":"2025-04-15T20:00:00","guid":{"rendered":"https:\/\/noticiasmercedinas.com\/site\/?p=157390"},"modified":"2025-04-15T17:00:00","modified_gmt":"2025-04-15T20:00:00","slug":"oposicion-en-el-concejo-cuestiona-uso-de-fondos-municipales-se-utilizo-a-los-bomberos-para-liberar-una-caja","status":"publish","type":"post","link":"https:\/\/noticiasmercedinas.com\/site\/2025\/04\/15\/oposicion-en-el-concejo-cuestiona-uso-de-fondos-municipales-se-utilizo-a-los-bomberos-para-liberar-una-caja\/","title":{"rendered":"Oposici\u00f3n en el Concejo cuestiona uso de fondos municipales: \u201cSe utiliz\u00f3 a los bomberos para liberar una caja\u201d"},"content":{"rendered":"<p><img loading=\"lazy\" decoding=\"async\" class=\"alignnone size-full wp-image-157391\" src=\"https:\/\/noticiasmercedinas.com\/site\/wp-content\/uploads\/2025\/04\/20250415_124304-scaled-e1744746073236.jpg\" alt=\"\" width=\"2190\" height=\"1425\" srcset=\"https:\/\/noticiasmercedinas.com\/site\/wp-content\/uploads\/2025\/04\/20250415_124304-scaled-e1744746073236.jpg 2190w, https:\/\/noticiasmercedinas.com\/site\/wp-content\/uploads\/2025\/04\/20250415_124304-scaled-e1744746073236-300x194.jpg 300w, https:\/\/noticiasmercedinas.com\/site\/wp-content\/uploads\/2025\/04\/20250415_124304-scaled-e1744746073236-1024x666.jpg 1024w, https:\/\/noticiasmercedinas.com\/site\/wp-content\/uploads\/2025\/04\/20250415_124304-scaled-e1744746073236-768x500.jpg 768w, https:\/\/noticiasmercedinas.com\/site\/wp-content\/uploads\/2025\/04\/20250415_124304-scaled-e1744746073236-1536x999.jpg 1536w, https:\/\/noticiasmercedinas.com\/site\/wp-content\/uploads\/2025\/04\/20250415_124304-scaled-e1744746073236-2048x1333.jpg 2048w, https:\/\/noticiasmercedinas.com\/site\/wp-content\/uploads\/2025\/04\/20250415_124304-scaled-e1744746073236-640x416.jpg 640w, https:\/\/noticiasmercedinas.com\/site\/wp-content\/uploads\/2025\/04\/20250415_124304-scaled-e1744746073236-1280x833.jpg 1280w, https:\/\/noticiasmercedinas.com\/site\/wp-content\/uploads\/2025\/04\/20250415_124304-scaled-e1744746073236-681x443.jpg 681w, https:\/\/noticiasmercedinas.com\/site\/wp-content\/uploads\/2025\/04\/20250415_124304-scaled-e1744746073236-1362x886.jpg 1362w\" sizes=\"auto, (max-width: 2190px) 100vw, 2190px\" \/><\/p>\n<p>Este mediod\u00eda, concejales de la oposici\u00f3n brindaron una conferencia de prensa en el primer piso del Palacio Municipal para expresar su postura frente a la reciente modificaci\u00f3n del destino de fondos p\u00fablicos. Participaron representantes del PRO, La Libertad Avanza, LLA Mercedes y la Coalici\u00f3n C\u00edvica.<\/p>\n<p>La exposici\u00f3n estuvo a cargo inicialmente de Evangelina Cabral (PRO), quien explic\u00f3 que el motivo del encuentro con la prensa fue comunicar su rechazo al proyecto aprobado en la \u00faltima sesi\u00f3n del Concejo, mediante el cual el oficialismo habilit\u00f3 la disponibilidad de m\u00e1s de 500 mil d\u00f3lares que estaban afectados por ordenanza a fines productivos.<\/p>\n<p>Seg\u00fan indic\u00f3 Cabral, los recursos en cuesti\u00f3n ingresaron a las arcas municipales en 2019 producto de la venta de una parcela del Parque Industrial, y desde entonces estaban destinados por normativa a impulsar proyectos para la generaci\u00f3n de empleo. \u201cCon la necesidad de trabajo que hay, esa plata lleva seis a\u00f1os durmiendo en un banco\u201d, denunci\u00f3.<\/p>\n<p>Tal cual fueron detallando uno a uno los ediles y a su turno (estuvieron adem\u00e1s de Cabral, Mauricio Pollacchi y Silvia Di Leo, de la Libertad Avanza; Gustavo Mangoni y Marcela Munarriz, de LLA Mercedes; y Mart\u00edn Bossi, de la Coalici\u00f3n C\u00edvica) el proyecto aprobado contempla el uso de 50 mil d\u00f3lares para colaborar con la construcci\u00f3n de un destacamento de bomberos voluntarios en la localidad de Gowland.<\/p>\n<p><iframe loading=\"lazy\" title=\"&quot;Al oficialismo no le importa nada&quot;: Evangelina Cabral\" width=\"640\" height=\"360\" src=\"https:\/\/www.youtube.com\/embed\/WYoNIkfd8QI?feature=oembed\" frameborder=\"0\" allow=\"accelerometer; autoplay; clipboard-write; encrypted-media; gyroscope; picture-in-picture; web-share\" referrerpolicy=\"strict-origin-when-cross-origin\" allowfullscreen><\/iframe><\/p>\n<p>Aunque los concejales opositores respaldaron esa finalidad espec\u00edfica, expresaron su desacuerdo con la liberaci\u00f3n total de los fondos, que ahora podr\u00e1n ser utilizados libremente por el Ejecutivo.<\/p>\n<p>\u201cEl problema es que se us\u00f3 una causa noble y querida por todos como es el cuartel de bomberos para habilitar el uso indiscriminado de un dinero que ten\u00eda un fin productivo. Nosotros propusimos un proyecto alternativo, que no fue acompa\u00f1ado, para destinar el 40% a infraestructura social y el 60% a desarrollo productivo\u201d, expresaron.<\/p>\n<p>Durante la rueda de prensa, tambi\u00e9n se advirti\u00f3 sobre la falta de garant\u00edas respecto al destino de los fondos. \u201cEl uso para \u2018fines sociales\u2019 es un espectro muy amplio. No sabemos en qu\u00e9 va a terminar esa plata, que podr\u00eda invertirse en bienes durables como el cuartel\u201d, cuestion\u00f3 Pollacchi.<\/p>\n<p>Los concejales aseguraron que solicitaron pasar el expediente a comisi\u00f3n y propusieron un cuarto intermedio para alcanzar un consenso, pero el oficialismo avanz\u00f3 con su mayor\u00eda y aprob\u00f3 el proyecto tal como fue enviado por el Departamento Ejecutivo.<\/p>\n<blockquote><p>\u201cEl uso para \u2018fines sociales\u2019 es un espectro muy amplio. No sabemos en qu\u00e9 va a terminar esa plata, que podr\u00eda invertirse en bienes durables como el cuartel\u201d<\/p><\/blockquote>\n<p>\u201cLo triste es que despu\u00e9s de a\u00f1os de trabajo para lograr el destacamento en Gowland, se nos haya negado la posibilidad de acompa\u00f1ar esa concreci\u00f3n de una manera transparente y equilibrada\u201d, concluyeron.<\/p>\n<p>Finalmente, se\u00f1alaron que con la aprobaci\u00f3n del proyecto, el Ejecutivo cuenta con total libertad para disponer del dinero, perdi\u00e9ndose as\u00ed la trazabilidad y el control que antes ofrec\u00eda la ordenanza de 2020.<\/p>\n<p>De esta manera la oposici\u00f3n lament\u00f3 que esta situaci\u00f3n haya pasado desapercibida y critic\u00f3 la falta de apertura al di\u00e1logo.<\/p>\n<p><strong>\u201cEchar mano en una caja\u201d<\/strong><br \/>\nEl eje central de la cr\u00edtica de los bloques opositores reside en el planteo de que el oficialismo habr\u00eda utilizado &#8211;en su visi\u00f3n&#8211; el consenso social en torno a una causa leg\u00edtima (la creaci\u00f3n de un destacamento de bomberos en Gowland) como argumento para habilitar el uso generalizado de fondos originalmente destinados a otros fines. Es as\u00ed que objetaron que, si bien el proyecto del Ejecutivo mencionaba a los bomberos de Gowland, lo que realmente se aprob\u00f3 fue la desafectaci\u00f3n de la totalidad de una suma cercana a 500 mil d\u00f3lares originalmente destinados a desarrollo productivo. De esa suma, solo se prev\u00e9 usar 50 mil d\u00f3lares para los bomberos, y el resto quedar\u00eda en libre disponibilidad del municipio, seg\u00fan objetaron.<\/p>\n<p>Desde la oposici\u00f3n consideraron esto una maniobra deliberada para cambiar el destino de los fondos con un objetivo poco claro, disfrazando la decisi\u00f3n con un fin leg\u00edtimo. Esta visi\u00f3n qued\u00f3 clara en los dichos de Cabral, que se aprecian en el video adjunto a esta nota: \u201c&#8230;Al oficialismo cuando tiene mayor\u00eda absoluta y el doble voto de la presidencia, no le importa nada, no escucha nada y as\u00ed estamos hoy.\u201d<\/p>\n<p><img loading=\"lazy\" decoding=\"async\" class=\"alignnone size-full wp-image-157392\" src=\"https:\/\/noticiasmercedinas.com\/site\/wp-content\/uploads\/2025\/04\/20250415_124811-scaled-e1744746333837.jpg\" alt=\"\" width=\"2240\" height=\"627\" srcset=\"https:\/\/noticiasmercedinas.com\/site\/wp-content\/uploads\/2025\/04\/20250415_124811-scaled-e1744746333837.jpg 2240w, https:\/\/noticiasmercedinas.com\/site\/wp-content\/uploads\/2025\/04\/20250415_124811-scaled-e1744746333837-300x84.jpg 300w, https:\/\/noticiasmercedinas.com\/site\/wp-content\/uploads\/2025\/04\/20250415_124811-scaled-e1744746333837-1024x287.jpg 1024w, https:\/\/noticiasmercedinas.com\/site\/wp-content\/uploads\/2025\/04\/20250415_124811-scaled-e1744746333837-768x215.jpg 768w, https:\/\/noticiasmercedinas.com\/site\/wp-content\/uploads\/2025\/04\/20250415_124811-scaled-e1744746333837-1536x430.jpg 1536w, https:\/\/noticiasmercedinas.com\/site\/wp-content\/uploads\/2025\/04\/20250415_124811-scaled-e1744746333837-2048x573.jpg 2048w, https:\/\/noticiasmercedinas.com\/site\/wp-content\/uploads\/2025\/04\/20250415_124811-scaled-e1744746333837-640x179.jpg 640w, https:\/\/noticiasmercedinas.com\/site\/wp-content\/uploads\/2025\/04\/20250415_124811-scaled-e1744746333837-1280x358.jpg 1280w, https:\/\/noticiasmercedinas.com\/site\/wp-content\/uploads\/2025\/04\/20250415_124811-scaled-e1744746333837-681x191.jpg 681w, https:\/\/noticiasmercedinas.com\/site\/wp-content\/uploads\/2025\/04\/20250415_124811-scaled-e1744746333837-1362x381.jpg 1362w\" sizes=\"auto, (max-width: 2240px) 100vw, 2240px\" \/><\/p>\n","protected":false},"excerpt":{"rendered":"<p>\u25a0 Lo hicieron representantes del PRO, La Libertad Avanza, LLA Mercedes y la Coalici\u00f3n C\u00edvica. Aseguraron que solicitaron pasar el expediente a comisi\u00f3n y propusieron un cuarto intermedio para lograr consenso<\/p>\n","protected":false},"author":16,"featured_media":157391,"comment_status":"closed","ping_status":"closed","sticky":false,"template":"","format":"standard","meta":{"footnotes":""},"categories":[16],"tags":[2841,818,243,517,15388,18133,817],"class_list":["post-157390","post","type-post","status-publish","format-standard","has-post-thumbnail","hentry","category-politica","tag-bomberos-voluntarios","tag-coalicion-civica","tag-concejo-deliberante","tag-evangelina-cabral","tag-la-libertad-avanza","tag-lla","tag-pro"],"yoast_head":"<!-- This site is optimized with the Yoast SEO plugin v27.4 - https:\/\/yoast.com\/product\/yoast-seo-wordpress\/ -->\n<title>Oposici\u00f3n en el Concejo cuestiona uso de fondos municipales: \u201cSe utiliz\u00f3 a los bomberos para liberar una caja\u201d<\/title>\n<meta name=\"description\" content=\"Lo hicieron representantes del PRO, La Libertad Avanza, LLA Mercedes y la Coalici\u00f3n C\u00edvica. Aseguraron que solicitaron pasar el expediente a comisi\u00f3n y propusieron un cuarto intermedio para lograr consenso\" \/>\n<meta name=\"robots\" content=\"index, follow, max-snippet:-1, max-image-preview:large, max-video-preview:-1\" \/>\n<link rel=\"canonical\" href=\"https:\/\/noticiasmercedinas.com\/site\/2025\/04\/15\/oposicion-en-el-concejo-cuestiona-uso-de-fondos-municipales-se-utilizo-a-los-bomberos-para-liberar-una-caja\/\" \/>\n<meta property=\"og:locale\" content=\"es_ES\" \/>\n<meta property=\"og:type\" content=\"article\" \/>\n<meta property=\"og:title\" content=\"Oposici\u00f3n en el Concejo cuestiona uso de fondos municipales: \u201cSe utiliz\u00f3 a los bomberos para liberar una caja\u201d\" \/>\n<meta property=\"og:description\" content=\"Lo hicieron representantes del PRO, La Libertad Avanza, LLA Mercedes y la Coalici\u00f3n C\u00edvica. Aseguraron que solicitaron pasar el expediente a comisi\u00f3n y propusieron un cuarto intermedio para lograr consenso\" \/>\n<meta property=\"og:url\" content=\"https:\/\/noticiasmercedinas.com\/site\/2025\/04\/15\/oposicion-en-el-concejo-cuestiona-uso-de-fondos-municipales-se-utilizo-a-los-bomberos-para-liberar-una-caja\/\" \/>\n<meta property=\"og:site_name\" content=\"NOTICIASMERCEDINAS.COM\" \/>\n<meta property=\"article:publisher\" content=\"https:\/\/www.facebook.com\/noticiasmercedinas\/\" \/>\n<meta property=\"article:published_time\" content=\"2025-04-15T20:00:00+00:00\" \/>\n<meta property=\"og:image\" content=\"https:\/\/noticiasmercedinas.com\/site\/wp-content\/uploads\/2025\/04\/20250415_124304-scaled-e1744746073236.jpg\" \/>\n\t<meta property=\"og:image:width\" content=\"2190\" \/>\n\t<meta property=\"og:image:height\" content=\"1425\" \/>\n\t<meta property=\"og:image:type\" content=\"image\/jpeg\" \/>\n<meta name=\"author\" content=\"NOTICIASMERCEDINAS.COM\" \/>\n<meta name=\"twitter:card\" content=\"summary_large_image\" \/>\n<meta name=\"twitter:creator\" content=\"@notmercedinas\" \/>\n<meta name=\"twitter:site\" content=\"@notmercedinas\" \/>\n<meta name=\"twitter:label1\" content=\"Escrito por\" \/>\n\t<meta name=\"twitter:data1\" content=\"NOTICIASMERCEDINAS.COM\" \/>\n\t<meta name=\"twitter:label2\" content=\"Tiempo de lectura\" \/>\n\t<meta name=\"twitter:data2\" content=\"4 minutos\" \/>\n<script type=\"application\/ld+json\" class=\"yoast-schema-graph\">{\"@context\":\"https:\\\/\\\/schema.org\",\"@graph\":[{\"@type\":\"Article\",\"@id\":\"https:\\\/\\\/noticiasmercedinas.com\\\/site\\\/2025\\\/04\\\/15\\\/oposicion-en-el-concejo-cuestiona-uso-de-fondos-municipales-se-utilizo-a-los-bomberos-para-liberar-una-caja\\\/#article\",\"isPartOf\":{\"@id\":\"https:\\\/\\\/noticiasmercedinas.com\\\/site\\\/2025\\\/04\\\/15\\\/oposicion-en-el-concejo-cuestiona-uso-de-fondos-municipales-se-utilizo-a-los-bomberos-para-liberar-una-caja\\\/\"},\"author\":{\"name\":\"NOTICIASMERCEDINAS.COM\",\"@id\":\"https:\\\/\\\/noticiasmercedinas.com\\\/site\\\/#\\\/schema\\\/person\\\/84b59c099c28ff2e8b77d4ceec5d8063\"},\"headline\":\"Oposici\u00f3n en el Concejo cuestiona uso de fondos municipales: \u201cSe utiliz\u00f3 a los bomberos para liberar una caja\u201d\",\"datePublished\":\"2025-04-15T20:00:00+00:00\",\"mainEntityOfPage\":{\"@id\":\"https:\\\/\\\/noticiasmercedinas.com\\\/site\\\/2025\\\/04\\\/15\\\/oposicion-en-el-concejo-cuestiona-uso-de-fondos-municipales-se-utilizo-a-los-bomberos-para-liberar-una-caja\\\/\"},\"wordCount\":773,\"publisher\":{\"@id\":\"https:\\\/\\\/noticiasmercedinas.com\\\/site\\\/#organization\"},\"image\":{\"@id\":\"https:\\\/\\\/noticiasmercedinas.com\\\/site\\\/2025\\\/04\\\/15\\\/oposicion-en-el-concejo-cuestiona-uso-de-fondos-municipales-se-utilizo-a-los-bomberos-para-liberar-una-caja\\\/#primaryimage\"},\"thumbnailUrl\":\"https:\\\/\\\/noticiasmercedinas.com\\\/site\\\/wp-content\\\/uploads\\\/2025\\\/04\\\/20250415_124304-scaled-e1744746073236.jpg\",\"keywords\":[\"bomberos voluntarios\",\"Coalici\u00f3n C\u00edvica\",\"concejo deliberante\",\"evangelina cabral\",\"la libertad avanza\",\"LLA\",\"Pro\"],\"articleSection\":[\"Politica\"],\"inLanguage\":\"es\"},{\"@type\":\"WebPage\",\"@id\":\"https:\\\/\\\/noticiasmercedinas.com\\\/site\\\/2025\\\/04\\\/15\\\/oposicion-en-el-concejo-cuestiona-uso-de-fondos-municipales-se-utilizo-a-los-bomberos-para-liberar-una-caja\\\/\",\"url\":\"https:\\\/\\\/noticiasmercedinas.com\\\/site\\\/2025\\\/04\\\/15\\\/oposicion-en-el-concejo-cuestiona-uso-de-fondos-municipales-se-utilizo-a-los-bomberos-para-liberar-una-caja\\\/\",\"name\":\"Oposici\u00f3n en el Concejo cuestiona uso de fondos municipales: \u201cSe utiliz\u00f3 a los bomberos para liberar una caja\u201d\",\"isPartOf\":{\"@id\":\"https:\\\/\\\/noticiasmercedinas.com\\\/site\\\/#website\"},\"primaryImageOfPage\":{\"@id\":\"https:\\\/\\\/noticiasmercedinas.com\\\/site\\\/2025\\\/04\\\/15\\\/oposicion-en-el-concejo-cuestiona-uso-de-fondos-municipales-se-utilizo-a-los-bomberos-para-liberar-una-caja\\\/#primaryimage\"},\"image\":{\"@id\":\"https:\\\/\\\/noticiasmercedinas.com\\\/site\\\/2025\\\/04\\\/15\\\/oposicion-en-el-concejo-cuestiona-uso-de-fondos-municipales-se-utilizo-a-los-bomberos-para-liberar-una-caja\\\/#primaryimage\"},\"thumbnailUrl\":\"https:\\\/\\\/noticiasmercedinas.com\\\/site\\\/wp-content\\\/uploads\\\/2025\\\/04\\\/20250415_124304-scaled-e1744746073236.jpg\",\"datePublished\":\"2025-04-15T20:00:00+00:00\",\"description\":\"Lo hicieron representantes del PRO, La Libertad Avanza, LLA Mercedes y la Coalici\u00f3n C\u00edvica. Aseguraron que solicitaron pasar el expediente a comisi\u00f3n y propusieron un cuarto intermedio para lograr consenso\",\"breadcrumb\":{\"@id\":\"https:\\\/\\\/noticiasmercedinas.com\\\/site\\\/2025\\\/04\\\/15\\\/oposicion-en-el-concejo-cuestiona-uso-de-fondos-municipales-se-utilizo-a-los-bomberos-para-liberar-una-caja\\\/#breadcrumb\"},\"inLanguage\":\"es\",\"potentialAction\":[{\"@type\":\"ReadAction\",\"target\":[\"https:\\\/\\\/noticiasmercedinas.com\\\/site\\\/2025\\\/04\\\/15\\\/oposicion-en-el-concejo-cuestiona-uso-de-fondos-municipales-se-utilizo-a-los-bomberos-para-liberar-una-caja\\\/\"]}]},{\"@type\":\"ImageObject\",\"inLanguage\":\"es\",\"@id\":\"https:\\\/\\\/noticiasmercedinas.com\\\/site\\\/2025\\\/04\\\/15\\\/oposicion-en-el-concejo-cuestiona-uso-de-fondos-municipales-se-utilizo-a-los-bomberos-para-liberar-una-caja\\\/#primaryimage\",\"url\":\"https:\\\/\\\/noticiasmercedinas.com\\\/site\\\/wp-content\\\/uploads\\\/2025\\\/04\\\/20250415_124304-scaled-e1744746073236.jpg\",\"contentUrl\":\"https:\\\/\\\/noticiasmercedinas.com\\\/site\\\/wp-content\\\/uploads\\\/2025\\\/04\\\/20250415_124304-scaled-e1744746073236.jpg\",\"width\":2190,\"height\":1425},{\"@type\":\"BreadcrumbList\",\"@id\":\"https:\\\/\\\/noticiasmercedinas.com\\\/site\\\/2025\\\/04\\\/15\\\/oposicion-en-el-concejo-cuestiona-uso-de-fondos-municipales-se-utilizo-a-los-bomberos-para-liberar-una-caja\\\/#breadcrumb\",\"itemListElement\":[{\"@type\":\"ListItem\",\"position\":1,\"name\":\"Portada\",\"item\":\"https:\\\/\\\/noticiasmercedinas.com\\\/site\\\/\"},{\"@type\":\"ListItem\",\"position\":2,\"name\":\"Oposici\u00f3n en el Concejo cuestiona uso de fondos municipales: \u201cSe utiliz\u00f3 a los bomberos para liberar una caja\u201d\"}]},{\"@type\":\"WebSite\",\"@id\":\"https:\\\/\\\/noticiasmercedinas.com\\\/site\\\/#website\",\"url\":\"https:\\\/\\\/noticiasmercedinas.com\\\/site\\\/\",\"name\":\"NOTICIASMERCEDINAS.COM\",\"description\":\"Mercedes, Buenos Aires, Argentina\",\"publisher\":{\"@id\":\"https:\\\/\\\/noticiasmercedinas.com\\\/site\\\/#organization\"},\"potentialAction\":[{\"@type\":\"SearchAction\",\"target\":{\"@type\":\"EntryPoint\",\"urlTemplate\":\"https:\\\/\\\/noticiasmercedinas.com\\\/site\\\/?s={search_term_string}\"},\"query-input\":{\"@type\":\"PropertyValueSpecification\",\"valueRequired\":true,\"valueName\":\"search_term_string\"}}],\"inLanguage\":\"es\"},{\"@type\":\"Organization\",\"@id\":\"https:\\\/\\\/noticiasmercedinas.com\\\/site\\\/#organization\",\"name\":\"NOTICIASMERCEDINAS.COM\",\"url\":\"https:\\\/\\\/noticiasmercedinas.com\\\/site\\\/\",\"logo\":{\"@type\":\"ImageObject\",\"inLanguage\":\"es\",\"@id\":\"https:\\\/\\\/noticiasmercedinas.com\\\/site\\\/#\\\/schema\\\/logo\\\/image\\\/\",\"url\":\"https:\\\/\\\/noticiasmercedinas.com\\\/site\\\/wp-content\\\/uploads\\\/2020\\\/06\\\/LOGO-512.jpg\",\"contentUrl\":\"https:\\\/\\\/noticiasmercedinas.com\\\/site\\\/wp-content\\\/uploads\\\/2020\\\/06\\\/LOGO-512.jpg\",\"width\":512,\"height\":512,\"caption\":\"NOTICIASMERCEDINAS.COM\"},\"image\":{\"@id\":\"https:\\\/\\\/noticiasmercedinas.com\\\/site\\\/#\\\/schema\\\/logo\\\/image\\\/\"},\"sameAs\":[\"https:\\\/\\\/www.facebook.com\\\/noticiasmercedinas\\\/\",\"https:\\\/\\\/x.com\\\/notmercedinas\",\"https:\\\/\\\/www.instagram.com\\\/noticiasmercedinas\\\/\"]},{\"@type\":\"Person\",\"@id\":\"https:\\\/\\\/noticiasmercedinas.com\\\/site\\\/#\\\/schema\\\/person\\\/84b59c099c28ff2e8b77d4ceec5d8063\",\"name\":\"NOTICIASMERCEDINAS.COM\",\"image\":{\"@type\":\"ImageObject\",\"inLanguage\":\"es\",\"@id\":\"https:\\\/\\\/secure.gravatar.com\\\/avatar\\\/4dfbf16b4d17945bfb6341b2d19043457132fcf478a5ee04f42e959fd8f5df0a?s=96&d=mm&r=g\",\"url\":\"https:\\\/\\\/secure.gravatar.com\\\/avatar\\\/4dfbf16b4d17945bfb6341b2d19043457132fcf478a5ee04f42e959fd8f5df0a?s=96&d=mm&r=g\",\"contentUrl\":\"https:\\\/\\\/secure.gravatar.com\\\/avatar\\\/4dfbf16b4d17945bfb6341b2d19043457132fcf478a5ee04f42e959fd8f5df0a?s=96&d=mm&r=g\",\"caption\":\"NOTICIASMERCEDINAS.COM\"},\"url\":\"https:\\\/\\\/noticiasmercedinas.com\\\/site\\\/author\\\/anonimo\\\/\"}]}<\/script>\n<!-- \/ Yoast SEO plugin. -->","yoast_head_json":{"title":"Oposici\u00f3n en el Concejo cuestiona uso de fondos municipales: \u201cSe utiliz\u00f3 a los bomberos para liberar una caja\u201d","description":"Lo hicieron representantes del PRO, La Libertad Avanza, LLA Mercedes y la Coalici\u00f3n C\u00edvica. Aseguraron que solicitaron pasar el expediente a comisi\u00f3n y propusieron un cuarto intermedio para lograr consenso","robots":{"index":"index","follow":"follow","max-snippet":"max-snippet:-1","max-image-preview":"max-image-preview:large","max-video-preview":"max-video-preview:-1"},"canonical":"https:\/\/noticiasmercedinas.com\/site\/2025\/04\/15\/oposicion-en-el-concejo-cuestiona-uso-de-fondos-municipales-se-utilizo-a-los-bomberos-para-liberar-una-caja\/","og_locale":"es_ES","og_type":"article","og_title":"Oposici\u00f3n en el Concejo cuestiona uso de fondos municipales: \u201cSe utiliz\u00f3 a los bomberos para liberar una caja\u201d","og_description":"Lo hicieron representantes del PRO, La Libertad Avanza, LLA Mercedes y la Coalici\u00f3n C\u00edvica. Aseguraron que solicitaron pasar el expediente a comisi\u00f3n y propusieron un cuarto intermedio para lograr consenso","og_url":"https:\/\/noticiasmercedinas.com\/site\/2025\/04\/15\/oposicion-en-el-concejo-cuestiona-uso-de-fondos-municipales-se-utilizo-a-los-bomberos-para-liberar-una-caja\/","og_site_name":"NOTICIASMERCEDINAS.COM","article_publisher":"https:\/\/www.facebook.com\/noticiasmercedinas\/","article_published_time":"2025-04-15T20:00:00+00:00","og_image":[{"width":2190,"height":1425,"url":"https:\/\/noticiasmercedinas.com\/site\/wp-content\/uploads\/2025\/04\/20250415_124304-scaled-e1744746073236.jpg","type":"image\/jpeg"}],"author":"NOTICIASMERCEDINAS.COM","twitter_card":"summary_large_image","twitter_creator":"@notmercedinas","twitter_site":"@notmercedinas","twitter_misc":{"Escrito por":"NOTICIASMERCEDINAS.COM","Tiempo de lectura":"4 minutos"},"schema":{"@context":"https:\/\/schema.org","@graph":[{"@type":"Article","@id":"https:\/\/noticiasmercedinas.com\/site\/2025\/04\/15\/oposicion-en-el-concejo-cuestiona-uso-de-fondos-municipales-se-utilizo-a-los-bomberos-para-liberar-una-caja\/#article","isPartOf":{"@id":"https:\/\/noticiasmercedinas.com\/site\/2025\/04\/15\/oposicion-en-el-concejo-cuestiona-uso-de-fondos-municipales-se-utilizo-a-los-bomberos-para-liberar-una-caja\/"},"author":{"name":"NOTICIASMERCEDINAS.COM","@id":"https:\/\/noticiasmercedinas.com\/site\/#\/schema\/person\/84b59c099c28ff2e8b77d4ceec5d8063"},"headline":"Oposici\u00f3n en el Concejo cuestiona uso de fondos municipales: \u201cSe utiliz\u00f3 a los bomberos para liberar una caja\u201d","datePublished":"2025-04-15T20:00:00+00:00","mainEntityOfPage":{"@id":"https:\/\/noticiasmercedinas.com\/site\/2025\/04\/15\/oposicion-en-el-concejo-cuestiona-uso-de-fondos-municipales-se-utilizo-a-los-bomberos-para-liberar-una-caja\/"},"wordCount":773,"publisher":{"@id":"https:\/\/noticiasmercedinas.com\/site\/#organization"},"image":{"@id":"https:\/\/noticiasmercedinas.com\/site\/2025\/04\/15\/oposicion-en-el-concejo-cuestiona-uso-de-fondos-municipales-se-utilizo-a-los-bomberos-para-liberar-una-caja\/#primaryimage"},"thumbnailUrl":"https:\/\/noticiasmercedinas.com\/site\/wp-content\/uploads\/2025\/04\/20250415_124304-scaled-e1744746073236.jpg","keywords":["bomberos voluntarios","Coalici\u00f3n C\u00edvica","concejo deliberante","evangelina cabral","la libertad avanza","LLA","Pro"],"articleSection":["Politica"],"inLanguage":"es"},{"@type":"WebPage","@id":"https:\/\/noticiasmercedinas.com\/site\/2025\/04\/15\/oposicion-en-el-concejo-cuestiona-uso-de-fondos-municipales-se-utilizo-a-los-bomberos-para-liberar-una-caja\/","url":"https:\/\/noticiasmercedinas.com\/site\/2025\/04\/15\/oposicion-en-el-concejo-cuestiona-uso-de-fondos-municipales-se-utilizo-a-los-bomberos-para-liberar-una-caja\/","name":"Oposici\u00f3n en el Concejo cuestiona uso de fondos municipales: \u201cSe utiliz\u00f3 a los bomberos para liberar una caja\u201d","isPartOf":{"@id":"https:\/\/noticiasmercedinas.com\/site\/#website"},"primaryImageOfPage":{"@id":"https:\/\/noticiasmercedinas.com\/site\/2025\/04\/15\/oposicion-en-el-concejo-cuestiona-uso-de-fondos-municipales-se-utilizo-a-los-bomberos-para-liberar-una-caja\/#primaryimage"},"image":{"@id":"https:\/\/noticiasmercedinas.com\/site\/2025\/04\/15\/oposicion-en-el-concejo-cuestiona-uso-de-fondos-municipales-se-utilizo-a-los-bomberos-para-liberar-una-caja\/#primaryimage"},"thumbnailUrl":"https:\/\/noticiasmercedinas.com\/site\/wp-content\/uploads\/2025\/04\/20250415_124304-scaled-e1744746073236.jpg","datePublished":"2025-04-15T20:00:00+00:00","description":"Lo hicieron representantes del PRO, La Libertad Avanza, LLA Mercedes y la Coalici\u00f3n C\u00edvica. Aseguraron que solicitaron pasar el expediente a comisi\u00f3n y propusieron un cuarto intermedio para lograr consenso","breadcrumb":{"@id":"https:\/\/noticiasmercedinas.com\/site\/2025\/04\/15\/oposicion-en-el-concejo-cuestiona-uso-de-fondos-municipales-se-utilizo-a-los-bomberos-para-liberar-una-caja\/#breadcrumb"},"inLanguage":"es","potentialAction":[{"@type":"ReadAction","target":["https:\/\/noticiasmercedinas.com\/site\/2025\/04\/15\/oposicion-en-el-concejo-cuestiona-uso-de-fondos-municipales-se-utilizo-a-los-bomberos-para-liberar-una-caja\/"]}]},{"@type":"ImageObject","inLanguage":"es","@id":"https:\/\/noticiasmercedinas.com\/site\/2025\/04\/15\/oposicion-en-el-concejo-cuestiona-uso-de-fondos-municipales-se-utilizo-a-los-bomberos-para-liberar-una-caja\/#primaryimage","url":"https:\/\/noticiasmercedinas.com\/site\/wp-content\/uploads\/2025\/04\/20250415_124304-scaled-e1744746073236.jpg","contentUrl":"https:\/\/noticiasmercedinas.com\/site\/wp-content\/uploads\/2025\/04\/20250415_124304-scaled-e1744746073236.jpg","width":2190,"height":1425},{"@type":"BreadcrumbList","@id":"https:\/\/noticiasmercedinas.com\/site\/2025\/04\/15\/oposicion-en-el-concejo-cuestiona-uso-de-fondos-municipales-se-utilizo-a-los-bomberos-para-liberar-una-caja\/#breadcrumb","itemListElement":[{"@type":"ListItem","position":1,"name":"Portada","item":"https:\/\/noticiasmercedinas.com\/site\/"},{"@type":"ListItem","position":2,"name":"Oposici\u00f3n en el Concejo cuestiona uso de fondos municipales: \u201cSe utiliz\u00f3 a los bomberos para liberar una caja\u201d"}]},{"@type":"WebSite","@id":"https:\/\/noticiasmercedinas.com\/site\/#website","url":"https:\/\/noticiasmercedinas.com\/site\/","name":"NOTICIASMERCEDINAS.COM","description":"Mercedes, Buenos Aires, Argentina","publisher":{"@id":"https:\/\/noticiasmercedinas.com\/site\/#organization"},"potentialAction":[{"@type":"SearchAction","target":{"@type":"EntryPoint","urlTemplate":"https:\/\/noticiasmercedinas.com\/site\/?s={search_term_string}"},"query-input":{"@type":"PropertyValueSpecification","valueRequired":true,"valueName":"search_term_string"}}],"inLanguage":"es"},{"@type":"Organization","@id":"https:\/\/noticiasmercedinas.com\/site\/#organization","name":"NOTICIASMERCEDINAS.COM","url":"https:\/\/noticiasmercedinas.com\/site\/","logo":{"@type":"ImageObject","inLanguage":"es","@id":"https:\/\/noticiasmercedinas.com\/site\/#\/schema\/logo\/image\/","url":"https:\/\/noticiasmercedinas.com\/site\/wp-content\/uploads\/2020\/06\/LOGO-512.jpg","contentUrl":"https:\/\/noticiasmercedinas.com\/site\/wp-content\/uploads\/2020\/06\/LOGO-512.jpg","width":512,"height":512,"caption":"NOTICIASMERCEDINAS.COM"},"image":{"@id":"https:\/\/noticiasmercedinas.com\/site\/#\/schema\/logo\/image\/"},"sameAs":["https:\/\/www.facebook.com\/noticiasmercedinas\/","https:\/\/x.com\/notmercedinas","https:\/\/www.instagram.com\/noticiasmercedinas\/"]},{"@type":"Person","@id":"https:\/\/noticiasmercedinas.com\/site\/#\/schema\/person\/84b59c099c28ff2e8b77d4ceec5d8063","name":"NOTICIASMERCEDINAS.COM","image":{"@type":"ImageObject","inLanguage":"es","@id":"https:\/\/secure.gravatar.com\/avatar\/4dfbf16b4d17945bfb6341b2d19043457132fcf478a5ee04f42e959fd8f5df0a?s=96&d=mm&r=g","url":"https:\/\/secure.gravatar.com\/avatar\/4dfbf16b4d17945bfb6341b2d19043457132fcf478a5ee04f42e959fd8f5df0a?s=96&d=mm&r=g","contentUrl":"https:\/\/secure.gravatar.com\/avatar\/4dfbf16b4d17945bfb6341b2d19043457132fcf478a5ee04f42e959fd8f5df0a?s=96&d=mm&r=g","caption":"NOTICIASMERCEDINAS.COM"},"url":"https:\/\/noticiasmercedinas.com\/site\/author\/anonimo\/"}]}},"amp_enabled":true,"_links":{"self":[{"href":"https:\/\/noticiasmercedinas.com\/site\/wp-json\/wp\/v2\/posts\/157390","targetHints":{"allow":["GET"]}}],"collection":[{"href":"https:\/\/noticiasmercedinas.com\/site\/wp-json\/wp\/v2\/posts"}],"about":[{"href":"https:\/\/noticiasmercedinas.com\/site\/wp-json\/wp\/v2\/types\/post"}],"author":[{"embeddable":true,"href":"https:\/\/noticiasmercedinas.com\/site\/wp-json\/wp\/v2\/users\/16"}],"replies":[{"embeddable":true,"href":"https:\/\/noticiasmercedinas.com\/site\/wp-json\/wp\/v2\/comments?post=157390"}],"version-history":[{"count":1,"href":"https:\/\/noticiasmercedinas.com\/site\/wp-json\/wp\/v2\/posts\/157390\/revisions"}],"predecessor-version":[{"id":157393,"href":"https:\/\/noticiasmercedinas.com\/site\/wp-json\/wp\/v2\/posts\/157390\/revisions\/157393"}],"wp:featuredmedia":[{"embeddable":true,"href":"https:\/\/noticiasmercedinas.com\/site\/wp-json\/wp\/v2\/media\/157391"}],"wp:attachment":[{"href":"https:\/\/noticiasmercedinas.com\/site\/wp-json\/wp\/v2\/media?parent=157390"}],"wp:term":[{"taxonomy":"category","embeddable":true,"href":"https:\/\/noticiasmercedinas.com\/site\/wp-json\/wp\/v2\/categories?post=157390"},{"taxonomy":"post_tag","embeddable":true,"href":"https:\/\/noticiasmercedinas.com\/site\/wp-json\/wp\/v2\/tags?post=157390"}],"curies":[{"name":"wp","href":"https:\/\/api.w.org\/{rel}","templated":true}]}}