{"id":157404,"date":"2025-04-15T20:28:50","date_gmt":"2025-04-15T23:28:50","guid":{"rendered":"https:\/\/noticiasmercedinas.com\/site\/?p=157404"},"modified":"2025-04-15T20:28:50","modified_gmt":"2025-04-15T23:28:50","slug":"analia-vera-y-javier-martinez-ganaron-el-primer-premio-en-tejo-mixto-en-caseros","status":"publish","type":"post","link":"https:\/\/noticiasmercedinas.com\/site\/2025\/04\/15\/analia-vera-y-javier-martinez-ganaron-el-primer-premio-en-tejo-mixto-en-caseros\/","title":{"rendered":"Anal\u00eda Vera y Javier Mart\u00ednez ganaron el primer premio en Tejo mixto en Caseros"},"content":{"rendered":"<p><img loading=\"lazy\" decoding=\"async\" class=\"alignnone size-full wp-image-157405\" src=\"https:\/\/noticiasmercedinas.com\/site\/wp-content\/uploads\/2025\/04\/IMG-20250415-WA0075-e1744759587749.jpg\" alt=\"\" width=\"1194\" height=\"940\" srcset=\"https:\/\/noticiasmercedinas.com\/site\/wp-content\/uploads\/2025\/04\/IMG-20250415-WA0075-e1744759587749.jpg 1194w, https:\/\/noticiasmercedinas.com\/site\/wp-content\/uploads\/2025\/04\/IMG-20250415-WA0075-e1744759587749-300x236.jpg 300w, https:\/\/noticiasmercedinas.com\/site\/wp-content\/uploads\/2025\/04\/IMG-20250415-WA0075-e1744759587749-1024x806.jpg 1024w, https:\/\/noticiasmercedinas.com\/site\/wp-content\/uploads\/2025\/04\/IMG-20250415-WA0075-e1744759587749-768x605.jpg 768w, https:\/\/noticiasmercedinas.com\/site\/wp-content\/uploads\/2025\/04\/IMG-20250415-WA0075-e1744759587749-640x504.jpg 640w, https:\/\/noticiasmercedinas.com\/site\/wp-content\/uploads\/2025\/04\/IMG-20250415-WA0075-e1744759587749-681x536.jpg 681w\" sizes=\"auto, (max-width: 1194px) 100vw, 1194px\" \/><\/p>\n<p>Los deportistas Anal\u00eda Vera y Javier Mart\u00ednez, representantes de Tom\u00e1s Jofr\u00e9, obtuvieron el primer premio en la disciplina Tejo, modalidad categor\u00eda mixta, durante una jornada realizada en la Plaza Pineral de Caseros, en la Ciudad de Buenos Aires.<\/p>\n<p>El trofeo fue entregado por el presidente del Club Pineral, Asim Seba, y tuvo un valor especial para los mercedinos, ya que tanto Anal\u00eda como Javier son fundadores de las dos primeras canchas reglamentarias y profesionales de Tejo en el pueblo tur\u00edstico de Tom\u00e1s Jofr\u00e9. En ese espacio deportivo, que ellos mismos mantienen en \u00f3ptimas condiciones, entrenan y comparten el deporte con visitantes cada fin de semana.<\/p>\n<p>El logro fue destacado como un merecido reconocimiento a la constancia y al esfuerzo que implica sostener un predio deportivo de calidad, acorde a las exigencias de esta disciplina.<\/p>\n<p>Tras la reciente realizaci\u00f3n del Torneo Malvinas Argentinas \u2014que se disput\u00f3 el 2 de abril y consagr\u00f3 a jugadores del Club Villa del Parque de Mercedes\u2014, ya est\u00e1 en marcha la organizaci\u00f3n del pr\u00f3ximo torneo que tendr\u00e1 lugar el mi\u00e9rcoles 1\u00ba de mayo, D\u00eda del Trabajador, en Tom\u00e1s Jofr\u00e9.<\/p>\n<p>Para esta nueva fecha ya confirmaron su participaci\u00f3n deportistas de Mercedes, Gowland, Navarro, Suipacha, Lobos, Capit\u00e1n Sarmiento y Veinticinco de Mayo, ciudad natal de Anal\u00eda Vera. La inscripci\u00f3n contin\u00faa abierta y, como siempre, es libre y gratuita.<\/p>\n","protected":false},"excerpt":{"rendered":"<p>Un merecido reconocimiento a la constancia y al esfuerzo que implica sostener un predio deportivo de calidad, en Tomas Jofr\u00e9, acorde a las exigencias de esta disciplina.<\/p>\n","protected":false},"author":16,"featured_media":157405,"comment_status":"closed","ping_status":"closed","sticky":false,"template":"","format":"standard","meta":{"footnotes":""},"categories":[5],"tags":[7976,19930,19931],"class_list":["post-157404","post","type-post","status-publish","format-standard","has-post-thumbnail","hentry","category-deportes","tag-caseros","tag-tejo","tag-toma-jofre"],"yoast_head":"<!-- This site is optimized with the Yoast SEO plugin v27.4 - https:\/\/yoast.com\/product\/yoast-seo-wordpress\/ -->\n<title>Anal\u00eda Vera y Javier Mart\u00ednez ganaron el primer premio en Tejo mixto en Caseros<\/title>\n<meta name=\"robots\" content=\"index, follow, max-snippet:-1, max-image-preview:large, max-video-preview:-1\" \/>\n<link rel=\"canonical\" href=\"https:\/\/noticiasmercedinas.com\/site\/2025\/04\/15\/analia-vera-y-javier-martinez-ganaron-el-primer-premio-en-tejo-mixto-en-caseros\/\" \/>\n<meta property=\"og:locale\" content=\"es_ES\" \/>\n<meta property=\"og:type\" content=\"article\" \/>\n<meta property=\"og:title\" content=\"Anal\u00eda Vera y Javier Mart\u00ednez ganaron el primer premio en Tejo mixto en Caseros\" \/>\n<meta property=\"og:description\" content=\"Un merecido reconocimiento a la constancia y al esfuerzo que implica sostener un predio deportivo de calidad, en Tomas Jofr\u00e9, acorde a las exigencias de esta disciplina.\" \/>\n<meta property=\"og:url\" content=\"https:\/\/noticiasmercedinas.com\/site\/2025\/04\/15\/analia-vera-y-javier-martinez-ganaron-el-primer-premio-en-tejo-mixto-en-caseros\/\" \/>\n<meta property=\"og:site_name\" content=\"NOTICIASMERCEDINAS.COM\" \/>\n<meta property=\"article:publisher\" content=\"https:\/\/www.facebook.com\/noticiasmercedinas\/\" \/>\n<meta property=\"article:published_time\" content=\"2025-04-15T23:28:50+00:00\" \/>\n<meta property=\"og:image\" content=\"https:\/\/noticiasmercedinas.com\/site\/wp-content\/uploads\/2025\/04\/IMG-20250415-WA0075-e1744759587749.jpg\" \/>\n\t<meta property=\"og:image:width\" content=\"1194\" \/>\n\t<meta property=\"og:image:height\" content=\"940\" \/>\n\t<meta property=\"og:image:type\" content=\"image\/jpeg\" \/>\n<meta name=\"author\" content=\"NOTICIASMERCEDINAS.COM\" \/>\n<meta name=\"twitter:card\" content=\"summary_large_image\" \/>\n<meta name=\"twitter:creator\" content=\"@notmercedinas\" \/>\n<meta name=\"twitter:site\" content=\"@notmercedinas\" \/>\n<meta name=\"twitter:label1\" content=\"Escrito por\" \/>\n\t<meta name=\"twitter:data1\" content=\"NOTICIASMERCEDINAS.COM\" \/>\n\t<meta name=\"twitter:label2\" content=\"Tiempo de lectura\" \/>\n\t<meta name=\"twitter:data2\" content=\"2 minutos\" \/>\n<script type=\"application\/ld+json\" class=\"yoast-schema-graph\">{\"@context\":\"https:\\\/\\\/schema.org\",\"@graph\":[{\"@type\":\"Article\",\"@id\":\"https:\\\/\\\/noticiasmercedinas.com\\\/site\\\/2025\\\/04\\\/15\\\/analia-vera-y-javier-martinez-ganaron-el-primer-premio-en-tejo-mixto-en-caseros\\\/#article\",\"isPartOf\":{\"@id\":\"https:\\\/\\\/noticiasmercedinas.com\\\/site\\\/2025\\\/04\\\/15\\\/analia-vera-y-javier-martinez-ganaron-el-primer-premio-en-tejo-mixto-en-caseros\\\/\"},\"author\":{\"name\":\"NOTICIASMERCEDINAS.COM\",\"@id\":\"https:\\\/\\\/noticiasmercedinas.com\\\/site\\\/#\\\/schema\\\/person\\\/84b59c099c28ff2e8b77d4ceec5d8063\"},\"headline\":\"Anal\u00eda Vera y Javier Mart\u00ednez ganaron el primer premio en Tejo mixto en Caseros\",\"datePublished\":\"2025-04-15T23:28:50+00:00\",\"mainEntityOfPage\":{\"@id\":\"https:\\\/\\\/noticiasmercedinas.com\\\/site\\\/2025\\\/04\\\/15\\\/analia-vera-y-javier-martinez-ganaron-el-primer-premio-en-tejo-mixto-en-caseros\\\/\"},\"wordCount\":252,\"publisher\":{\"@id\":\"https:\\\/\\\/noticiasmercedinas.com\\\/site\\\/#organization\"},\"image\":{\"@id\":\"https:\\\/\\\/noticiasmercedinas.com\\\/site\\\/2025\\\/04\\\/15\\\/analia-vera-y-javier-martinez-ganaron-el-primer-premio-en-tejo-mixto-en-caseros\\\/#primaryimage\"},\"thumbnailUrl\":\"https:\\\/\\\/noticiasmercedinas.com\\\/site\\\/wp-content\\\/uploads\\\/2025\\\/04\\\/IMG-20250415-WA0075-e1744759587749.jpg\",\"keywords\":[\"caseros\",\"Tejo\",\"toma Jofre\"],\"articleSection\":[\"Deportes\"],\"inLanguage\":\"es\"},{\"@type\":\"WebPage\",\"@id\":\"https:\\\/\\\/noticiasmercedinas.com\\\/site\\\/2025\\\/04\\\/15\\\/analia-vera-y-javier-martinez-ganaron-el-primer-premio-en-tejo-mixto-en-caseros\\\/\",\"url\":\"https:\\\/\\\/noticiasmercedinas.com\\\/site\\\/2025\\\/04\\\/15\\\/analia-vera-y-javier-martinez-ganaron-el-primer-premio-en-tejo-mixto-en-caseros\\\/\",\"name\":\"Anal\u00eda Vera y Javier Mart\u00ednez ganaron el primer premio en Tejo mixto en Caseros\",\"isPartOf\":{\"@id\":\"https:\\\/\\\/noticiasmercedinas.com\\\/site\\\/#website\"},\"primaryImageOfPage\":{\"@id\":\"https:\\\/\\\/noticiasmercedinas.com\\\/site\\\/2025\\\/04\\\/15\\\/analia-vera-y-javier-martinez-ganaron-el-primer-premio-en-tejo-mixto-en-caseros\\\/#primaryimage\"},\"image\":{\"@id\":\"https:\\\/\\\/noticiasmercedinas.com\\\/site\\\/2025\\\/04\\\/15\\\/analia-vera-y-javier-martinez-ganaron-el-primer-premio-en-tejo-mixto-en-caseros\\\/#primaryimage\"},\"thumbnailUrl\":\"https:\\\/\\\/noticiasmercedinas.com\\\/site\\\/wp-content\\\/uploads\\\/2025\\\/04\\\/IMG-20250415-WA0075-e1744759587749.jpg\",\"datePublished\":\"2025-04-15T23:28:50+00:00\",\"breadcrumb\":{\"@id\":\"https:\\\/\\\/noticiasmercedinas.com\\\/site\\\/2025\\\/04\\\/15\\\/analia-vera-y-javier-martinez-ganaron-el-primer-premio-en-tejo-mixto-en-caseros\\\/#breadcrumb\"},\"inLanguage\":\"es\",\"potentialAction\":[{\"@type\":\"ReadAction\",\"target\":[\"https:\\\/\\\/noticiasmercedinas.com\\\/site\\\/2025\\\/04\\\/15\\\/analia-vera-y-javier-martinez-ganaron-el-primer-premio-en-tejo-mixto-en-caseros\\\/\"]}]},{\"@type\":\"ImageObject\",\"inLanguage\":\"es\",\"@id\":\"https:\\\/\\\/noticiasmercedinas.com\\\/site\\\/2025\\\/04\\\/15\\\/analia-vera-y-javier-martinez-ganaron-el-primer-premio-en-tejo-mixto-en-caseros\\\/#primaryimage\",\"url\":\"https:\\\/\\\/noticiasmercedinas.com\\\/site\\\/wp-content\\\/uploads\\\/2025\\\/04\\\/IMG-20250415-WA0075-e1744759587749.jpg\",\"contentUrl\":\"https:\\\/\\\/noticiasmercedinas.com\\\/site\\\/wp-content\\\/uploads\\\/2025\\\/04\\\/IMG-20250415-WA0075-e1744759587749.jpg\",\"width\":1194,\"height\":940},{\"@type\":\"BreadcrumbList\",\"@id\":\"https:\\\/\\\/noticiasmercedinas.com\\\/site\\\/2025\\\/04\\\/15\\\/analia-vera-y-javier-martinez-ganaron-el-primer-premio-en-tejo-mixto-en-caseros\\\/#breadcrumb\",\"itemListElement\":[{\"@type\":\"ListItem\",\"position\":1,\"name\":\"Portada\",\"item\":\"https:\\\/\\\/noticiasmercedinas.com\\\/site\\\/\"},{\"@type\":\"ListItem\",\"position\":2,\"name\":\"Anal\u00eda Vera y Javier Mart\u00ednez ganaron el primer premio en Tejo mixto en Caseros\"}]},{\"@type\":\"WebSite\",\"@id\":\"https:\\\/\\\/noticiasmercedinas.com\\\/site\\\/#website\",\"url\":\"https:\\\/\\\/noticiasmercedinas.com\\\/site\\\/\",\"name\":\"NOTICIASMERCEDINAS.COM\",\"description\":\"Mercedes, Buenos Aires, Argentina\",\"publisher\":{\"@id\":\"https:\\\/\\\/noticiasmercedinas.com\\\/site\\\/#organization\"},\"potentialAction\":[{\"@type\":\"SearchAction\",\"target\":{\"@type\":\"EntryPoint\",\"urlTemplate\":\"https:\\\/\\\/noticiasmercedinas.com\\\/site\\\/?s={search_term_string}\"},\"query-input\":{\"@type\":\"PropertyValueSpecification\",\"valueRequired\":true,\"valueName\":\"search_term_string\"}}],\"inLanguage\":\"es\"},{\"@type\":\"Organization\",\"@id\":\"https:\\\/\\\/noticiasmercedinas.com\\\/site\\\/#organization\",\"name\":\"NOTICIASMERCEDINAS.COM\",\"url\":\"https:\\\/\\\/noticiasmercedinas.com\\\/site\\\/\",\"logo\":{\"@type\":\"ImageObject\",\"inLanguage\":\"es\",\"@id\":\"https:\\\/\\\/noticiasmercedinas.com\\\/site\\\/#\\\/schema\\\/logo\\\/image\\\/\",\"url\":\"https:\\\/\\\/noticiasmercedinas.com\\\/site\\\/wp-content\\\/uploads\\\/2020\\\/06\\\/LOGO-512.jpg\",\"contentUrl\":\"https:\\\/\\\/noticiasmercedinas.com\\\/site\\\/wp-content\\\/uploads\\\/2020\\\/06\\\/LOGO-512.jpg\",\"width\":512,\"height\":512,\"caption\":\"NOTICIASMERCEDINAS.COM\"},\"image\":{\"@id\":\"https:\\\/\\\/noticiasmercedinas.com\\\/site\\\/#\\\/schema\\\/logo\\\/image\\\/\"},\"sameAs\":[\"https:\\\/\\\/www.facebook.com\\\/noticiasmercedinas\\\/\",\"https:\\\/\\\/x.com\\\/notmercedinas\",\"https:\\\/\\\/www.instagram.com\\\/noticiasmercedinas\\\/\"]},{\"@type\":\"Person\",\"@id\":\"https:\\\/\\\/noticiasmercedinas.com\\\/site\\\/#\\\/schema\\\/person\\\/84b59c099c28ff2e8b77d4ceec5d8063\",\"name\":\"NOTICIASMERCEDINAS.COM\",\"image\":{\"@type\":\"ImageObject\",\"inLanguage\":\"es\",\"@id\":\"https:\\\/\\\/secure.gravatar.com\\\/avatar\\\/4dfbf16b4d17945bfb6341b2d19043457132fcf478a5ee04f42e959fd8f5df0a?s=96&d=mm&r=g\",\"url\":\"https:\\\/\\\/secure.gravatar.com\\\/avatar\\\/4dfbf16b4d17945bfb6341b2d19043457132fcf478a5ee04f42e959fd8f5df0a?s=96&d=mm&r=g\",\"contentUrl\":\"https:\\\/\\\/secure.gravatar.com\\\/avatar\\\/4dfbf16b4d17945bfb6341b2d19043457132fcf478a5ee04f42e959fd8f5df0a?s=96&d=mm&r=g\",\"caption\":\"NOTICIASMERCEDINAS.COM\"},\"url\":\"https:\\\/\\\/noticiasmercedinas.com\\\/site\\\/author\\\/anonimo\\\/\"}]}<\/script>\n<!-- \/ Yoast SEO plugin. -->","yoast_head_json":{"title":"Anal\u00eda Vera y Javier Mart\u00ednez ganaron el primer premio en Tejo mixto en Caseros","robots":{"index":"index","follow":"follow","max-snippet":"max-snippet:-1","max-image-preview":"max-image-preview:large","max-video-preview":"max-video-preview:-1"},"canonical":"https:\/\/noticiasmercedinas.com\/site\/2025\/04\/15\/analia-vera-y-javier-martinez-ganaron-el-primer-premio-en-tejo-mixto-en-caseros\/","og_locale":"es_ES","og_type":"article","og_title":"Anal\u00eda Vera y Javier Mart\u00ednez ganaron el primer premio en Tejo mixto en Caseros","og_description":"Un merecido reconocimiento a la constancia y al esfuerzo que implica sostener un predio deportivo de calidad, en Tomas Jofr\u00e9, acorde a las exigencias de esta disciplina.","og_url":"https:\/\/noticiasmercedinas.com\/site\/2025\/04\/15\/analia-vera-y-javier-martinez-ganaron-el-primer-premio-en-tejo-mixto-en-caseros\/","og_site_name":"NOTICIASMERCEDINAS.COM","article_publisher":"https:\/\/www.facebook.com\/noticiasmercedinas\/","article_published_time":"2025-04-15T23:28:50+00:00","og_image":[{"width":1194,"height":940,"url":"https:\/\/noticiasmercedinas.com\/site\/wp-content\/uploads\/2025\/04\/IMG-20250415-WA0075-e1744759587749.jpg","type":"image\/jpeg"}],"author":"NOTICIASMERCEDINAS.COM","twitter_card":"summary_large_image","twitter_creator":"@notmercedinas","twitter_site":"@notmercedinas","twitter_misc":{"Escrito por":"NOTICIASMERCEDINAS.COM","Tiempo de lectura":"2 minutos"},"schema":{"@context":"https:\/\/schema.org","@graph":[{"@type":"Article","@id":"https:\/\/noticiasmercedinas.com\/site\/2025\/04\/15\/analia-vera-y-javier-martinez-ganaron-el-primer-premio-en-tejo-mixto-en-caseros\/#article","isPartOf":{"@id":"https:\/\/noticiasmercedinas.com\/site\/2025\/04\/15\/analia-vera-y-javier-martinez-ganaron-el-primer-premio-en-tejo-mixto-en-caseros\/"},"author":{"name":"NOTICIASMERCEDINAS.COM","@id":"https:\/\/noticiasmercedinas.com\/site\/#\/schema\/person\/84b59c099c28ff2e8b77d4ceec5d8063"},"headline":"Anal\u00eda Vera y Javier Mart\u00ednez ganaron el primer premio en Tejo mixto en Caseros","datePublished":"2025-04-15T23:28:50+00:00","mainEntityOfPage":{"@id":"https:\/\/noticiasmercedinas.com\/site\/2025\/04\/15\/analia-vera-y-javier-martinez-ganaron-el-primer-premio-en-tejo-mixto-en-caseros\/"},"wordCount":252,"publisher":{"@id":"https:\/\/noticiasmercedinas.com\/site\/#organization"},"image":{"@id":"https:\/\/noticiasmercedinas.com\/site\/2025\/04\/15\/analia-vera-y-javier-martinez-ganaron-el-primer-premio-en-tejo-mixto-en-caseros\/#primaryimage"},"thumbnailUrl":"https:\/\/noticiasmercedinas.com\/site\/wp-content\/uploads\/2025\/04\/IMG-20250415-WA0075-e1744759587749.jpg","keywords":["caseros","Tejo","toma Jofre"],"articleSection":["Deportes"],"inLanguage":"es"},{"@type":"WebPage","@id":"https:\/\/noticiasmercedinas.com\/site\/2025\/04\/15\/analia-vera-y-javier-martinez-ganaron-el-primer-premio-en-tejo-mixto-en-caseros\/","url":"https:\/\/noticiasmercedinas.com\/site\/2025\/04\/15\/analia-vera-y-javier-martinez-ganaron-el-primer-premio-en-tejo-mixto-en-caseros\/","name":"Anal\u00eda Vera y Javier Mart\u00ednez ganaron el primer premio en Tejo mixto en Caseros","isPartOf":{"@id":"https:\/\/noticiasmercedinas.com\/site\/#website"},"primaryImageOfPage":{"@id":"https:\/\/noticiasmercedinas.com\/site\/2025\/04\/15\/analia-vera-y-javier-martinez-ganaron-el-primer-premio-en-tejo-mixto-en-caseros\/#primaryimage"},"image":{"@id":"https:\/\/noticiasmercedinas.com\/site\/2025\/04\/15\/analia-vera-y-javier-martinez-ganaron-el-primer-premio-en-tejo-mixto-en-caseros\/#primaryimage"},"thumbnailUrl":"https:\/\/noticiasmercedinas.com\/site\/wp-content\/uploads\/2025\/04\/IMG-20250415-WA0075-e1744759587749.jpg","datePublished":"2025-04-15T23:28:50+00:00","breadcrumb":{"@id":"https:\/\/noticiasmercedinas.com\/site\/2025\/04\/15\/analia-vera-y-javier-martinez-ganaron-el-primer-premio-en-tejo-mixto-en-caseros\/#breadcrumb"},"inLanguage":"es","potentialAction":[{"@type":"ReadAction","target":["https:\/\/noticiasmercedinas.com\/site\/2025\/04\/15\/analia-vera-y-javier-martinez-ganaron-el-primer-premio-en-tejo-mixto-en-caseros\/"]}]},{"@type":"ImageObject","inLanguage":"es","@id":"https:\/\/noticiasmercedinas.com\/site\/2025\/04\/15\/analia-vera-y-javier-martinez-ganaron-el-primer-premio-en-tejo-mixto-en-caseros\/#primaryimage","url":"https:\/\/noticiasmercedinas.com\/site\/wp-content\/uploads\/2025\/04\/IMG-20250415-WA0075-e1744759587749.jpg","contentUrl":"https:\/\/noticiasmercedinas.com\/site\/wp-content\/uploads\/2025\/04\/IMG-20250415-WA0075-e1744759587749.jpg","width":1194,"height":940},{"@type":"BreadcrumbList","@id":"https:\/\/noticiasmercedinas.com\/site\/2025\/04\/15\/analia-vera-y-javier-martinez-ganaron-el-primer-premio-en-tejo-mixto-en-caseros\/#breadcrumb","itemListElement":[{"@type":"ListItem","position":1,"name":"Portada","item":"https:\/\/noticiasmercedinas.com\/site\/"},{"@type":"ListItem","position":2,"name":"Anal\u00eda Vera y Javier Mart\u00ednez ganaron el primer premio en Tejo mixto en Caseros"}]},{"@type":"WebSite","@id":"https:\/\/noticiasmercedinas.com\/site\/#website","url":"https:\/\/noticiasmercedinas.com\/site\/","name":"NOTICIASMERCEDINAS.COM","description":"Mercedes, Buenos Aires, Argentina","publisher":{"@id":"https:\/\/noticiasmercedinas.com\/site\/#organization"},"potentialAction":[{"@type":"SearchAction","target":{"@type":"EntryPoint","urlTemplate":"https:\/\/noticiasmercedinas.com\/site\/?s={search_term_string}"},"query-input":{"@type":"PropertyValueSpecification","valueRequired":true,"valueName":"search_term_string"}}],"inLanguage":"es"},{"@type":"Organization","@id":"https:\/\/noticiasmercedinas.com\/site\/#organization","name":"NOTICIASMERCEDINAS.COM","url":"https:\/\/noticiasmercedinas.com\/site\/","logo":{"@type":"ImageObject","inLanguage":"es","@id":"https:\/\/noticiasmercedinas.com\/site\/#\/schema\/logo\/image\/","url":"https:\/\/noticiasmercedinas.com\/site\/wp-content\/uploads\/2020\/06\/LOGO-512.jpg","contentUrl":"https:\/\/noticiasmercedinas.com\/site\/wp-content\/uploads\/2020\/06\/LOGO-512.jpg","width":512,"height":512,"caption":"NOTICIASMERCEDINAS.COM"},"image":{"@id":"https:\/\/noticiasmercedinas.com\/site\/#\/schema\/logo\/image\/"},"sameAs":["https:\/\/www.facebook.com\/noticiasmercedinas\/","https:\/\/x.com\/notmercedinas","https:\/\/www.instagram.com\/noticiasmercedinas\/"]},{"@type":"Person","@id":"https:\/\/noticiasmercedinas.com\/site\/#\/schema\/person\/84b59c099c28ff2e8b77d4ceec5d8063","name":"NOTICIASMERCEDINAS.COM","image":{"@type":"ImageObject","inLanguage":"es","@id":"https:\/\/secure.gravatar.com\/avatar\/4dfbf16b4d17945bfb6341b2d19043457132fcf478a5ee04f42e959fd8f5df0a?s=96&d=mm&r=g","url":"https:\/\/secure.gravatar.com\/avatar\/4dfbf16b4d17945bfb6341b2d19043457132fcf478a5ee04f42e959fd8f5df0a?s=96&d=mm&r=g","contentUrl":"https:\/\/secure.gravatar.com\/avatar\/4dfbf16b4d17945bfb6341b2d19043457132fcf478a5ee04f42e959fd8f5df0a?s=96&d=mm&r=g","caption":"NOTICIASMERCEDINAS.COM"},"url":"https:\/\/noticiasmercedinas.com\/site\/author\/anonimo\/"}]}},"amp_enabled":true,"_links":{"self":[{"href":"https:\/\/noticiasmercedinas.com\/site\/wp-json\/wp\/v2\/posts\/157404","targetHints":{"allow":["GET"]}}],"collection":[{"href":"https:\/\/noticiasmercedinas.com\/site\/wp-json\/wp\/v2\/posts"}],"about":[{"href":"https:\/\/noticiasmercedinas.com\/site\/wp-json\/wp\/v2\/types\/post"}],"author":[{"embeddable":true,"href":"https:\/\/noticiasmercedinas.com\/site\/wp-json\/wp\/v2\/users\/16"}],"replies":[{"embeddable":true,"href":"https:\/\/noticiasmercedinas.com\/site\/wp-json\/wp\/v2\/comments?post=157404"}],"version-history":[{"count":1,"href":"https:\/\/noticiasmercedinas.com\/site\/wp-json\/wp\/v2\/posts\/157404\/revisions"}],"predecessor-version":[{"id":157406,"href":"https:\/\/noticiasmercedinas.com\/site\/wp-json\/wp\/v2\/posts\/157404\/revisions\/157406"}],"wp:featuredmedia":[{"embeddable":true,"href":"https:\/\/noticiasmercedinas.com\/site\/wp-json\/wp\/v2\/media\/157405"}],"wp:attachment":[{"href":"https:\/\/noticiasmercedinas.com\/site\/wp-json\/wp\/v2\/media?parent=157404"}],"wp:term":[{"taxonomy":"category","embeddable":true,"href":"https:\/\/noticiasmercedinas.com\/site\/wp-json\/wp\/v2\/categories?post=157404"},{"taxonomy":"post_tag","embeddable":true,"href":"https:\/\/noticiasmercedinas.com\/site\/wp-json\/wp\/v2\/tags?post=157404"}],"curies":[{"name":"wp","href":"https:\/\/api.w.org\/{rel}","templated":true}]}}