{"id":157492,"date":"2025-04-16T19:14:29","date_gmt":"2025-04-16T22:14:29","guid":{"rendered":"https:\/\/noticiasmercedinas.com\/site\/?p=157492"},"modified":"2025-04-16T19:20:21","modified_gmt":"2025-04-16T22:20:21","slug":"jo-marcel-lanzo-primavera-una-samba-con-denuncia-y-compromiso","status":"publish","type":"post","link":"https:\/\/noticiasmercedinas.com\/site\/2025\/04\/16\/jo-marcel-lanzo-primavera-una-samba-con-denuncia-y-compromiso\/","title":{"rendered":"Jo Marcel lanz\u00f3 \u00abPrimavera\u00bb, una zamba con denuncia y compromiso"},"content":{"rendered":"<p class=\"\" data-start=\"213\" data-end=\"559\">La cantante y compositora <strong data-start=\"239\" data-end=\"252\">Jo Marcel<\/strong> present\u00f3 su nueva canci\u00f3n <em data-start=\"279\" data-end=\"290\">Primavera<\/em>, una zamba con letra propia y m\u00fasica de <strong data-start=\"331\" data-end=\"349\">Franco Ram\u00edrez<\/strong>, que ya est\u00e1 disponible en todas las plataformas digitales. El estreno llega luego de una intensa espera y un proceso colectivo de creaci\u00f3n que, seg\u00fan la artista, \u201cpuso cuerpo y alma\u201d en cada etapa de trabajo.<\/p>\n<p class=\"\" data-start=\"561\" data-end=\"1025\">\u00ab<em data-start=\"561\" data-end=\"643\">Primavera <\/em>es una canci\u00f3n que denuncia y pone en palabras lo roto que est\u00e1 todo\u00bb, explic\u00f3 Jo en di\u00e1logo con este medio, a la vez que se mostr\u00f3 emocionada por el lanzamiento y agradecida con quienes la acompa\u00f1aron en este nuevo paso de su camino art\u00edstico. La producci\u00f3n musical estuvo a cargo de Franco Ram\u00edrez y cont\u00f3 con la participaci\u00f3n de distintas personas que colaboraron en la realizaci\u00f3n del tema y su videoclip, disponible en <a class=\"\" href=\"https:\/\/youtu.be\/pQSPhNjH3Q8?si=YWf4VIj8AHErQyUM\" target=\"_new\" rel=\"noopener\" data-start=\"965\" data-end=\"1024\">YouTube<\/a>.<\/p>\n<p class=\"\" data-start=\"1027\" data-end=\"1314\">\u201cEstoy muy feliz y quiero invitar a todos a compartir este estreno conmigo. Si les llega la canci\u00f3n, los invito a compartirla y etiquetarme en redes\u201d, escribi\u00f3 la artista en sus plataformas, donde tambi\u00e9n comparti\u00f3 un <a class=\"\" href=\"https:\/\/linktr.ee\/JoMarcel\" target=\"_new\" rel=\"noopener\" data-start=\"1245\" data-end=\"1313\">link con acceso a todas sus propuestas<\/a>.<\/p>\n<p class=\"\" data-start=\"1316\" data-end=\"1496\">Adem\u00e1s del estreno, Jo Marcel adelant\u00f3 a <em>Noticias Mercedinas<\/em> que se encuentra ensayando un nuevo concierto con un formato distinto, que marcar\u00e1 el rumbo de su proyecto musical para lo que resta del a\u00f1o.<\/p>\n<p data-start=\"1316\" data-end=\"1496\"><img loading=\"lazy\" decoding=\"async\" class=\"alignnone size-full wp-image-157493\" src=\"https:\/\/noticiasmercedinas.com\/site\/wp-content\/uploads\/2025\/04\/JO_Marcel.jpg\" alt=\"\" width=\"640\" height=\"660\" srcset=\"https:\/\/noticiasmercedinas.com\/site\/wp-content\/uploads\/2025\/04\/JO_Marcel.jpg 640w, https:\/\/noticiasmercedinas.com\/site\/wp-content\/uploads\/2025\/04\/JO_Marcel-291x300.jpg 291w\" sizes=\"auto, (max-width: 640px) 100vw, 640px\" \/><\/p>\n<p class=\"\" data-start=\"1498\" data-end=\"1832\">Entre las fechas pr\u00f3ximas, destaca su participaci\u00f3n en el <strong data-start=\"1556\" data-end=\"1576\">Festival Mestiza<\/strong>, que se realizar\u00e1 el <strong data-start=\"1598\" data-end=\"1631\">s\u00e1bado 10 de mayo en Mercedes<\/strong>, con un line up diverso que promete una jornada intensa de m\u00fasica y encuentro. El evento es organizado por <strong data-start=\"1739\" data-end=\"1757\">Franco Ram\u00edrez<\/strong> y <strong data-start=\"1760\" data-end=\"1774\">Rulo Godar<\/strong>, y contar\u00e1 con el cierre de lujo de <strong data-start=\"1811\" data-end=\"1831\">Raly Barrionuevo<\/strong>.<\/p>\n<p class=\"\" data-start=\"1834\" data-end=\"2095\">Adem\u00e1s de Jo Marcel, tambi\u00e9n se presentar\u00e1n <strong data-start=\"1878\" data-end=\"1896\">Franco Ram\u00edrez<\/strong> con su propuesta solista, <strong data-start=\"1923\" data-end=\"1941\">Naci\u00f3n Wiphala<\/strong> \u2014banda que Jo tambi\u00e9n integra\u2014, <strong data-start=\"1974\" data-end=\"1991\">Se\u00f1orita Miel<\/strong>, <strong data-start=\"1993\" data-end=\"2009\">Gakid &amp; Dika<\/strong> y el DJ <strong data-start=\"2018\" data-end=\"2034\">Toro Selecta<\/strong>, que musicalizar\u00e1 el final de la noche tras el show de Raly.<\/p>\n<p class=\"\" data-start=\"2097\" data-end=\"2300\">\u201cEstoy preparando un concierto bastante diferente, que va a marcar el camino de este a\u00f1o\u201d, anticip\u00f3 Jo, quien contin\u00faa consolidando una propuesta art\u00edstica comprometida, diversa y en constante evoluci\u00f3n.<\/p>\n","protected":false},"excerpt":{"rendered":"<p>\u25a0 \u00abEs una canci\u00f3n que denuncia y pone en palabras lo roto que est\u00e1 todo\u00bb, explic\u00f3 Jo en di\u00e1logo con este medio, a la vez que se mostr\u00f3 emocionada por el lanzamiento y agradecida con quienes la acompa\u00f1aron<\/p>\n","protected":false},"author":16,"featured_media":157494,"comment_status":"closed","ping_status":"closed","sticky":false,"template":"","format":"video","meta":{"footnotes":""},"categories":[4],"tags":[15076,7280,9028,88,5843],"class_list":["post-157492","post","type-post","status-publish","format-video","has-post-thumbnail","hentry","category-cultura","tag-festival-mestiza","tag-franco-ramirez","tag-jo-marcel","tag-musica","tag-zamba","post_format-post-format-video"],"yoast_head":"<!-- This site is optimized with the Yoast SEO plugin v27.5 - https:\/\/yoast.com\/product\/yoast-seo-wordpress\/ -->\n<title>Jo Marcel lanz\u00f3 &quot;Primavera&quot;, una zamba con denuncia y compromiso<\/title>\n<meta name=\"description\" content=\"&quot;Es una canci\u00f3n que denuncia y pone en palabras lo roto que est\u00e1 todo&quot;, explic\u00f3 Jo en di\u00e1logo con este medio, a la vez que se mostr\u00f3 emocionada por el lanzamiento y agradecida con quienes la acompa\u00f1aron\" \/>\n<meta name=\"robots\" content=\"index, follow, max-snippet:-1, max-image-preview:large, max-video-preview:-1\" \/>\n<link rel=\"canonical\" href=\"https:\/\/noticiasmercedinas.com\/site\/2025\/04\/16\/jo-marcel-lanzo-primavera-una-samba-con-denuncia-y-compromiso\/\" \/>\n<meta property=\"og:locale\" content=\"es_ES\" \/>\n<meta property=\"og:type\" content=\"article\" \/>\n<meta property=\"og:title\" content=\"Jo Marcel lanz\u00f3 &quot;Primavera&quot;, una zamba con denuncia y compromiso\" \/>\n<meta property=\"og:description\" content=\"&quot;Es una canci\u00f3n que denuncia y pone en palabras lo roto que est\u00e1 todo&quot;, explic\u00f3 Jo en di\u00e1logo con este medio, a la vez que se mostr\u00f3 emocionada por el lanzamiento y agradecida con quienes la acompa\u00f1aron\" \/>\n<meta property=\"og:url\" content=\"https:\/\/noticiasmercedinas.com\/site\/2025\/04\/16\/jo-marcel-lanzo-primavera-una-samba-con-denuncia-y-compromiso\/\" \/>\n<meta property=\"og:site_name\" content=\"NOTICIASMERCEDINAS.COM\" \/>\n<meta property=\"article:publisher\" content=\"https:\/\/www.facebook.com\/noticiasmercedinas\/\" \/>\n<meta property=\"article:published_time\" content=\"2025-04-16T22:14:29+00:00\" \/>\n<meta property=\"article:modified_time\" content=\"2025-04-16T22:20:21+00:00\" \/>\n<meta property=\"og:image\" content=\"https:\/\/noticiasmercedinas.com\/site\/wp-content\/uploads\/2025\/04\/maxresdefault-2.jpg\" \/>\n\t<meta property=\"og:image:width\" content=\"1280\" \/>\n\t<meta property=\"og:image:height\" content=\"720\" \/>\n\t<meta property=\"og:image:type\" content=\"image\/jpeg\" \/>\n<meta name=\"author\" content=\"NOTICIASMERCEDINAS.COM\" \/>\n<meta name=\"twitter:card\" content=\"summary_large_image\" \/>\n<meta name=\"twitter:creator\" content=\"@notmercedinas\" \/>\n<meta name=\"twitter:site\" content=\"@notmercedinas\" \/>\n<meta name=\"twitter:label1\" content=\"Escrito por\" \/>\n\t<meta name=\"twitter:data1\" content=\"NOTICIASMERCEDINAS.COM\" \/>\n\t<meta name=\"twitter:label2\" content=\"Tiempo de lectura\" \/>\n\t<meta name=\"twitter:data2\" content=\"2 minutos\" \/>\n<script type=\"application\/ld+json\" class=\"yoast-schema-graph\">{\"@context\":\"https:\\\/\\\/schema.org\",\"@graph\":[{\"@type\":\"Article\",\"@id\":\"https:\\\/\\\/noticiasmercedinas.com\\\/site\\\/2025\\\/04\\\/16\\\/jo-marcel-lanzo-primavera-una-samba-con-denuncia-y-compromiso\\\/#article\",\"isPartOf\":{\"@id\":\"https:\\\/\\\/noticiasmercedinas.com\\\/site\\\/2025\\\/04\\\/16\\\/jo-marcel-lanzo-primavera-una-samba-con-denuncia-y-compromiso\\\/\"},\"author\":{\"name\":\"NOTICIASMERCEDINAS.COM\",\"@id\":\"https:\\\/\\\/noticiasmercedinas.com\\\/site\\\/#\\\/schema\\\/person\\\/84b59c099c28ff2e8b77d4ceec5d8063\"},\"headline\":\"Jo Marcel lanz\u00f3 \u00abPrimavera\u00bb, una zamba con denuncia y compromiso\",\"datePublished\":\"2025-04-16T22:14:29+00:00\",\"dateModified\":\"2025-04-16T22:20:21+00:00\",\"mainEntityOfPage\":{\"@id\":\"https:\\\/\\\/noticiasmercedinas.com\\\/site\\\/2025\\\/04\\\/16\\\/jo-marcel-lanzo-primavera-una-samba-con-denuncia-y-compromiso\\\/\"},\"wordCount\":378,\"publisher\":{\"@id\":\"https:\\\/\\\/noticiasmercedinas.com\\\/site\\\/#organization\"},\"image\":{\"@id\":\"https:\\\/\\\/noticiasmercedinas.com\\\/site\\\/2025\\\/04\\\/16\\\/jo-marcel-lanzo-primavera-una-samba-con-denuncia-y-compromiso\\\/#primaryimage\"},\"thumbnailUrl\":\"https:\\\/\\\/noticiasmercedinas.com\\\/site\\\/wp-content\\\/uploads\\\/2025\\\/04\\\/maxresdefault-2.jpg\",\"keywords\":[\"Festival Mestiza\",\"Franco Ram\u00edrez\",\"jo Marcel\",\"musica\",\"zamba\"],\"articleSection\":[\"Cultura\"],\"inLanguage\":\"es\"},{\"@type\":\"WebPage\",\"@id\":\"https:\\\/\\\/noticiasmercedinas.com\\\/site\\\/2025\\\/04\\\/16\\\/jo-marcel-lanzo-primavera-una-samba-con-denuncia-y-compromiso\\\/\",\"url\":\"https:\\\/\\\/noticiasmercedinas.com\\\/site\\\/2025\\\/04\\\/16\\\/jo-marcel-lanzo-primavera-una-samba-con-denuncia-y-compromiso\\\/\",\"name\":\"Jo Marcel lanz\u00f3 \\\"Primavera\\\", una zamba con denuncia y compromiso\",\"isPartOf\":{\"@id\":\"https:\\\/\\\/noticiasmercedinas.com\\\/site\\\/#website\"},\"primaryImageOfPage\":{\"@id\":\"https:\\\/\\\/noticiasmercedinas.com\\\/site\\\/2025\\\/04\\\/16\\\/jo-marcel-lanzo-primavera-una-samba-con-denuncia-y-compromiso\\\/#primaryimage\"},\"image\":{\"@id\":\"https:\\\/\\\/noticiasmercedinas.com\\\/site\\\/2025\\\/04\\\/16\\\/jo-marcel-lanzo-primavera-una-samba-con-denuncia-y-compromiso\\\/#primaryimage\"},\"thumbnailUrl\":\"https:\\\/\\\/noticiasmercedinas.com\\\/site\\\/wp-content\\\/uploads\\\/2025\\\/04\\\/maxresdefault-2.jpg\",\"datePublished\":\"2025-04-16T22:14:29+00:00\",\"dateModified\":\"2025-04-16T22:20:21+00:00\",\"description\":\"\\\"Es una canci\u00f3n que denuncia y pone en palabras lo roto que est\u00e1 todo\\\", explic\u00f3 Jo en di\u00e1logo con este medio, a la vez que se mostr\u00f3 emocionada por el lanzamiento y agradecida con quienes la acompa\u00f1aron\",\"breadcrumb\":{\"@id\":\"https:\\\/\\\/noticiasmercedinas.com\\\/site\\\/2025\\\/04\\\/16\\\/jo-marcel-lanzo-primavera-una-samba-con-denuncia-y-compromiso\\\/#breadcrumb\"},\"inLanguage\":\"es\",\"potentialAction\":[{\"@type\":\"ReadAction\",\"target\":[\"https:\\\/\\\/noticiasmercedinas.com\\\/site\\\/2025\\\/04\\\/16\\\/jo-marcel-lanzo-primavera-una-samba-con-denuncia-y-compromiso\\\/\"]}]},{\"@type\":\"ImageObject\",\"inLanguage\":\"es\",\"@id\":\"https:\\\/\\\/noticiasmercedinas.com\\\/site\\\/2025\\\/04\\\/16\\\/jo-marcel-lanzo-primavera-una-samba-con-denuncia-y-compromiso\\\/#primaryimage\",\"url\":\"https:\\\/\\\/noticiasmercedinas.com\\\/site\\\/wp-content\\\/uploads\\\/2025\\\/04\\\/maxresdefault-2.jpg\",\"contentUrl\":\"https:\\\/\\\/noticiasmercedinas.com\\\/site\\\/wp-content\\\/uploads\\\/2025\\\/04\\\/maxresdefault-2.jpg\",\"width\":1280,\"height\":720},{\"@type\":\"BreadcrumbList\",\"@id\":\"https:\\\/\\\/noticiasmercedinas.com\\\/site\\\/2025\\\/04\\\/16\\\/jo-marcel-lanzo-primavera-una-samba-con-denuncia-y-compromiso\\\/#breadcrumb\",\"itemListElement\":[{\"@type\":\"ListItem\",\"position\":1,\"name\":\"Portada\",\"item\":\"https:\\\/\\\/noticiasmercedinas.com\\\/site\\\/\"},{\"@type\":\"ListItem\",\"position\":2,\"name\":\"Jo Marcel lanz\u00f3 \u00abPrimavera\u00bb, una zamba con denuncia y compromiso\"}]},{\"@type\":\"WebSite\",\"@id\":\"https:\\\/\\\/noticiasmercedinas.com\\\/site\\\/#website\",\"url\":\"https:\\\/\\\/noticiasmercedinas.com\\\/site\\\/\",\"name\":\"NOTICIASMERCEDINAS.COM\",\"description\":\"Mercedes, Buenos Aires, Argentina\",\"publisher\":{\"@id\":\"https:\\\/\\\/noticiasmercedinas.com\\\/site\\\/#organization\"},\"potentialAction\":[{\"@type\":\"SearchAction\",\"target\":{\"@type\":\"EntryPoint\",\"urlTemplate\":\"https:\\\/\\\/noticiasmercedinas.com\\\/site\\\/?s={search_term_string}\"},\"query-input\":{\"@type\":\"PropertyValueSpecification\",\"valueRequired\":true,\"valueName\":\"search_term_string\"}}],\"inLanguage\":\"es\"},{\"@type\":\"Organization\",\"@id\":\"https:\\\/\\\/noticiasmercedinas.com\\\/site\\\/#organization\",\"name\":\"NOTICIASMERCEDINAS.COM\",\"url\":\"https:\\\/\\\/noticiasmercedinas.com\\\/site\\\/\",\"logo\":{\"@type\":\"ImageObject\",\"inLanguage\":\"es\",\"@id\":\"https:\\\/\\\/noticiasmercedinas.com\\\/site\\\/#\\\/schema\\\/logo\\\/image\\\/\",\"url\":\"https:\\\/\\\/noticiasmercedinas.com\\\/site\\\/wp-content\\\/uploads\\\/2020\\\/06\\\/LOGO-512.jpg\",\"contentUrl\":\"https:\\\/\\\/noticiasmercedinas.com\\\/site\\\/wp-content\\\/uploads\\\/2020\\\/06\\\/LOGO-512.jpg\",\"width\":512,\"height\":512,\"caption\":\"NOTICIASMERCEDINAS.COM\"},\"image\":{\"@id\":\"https:\\\/\\\/noticiasmercedinas.com\\\/site\\\/#\\\/schema\\\/logo\\\/image\\\/\"},\"sameAs\":[\"https:\\\/\\\/www.facebook.com\\\/noticiasmercedinas\\\/\",\"https:\\\/\\\/x.com\\\/notmercedinas\",\"https:\\\/\\\/www.instagram.com\\\/noticiasmercedinas\\\/\"]},{\"@type\":\"Person\",\"@id\":\"https:\\\/\\\/noticiasmercedinas.com\\\/site\\\/#\\\/schema\\\/person\\\/84b59c099c28ff2e8b77d4ceec5d8063\",\"name\":\"NOTICIASMERCEDINAS.COM\",\"image\":{\"@type\":\"ImageObject\",\"inLanguage\":\"es\",\"@id\":\"https:\\\/\\\/secure.gravatar.com\\\/avatar\\\/4dfbf16b4d17945bfb6341b2d19043457132fcf478a5ee04f42e959fd8f5df0a?s=96&d=mm&r=g\",\"url\":\"https:\\\/\\\/secure.gravatar.com\\\/avatar\\\/4dfbf16b4d17945bfb6341b2d19043457132fcf478a5ee04f42e959fd8f5df0a?s=96&d=mm&r=g\",\"contentUrl\":\"https:\\\/\\\/secure.gravatar.com\\\/avatar\\\/4dfbf16b4d17945bfb6341b2d19043457132fcf478a5ee04f42e959fd8f5df0a?s=96&d=mm&r=g\",\"caption\":\"NOTICIASMERCEDINAS.COM\"},\"url\":\"https:\\\/\\\/noticiasmercedinas.com\\\/site\\\/author\\\/anonimo\\\/\"}]}<\/script>\n<!-- \/ Yoast SEO plugin. -->","yoast_head_json":{"title":"Jo Marcel lanz\u00f3 \"Primavera\", una zamba con denuncia y compromiso","description":"\"Es una canci\u00f3n que denuncia y pone en palabras lo roto que est\u00e1 todo\", explic\u00f3 Jo en di\u00e1logo con este medio, a la vez que se mostr\u00f3 emocionada por el lanzamiento y agradecida con quienes la acompa\u00f1aron","robots":{"index":"index","follow":"follow","max-snippet":"max-snippet:-1","max-image-preview":"max-image-preview:large","max-video-preview":"max-video-preview:-1"},"canonical":"https:\/\/noticiasmercedinas.com\/site\/2025\/04\/16\/jo-marcel-lanzo-primavera-una-samba-con-denuncia-y-compromiso\/","og_locale":"es_ES","og_type":"article","og_title":"Jo Marcel lanz\u00f3 \"Primavera\", una zamba con denuncia y compromiso","og_description":"\"Es una canci\u00f3n que denuncia y pone en palabras lo roto que est\u00e1 todo\", explic\u00f3 Jo en di\u00e1logo con este medio, a la vez que se mostr\u00f3 emocionada por el lanzamiento y agradecida con quienes la acompa\u00f1aron","og_url":"https:\/\/noticiasmercedinas.com\/site\/2025\/04\/16\/jo-marcel-lanzo-primavera-una-samba-con-denuncia-y-compromiso\/","og_site_name":"NOTICIASMERCEDINAS.COM","article_publisher":"https:\/\/www.facebook.com\/noticiasmercedinas\/","article_published_time":"2025-04-16T22:14:29+00:00","article_modified_time":"2025-04-16T22:20:21+00:00","og_image":[{"width":1280,"height":720,"url":"https:\/\/noticiasmercedinas.com\/site\/wp-content\/uploads\/2025\/04\/maxresdefault-2.jpg","type":"image\/jpeg"}],"author":"NOTICIASMERCEDINAS.COM","twitter_card":"summary_large_image","twitter_creator":"@notmercedinas","twitter_site":"@notmercedinas","twitter_misc":{"Escrito por":"NOTICIASMERCEDINAS.COM","Tiempo de lectura":"2 minutos"},"schema":{"@context":"https:\/\/schema.org","@graph":[{"@type":"Article","@id":"https:\/\/noticiasmercedinas.com\/site\/2025\/04\/16\/jo-marcel-lanzo-primavera-una-samba-con-denuncia-y-compromiso\/#article","isPartOf":{"@id":"https:\/\/noticiasmercedinas.com\/site\/2025\/04\/16\/jo-marcel-lanzo-primavera-una-samba-con-denuncia-y-compromiso\/"},"author":{"name":"NOTICIASMERCEDINAS.COM","@id":"https:\/\/noticiasmercedinas.com\/site\/#\/schema\/person\/84b59c099c28ff2e8b77d4ceec5d8063"},"headline":"Jo Marcel lanz\u00f3 \u00abPrimavera\u00bb, una zamba con denuncia y compromiso","datePublished":"2025-04-16T22:14:29+00:00","dateModified":"2025-04-16T22:20:21+00:00","mainEntityOfPage":{"@id":"https:\/\/noticiasmercedinas.com\/site\/2025\/04\/16\/jo-marcel-lanzo-primavera-una-samba-con-denuncia-y-compromiso\/"},"wordCount":378,"publisher":{"@id":"https:\/\/noticiasmercedinas.com\/site\/#organization"},"image":{"@id":"https:\/\/noticiasmercedinas.com\/site\/2025\/04\/16\/jo-marcel-lanzo-primavera-una-samba-con-denuncia-y-compromiso\/#primaryimage"},"thumbnailUrl":"https:\/\/noticiasmercedinas.com\/site\/wp-content\/uploads\/2025\/04\/maxresdefault-2.jpg","keywords":["Festival Mestiza","Franco Ram\u00edrez","jo Marcel","musica","zamba"],"articleSection":["Cultura"],"inLanguage":"es"},{"@type":"WebPage","@id":"https:\/\/noticiasmercedinas.com\/site\/2025\/04\/16\/jo-marcel-lanzo-primavera-una-samba-con-denuncia-y-compromiso\/","url":"https:\/\/noticiasmercedinas.com\/site\/2025\/04\/16\/jo-marcel-lanzo-primavera-una-samba-con-denuncia-y-compromiso\/","name":"Jo Marcel lanz\u00f3 \"Primavera\", una zamba con denuncia y compromiso","isPartOf":{"@id":"https:\/\/noticiasmercedinas.com\/site\/#website"},"primaryImageOfPage":{"@id":"https:\/\/noticiasmercedinas.com\/site\/2025\/04\/16\/jo-marcel-lanzo-primavera-una-samba-con-denuncia-y-compromiso\/#primaryimage"},"image":{"@id":"https:\/\/noticiasmercedinas.com\/site\/2025\/04\/16\/jo-marcel-lanzo-primavera-una-samba-con-denuncia-y-compromiso\/#primaryimage"},"thumbnailUrl":"https:\/\/noticiasmercedinas.com\/site\/wp-content\/uploads\/2025\/04\/maxresdefault-2.jpg","datePublished":"2025-04-16T22:14:29+00:00","dateModified":"2025-04-16T22:20:21+00:00","description":"\"Es una canci\u00f3n que denuncia y pone en palabras lo roto que est\u00e1 todo\", explic\u00f3 Jo en di\u00e1logo con este medio, a la vez que se mostr\u00f3 emocionada por el lanzamiento y agradecida con quienes la acompa\u00f1aron","breadcrumb":{"@id":"https:\/\/noticiasmercedinas.com\/site\/2025\/04\/16\/jo-marcel-lanzo-primavera-una-samba-con-denuncia-y-compromiso\/#breadcrumb"},"inLanguage":"es","potentialAction":[{"@type":"ReadAction","target":["https:\/\/noticiasmercedinas.com\/site\/2025\/04\/16\/jo-marcel-lanzo-primavera-una-samba-con-denuncia-y-compromiso\/"]}]},{"@type":"ImageObject","inLanguage":"es","@id":"https:\/\/noticiasmercedinas.com\/site\/2025\/04\/16\/jo-marcel-lanzo-primavera-una-samba-con-denuncia-y-compromiso\/#primaryimage","url":"https:\/\/noticiasmercedinas.com\/site\/wp-content\/uploads\/2025\/04\/maxresdefault-2.jpg","contentUrl":"https:\/\/noticiasmercedinas.com\/site\/wp-content\/uploads\/2025\/04\/maxresdefault-2.jpg","width":1280,"height":720},{"@type":"BreadcrumbList","@id":"https:\/\/noticiasmercedinas.com\/site\/2025\/04\/16\/jo-marcel-lanzo-primavera-una-samba-con-denuncia-y-compromiso\/#breadcrumb","itemListElement":[{"@type":"ListItem","position":1,"name":"Portada","item":"https:\/\/noticiasmercedinas.com\/site\/"},{"@type":"ListItem","position":2,"name":"Jo Marcel lanz\u00f3 \u00abPrimavera\u00bb, una zamba con denuncia y compromiso"}]},{"@type":"WebSite","@id":"https:\/\/noticiasmercedinas.com\/site\/#website","url":"https:\/\/noticiasmercedinas.com\/site\/","name":"NOTICIASMERCEDINAS.COM","description":"Mercedes, Buenos Aires, Argentina","publisher":{"@id":"https:\/\/noticiasmercedinas.com\/site\/#organization"},"potentialAction":[{"@type":"SearchAction","target":{"@type":"EntryPoint","urlTemplate":"https:\/\/noticiasmercedinas.com\/site\/?s={search_term_string}"},"query-input":{"@type":"PropertyValueSpecification","valueRequired":true,"valueName":"search_term_string"}}],"inLanguage":"es"},{"@type":"Organization","@id":"https:\/\/noticiasmercedinas.com\/site\/#organization","name":"NOTICIASMERCEDINAS.COM","url":"https:\/\/noticiasmercedinas.com\/site\/","logo":{"@type":"ImageObject","inLanguage":"es","@id":"https:\/\/noticiasmercedinas.com\/site\/#\/schema\/logo\/image\/","url":"https:\/\/noticiasmercedinas.com\/site\/wp-content\/uploads\/2020\/06\/LOGO-512.jpg","contentUrl":"https:\/\/noticiasmercedinas.com\/site\/wp-content\/uploads\/2020\/06\/LOGO-512.jpg","width":512,"height":512,"caption":"NOTICIASMERCEDINAS.COM"},"image":{"@id":"https:\/\/noticiasmercedinas.com\/site\/#\/schema\/logo\/image\/"},"sameAs":["https:\/\/www.facebook.com\/noticiasmercedinas\/","https:\/\/x.com\/notmercedinas","https:\/\/www.instagram.com\/noticiasmercedinas\/"]},{"@type":"Person","@id":"https:\/\/noticiasmercedinas.com\/site\/#\/schema\/person\/84b59c099c28ff2e8b77d4ceec5d8063","name":"NOTICIASMERCEDINAS.COM","image":{"@type":"ImageObject","inLanguage":"es","@id":"https:\/\/secure.gravatar.com\/avatar\/4dfbf16b4d17945bfb6341b2d19043457132fcf478a5ee04f42e959fd8f5df0a?s=96&d=mm&r=g","url":"https:\/\/secure.gravatar.com\/avatar\/4dfbf16b4d17945bfb6341b2d19043457132fcf478a5ee04f42e959fd8f5df0a?s=96&d=mm&r=g","contentUrl":"https:\/\/secure.gravatar.com\/avatar\/4dfbf16b4d17945bfb6341b2d19043457132fcf478a5ee04f42e959fd8f5df0a?s=96&d=mm&r=g","caption":"NOTICIASMERCEDINAS.COM"},"url":"https:\/\/noticiasmercedinas.com\/site\/author\/anonimo\/"}]}},"amp_enabled":true,"_links":{"self":[{"href":"https:\/\/noticiasmercedinas.com\/site\/wp-json\/wp\/v2\/posts\/157492","targetHints":{"allow":["GET"]}}],"collection":[{"href":"https:\/\/noticiasmercedinas.com\/site\/wp-json\/wp\/v2\/posts"}],"about":[{"href":"https:\/\/noticiasmercedinas.com\/site\/wp-json\/wp\/v2\/types\/post"}],"author":[{"embeddable":true,"href":"https:\/\/noticiasmercedinas.com\/site\/wp-json\/wp\/v2\/users\/16"}],"replies":[{"embeddable":true,"href":"https:\/\/noticiasmercedinas.com\/site\/wp-json\/wp\/v2\/comments?post=157492"}],"version-history":[{"count":2,"href":"https:\/\/noticiasmercedinas.com\/site\/wp-json\/wp\/v2\/posts\/157492\/revisions"}],"predecessor-version":[{"id":157496,"href":"https:\/\/noticiasmercedinas.com\/site\/wp-json\/wp\/v2\/posts\/157492\/revisions\/157496"}],"wp:featuredmedia":[{"embeddable":true,"href":"https:\/\/noticiasmercedinas.com\/site\/wp-json\/wp\/v2\/media\/157494"}],"wp:attachment":[{"href":"https:\/\/noticiasmercedinas.com\/site\/wp-json\/wp\/v2\/media?parent=157492"}],"wp:term":[{"taxonomy":"category","embeddable":true,"href":"https:\/\/noticiasmercedinas.com\/site\/wp-json\/wp\/v2\/categories?post=157492"},{"taxonomy":"post_tag","embeddable":true,"href":"https:\/\/noticiasmercedinas.com\/site\/wp-json\/wp\/v2\/tags?post=157492"}],"curies":[{"name":"wp","href":"https:\/\/api.w.org\/{rel}","templated":true}]}}