{"id":157497,"date":"2025-04-16T19:41:49","date_gmt":"2025-04-16T22:41:49","guid":{"rendered":"https:\/\/noticiasmercedinas.com\/site\/?p=157497"},"modified":"2025-04-16T19:41:49","modified_gmt":"2025-04-16T22:41:49","slug":"artaza-advirtio-sobre-la-perdida-del-poder-adquisitivo-los-municipales-necesitamos-soluciones-reales","status":"publish","type":"post","link":"https:\/\/noticiasmercedinas.com\/site\/2025\/04\/16\/artaza-advirtio-sobre-la-perdida-del-poder-adquisitivo-los-municipales-necesitamos-soluciones-reales\/","title":{"rendered":"Artaza advirti\u00f3 sobre la p\u00e9rdida del poder adquisitivo: \u00abLos municipales necesitamos soluciones reales\u00bb"},"content":{"rendered":"<p><img loading=\"lazy\" decoding=\"async\" class=\"alignnone size-full wp-image-146692\" src=\"https:\/\/noticiasmercedinas.com\/site\/wp-content\/uploads\/2024\/10\/STMM.jpg\" alt=\"\" width=\"699\" height=\"458\" srcset=\"https:\/\/noticiasmercedinas.com\/site\/wp-content\/uploads\/2024\/10\/STMM.jpg 699w, https:\/\/noticiasmercedinas.com\/site\/wp-content\/uploads\/2024\/10\/STMM-300x197.jpg 300w, https:\/\/noticiasmercedinas.com\/site\/wp-content\/uploads\/2024\/10\/STMM-640x419.jpg 640w, https:\/\/noticiasmercedinas.com\/site\/wp-content\/uploads\/2024\/10\/STMM-681x446.jpg 681w\" sizes=\"auto, (max-width: 699px) 100vw, 699px\" \/><\/p>\n<p>La secretaria general del Sindicato de Trabajadores Municipales de Mercedes, <strong>Evangelina Artaza<\/strong>, dialog\u00f3 este mi\u00e9rcoles con <em>Noticias Mercedinas<\/em> y plante\u00f3 un panorama cr\u00edtico sobre la situaci\u00f3n salarial en el sector, tanto a nivel local como provincial. Se\u00f1al\u00f3 que, pese a que algunos indicadores muestran una baja en la inflaci\u00f3n, la realidad diaria sigue siendo muy dif\u00edcil para los trabajadores.<\/p>\n<p>\u00abLos trabajadores municipales siguen perdiendo poder adquisitivo todos los d\u00edas. Aunque algunos dicen que la inflaci\u00f3n fue derrotada, vamos al supermercado y la leche sube, el pan tambi\u00e9n y los servicios siguen aumentando. Y ahora se viene el invierno\u00bb, expres\u00f3 Artaza y\u00a0subray\u00f3 que en varios distritos los sueldos b\u00e1sicos contin\u00faan muy por debajo de la l\u00ednea de indigencia. Cit\u00f3 el caso de Merlo, donde el b\u00e1sico es de 60 mil pesos, cifra que no se ha actualizado desde hace a\u00f1os.<\/p>\n<p>\u00abDespu\u00e9s algunos se presentan como grandes pol\u00edticos, grandes peronistas. Pero tener a un trabajador municipal en esa situaci\u00f3n no tiene nada que ver con el peronismo\u00bb, cuestion\u00f3.<\/p>\n<blockquote><p>\u00abAlgunos se presentan como grandes pol\u00edticos, grandes peronistas. Pero tener a un trabajador municipal en esa situaci\u00f3n no tiene nada que ver con el peronismo\u00bb<\/p><\/blockquote>\n<p>En cuanto a la situaci\u00f3n en Mercedes, inform\u00f3 que en mayo se reabrir\u00e1 la paritaria tras haberse acordado un aumento del 15% por dos meses. Se\u00f1al\u00f3 que a\u00fan est\u00e1n esperando avanzar en la modificaci\u00f3n del convenio colectivo, algo que reclaman desde hace casi tres a\u00f1os.<\/p>\n<p>\u00abEl salario de un trabajador municipal sin antig\u00fcedad ni horas extras ronda los 450 mil pesos, muy por debajo de la l\u00ednea de pobreza. \u00bfQui\u00e9n puede vivir con 400 mil pesos? Hay compa\u00f1eros que alquilan y no llegan\u00bb, expres\u00f3.<\/p>\n<p>En ese sentido, indic\u00f3 que han presentado propuestas de planes de vivienda exclusivos para trabajadores municipales, aunque las dificultades econ\u00f3micas actuales complican el avance de esas iniciativas.<\/p>\n<p>Artaza tambi\u00e9n se refiri\u00f3 al reciente paro general al que adhirieron los trabajadores municipales de Mercedes.<\/p>\n<p>\u00abTuvimos un 97% de acatamiento. Y ya notificamos al gobernador que, si no hay convocatoria, se evaluar\u00e1 una movilizaci\u00f3n y un paro provincial\u00bb, adelant\u00f3.<\/p>\n<blockquote><p>\u00abHay municipios que pagan sueldos baj\u00edsimos pero tienen millones en plazos fijos y t\u00edtulos\u00bb<\/p><\/blockquote>\n<p>A nivel provincial, explic\u00f3 que desde la federaci\u00f3n FESIMUBO se viene reclamando que se convoque al Consejo Provincial del Empleo Municipal, \u00f3rgano creado por ley que deber\u00eda intervenir en los casos m\u00e1s cr\u00edticos.<\/p>\n<p>\u00abHay municipios que pagan sueldos baj\u00edsimos pero tienen millones en plazos fijos y t\u00edtulos. El Consejo tiene que revisar eso. Y para los distritos sin recursos, la ley contempla un fondo compensador. Pero todos deben cumplir con la Ley 14.656\u00bb, sostuvo.<\/p>\n<p>Finalmente, remarc\u00f3 que esperan una respuesta concreta por parte del gobierno de la provincia.<\/p>\n<p>\u00abEl gobernador se hab\u00eda comprometido a convocarnos, pero eso nunca ocurri\u00f3. Nosotros acompa\u00f1amos su gesti\u00f3n, pero necesitamos soluciones reales\u00bb, concluy\u00f3.<\/p>\n<p><img loading=\"lazy\" decoding=\"async\" class=\"alignnone size-full wp-image-157498\" src=\"https:\/\/noticiasmercedinas.com\/site\/wp-content\/uploads\/2025\/04\/3b638b80-05c6-49c5-88dc-b531da607196.jpg\" alt=\"\" width=\"1006\" height=\"932\" srcset=\"https:\/\/noticiasmercedinas.com\/site\/wp-content\/uploads\/2025\/04\/3b638b80-05c6-49c5-88dc-b531da607196.jpg 1006w, https:\/\/noticiasmercedinas.com\/site\/wp-content\/uploads\/2025\/04\/3b638b80-05c6-49c5-88dc-b531da607196-300x278.jpg 300w, https:\/\/noticiasmercedinas.com\/site\/wp-content\/uploads\/2025\/04\/3b638b80-05c6-49c5-88dc-b531da607196-768x712.jpg 768w, https:\/\/noticiasmercedinas.com\/site\/wp-content\/uploads\/2025\/04\/3b638b80-05c6-49c5-88dc-b531da607196-640x593.jpg 640w, https:\/\/noticiasmercedinas.com\/site\/wp-content\/uploads\/2025\/04\/3b638b80-05c6-49c5-88dc-b531da607196-681x631.jpg 681w\" sizes=\"auto, (max-width: 1006px) 100vw, 1006px\" \/> \u00a0<img loading=\"lazy\" decoding=\"async\" class=\"alignnone size-full wp-image-157500\" src=\"https:\/\/noticiasmercedinas.com\/site\/wp-content\/uploads\/2025\/04\/9759a53b-2d9a-4ec5-aa59-c65cf3530103.jpg\" alt=\"\" width=\"1080\" height=\"1571\" srcset=\"https:\/\/noticiasmercedinas.com\/site\/wp-content\/uploads\/2025\/04\/9759a53b-2d9a-4ec5-aa59-c65cf3530103.jpg 1080w, https:\/\/noticiasmercedinas.com\/site\/wp-content\/uploads\/2025\/04\/9759a53b-2d9a-4ec5-aa59-c65cf3530103-206x300.jpg 206w, https:\/\/noticiasmercedinas.com\/site\/wp-content\/uploads\/2025\/04\/9759a53b-2d9a-4ec5-aa59-c65cf3530103-704x1024.jpg 704w, https:\/\/noticiasmercedinas.com\/site\/wp-content\/uploads\/2025\/04\/9759a53b-2d9a-4ec5-aa59-c65cf3530103-768x1117.jpg 768w, https:\/\/noticiasmercedinas.com\/site\/wp-content\/uploads\/2025\/04\/9759a53b-2d9a-4ec5-aa59-c65cf3530103-1056x1536.jpg 1056w, https:\/\/noticiasmercedinas.com\/site\/wp-content\/uploads\/2025\/04\/9759a53b-2d9a-4ec5-aa59-c65cf3530103-640x931.jpg 640w, https:\/\/noticiasmercedinas.com\/site\/wp-content\/uploads\/2025\/04\/9759a53b-2d9a-4ec5-aa59-c65cf3530103-681x991.jpg 681w\" sizes=\"auto, (max-width: 1080px) 100vw, 1080px\" \/><\/p>\n<p><img loading=\"lazy\" decoding=\"async\" class=\"alignnone size-full wp-image-157499\" src=\"https:\/\/noticiasmercedinas.com\/site\/wp-content\/uploads\/2025\/04\/cdb8bb7f-2acb-4c92-955d-faf049a9d84f.jpg\" alt=\"\" width=\"1080\" height=\"1399\" srcset=\"https:\/\/noticiasmercedinas.com\/site\/wp-content\/uploads\/2025\/04\/cdb8bb7f-2acb-4c92-955d-faf049a9d84f.jpg 1080w, https:\/\/noticiasmercedinas.com\/site\/wp-content\/uploads\/2025\/04\/cdb8bb7f-2acb-4c92-955d-faf049a9d84f-232x300.jpg 232w, https:\/\/noticiasmercedinas.com\/site\/wp-content\/uploads\/2025\/04\/cdb8bb7f-2acb-4c92-955d-faf049a9d84f-791x1024.jpg 791w, https:\/\/noticiasmercedinas.com\/site\/wp-content\/uploads\/2025\/04\/cdb8bb7f-2acb-4c92-955d-faf049a9d84f-768x995.jpg 768w, https:\/\/noticiasmercedinas.com\/site\/wp-content\/uploads\/2025\/04\/cdb8bb7f-2acb-4c92-955d-faf049a9d84f-640x829.jpg 640w, https:\/\/noticiasmercedinas.com\/site\/wp-content\/uploads\/2025\/04\/cdb8bb7f-2acb-4c92-955d-faf049a9d84f-681x882.jpg 681w\" sizes=\"auto, (max-width: 1080px) 100vw, 1080px\" \/><\/p>\n","protected":false},"excerpt":{"rendered":"<p>\u25a0 La secretaria del Sindicato de Trabajadores Municipales inform\u00f3 que en mayo se reabrir\u00e1 la paritaria tras haberse acordado un aumento del 15% por dos meses. Llam\u00f3 a la provincia a cumplir con la Ley 14.656<\/p>\n","protected":false},"author":16,"featured_media":146692,"comment_status":"closed","ping_status":"closed","sticky":false,"template":"","format":"standard","meta":{"footnotes":""},"categories":[3],"tags":[7349,1515,1394],"class_list":["post-157497","post","type-post","status-publish","format-standard","has-post-thumbnail","hentry","category-sociedad","tag-evangelina-artaza","tag-sindicato-de-trabajadores-municipales","tag-stmm"],"yoast_head":"<!-- This site is optimized with the Yoast SEO plugin v27.5 - https:\/\/yoast.com\/product\/yoast-seo-wordpress\/ -->\n<title>Artaza advirti\u00f3 sobre la p\u00e9rdida del poder adquisitivo: &quot;Los municipales necesitamos soluciones reales&quot;<\/title>\n<meta name=\"robots\" content=\"index, follow, max-snippet:-1, max-image-preview:large, max-video-preview:-1\" \/>\n<link rel=\"canonical\" href=\"https:\/\/noticiasmercedinas.com\/site\/2025\/04\/16\/artaza-advirtio-sobre-la-perdida-del-poder-adquisitivo-los-municipales-necesitamos-soluciones-reales\/\" \/>\n<meta property=\"og:locale\" content=\"es_ES\" \/>\n<meta property=\"og:type\" content=\"article\" \/>\n<meta property=\"og:title\" content=\"Artaza advirti\u00f3 sobre la p\u00e9rdida del poder adquisitivo: &quot;Los municipales necesitamos soluciones reales&quot;\" \/>\n<meta property=\"og:description\" content=\"\u25a0 La secretaria del Sindicato de Trabajadores Municipales inform\u00f3 que en mayo se reabrir\u00e1 la paritaria tras haberse acordado un aumento del 15% por dos meses. Llam\u00f3 a la provincia a cumplir con la Ley 14.656\" \/>\n<meta property=\"og:url\" content=\"https:\/\/noticiasmercedinas.com\/site\/2025\/04\/16\/artaza-advirtio-sobre-la-perdida-del-poder-adquisitivo-los-municipales-necesitamos-soluciones-reales\/\" \/>\n<meta property=\"og:site_name\" content=\"NOTICIASMERCEDINAS.COM\" \/>\n<meta property=\"article:publisher\" content=\"https:\/\/www.facebook.com\/noticiasmercedinas\/\" \/>\n<meta property=\"article:published_time\" content=\"2025-04-16T22:41:49+00:00\" \/>\n<meta property=\"og:image\" content=\"https:\/\/noticiasmercedinas.com\/site\/wp-content\/uploads\/2024\/10\/STMM.jpg\" \/>\n\t<meta property=\"og:image:width\" content=\"699\" \/>\n\t<meta property=\"og:image:height\" content=\"458\" \/>\n\t<meta property=\"og:image:type\" content=\"image\/jpeg\" \/>\n<meta name=\"author\" content=\"NOTICIASMERCEDINAS.COM\" \/>\n<meta name=\"twitter:card\" content=\"summary_large_image\" \/>\n<meta name=\"twitter:creator\" content=\"@notmercedinas\" \/>\n<meta name=\"twitter:site\" content=\"@notmercedinas\" \/>\n<meta name=\"twitter:label1\" content=\"Escrito por\" \/>\n\t<meta name=\"twitter:data1\" content=\"NOTICIASMERCEDINAS.COM\" \/>\n\t<meta name=\"twitter:label2\" content=\"Tiempo de lectura\" \/>\n\t<meta name=\"twitter:data2\" content=\"3 minutos\" \/>\n<script type=\"application\/ld+json\" class=\"yoast-schema-graph\">{\"@context\":\"https:\\\/\\\/schema.org\",\"@graph\":[{\"@type\":\"Article\",\"@id\":\"https:\\\/\\\/noticiasmercedinas.com\\\/site\\\/2025\\\/04\\\/16\\\/artaza-advirtio-sobre-la-perdida-del-poder-adquisitivo-los-municipales-necesitamos-soluciones-reales\\\/#article\",\"isPartOf\":{\"@id\":\"https:\\\/\\\/noticiasmercedinas.com\\\/site\\\/2025\\\/04\\\/16\\\/artaza-advirtio-sobre-la-perdida-del-poder-adquisitivo-los-municipales-necesitamos-soluciones-reales\\\/\"},\"author\":{\"name\":\"NOTICIASMERCEDINAS.COM\",\"@id\":\"https:\\\/\\\/noticiasmercedinas.com\\\/site\\\/#\\\/schema\\\/person\\\/84b59c099c28ff2e8b77d4ceec5d8063\"},\"headline\":\"Artaza advirti\u00f3 sobre la p\u00e9rdida del poder adquisitivo: \u00abLos municipales necesitamos soluciones reales\u00bb\",\"datePublished\":\"2025-04-16T22:41:49+00:00\",\"mainEntityOfPage\":{\"@id\":\"https:\\\/\\\/noticiasmercedinas.com\\\/site\\\/2025\\\/04\\\/16\\\/artaza-advirtio-sobre-la-perdida-del-poder-adquisitivo-los-municipales-necesitamos-soluciones-reales\\\/\"},\"wordCount\":516,\"publisher\":{\"@id\":\"https:\\\/\\\/noticiasmercedinas.com\\\/site\\\/#organization\"},\"image\":{\"@id\":\"https:\\\/\\\/noticiasmercedinas.com\\\/site\\\/2025\\\/04\\\/16\\\/artaza-advirtio-sobre-la-perdida-del-poder-adquisitivo-los-municipales-necesitamos-soluciones-reales\\\/#primaryimage\"},\"thumbnailUrl\":\"https:\\\/\\\/noticiasmercedinas.com\\\/site\\\/wp-content\\\/uploads\\\/2024\\\/10\\\/STMM.jpg\",\"keywords\":[\"Evangelina Artaza\",\"Sindicato de Trabajadores Municipales\",\"stmm\"],\"articleSection\":[\"Sociedad\"],\"inLanguage\":\"es\"},{\"@type\":\"WebPage\",\"@id\":\"https:\\\/\\\/noticiasmercedinas.com\\\/site\\\/2025\\\/04\\\/16\\\/artaza-advirtio-sobre-la-perdida-del-poder-adquisitivo-los-municipales-necesitamos-soluciones-reales\\\/\",\"url\":\"https:\\\/\\\/noticiasmercedinas.com\\\/site\\\/2025\\\/04\\\/16\\\/artaza-advirtio-sobre-la-perdida-del-poder-adquisitivo-los-municipales-necesitamos-soluciones-reales\\\/\",\"name\":\"Artaza advirti\u00f3 sobre la p\u00e9rdida del poder adquisitivo: \\\"Los municipales necesitamos soluciones reales\\\"\",\"isPartOf\":{\"@id\":\"https:\\\/\\\/noticiasmercedinas.com\\\/site\\\/#website\"},\"primaryImageOfPage\":{\"@id\":\"https:\\\/\\\/noticiasmercedinas.com\\\/site\\\/2025\\\/04\\\/16\\\/artaza-advirtio-sobre-la-perdida-del-poder-adquisitivo-los-municipales-necesitamos-soluciones-reales\\\/#primaryimage\"},\"image\":{\"@id\":\"https:\\\/\\\/noticiasmercedinas.com\\\/site\\\/2025\\\/04\\\/16\\\/artaza-advirtio-sobre-la-perdida-del-poder-adquisitivo-los-municipales-necesitamos-soluciones-reales\\\/#primaryimage\"},\"thumbnailUrl\":\"https:\\\/\\\/noticiasmercedinas.com\\\/site\\\/wp-content\\\/uploads\\\/2024\\\/10\\\/STMM.jpg\",\"datePublished\":\"2025-04-16T22:41:49+00:00\",\"breadcrumb\":{\"@id\":\"https:\\\/\\\/noticiasmercedinas.com\\\/site\\\/2025\\\/04\\\/16\\\/artaza-advirtio-sobre-la-perdida-del-poder-adquisitivo-los-municipales-necesitamos-soluciones-reales\\\/#breadcrumb\"},\"inLanguage\":\"es\",\"potentialAction\":[{\"@type\":\"ReadAction\",\"target\":[\"https:\\\/\\\/noticiasmercedinas.com\\\/site\\\/2025\\\/04\\\/16\\\/artaza-advirtio-sobre-la-perdida-del-poder-adquisitivo-los-municipales-necesitamos-soluciones-reales\\\/\"]}]},{\"@type\":\"ImageObject\",\"inLanguage\":\"es\",\"@id\":\"https:\\\/\\\/noticiasmercedinas.com\\\/site\\\/2025\\\/04\\\/16\\\/artaza-advirtio-sobre-la-perdida-del-poder-adquisitivo-los-municipales-necesitamos-soluciones-reales\\\/#primaryimage\",\"url\":\"https:\\\/\\\/noticiasmercedinas.com\\\/site\\\/wp-content\\\/uploads\\\/2024\\\/10\\\/STMM.jpg\",\"contentUrl\":\"https:\\\/\\\/noticiasmercedinas.com\\\/site\\\/wp-content\\\/uploads\\\/2024\\\/10\\\/STMM.jpg\",\"width\":699,\"height\":458},{\"@type\":\"BreadcrumbList\",\"@id\":\"https:\\\/\\\/noticiasmercedinas.com\\\/site\\\/2025\\\/04\\\/16\\\/artaza-advirtio-sobre-la-perdida-del-poder-adquisitivo-los-municipales-necesitamos-soluciones-reales\\\/#breadcrumb\",\"itemListElement\":[{\"@type\":\"ListItem\",\"position\":1,\"name\":\"Portada\",\"item\":\"https:\\\/\\\/noticiasmercedinas.com\\\/site\\\/\"},{\"@type\":\"ListItem\",\"position\":2,\"name\":\"Artaza advirti\u00f3 sobre la p\u00e9rdida del poder adquisitivo: \u00abLos municipales necesitamos soluciones reales\u00bb\"}]},{\"@type\":\"WebSite\",\"@id\":\"https:\\\/\\\/noticiasmercedinas.com\\\/site\\\/#website\",\"url\":\"https:\\\/\\\/noticiasmercedinas.com\\\/site\\\/\",\"name\":\"NOTICIASMERCEDINAS.COM\",\"description\":\"Mercedes, Buenos Aires, Argentina\",\"publisher\":{\"@id\":\"https:\\\/\\\/noticiasmercedinas.com\\\/site\\\/#organization\"},\"potentialAction\":[{\"@type\":\"SearchAction\",\"target\":{\"@type\":\"EntryPoint\",\"urlTemplate\":\"https:\\\/\\\/noticiasmercedinas.com\\\/site\\\/?s={search_term_string}\"},\"query-input\":{\"@type\":\"PropertyValueSpecification\",\"valueRequired\":true,\"valueName\":\"search_term_string\"}}],\"inLanguage\":\"es\"},{\"@type\":\"Organization\",\"@id\":\"https:\\\/\\\/noticiasmercedinas.com\\\/site\\\/#organization\",\"name\":\"NOTICIASMERCEDINAS.COM\",\"url\":\"https:\\\/\\\/noticiasmercedinas.com\\\/site\\\/\",\"logo\":{\"@type\":\"ImageObject\",\"inLanguage\":\"es\",\"@id\":\"https:\\\/\\\/noticiasmercedinas.com\\\/site\\\/#\\\/schema\\\/logo\\\/image\\\/\",\"url\":\"https:\\\/\\\/noticiasmercedinas.com\\\/site\\\/wp-content\\\/uploads\\\/2020\\\/06\\\/LOGO-512.jpg\",\"contentUrl\":\"https:\\\/\\\/noticiasmercedinas.com\\\/site\\\/wp-content\\\/uploads\\\/2020\\\/06\\\/LOGO-512.jpg\",\"width\":512,\"height\":512,\"caption\":\"NOTICIASMERCEDINAS.COM\"},\"image\":{\"@id\":\"https:\\\/\\\/noticiasmercedinas.com\\\/site\\\/#\\\/schema\\\/logo\\\/image\\\/\"},\"sameAs\":[\"https:\\\/\\\/www.facebook.com\\\/noticiasmercedinas\\\/\",\"https:\\\/\\\/x.com\\\/notmercedinas\",\"https:\\\/\\\/www.instagram.com\\\/noticiasmercedinas\\\/\"]},{\"@type\":\"Person\",\"@id\":\"https:\\\/\\\/noticiasmercedinas.com\\\/site\\\/#\\\/schema\\\/person\\\/84b59c099c28ff2e8b77d4ceec5d8063\",\"name\":\"NOTICIASMERCEDINAS.COM\",\"image\":{\"@type\":\"ImageObject\",\"inLanguage\":\"es\",\"@id\":\"https:\\\/\\\/secure.gravatar.com\\\/avatar\\\/4dfbf16b4d17945bfb6341b2d19043457132fcf478a5ee04f42e959fd8f5df0a?s=96&d=mm&r=g\",\"url\":\"https:\\\/\\\/secure.gravatar.com\\\/avatar\\\/4dfbf16b4d17945bfb6341b2d19043457132fcf478a5ee04f42e959fd8f5df0a?s=96&d=mm&r=g\",\"contentUrl\":\"https:\\\/\\\/secure.gravatar.com\\\/avatar\\\/4dfbf16b4d17945bfb6341b2d19043457132fcf478a5ee04f42e959fd8f5df0a?s=96&d=mm&r=g\",\"caption\":\"NOTICIASMERCEDINAS.COM\"},\"url\":\"https:\\\/\\\/noticiasmercedinas.com\\\/site\\\/author\\\/anonimo\\\/\"}]}<\/script>\n<!-- \/ Yoast SEO plugin. -->","yoast_head_json":{"title":"Artaza advirti\u00f3 sobre la p\u00e9rdida del poder adquisitivo: \"Los municipales necesitamos soluciones reales\"","robots":{"index":"index","follow":"follow","max-snippet":"max-snippet:-1","max-image-preview":"max-image-preview:large","max-video-preview":"max-video-preview:-1"},"canonical":"https:\/\/noticiasmercedinas.com\/site\/2025\/04\/16\/artaza-advirtio-sobre-la-perdida-del-poder-adquisitivo-los-municipales-necesitamos-soluciones-reales\/","og_locale":"es_ES","og_type":"article","og_title":"Artaza advirti\u00f3 sobre la p\u00e9rdida del poder adquisitivo: \"Los municipales necesitamos soluciones reales\"","og_description":"\u25a0 La secretaria del Sindicato de Trabajadores Municipales inform\u00f3 que en mayo se reabrir\u00e1 la paritaria tras haberse acordado un aumento del 15% por dos meses. Llam\u00f3 a la provincia a cumplir con la Ley 14.656","og_url":"https:\/\/noticiasmercedinas.com\/site\/2025\/04\/16\/artaza-advirtio-sobre-la-perdida-del-poder-adquisitivo-los-municipales-necesitamos-soluciones-reales\/","og_site_name":"NOTICIASMERCEDINAS.COM","article_publisher":"https:\/\/www.facebook.com\/noticiasmercedinas\/","article_published_time":"2025-04-16T22:41:49+00:00","og_image":[{"width":699,"height":458,"url":"https:\/\/noticiasmercedinas.com\/site\/wp-content\/uploads\/2024\/10\/STMM.jpg","type":"image\/jpeg"}],"author":"NOTICIASMERCEDINAS.COM","twitter_card":"summary_large_image","twitter_creator":"@notmercedinas","twitter_site":"@notmercedinas","twitter_misc":{"Escrito por":"NOTICIASMERCEDINAS.COM","Tiempo de lectura":"3 minutos"},"schema":{"@context":"https:\/\/schema.org","@graph":[{"@type":"Article","@id":"https:\/\/noticiasmercedinas.com\/site\/2025\/04\/16\/artaza-advirtio-sobre-la-perdida-del-poder-adquisitivo-los-municipales-necesitamos-soluciones-reales\/#article","isPartOf":{"@id":"https:\/\/noticiasmercedinas.com\/site\/2025\/04\/16\/artaza-advirtio-sobre-la-perdida-del-poder-adquisitivo-los-municipales-necesitamos-soluciones-reales\/"},"author":{"name":"NOTICIASMERCEDINAS.COM","@id":"https:\/\/noticiasmercedinas.com\/site\/#\/schema\/person\/84b59c099c28ff2e8b77d4ceec5d8063"},"headline":"Artaza advirti\u00f3 sobre la p\u00e9rdida del poder adquisitivo: \u00abLos municipales necesitamos soluciones reales\u00bb","datePublished":"2025-04-16T22:41:49+00:00","mainEntityOfPage":{"@id":"https:\/\/noticiasmercedinas.com\/site\/2025\/04\/16\/artaza-advirtio-sobre-la-perdida-del-poder-adquisitivo-los-municipales-necesitamos-soluciones-reales\/"},"wordCount":516,"publisher":{"@id":"https:\/\/noticiasmercedinas.com\/site\/#organization"},"image":{"@id":"https:\/\/noticiasmercedinas.com\/site\/2025\/04\/16\/artaza-advirtio-sobre-la-perdida-del-poder-adquisitivo-los-municipales-necesitamos-soluciones-reales\/#primaryimage"},"thumbnailUrl":"https:\/\/noticiasmercedinas.com\/site\/wp-content\/uploads\/2024\/10\/STMM.jpg","keywords":["Evangelina Artaza","Sindicato de Trabajadores Municipales","stmm"],"articleSection":["Sociedad"],"inLanguage":"es"},{"@type":"WebPage","@id":"https:\/\/noticiasmercedinas.com\/site\/2025\/04\/16\/artaza-advirtio-sobre-la-perdida-del-poder-adquisitivo-los-municipales-necesitamos-soluciones-reales\/","url":"https:\/\/noticiasmercedinas.com\/site\/2025\/04\/16\/artaza-advirtio-sobre-la-perdida-del-poder-adquisitivo-los-municipales-necesitamos-soluciones-reales\/","name":"Artaza advirti\u00f3 sobre la p\u00e9rdida del poder adquisitivo: \"Los municipales necesitamos soluciones reales\"","isPartOf":{"@id":"https:\/\/noticiasmercedinas.com\/site\/#website"},"primaryImageOfPage":{"@id":"https:\/\/noticiasmercedinas.com\/site\/2025\/04\/16\/artaza-advirtio-sobre-la-perdida-del-poder-adquisitivo-los-municipales-necesitamos-soluciones-reales\/#primaryimage"},"image":{"@id":"https:\/\/noticiasmercedinas.com\/site\/2025\/04\/16\/artaza-advirtio-sobre-la-perdida-del-poder-adquisitivo-los-municipales-necesitamos-soluciones-reales\/#primaryimage"},"thumbnailUrl":"https:\/\/noticiasmercedinas.com\/site\/wp-content\/uploads\/2024\/10\/STMM.jpg","datePublished":"2025-04-16T22:41:49+00:00","breadcrumb":{"@id":"https:\/\/noticiasmercedinas.com\/site\/2025\/04\/16\/artaza-advirtio-sobre-la-perdida-del-poder-adquisitivo-los-municipales-necesitamos-soluciones-reales\/#breadcrumb"},"inLanguage":"es","potentialAction":[{"@type":"ReadAction","target":["https:\/\/noticiasmercedinas.com\/site\/2025\/04\/16\/artaza-advirtio-sobre-la-perdida-del-poder-adquisitivo-los-municipales-necesitamos-soluciones-reales\/"]}]},{"@type":"ImageObject","inLanguage":"es","@id":"https:\/\/noticiasmercedinas.com\/site\/2025\/04\/16\/artaza-advirtio-sobre-la-perdida-del-poder-adquisitivo-los-municipales-necesitamos-soluciones-reales\/#primaryimage","url":"https:\/\/noticiasmercedinas.com\/site\/wp-content\/uploads\/2024\/10\/STMM.jpg","contentUrl":"https:\/\/noticiasmercedinas.com\/site\/wp-content\/uploads\/2024\/10\/STMM.jpg","width":699,"height":458},{"@type":"BreadcrumbList","@id":"https:\/\/noticiasmercedinas.com\/site\/2025\/04\/16\/artaza-advirtio-sobre-la-perdida-del-poder-adquisitivo-los-municipales-necesitamos-soluciones-reales\/#breadcrumb","itemListElement":[{"@type":"ListItem","position":1,"name":"Portada","item":"https:\/\/noticiasmercedinas.com\/site\/"},{"@type":"ListItem","position":2,"name":"Artaza advirti\u00f3 sobre la p\u00e9rdida del poder adquisitivo: \u00abLos municipales necesitamos soluciones reales\u00bb"}]},{"@type":"WebSite","@id":"https:\/\/noticiasmercedinas.com\/site\/#website","url":"https:\/\/noticiasmercedinas.com\/site\/","name":"NOTICIASMERCEDINAS.COM","description":"Mercedes, Buenos Aires, Argentina","publisher":{"@id":"https:\/\/noticiasmercedinas.com\/site\/#organization"},"potentialAction":[{"@type":"SearchAction","target":{"@type":"EntryPoint","urlTemplate":"https:\/\/noticiasmercedinas.com\/site\/?s={search_term_string}"},"query-input":{"@type":"PropertyValueSpecification","valueRequired":true,"valueName":"search_term_string"}}],"inLanguage":"es"},{"@type":"Organization","@id":"https:\/\/noticiasmercedinas.com\/site\/#organization","name":"NOTICIASMERCEDINAS.COM","url":"https:\/\/noticiasmercedinas.com\/site\/","logo":{"@type":"ImageObject","inLanguage":"es","@id":"https:\/\/noticiasmercedinas.com\/site\/#\/schema\/logo\/image\/","url":"https:\/\/noticiasmercedinas.com\/site\/wp-content\/uploads\/2020\/06\/LOGO-512.jpg","contentUrl":"https:\/\/noticiasmercedinas.com\/site\/wp-content\/uploads\/2020\/06\/LOGO-512.jpg","width":512,"height":512,"caption":"NOTICIASMERCEDINAS.COM"},"image":{"@id":"https:\/\/noticiasmercedinas.com\/site\/#\/schema\/logo\/image\/"},"sameAs":["https:\/\/www.facebook.com\/noticiasmercedinas\/","https:\/\/x.com\/notmercedinas","https:\/\/www.instagram.com\/noticiasmercedinas\/"]},{"@type":"Person","@id":"https:\/\/noticiasmercedinas.com\/site\/#\/schema\/person\/84b59c099c28ff2e8b77d4ceec5d8063","name":"NOTICIASMERCEDINAS.COM","image":{"@type":"ImageObject","inLanguage":"es","@id":"https:\/\/secure.gravatar.com\/avatar\/4dfbf16b4d17945bfb6341b2d19043457132fcf478a5ee04f42e959fd8f5df0a?s=96&d=mm&r=g","url":"https:\/\/secure.gravatar.com\/avatar\/4dfbf16b4d17945bfb6341b2d19043457132fcf478a5ee04f42e959fd8f5df0a?s=96&d=mm&r=g","contentUrl":"https:\/\/secure.gravatar.com\/avatar\/4dfbf16b4d17945bfb6341b2d19043457132fcf478a5ee04f42e959fd8f5df0a?s=96&d=mm&r=g","caption":"NOTICIASMERCEDINAS.COM"},"url":"https:\/\/noticiasmercedinas.com\/site\/author\/anonimo\/"}]}},"amp_enabled":true,"_links":{"self":[{"href":"https:\/\/noticiasmercedinas.com\/site\/wp-json\/wp\/v2\/posts\/157497","targetHints":{"allow":["GET"]}}],"collection":[{"href":"https:\/\/noticiasmercedinas.com\/site\/wp-json\/wp\/v2\/posts"}],"about":[{"href":"https:\/\/noticiasmercedinas.com\/site\/wp-json\/wp\/v2\/types\/post"}],"author":[{"embeddable":true,"href":"https:\/\/noticiasmercedinas.com\/site\/wp-json\/wp\/v2\/users\/16"}],"replies":[{"embeddable":true,"href":"https:\/\/noticiasmercedinas.com\/site\/wp-json\/wp\/v2\/comments?post=157497"}],"version-history":[{"count":1,"href":"https:\/\/noticiasmercedinas.com\/site\/wp-json\/wp\/v2\/posts\/157497\/revisions"}],"predecessor-version":[{"id":157501,"href":"https:\/\/noticiasmercedinas.com\/site\/wp-json\/wp\/v2\/posts\/157497\/revisions\/157501"}],"wp:featuredmedia":[{"embeddable":true,"href":"https:\/\/noticiasmercedinas.com\/site\/wp-json\/wp\/v2\/media\/146692"}],"wp:attachment":[{"href":"https:\/\/noticiasmercedinas.com\/site\/wp-json\/wp\/v2\/media?parent=157497"}],"wp:term":[{"taxonomy":"category","embeddable":true,"href":"https:\/\/noticiasmercedinas.com\/site\/wp-json\/wp\/v2\/categories?post=157497"},{"taxonomy":"post_tag","embeddable":true,"href":"https:\/\/noticiasmercedinas.com\/site\/wp-json\/wp\/v2\/tags?post=157497"}],"curies":[{"name":"wp","href":"https:\/\/api.w.org\/{rel}","templated":true}]}}