{"id":157634,"date":"2025-04-19T15:19:18","date_gmt":"2025-04-19T18:19:18","guid":{"rendered":"https:\/\/noticiasmercedinas.com\/site\/?p=157634"},"modified":"2025-04-19T15:20:29","modified_gmt":"2025-04-19T18:20:29","slug":"principios-y-valores-recorre-mercedes-con-la-propuesta-de-guillermo-moreno","status":"publish","type":"post","link":"https:\/\/noticiasmercedinas.com\/site\/2025\/04\/19\/principios-y-valores-recorre-mercedes-con-la-propuesta-de-guillermo-moreno\/","title":{"rendered":"\u00abPrincipios y Valores\u00bb recorre Mercedes con la propuesta de Guillermo Moreno"},"content":{"rendered":"<p><img loading=\"lazy\" decoding=\"async\" class=\"alignnone size-full wp-image-157638\" src=\"https:\/\/noticiasmercedinas.com\/site\/wp-content\/uploads\/2025\/04\/IMG_20250419_145925.jpg\" alt=\"\" width=\"714\" height=\"570\" srcset=\"https:\/\/noticiasmercedinas.com\/site\/wp-content\/uploads\/2025\/04\/IMG_20250419_145925.jpg 714w, https:\/\/noticiasmercedinas.com\/site\/wp-content\/uploads\/2025\/04\/IMG_20250419_145925-300x239.jpg 300w, https:\/\/noticiasmercedinas.com\/site\/wp-content\/uploads\/2025\/04\/IMG_20250419_145925-640x511.jpg 640w, https:\/\/noticiasmercedinas.com\/site\/wp-content\/uploads\/2025\/04\/IMG_20250419_145925-681x544.jpg 681w\" sizes=\"auto, (max-width: 714px) 100vw, 714px\" \/><\/p>\n<p>La agrupaci\u00f3n peronista \u00abPrincipios y Valores\u00bb contin\u00faa con sus recorridas semanales por la ciudad de Mercedes.<\/p>\n<p>Este s\u00e1bado, los militantes visitaron la localidad de Gowland, donde llevaron la propuesta pol\u00edtica de su l\u00edder y referente nacional, Guillermo Moreno.<\/p>\n<p>Seg\u00fan trascendi\u00f3, la actividad consisti\u00f3 en una caminata casa por casa para dialogar con los vecinos, quienes, se\u00f1alaron, brindaron un c\u00e1lido recibimiento que incluy\u00f3 un \u201cexquisito pollo al disco\u201d.<\/p>\n<p>Principios y Valores es un espacio pol\u00edtico fundado y liderado por Guillermo Moreno, exsecretario de Comercio Interior de la Naci\u00f3n, que reivindica los postulados tradicionales del peronismo y promueve una plataforma centrada en la producci\u00f3n nacional y la defensa del mercado interno.<\/p>\n<p>En un a\u00f1o electoral como este 2025, el partido prev\u00e9 tener participaci\u00f3n en las urnas y ya se encuentra movilizado en distintos puntos del pa\u00eds con actividades de militancia territorial.<\/p>\n<p>\u201cLa Argentina va a volver a ser grande otra vez\u201d, se\u00f1alaron desde el espacio, reafirmando su compromiso con la construcci\u00f3n de una alternativa pol\u00edtica desde el peronismo cl\u00e1sico.<\/p>\n","protected":false},"excerpt":{"rendered":"<p>\u25a0 \u201cLa Argentina va a volver a ser grande otra vez\u201d, se\u00f1alaron desde el espacio. Sus militantes estuvieron recorriendo la localidad de Gowland <\/p>\n","protected":false},"author":16,"featured_media":157638,"comment_status":"closed","ping_status":"closed","sticky":false,"template":"","format":"standard","meta":{"footnotes":""},"categories":[16],"tags":[829,2871,552,12780],"class_list":["post-157634","post","type-post","status-publish","format-standard","has-post-thumbnail","hentry","category-politica","tag-gowland","tag-guillermo-moreno","tag-peronismo","tag-principios-y-valores"],"yoast_head":"<!-- This site is optimized with the Yoast SEO plugin v27.4 - https:\/\/yoast.com\/product\/yoast-seo-wordpress\/ -->\n<title>&quot;Principios y Valores&quot; recorre Mercedes con la propuesta de Guillermo Moreno<\/title>\n<meta name=\"robots\" content=\"index, follow, max-snippet:-1, max-image-preview:large, max-video-preview:-1\" \/>\n<link rel=\"canonical\" href=\"https:\/\/noticiasmercedinas.com\/site\/2025\/04\/19\/principios-y-valores-recorre-mercedes-con-la-propuesta-de-guillermo-moreno\/\" \/>\n<meta property=\"og:locale\" content=\"es_ES\" \/>\n<meta property=\"og:type\" content=\"article\" \/>\n<meta property=\"og:title\" content=\"&quot;Principios y Valores&quot; recorre Mercedes con la propuesta de Guillermo Moreno\" \/>\n<meta property=\"og:description\" content=\"\u25a0 \u201cLa Argentina va a volver a ser grande otra vez\u201d, se\u00f1alaron desde el espacio. Sus militantes estuvieron recorriendo la localidad de Gowland\" \/>\n<meta property=\"og:url\" content=\"https:\/\/noticiasmercedinas.com\/site\/2025\/04\/19\/principios-y-valores-recorre-mercedes-con-la-propuesta-de-guillermo-moreno\/\" \/>\n<meta property=\"og:site_name\" content=\"NOTICIASMERCEDINAS.COM\" \/>\n<meta property=\"article:publisher\" content=\"https:\/\/www.facebook.com\/noticiasmercedinas\/\" \/>\n<meta property=\"article:published_time\" content=\"2025-04-19T18:19:18+00:00\" \/>\n<meta property=\"article:modified_time\" content=\"2025-04-19T18:20:29+00:00\" \/>\n<meta property=\"og:image\" content=\"https:\/\/noticiasmercedinas.com\/site\/wp-content\/uploads\/2025\/04\/IMG_20250419_145925.jpg\" \/>\n\t<meta property=\"og:image:width\" content=\"714\" \/>\n\t<meta property=\"og:image:height\" content=\"570\" \/>\n\t<meta property=\"og:image:type\" content=\"image\/jpeg\" \/>\n<meta name=\"author\" content=\"NOTICIASMERCEDINAS.COM\" \/>\n<meta name=\"twitter:card\" content=\"summary_large_image\" \/>\n<meta name=\"twitter:creator\" content=\"@notmercedinas\" \/>\n<meta name=\"twitter:site\" content=\"@notmercedinas\" \/>\n<meta name=\"twitter:label1\" content=\"Escrito por\" \/>\n\t<meta name=\"twitter:data1\" content=\"NOTICIASMERCEDINAS.COM\" \/>\n\t<meta name=\"twitter:label2\" content=\"Tiempo de lectura\" \/>\n\t<meta name=\"twitter:data2\" content=\"2 minutos\" \/>\n<script type=\"application\/ld+json\" class=\"yoast-schema-graph\">{\"@context\":\"https:\\\/\\\/schema.org\",\"@graph\":[{\"@type\":\"Article\",\"@id\":\"https:\\\/\\\/noticiasmercedinas.com\\\/site\\\/2025\\\/04\\\/19\\\/principios-y-valores-recorre-mercedes-con-la-propuesta-de-guillermo-moreno\\\/#article\",\"isPartOf\":{\"@id\":\"https:\\\/\\\/noticiasmercedinas.com\\\/site\\\/2025\\\/04\\\/19\\\/principios-y-valores-recorre-mercedes-con-la-propuesta-de-guillermo-moreno\\\/\"},\"author\":{\"name\":\"NOTICIASMERCEDINAS.COM\",\"@id\":\"https:\\\/\\\/noticiasmercedinas.com\\\/site\\\/#\\\/schema\\\/person\\\/84b59c099c28ff2e8b77d4ceec5d8063\"},\"headline\":\"\u00abPrincipios y Valores\u00bb recorre Mercedes con la propuesta de Guillermo Moreno\",\"datePublished\":\"2025-04-19T18:19:18+00:00\",\"dateModified\":\"2025-04-19T18:20:29+00:00\",\"mainEntityOfPage\":{\"@id\":\"https:\\\/\\\/noticiasmercedinas.com\\\/site\\\/2025\\\/04\\\/19\\\/principios-y-valores-recorre-mercedes-con-la-propuesta-de-guillermo-moreno\\\/\"},\"wordCount\":195,\"publisher\":{\"@id\":\"https:\\\/\\\/noticiasmercedinas.com\\\/site\\\/#organization\"},\"image\":{\"@id\":\"https:\\\/\\\/noticiasmercedinas.com\\\/site\\\/2025\\\/04\\\/19\\\/principios-y-valores-recorre-mercedes-con-la-propuesta-de-guillermo-moreno\\\/#primaryimage\"},\"thumbnailUrl\":\"https:\\\/\\\/noticiasmercedinas.com\\\/site\\\/wp-content\\\/uploads\\\/2025\\\/04\\\/IMG_20250419_145925.jpg\",\"keywords\":[\"gowland\",\"Guillermo Moreno\",\"Peronismo\",\"principios y valores\"],\"articleSection\":[\"Politica\"],\"inLanguage\":\"es\"},{\"@type\":\"WebPage\",\"@id\":\"https:\\\/\\\/noticiasmercedinas.com\\\/site\\\/2025\\\/04\\\/19\\\/principios-y-valores-recorre-mercedes-con-la-propuesta-de-guillermo-moreno\\\/\",\"url\":\"https:\\\/\\\/noticiasmercedinas.com\\\/site\\\/2025\\\/04\\\/19\\\/principios-y-valores-recorre-mercedes-con-la-propuesta-de-guillermo-moreno\\\/\",\"name\":\"\\\"Principios y Valores\\\" recorre Mercedes con la propuesta de Guillermo Moreno\",\"isPartOf\":{\"@id\":\"https:\\\/\\\/noticiasmercedinas.com\\\/site\\\/#website\"},\"primaryImageOfPage\":{\"@id\":\"https:\\\/\\\/noticiasmercedinas.com\\\/site\\\/2025\\\/04\\\/19\\\/principios-y-valores-recorre-mercedes-con-la-propuesta-de-guillermo-moreno\\\/#primaryimage\"},\"image\":{\"@id\":\"https:\\\/\\\/noticiasmercedinas.com\\\/site\\\/2025\\\/04\\\/19\\\/principios-y-valores-recorre-mercedes-con-la-propuesta-de-guillermo-moreno\\\/#primaryimage\"},\"thumbnailUrl\":\"https:\\\/\\\/noticiasmercedinas.com\\\/site\\\/wp-content\\\/uploads\\\/2025\\\/04\\\/IMG_20250419_145925.jpg\",\"datePublished\":\"2025-04-19T18:19:18+00:00\",\"dateModified\":\"2025-04-19T18:20:29+00:00\",\"breadcrumb\":{\"@id\":\"https:\\\/\\\/noticiasmercedinas.com\\\/site\\\/2025\\\/04\\\/19\\\/principios-y-valores-recorre-mercedes-con-la-propuesta-de-guillermo-moreno\\\/#breadcrumb\"},\"inLanguage\":\"es\",\"potentialAction\":[{\"@type\":\"ReadAction\",\"target\":[\"https:\\\/\\\/noticiasmercedinas.com\\\/site\\\/2025\\\/04\\\/19\\\/principios-y-valores-recorre-mercedes-con-la-propuesta-de-guillermo-moreno\\\/\"]}]},{\"@type\":\"ImageObject\",\"inLanguage\":\"es\",\"@id\":\"https:\\\/\\\/noticiasmercedinas.com\\\/site\\\/2025\\\/04\\\/19\\\/principios-y-valores-recorre-mercedes-con-la-propuesta-de-guillermo-moreno\\\/#primaryimage\",\"url\":\"https:\\\/\\\/noticiasmercedinas.com\\\/site\\\/wp-content\\\/uploads\\\/2025\\\/04\\\/IMG_20250419_145925.jpg\",\"contentUrl\":\"https:\\\/\\\/noticiasmercedinas.com\\\/site\\\/wp-content\\\/uploads\\\/2025\\\/04\\\/IMG_20250419_145925.jpg\",\"width\":714,\"height\":570},{\"@type\":\"BreadcrumbList\",\"@id\":\"https:\\\/\\\/noticiasmercedinas.com\\\/site\\\/2025\\\/04\\\/19\\\/principios-y-valores-recorre-mercedes-con-la-propuesta-de-guillermo-moreno\\\/#breadcrumb\",\"itemListElement\":[{\"@type\":\"ListItem\",\"position\":1,\"name\":\"Portada\",\"item\":\"https:\\\/\\\/noticiasmercedinas.com\\\/site\\\/\"},{\"@type\":\"ListItem\",\"position\":2,\"name\":\"\u00abPrincipios y Valores\u00bb recorre Mercedes con la propuesta de Guillermo Moreno\"}]},{\"@type\":\"WebSite\",\"@id\":\"https:\\\/\\\/noticiasmercedinas.com\\\/site\\\/#website\",\"url\":\"https:\\\/\\\/noticiasmercedinas.com\\\/site\\\/\",\"name\":\"NOTICIASMERCEDINAS.COM\",\"description\":\"Mercedes, Buenos Aires, Argentina\",\"publisher\":{\"@id\":\"https:\\\/\\\/noticiasmercedinas.com\\\/site\\\/#organization\"},\"potentialAction\":[{\"@type\":\"SearchAction\",\"target\":{\"@type\":\"EntryPoint\",\"urlTemplate\":\"https:\\\/\\\/noticiasmercedinas.com\\\/site\\\/?s={search_term_string}\"},\"query-input\":{\"@type\":\"PropertyValueSpecification\",\"valueRequired\":true,\"valueName\":\"search_term_string\"}}],\"inLanguage\":\"es\"},{\"@type\":\"Organization\",\"@id\":\"https:\\\/\\\/noticiasmercedinas.com\\\/site\\\/#organization\",\"name\":\"NOTICIASMERCEDINAS.COM\",\"url\":\"https:\\\/\\\/noticiasmercedinas.com\\\/site\\\/\",\"logo\":{\"@type\":\"ImageObject\",\"inLanguage\":\"es\",\"@id\":\"https:\\\/\\\/noticiasmercedinas.com\\\/site\\\/#\\\/schema\\\/logo\\\/image\\\/\",\"url\":\"https:\\\/\\\/noticiasmercedinas.com\\\/site\\\/wp-content\\\/uploads\\\/2020\\\/06\\\/LOGO-512.jpg\",\"contentUrl\":\"https:\\\/\\\/noticiasmercedinas.com\\\/site\\\/wp-content\\\/uploads\\\/2020\\\/06\\\/LOGO-512.jpg\",\"width\":512,\"height\":512,\"caption\":\"NOTICIASMERCEDINAS.COM\"},\"image\":{\"@id\":\"https:\\\/\\\/noticiasmercedinas.com\\\/site\\\/#\\\/schema\\\/logo\\\/image\\\/\"},\"sameAs\":[\"https:\\\/\\\/www.facebook.com\\\/noticiasmercedinas\\\/\",\"https:\\\/\\\/x.com\\\/notmercedinas\",\"https:\\\/\\\/www.instagram.com\\\/noticiasmercedinas\\\/\"]},{\"@type\":\"Person\",\"@id\":\"https:\\\/\\\/noticiasmercedinas.com\\\/site\\\/#\\\/schema\\\/person\\\/84b59c099c28ff2e8b77d4ceec5d8063\",\"name\":\"NOTICIASMERCEDINAS.COM\",\"image\":{\"@type\":\"ImageObject\",\"inLanguage\":\"es\",\"@id\":\"https:\\\/\\\/secure.gravatar.com\\\/avatar\\\/4dfbf16b4d17945bfb6341b2d19043457132fcf478a5ee04f42e959fd8f5df0a?s=96&d=mm&r=g\",\"url\":\"https:\\\/\\\/secure.gravatar.com\\\/avatar\\\/4dfbf16b4d17945bfb6341b2d19043457132fcf478a5ee04f42e959fd8f5df0a?s=96&d=mm&r=g\",\"contentUrl\":\"https:\\\/\\\/secure.gravatar.com\\\/avatar\\\/4dfbf16b4d17945bfb6341b2d19043457132fcf478a5ee04f42e959fd8f5df0a?s=96&d=mm&r=g\",\"caption\":\"NOTICIASMERCEDINAS.COM\"},\"url\":\"https:\\\/\\\/noticiasmercedinas.com\\\/site\\\/author\\\/anonimo\\\/\"}]}<\/script>\n<!-- \/ Yoast SEO plugin. -->","yoast_head_json":{"title":"\"Principios y Valores\" recorre Mercedes con la propuesta de Guillermo Moreno","robots":{"index":"index","follow":"follow","max-snippet":"max-snippet:-1","max-image-preview":"max-image-preview:large","max-video-preview":"max-video-preview:-1"},"canonical":"https:\/\/noticiasmercedinas.com\/site\/2025\/04\/19\/principios-y-valores-recorre-mercedes-con-la-propuesta-de-guillermo-moreno\/","og_locale":"es_ES","og_type":"article","og_title":"\"Principios y Valores\" recorre Mercedes con la propuesta de Guillermo Moreno","og_description":"\u25a0 \u201cLa Argentina va a volver a ser grande otra vez\u201d, se\u00f1alaron desde el espacio. Sus militantes estuvieron recorriendo la localidad de Gowland","og_url":"https:\/\/noticiasmercedinas.com\/site\/2025\/04\/19\/principios-y-valores-recorre-mercedes-con-la-propuesta-de-guillermo-moreno\/","og_site_name":"NOTICIASMERCEDINAS.COM","article_publisher":"https:\/\/www.facebook.com\/noticiasmercedinas\/","article_published_time":"2025-04-19T18:19:18+00:00","article_modified_time":"2025-04-19T18:20:29+00:00","og_image":[{"width":714,"height":570,"url":"https:\/\/noticiasmercedinas.com\/site\/wp-content\/uploads\/2025\/04\/IMG_20250419_145925.jpg","type":"image\/jpeg"}],"author":"NOTICIASMERCEDINAS.COM","twitter_card":"summary_large_image","twitter_creator":"@notmercedinas","twitter_site":"@notmercedinas","twitter_misc":{"Escrito por":"NOTICIASMERCEDINAS.COM","Tiempo de lectura":"2 minutos"},"schema":{"@context":"https:\/\/schema.org","@graph":[{"@type":"Article","@id":"https:\/\/noticiasmercedinas.com\/site\/2025\/04\/19\/principios-y-valores-recorre-mercedes-con-la-propuesta-de-guillermo-moreno\/#article","isPartOf":{"@id":"https:\/\/noticiasmercedinas.com\/site\/2025\/04\/19\/principios-y-valores-recorre-mercedes-con-la-propuesta-de-guillermo-moreno\/"},"author":{"name":"NOTICIASMERCEDINAS.COM","@id":"https:\/\/noticiasmercedinas.com\/site\/#\/schema\/person\/84b59c099c28ff2e8b77d4ceec5d8063"},"headline":"\u00abPrincipios y Valores\u00bb recorre Mercedes con la propuesta de Guillermo Moreno","datePublished":"2025-04-19T18:19:18+00:00","dateModified":"2025-04-19T18:20:29+00:00","mainEntityOfPage":{"@id":"https:\/\/noticiasmercedinas.com\/site\/2025\/04\/19\/principios-y-valores-recorre-mercedes-con-la-propuesta-de-guillermo-moreno\/"},"wordCount":195,"publisher":{"@id":"https:\/\/noticiasmercedinas.com\/site\/#organization"},"image":{"@id":"https:\/\/noticiasmercedinas.com\/site\/2025\/04\/19\/principios-y-valores-recorre-mercedes-con-la-propuesta-de-guillermo-moreno\/#primaryimage"},"thumbnailUrl":"https:\/\/noticiasmercedinas.com\/site\/wp-content\/uploads\/2025\/04\/IMG_20250419_145925.jpg","keywords":["gowland","Guillermo Moreno","Peronismo","principios y valores"],"articleSection":["Politica"],"inLanguage":"es"},{"@type":"WebPage","@id":"https:\/\/noticiasmercedinas.com\/site\/2025\/04\/19\/principios-y-valores-recorre-mercedes-con-la-propuesta-de-guillermo-moreno\/","url":"https:\/\/noticiasmercedinas.com\/site\/2025\/04\/19\/principios-y-valores-recorre-mercedes-con-la-propuesta-de-guillermo-moreno\/","name":"\"Principios y Valores\" recorre Mercedes con la propuesta de Guillermo Moreno","isPartOf":{"@id":"https:\/\/noticiasmercedinas.com\/site\/#website"},"primaryImageOfPage":{"@id":"https:\/\/noticiasmercedinas.com\/site\/2025\/04\/19\/principios-y-valores-recorre-mercedes-con-la-propuesta-de-guillermo-moreno\/#primaryimage"},"image":{"@id":"https:\/\/noticiasmercedinas.com\/site\/2025\/04\/19\/principios-y-valores-recorre-mercedes-con-la-propuesta-de-guillermo-moreno\/#primaryimage"},"thumbnailUrl":"https:\/\/noticiasmercedinas.com\/site\/wp-content\/uploads\/2025\/04\/IMG_20250419_145925.jpg","datePublished":"2025-04-19T18:19:18+00:00","dateModified":"2025-04-19T18:20:29+00:00","breadcrumb":{"@id":"https:\/\/noticiasmercedinas.com\/site\/2025\/04\/19\/principios-y-valores-recorre-mercedes-con-la-propuesta-de-guillermo-moreno\/#breadcrumb"},"inLanguage":"es","potentialAction":[{"@type":"ReadAction","target":["https:\/\/noticiasmercedinas.com\/site\/2025\/04\/19\/principios-y-valores-recorre-mercedes-con-la-propuesta-de-guillermo-moreno\/"]}]},{"@type":"ImageObject","inLanguage":"es","@id":"https:\/\/noticiasmercedinas.com\/site\/2025\/04\/19\/principios-y-valores-recorre-mercedes-con-la-propuesta-de-guillermo-moreno\/#primaryimage","url":"https:\/\/noticiasmercedinas.com\/site\/wp-content\/uploads\/2025\/04\/IMG_20250419_145925.jpg","contentUrl":"https:\/\/noticiasmercedinas.com\/site\/wp-content\/uploads\/2025\/04\/IMG_20250419_145925.jpg","width":714,"height":570},{"@type":"BreadcrumbList","@id":"https:\/\/noticiasmercedinas.com\/site\/2025\/04\/19\/principios-y-valores-recorre-mercedes-con-la-propuesta-de-guillermo-moreno\/#breadcrumb","itemListElement":[{"@type":"ListItem","position":1,"name":"Portada","item":"https:\/\/noticiasmercedinas.com\/site\/"},{"@type":"ListItem","position":2,"name":"\u00abPrincipios y Valores\u00bb recorre Mercedes con la propuesta de Guillermo Moreno"}]},{"@type":"WebSite","@id":"https:\/\/noticiasmercedinas.com\/site\/#website","url":"https:\/\/noticiasmercedinas.com\/site\/","name":"NOTICIASMERCEDINAS.COM","description":"Mercedes, Buenos Aires, Argentina","publisher":{"@id":"https:\/\/noticiasmercedinas.com\/site\/#organization"},"potentialAction":[{"@type":"SearchAction","target":{"@type":"EntryPoint","urlTemplate":"https:\/\/noticiasmercedinas.com\/site\/?s={search_term_string}"},"query-input":{"@type":"PropertyValueSpecification","valueRequired":true,"valueName":"search_term_string"}}],"inLanguage":"es"},{"@type":"Organization","@id":"https:\/\/noticiasmercedinas.com\/site\/#organization","name":"NOTICIASMERCEDINAS.COM","url":"https:\/\/noticiasmercedinas.com\/site\/","logo":{"@type":"ImageObject","inLanguage":"es","@id":"https:\/\/noticiasmercedinas.com\/site\/#\/schema\/logo\/image\/","url":"https:\/\/noticiasmercedinas.com\/site\/wp-content\/uploads\/2020\/06\/LOGO-512.jpg","contentUrl":"https:\/\/noticiasmercedinas.com\/site\/wp-content\/uploads\/2020\/06\/LOGO-512.jpg","width":512,"height":512,"caption":"NOTICIASMERCEDINAS.COM"},"image":{"@id":"https:\/\/noticiasmercedinas.com\/site\/#\/schema\/logo\/image\/"},"sameAs":["https:\/\/www.facebook.com\/noticiasmercedinas\/","https:\/\/x.com\/notmercedinas","https:\/\/www.instagram.com\/noticiasmercedinas\/"]},{"@type":"Person","@id":"https:\/\/noticiasmercedinas.com\/site\/#\/schema\/person\/84b59c099c28ff2e8b77d4ceec5d8063","name":"NOTICIASMERCEDINAS.COM","image":{"@type":"ImageObject","inLanguage":"es","@id":"https:\/\/secure.gravatar.com\/avatar\/4dfbf16b4d17945bfb6341b2d19043457132fcf478a5ee04f42e959fd8f5df0a?s=96&d=mm&r=g","url":"https:\/\/secure.gravatar.com\/avatar\/4dfbf16b4d17945bfb6341b2d19043457132fcf478a5ee04f42e959fd8f5df0a?s=96&d=mm&r=g","contentUrl":"https:\/\/secure.gravatar.com\/avatar\/4dfbf16b4d17945bfb6341b2d19043457132fcf478a5ee04f42e959fd8f5df0a?s=96&d=mm&r=g","caption":"NOTICIASMERCEDINAS.COM"},"url":"https:\/\/noticiasmercedinas.com\/site\/author\/anonimo\/"}]}},"amp_enabled":true,"_links":{"self":[{"href":"https:\/\/noticiasmercedinas.com\/site\/wp-json\/wp\/v2\/posts\/157634","targetHints":{"allow":["GET"]}}],"collection":[{"href":"https:\/\/noticiasmercedinas.com\/site\/wp-json\/wp\/v2\/posts"}],"about":[{"href":"https:\/\/noticiasmercedinas.com\/site\/wp-json\/wp\/v2\/types\/post"}],"author":[{"embeddable":true,"href":"https:\/\/noticiasmercedinas.com\/site\/wp-json\/wp\/v2\/users\/16"}],"replies":[{"embeddable":true,"href":"https:\/\/noticiasmercedinas.com\/site\/wp-json\/wp\/v2\/comments?post=157634"}],"version-history":[{"count":5,"href":"https:\/\/noticiasmercedinas.com\/site\/wp-json\/wp\/v2\/posts\/157634\/revisions"}],"predecessor-version":[{"id":157640,"href":"https:\/\/noticiasmercedinas.com\/site\/wp-json\/wp\/v2\/posts\/157634\/revisions\/157640"}],"wp:featuredmedia":[{"embeddable":true,"href":"https:\/\/noticiasmercedinas.com\/site\/wp-json\/wp\/v2\/media\/157638"}],"wp:attachment":[{"href":"https:\/\/noticiasmercedinas.com\/site\/wp-json\/wp\/v2\/media?parent=157634"}],"wp:term":[{"taxonomy":"category","embeddable":true,"href":"https:\/\/noticiasmercedinas.com\/site\/wp-json\/wp\/v2\/categories?post=157634"},{"taxonomy":"post_tag","embeddable":true,"href":"https:\/\/noticiasmercedinas.com\/site\/wp-json\/wp\/v2\/tags?post=157634"}],"curies":[{"name":"wp","href":"https:\/\/api.w.org\/{rel}","templated":true}]}}