{"id":157666,"date":"2025-04-20T10:44:12","date_gmt":"2025-04-20T13:44:12","guid":{"rendered":"https:\/\/noticiasmercedinas.com\/site\/?p=157666"},"modified":"2025-04-20T12:09:05","modified_gmt":"2025-04-20T15:09:05","slug":"principios-y-valores-propuso-una-mesa-de-trabajo-para-definir-el-destino-de-fondos","status":"publish","type":"post","link":"https:\/\/noticiasmercedinas.com\/site\/2025\/04\/20\/principios-y-valores-propuso-una-mesa-de-trabajo-para-definir-el-destino-de-fondos\/","title":{"rendered":"Principios y Valores propuso una mesa de trabajo para definir el destino de fondos"},"content":{"rendered":"<p><img loading=\"lazy\" decoding=\"async\" class=\"alignnone size-full wp-image-59540\" src=\"https:\/\/noticiasmercedinas.com\/site\/wp-content\/uploads\/2021\/01\/municipio1325242635.jpg\" alt=\"\" width=\"893\" height=\"509\" srcset=\"https:\/\/noticiasmercedinas.com\/site\/wp-content\/uploads\/2021\/01\/municipio1325242635.jpg 893w, https:\/\/noticiasmercedinas.com\/site\/wp-content\/uploads\/2021\/01\/municipio1325242635-300x171.jpg 300w, https:\/\/noticiasmercedinas.com\/site\/wp-content\/uploads\/2021\/01\/municipio1325242635-768x438.jpg 768w, https:\/\/noticiasmercedinas.com\/site\/wp-content\/uploads\/2021\/01\/municipio1325242635-640x365.jpg 640w, https:\/\/noticiasmercedinas.com\/site\/wp-content\/uploads\/2021\/01\/municipio1325242635-681x388.jpg 681w\" sizes=\"auto, (max-width: 893px) 100vw, 893px\" \/><\/p>\n<p>Tras la pol\u00e9mica generada en el Concejo Deliberante de Mercedes por la utilizaci\u00f3n de fondos provenientes de la venta de un inmueble en el Sector Industrial Planificado, la agrupaci\u00f3n justicialista Principios y Valores manifest\u00f3 su postura p\u00fablica e hizo una propuesta concreta para abordar el tema de manera consensuada.<\/p>\n<p>En un comunicado dirigido \u201cal pueblo y la opini\u00f3n p\u00fablica de Mercedes\u201d, la agrupaci\u00f3n convoc\u00f3 a los partidos pol\u00edticos y organizaciones libres del pueblo a conformar una mesa de trabajo que permita definir en conjunto el destino de esos fondos. El objetivo, se\u00f1alaron, es elaborar un proyecto de desarrollo productivo y\/o social que cuente con el consenso de distintos sectores y pueda ser elevado posteriormente al Concejo Deliberante para su aprobaci\u00f3n.<\/p>\n<p>La controversia se origin\u00f3 a partir de la aprobaci\u00f3n de la ordenanza 9573\/2025, que habilita el uso de los fondos en cuesti\u00f3n para \u201cinfraestructura productiva y\/o social\u201d. El debate entre oficialismo y oposici\u00f3n tom\u00f3 relevancia durante la \u00faltima sesi\u00f3n ordinaria del cuerpo legislativo.<\/p>\n<p>Desde Principios y Valores expresaron su deseo de \u201csuperar las simples chicanas pol\u00edticas\u201d que \u2014afirmaron\u2014 han cansado a muchos vecinos, y pidieron que se deje atr\u00e1s \u201clas viejas pr\u00e1cticas pol\u00edticas\u201d para priorizar el bienestar de la ciudad.<\/p>\n","protected":false},"excerpt":{"rendered":"<p>\u25a0 La agrupaci\u00f3n justicialista present\u00f3 una propuesta tras el debate por la ordenanza 9573\/2025 y llam\u00f3 a construir un proyecto conjunto con partidos y organizaciones para definir el uso de los fondos provenientes de la venta de un inmueble<\/p>\n","protected":false},"author":16,"featured_media":59540,"comment_status":"closed","ping_status":"closed","sticky":false,"template":"","format":"standard","meta":{"footnotes":""},"categories":[16],"tags":[243,12780],"class_list":["post-157666","post","type-post","status-publish","format-standard","has-post-thumbnail","hentry","category-politica","tag-concejo-deliberante","tag-principios-y-valores"],"yoast_head":"<!-- This site is optimized with the Yoast SEO plugin v27.4 - https:\/\/yoast.com\/product\/yoast-seo-wordpress\/ -->\n<title>Principios y Valores propuso una mesa de trabajo para definir el destino de fondos<\/title>\n<meta name=\"description\" content=\"La agrupaci\u00f3n justicialista present\u00f3 una propuesta tras el debate por la ordenanza 9573\/2025 y llam\u00f3 a construir un proyecto conjunto con partidos y organizaciones para definir el uso de los fondos provenientes de la venta de un inmueble\" \/>\n<meta name=\"robots\" content=\"index, follow, max-snippet:-1, max-image-preview:large, max-video-preview:-1\" \/>\n<link rel=\"canonical\" href=\"https:\/\/noticiasmercedinas.com\/site\/2025\/04\/20\/principios-y-valores-propuso-una-mesa-de-trabajo-para-definir-el-destino-de-fondos\/\" \/>\n<meta property=\"og:locale\" content=\"es_ES\" \/>\n<meta property=\"og:type\" content=\"article\" \/>\n<meta property=\"og:title\" content=\"Principios y Valores propuso una mesa de trabajo para definir el destino de fondos\" \/>\n<meta property=\"og:description\" content=\"La agrupaci\u00f3n justicialista present\u00f3 una propuesta tras el debate por la ordenanza 9573\/2025 y llam\u00f3 a construir un proyecto conjunto con partidos y organizaciones para definir el uso de los fondos provenientes de la venta de un inmueble\" \/>\n<meta property=\"og:url\" content=\"https:\/\/noticiasmercedinas.com\/site\/2025\/04\/20\/principios-y-valores-propuso-una-mesa-de-trabajo-para-definir-el-destino-de-fondos\/\" \/>\n<meta property=\"og:site_name\" content=\"NOTICIASMERCEDINAS.COM\" \/>\n<meta property=\"article:publisher\" content=\"https:\/\/www.facebook.com\/noticiasmercedinas\/\" \/>\n<meta property=\"article:published_time\" content=\"2025-04-20T13:44:12+00:00\" \/>\n<meta property=\"article:modified_time\" content=\"2025-04-20T15:09:05+00:00\" \/>\n<meta property=\"og:image\" content=\"https:\/\/noticiasmercedinas.com\/site\/wp-content\/uploads\/2021\/01\/municipio1325242635.jpg\" \/>\n\t<meta property=\"og:image:width\" content=\"893\" \/>\n\t<meta property=\"og:image:height\" content=\"509\" \/>\n\t<meta property=\"og:image:type\" content=\"image\/jpeg\" \/>\n<meta name=\"author\" content=\"NOTICIASMERCEDINAS.COM\" \/>\n<meta name=\"twitter:card\" content=\"summary_large_image\" \/>\n<meta name=\"twitter:creator\" content=\"@notmercedinas\" \/>\n<meta name=\"twitter:site\" content=\"@notmercedinas\" \/>\n<meta name=\"twitter:label1\" content=\"Escrito por\" \/>\n\t<meta name=\"twitter:data1\" content=\"NOTICIASMERCEDINAS.COM\" \/>\n\t<meta name=\"twitter:label2\" content=\"Tiempo de lectura\" \/>\n\t<meta name=\"twitter:data2\" content=\"2 minutos\" \/>\n<script type=\"application\/ld+json\" class=\"yoast-schema-graph\">{\"@context\":\"https:\\\/\\\/schema.org\",\"@graph\":[{\"@type\":\"Article\",\"@id\":\"https:\\\/\\\/noticiasmercedinas.com\\\/site\\\/2025\\\/04\\\/20\\\/principios-y-valores-propuso-una-mesa-de-trabajo-para-definir-el-destino-de-fondos\\\/#article\",\"isPartOf\":{\"@id\":\"https:\\\/\\\/noticiasmercedinas.com\\\/site\\\/2025\\\/04\\\/20\\\/principios-y-valores-propuso-una-mesa-de-trabajo-para-definir-el-destino-de-fondos\\\/\"},\"author\":{\"name\":\"NOTICIASMERCEDINAS.COM\",\"@id\":\"https:\\\/\\\/noticiasmercedinas.com\\\/site\\\/#\\\/schema\\\/person\\\/84b59c099c28ff2e8b77d4ceec5d8063\"},\"headline\":\"Principios y Valores propuso una mesa de trabajo para definir el destino de fondos\",\"datePublished\":\"2025-04-20T13:44:12+00:00\",\"dateModified\":\"2025-04-20T15:09:05+00:00\",\"mainEntityOfPage\":{\"@id\":\"https:\\\/\\\/noticiasmercedinas.com\\\/site\\\/2025\\\/04\\\/20\\\/principios-y-valores-propuso-una-mesa-de-trabajo-para-definir-el-destino-de-fondos\\\/\"},\"wordCount\":233,\"publisher\":{\"@id\":\"https:\\\/\\\/noticiasmercedinas.com\\\/site\\\/#organization\"},\"image\":{\"@id\":\"https:\\\/\\\/noticiasmercedinas.com\\\/site\\\/2025\\\/04\\\/20\\\/principios-y-valores-propuso-una-mesa-de-trabajo-para-definir-el-destino-de-fondos\\\/#primaryimage\"},\"thumbnailUrl\":\"https:\\\/\\\/noticiasmercedinas.com\\\/site\\\/wp-content\\\/uploads\\\/2021\\\/01\\\/municipio1325242635.jpg\",\"keywords\":[\"concejo deliberante\",\"principios y valores\"],\"articleSection\":[\"Politica\"],\"inLanguage\":\"es\"},{\"@type\":\"WebPage\",\"@id\":\"https:\\\/\\\/noticiasmercedinas.com\\\/site\\\/2025\\\/04\\\/20\\\/principios-y-valores-propuso-una-mesa-de-trabajo-para-definir-el-destino-de-fondos\\\/\",\"url\":\"https:\\\/\\\/noticiasmercedinas.com\\\/site\\\/2025\\\/04\\\/20\\\/principios-y-valores-propuso-una-mesa-de-trabajo-para-definir-el-destino-de-fondos\\\/\",\"name\":\"Principios y Valores propuso una mesa de trabajo para definir el destino de fondos\",\"isPartOf\":{\"@id\":\"https:\\\/\\\/noticiasmercedinas.com\\\/site\\\/#website\"},\"primaryImageOfPage\":{\"@id\":\"https:\\\/\\\/noticiasmercedinas.com\\\/site\\\/2025\\\/04\\\/20\\\/principios-y-valores-propuso-una-mesa-de-trabajo-para-definir-el-destino-de-fondos\\\/#primaryimage\"},\"image\":{\"@id\":\"https:\\\/\\\/noticiasmercedinas.com\\\/site\\\/2025\\\/04\\\/20\\\/principios-y-valores-propuso-una-mesa-de-trabajo-para-definir-el-destino-de-fondos\\\/#primaryimage\"},\"thumbnailUrl\":\"https:\\\/\\\/noticiasmercedinas.com\\\/site\\\/wp-content\\\/uploads\\\/2021\\\/01\\\/municipio1325242635.jpg\",\"datePublished\":\"2025-04-20T13:44:12+00:00\",\"dateModified\":\"2025-04-20T15:09:05+00:00\",\"description\":\"La agrupaci\u00f3n justicialista present\u00f3 una propuesta tras el debate por la ordenanza 9573\\\/2025 y llam\u00f3 a construir un proyecto conjunto con partidos y organizaciones para definir el uso de los fondos provenientes de la venta de un inmueble\",\"breadcrumb\":{\"@id\":\"https:\\\/\\\/noticiasmercedinas.com\\\/site\\\/2025\\\/04\\\/20\\\/principios-y-valores-propuso-una-mesa-de-trabajo-para-definir-el-destino-de-fondos\\\/#breadcrumb\"},\"inLanguage\":\"es\",\"potentialAction\":[{\"@type\":\"ReadAction\",\"target\":[\"https:\\\/\\\/noticiasmercedinas.com\\\/site\\\/2025\\\/04\\\/20\\\/principios-y-valores-propuso-una-mesa-de-trabajo-para-definir-el-destino-de-fondos\\\/\"]}]},{\"@type\":\"ImageObject\",\"inLanguage\":\"es\",\"@id\":\"https:\\\/\\\/noticiasmercedinas.com\\\/site\\\/2025\\\/04\\\/20\\\/principios-y-valores-propuso-una-mesa-de-trabajo-para-definir-el-destino-de-fondos\\\/#primaryimage\",\"url\":\"https:\\\/\\\/noticiasmercedinas.com\\\/site\\\/wp-content\\\/uploads\\\/2021\\\/01\\\/municipio1325242635.jpg\",\"contentUrl\":\"https:\\\/\\\/noticiasmercedinas.com\\\/site\\\/wp-content\\\/uploads\\\/2021\\\/01\\\/municipio1325242635.jpg\",\"width\":893,\"height\":509},{\"@type\":\"BreadcrumbList\",\"@id\":\"https:\\\/\\\/noticiasmercedinas.com\\\/site\\\/2025\\\/04\\\/20\\\/principios-y-valores-propuso-una-mesa-de-trabajo-para-definir-el-destino-de-fondos\\\/#breadcrumb\",\"itemListElement\":[{\"@type\":\"ListItem\",\"position\":1,\"name\":\"Portada\",\"item\":\"https:\\\/\\\/noticiasmercedinas.com\\\/site\\\/\"},{\"@type\":\"ListItem\",\"position\":2,\"name\":\"Principios y Valores propuso una mesa de trabajo para definir el destino de fondos\"}]},{\"@type\":\"WebSite\",\"@id\":\"https:\\\/\\\/noticiasmercedinas.com\\\/site\\\/#website\",\"url\":\"https:\\\/\\\/noticiasmercedinas.com\\\/site\\\/\",\"name\":\"NOTICIASMERCEDINAS.COM\",\"description\":\"Mercedes, Buenos Aires, Argentina\",\"publisher\":{\"@id\":\"https:\\\/\\\/noticiasmercedinas.com\\\/site\\\/#organization\"},\"potentialAction\":[{\"@type\":\"SearchAction\",\"target\":{\"@type\":\"EntryPoint\",\"urlTemplate\":\"https:\\\/\\\/noticiasmercedinas.com\\\/site\\\/?s={search_term_string}\"},\"query-input\":{\"@type\":\"PropertyValueSpecification\",\"valueRequired\":true,\"valueName\":\"search_term_string\"}}],\"inLanguage\":\"es\"},{\"@type\":\"Organization\",\"@id\":\"https:\\\/\\\/noticiasmercedinas.com\\\/site\\\/#organization\",\"name\":\"NOTICIASMERCEDINAS.COM\",\"url\":\"https:\\\/\\\/noticiasmercedinas.com\\\/site\\\/\",\"logo\":{\"@type\":\"ImageObject\",\"inLanguage\":\"es\",\"@id\":\"https:\\\/\\\/noticiasmercedinas.com\\\/site\\\/#\\\/schema\\\/logo\\\/image\\\/\",\"url\":\"https:\\\/\\\/noticiasmercedinas.com\\\/site\\\/wp-content\\\/uploads\\\/2020\\\/06\\\/LOGO-512.jpg\",\"contentUrl\":\"https:\\\/\\\/noticiasmercedinas.com\\\/site\\\/wp-content\\\/uploads\\\/2020\\\/06\\\/LOGO-512.jpg\",\"width\":512,\"height\":512,\"caption\":\"NOTICIASMERCEDINAS.COM\"},\"image\":{\"@id\":\"https:\\\/\\\/noticiasmercedinas.com\\\/site\\\/#\\\/schema\\\/logo\\\/image\\\/\"},\"sameAs\":[\"https:\\\/\\\/www.facebook.com\\\/noticiasmercedinas\\\/\",\"https:\\\/\\\/x.com\\\/notmercedinas\",\"https:\\\/\\\/www.instagram.com\\\/noticiasmercedinas\\\/\"]},{\"@type\":\"Person\",\"@id\":\"https:\\\/\\\/noticiasmercedinas.com\\\/site\\\/#\\\/schema\\\/person\\\/84b59c099c28ff2e8b77d4ceec5d8063\",\"name\":\"NOTICIASMERCEDINAS.COM\",\"image\":{\"@type\":\"ImageObject\",\"inLanguage\":\"es\",\"@id\":\"https:\\\/\\\/secure.gravatar.com\\\/avatar\\\/4dfbf16b4d17945bfb6341b2d19043457132fcf478a5ee04f42e959fd8f5df0a?s=96&d=mm&r=g\",\"url\":\"https:\\\/\\\/secure.gravatar.com\\\/avatar\\\/4dfbf16b4d17945bfb6341b2d19043457132fcf478a5ee04f42e959fd8f5df0a?s=96&d=mm&r=g\",\"contentUrl\":\"https:\\\/\\\/secure.gravatar.com\\\/avatar\\\/4dfbf16b4d17945bfb6341b2d19043457132fcf478a5ee04f42e959fd8f5df0a?s=96&d=mm&r=g\",\"caption\":\"NOTICIASMERCEDINAS.COM\"},\"url\":\"https:\\\/\\\/noticiasmercedinas.com\\\/site\\\/author\\\/anonimo\\\/\"}]}<\/script>\n<!-- \/ Yoast SEO plugin. -->","yoast_head_json":{"title":"Principios y Valores propuso una mesa de trabajo para definir el destino de fondos","description":"La agrupaci\u00f3n justicialista present\u00f3 una propuesta tras el debate por la ordenanza 9573\/2025 y llam\u00f3 a construir un proyecto conjunto con partidos y organizaciones para definir el uso de los fondos provenientes de la venta de un inmueble","robots":{"index":"index","follow":"follow","max-snippet":"max-snippet:-1","max-image-preview":"max-image-preview:large","max-video-preview":"max-video-preview:-1"},"canonical":"https:\/\/noticiasmercedinas.com\/site\/2025\/04\/20\/principios-y-valores-propuso-una-mesa-de-trabajo-para-definir-el-destino-de-fondos\/","og_locale":"es_ES","og_type":"article","og_title":"Principios y Valores propuso una mesa de trabajo para definir el destino de fondos","og_description":"La agrupaci\u00f3n justicialista present\u00f3 una propuesta tras el debate por la ordenanza 9573\/2025 y llam\u00f3 a construir un proyecto conjunto con partidos y organizaciones para definir el uso de los fondos provenientes de la venta de un inmueble","og_url":"https:\/\/noticiasmercedinas.com\/site\/2025\/04\/20\/principios-y-valores-propuso-una-mesa-de-trabajo-para-definir-el-destino-de-fondos\/","og_site_name":"NOTICIASMERCEDINAS.COM","article_publisher":"https:\/\/www.facebook.com\/noticiasmercedinas\/","article_published_time":"2025-04-20T13:44:12+00:00","article_modified_time":"2025-04-20T15:09:05+00:00","og_image":[{"width":893,"height":509,"url":"https:\/\/noticiasmercedinas.com\/site\/wp-content\/uploads\/2021\/01\/municipio1325242635.jpg","type":"image\/jpeg"}],"author":"NOTICIASMERCEDINAS.COM","twitter_card":"summary_large_image","twitter_creator":"@notmercedinas","twitter_site":"@notmercedinas","twitter_misc":{"Escrito por":"NOTICIASMERCEDINAS.COM","Tiempo de lectura":"2 minutos"},"schema":{"@context":"https:\/\/schema.org","@graph":[{"@type":"Article","@id":"https:\/\/noticiasmercedinas.com\/site\/2025\/04\/20\/principios-y-valores-propuso-una-mesa-de-trabajo-para-definir-el-destino-de-fondos\/#article","isPartOf":{"@id":"https:\/\/noticiasmercedinas.com\/site\/2025\/04\/20\/principios-y-valores-propuso-una-mesa-de-trabajo-para-definir-el-destino-de-fondos\/"},"author":{"name":"NOTICIASMERCEDINAS.COM","@id":"https:\/\/noticiasmercedinas.com\/site\/#\/schema\/person\/84b59c099c28ff2e8b77d4ceec5d8063"},"headline":"Principios y Valores propuso una mesa de trabajo para definir el destino de fondos","datePublished":"2025-04-20T13:44:12+00:00","dateModified":"2025-04-20T15:09:05+00:00","mainEntityOfPage":{"@id":"https:\/\/noticiasmercedinas.com\/site\/2025\/04\/20\/principios-y-valores-propuso-una-mesa-de-trabajo-para-definir-el-destino-de-fondos\/"},"wordCount":233,"publisher":{"@id":"https:\/\/noticiasmercedinas.com\/site\/#organization"},"image":{"@id":"https:\/\/noticiasmercedinas.com\/site\/2025\/04\/20\/principios-y-valores-propuso-una-mesa-de-trabajo-para-definir-el-destino-de-fondos\/#primaryimage"},"thumbnailUrl":"https:\/\/noticiasmercedinas.com\/site\/wp-content\/uploads\/2021\/01\/municipio1325242635.jpg","keywords":["concejo deliberante","principios y valores"],"articleSection":["Politica"],"inLanguage":"es"},{"@type":"WebPage","@id":"https:\/\/noticiasmercedinas.com\/site\/2025\/04\/20\/principios-y-valores-propuso-una-mesa-de-trabajo-para-definir-el-destino-de-fondos\/","url":"https:\/\/noticiasmercedinas.com\/site\/2025\/04\/20\/principios-y-valores-propuso-una-mesa-de-trabajo-para-definir-el-destino-de-fondos\/","name":"Principios y Valores propuso una mesa de trabajo para definir el destino de fondos","isPartOf":{"@id":"https:\/\/noticiasmercedinas.com\/site\/#website"},"primaryImageOfPage":{"@id":"https:\/\/noticiasmercedinas.com\/site\/2025\/04\/20\/principios-y-valores-propuso-una-mesa-de-trabajo-para-definir-el-destino-de-fondos\/#primaryimage"},"image":{"@id":"https:\/\/noticiasmercedinas.com\/site\/2025\/04\/20\/principios-y-valores-propuso-una-mesa-de-trabajo-para-definir-el-destino-de-fondos\/#primaryimage"},"thumbnailUrl":"https:\/\/noticiasmercedinas.com\/site\/wp-content\/uploads\/2021\/01\/municipio1325242635.jpg","datePublished":"2025-04-20T13:44:12+00:00","dateModified":"2025-04-20T15:09:05+00:00","description":"La agrupaci\u00f3n justicialista present\u00f3 una propuesta tras el debate por la ordenanza 9573\/2025 y llam\u00f3 a construir un proyecto conjunto con partidos y organizaciones para definir el uso de los fondos provenientes de la venta de un inmueble","breadcrumb":{"@id":"https:\/\/noticiasmercedinas.com\/site\/2025\/04\/20\/principios-y-valores-propuso-una-mesa-de-trabajo-para-definir-el-destino-de-fondos\/#breadcrumb"},"inLanguage":"es","potentialAction":[{"@type":"ReadAction","target":["https:\/\/noticiasmercedinas.com\/site\/2025\/04\/20\/principios-y-valores-propuso-una-mesa-de-trabajo-para-definir-el-destino-de-fondos\/"]}]},{"@type":"ImageObject","inLanguage":"es","@id":"https:\/\/noticiasmercedinas.com\/site\/2025\/04\/20\/principios-y-valores-propuso-una-mesa-de-trabajo-para-definir-el-destino-de-fondos\/#primaryimage","url":"https:\/\/noticiasmercedinas.com\/site\/wp-content\/uploads\/2021\/01\/municipio1325242635.jpg","contentUrl":"https:\/\/noticiasmercedinas.com\/site\/wp-content\/uploads\/2021\/01\/municipio1325242635.jpg","width":893,"height":509},{"@type":"BreadcrumbList","@id":"https:\/\/noticiasmercedinas.com\/site\/2025\/04\/20\/principios-y-valores-propuso-una-mesa-de-trabajo-para-definir-el-destino-de-fondos\/#breadcrumb","itemListElement":[{"@type":"ListItem","position":1,"name":"Portada","item":"https:\/\/noticiasmercedinas.com\/site\/"},{"@type":"ListItem","position":2,"name":"Principios y Valores propuso una mesa de trabajo para definir el destino de fondos"}]},{"@type":"WebSite","@id":"https:\/\/noticiasmercedinas.com\/site\/#website","url":"https:\/\/noticiasmercedinas.com\/site\/","name":"NOTICIASMERCEDINAS.COM","description":"Mercedes, Buenos Aires, Argentina","publisher":{"@id":"https:\/\/noticiasmercedinas.com\/site\/#organization"},"potentialAction":[{"@type":"SearchAction","target":{"@type":"EntryPoint","urlTemplate":"https:\/\/noticiasmercedinas.com\/site\/?s={search_term_string}"},"query-input":{"@type":"PropertyValueSpecification","valueRequired":true,"valueName":"search_term_string"}}],"inLanguage":"es"},{"@type":"Organization","@id":"https:\/\/noticiasmercedinas.com\/site\/#organization","name":"NOTICIASMERCEDINAS.COM","url":"https:\/\/noticiasmercedinas.com\/site\/","logo":{"@type":"ImageObject","inLanguage":"es","@id":"https:\/\/noticiasmercedinas.com\/site\/#\/schema\/logo\/image\/","url":"https:\/\/noticiasmercedinas.com\/site\/wp-content\/uploads\/2020\/06\/LOGO-512.jpg","contentUrl":"https:\/\/noticiasmercedinas.com\/site\/wp-content\/uploads\/2020\/06\/LOGO-512.jpg","width":512,"height":512,"caption":"NOTICIASMERCEDINAS.COM"},"image":{"@id":"https:\/\/noticiasmercedinas.com\/site\/#\/schema\/logo\/image\/"},"sameAs":["https:\/\/www.facebook.com\/noticiasmercedinas\/","https:\/\/x.com\/notmercedinas","https:\/\/www.instagram.com\/noticiasmercedinas\/"]},{"@type":"Person","@id":"https:\/\/noticiasmercedinas.com\/site\/#\/schema\/person\/84b59c099c28ff2e8b77d4ceec5d8063","name":"NOTICIASMERCEDINAS.COM","image":{"@type":"ImageObject","inLanguage":"es","@id":"https:\/\/secure.gravatar.com\/avatar\/4dfbf16b4d17945bfb6341b2d19043457132fcf478a5ee04f42e959fd8f5df0a?s=96&d=mm&r=g","url":"https:\/\/secure.gravatar.com\/avatar\/4dfbf16b4d17945bfb6341b2d19043457132fcf478a5ee04f42e959fd8f5df0a?s=96&d=mm&r=g","contentUrl":"https:\/\/secure.gravatar.com\/avatar\/4dfbf16b4d17945bfb6341b2d19043457132fcf478a5ee04f42e959fd8f5df0a?s=96&d=mm&r=g","caption":"NOTICIASMERCEDINAS.COM"},"url":"https:\/\/noticiasmercedinas.com\/site\/author\/anonimo\/"}]}},"amp_enabled":true,"_links":{"self":[{"href":"https:\/\/noticiasmercedinas.com\/site\/wp-json\/wp\/v2\/posts\/157666","targetHints":{"allow":["GET"]}}],"collection":[{"href":"https:\/\/noticiasmercedinas.com\/site\/wp-json\/wp\/v2\/posts"}],"about":[{"href":"https:\/\/noticiasmercedinas.com\/site\/wp-json\/wp\/v2\/types\/post"}],"author":[{"embeddable":true,"href":"https:\/\/noticiasmercedinas.com\/site\/wp-json\/wp\/v2\/users\/16"}],"replies":[{"embeddable":true,"href":"https:\/\/noticiasmercedinas.com\/site\/wp-json\/wp\/v2\/comments?post=157666"}],"version-history":[{"count":4,"href":"https:\/\/noticiasmercedinas.com\/site\/wp-json\/wp\/v2\/posts\/157666\/revisions"}],"predecessor-version":[{"id":157686,"href":"https:\/\/noticiasmercedinas.com\/site\/wp-json\/wp\/v2\/posts\/157666\/revisions\/157686"}],"wp:featuredmedia":[{"embeddable":true,"href":"https:\/\/noticiasmercedinas.com\/site\/wp-json\/wp\/v2\/media\/59540"}],"wp:attachment":[{"href":"https:\/\/noticiasmercedinas.com\/site\/wp-json\/wp\/v2\/media?parent=157666"}],"wp:term":[{"taxonomy":"category","embeddable":true,"href":"https:\/\/noticiasmercedinas.com\/site\/wp-json\/wp\/v2\/categories?post=157666"},{"taxonomy":"post_tag","embeddable":true,"href":"https:\/\/noticiasmercedinas.com\/site\/wp-json\/wp\/v2\/tags?post=157666"}],"curies":[{"name":"wp","href":"https:\/\/api.w.org\/{rel}","templated":true}]}}