{"id":157774,"date":"2025-04-21T16:35:18","date_gmt":"2025-04-21T19:35:18","guid":{"rendered":"https:\/\/noticiasmercedinas.com\/site\/?p=157774"},"modified":"2025-04-21T18:15:34","modified_gmt":"2025-04-21T21:15:34","slug":"cumelen-organizo-una-jornada-recreativa-con-adultos-mayores-en-el-club-estudiantes","status":"publish","type":"post","link":"https:\/\/noticiasmercedinas.com\/site\/2025\/04\/21\/cumelen-organizo-una-jornada-recreativa-con-adultos-mayores-en-el-club-estudiantes\/","title":{"rendered":"Cumel\u00e9n organiz\u00f3 una jornada recreativa con adultos mayores en el Club Estudiantes"},"content":{"rendered":"<p><img loading=\"lazy\" decoding=\"async\" class=\"alignnone size-full wp-image-157781\" src=\"https:\/\/noticiasmercedinas.com\/site\/wp-content\/uploads\/2025\/04\/3850e660-ca12-47ab-98df-a31bab5900e7.jpg\" alt=\"\" width=\"1600\" height=\"1200\" srcset=\"https:\/\/noticiasmercedinas.com\/site\/wp-content\/uploads\/2025\/04\/3850e660-ca12-47ab-98df-a31bab5900e7.jpg 1600w, https:\/\/noticiasmercedinas.com\/site\/wp-content\/uploads\/2025\/04\/3850e660-ca12-47ab-98df-a31bab5900e7-300x225.jpg 300w, https:\/\/noticiasmercedinas.com\/site\/wp-content\/uploads\/2025\/04\/3850e660-ca12-47ab-98df-a31bab5900e7-1024x768.jpg 1024w, https:\/\/noticiasmercedinas.com\/site\/wp-content\/uploads\/2025\/04\/3850e660-ca12-47ab-98df-a31bab5900e7-768x576.jpg 768w, https:\/\/noticiasmercedinas.com\/site\/wp-content\/uploads\/2025\/04\/3850e660-ca12-47ab-98df-a31bab5900e7-1536x1152.jpg 1536w, https:\/\/noticiasmercedinas.com\/site\/wp-content\/uploads\/2025\/04\/3850e660-ca12-47ab-98df-a31bab5900e7-80x60.jpg 80w, https:\/\/noticiasmercedinas.com\/site\/wp-content\/uploads\/2025\/04\/3850e660-ca12-47ab-98df-a31bab5900e7-160x120.jpg 160w, https:\/\/noticiasmercedinas.com\/site\/wp-content\/uploads\/2025\/04\/3850e660-ca12-47ab-98df-a31bab5900e7-100x75.jpg 100w, https:\/\/noticiasmercedinas.com\/site\/wp-content\/uploads\/2025\/04\/3850e660-ca12-47ab-98df-a31bab5900e7-200x150.jpg 200w, https:\/\/noticiasmercedinas.com\/site\/wp-content\/uploads\/2025\/04\/3850e660-ca12-47ab-98df-a31bab5900e7-180x135.jpg 180w, https:\/\/noticiasmercedinas.com\/site\/wp-content\/uploads\/2025\/04\/3850e660-ca12-47ab-98df-a31bab5900e7-360x270.jpg 360w, https:\/\/noticiasmercedinas.com\/site\/wp-content\/uploads\/2025\/04\/3850e660-ca12-47ab-98df-a31bab5900e7-238x178.jpg 238w, https:\/\/noticiasmercedinas.com\/site\/wp-content\/uploads\/2025\/04\/3850e660-ca12-47ab-98df-a31bab5900e7-476x356.jpg 476w, https:\/\/noticiasmercedinas.com\/site\/wp-content\/uploads\/2025\/04\/3850e660-ca12-47ab-98df-a31bab5900e7-640x480.jpg 640w, https:\/\/noticiasmercedinas.com\/site\/wp-content\/uploads\/2025\/04\/3850e660-ca12-47ab-98df-a31bab5900e7-1280x960.jpg 1280w, https:\/\/noticiasmercedinas.com\/site\/wp-content\/uploads\/2025\/04\/3850e660-ca12-47ab-98df-a31bab5900e7-681x511.jpg 681w, https:\/\/noticiasmercedinas.com\/site\/wp-content\/uploads\/2025\/04\/3850e660-ca12-47ab-98df-a31bab5900e7-1362x1022.jpg 1362w\" sizes=\"auto, (max-width: 1600px) 100vw, 1600px\" \/><\/p>\n<p>Este s\u00e1bado se llev\u00f3 a cabo una jornada de encuentro y recreaci\u00f3n para adultos mayores en el predio del <strong>Club Estudiantes<\/strong>, organizada por el equipo de <strong>Cumel\u00e9n<\/strong>.<\/p>\n<p>La propuesta incluy\u00f3 una mateada al aire libre, juegos de tejo y momentos de distensi\u00f3n y charla entre los distintos grupos que participan habitualmente de las actividades.<\/p>\n<p>Seg\u00fan detall\u00f3 el profesor <strong>Mart\u00edn Bondanza<\/strong>, la jornada cont\u00f3 con la presencia de la profesora del grupo <strong>Araceli Gonz\u00e1lez<\/strong> y se desarroll\u00f3 \u201cen un espacio ideal para disfrutar del sol y poder aprovechar las excelentes instalaciones del club\u201d, en un claro agradecimiento por el uso del predio cedido por la instituci\u00f3n deportiva.<\/p>\n<p>Desde Cumel\u00e9n destacaron el valor de este tipo de encuentros que fortalecen los lazos comunitarios y promueven el bienestar integral de las personas mayores.<\/p>\n<p>En tanto, las actividades con adultos mayores contin\u00faan durante todo el a\u00f1o en el natatorio Cumel\u00e9n, ubicado en calle 28 entre 45 y 47, por las ma\u00f1anas.<\/p>\n<p>Quienes deseen sumarse o recibir m\u00e1s informaci\u00f3n pueden comunicarse al 2324-687602.<\/p>\n\r\n                <style type=\"text\/css\">\r\n                    \r\n                    #td_uid_1_69f1d979e6141  .td-doubleSlider-2 .td-item1 {\r\n                        background: url(https:\/\/noticiasmercedinas.com\/site\/wp-content\/uploads\/2025\/04\/dd16db6b-e2cb-4723-ad14-05aeea5544a5-160x120.jpg) 0 0 no-repeat;\r\n                    }\r\n                    #td_uid_1_69f1d979e6141  .td-doubleSlider-2 .td-item2 {\r\n                        background: url(https:\/\/noticiasmercedinas.com\/site\/wp-content\/uploads\/2025\/04\/23a934d7-4e79-49c0-9253-35b8eada6660-160x120.jpg) 0 0 no-repeat;\r\n                    }\r\n                    #td_uid_1_69f1d979e6141  .td-doubleSlider-2 .td-item3 {\r\n                        background: url(https:\/\/noticiasmercedinas.com\/site\/wp-content\/uploads\/2025\/04\/50ca4c1a-9eac-4031-a2b1-3041f5b57702-160x120.jpg) 0 0 no-repeat;\r\n                    }\r\n                    #td_uid_1_69f1d979e6141  .td-doubleSlider-2 .td-item4 {\r\n                        background: url(https:\/\/noticiasmercedinas.com\/site\/wp-content\/uploads\/2025\/04\/436c2fcc-d523-4261-8314-51d19614883a-160x120.jpg) 0 0 no-repeat;\r\n                    }\r\n                    #td_uid_1_69f1d979e6141  .td-doubleSlider-2 .td-item5 {\r\n                        background: url(https:\/\/noticiasmercedinas.com\/site\/wp-content\/uploads\/2025\/04\/414c2a7c-763e-4422-a7e1-81e13cd904b0-160x120.jpg) 0 0 no-repeat;\r\n                    }\r\n                    #td_uid_1_69f1d979e6141  .td-doubleSlider-2 .td-item6 {\r\n                        background: url(https:\/\/noticiasmercedinas.com\/site\/wp-content\/uploads\/2025\/04\/b642879d-f45c-486b-8946-57df773f0cc7-160x120.jpg) 0 0 no-repeat;\r\n                    }\r\n                    #td_uid_1_69f1d979e6141  .td-doubleSlider-2 .td-item7 {\r\n                        background: url(https:\/\/noticiasmercedinas.com\/site\/wp-content\/uploads\/2025\/04\/acbf9781-adfb-47fc-b023-891455cf17eb-160x120.jpg) 0 0 no-repeat;\r\n                    }\r\n                <\/style>\r\n\r\n                <div id=\"td_uid_1_69f1d979e6141\" class=\"td-gallery td-slide-on-2-columns\">\r\n                    <div class=\"post_td_gallery\">\r\n                        <div class=\"td-gallery-slide-top\">\r\n                           <div class=\"td-gallery-title\"><\/div>\r\n\r\n                            <div class=\"td-gallery-controls-wrapper\">\r\n                                <div class=\"td-gallery-slide-count\"><span class=\"td-gallery-slide-item-focus\">1<\/span> de 7<\/div>\r\n                                <div class=\"td-gallery-slide-prev-next-but\">\r\n                                    <i class = \"td-icon-left doubleSliderPrevButton\"><\/i>\r\n                                    <i class = \"td-icon-right doubleSliderNextButton\"><\/i>\r\n                                <\/div>\r\n                            <\/div>\r\n                        <\/div>\r\n\r\n                        <div class = \"td-doubleSlider-1 \">\r\n                            <div class = \"td-slider\">\r\n                                \r\n                    <div class = \"td-slide-item td-item1\">\r\n                        <figure class=\"td-slide-galery-figure td-slide-popup-gallery\">\r\n                            <a class=\"slide-gallery-image-link\" href=\"https:\/\/noticiasmercedinas.com\/site\/wp-content\/uploads\/2025\/04\/dd16db6b-e2cb-4723-ad14-05aeea5544a5.jpg\" title=\"dd16db6b-e2cb-4723-ad14-05aeea5544a5\"  data-caption=\"\"  data-description=\"\">\r\n                                <img decoding=\"async\" src=\"https:\/\/noticiasmercedinas.com\/site\/wp-content\/uploads\/2025\/04\/dd16db6b-e2cb-4723-ad14-05aeea5544a5.jpg\" srcset=\"https:\/\/noticiasmercedinas.com\/site\/wp-content\/uploads\/2025\/04\/dd16db6b-e2cb-4723-ad14-05aeea5544a5.jpg 1200w, https:\/\/noticiasmercedinas.com\/site\/wp-content\/uploads\/2025\/04\/dd16db6b-e2cb-4723-ad14-05aeea5544a5-225x300.jpg 225w, https:\/\/noticiasmercedinas.com\/site\/wp-content\/uploads\/2025\/04\/dd16db6b-e2cb-4723-ad14-05aeea5544a5-768x1024.jpg 768w, https:\/\/noticiasmercedinas.com\/site\/wp-content\/uploads\/2025\/04\/dd16db6b-e2cb-4723-ad14-05aeea5544a5-1152x1536.jpg 1152w, https:\/\/noticiasmercedinas.com\/site\/wp-content\/uploads\/2025\/04\/dd16db6b-e2cb-4723-ad14-05aeea5544a5-640x853.jpg 640w, https:\/\/noticiasmercedinas.com\/site\/wp-content\/uploads\/2025\/04\/dd16db6b-e2cb-4723-ad14-05aeea5544a5-681x908.jpg 681w\" sizes=\"(max-width: 1200px) 100vw, 1200px\" alt=\"\">\r\n                            <\/a>\r\n                            \r\n                        <\/figure>\r\n                    <\/div>\r\n                    <div class = \"td-slide-item td-item2\">\r\n                        <figure class=\"td-slide-galery-figure td-slide-popup-gallery\">\r\n                            <a class=\"slide-gallery-image-link\" href=\"https:\/\/noticiasmercedinas.com\/site\/wp-content\/uploads\/2025\/04\/23a934d7-4e79-49c0-9253-35b8eada6660.jpg\" title=\"23a934d7-4e79-49c0-9253-35b8eada6660\"  data-caption=\"\"  data-description=\"\">\r\n                                <img decoding=\"async\" src=\"https:\/\/noticiasmercedinas.com\/site\/wp-content\/uploads\/2025\/04\/23a934d7-4e79-49c0-9253-35b8eada6660.jpg\" srcset=\"https:\/\/noticiasmercedinas.com\/site\/wp-content\/uploads\/2025\/04\/23a934d7-4e79-49c0-9253-35b8eada6660.jpg 1600w, https:\/\/noticiasmercedinas.com\/site\/wp-content\/uploads\/2025\/04\/23a934d7-4e79-49c0-9253-35b8eada6660-300x225.jpg 300w, https:\/\/noticiasmercedinas.com\/site\/wp-content\/uploads\/2025\/04\/23a934d7-4e79-49c0-9253-35b8eada6660-1024x768.jpg 1024w, https:\/\/noticiasmercedinas.com\/site\/wp-content\/uploads\/2025\/04\/23a934d7-4e79-49c0-9253-35b8eada6660-768x576.jpg 768w, https:\/\/noticiasmercedinas.com\/site\/wp-content\/uploads\/2025\/04\/23a934d7-4e79-49c0-9253-35b8eada6660-1536x1152.jpg 1536w, https:\/\/noticiasmercedinas.com\/site\/wp-content\/uploads\/2025\/04\/23a934d7-4e79-49c0-9253-35b8eada6660-80x60.jpg 80w, https:\/\/noticiasmercedinas.com\/site\/wp-content\/uploads\/2025\/04\/23a934d7-4e79-49c0-9253-35b8eada6660-160x120.jpg 160w, https:\/\/noticiasmercedinas.com\/site\/wp-content\/uploads\/2025\/04\/23a934d7-4e79-49c0-9253-35b8eada6660-100x75.jpg 100w, https:\/\/noticiasmercedinas.com\/site\/wp-content\/uploads\/2025\/04\/23a934d7-4e79-49c0-9253-35b8eada6660-200x150.jpg 200w, https:\/\/noticiasmercedinas.com\/site\/wp-content\/uploads\/2025\/04\/23a934d7-4e79-49c0-9253-35b8eada6660-180x135.jpg 180w, https:\/\/noticiasmercedinas.com\/site\/wp-content\/uploads\/2025\/04\/23a934d7-4e79-49c0-9253-35b8eada6660-360x270.jpg 360w, https:\/\/noticiasmercedinas.com\/site\/wp-content\/uploads\/2025\/04\/23a934d7-4e79-49c0-9253-35b8eada6660-238x178.jpg 238w, https:\/\/noticiasmercedinas.com\/site\/wp-content\/uploads\/2025\/04\/23a934d7-4e79-49c0-9253-35b8eada6660-476x356.jpg 476w, https:\/\/noticiasmercedinas.com\/site\/wp-content\/uploads\/2025\/04\/23a934d7-4e79-49c0-9253-35b8eada6660-640x480.jpg 640w, https:\/\/noticiasmercedinas.com\/site\/wp-content\/uploads\/2025\/04\/23a934d7-4e79-49c0-9253-35b8eada6660-1280x960.jpg 1280w, https:\/\/noticiasmercedinas.com\/site\/wp-content\/uploads\/2025\/04\/23a934d7-4e79-49c0-9253-35b8eada6660-681x511.jpg 681w, https:\/\/noticiasmercedinas.com\/site\/wp-content\/uploads\/2025\/04\/23a934d7-4e79-49c0-9253-35b8eada6660-1362x1022.jpg 1362w\" sizes=\"(max-width: 1600px) 100vw, 1600px\" alt=\"\">\r\n                            <\/a>\r\n                            \r\n                        <\/figure>\r\n                    <\/div>\r\n                    <div class = \"td-slide-item td-item3\">\r\n                        <figure class=\"td-slide-galery-figure td-slide-popup-gallery\">\r\n                            <a class=\"slide-gallery-image-link\" href=\"https:\/\/noticiasmercedinas.com\/site\/wp-content\/uploads\/2025\/04\/50ca4c1a-9eac-4031-a2b1-3041f5b57702.jpg\" title=\"50ca4c1a-9eac-4031-a2b1-3041f5b57702\"  data-caption=\"\"  data-description=\"\">\r\n                                <img decoding=\"async\" src=\"https:\/\/noticiasmercedinas.com\/site\/wp-content\/uploads\/2025\/04\/50ca4c1a-9eac-4031-a2b1-3041f5b57702.jpg\" srcset=\"https:\/\/noticiasmercedinas.com\/site\/wp-content\/uploads\/2025\/04\/50ca4c1a-9eac-4031-a2b1-3041f5b57702.jpg 1200w, https:\/\/noticiasmercedinas.com\/site\/wp-content\/uploads\/2025\/04\/50ca4c1a-9eac-4031-a2b1-3041f5b57702-225x300.jpg 225w, https:\/\/noticiasmercedinas.com\/site\/wp-content\/uploads\/2025\/04\/50ca4c1a-9eac-4031-a2b1-3041f5b57702-768x1024.jpg 768w, https:\/\/noticiasmercedinas.com\/site\/wp-content\/uploads\/2025\/04\/50ca4c1a-9eac-4031-a2b1-3041f5b57702-1152x1536.jpg 1152w, https:\/\/noticiasmercedinas.com\/site\/wp-content\/uploads\/2025\/04\/50ca4c1a-9eac-4031-a2b1-3041f5b57702-640x853.jpg 640w, https:\/\/noticiasmercedinas.com\/site\/wp-content\/uploads\/2025\/04\/50ca4c1a-9eac-4031-a2b1-3041f5b57702-681x908.jpg 681w\" sizes=\"(max-width: 1200px) 100vw, 1200px\" alt=\"\">\r\n                            <\/a>\r\n                            \r\n                        <\/figure>\r\n                    <\/div>\r\n                    <div class = \"td-slide-item td-item4\">\r\n                        <figure class=\"td-slide-galery-figure td-slide-popup-gallery\">\r\n                            <a class=\"slide-gallery-image-link\" href=\"https:\/\/noticiasmercedinas.com\/site\/wp-content\/uploads\/2025\/04\/436c2fcc-d523-4261-8314-51d19614883a.jpg\" title=\"436c2fcc-d523-4261-8314-51d19614883a\"  data-caption=\"\"  data-description=\"\">\r\n                                <img decoding=\"async\" src=\"https:\/\/noticiasmercedinas.com\/site\/wp-content\/uploads\/2025\/04\/436c2fcc-d523-4261-8314-51d19614883a.jpg\" srcset=\"https:\/\/noticiasmercedinas.com\/site\/wp-content\/uploads\/2025\/04\/436c2fcc-d523-4261-8314-51d19614883a.jpg 1280w, https:\/\/noticiasmercedinas.com\/site\/wp-content\/uploads\/2025\/04\/436c2fcc-d523-4261-8314-51d19614883a-300x225.jpg 300w, https:\/\/noticiasmercedinas.com\/site\/wp-content\/uploads\/2025\/04\/436c2fcc-d523-4261-8314-51d19614883a-1024x768.jpg 1024w, https:\/\/noticiasmercedinas.com\/site\/wp-content\/uploads\/2025\/04\/436c2fcc-d523-4261-8314-51d19614883a-768x576.jpg 768w, https:\/\/noticiasmercedinas.com\/site\/wp-content\/uploads\/2025\/04\/436c2fcc-d523-4261-8314-51d19614883a-80x60.jpg 80w, https:\/\/noticiasmercedinas.com\/site\/wp-content\/uploads\/2025\/04\/436c2fcc-d523-4261-8314-51d19614883a-160x120.jpg 160w, https:\/\/noticiasmercedinas.com\/site\/wp-content\/uploads\/2025\/04\/436c2fcc-d523-4261-8314-51d19614883a-100x75.jpg 100w, https:\/\/noticiasmercedinas.com\/site\/wp-content\/uploads\/2025\/04\/436c2fcc-d523-4261-8314-51d19614883a-200x150.jpg 200w, https:\/\/noticiasmercedinas.com\/site\/wp-content\/uploads\/2025\/04\/436c2fcc-d523-4261-8314-51d19614883a-180x135.jpg 180w, https:\/\/noticiasmercedinas.com\/site\/wp-content\/uploads\/2025\/04\/436c2fcc-d523-4261-8314-51d19614883a-360x270.jpg 360w, https:\/\/noticiasmercedinas.com\/site\/wp-content\/uploads\/2025\/04\/436c2fcc-d523-4261-8314-51d19614883a-238x178.jpg 238w, https:\/\/noticiasmercedinas.com\/site\/wp-content\/uploads\/2025\/04\/436c2fcc-d523-4261-8314-51d19614883a-476x356.jpg 476w, https:\/\/noticiasmercedinas.com\/site\/wp-content\/uploads\/2025\/04\/436c2fcc-d523-4261-8314-51d19614883a-640x480.jpg 640w, https:\/\/noticiasmercedinas.com\/site\/wp-content\/uploads\/2025\/04\/436c2fcc-d523-4261-8314-51d19614883a-681x511.jpg 681w\" sizes=\"(max-width: 1280px) 100vw, 1280px\" alt=\"\">\r\n                            <\/a>\r\n                            \r\n                        <\/figure>\r\n                    <\/div>\r\n                    <div class = \"td-slide-item td-item5\">\r\n                        <figure class=\"td-slide-galery-figure td-slide-popup-gallery\">\r\n                            <a class=\"slide-gallery-image-link\" href=\"https:\/\/noticiasmercedinas.com\/site\/wp-content\/uploads\/2025\/04\/414c2a7c-763e-4422-a7e1-81e13cd904b0.jpg\" title=\"414c2a7c-763e-4422-a7e1-81e13cd904b0\"  data-caption=\"\"  data-description=\"\">\r\n                                <img decoding=\"async\" src=\"https:\/\/noticiasmercedinas.com\/site\/wp-content\/uploads\/2025\/04\/414c2a7c-763e-4422-a7e1-81e13cd904b0.jpg\" srcset=\"https:\/\/noticiasmercedinas.com\/site\/wp-content\/uploads\/2025\/04\/414c2a7c-763e-4422-a7e1-81e13cd904b0.jpg 960w, https:\/\/noticiasmercedinas.com\/site\/wp-content\/uploads\/2025\/04\/414c2a7c-763e-4422-a7e1-81e13cd904b0-225x300.jpg 225w, https:\/\/noticiasmercedinas.com\/site\/wp-content\/uploads\/2025\/04\/414c2a7c-763e-4422-a7e1-81e13cd904b0-768x1024.jpg 768w, https:\/\/noticiasmercedinas.com\/site\/wp-content\/uploads\/2025\/04\/414c2a7c-763e-4422-a7e1-81e13cd904b0-640x853.jpg 640w, https:\/\/noticiasmercedinas.com\/site\/wp-content\/uploads\/2025\/04\/414c2a7c-763e-4422-a7e1-81e13cd904b0-681x908.jpg 681w\" sizes=\"(max-width: 960px) 100vw, 960px\" alt=\"\">\r\n                            <\/a>\r\n                            \r\n                        <\/figure>\r\n                    <\/div>\r\n                    <div class = \"td-slide-item td-item6\">\r\n                        <figure class=\"td-slide-galery-figure td-slide-popup-gallery\">\r\n                            <a class=\"slide-gallery-image-link\" href=\"https:\/\/noticiasmercedinas.com\/site\/wp-content\/uploads\/2025\/04\/b642879d-f45c-486b-8946-57df773f0cc7.jpg\" title=\"b642879d-f45c-486b-8946-57df773f0cc7\"  data-caption=\"\"  data-description=\"\">\r\n                                <img decoding=\"async\" src=\"https:\/\/noticiasmercedinas.com\/site\/wp-content\/uploads\/2025\/04\/b642879d-f45c-486b-8946-57df773f0cc7.jpg\" srcset=\"https:\/\/noticiasmercedinas.com\/site\/wp-content\/uploads\/2025\/04\/b642879d-f45c-486b-8946-57df773f0cc7.jpg 720w, https:\/\/noticiasmercedinas.com\/site\/wp-content\/uploads\/2025\/04\/b642879d-f45c-486b-8946-57df773f0cc7-169x300.jpg 169w, https:\/\/noticiasmercedinas.com\/site\/wp-content\/uploads\/2025\/04\/b642879d-f45c-486b-8946-57df773f0cc7-576x1024.jpg 576w, https:\/\/noticiasmercedinas.com\/site\/wp-content\/uploads\/2025\/04\/b642879d-f45c-486b-8946-57df773f0cc7-640x1138.jpg 640w, https:\/\/noticiasmercedinas.com\/site\/wp-content\/uploads\/2025\/04\/b642879d-f45c-486b-8946-57df773f0cc7-681x1211.jpg 681w\" sizes=\"(max-width: 720px) 100vw, 720px\" alt=\"\">\r\n                            <\/a>\r\n                            \r\n                        <\/figure>\r\n                    <\/div>\r\n                    <div class = \"td-slide-item td-item7\">\r\n                        <figure class=\"td-slide-galery-figure td-slide-popup-gallery\">\r\n                            <a class=\"slide-gallery-image-link\" href=\"https:\/\/noticiasmercedinas.com\/site\/wp-content\/uploads\/2025\/04\/acbf9781-adfb-47fc-b023-891455cf17eb.jpg\" title=\"acbf9781-adfb-47fc-b023-891455cf17eb\"  data-caption=\"\"  data-description=\"\">\r\n                                <img decoding=\"async\" src=\"https:\/\/noticiasmercedinas.com\/site\/wp-content\/uploads\/2025\/04\/acbf9781-adfb-47fc-b023-891455cf17eb.jpg\" srcset=\"https:\/\/noticiasmercedinas.com\/site\/wp-content\/uploads\/2025\/04\/acbf9781-adfb-47fc-b023-891455cf17eb.jpg 720w, https:\/\/noticiasmercedinas.com\/site\/wp-content\/uploads\/2025\/04\/acbf9781-adfb-47fc-b023-891455cf17eb-169x300.jpg 169w, https:\/\/noticiasmercedinas.com\/site\/wp-content\/uploads\/2025\/04\/acbf9781-adfb-47fc-b023-891455cf17eb-576x1024.jpg 576w, https:\/\/noticiasmercedinas.com\/site\/wp-content\/uploads\/2025\/04\/acbf9781-adfb-47fc-b023-891455cf17eb-640x1138.jpg 640w, https:\/\/noticiasmercedinas.com\/site\/wp-content\/uploads\/2025\/04\/acbf9781-adfb-47fc-b023-891455cf17eb-681x1211.jpg 681w\" sizes=\"(max-width: 720px) 100vw, 720px\" alt=\"\">\r\n                            <\/a>\r\n                            \r\n                        <\/figure>\r\n                    <\/div>\r\n                            <\/div>\r\n                        <\/div>\r\n\r\n                        <div class = \"td-doubleSlider-2\">\r\n                            <div class = \"td-slider\">\r\n                                \r\n                    <div class = \"td-button td-item1\">\r\n                        <div class = \"td-border\"><\/div>\r\n                    <\/div>\r\n                    <div class = \"td-button td-item2\">\r\n                        <div class = \"td-border\"><\/div>\r\n                    <\/div>\r\n                    <div class = \"td-button td-item3\">\r\n                        <div class = \"td-border\"><\/div>\r\n                    <\/div>\r\n                    <div class = \"td-button td-item4\">\r\n                        <div class = \"td-border\"><\/div>\r\n                    <\/div>\r\n                    <div class = \"td-button td-item5\">\r\n                        <div class = \"td-border\"><\/div>\r\n                    <\/div>\r\n                    <div class = \"td-button td-item6\">\r\n                        <div class = \"td-border\"><\/div>\r\n                    <\/div>\r\n                    <div class = \"td-button td-item7\">\r\n                        <div class = \"td-border\"><\/div>\r\n                    <\/div>\r\n                            <\/div>\r\n                        <\/div>\r\n\r\n                    <\/div>\r\n\r\n                <\/div>\r\n                \n","protected":false},"excerpt":{"rendered":"<p>\u25a0 La propuesta incluy\u00f3 una mateada al aire libre, juegos de tejo y momentos de distensi\u00f3n y charla entre los distintos grupos que participan habitualmente de las actividades.<\/p>\n","protected":false},"author":16,"featured_media":157781,"comment_status":"closed","ping_status":"closed","sticky":false,"template":"","format":"standard","meta":{"footnotes":""},"categories":[5],"tags":[3682,271,887,270,19930],"class_list":["post-157774","post","type-post","status-publish","format-standard","has-post-thumbnail","hentry","category-deportes","tag-club-estudiantes","tag-cumelen","tag-martin-bondanza","tag-natacion","tag-tejo"],"yoast_head":"<!-- This site is optimized with the Yoast SEO plugin v27.4 - https:\/\/yoast.com\/product\/yoast-seo-wordpress\/ -->\n<title>Cumel\u00e9n organiz\u00f3 una jornada recreativa con adultos mayores en el Club Estudiantes<\/title>\n<meta name=\"description\" content=\"La propuesta incluy\u00f3 una mateada al aire libre, juegos de tejo y momentos de distensi\u00f3n y charla entre los distintos grupos que participan habitualmente de las actividades.\" \/>\n<meta name=\"robots\" content=\"index, follow, max-snippet:-1, max-image-preview:large, max-video-preview:-1\" \/>\n<link rel=\"canonical\" href=\"https:\/\/noticiasmercedinas.com\/site\/2025\/04\/21\/cumelen-organizo-una-jornada-recreativa-con-adultos-mayores-en-el-club-estudiantes\/\" \/>\n<meta property=\"og:locale\" content=\"es_ES\" \/>\n<meta property=\"og:type\" content=\"article\" \/>\n<meta property=\"og:title\" content=\"Cumel\u00e9n organiz\u00f3 una jornada recreativa con adultos mayores en el Club Estudiantes\" \/>\n<meta property=\"og:description\" content=\"La propuesta incluy\u00f3 una mateada al aire libre, juegos de tejo y momentos de distensi\u00f3n y charla entre los distintos grupos que participan habitualmente de las actividades.\" \/>\n<meta property=\"og:url\" content=\"https:\/\/noticiasmercedinas.com\/site\/2025\/04\/21\/cumelen-organizo-una-jornada-recreativa-con-adultos-mayores-en-el-club-estudiantes\/\" \/>\n<meta property=\"og:site_name\" content=\"NOTICIASMERCEDINAS.COM\" \/>\n<meta property=\"article:publisher\" content=\"https:\/\/www.facebook.com\/noticiasmercedinas\/\" \/>\n<meta property=\"article:published_time\" content=\"2025-04-21T19:35:18+00:00\" \/>\n<meta property=\"article:modified_time\" content=\"2025-04-21T21:15:34+00:00\" \/>\n<meta property=\"og:image\" content=\"https:\/\/noticiasmercedinas.com\/site\/wp-content\/uploads\/2025\/04\/3850e660-ca12-47ab-98df-a31bab5900e7.jpg\" \/>\n\t<meta property=\"og:image:width\" content=\"1600\" \/>\n\t<meta property=\"og:image:height\" content=\"1200\" \/>\n\t<meta property=\"og:image:type\" content=\"image\/jpeg\" \/>\n<meta name=\"author\" content=\"NOTICIASMERCEDINAS.COM\" \/>\n<meta name=\"twitter:card\" content=\"summary_large_image\" \/>\n<meta name=\"twitter:creator\" content=\"@notmercedinas\" \/>\n<meta name=\"twitter:site\" content=\"@notmercedinas\" \/>\n<meta name=\"twitter:label1\" content=\"Escrito por\" \/>\n\t<meta name=\"twitter:data1\" content=\"NOTICIASMERCEDINAS.COM\" \/>\n\t<meta name=\"twitter:label2\" content=\"Tiempo de lectura\" \/>\n\t<meta name=\"twitter:data2\" content=\"2 minutos\" \/>\n<script type=\"application\/ld+json\" class=\"yoast-schema-graph\">{\"@context\":\"https:\\\/\\\/schema.org\",\"@graph\":[{\"@type\":\"Article\",\"@id\":\"https:\\\/\\\/noticiasmercedinas.com\\\/site\\\/2025\\\/04\\\/21\\\/cumelen-organizo-una-jornada-recreativa-con-adultos-mayores-en-el-club-estudiantes\\\/#article\",\"isPartOf\":{\"@id\":\"https:\\\/\\\/noticiasmercedinas.com\\\/site\\\/2025\\\/04\\\/21\\\/cumelen-organizo-una-jornada-recreativa-con-adultos-mayores-en-el-club-estudiantes\\\/\"},\"author\":{\"name\":\"NOTICIASMERCEDINAS.COM\",\"@id\":\"https:\\\/\\\/noticiasmercedinas.com\\\/site\\\/#\\\/schema\\\/person\\\/84b59c099c28ff2e8b77d4ceec5d8063\"},\"headline\":\"Cumel\u00e9n organiz\u00f3 una jornada recreativa con adultos mayores en el Club Estudiantes\",\"datePublished\":\"2025-04-21T19:35:18+00:00\",\"dateModified\":\"2025-04-21T21:15:34+00:00\",\"mainEntityOfPage\":{\"@id\":\"https:\\\/\\\/noticiasmercedinas.com\\\/site\\\/2025\\\/04\\\/21\\\/cumelen-organizo-una-jornada-recreativa-con-adultos-mayores-en-el-club-estudiantes\\\/\"},\"wordCount\":200,\"publisher\":{\"@id\":\"https:\\\/\\\/noticiasmercedinas.com\\\/site\\\/#organization\"},\"image\":{\"@id\":\"https:\\\/\\\/noticiasmercedinas.com\\\/site\\\/2025\\\/04\\\/21\\\/cumelen-organizo-una-jornada-recreativa-con-adultos-mayores-en-el-club-estudiantes\\\/#primaryimage\"},\"thumbnailUrl\":\"https:\\\/\\\/noticiasmercedinas.com\\\/site\\\/wp-content\\\/uploads\\\/2025\\\/04\\\/3850e660-ca12-47ab-98df-a31bab5900e7.jpg\",\"keywords\":[\"Club Estudiantes\",\"cumelen\",\"martin Bondanza\",\"natacion\",\"Tejo\"],\"articleSection\":[\"Deportes\"],\"inLanguage\":\"es\"},{\"@type\":\"WebPage\",\"@id\":\"https:\\\/\\\/noticiasmercedinas.com\\\/site\\\/2025\\\/04\\\/21\\\/cumelen-organizo-una-jornada-recreativa-con-adultos-mayores-en-el-club-estudiantes\\\/\",\"url\":\"https:\\\/\\\/noticiasmercedinas.com\\\/site\\\/2025\\\/04\\\/21\\\/cumelen-organizo-una-jornada-recreativa-con-adultos-mayores-en-el-club-estudiantes\\\/\",\"name\":\"Cumel\u00e9n organiz\u00f3 una jornada recreativa con adultos mayores en el Club Estudiantes\",\"isPartOf\":{\"@id\":\"https:\\\/\\\/noticiasmercedinas.com\\\/site\\\/#website\"},\"primaryImageOfPage\":{\"@id\":\"https:\\\/\\\/noticiasmercedinas.com\\\/site\\\/2025\\\/04\\\/21\\\/cumelen-organizo-una-jornada-recreativa-con-adultos-mayores-en-el-club-estudiantes\\\/#primaryimage\"},\"image\":{\"@id\":\"https:\\\/\\\/noticiasmercedinas.com\\\/site\\\/2025\\\/04\\\/21\\\/cumelen-organizo-una-jornada-recreativa-con-adultos-mayores-en-el-club-estudiantes\\\/#primaryimage\"},\"thumbnailUrl\":\"https:\\\/\\\/noticiasmercedinas.com\\\/site\\\/wp-content\\\/uploads\\\/2025\\\/04\\\/3850e660-ca12-47ab-98df-a31bab5900e7.jpg\",\"datePublished\":\"2025-04-21T19:35:18+00:00\",\"dateModified\":\"2025-04-21T21:15:34+00:00\",\"description\":\"La propuesta incluy\u00f3 una mateada al aire libre, juegos de tejo y momentos de distensi\u00f3n y charla entre los distintos grupos que participan habitualmente de las actividades.\",\"breadcrumb\":{\"@id\":\"https:\\\/\\\/noticiasmercedinas.com\\\/site\\\/2025\\\/04\\\/21\\\/cumelen-organizo-una-jornada-recreativa-con-adultos-mayores-en-el-club-estudiantes\\\/#breadcrumb\"},\"inLanguage\":\"es\",\"potentialAction\":[{\"@type\":\"ReadAction\",\"target\":[\"https:\\\/\\\/noticiasmercedinas.com\\\/site\\\/2025\\\/04\\\/21\\\/cumelen-organizo-una-jornada-recreativa-con-adultos-mayores-en-el-club-estudiantes\\\/\"]}]},{\"@type\":\"ImageObject\",\"inLanguage\":\"es\",\"@id\":\"https:\\\/\\\/noticiasmercedinas.com\\\/site\\\/2025\\\/04\\\/21\\\/cumelen-organizo-una-jornada-recreativa-con-adultos-mayores-en-el-club-estudiantes\\\/#primaryimage\",\"url\":\"https:\\\/\\\/noticiasmercedinas.com\\\/site\\\/wp-content\\\/uploads\\\/2025\\\/04\\\/3850e660-ca12-47ab-98df-a31bab5900e7.jpg\",\"contentUrl\":\"https:\\\/\\\/noticiasmercedinas.com\\\/site\\\/wp-content\\\/uploads\\\/2025\\\/04\\\/3850e660-ca12-47ab-98df-a31bab5900e7.jpg\",\"width\":1600,\"height\":1200},{\"@type\":\"BreadcrumbList\",\"@id\":\"https:\\\/\\\/noticiasmercedinas.com\\\/site\\\/2025\\\/04\\\/21\\\/cumelen-organizo-una-jornada-recreativa-con-adultos-mayores-en-el-club-estudiantes\\\/#breadcrumb\",\"itemListElement\":[{\"@type\":\"ListItem\",\"position\":1,\"name\":\"Portada\",\"item\":\"https:\\\/\\\/noticiasmercedinas.com\\\/site\\\/\"},{\"@type\":\"ListItem\",\"position\":2,\"name\":\"Cumel\u00e9n organiz\u00f3 una jornada recreativa con adultos mayores en el Club Estudiantes\"}]},{\"@type\":\"WebSite\",\"@id\":\"https:\\\/\\\/noticiasmercedinas.com\\\/site\\\/#website\",\"url\":\"https:\\\/\\\/noticiasmercedinas.com\\\/site\\\/\",\"name\":\"NOTICIASMERCEDINAS.COM\",\"description\":\"Mercedes, Buenos Aires, Argentina\",\"publisher\":{\"@id\":\"https:\\\/\\\/noticiasmercedinas.com\\\/site\\\/#organization\"},\"potentialAction\":[{\"@type\":\"SearchAction\",\"target\":{\"@type\":\"EntryPoint\",\"urlTemplate\":\"https:\\\/\\\/noticiasmercedinas.com\\\/site\\\/?s={search_term_string}\"},\"query-input\":{\"@type\":\"PropertyValueSpecification\",\"valueRequired\":true,\"valueName\":\"search_term_string\"}}],\"inLanguage\":\"es\"},{\"@type\":\"Organization\",\"@id\":\"https:\\\/\\\/noticiasmercedinas.com\\\/site\\\/#organization\",\"name\":\"NOTICIASMERCEDINAS.COM\",\"url\":\"https:\\\/\\\/noticiasmercedinas.com\\\/site\\\/\",\"logo\":{\"@type\":\"ImageObject\",\"inLanguage\":\"es\",\"@id\":\"https:\\\/\\\/noticiasmercedinas.com\\\/site\\\/#\\\/schema\\\/logo\\\/image\\\/\",\"url\":\"https:\\\/\\\/noticiasmercedinas.com\\\/site\\\/wp-content\\\/uploads\\\/2020\\\/06\\\/LOGO-512.jpg\",\"contentUrl\":\"https:\\\/\\\/noticiasmercedinas.com\\\/site\\\/wp-content\\\/uploads\\\/2020\\\/06\\\/LOGO-512.jpg\",\"width\":512,\"height\":512,\"caption\":\"NOTICIASMERCEDINAS.COM\"},\"image\":{\"@id\":\"https:\\\/\\\/noticiasmercedinas.com\\\/site\\\/#\\\/schema\\\/logo\\\/image\\\/\"},\"sameAs\":[\"https:\\\/\\\/www.facebook.com\\\/noticiasmercedinas\\\/\",\"https:\\\/\\\/x.com\\\/notmercedinas\",\"https:\\\/\\\/www.instagram.com\\\/noticiasmercedinas\\\/\"]},{\"@type\":\"Person\",\"@id\":\"https:\\\/\\\/noticiasmercedinas.com\\\/site\\\/#\\\/schema\\\/person\\\/84b59c099c28ff2e8b77d4ceec5d8063\",\"name\":\"NOTICIASMERCEDINAS.COM\",\"image\":{\"@type\":\"ImageObject\",\"inLanguage\":\"es\",\"@id\":\"https:\\\/\\\/secure.gravatar.com\\\/avatar\\\/4dfbf16b4d17945bfb6341b2d19043457132fcf478a5ee04f42e959fd8f5df0a?s=96&d=mm&r=g\",\"url\":\"https:\\\/\\\/secure.gravatar.com\\\/avatar\\\/4dfbf16b4d17945bfb6341b2d19043457132fcf478a5ee04f42e959fd8f5df0a?s=96&d=mm&r=g\",\"contentUrl\":\"https:\\\/\\\/secure.gravatar.com\\\/avatar\\\/4dfbf16b4d17945bfb6341b2d19043457132fcf478a5ee04f42e959fd8f5df0a?s=96&d=mm&r=g\",\"caption\":\"NOTICIASMERCEDINAS.COM\"},\"url\":\"https:\\\/\\\/noticiasmercedinas.com\\\/site\\\/author\\\/anonimo\\\/\"}]}<\/script>\n<!-- \/ Yoast SEO plugin. -->","yoast_head_json":{"title":"Cumel\u00e9n organiz\u00f3 una jornada recreativa con adultos mayores en el Club Estudiantes","description":"La propuesta incluy\u00f3 una mateada al aire libre, juegos de tejo y momentos de distensi\u00f3n y charla entre los distintos grupos que participan habitualmente de las actividades.","robots":{"index":"index","follow":"follow","max-snippet":"max-snippet:-1","max-image-preview":"max-image-preview:large","max-video-preview":"max-video-preview:-1"},"canonical":"https:\/\/noticiasmercedinas.com\/site\/2025\/04\/21\/cumelen-organizo-una-jornada-recreativa-con-adultos-mayores-en-el-club-estudiantes\/","og_locale":"es_ES","og_type":"article","og_title":"Cumel\u00e9n organiz\u00f3 una jornada recreativa con adultos mayores en el Club Estudiantes","og_description":"La propuesta incluy\u00f3 una mateada al aire libre, juegos de tejo y momentos de distensi\u00f3n y charla entre los distintos grupos que participan habitualmente de las actividades.","og_url":"https:\/\/noticiasmercedinas.com\/site\/2025\/04\/21\/cumelen-organizo-una-jornada-recreativa-con-adultos-mayores-en-el-club-estudiantes\/","og_site_name":"NOTICIASMERCEDINAS.COM","article_publisher":"https:\/\/www.facebook.com\/noticiasmercedinas\/","article_published_time":"2025-04-21T19:35:18+00:00","article_modified_time":"2025-04-21T21:15:34+00:00","og_image":[{"width":1600,"height":1200,"url":"https:\/\/noticiasmercedinas.com\/site\/wp-content\/uploads\/2025\/04\/3850e660-ca12-47ab-98df-a31bab5900e7.jpg","type":"image\/jpeg"}],"author":"NOTICIASMERCEDINAS.COM","twitter_card":"summary_large_image","twitter_creator":"@notmercedinas","twitter_site":"@notmercedinas","twitter_misc":{"Escrito por":"NOTICIASMERCEDINAS.COM","Tiempo de lectura":"2 minutos"},"schema":{"@context":"https:\/\/schema.org","@graph":[{"@type":"Article","@id":"https:\/\/noticiasmercedinas.com\/site\/2025\/04\/21\/cumelen-organizo-una-jornada-recreativa-con-adultos-mayores-en-el-club-estudiantes\/#article","isPartOf":{"@id":"https:\/\/noticiasmercedinas.com\/site\/2025\/04\/21\/cumelen-organizo-una-jornada-recreativa-con-adultos-mayores-en-el-club-estudiantes\/"},"author":{"name":"NOTICIASMERCEDINAS.COM","@id":"https:\/\/noticiasmercedinas.com\/site\/#\/schema\/person\/84b59c099c28ff2e8b77d4ceec5d8063"},"headline":"Cumel\u00e9n organiz\u00f3 una jornada recreativa con adultos mayores en el Club Estudiantes","datePublished":"2025-04-21T19:35:18+00:00","dateModified":"2025-04-21T21:15:34+00:00","mainEntityOfPage":{"@id":"https:\/\/noticiasmercedinas.com\/site\/2025\/04\/21\/cumelen-organizo-una-jornada-recreativa-con-adultos-mayores-en-el-club-estudiantes\/"},"wordCount":200,"publisher":{"@id":"https:\/\/noticiasmercedinas.com\/site\/#organization"},"image":{"@id":"https:\/\/noticiasmercedinas.com\/site\/2025\/04\/21\/cumelen-organizo-una-jornada-recreativa-con-adultos-mayores-en-el-club-estudiantes\/#primaryimage"},"thumbnailUrl":"https:\/\/noticiasmercedinas.com\/site\/wp-content\/uploads\/2025\/04\/3850e660-ca12-47ab-98df-a31bab5900e7.jpg","keywords":["Club Estudiantes","cumelen","martin Bondanza","natacion","Tejo"],"articleSection":["Deportes"],"inLanguage":"es"},{"@type":"WebPage","@id":"https:\/\/noticiasmercedinas.com\/site\/2025\/04\/21\/cumelen-organizo-una-jornada-recreativa-con-adultos-mayores-en-el-club-estudiantes\/","url":"https:\/\/noticiasmercedinas.com\/site\/2025\/04\/21\/cumelen-organizo-una-jornada-recreativa-con-adultos-mayores-en-el-club-estudiantes\/","name":"Cumel\u00e9n organiz\u00f3 una jornada recreativa con adultos mayores en el Club Estudiantes","isPartOf":{"@id":"https:\/\/noticiasmercedinas.com\/site\/#website"},"primaryImageOfPage":{"@id":"https:\/\/noticiasmercedinas.com\/site\/2025\/04\/21\/cumelen-organizo-una-jornada-recreativa-con-adultos-mayores-en-el-club-estudiantes\/#primaryimage"},"image":{"@id":"https:\/\/noticiasmercedinas.com\/site\/2025\/04\/21\/cumelen-organizo-una-jornada-recreativa-con-adultos-mayores-en-el-club-estudiantes\/#primaryimage"},"thumbnailUrl":"https:\/\/noticiasmercedinas.com\/site\/wp-content\/uploads\/2025\/04\/3850e660-ca12-47ab-98df-a31bab5900e7.jpg","datePublished":"2025-04-21T19:35:18+00:00","dateModified":"2025-04-21T21:15:34+00:00","description":"La propuesta incluy\u00f3 una mateada al aire libre, juegos de tejo y momentos de distensi\u00f3n y charla entre los distintos grupos que participan habitualmente de las actividades.","breadcrumb":{"@id":"https:\/\/noticiasmercedinas.com\/site\/2025\/04\/21\/cumelen-organizo-una-jornada-recreativa-con-adultos-mayores-en-el-club-estudiantes\/#breadcrumb"},"inLanguage":"es","potentialAction":[{"@type":"ReadAction","target":["https:\/\/noticiasmercedinas.com\/site\/2025\/04\/21\/cumelen-organizo-una-jornada-recreativa-con-adultos-mayores-en-el-club-estudiantes\/"]}]},{"@type":"ImageObject","inLanguage":"es","@id":"https:\/\/noticiasmercedinas.com\/site\/2025\/04\/21\/cumelen-organizo-una-jornada-recreativa-con-adultos-mayores-en-el-club-estudiantes\/#primaryimage","url":"https:\/\/noticiasmercedinas.com\/site\/wp-content\/uploads\/2025\/04\/3850e660-ca12-47ab-98df-a31bab5900e7.jpg","contentUrl":"https:\/\/noticiasmercedinas.com\/site\/wp-content\/uploads\/2025\/04\/3850e660-ca12-47ab-98df-a31bab5900e7.jpg","width":1600,"height":1200},{"@type":"BreadcrumbList","@id":"https:\/\/noticiasmercedinas.com\/site\/2025\/04\/21\/cumelen-organizo-una-jornada-recreativa-con-adultos-mayores-en-el-club-estudiantes\/#breadcrumb","itemListElement":[{"@type":"ListItem","position":1,"name":"Portada","item":"https:\/\/noticiasmercedinas.com\/site\/"},{"@type":"ListItem","position":2,"name":"Cumel\u00e9n organiz\u00f3 una jornada recreativa con adultos mayores en el Club Estudiantes"}]},{"@type":"WebSite","@id":"https:\/\/noticiasmercedinas.com\/site\/#website","url":"https:\/\/noticiasmercedinas.com\/site\/","name":"NOTICIASMERCEDINAS.COM","description":"Mercedes, Buenos Aires, Argentina","publisher":{"@id":"https:\/\/noticiasmercedinas.com\/site\/#organization"},"potentialAction":[{"@type":"SearchAction","target":{"@type":"EntryPoint","urlTemplate":"https:\/\/noticiasmercedinas.com\/site\/?s={search_term_string}"},"query-input":{"@type":"PropertyValueSpecification","valueRequired":true,"valueName":"search_term_string"}}],"inLanguage":"es"},{"@type":"Organization","@id":"https:\/\/noticiasmercedinas.com\/site\/#organization","name":"NOTICIASMERCEDINAS.COM","url":"https:\/\/noticiasmercedinas.com\/site\/","logo":{"@type":"ImageObject","inLanguage":"es","@id":"https:\/\/noticiasmercedinas.com\/site\/#\/schema\/logo\/image\/","url":"https:\/\/noticiasmercedinas.com\/site\/wp-content\/uploads\/2020\/06\/LOGO-512.jpg","contentUrl":"https:\/\/noticiasmercedinas.com\/site\/wp-content\/uploads\/2020\/06\/LOGO-512.jpg","width":512,"height":512,"caption":"NOTICIASMERCEDINAS.COM"},"image":{"@id":"https:\/\/noticiasmercedinas.com\/site\/#\/schema\/logo\/image\/"},"sameAs":["https:\/\/www.facebook.com\/noticiasmercedinas\/","https:\/\/x.com\/notmercedinas","https:\/\/www.instagram.com\/noticiasmercedinas\/"]},{"@type":"Person","@id":"https:\/\/noticiasmercedinas.com\/site\/#\/schema\/person\/84b59c099c28ff2e8b77d4ceec5d8063","name":"NOTICIASMERCEDINAS.COM","image":{"@type":"ImageObject","inLanguage":"es","@id":"https:\/\/secure.gravatar.com\/avatar\/4dfbf16b4d17945bfb6341b2d19043457132fcf478a5ee04f42e959fd8f5df0a?s=96&d=mm&r=g","url":"https:\/\/secure.gravatar.com\/avatar\/4dfbf16b4d17945bfb6341b2d19043457132fcf478a5ee04f42e959fd8f5df0a?s=96&d=mm&r=g","contentUrl":"https:\/\/secure.gravatar.com\/avatar\/4dfbf16b4d17945bfb6341b2d19043457132fcf478a5ee04f42e959fd8f5df0a?s=96&d=mm&r=g","caption":"NOTICIASMERCEDINAS.COM"},"url":"https:\/\/noticiasmercedinas.com\/site\/author\/anonimo\/"}]}},"amp_enabled":true,"_links":{"self":[{"href":"https:\/\/noticiasmercedinas.com\/site\/wp-json\/wp\/v2\/posts\/157774","targetHints":{"allow":["GET"]}}],"collection":[{"href":"https:\/\/noticiasmercedinas.com\/site\/wp-json\/wp\/v2\/posts"}],"about":[{"href":"https:\/\/noticiasmercedinas.com\/site\/wp-json\/wp\/v2\/types\/post"}],"author":[{"embeddable":true,"href":"https:\/\/noticiasmercedinas.com\/site\/wp-json\/wp\/v2\/users\/16"}],"replies":[{"embeddable":true,"href":"https:\/\/noticiasmercedinas.com\/site\/wp-json\/wp\/v2\/comments?post=157774"}],"version-history":[{"count":3,"href":"https:\/\/noticiasmercedinas.com\/site\/wp-json\/wp\/v2\/posts\/157774\/revisions"}],"predecessor-version":[{"id":157788,"href":"https:\/\/noticiasmercedinas.com\/site\/wp-json\/wp\/v2\/posts\/157774\/revisions\/157788"}],"wp:featuredmedia":[{"embeddable":true,"href":"https:\/\/noticiasmercedinas.com\/site\/wp-json\/wp\/v2\/media\/157781"}],"wp:attachment":[{"href":"https:\/\/noticiasmercedinas.com\/site\/wp-json\/wp\/v2\/media?parent=157774"}],"wp:term":[{"taxonomy":"category","embeddable":true,"href":"https:\/\/noticiasmercedinas.com\/site\/wp-json\/wp\/v2\/categories?post=157774"},{"taxonomy":"post_tag","embeddable":true,"href":"https:\/\/noticiasmercedinas.com\/site\/wp-json\/wp\/v2\/tags?post=157774"}],"curies":[{"name":"wp","href":"https:\/\/api.w.org\/{rel}","templated":true}]}}