{"id":157855,"date":"2025-04-22T17:47:02","date_gmt":"2025-04-22T20:47:02","guid":{"rendered":"https:\/\/noticiasmercedinas.com\/site\/?p=157855"},"modified":"2025-04-22T17:47:02","modified_gmt":"2025-04-22T20:47:02","slug":"universo-cine-se-proyecta-la-patagonia-rebelde-este-viernes-en-colegio-de-abogados","status":"publish","type":"post","link":"https:\/\/noticiasmercedinas.com\/site\/2025\/04\/22\/universo-cine-se-proyecta-la-patagonia-rebelde-este-viernes-en-colegio-de-abogados\/","title":{"rendered":"Universo Cine: se proyecta \u00abLa Patagonia rebelde\u00bb este viernes en Colegio de Abogados"},"content":{"rendered":"<figure id=\"attachment_157857\" aria-describedby=\"caption-attachment-157857\" style=\"width: 900px\" class=\"wp-caption alignnone\"><img loading=\"lazy\" decoding=\"async\" class=\"size-full wp-image-157857\" src=\"https:\/\/noticiasmercedinas.com\/site\/wp-content\/uploads\/2025\/04\/la-patagonia-tragica.webp\" alt=\"\" width=\"900\" height=\"505\" srcset=\"https:\/\/noticiasmercedinas.com\/site\/wp-content\/uploads\/2025\/04\/la-patagonia-tragica.webp 900w, https:\/\/noticiasmercedinas.com\/site\/wp-content\/uploads\/2025\/04\/la-patagonia-tragica-300x168.webp 300w, https:\/\/noticiasmercedinas.com\/site\/wp-content\/uploads\/2025\/04\/la-patagonia-tragica-768x431.webp 768w, https:\/\/noticiasmercedinas.com\/site\/wp-content\/uploads\/2025\/04\/la-patagonia-tragica-640x359.webp 640w, https:\/\/noticiasmercedinas.com\/site\/wp-content\/uploads\/2025\/04\/la-patagonia-tragica-681x382.webp 681w\" sizes=\"auto, (max-width: 900px) 100vw, 900px\" \/><figcaption id=\"caption-attachment-157857\" class=\"wp-caption-text\">La Patagonia Rebelde, dirigida por H\u00e9ctor Olivera, sobre el libro de Osvaldo Bayer.<\/figcaption><\/figure>\n<p class=\"\" data-start=\"176\" data-end=\"537\">En el marco del ciclo <strong data-start=\"198\" data-end=\"215\">Universo Cine<\/strong>, que coordina el docente y especialista <strong data-start=\"252\" data-end=\"278\">Carlos Mar\u00eda Dieuzeide<\/strong>, este <strong data-start=\"285\" data-end=\"308\">viernes 25 de abril<\/strong> se proyectar\u00e1 el cl\u00e1sico del cine argentino <em data-start=\"353\" data-end=\"375\">La Patagonia rebelde<\/em> (1974), dirigida por <strong data-start=\"397\" data-end=\"415\">H\u00e9ctor Olivera<\/strong>. La cita ser\u00e1 a las <strong data-start=\"436\" data-end=\"536\">19 horas en el sal\u00f3n de actos del Colegio de Abogados del Departamento Judicial Mercedes (CADJM)<\/strong>.<\/p>\n<p class=\"\" data-start=\"539\" data-end=\"943\">La funci\u00f3n forma parte del eje tem\u00e1tico de abril, titulado <em data-start=\"598\" data-end=\"628\">Universo literario argentino<\/em>, y propone un acercamiento a obras cinematogr\u00e1ficas basadas en novelas nacionales.<\/p>\n<p class=\"\" data-start=\"539\" data-end=\"943\">En este caso, se trata de una adaptaci\u00f3n del libro <em data-start=\"763\" data-end=\"803\">Los vengadores de la Patagonia tr\u00e1gica<\/em>, escrito por <strong data-start=\"817\" data-end=\"834\">Osvaldo Bayer<\/strong>, que recupera los tr\u00e1gicos sucesos ocurridos en el sur argentino durante las huelgas rurales de 1920 y 1921.<\/p>\n<p class=\"\" data-start=\"945\" data-end=\"1146\">La pel\u00edcula, que fue censurada y prohibida durante la \u00faltima dictadura militar, obtuvo el Oso de Plata en el Festival de Berl\u00edn y se convirti\u00f3 en un referente del cine pol\u00edtico y testimonial argentino.<\/p>\n<p class=\"\" data-start=\"1148\" data-end=\"1477\"><strong data-start=\"1148\" data-end=\"1165\">Universo Cine<\/strong> es un ciclo cultural con funciones mensuales, de entrada libre y gratuita, que desde 2023 convoca a vecinos y vecinas a compartir grandes pel\u00edculas en pantalla grande.<\/p>\n<p class=\"\" data-start=\"1148\" data-end=\"1477\">Las personas interesadas pueden inscribirse previamente enviando un correo electr\u00f3nico al CADJM o anotarse directamente el d\u00eda de la funci\u00f3n.<\/p>\n<p data-start=\"1148\" data-end=\"1477\"><img loading=\"lazy\" decoding=\"async\" class=\"alignnone size-full wp-image-157856\" src=\"https:\/\/noticiasmercedinas.com\/site\/wp-content\/uploads\/2025\/04\/17c82b59-4210-42f3-a0f3-ac3d435c57d9.jpg\" alt=\"\" width=\"904\" height=\"1280\" srcset=\"https:\/\/noticiasmercedinas.com\/site\/wp-content\/uploads\/2025\/04\/17c82b59-4210-42f3-a0f3-ac3d435c57d9.jpg 904w, https:\/\/noticiasmercedinas.com\/site\/wp-content\/uploads\/2025\/04\/17c82b59-4210-42f3-a0f3-ac3d435c57d9-212x300.jpg 212w, https:\/\/noticiasmercedinas.com\/site\/wp-content\/uploads\/2025\/04\/17c82b59-4210-42f3-a0f3-ac3d435c57d9-723x1024.jpg 723w, https:\/\/noticiasmercedinas.com\/site\/wp-content\/uploads\/2025\/04\/17c82b59-4210-42f3-a0f3-ac3d435c57d9-768x1087.jpg 768w, https:\/\/noticiasmercedinas.com\/site\/wp-content\/uploads\/2025\/04\/17c82b59-4210-42f3-a0f3-ac3d435c57d9-640x906.jpg 640w, https:\/\/noticiasmercedinas.com\/site\/wp-content\/uploads\/2025\/04\/17c82b59-4210-42f3-a0f3-ac3d435c57d9-681x964.jpg 681w\" sizes=\"auto, (max-width: 904px) 100vw, 904px\" \/><\/p>\n","protected":false},"excerpt":{"rendered":"<p>\u25a0 Este viernes 25 de abril se proyectar\u00e1 el cl\u00e1sico del cine argentino de 1974, dirigido por H\u00e9ctor Olivera. La cita ser\u00e1 a las 19 horas en el sal\u00f3n de actos del Colegio de Abogados<\/p>\n","protected":false},"author":16,"featured_media":157857,"comment_status":"closed","ping_status":"closed","sticky":false,"template":"","format":"standard","meta":{"footnotes":""},"categories":[4],"tags":[17235,412,18819],"class_list":["post-157855","post","type-post","status-publish","format-standard","has-post-thumbnail","hentry","category-cultura","tag-carlos-maria-dieuzeide","tag-cine","tag-universo-cine"],"yoast_head":"<!-- This site is optimized with the Yoast SEO plugin v27.4 - https:\/\/yoast.com\/product\/yoast-seo-wordpress\/ -->\n<title>Universo Cine: se proyecta &quot;La Patagonia rebelde&quot; este viernes en Colegio de Abogados<\/title>\n<meta name=\"description\" content=\"Este viernes 25 de abril se proyectar\u00e1 el cl\u00e1sico del cine argentino de 1974, dirigido por H\u00e9ctor Olivera. La cita ser\u00e1 a las 19 horas en el sal\u00f3n de actos del Colegio de Abogados\" \/>\n<meta name=\"robots\" content=\"index, follow, max-snippet:-1, max-image-preview:large, max-video-preview:-1\" \/>\n<link rel=\"canonical\" href=\"https:\/\/noticiasmercedinas.com\/site\/2025\/04\/22\/universo-cine-se-proyecta-la-patagonia-rebelde-este-viernes-en-colegio-de-abogados\/\" \/>\n<meta property=\"og:locale\" content=\"es_ES\" \/>\n<meta property=\"og:type\" content=\"article\" \/>\n<meta property=\"og:title\" content=\"Universo Cine: se proyecta &quot;La Patagonia rebelde&quot; este viernes en Colegio de Abogados\" \/>\n<meta property=\"og:description\" content=\"Este viernes 25 de abril se proyectar\u00e1 el cl\u00e1sico del cine argentino de 1974, dirigido por H\u00e9ctor Olivera. La cita ser\u00e1 a las 19 horas en el sal\u00f3n de actos del Colegio de Abogados\" \/>\n<meta property=\"og:url\" content=\"https:\/\/noticiasmercedinas.com\/site\/2025\/04\/22\/universo-cine-se-proyecta-la-patagonia-rebelde-este-viernes-en-colegio-de-abogados\/\" \/>\n<meta property=\"og:site_name\" content=\"NOTICIASMERCEDINAS.COM\" \/>\n<meta property=\"article:publisher\" content=\"https:\/\/www.facebook.com\/noticiasmercedinas\/\" \/>\n<meta property=\"article:published_time\" content=\"2025-04-22T20:47:02+00:00\" \/>\n<meta property=\"og:image\" content=\"https:\/\/noticiasmercedinas.com\/site\/wp-content\/uploads\/2025\/04\/la-patagonia-tragica.webp\" \/>\n\t<meta property=\"og:image:width\" content=\"900\" \/>\n\t<meta property=\"og:image:height\" content=\"505\" \/>\n\t<meta property=\"og:image:type\" content=\"image\/webp\" \/>\n<meta name=\"author\" content=\"NOTICIASMERCEDINAS.COM\" \/>\n<meta name=\"twitter:card\" content=\"summary_large_image\" \/>\n<meta name=\"twitter:creator\" content=\"@notmercedinas\" \/>\n<meta name=\"twitter:site\" content=\"@notmercedinas\" \/>\n<meta name=\"twitter:label1\" content=\"Escrito por\" \/>\n\t<meta name=\"twitter:data1\" content=\"NOTICIASMERCEDINAS.COM\" \/>\n\t<meta name=\"twitter:label2\" content=\"Tiempo de lectura\" \/>\n\t<meta name=\"twitter:data2\" content=\"2 minutos\" \/>\n<script type=\"application\/ld+json\" class=\"yoast-schema-graph\">{\"@context\":\"https:\\\/\\\/schema.org\",\"@graph\":[{\"@type\":\"Article\",\"@id\":\"https:\\\/\\\/noticiasmercedinas.com\\\/site\\\/2025\\\/04\\\/22\\\/universo-cine-se-proyecta-la-patagonia-rebelde-este-viernes-en-colegio-de-abogados\\\/#article\",\"isPartOf\":{\"@id\":\"https:\\\/\\\/noticiasmercedinas.com\\\/site\\\/2025\\\/04\\\/22\\\/universo-cine-se-proyecta-la-patagonia-rebelde-este-viernes-en-colegio-de-abogados\\\/\"},\"author\":{\"name\":\"NOTICIASMERCEDINAS.COM\",\"@id\":\"https:\\\/\\\/noticiasmercedinas.com\\\/site\\\/#\\\/schema\\\/person\\\/84b59c099c28ff2e8b77d4ceec5d8063\"},\"headline\":\"Universo Cine: se proyecta \u00abLa Patagonia rebelde\u00bb este viernes en Colegio de Abogados\",\"datePublished\":\"2025-04-22T20:47:02+00:00\",\"mainEntityOfPage\":{\"@id\":\"https:\\\/\\\/noticiasmercedinas.com\\\/site\\\/2025\\\/04\\\/22\\\/universo-cine-se-proyecta-la-patagonia-rebelde-este-viernes-en-colegio-de-abogados\\\/\"},\"wordCount\":247,\"publisher\":{\"@id\":\"https:\\\/\\\/noticiasmercedinas.com\\\/site\\\/#organization\"},\"image\":{\"@id\":\"https:\\\/\\\/noticiasmercedinas.com\\\/site\\\/2025\\\/04\\\/22\\\/universo-cine-se-proyecta-la-patagonia-rebelde-este-viernes-en-colegio-de-abogados\\\/#primaryimage\"},\"thumbnailUrl\":\"https:\\\/\\\/noticiasmercedinas.com\\\/site\\\/wp-content\\\/uploads\\\/2025\\\/04\\\/la-patagonia-tragica.webp\",\"keywords\":[\"Carlos Mar\u00eda Dieuzeide\",\"cine\",\"universo cine\"],\"articleSection\":[\"Cultura\"],\"inLanguage\":\"es\"},{\"@type\":\"WebPage\",\"@id\":\"https:\\\/\\\/noticiasmercedinas.com\\\/site\\\/2025\\\/04\\\/22\\\/universo-cine-se-proyecta-la-patagonia-rebelde-este-viernes-en-colegio-de-abogados\\\/\",\"url\":\"https:\\\/\\\/noticiasmercedinas.com\\\/site\\\/2025\\\/04\\\/22\\\/universo-cine-se-proyecta-la-patagonia-rebelde-este-viernes-en-colegio-de-abogados\\\/\",\"name\":\"Universo Cine: se proyecta \\\"La Patagonia rebelde\\\" este viernes en Colegio de Abogados\",\"isPartOf\":{\"@id\":\"https:\\\/\\\/noticiasmercedinas.com\\\/site\\\/#website\"},\"primaryImageOfPage\":{\"@id\":\"https:\\\/\\\/noticiasmercedinas.com\\\/site\\\/2025\\\/04\\\/22\\\/universo-cine-se-proyecta-la-patagonia-rebelde-este-viernes-en-colegio-de-abogados\\\/#primaryimage\"},\"image\":{\"@id\":\"https:\\\/\\\/noticiasmercedinas.com\\\/site\\\/2025\\\/04\\\/22\\\/universo-cine-se-proyecta-la-patagonia-rebelde-este-viernes-en-colegio-de-abogados\\\/#primaryimage\"},\"thumbnailUrl\":\"https:\\\/\\\/noticiasmercedinas.com\\\/site\\\/wp-content\\\/uploads\\\/2025\\\/04\\\/la-patagonia-tragica.webp\",\"datePublished\":\"2025-04-22T20:47:02+00:00\",\"description\":\"Este viernes 25 de abril se proyectar\u00e1 el cl\u00e1sico del cine argentino de 1974, dirigido por H\u00e9ctor Olivera. La cita ser\u00e1 a las 19 horas en el sal\u00f3n de actos del Colegio de Abogados\",\"breadcrumb\":{\"@id\":\"https:\\\/\\\/noticiasmercedinas.com\\\/site\\\/2025\\\/04\\\/22\\\/universo-cine-se-proyecta-la-patagonia-rebelde-este-viernes-en-colegio-de-abogados\\\/#breadcrumb\"},\"inLanguage\":\"es\",\"potentialAction\":[{\"@type\":\"ReadAction\",\"target\":[\"https:\\\/\\\/noticiasmercedinas.com\\\/site\\\/2025\\\/04\\\/22\\\/universo-cine-se-proyecta-la-patagonia-rebelde-este-viernes-en-colegio-de-abogados\\\/\"]}]},{\"@type\":\"ImageObject\",\"inLanguage\":\"es\",\"@id\":\"https:\\\/\\\/noticiasmercedinas.com\\\/site\\\/2025\\\/04\\\/22\\\/universo-cine-se-proyecta-la-patagonia-rebelde-este-viernes-en-colegio-de-abogados\\\/#primaryimage\",\"url\":\"https:\\\/\\\/noticiasmercedinas.com\\\/site\\\/wp-content\\\/uploads\\\/2025\\\/04\\\/la-patagonia-tragica.webp\",\"contentUrl\":\"https:\\\/\\\/noticiasmercedinas.com\\\/site\\\/wp-content\\\/uploads\\\/2025\\\/04\\\/la-patagonia-tragica.webp\",\"width\":900,\"height\":505,\"caption\":\"La Patagonia Rebelde, dirigida por H\u00e9ctor Olivera, sobre el libro de Osvaldo Bayer.\"},{\"@type\":\"BreadcrumbList\",\"@id\":\"https:\\\/\\\/noticiasmercedinas.com\\\/site\\\/2025\\\/04\\\/22\\\/universo-cine-se-proyecta-la-patagonia-rebelde-este-viernes-en-colegio-de-abogados\\\/#breadcrumb\",\"itemListElement\":[{\"@type\":\"ListItem\",\"position\":1,\"name\":\"Portada\",\"item\":\"https:\\\/\\\/noticiasmercedinas.com\\\/site\\\/\"},{\"@type\":\"ListItem\",\"position\":2,\"name\":\"Universo Cine: se proyecta \u00abLa Patagonia rebelde\u00bb este viernes en Colegio de Abogados\"}]},{\"@type\":\"WebSite\",\"@id\":\"https:\\\/\\\/noticiasmercedinas.com\\\/site\\\/#website\",\"url\":\"https:\\\/\\\/noticiasmercedinas.com\\\/site\\\/\",\"name\":\"NOTICIASMERCEDINAS.COM\",\"description\":\"Mercedes, Buenos Aires, Argentina\",\"publisher\":{\"@id\":\"https:\\\/\\\/noticiasmercedinas.com\\\/site\\\/#organization\"},\"potentialAction\":[{\"@type\":\"SearchAction\",\"target\":{\"@type\":\"EntryPoint\",\"urlTemplate\":\"https:\\\/\\\/noticiasmercedinas.com\\\/site\\\/?s={search_term_string}\"},\"query-input\":{\"@type\":\"PropertyValueSpecification\",\"valueRequired\":true,\"valueName\":\"search_term_string\"}}],\"inLanguage\":\"es\"},{\"@type\":\"Organization\",\"@id\":\"https:\\\/\\\/noticiasmercedinas.com\\\/site\\\/#organization\",\"name\":\"NOTICIASMERCEDINAS.COM\",\"url\":\"https:\\\/\\\/noticiasmercedinas.com\\\/site\\\/\",\"logo\":{\"@type\":\"ImageObject\",\"inLanguage\":\"es\",\"@id\":\"https:\\\/\\\/noticiasmercedinas.com\\\/site\\\/#\\\/schema\\\/logo\\\/image\\\/\",\"url\":\"https:\\\/\\\/noticiasmercedinas.com\\\/site\\\/wp-content\\\/uploads\\\/2020\\\/06\\\/LOGO-512.jpg\",\"contentUrl\":\"https:\\\/\\\/noticiasmercedinas.com\\\/site\\\/wp-content\\\/uploads\\\/2020\\\/06\\\/LOGO-512.jpg\",\"width\":512,\"height\":512,\"caption\":\"NOTICIASMERCEDINAS.COM\"},\"image\":{\"@id\":\"https:\\\/\\\/noticiasmercedinas.com\\\/site\\\/#\\\/schema\\\/logo\\\/image\\\/\"},\"sameAs\":[\"https:\\\/\\\/www.facebook.com\\\/noticiasmercedinas\\\/\",\"https:\\\/\\\/x.com\\\/notmercedinas\",\"https:\\\/\\\/www.instagram.com\\\/noticiasmercedinas\\\/\"]},{\"@type\":\"Person\",\"@id\":\"https:\\\/\\\/noticiasmercedinas.com\\\/site\\\/#\\\/schema\\\/person\\\/84b59c099c28ff2e8b77d4ceec5d8063\",\"name\":\"NOTICIASMERCEDINAS.COM\",\"image\":{\"@type\":\"ImageObject\",\"inLanguage\":\"es\",\"@id\":\"https:\\\/\\\/secure.gravatar.com\\\/avatar\\\/4dfbf16b4d17945bfb6341b2d19043457132fcf478a5ee04f42e959fd8f5df0a?s=96&d=mm&r=g\",\"url\":\"https:\\\/\\\/secure.gravatar.com\\\/avatar\\\/4dfbf16b4d17945bfb6341b2d19043457132fcf478a5ee04f42e959fd8f5df0a?s=96&d=mm&r=g\",\"contentUrl\":\"https:\\\/\\\/secure.gravatar.com\\\/avatar\\\/4dfbf16b4d17945bfb6341b2d19043457132fcf478a5ee04f42e959fd8f5df0a?s=96&d=mm&r=g\",\"caption\":\"NOTICIASMERCEDINAS.COM\"},\"url\":\"https:\\\/\\\/noticiasmercedinas.com\\\/site\\\/author\\\/anonimo\\\/\"}]}<\/script>\n<!-- \/ Yoast SEO plugin. -->","yoast_head_json":{"title":"Universo Cine: se proyecta \"La Patagonia rebelde\" este viernes en Colegio de Abogados","description":"Este viernes 25 de abril se proyectar\u00e1 el cl\u00e1sico del cine argentino de 1974, dirigido por H\u00e9ctor Olivera. La cita ser\u00e1 a las 19 horas en el sal\u00f3n de actos del Colegio de Abogados","robots":{"index":"index","follow":"follow","max-snippet":"max-snippet:-1","max-image-preview":"max-image-preview:large","max-video-preview":"max-video-preview:-1"},"canonical":"https:\/\/noticiasmercedinas.com\/site\/2025\/04\/22\/universo-cine-se-proyecta-la-patagonia-rebelde-este-viernes-en-colegio-de-abogados\/","og_locale":"es_ES","og_type":"article","og_title":"Universo Cine: se proyecta \"La Patagonia rebelde\" este viernes en Colegio de Abogados","og_description":"Este viernes 25 de abril se proyectar\u00e1 el cl\u00e1sico del cine argentino de 1974, dirigido por H\u00e9ctor Olivera. La cita ser\u00e1 a las 19 horas en el sal\u00f3n de actos del Colegio de Abogados","og_url":"https:\/\/noticiasmercedinas.com\/site\/2025\/04\/22\/universo-cine-se-proyecta-la-patagonia-rebelde-este-viernes-en-colegio-de-abogados\/","og_site_name":"NOTICIASMERCEDINAS.COM","article_publisher":"https:\/\/www.facebook.com\/noticiasmercedinas\/","article_published_time":"2025-04-22T20:47:02+00:00","og_image":[{"width":900,"height":505,"url":"https:\/\/noticiasmercedinas.com\/site\/wp-content\/uploads\/2025\/04\/la-patagonia-tragica.webp","type":"image\/webp"}],"author":"NOTICIASMERCEDINAS.COM","twitter_card":"summary_large_image","twitter_creator":"@notmercedinas","twitter_site":"@notmercedinas","twitter_misc":{"Escrito por":"NOTICIASMERCEDINAS.COM","Tiempo de lectura":"2 minutos"},"schema":{"@context":"https:\/\/schema.org","@graph":[{"@type":"Article","@id":"https:\/\/noticiasmercedinas.com\/site\/2025\/04\/22\/universo-cine-se-proyecta-la-patagonia-rebelde-este-viernes-en-colegio-de-abogados\/#article","isPartOf":{"@id":"https:\/\/noticiasmercedinas.com\/site\/2025\/04\/22\/universo-cine-se-proyecta-la-patagonia-rebelde-este-viernes-en-colegio-de-abogados\/"},"author":{"name":"NOTICIASMERCEDINAS.COM","@id":"https:\/\/noticiasmercedinas.com\/site\/#\/schema\/person\/84b59c099c28ff2e8b77d4ceec5d8063"},"headline":"Universo Cine: se proyecta \u00abLa Patagonia rebelde\u00bb este viernes en Colegio de Abogados","datePublished":"2025-04-22T20:47:02+00:00","mainEntityOfPage":{"@id":"https:\/\/noticiasmercedinas.com\/site\/2025\/04\/22\/universo-cine-se-proyecta-la-patagonia-rebelde-este-viernes-en-colegio-de-abogados\/"},"wordCount":247,"publisher":{"@id":"https:\/\/noticiasmercedinas.com\/site\/#organization"},"image":{"@id":"https:\/\/noticiasmercedinas.com\/site\/2025\/04\/22\/universo-cine-se-proyecta-la-patagonia-rebelde-este-viernes-en-colegio-de-abogados\/#primaryimage"},"thumbnailUrl":"https:\/\/noticiasmercedinas.com\/site\/wp-content\/uploads\/2025\/04\/la-patagonia-tragica.webp","keywords":["Carlos Mar\u00eda Dieuzeide","cine","universo cine"],"articleSection":["Cultura"],"inLanguage":"es"},{"@type":"WebPage","@id":"https:\/\/noticiasmercedinas.com\/site\/2025\/04\/22\/universo-cine-se-proyecta-la-patagonia-rebelde-este-viernes-en-colegio-de-abogados\/","url":"https:\/\/noticiasmercedinas.com\/site\/2025\/04\/22\/universo-cine-se-proyecta-la-patagonia-rebelde-este-viernes-en-colegio-de-abogados\/","name":"Universo Cine: se proyecta \"La Patagonia rebelde\" este viernes en Colegio de Abogados","isPartOf":{"@id":"https:\/\/noticiasmercedinas.com\/site\/#website"},"primaryImageOfPage":{"@id":"https:\/\/noticiasmercedinas.com\/site\/2025\/04\/22\/universo-cine-se-proyecta-la-patagonia-rebelde-este-viernes-en-colegio-de-abogados\/#primaryimage"},"image":{"@id":"https:\/\/noticiasmercedinas.com\/site\/2025\/04\/22\/universo-cine-se-proyecta-la-patagonia-rebelde-este-viernes-en-colegio-de-abogados\/#primaryimage"},"thumbnailUrl":"https:\/\/noticiasmercedinas.com\/site\/wp-content\/uploads\/2025\/04\/la-patagonia-tragica.webp","datePublished":"2025-04-22T20:47:02+00:00","description":"Este viernes 25 de abril se proyectar\u00e1 el cl\u00e1sico del cine argentino de 1974, dirigido por H\u00e9ctor Olivera. La cita ser\u00e1 a las 19 horas en el sal\u00f3n de actos del Colegio de Abogados","breadcrumb":{"@id":"https:\/\/noticiasmercedinas.com\/site\/2025\/04\/22\/universo-cine-se-proyecta-la-patagonia-rebelde-este-viernes-en-colegio-de-abogados\/#breadcrumb"},"inLanguage":"es","potentialAction":[{"@type":"ReadAction","target":["https:\/\/noticiasmercedinas.com\/site\/2025\/04\/22\/universo-cine-se-proyecta-la-patagonia-rebelde-este-viernes-en-colegio-de-abogados\/"]}]},{"@type":"ImageObject","inLanguage":"es","@id":"https:\/\/noticiasmercedinas.com\/site\/2025\/04\/22\/universo-cine-se-proyecta-la-patagonia-rebelde-este-viernes-en-colegio-de-abogados\/#primaryimage","url":"https:\/\/noticiasmercedinas.com\/site\/wp-content\/uploads\/2025\/04\/la-patagonia-tragica.webp","contentUrl":"https:\/\/noticiasmercedinas.com\/site\/wp-content\/uploads\/2025\/04\/la-patagonia-tragica.webp","width":900,"height":505,"caption":"La Patagonia Rebelde, dirigida por H\u00e9ctor Olivera, sobre el libro de Osvaldo Bayer."},{"@type":"BreadcrumbList","@id":"https:\/\/noticiasmercedinas.com\/site\/2025\/04\/22\/universo-cine-se-proyecta-la-patagonia-rebelde-este-viernes-en-colegio-de-abogados\/#breadcrumb","itemListElement":[{"@type":"ListItem","position":1,"name":"Portada","item":"https:\/\/noticiasmercedinas.com\/site\/"},{"@type":"ListItem","position":2,"name":"Universo Cine: se proyecta \u00abLa Patagonia rebelde\u00bb este viernes en Colegio de Abogados"}]},{"@type":"WebSite","@id":"https:\/\/noticiasmercedinas.com\/site\/#website","url":"https:\/\/noticiasmercedinas.com\/site\/","name":"NOTICIASMERCEDINAS.COM","description":"Mercedes, Buenos Aires, Argentina","publisher":{"@id":"https:\/\/noticiasmercedinas.com\/site\/#organization"},"potentialAction":[{"@type":"SearchAction","target":{"@type":"EntryPoint","urlTemplate":"https:\/\/noticiasmercedinas.com\/site\/?s={search_term_string}"},"query-input":{"@type":"PropertyValueSpecification","valueRequired":true,"valueName":"search_term_string"}}],"inLanguage":"es"},{"@type":"Organization","@id":"https:\/\/noticiasmercedinas.com\/site\/#organization","name":"NOTICIASMERCEDINAS.COM","url":"https:\/\/noticiasmercedinas.com\/site\/","logo":{"@type":"ImageObject","inLanguage":"es","@id":"https:\/\/noticiasmercedinas.com\/site\/#\/schema\/logo\/image\/","url":"https:\/\/noticiasmercedinas.com\/site\/wp-content\/uploads\/2020\/06\/LOGO-512.jpg","contentUrl":"https:\/\/noticiasmercedinas.com\/site\/wp-content\/uploads\/2020\/06\/LOGO-512.jpg","width":512,"height":512,"caption":"NOTICIASMERCEDINAS.COM"},"image":{"@id":"https:\/\/noticiasmercedinas.com\/site\/#\/schema\/logo\/image\/"},"sameAs":["https:\/\/www.facebook.com\/noticiasmercedinas\/","https:\/\/x.com\/notmercedinas","https:\/\/www.instagram.com\/noticiasmercedinas\/"]},{"@type":"Person","@id":"https:\/\/noticiasmercedinas.com\/site\/#\/schema\/person\/84b59c099c28ff2e8b77d4ceec5d8063","name":"NOTICIASMERCEDINAS.COM","image":{"@type":"ImageObject","inLanguage":"es","@id":"https:\/\/secure.gravatar.com\/avatar\/4dfbf16b4d17945bfb6341b2d19043457132fcf478a5ee04f42e959fd8f5df0a?s=96&d=mm&r=g","url":"https:\/\/secure.gravatar.com\/avatar\/4dfbf16b4d17945bfb6341b2d19043457132fcf478a5ee04f42e959fd8f5df0a?s=96&d=mm&r=g","contentUrl":"https:\/\/secure.gravatar.com\/avatar\/4dfbf16b4d17945bfb6341b2d19043457132fcf478a5ee04f42e959fd8f5df0a?s=96&d=mm&r=g","caption":"NOTICIASMERCEDINAS.COM"},"url":"https:\/\/noticiasmercedinas.com\/site\/author\/anonimo\/"}]}},"amp_enabled":true,"_links":{"self":[{"href":"https:\/\/noticiasmercedinas.com\/site\/wp-json\/wp\/v2\/posts\/157855","targetHints":{"allow":["GET"]}}],"collection":[{"href":"https:\/\/noticiasmercedinas.com\/site\/wp-json\/wp\/v2\/posts"}],"about":[{"href":"https:\/\/noticiasmercedinas.com\/site\/wp-json\/wp\/v2\/types\/post"}],"author":[{"embeddable":true,"href":"https:\/\/noticiasmercedinas.com\/site\/wp-json\/wp\/v2\/users\/16"}],"replies":[{"embeddable":true,"href":"https:\/\/noticiasmercedinas.com\/site\/wp-json\/wp\/v2\/comments?post=157855"}],"version-history":[{"count":1,"href":"https:\/\/noticiasmercedinas.com\/site\/wp-json\/wp\/v2\/posts\/157855\/revisions"}],"predecessor-version":[{"id":157858,"href":"https:\/\/noticiasmercedinas.com\/site\/wp-json\/wp\/v2\/posts\/157855\/revisions\/157858"}],"wp:featuredmedia":[{"embeddable":true,"href":"https:\/\/noticiasmercedinas.com\/site\/wp-json\/wp\/v2\/media\/157857"}],"wp:attachment":[{"href":"https:\/\/noticiasmercedinas.com\/site\/wp-json\/wp\/v2\/media?parent=157855"}],"wp:term":[{"taxonomy":"category","embeddable":true,"href":"https:\/\/noticiasmercedinas.com\/site\/wp-json\/wp\/v2\/categories?post=157855"},{"taxonomy":"post_tag","embeddable":true,"href":"https:\/\/noticiasmercedinas.com\/site\/wp-json\/wp\/v2\/tags?post=157855"}],"curies":[{"name":"wp","href":"https:\/\/api.w.org\/{rel}","templated":true}]}}