{"id":158057,"date":"2025-04-25T10:07:27","date_gmt":"2025-04-25T13:07:27","guid":{"rendered":"https:\/\/noticiasmercedinas.com\/site\/?p=158057"},"modified":"2025-04-25T10:07:27","modified_gmt":"2025-04-25T13:07:27","slug":"segunda-jura-del-ano-en-el-colegio-de-trabajadores-sociales-de-mercedes-seis-nuevos-y-nuevas-profesionales","status":"publish","type":"post","link":"https:\/\/noticiasmercedinas.com\/site\/2025\/04\/25\/segunda-jura-del-ano-en-el-colegio-de-trabajadores-sociales-de-mercedes-seis-nuevos-y-nuevas-profesionales\/","title":{"rendered":"Segunda jura del a\u00f1o en el Colegio de Trabajadores Sociales de Mercedes: seis nuevos y nuevas profesionales"},"content":{"rendered":"<p><img loading=\"lazy\" decoding=\"async\" class=\"alignnone size-full wp-image-158058\" src=\"https:\/\/noticiasmercedinas.com\/site\/wp-content\/uploads\/2025\/04\/CTS.jpg\" alt=\"\" width=\"640\" height=\"454\" srcset=\"https:\/\/noticiasmercedinas.com\/site\/wp-content\/uploads\/2025\/04\/CTS.jpg 640w, https:\/\/noticiasmercedinas.com\/site\/wp-content\/uploads\/2025\/04\/CTS-300x213.jpg 300w\" sizes=\"auto, (max-width: 640px) 100vw, 640px\" \/><\/p>\n<p>Este 16 de abril se llev\u00f3 a cabo la segunda jornada de jura del a\u00f1o en el Colegio de Trabajadores Sociales de Mercedes, un acto institucional que marca el ingreso formal de nuevos profesionales a la vida colegiada y al ejercicio responsable de la profesi\u00f3n.<\/p>\n<p>En esta oportunidad, fueron seis las personas matriculadas, que asumieron con compromiso el juramento \u00e9tico que rige la labor del Trabajo Social. Se trata de Camila Borzi, Roc\u00edo Morales, T\u00e1mara Varela, Roc\u00edo Berm\u00fadez, Julieta Macchi y Tom\u00e1s Banegas, quienes desde ahora integran oficialmente el cuerpo profesional del colegio.<\/p>\n<p>El acto, cargado de emoci\u00f3n, fue compartido por familiares, colegas y autoridades del Colegio, que dieron la bienvenida a quienes comienzan a transitar el camino profesional con una fuerte impronta \u00e9tica y un claro compromiso con los derechos humanos y la justicia social.<\/p>\n<p>Desde la instituci\u00f3n destacaron la importancia de estos momentos fundacionales para cada profesional y celebraron la continuidad del crecimiento colectivo del colegio, que sigue sumando nuevas voces y miradas al campo del Trabajo Social en la regi\u00f3n. \u201c\u00a1Bienvenidos a la vida profesional!\u201d, expresaron alentando a continuar construyendo una pr\u00e1ctica comprometida con las realidades sociales de cada territorio.<\/p>\n","protected":false},"excerpt":{"rendered":"<p>\u25a0 De esta manera, Camila Borzi, Roc\u00edo Morales, T\u00e1mara Varela, Roc\u00edo Berm\u00fadez, Julieta Macchi y Tom\u00e1s Banegas ya integran oficialmente el cuerpo profesional del colegio de profesionales.<\/p>\n","protected":false},"author":16,"featured_media":158058,"comment_status":"closed","ping_status":"closed","sticky":false,"template":"","format":"standard","meta":{"footnotes":""},"categories":[3],"tags":[19981,14079,19985,5329,23,19984,19982,19983,19986],"class_list":["post-158057","post","type-post","status-publish","format-standard","has-post-thumbnail","hentry","category-sociedad","tag-camila-borzi","tag-colegio-de-asistentes-sociales-o-trabajadores-sociales","tag-julieta-macchi","tag-jura","tag-mercedes","tag-rocio-bermudez","tag-rocio-morales","tag-tamara-varela","tag-tomas-banegas"],"yoast_head":"<!-- This site is optimized with the Yoast SEO plugin v27.4 - https:\/\/yoast.com\/product\/yoast-seo-wordpress\/ -->\n<title>Segunda jura del a\u00f1o en el Colegio de Trabajadores Sociales de Mercedes: seis nuevos y nuevas profesionales<\/title>\n<meta name=\"description\" content=\"De esta manera, Camila Borzi, Roc\u00edo Morales, T\u00e1mara Varela, Roc\u00edo Berm\u00fadez, Julieta Macchi y Tom\u00e1s Banegas ya integran oficialmente el cuerpo profesional del colegio.\" \/>\n<meta name=\"robots\" content=\"index, follow, max-snippet:-1, max-image-preview:large, max-video-preview:-1\" \/>\n<link rel=\"canonical\" href=\"https:\/\/noticiasmercedinas.com\/site\/2025\/04\/25\/segunda-jura-del-ano-en-el-colegio-de-trabajadores-sociales-de-mercedes-seis-nuevos-y-nuevas-profesionales\/\" \/>\n<meta property=\"og:locale\" content=\"es_ES\" \/>\n<meta property=\"og:type\" content=\"article\" \/>\n<meta property=\"og:title\" content=\"Segunda jura del a\u00f1o en el Colegio de Trabajadores Sociales de Mercedes: seis nuevos y nuevas profesionales\" \/>\n<meta property=\"og:description\" content=\"De esta manera, Camila Borzi, Roc\u00edo Morales, T\u00e1mara Varela, Roc\u00edo Berm\u00fadez, Julieta Macchi y Tom\u00e1s Banegas ya integran oficialmente el cuerpo profesional del colegio.\" \/>\n<meta property=\"og:url\" content=\"https:\/\/noticiasmercedinas.com\/site\/2025\/04\/25\/segunda-jura-del-ano-en-el-colegio-de-trabajadores-sociales-de-mercedes-seis-nuevos-y-nuevas-profesionales\/\" \/>\n<meta property=\"og:site_name\" content=\"NOTICIASMERCEDINAS.COM\" \/>\n<meta property=\"article:publisher\" content=\"https:\/\/www.facebook.com\/noticiasmercedinas\/\" \/>\n<meta property=\"article:published_time\" content=\"2025-04-25T13:07:27+00:00\" \/>\n<meta property=\"og:image\" content=\"https:\/\/noticiasmercedinas.com\/site\/wp-content\/uploads\/2025\/04\/CTS.jpg\" \/>\n\t<meta property=\"og:image:width\" content=\"640\" \/>\n\t<meta property=\"og:image:height\" content=\"454\" \/>\n\t<meta property=\"og:image:type\" content=\"image\/jpeg\" \/>\n<meta name=\"author\" content=\"NOTICIASMERCEDINAS.COM\" \/>\n<meta name=\"twitter:card\" content=\"summary_large_image\" \/>\n<meta name=\"twitter:creator\" content=\"@notmercedinas\" \/>\n<meta name=\"twitter:site\" content=\"@notmercedinas\" \/>\n<meta name=\"twitter:label1\" content=\"Escrito por\" \/>\n\t<meta name=\"twitter:data1\" content=\"NOTICIASMERCEDINAS.COM\" \/>\n\t<meta name=\"twitter:label2\" content=\"Tiempo de lectura\" \/>\n\t<meta name=\"twitter:data2\" content=\"2 minutos\" \/>\n<script type=\"application\/ld+json\" class=\"yoast-schema-graph\">{\"@context\":\"https:\\\/\\\/schema.org\",\"@graph\":[{\"@type\":\"Article\",\"@id\":\"https:\\\/\\\/noticiasmercedinas.com\\\/site\\\/2025\\\/04\\\/25\\\/segunda-jura-del-ano-en-el-colegio-de-trabajadores-sociales-de-mercedes-seis-nuevos-y-nuevas-profesionales\\\/#article\",\"isPartOf\":{\"@id\":\"https:\\\/\\\/noticiasmercedinas.com\\\/site\\\/2025\\\/04\\\/25\\\/segunda-jura-del-ano-en-el-colegio-de-trabajadores-sociales-de-mercedes-seis-nuevos-y-nuevas-profesionales\\\/\"},\"author\":{\"name\":\"NOTICIASMERCEDINAS.COM\",\"@id\":\"https:\\\/\\\/noticiasmercedinas.com\\\/site\\\/#\\\/schema\\\/person\\\/84b59c099c28ff2e8b77d4ceec5d8063\"},\"headline\":\"Segunda jura del a\u00f1o en el Colegio de Trabajadores Sociales de Mercedes: seis nuevos y nuevas profesionales\",\"datePublished\":\"2025-04-25T13:07:27+00:00\",\"mainEntityOfPage\":{\"@id\":\"https:\\\/\\\/noticiasmercedinas.com\\\/site\\\/2025\\\/04\\\/25\\\/segunda-jura-del-ano-en-el-colegio-de-trabajadores-sociales-de-mercedes-seis-nuevos-y-nuevas-profesionales\\\/\"},\"wordCount\":221,\"publisher\":{\"@id\":\"https:\\\/\\\/noticiasmercedinas.com\\\/site\\\/#organization\"},\"image\":{\"@id\":\"https:\\\/\\\/noticiasmercedinas.com\\\/site\\\/2025\\\/04\\\/25\\\/segunda-jura-del-ano-en-el-colegio-de-trabajadores-sociales-de-mercedes-seis-nuevos-y-nuevas-profesionales\\\/#primaryimage\"},\"thumbnailUrl\":\"https:\\\/\\\/noticiasmercedinas.com\\\/site\\\/wp-content\\\/uploads\\\/2025\\\/04\\\/CTS.jpg\",\"keywords\":[\"Camila Borzi\",\"Colegio de Asistentes Sociales o Trabajadores Sociales\",\"Julieta Macchi\",\"jura\",\"mercedes\",\"Roc\u00edo Berm\u00fadez\",\"Roc\u00edo Morales\",\"T\u00e1mara Varela\",\"Tom\u00e1s Banegas\"],\"articleSection\":[\"Sociedad\"],\"inLanguage\":\"es\"},{\"@type\":\"WebPage\",\"@id\":\"https:\\\/\\\/noticiasmercedinas.com\\\/site\\\/2025\\\/04\\\/25\\\/segunda-jura-del-ano-en-el-colegio-de-trabajadores-sociales-de-mercedes-seis-nuevos-y-nuevas-profesionales\\\/\",\"url\":\"https:\\\/\\\/noticiasmercedinas.com\\\/site\\\/2025\\\/04\\\/25\\\/segunda-jura-del-ano-en-el-colegio-de-trabajadores-sociales-de-mercedes-seis-nuevos-y-nuevas-profesionales\\\/\",\"name\":\"Segunda jura del a\u00f1o en el Colegio de Trabajadores Sociales de Mercedes: seis nuevos y nuevas profesionales\",\"isPartOf\":{\"@id\":\"https:\\\/\\\/noticiasmercedinas.com\\\/site\\\/#website\"},\"primaryImageOfPage\":{\"@id\":\"https:\\\/\\\/noticiasmercedinas.com\\\/site\\\/2025\\\/04\\\/25\\\/segunda-jura-del-ano-en-el-colegio-de-trabajadores-sociales-de-mercedes-seis-nuevos-y-nuevas-profesionales\\\/#primaryimage\"},\"image\":{\"@id\":\"https:\\\/\\\/noticiasmercedinas.com\\\/site\\\/2025\\\/04\\\/25\\\/segunda-jura-del-ano-en-el-colegio-de-trabajadores-sociales-de-mercedes-seis-nuevos-y-nuevas-profesionales\\\/#primaryimage\"},\"thumbnailUrl\":\"https:\\\/\\\/noticiasmercedinas.com\\\/site\\\/wp-content\\\/uploads\\\/2025\\\/04\\\/CTS.jpg\",\"datePublished\":\"2025-04-25T13:07:27+00:00\",\"description\":\"De esta manera, Camila Borzi, Roc\u00edo Morales, T\u00e1mara Varela, Roc\u00edo Berm\u00fadez, Julieta Macchi y Tom\u00e1s Banegas ya integran oficialmente el cuerpo profesional del colegio.\",\"breadcrumb\":{\"@id\":\"https:\\\/\\\/noticiasmercedinas.com\\\/site\\\/2025\\\/04\\\/25\\\/segunda-jura-del-ano-en-el-colegio-de-trabajadores-sociales-de-mercedes-seis-nuevos-y-nuevas-profesionales\\\/#breadcrumb\"},\"inLanguage\":\"es\",\"potentialAction\":[{\"@type\":\"ReadAction\",\"target\":[\"https:\\\/\\\/noticiasmercedinas.com\\\/site\\\/2025\\\/04\\\/25\\\/segunda-jura-del-ano-en-el-colegio-de-trabajadores-sociales-de-mercedes-seis-nuevos-y-nuevas-profesionales\\\/\"]}]},{\"@type\":\"ImageObject\",\"inLanguage\":\"es\",\"@id\":\"https:\\\/\\\/noticiasmercedinas.com\\\/site\\\/2025\\\/04\\\/25\\\/segunda-jura-del-ano-en-el-colegio-de-trabajadores-sociales-de-mercedes-seis-nuevos-y-nuevas-profesionales\\\/#primaryimage\",\"url\":\"https:\\\/\\\/noticiasmercedinas.com\\\/site\\\/wp-content\\\/uploads\\\/2025\\\/04\\\/CTS.jpg\",\"contentUrl\":\"https:\\\/\\\/noticiasmercedinas.com\\\/site\\\/wp-content\\\/uploads\\\/2025\\\/04\\\/CTS.jpg\",\"width\":640,\"height\":454},{\"@type\":\"BreadcrumbList\",\"@id\":\"https:\\\/\\\/noticiasmercedinas.com\\\/site\\\/2025\\\/04\\\/25\\\/segunda-jura-del-ano-en-el-colegio-de-trabajadores-sociales-de-mercedes-seis-nuevos-y-nuevas-profesionales\\\/#breadcrumb\",\"itemListElement\":[{\"@type\":\"ListItem\",\"position\":1,\"name\":\"Portada\",\"item\":\"https:\\\/\\\/noticiasmercedinas.com\\\/site\\\/\"},{\"@type\":\"ListItem\",\"position\":2,\"name\":\"Segunda jura del a\u00f1o en el Colegio de Trabajadores Sociales de Mercedes: seis nuevos y nuevas profesionales\"}]},{\"@type\":\"WebSite\",\"@id\":\"https:\\\/\\\/noticiasmercedinas.com\\\/site\\\/#website\",\"url\":\"https:\\\/\\\/noticiasmercedinas.com\\\/site\\\/\",\"name\":\"NOTICIASMERCEDINAS.COM\",\"description\":\"Mercedes, Buenos Aires, Argentina\",\"publisher\":{\"@id\":\"https:\\\/\\\/noticiasmercedinas.com\\\/site\\\/#organization\"},\"potentialAction\":[{\"@type\":\"SearchAction\",\"target\":{\"@type\":\"EntryPoint\",\"urlTemplate\":\"https:\\\/\\\/noticiasmercedinas.com\\\/site\\\/?s={search_term_string}\"},\"query-input\":{\"@type\":\"PropertyValueSpecification\",\"valueRequired\":true,\"valueName\":\"search_term_string\"}}],\"inLanguage\":\"es\"},{\"@type\":\"Organization\",\"@id\":\"https:\\\/\\\/noticiasmercedinas.com\\\/site\\\/#organization\",\"name\":\"NOTICIASMERCEDINAS.COM\",\"url\":\"https:\\\/\\\/noticiasmercedinas.com\\\/site\\\/\",\"logo\":{\"@type\":\"ImageObject\",\"inLanguage\":\"es\",\"@id\":\"https:\\\/\\\/noticiasmercedinas.com\\\/site\\\/#\\\/schema\\\/logo\\\/image\\\/\",\"url\":\"https:\\\/\\\/noticiasmercedinas.com\\\/site\\\/wp-content\\\/uploads\\\/2020\\\/06\\\/LOGO-512.jpg\",\"contentUrl\":\"https:\\\/\\\/noticiasmercedinas.com\\\/site\\\/wp-content\\\/uploads\\\/2020\\\/06\\\/LOGO-512.jpg\",\"width\":512,\"height\":512,\"caption\":\"NOTICIASMERCEDINAS.COM\"},\"image\":{\"@id\":\"https:\\\/\\\/noticiasmercedinas.com\\\/site\\\/#\\\/schema\\\/logo\\\/image\\\/\"},\"sameAs\":[\"https:\\\/\\\/www.facebook.com\\\/noticiasmercedinas\\\/\",\"https:\\\/\\\/x.com\\\/notmercedinas\",\"https:\\\/\\\/www.instagram.com\\\/noticiasmercedinas\\\/\"]},{\"@type\":\"Person\",\"@id\":\"https:\\\/\\\/noticiasmercedinas.com\\\/site\\\/#\\\/schema\\\/person\\\/84b59c099c28ff2e8b77d4ceec5d8063\",\"name\":\"NOTICIASMERCEDINAS.COM\",\"image\":{\"@type\":\"ImageObject\",\"inLanguage\":\"es\",\"@id\":\"https:\\\/\\\/secure.gravatar.com\\\/avatar\\\/4dfbf16b4d17945bfb6341b2d19043457132fcf478a5ee04f42e959fd8f5df0a?s=96&d=mm&r=g\",\"url\":\"https:\\\/\\\/secure.gravatar.com\\\/avatar\\\/4dfbf16b4d17945bfb6341b2d19043457132fcf478a5ee04f42e959fd8f5df0a?s=96&d=mm&r=g\",\"contentUrl\":\"https:\\\/\\\/secure.gravatar.com\\\/avatar\\\/4dfbf16b4d17945bfb6341b2d19043457132fcf478a5ee04f42e959fd8f5df0a?s=96&d=mm&r=g\",\"caption\":\"NOTICIASMERCEDINAS.COM\"},\"url\":\"https:\\\/\\\/noticiasmercedinas.com\\\/site\\\/author\\\/anonimo\\\/\"}]}<\/script>\n<!-- \/ Yoast SEO plugin. -->","yoast_head_json":{"title":"Segunda jura del a\u00f1o en el Colegio de Trabajadores Sociales de Mercedes: seis nuevos y nuevas profesionales","description":"De esta manera, Camila Borzi, Roc\u00edo Morales, T\u00e1mara Varela, Roc\u00edo Berm\u00fadez, Julieta Macchi y Tom\u00e1s Banegas ya integran oficialmente el cuerpo profesional del colegio.","robots":{"index":"index","follow":"follow","max-snippet":"max-snippet:-1","max-image-preview":"max-image-preview:large","max-video-preview":"max-video-preview:-1"},"canonical":"https:\/\/noticiasmercedinas.com\/site\/2025\/04\/25\/segunda-jura-del-ano-en-el-colegio-de-trabajadores-sociales-de-mercedes-seis-nuevos-y-nuevas-profesionales\/","og_locale":"es_ES","og_type":"article","og_title":"Segunda jura del a\u00f1o en el Colegio de Trabajadores Sociales de Mercedes: seis nuevos y nuevas profesionales","og_description":"De esta manera, Camila Borzi, Roc\u00edo Morales, T\u00e1mara Varela, Roc\u00edo Berm\u00fadez, Julieta Macchi y Tom\u00e1s Banegas ya integran oficialmente el cuerpo profesional del colegio.","og_url":"https:\/\/noticiasmercedinas.com\/site\/2025\/04\/25\/segunda-jura-del-ano-en-el-colegio-de-trabajadores-sociales-de-mercedes-seis-nuevos-y-nuevas-profesionales\/","og_site_name":"NOTICIASMERCEDINAS.COM","article_publisher":"https:\/\/www.facebook.com\/noticiasmercedinas\/","article_published_time":"2025-04-25T13:07:27+00:00","og_image":[{"width":640,"height":454,"url":"https:\/\/noticiasmercedinas.com\/site\/wp-content\/uploads\/2025\/04\/CTS.jpg","type":"image\/jpeg"}],"author":"NOTICIASMERCEDINAS.COM","twitter_card":"summary_large_image","twitter_creator":"@notmercedinas","twitter_site":"@notmercedinas","twitter_misc":{"Escrito por":"NOTICIASMERCEDINAS.COM","Tiempo de lectura":"2 minutos"},"schema":{"@context":"https:\/\/schema.org","@graph":[{"@type":"Article","@id":"https:\/\/noticiasmercedinas.com\/site\/2025\/04\/25\/segunda-jura-del-ano-en-el-colegio-de-trabajadores-sociales-de-mercedes-seis-nuevos-y-nuevas-profesionales\/#article","isPartOf":{"@id":"https:\/\/noticiasmercedinas.com\/site\/2025\/04\/25\/segunda-jura-del-ano-en-el-colegio-de-trabajadores-sociales-de-mercedes-seis-nuevos-y-nuevas-profesionales\/"},"author":{"name":"NOTICIASMERCEDINAS.COM","@id":"https:\/\/noticiasmercedinas.com\/site\/#\/schema\/person\/84b59c099c28ff2e8b77d4ceec5d8063"},"headline":"Segunda jura del a\u00f1o en el Colegio de Trabajadores Sociales de Mercedes: seis nuevos y nuevas profesionales","datePublished":"2025-04-25T13:07:27+00:00","mainEntityOfPage":{"@id":"https:\/\/noticiasmercedinas.com\/site\/2025\/04\/25\/segunda-jura-del-ano-en-el-colegio-de-trabajadores-sociales-de-mercedes-seis-nuevos-y-nuevas-profesionales\/"},"wordCount":221,"publisher":{"@id":"https:\/\/noticiasmercedinas.com\/site\/#organization"},"image":{"@id":"https:\/\/noticiasmercedinas.com\/site\/2025\/04\/25\/segunda-jura-del-ano-en-el-colegio-de-trabajadores-sociales-de-mercedes-seis-nuevos-y-nuevas-profesionales\/#primaryimage"},"thumbnailUrl":"https:\/\/noticiasmercedinas.com\/site\/wp-content\/uploads\/2025\/04\/CTS.jpg","keywords":["Camila Borzi","Colegio de Asistentes Sociales o Trabajadores Sociales","Julieta Macchi","jura","mercedes","Roc\u00edo Berm\u00fadez","Roc\u00edo Morales","T\u00e1mara Varela","Tom\u00e1s Banegas"],"articleSection":["Sociedad"],"inLanguage":"es"},{"@type":"WebPage","@id":"https:\/\/noticiasmercedinas.com\/site\/2025\/04\/25\/segunda-jura-del-ano-en-el-colegio-de-trabajadores-sociales-de-mercedes-seis-nuevos-y-nuevas-profesionales\/","url":"https:\/\/noticiasmercedinas.com\/site\/2025\/04\/25\/segunda-jura-del-ano-en-el-colegio-de-trabajadores-sociales-de-mercedes-seis-nuevos-y-nuevas-profesionales\/","name":"Segunda jura del a\u00f1o en el Colegio de Trabajadores Sociales de Mercedes: seis nuevos y nuevas profesionales","isPartOf":{"@id":"https:\/\/noticiasmercedinas.com\/site\/#website"},"primaryImageOfPage":{"@id":"https:\/\/noticiasmercedinas.com\/site\/2025\/04\/25\/segunda-jura-del-ano-en-el-colegio-de-trabajadores-sociales-de-mercedes-seis-nuevos-y-nuevas-profesionales\/#primaryimage"},"image":{"@id":"https:\/\/noticiasmercedinas.com\/site\/2025\/04\/25\/segunda-jura-del-ano-en-el-colegio-de-trabajadores-sociales-de-mercedes-seis-nuevos-y-nuevas-profesionales\/#primaryimage"},"thumbnailUrl":"https:\/\/noticiasmercedinas.com\/site\/wp-content\/uploads\/2025\/04\/CTS.jpg","datePublished":"2025-04-25T13:07:27+00:00","description":"De esta manera, Camila Borzi, Roc\u00edo Morales, T\u00e1mara Varela, Roc\u00edo Berm\u00fadez, Julieta Macchi y Tom\u00e1s Banegas ya integran oficialmente el cuerpo profesional del colegio.","breadcrumb":{"@id":"https:\/\/noticiasmercedinas.com\/site\/2025\/04\/25\/segunda-jura-del-ano-en-el-colegio-de-trabajadores-sociales-de-mercedes-seis-nuevos-y-nuevas-profesionales\/#breadcrumb"},"inLanguage":"es","potentialAction":[{"@type":"ReadAction","target":["https:\/\/noticiasmercedinas.com\/site\/2025\/04\/25\/segunda-jura-del-ano-en-el-colegio-de-trabajadores-sociales-de-mercedes-seis-nuevos-y-nuevas-profesionales\/"]}]},{"@type":"ImageObject","inLanguage":"es","@id":"https:\/\/noticiasmercedinas.com\/site\/2025\/04\/25\/segunda-jura-del-ano-en-el-colegio-de-trabajadores-sociales-de-mercedes-seis-nuevos-y-nuevas-profesionales\/#primaryimage","url":"https:\/\/noticiasmercedinas.com\/site\/wp-content\/uploads\/2025\/04\/CTS.jpg","contentUrl":"https:\/\/noticiasmercedinas.com\/site\/wp-content\/uploads\/2025\/04\/CTS.jpg","width":640,"height":454},{"@type":"BreadcrumbList","@id":"https:\/\/noticiasmercedinas.com\/site\/2025\/04\/25\/segunda-jura-del-ano-en-el-colegio-de-trabajadores-sociales-de-mercedes-seis-nuevos-y-nuevas-profesionales\/#breadcrumb","itemListElement":[{"@type":"ListItem","position":1,"name":"Portada","item":"https:\/\/noticiasmercedinas.com\/site\/"},{"@type":"ListItem","position":2,"name":"Segunda jura del a\u00f1o en el Colegio de Trabajadores Sociales de Mercedes: seis nuevos y nuevas profesionales"}]},{"@type":"WebSite","@id":"https:\/\/noticiasmercedinas.com\/site\/#website","url":"https:\/\/noticiasmercedinas.com\/site\/","name":"NOTICIASMERCEDINAS.COM","description":"Mercedes, Buenos Aires, Argentina","publisher":{"@id":"https:\/\/noticiasmercedinas.com\/site\/#organization"},"potentialAction":[{"@type":"SearchAction","target":{"@type":"EntryPoint","urlTemplate":"https:\/\/noticiasmercedinas.com\/site\/?s={search_term_string}"},"query-input":{"@type":"PropertyValueSpecification","valueRequired":true,"valueName":"search_term_string"}}],"inLanguage":"es"},{"@type":"Organization","@id":"https:\/\/noticiasmercedinas.com\/site\/#organization","name":"NOTICIASMERCEDINAS.COM","url":"https:\/\/noticiasmercedinas.com\/site\/","logo":{"@type":"ImageObject","inLanguage":"es","@id":"https:\/\/noticiasmercedinas.com\/site\/#\/schema\/logo\/image\/","url":"https:\/\/noticiasmercedinas.com\/site\/wp-content\/uploads\/2020\/06\/LOGO-512.jpg","contentUrl":"https:\/\/noticiasmercedinas.com\/site\/wp-content\/uploads\/2020\/06\/LOGO-512.jpg","width":512,"height":512,"caption":"NOTICIASMERCEDINAS.COM"},"image":{"@id":"https:\/\/noticiasmercedinas.com\/site\/#\/schema\/logo\/image\/"},"sameAs":["https:\/\/www.facebook.com\/noticiasmercedinas\/","https:\/\/x.com\/notmercedinas","https:\/\/www.instagram.com\/noticiasmercedinas\/"]},{"@type":"Person","@id":"https:\/\/noticiasmercedinas.com\/site\/#\/schema\/person\/84b59c099c28ff2e8b77d4ceec5d8063","name":"NOTICIASMERCEDINAS.COM","image":{"@type":"ImageObject","inLanguage":"es","@id":"https:\/\/secure.gravatar.com\/avatar\/4dfbf16b4d17945bfb6341b2d19043457132fcf478a5ee04f42e959fd8f5df0a?s=96&d=mm&r=g","url":"https:\/\/secure.gravatar.com\/avatar\/4dfbf16b4d17945bfb6341b2d19043457132fcf478a5ee04f42e959fd8f5df0a?s=96&d=mm&r=g","contentUrl":"https:\/\/secure.gravatar.com\/avatar\/4dfbf16b4d17945bfb6341b2d19043457132fcf478a5ee04f42e959fd8f5df0a?s=96&d=mm&r=g","caption":"NOTICIASMERCEDINAS.COM"},"url":"https:\/\/noticiasmercedinas.com\/site\/author\/anonimo\/"}]}},"amp_enabled":true,"_links":{"self":[{"href":"https:\/\/noticiasmercedinas.com\/site\/wp-json\/wp\/v2\/posts\/158057","targetHints":{"allow":["GET"]}}],"collection":[{"href":"https:\/\/noticiasmercedinas.com\/site\/wp-json\/wp\/v2\/posts"}],"about":[{"href":"https:\/\/noticiasmercedinas.com\/site\/wp-json\/wp\/v2\/types\/post"}],"author":[{"embeddable":true,"href":"https:\/\/noticiasmercedinas.com\/site\/wp-json\/wp\/v2\/users\/16"}],"replies":[{"embeddable":true,"href":"https:\/\/noticiasmercedinas.com\/site\/wp-json\/wp\/v2\/comments?post=158057"}],"version-history":[{"count":1,"href":"https:\/\/noticiasmercedinas.com\/site\/wp-json\/wp\/v2\/posts\/158057\/revisions"}],"predecessor-version":[{"id":158059,"href":"https:\/\/noticiasmercedinas.com\/site\/wp-json\/wp\/v2\/posts\/158057\/revisions\/158059"}],"wp:featuredmedia":[{"embeddable":true,"href":"https:\/\/noticiasmercedinas.com\/site\/wp-json\/wp\/v2\/media\/158058"}],"wp:attachment":[{"href":"https:\/\/noticiasmercedinas.com\/site\/wp-json\/wp\/v2\/media?parent=158057"}],"wp:term":[{"taxonomy":"category","embeddable":true,"href":"https:\/\/noticiasmercedinas.com\/site\/wp-json\/wp\/v2\/categories?post=158057"},{"taxonomy":"post_tag","embeddable":true,"href":"https:\/\/noticiasmercedinas.com\/site\/wp-json\/wp\/v2\/tags?post=158057"}],"curies":[{"name":"wp","href":"https:\/\/api.w.org\/{rel}","templated":true}]}}