{"id":158179,"date":"2025-04-27T10:51:13","date_gmt":"2025-04-27T13:51:13","guid":{"rendered":"https:\/\/noticiasmercedinas.com\/site\/?p=158179"},"modified":"2025-04-27T10:51:13","modified_gmt":"2025-04-27T13:51:13","slug":"gran-exito-del-coloncito-junto-con-la-liga-de-la-energia","status":"publish","type":"post","link":"https:\/\/noticiasmercedinas.com\/site\/2025\/04\/27\/gran-exito-del-coloncito-junto-con-la-liga-de-la-energia\/","title":{"rendered":"Gran \u00e9xito del \u00abColoncito\u00bb junto con \u00abLa Liga de la Energ\u00eda\u00bb"},"content":{"rendered":"<p><img loading=\"lazy\" decoding=\"async\" class=\"alignnone size-full wp-image-158181\" src=\"https:\/\/noticiasmercedinas.com\/site\/wp-content\/uploads\/2025\/04\/9edf0e7a-87d0-4f7a-8c0e-d4a41ae7d5c3.jpg\" alt=\"\" width=\"1280\" height=\"853\" srcset=\"https:\/\/noticiasmercedinas.com\/site\/wp-content\/uploads\/2025\/04\/9edf0e7a-87d0-4f7a-8c0e-d4a41ae7d5c3.jpg 1280w, https:\/\/noticiasmercedinas.com\/site\/wp-content\/uploads\/2025\/04\/9edf0e7a-87d0-4f7a-8c0e-d4a41ae7d5c3-300x200.jpg 300w, https:\/\/noticiasmercedinas.com\/site\/wp-content\/uploads\/2025\/04\/9edf0e7a-87d0-4f7a-8c0e-d4a41ae7d5c3-1024x682.jpg 1024w, https:\/\/noticiasmercedinas.com\/site\/wp-content\/uploads\/2025\/04\/9edf0e7a-87d0-4f7a-8c0e-d4a41ae7d5c3-768x512.jpg 768w, https:\/\/noticiasmercedinas.com\/site\/wp-content\/uploads\/2025\/04\/9edf0e7a-87d0-4f7a-8c0e-d4a41ae7d5c3-640x427.jpg 640w, https:\/\/noticiasmercedinas.com\/site\/wp-content\/uploads\/2025\/04\/9edf0e7a-87d0-4f7a-8c0e-d4a41ae7d5c3-681x454.jpg 681w\" sizes=\"auto, (max-width: 1280px) 100vw, 1280px\" \/><\/p>\n<p>La distribuidora EDEN form\u00f3 parte de la 14\u00b0 edici\u00f3n del torneo de f\u00fatbol infantil \u201cEl Coloncito\u201d, realizado entre el 17 y el 20 de abril en las instalaciones del Club Col\u00f3n de Chivilcoy, sumando actividades que promueven el uso eficiente de la electricidad a trav\u00e9s de su programa \u00abLa Liga de la Energ\u00eda\u00bb.<\/p>\n<p>Durante el evento, que congreg\u00f3 a m\u00e1s de 6000 personas, peque\u00f1os y familiares pudieron aprender sobre el origen de la electricidad, la importancia de la seguridad en su manipulaci\u00f3n y los beneficios de un consumo responsable gracias a las divertidas actividades desplegadas por el programa \u00abLa Liga de la Energ\u00eda\u00bb mientras disfrutaban del campeonato.<\/p>\n<p>Participaron del torneo m\u00e1s de 1200 chicos de 64 equipos provenientes de m\u00e1s de 10 ciudades de toda la regi\u00f3n.<\/p>\n<p>Alejando Biancosino, Gerente General de la distribuidora, celebr\u00f3 el \u00e9xito del \u201cColoncito\u201d y resalt\u00f3 la articulaci\u00f3n entre el deporte y el aprendizaje. \u201cPara nosotros es muy importante participar de este tipo de eventos, porque nos permite consolidar una relaci\u00f3n de cercan\u00eda con la comunidad\u201d, afirm\u00f3.<\/p>\n<p>\u201cEn este caso el deporte funcion\u00f3 como una llave de acceso para poder implementar uno de nuestros pilares de sustentabilidad, que es la educaci\u00f3n. Queremos agradecer especialmente a las autoridades del club y a la comisi\u00f3n de padres que organiz\u00f3 el torneo por habernos invitado a formar parte de esta hermosa iniciativa\u201d.<\/p>\n<p>Para conocer m\u00e1s sobre el programa, la empresa EDEN invita a la comunidad a ingresar en <a href=\"https:\/\/ligadelaenergia.com\/\">https:\/\/ligadelaenergia.com\/<\/a> donde podr\u00e1n aprender en familia con los videos educativos, descargar juegos y material did\u00e1ctico.<\/p>\n<p><img loading=\"lazy\" decoding=\"async\" class=\"alignnone size-full wp-image-158180\" src=\"https:\/\/noticiasmercedinas.com\/site\/wp-content\/uploads\/2025\/04\/66064940-b663-4ec9-ba60-64b0a8f1eaaa.jpg\" alt=\"\" width=\"1280\" height=\"853\" srcset=\"https:\/\/noticiasmercedinas.com\/site\/wp-content\/uploads\/2025\/04\/66064940-b663-4ec9-ba60-64b0a8f1eaaa.jpg 1280w, https:\/\/noticiasmercedinas.com\/site\/wp-content\/uploads\/2025\/04\/66064940-b663-4ec9-ba60-64b0a8f1eaaa-300x200.jpg 300w, https:\/\/noticiasmercedinas.com\/site\/wp-content\/uploads\/2025\/04\/66064940-b663-4ec9-ba60-64b0a8f1eaaa-1024x682.jpg 1024w, https:\/\/noticiasmercedinas.com\/site\/wp-content\/uploads\/2025\/04\/66064940-b663-4ec9-ba60-64b0a8f1eaaa-768x512.jpg 768w, https:\/\/noticiasmercedinas.com\/site\/wp-content\/uploads\/2025\/04\/66064940-b663-4ec9-ba60-64b0a8f1eaaa-640x427.jpg 640w, https:\/\/noticiasmercedinas.com\/site\/wp-content\/uploads\/2025\/04\/66064940-b663-4ec9-ba60-64b0a8f1eaaa-681x454.jpg 681w\" sizes=\"auto, (max-width: 1280px) 100vw, 1280px\" \/><\/p>\n","protected":false},"excerpt":{"rendered":"<p>\u25a0 EDEN apoy\u00f3 el evento deportivo \u201cEl Coloncito\u201d para sumar a las buenas pr\u00e1cticas deportivas la promoci\u00f3n de la concientizaci\u00f3n sobre el uso seguro y eficiente de la energ\u00eda.<\/p>\n","protected":false},"author":16,"featured_media":158181,"comment_status":"closed","ping_status":"closed","sticky":false,"template":"","format":"standard","meta":{"footnotes":""},"categories":[74],"tags":[34,15536],"class_list":["post-158179","post","type-post","status-publish","format-standard","has-post-thumbnail","hentry","category-emprendimientos","tag-eden","tag-liga-de-la-energia"],"yoast_head":"<!-- This site is optimized with the Yoast SEO plugin v27.4 - https:\/\/yoast.com\/product\/yoast-seo-wordpress\/ -->\n<title>Gran \u00e9xito del &quot;Coloncito&quot; junto con &quot;La Liga de la Energ\u00eda&quot;<\/title>\n<meta name=\"description\" content=\"\u25a0 EDEN apoy\u00f3 el evento deportivo \u201cEl Coloncito\u201d para sumar a las buenas pr\u00e1cticas deportivas la promoci\u00f3n de la concientizaci\u00f3n sobre el uso seguro y eficiente de la energ\u00eda.\" \/>\n<meta name=\"robots\" content=\"index, follow, max-snippet:-1, max-image-preview:large, max-video-preview:-1\" \/>\n<link rel=\"canonical\" href=\"https:\/\/noticiasmercedinas.com\/site\/2025\/04\/27\/gran-exito-del-coloncito-junto-con-la-liga-de-la-energia\/\" \/>\n<meta property=\"og:locale\" content=\"es_ES\" \/>\n<meta property=\"og:type\" content=\"article\" \/>\n<meta property=\"og:title\" content=\"Gran \u00e9xito del &quot;Coloncito&quot; junto con &quot;La Liga de la Energ\u00eda&quot;\" \/>\n<meta property=\"og:description\" content=\"\u25a0 EDEN apoy\u00f3 el evento deportivo \u201cEl Coloncito\u201d para sumar a las buenas pr\u00e1cticas deportivas la promoci\u00f3n de la concientizaci\u00f3n sobre el uso seguro y eficiente de la energ\u00eda.\" \/>\n<meta property=\"og:url\" content=\"https:\/\/noticiasmercedinas.com\/site\/2025\/04\/27\/gran-exito-del-coloncito-junto-con-la-liga-de-la-energia\/\" \/>\n<meta property=\"og:site_name\" content=\"NOTICIASMERCEDINAS.COM\" \/>\n<meta property=\"article:publisher\" content=\"https:\/\/www.facebook.com\/noticiasmercedinas\/\" \/>\n<meta property=\"article:published_time\" content=\"2025-04-27T13:51:13+00:00\" \/>\n<meta property=\"og:image\" content=\"https:\/\/noticiasmercedinas.com\/site\/wp-content\/uploads\/2025\/04\/9edf0e7a-87d0-4f7a-8c0e-d4a41ae7d5c3.jpg\" \/>\n\t<meta property=\"og:image:width\" content=\"1280\" \/>\n\t<meta property=\"og:image:height\" content=\"853\" \/>\n\t<meta property=\"og:image:type\" content=\"image\/jpeg\" \/>\n<meta name=\"author\" content=\"NOTICIASMERCEDINAS.COM\" \/>\n<meta name=\"twitter:card\" content=\"summary_large_image\" \/>\n<meta name=\"twitter:creator\" content=\"@notmercedinas\" \/>\n<meta name=\"twitter:site\" content=\"@notmercedinas\" \/>\n<meta name=\"twitter:label1\" content=\"Escrito por\" \/>\n\t<meta name=\"twitter:data1\" content=\"NOTICIASMERCEDINAS.COM\" \/>\n\t<meta name=\"twitter:label2\" content=\"Tiempo de lectura\" \/>\n\t<meta name=\"twitter:data2\" content=\"2 minutos\" \/>\n<script type=\"application\/ld+json\" class=\"yoast-schema-graph\">{\"@context\":\"https:\\\/\\\/schema.org\",\"@graph\":[{\"@type\":\"Article\",\"@id\":\"https:\\\/\\\/noticiasmercedinas.com\\\/site\\\/2025\\\/04\\\/27\\\/gran-exito-del-coloncito-junto-con-la-liga-de-la-energia\\\/#article\",\"isPartOf\":{\"@id\":\"https:\\\/\\\/noticiasmercedinas.com\\\/site\\\/2025\\\/04\\\/27\\\/gran-exito-del-coloncito-junto-con-la-liga-de-la-energia\\\/\"},\"author\":{\"name\":\"NOTICIASMERCEDINAS.COM\",\"@id\":\"https:\\\/\\\/noticiasmercedinas.com\\\/site\\\/#\\\/schema\\\/person\\\/84b59c099c28ff2e8b77d4ceec5d8063\"},\"headline\":\"Gran \u00e9xito del \u00abColoncito\u00bb junto con \u00abLa Liga de la Energ\u00eda\u00bb\",\"datePublished\":\"2025-04-27T13:51:13+00:00\",\"mainEntityOfPage\":{\"@id\":\"https:\\\/\\\/noticiasmercedinas.com\\\/site\\\/2025\\\/04\\\/27\\\/gran-exito-del-coloncito-junto-con-la-liga-de-la-energia\\\/\"},\"wordCount\":282,\"publisher\":{\"@id\":\"https:\\\/\\\/noticiasmercedinas.com\\\/site\\\/#organization\"},\"image\":{\"@id\":\"https:\\\/\\\/noticiasmercedinas.com\\\/site\\\/2025\\\/04\\\/27\\\/gran-exito-del-coloncito-junto-con-la-liga-de-la-energia\\\/#primaryimage\"},\"thumbnailUrl\":\"https:\\\/\\\/noticiasmercedinas.com\\\/site\\\/wp-content\\\/uploads\\\/2025\\\/04\\\/9edf0e7a-87d0-4f7a-8c0e-d4a41ae7d5c3.jpg\",\"keywords\":[\"eden\",\"liga de la energia\"],\"articleSection\":[\"Emprendimientos\"],\"inLanguage\":\"es\"},{\"@type\":\"WebPage\",\"@id\":\"https:\\\/\\\/noticiasmercedinas.com\\\/site\\\/2025\\\/04\\\/27\\\/gran-exito-del-coloncito-junto-con-la-liga-de-la-energia\\\/\",\"url\":\"https:\\\/\\\/noticiasmercedinas.com\\\/site\\\/2025\\\/04\\\/27\\\/gran-exito-del-coloncito-junto-con-la-liga-de-la-energia\\\/\",\"name\":\"Gran \u00e9xito del \\\"Coloncito\\\" junto con \\\"La Liga de la Energ\u00eda\\\"\",\"isPartOf\":{\"@id\":\"https:\\\/\\\/noticiasmercedinas.com\\\/site\\\/#website\"},\"primaryImageOfPage\":{\"@id\":\"https:\\\/\\\/noticiasmercedinas.com\\\/site\\\/2025\\\/04\\\/27\\\/gran-exito-del-coloncito-junto-con-la-liga-de-la-energia\\\/#primaryimage\"},\"image\":{\"@id\":\"https:\\\/\\\/noticiasmercedinas.com\\\/site\\\/2025\\\/04\\\/27\\\/gran-exito-del-coloncito-junto-con-la-liga-de-la-energia\\\/#primaryimage\"},\"thumbnailUrl\":\"https:\\\/\\\/noticiasmercedinas.com\\\/site\\\/wp-content\\\/uploads\\\/2025\\\/04\\\/9edf0e7a-87d0-4f7a-8c0e-d4a41ae7d5c3.jpg\",\"datePublished\":\"2025-04-27T13:51:13+00:00\",\"description\":\"\u25a0 EDEN apoy\u00f3 el evento deportivo \u201cEl Coloncito\u201d para sumar a las buenas pr\u00e1cticas deportivas la promoci\u00f3n de la concientizaci\u00f3n sobre el uso seguro y eficiente de la energ\u00eda.\",\"breadcrumb\":{\"@id\":\"https:\\\/\\\/noticiasmercedinas.com\\\/site\\\/2025\\\/04\\\/27\\\/gran-exito-del-coloncito-junto-con-la-liga-de-la-energia\\\/#breadcrumb\"},\"inLanguage\":\"es\",\"potentialAction\":[{\"@type\":\"ReadAction\",\"target\":[\"https:\\\/\\\/noticiasmercedinas.com\\\/site\\\/2025\\\/04\\\/27\\\/gran-exito-del-coloncito-junto-con-la-liga-de-la-energia\\\/\"]}]},{\"@type\":\"ImageObject\",\"inLanguage\":\"es\",\"@id\":\"https:\\\/\\\/noticiasmercedinas.com\\\/site\\\/2025\\\/04\\\/27\\\/gran-exito-del-coloncito-junto-con-la-liga-de-la-energia\\\/#primaryimage\",\"url\":\"https:\\\/\\\/noticiasmercedinas.com\\\/site\\\/wp-content\\\/uploads\\\/2025\\\/04\\\/9edf0e7a-87d0-4f7a-8c0e-d4a41ae7d5c3.jpg\",\"contentUrl\":\"https:\\\/\\\/noticiasmercedinas.com\\\/site\\\/wp-content\\\/uploads\\\/2025\\\/04\\\/9edf0e7a-87d0-4f7a-8c0e-d4a41ae7d5c3.jpg\",\"width\":1280,\"height\":853},{\"@type\":\"BreadcrumbList\",\"@id\":\"https:\\\/\\\/noticiasmercedinas.com\\\/site\\\/2025\\\/04\\\/27\\\/gran-exito-del-coloncito-junto-con-la-liga-de-la-energia\\\/#breadcrumb\",\"itemListElement\":[{\"@type\":\"ListItem\",\"position\":1,\"name\":\"Portada\",\"item\":\"https:\\\/\\\/noticiasmercedinas.com\\\/site\\\/\"},{\"@type\":\"ListItem\",\"position\":2,\"name\":\"Gran \u00e9xito del \u00abColoncito\u00bb junto con \u00abLa Liga de la Energ\u00eda\u00bb\"}]},{\"@type\":\"WebSite\",\"@id\":\"https:\\\/\\\/noticiasmercedinas.com\\\/site\\\/#website\",\"url\":\"https:\\\/\\\/noticiasmercedinas.com\\\/site\\\/\",\"name\":\"NOTICIASMERCEDINAS.COM\",\"description\":\"Mercedes, Buenos Aires, Argentina\",\"publisher\":{\"@id\":\"https:\\\/\\\/noticiasmercedinas.com\\\/site\\\/#organization\"},\"potentialAction\":[{\"@type\":\"SearchAction\",\"target\":{\"@type\":\"EntryPoint\",\"urlTemplate\":\"https:\\\/\\\/noticiasmercedinas.com\\\/site\\\/?s={search_term_string}\"},\"query-input\":{\"@type\":\"PropertyValueSpecification\",\"valueRequired\":true,\"valueName\":\"search_term_string\"}}],\"inLanguage\":\"es\"},{\"@type\":\"Organization\",\"@id\":\"https:\\\/\\\/noticiasmercedinas.com\\\/site\\\/#organization\",\"name\":\"NOTICIASMERCEDINAS.COM\",\"url\":\"https:\\\/\\\/noticiasmercedinas.com\\\/site\\\/\",\"logo\":{\"@type\":\"ImageObject\",\"inLanguage\":\"es\",\"@id\":\"https:\\\/\\\/noticiasmercedinas.com\\\/site\\\/#\\\/schema\\\/logo\\\/image\\\/\",\"url\":\"https:\\\/\\\/noticiasmercedinas.com\\\/site\\\/wp-content\\\/uploads\\\/2020\\\/06\\\/LOGO-512.jpg\",\"contentUrl\":\"https:\\\/\\\/noticiasmercedinas.com\\\/site\\\/wp-content\\\/uploads\\\/2020\\\/06\\\/LOGO-512.jpg\",\"width\":512,\"height\":512,\"caption\":\"NOTICIASMERCEDINAS.COM\"},\"image\":{\"@id\":\"https:\\\/\\\/noticiasmercedinas.com\\\/site\\\/#\\\/schema\\\/logo\\\/image\\\/\"},\"sameAs\":[\"https:\\\/\\\/www.facebook.com\\\/noticiasmercedinas\\\/\",\"https:\\\/\\\/x.com\\\/notmercedinas\",\"https:\\\/\\\/www.instagram.com\\\/noticiasmercedinas\\\/\"]},{\"@type\":\"Person\",\"@id\":\"https:\\\/\\\/noticiasmercedinas.com\\\/site\\\/#\\\/schema\\\/person\\\/84b59c099c28ff2e8b77d4ceec5d8063\",\"name\":\"NOTICIASMERCEDINAS.COM\",\"image\":{\"@type\":\"ImageObject\",\"inLanguage\":\"es\",\"@id\":\"https:\\\/\\\/secure.gravatar.com\\\/avatar\\\/4dfbf16b4d17945bfb6341b2d19043457132fcf478a5ee04f42e959fd8f5df0a?s=96&d=mm&r=g\",\"url\":\"https:\\\/\\\/secure.gravatar.com\\\/avatar\\\/4dfbf16b4d17945bfb6341b2d19043457132fcf478a5ee04f42e959fd8f5df0a?s=96&d=mm&r=g\",\"contentUrl\":\"https:\\\/\\\/secure.gravatar.com\\\/avatar\\\/4dfbf16b4d17945bfb6341b2d19043457132fcf478a5ee04f42e959fd8f5df0a?s=96&d=mm&r=g\",\"caption\":\"NOTICIASMERCEDINAS.COM\"},\"url\":\"https:\\\/\\\/noticiasmercedinas.com\\\/site\\\/author\\\/anonimo\\\/\"}]}<\/script>\n<!-- \/ Yoast SEO plugin. -->","yoast_head_json":{"title":"Gran \u00e9xito del \"Coloncito\" junto con \"La Liga de la Energ\u00eda\"","description":"\u25a0 EDEN apoy\u00f3 el evento deportivo \u201cEl Coloncito\u201d para sumar a las buenas pr\u00e1cticas deportivas la promoci\u00f3n de la concientizaci\u00f3n sobre el uso seguro y eficiente de la energ\u00eda.","robots":{"index":"index","follow":"follow","max-snippet":"max-snippet:-1","max-image-preview":"max-image-preview:large","max-video-preview":"max-video-preview:-1"},"canonical":"https:\/\/noticiasmercedinas.com\/site\/2025\/04\/27\/gran-exito-del-coloncito-junto-con-la-liga-de-la-energia\/","og_locale":"es_ES","og_type":"article","og_title":"Gran \u00e9xito del \"Coloncito\" junto con \"La Liga de la Energ\u00eda\"","og_description":"\u25a0 EDEN apoy\u00f3 el evento deportivo \u201cEl Coloncito\u201d para sumar a las buenas pr\u00e1cticas deportivas la promoci\u00f3n de la concientizaci\u00f3n sobre el uso seguro y eficiente de la energ\u00eda.","og_url":"https:\/\/noticiasmercedinas.com\/site\/2025\/04\/27\/gran-exito-del-coloncito-junto-con-la-liga-de-la-energia\/","og_site_name":"NOTICIASMERCEDINAS.COM","article_publisher":"https:\/\/www.facebook.com\/noticiasmercedinas\/","article_published_time":"2025-04-27T13:51:13+00:00","og_image":[{"width":1280,"height":853,"url":"https:\/\/noticiasmercedinas.com\/site\/wp-content\/uploads\/2025\/04\/9edf0e7a-87d0-4f7a-8c0e-d4a41ae7d5c3.jpg","type":"image\/jpeg"}],"author":"NOTICIASMERCEDINAS.COM","twitter_card":"summary_large_image","twitter_creator":"@notmercedinas","twitter_site":"@notmercedinas","twitter_misc":{"Escrito por":"NOTICIASMERCEDINAS.COM","Tiempo de lectura":"2 minutos"},"schema":{"@context":"https:\/\/schema.org","@graph":[{"@type":"Article","@id":"https:\/\/noticiasmercedinas.com\/site\/2025\/04\/27\/gran-exito-del-coloncito-junto-con-la-liga-de-la-energia\/#article","isPartOf":{"@id":"https:\/\/noticiasmercedinas.com\/site\/2025\/04\/27\/gran-exito-del-coloncito-junto-con-la-liga-de-la-energia\/"},"author":{"name":"NOTICIASMERCEDINAS.COM","@id":"https:\/\/noticiasmercedinas.com\/site\/#\/schema\/person\/84b59c099c28ff2e8b77d4ceec5d8063"},"headline":"Gran \u00e9xito del \u00abColoncito\u00bb junto con \u00abLa Liga de la Energ\u00eda\u00bb","datePublished":"2025-04-27T13:51:13+00:00","mainEntityOfPage":{"@id":"https:\/\/noticiasmercedinas.com\/site\/2025\/04\/27\/gran-exito-del-coloncito-junto-con-la-liga-de-la-energia\/"},"wordCount":282,"publisher":{"@id":"https:\/\/noticiasmercedinas.com\/site\/#organization"},"image":{"@id":"https:\/\/noticiasmercedinas.com\/site\/2025\/04\/27\/gran-exito-del-coloncito-junto-con-la-liga-de-la-energia\/#primaryimage"},"thumbnailUrl":"https:\/\/noticiasmercedinas.com\/site\/wp-content\/uploads\/2025\/04\/9edf0e7a-87d0-4f7a-8c0e-d4a41ae7d5c3.jpg","keywords":["eden","liga de la energia"],"articleSection":["Emprendimientos"],"inLanguage":"es"},{"@type":"WebPage","@id":"https:\/\/noticiasmercedinas.com\/site\/2025\/04\/27\/gran-exito-del-coloncito-junto-con-la-liga-de-la-energia\/","url":"https:\/\/noticiasmercedinas.com\/site\/2025\/04\/27\/gran-exito-del-coloncito-junto-con-la-liga-de-la-energia\/","name":"Gran \u00e9xito del \"Coloncito\" junto con \"La Liga de la Energ\u00eda\"","isPartOf":{"@id":"https:\/\/noticiasmercedinas.com\/site\/#website"},"primaryImageOfPage":{"@id":"https:\/\/noticiasmercedinas.com\/site\/2025\/04\/27\/gran-exito-del-coloncito-junto-con-la-liga-de-la-energia\/#primaryimage"},"image":{"@id":"https:\/\/noticiasmercedinas.com\/site\/2025\/04\/27\/gran-exito-del-coloncito-junto-con-la-liga-de-la-energia\/#primaryimage"},"thumbnailUrl":"https:\/\/noticiasmercedinas.com\/site\/wp-content\/uploads\/2025\/04\/9edf0e7a-87d0-4f7a-8c0e-d4a41ae7d5c3.jpg","datePublished":"2025-04-27T13:51:13+00:00","description":"\u25a0 EDEN apoy\u00f3 el evento deportivo \u201cEl Coloncito\u201d para sumar a las buenas pr\u00e1cticas deportivas la promoci\u00f3n de la concientizaci\u00f3n sobre el uso seguro y eficiente de la energ\u00eda.","breadcrumb":{"@id":"https:\/\/noticiasmercedinas.com\/site\/2025\/04\/27\/gran-exito-del-coloncito-junto-con-la-liga-de-la-energia\/#breadcrumb"},"inLanguage":"es","potentialAction":[{"@type":"ReadAction","target":["https:\/\/noticiasmercedinas.com\/site\/2025\/04\/27\/gran-exito-del-coloncito-junto-con-la-liga-de-la-energia\/"]}]},{"@type":"ImageObject","inLanguage":"es","@id":"https:\/\/noticiasmercedinas.com\/site\/2025\/04\/27\/gran-exito-del-coloncito-junto-con-la-liga-de-la-energia\/#primaryimage","url":"https:\/\/noticiasmercedinas.com\/site\/wp-content\/uploads\/2025\/04\/9edf0e7a-87d0-4f7a-8c0e-d4a41ae7d5c3.jpg","contentUrl":"https:\/\/noticiasmercedinas.com\/site\/wp-content\/uploads\/2025\/04\/9edf0e7a-87d0-4f7a-8c0e-d4a41ae7d5c3.jpg","width":1280,"height":853},{"@type":"BreadcrumbList","@id":"https:\/\/noticiasmercedinas.com\/site\/2025\/04\/27\/gran-exito-del-coloncito-junto-con-la-liga-de-la-energia\/#breadcrumb","itemListElement":[{"@type":"ListItem","position":1,"name":"Portada","item":"https:\/\/noticiasmercedinas.com\/site\/"},{"@type":"ListItem","position":2,"name":"Gran \u00e9xito del \u00abColoncito\u00bb junto con \u00abLa Liga de la Energ\u00eda\u00bb"}]},{"@type":"WebSite","@id":"https:\/\/noticiasmercedinas.com\/site\/#website","url":"https:\/\/noticiasmercedinas.com\/site\/","name":"NOTICIASMERCEDINAS.COM","description":"Mercedes, Buenos Aires, Argentina","publisher":{"@id":"https:\/\/noticiasmercedinas.com\/site\/#organization"},"potentialAction":[{"@type":"SearchAction","target":{"@type":"EntryPoint","urlTemplate":"https:\/\/noticiasmercedinas.com\/site\/?s={search_term_string}"},"query-input":{"@type":"PropertyValueSpecification","valueRequired":true,"valueName":"search_term_string"}}],"inLanguage":"es"},{"@type":"Organization","@id":"https:\/\/noticiasmercedinas.com\/site\/#organization","name":"NOTICIASMERCEDINAS.COM","url":"https:\/\/noticiasmercedinas.com\/site\/","logo":{"@type":"ImageObject","inLanguage":"es","@id":"https:\/\/noticiasmercedinas.com\/site\/#\/schema\/logo\/image\/","url":"https:\/\/noticiasmercedinas.com\/site\/wp-content\/uploads\/2020\/06\/LOGO-512.jpg","contentUrl":"https:\/\/noticiasmercedinas.com\/site\/wp-content\/uploads\/2020\/06\/LOGO-512.jpg","width":512,"height":512,"caption":"NOTICIASMERCEDINAS.COM"},"image":{"@id":"https:\/\/noticiasmercedinas.com\/site\/#\/schema\/logo\/image\/"},"sameAs":["https:\/\/www.facebook.com\/noticiasmercedinas\/","https:\/\/x.com\/notmercedinas","https:\/\/www.instagram.com\/noticiasmercedinas\/"]},{"@type":"Person","@id":"https:\/\/noticiasmercedinas.com\/site\/#\/schema\/person\/84b59c099c28ff2e8b77d4ceec5d8063","name":"NOTICIASMERCEDINAS.COM","image":{"@type":"ImageObject","inLanguage":"es","@id":"https:\/\/secure.gravatar.com\/avatar\/4dfbf16b4d17945bfb6341b2d19043457132fcf478a5ee04f42e959fd8f5df0a?s=96&d=mm&r=g","url":"https:\/\/secure.gravatar.com\/avatar\/4dfbf16b4d17945bfb6341b2d19043457132fcf478a5ee04f42e959fd8f5df0a?s=96&d=mm&r=g","contentUrl":"https:\/\/secure.gravatar.com\/avatar\/4dfbf16b4d17945bfb6341b2d19043457132fcf478a5ee04f42e959fd8f5df0a?s=96&d=mm&r=g","caption":"NOTICIASMERCEDINAS.COM"},"url":"https:\/\/noticiasmercedinas.com\/site\/author\/anonimo\/"}]}},"amp_enabled":true,"_links":{"self":[{"href":"https:\/\/noticiasmercedinas.com\/site\/wp-json\/wp\/v2\/posts\/158179","targetHints":{"allow":["GET"]}}],"collection":[{"href":"https:\/\/noticiasmercedinas.com\/site\/wp-json\/wp\/v2\/posts"}],"about":[{"href":"https:\/\/noticiasmercedinas.com\/site\/wp-json\/wp\/v2\/types\/post"}],"author":[{"embeddable":true,"href":"https:\/\/noticiasmercedinas.com\/site\/wp-json\/wp\/v2\/users\/16"}],"replies":[{"embeddable":true,"href":"https:\/\/noticiasmercedinas.com\/site\/wp-json\/wp\/v2\/comments?post=158179"}],"version-history":[{"count":1,"href":"https:\/\/noticiasmercedinas.com\/site\/wp-json\/wp\/v2\/posts\/158179\/revisions"}],"predecessor-version":[{"id":158182,"href":"https:\/\/noticiasmercedinas.com\/site\/wp-json\/wp\/v2\/posts\/158179\/revisions\/158182"}],"wp:featuredmedia":[{"embeddable":true,"href":"https:\/\/noticiasmercedinas.com\/site\/wp-json\/wp\/v2\/media\/158181"}],"wp:attachment":[{"href":"https:\/\/noticiasmercedinas.com\/site\/wp-json\/wp\/v2\/media?parent=158179"}],"wp:term":[{"taxonomy":"category","embeddable":true,"href":"https:\/\/noticiasmercedinas.com\/site\/wp-json\/wp\/v2\/categories?post=158179"},{"taxonomy":"post_tag","embeddable":true,"href":"https:\/\/noticiasmercedinas.com\/site\/wp-json\/wp\/v2\/tags?post=158179"}],"curies":[{"name":"wp","href":"https:\/\/api.w.org\/{rel}","templated":true}]}}