{"id":158221,"date":"2025-04-27T22:46:40","date_gmt":"2025-04-28T01:46:40","guid":{"rendered":"https:\/\/noticiasmercedinas.com\/site\/?p=158221"},"modified":"2025-04-27T22:49:27","modified_gmt":"2025-04-28T01:49:27","slug":"militantes-mercedinos-acompanaron-la-inauguracion-de-una-nueva-unidad-basica-de-principios-y-valores-en-moron","status":"publish","type":"post","link":"https:\/\/noticiasmercedinas.com\/site\/2025\/04\/27\/militantes-mercedinos-acompanaron-la-inauguracion-de-una-nueva-unidad-basica-de-principios-y-valores-en-moron\/","title":{"rendered":"Militantes mercedinos acompa\u00f1aron la inauguraci\u00f3n de unidad b\u00e1sica de \u00abPrincipios y Valores\u00bb Mor\u00f3n"},"content":{"rendered":"<p><img loading=\"lazy\" decoding=\"async\" class=\"alignnone size-full wp-image-158226\" src=\"https:\/\/noticiasmercedinas.com\/site\/wp-content\/uploads\/2025\/04\/ortubia1.jpg\" alt=\"\" width=\"675\" height=\"515\" srcset=\"https:\/\/noticiasmercedinas.com\/site\/wp-content\/uploads\/2025\/04\/ortubia1.jpg 675w, https:\/\/noticiasmercedinas.com\/site\/wp-content\/uploads\/2025\/04\/ortubia1-300x229.jpg 300w, https:\/\/noticiasmercedinas.com\/site\/wp-content\/uploads\/2025\/04\/ortubia1-80x60.jpg 80w, https:\/\/noticiasmercedinas.com\/site\/wp-content\/uploads\/2025\/04\/ortubia1-100x75.jpg 100w, https:\/\/noticiasmercedinas.com\/site\/wp-content\/uploads\/2025\/04\/ortubia1-640x488.jpg 640w\" sizes=\"auto, (max-width: 675px) 100vw, 675px\" \/><\/p>\n<p>En el marco de un acto organizado por el espacio \u00abPrincipios y Valores\u00bb, militantes de la ciudad de Mercedes participaron de la inauguraci\u00f3n de una nueva unidad b\u00e1sica en el distrito de Mor\u00f3n.<\/p>\n<p>La actividad cont\u00f3 con la presencia del referente nacional <strong>Guillermo Moreno<\/strong>, acompa\u00f1ado por la Mesa de Juventud y las conducciones regionales de Alberto Visconti y <strong>Sandra Mart\u00ednez<\/strong>.<\/p>\n<p>Desde Mercedes, <strong>Guido Ortubia<\/strong> asisti\u00f3 junto a compa\u00f1eros de la Mesa de Juventud de la Primera Secci\u00f3n Electoral, representando a los distintos distritos.<\/p>\n<p>\u201cSiempre acompa\u00f1amos los actos de Guillermo para mostrar unidad, en esta oportunidad haci\u00e9ndole el aguante a los compa\u00f1eros de Mor\u00f3n que han levantado una b\u00e1sica\u201d, indic\u00f3 Ortubia a <em>Noticias Mercedinas<\/em>.<\/p>\n<p><img loading=\"lazy\" decoding=\"async\" class=\"alignnone size-full wp-image-158230\" src=\"https:\/\/noticiasmercedinas.com\/site\/wp-content\/uploads\/2025\/04\/39dafbd5-c043-4adc-b4d0-59ec3720e206.jpg\" alt=\"\" width=\"1600\" height=\"720\" srcset=\"https:\/\/noticiasmercedinas.com\/site\/wp-content\/uploads\/2025\/04\/39dafbd5-c043-4adc-b4d0-59ec3720e206.jpg 1600w, https:\/\/noticiasmercedinas.com\/site\/wp-content\/uploads\/2025\/04\/39dafbd5-c043-4adc-b4d0-59ec3720e206-300x135.jpg 300w, https:\/\/noticiasmercedinas.com\/site\/wp-content\/uploads\/2025\/04\/39dafbd5-c043-4adc-b4d0-59ec3720e206-1024x461.jpg 1024w, https:\/\/noticiasmercedinas.com\/site\/wp-content\/uploads\/2025\/04\/39dafbd5-c043-4adc-b4d0-59ec3720e206-768x346.jpg 768w, https:\/\/noticiasmercedinas.com\/site\/wp-content\/uploads\/2025\/04\/39dafbd5-c043-4adc-b4d0-59ec3720e206-1536x691.jpg 1536w, https:\/\/noticiasmercedinas.com\/site\/wp-content\/uploads\/2025\/04\/39dafbd5-c043-4adc-b4d0-59ec3720e206-640x288.jpg 640w, https:\/\/noticiasmercedinas.com\/site\/wp-content\/uploads\/2025\/04\/39dafbd5-c043-4adc-b4d0-59ec3720e206-1280x576.jpg 1280w, https:\/\/noticiasmercedinas.com\/site\/wp-content\/uploads\/2025\/04\/39dafbd5-c043-4adc-b4d0-59ec3720e206-681x306.jpg 681w, https:\/\/noticiasmercedinas.com\/site\/wp-content\/uploads\/2025\/04\/39dafbd5-c043-4adc-b4d0-59ec3720e206-1362x613.jpg 1362w\" sizes=\"auto, (max-width: 1600px) 100vw, 1600px\" \/><\/p>\n<p>Durante el encuentro, Moreno comparti\u00f3 su visi\u00f3n sobre la coyuntura nacional y deline\u00f3 las bases de su propuesta pol\u00edtica. \u201cGuillermo da mucha claridad para analizar la coyuntura y ver c\u00f3mo seguir\u201d, sostuvo Ortubia, quien explic\u00f3 que desde Principios y Valores trabajan en la preparaci\u00f3n de un programa de gobierno para el per\u00edodo posterior al de Javier Milei.<\/p>\n<p>\u201cEstamos abocados a preparar la propuesta del gobierno que sigue al de Milei, que no va a tener m\u00e1s continuidad que el 2027 como mucho\u201d, subray\u00f3.<\/p>\n<blockquote><p>\u201cLos dem\u00e1s espacios (liderados por Cristina Fern\u00e1ndez de Kirchner, Axel Kicillof y Sergio Massa) realmente no se sabe qu\u00e9 proponen todav\u00eda, solo discuten cargos por ahora. Veremos si tienen algo concreto m\u00e1s adelante para debatir y presentar a la ciudadan\u00eda\u201d<\/p><\/blockquote>\n<p>El dirigente mercedino detall\u00f3 que la propuesta de Principios y Valores se centra en la reindustrializaci\u00f3n, la administraci\u00f3n del comercio exterior, el pago de la deuda externa con recursos propios derivados de los saldos exportables, la recuperaci\u00f3n de la rentabilidad empresaria mediante la baja de costos energ\u00e9ticos y de la canasta b\u00e1sica, y un alineamiento estrat\u00e9gico con los Estados Unidos de Donald Trump y los pa\u00edses del sur de la regi\u00f3n, en oposici\u00f3n a la influencia china.<\/p>\n<p>Respecto del resto del panorama pol\u00edtico, Ortubia se\u00f1al\u00f3: \u201cLos dem\u00e1s espacios (liderados por Cristina Fern\u00e1ndez de Kirchner, Axel Kicillof y Sergio Massa) realmente no se sabe qu\u00e9 proponen todav\u00eda, solo discuten cargos por ahora. Veremos si tienen algo concreto m\u00e1s adelante para debatir y presentar a la ciudadan\u00eda\u201d.<\/p>\n<p>Finalmente, el militante de Mercedes expres\u00f3 su confianza en una reconfiguraci\u00f3n del peronismo tradicional y critic\u00f3 el rumbo tomado durante el gobierno de Alberto Fern\u00e1ndez.<\/p>\n<p>\u201cNo queremos que haya una repetici\u00f3n de lo que fue el gobierno progresista de Alberto Fern\u00e1ndez, hay que ir en otro sentido, volver al peronismo tradicional\u201d, afirm\u00f3, al tiempo que sostuvo que, pese al contexto actual, \u201cla reorganizaci\u00f3n y la vuelta ser\u00e1n inevitables\u201d.<\/p>\n<p><img loading=\"lazy\" decoding=\"async\" class=\"alignnone size-full wp-image-158225\" src=\"https:\/\/noticiasmercedinas.com\/site\/wp-content\/uploads\/2025\/04\/PYVMELO.jpg\" alt=\"\" width=\"706\" height=\"534\" srcset=\"https:\/\/noticiasmercedinas.com\/site\/wp-content\/uploads\/2025\/04\/PYVMELO.jpg 706w, https:\/\/noticiasmercedinas.com\/site\/wp-content\/uploads\/2025\/04\/PYVMELO-300x227.jpg 300w, https:\/\/noticiasmercedinas.com\/site\/wp-content\/uploads\/2025\/04\/PYVMELO-80x60.jpg 80w, https:\/\/noticiasmercedinas.com\/site\/wp-content\/uploads\/2025\/04\/PYVMELO-160x120.jpg 160w, https:\/\/noticiasmercedinas.com\/site\/wp-content\/uploads\/2025\/04\/PYVMELO-100x75.jpg 100w, https:\/\/noticiasmercedinas.com\/site\/wp-content\/uploads\/2025\/04\/PYVMELO-200x150.jpg 200w, https:\/\/noticiasmercedinas.com\/site\/wp-content\/uploads\/2025\/04\/PYVMELO-180x135.jpg 180w, https:\/\/noticiasmercedinas.com\/site\/wp-content\/uploads\/2025\/04\/PYVMELO-640x484.jpg 640w, https:\/\/noticiasmercedinas.com\/site\/wp-content\/uploads\/2025\/04\/PYVMELO-681x515.jpg 681w\" sizes=\"auto, (max-width: 706px) 100vw, 706px\" \/><\/p>\n","protected":false},"excerpt":{"rendered":"<p>\u25a0 Guido Ortubia expres\u00f3 su confianza en una reconfiguraci\u00f3n del peronismo tradicional y critic\u00f3 el rumbo tomado durante el gobierno de Alberto Fern\u00e1ndez. \u00abHay que volver al peronismo tradicional\u00bb, afirm\u00f3<\/p>\n","protected":false},"author":16,"featured_media":158226,"comment_status":"closed","ping_status":"closed","sticky":false,"template":"","format":"standard","meta":{"footnotes":""},"categories":[16],"tags":[13133,2871,12780],"class_list":["post-158221","post","type-post","status-publish","format-standard","has-post-thumbnail","hentry","category-politica","tag-guido-ortubia","tag-guillermo-moreno","tag-principios-y-valores"],"yoast_head":"<!-- This site is optimized with the Yoast SEO plugin v27.5 - https:\/\/yoast.com\/product\/yoast-seo-wordpress\/ -->\n<title>Militantes mercedinos acompa\u00f1aron la inauguraci\u00f3n de unidad b\u00e1sica de &quot;Principios y Valores&quot; Mor\u00f3n<\/title>\n<meta name=\"description\" content=\"\u25a0 Guido Ortubia expres\u00f3 su confianza en una reconfiguraci\u00f3n del peronismo tradicional y critic\u00f3 el rumbo tomado durante el gobierno de Alberto Fern\u00e1ndez. &quot;Hay que volver al peronismo tradicional&quot;, afirm\u00f3\" \/>\n<meta name=\"robots\" content=\"index, follow, max-snippet:-1, max-image-preview:large, max-video-preview:-1\" \/>\n<link rel=\"canonical\" href=\"https:\/\/noticiasmercedinas.com\/site\/2025\/04\/27\/militantes-mercedinos-acompanaron-la-inauguracion-de-una-nueva-unidad-basica-de-principios-y-valores-en-moron\/\" \/>\n<meta property=\"og:locale\" content=\"es_ES\" \/>\n<meta property=\"og:type\" content=\"article\" \/>\n<meta property=\"og:title\" content=\"Militantes mercedinos acompa\u00f1aron la inauguraci\u00f3n de unidad b\u00e1sica de &quot;Principios y Valores&quot; Mor\u00f3n\" \/>\n<meta property=\"og:description\" content=\"\u25a0 Guido Ortubia expres\u00f3 su confianza en una reconfiguraci\u00f3n del peronismo tradicional y critic\u00f3 el rumbo tomado durante el gobierno de Alberto Fern\u00e1ndez. &quot;Hay que volver al peronismo tradicional&quot;, afirm\u00f3\" \/>\n<meta property=\"og:url\" content=\"https:\/\/noticiasmercedinas.com\/site\/2025\/04\/27\/militantes-mercedinos-acompanaron-la-inauguracion-de-una-nueva-unidad-basica-de-principios-y-valores-en-moron\/\" \/>\n<meta property=\"og:site_name\" content=\"NOTICIASMERCEDINAS.COM\" \/>\n<meta property=\"article:publisher\" content=\"https:\/\/www.facebook.com\/noticiasmercedinas\/\" \/>\n<meta property=\"article:published_time\" content=\"2025-04-28T01:46:40+00:00\" \/>\n<meta property=\"article:modified_time\" content=\"2025-04-28T01:49:27+00:00\" \/>\n<meta property=\"og:image\" content=\"https:\/\/noticiasmercedinas.com\/site\/wp-content\/uploads\/2025\/04\/ortubia1.jpg\" \/>\n\t<meta property=\"og:image:width\" content=\"675\" \/>\n\t<meta property=\"og:image:height\" content=\"515\" \/>\n\t<meta property=\"og:image:type\" content=\"image\/jpeg\" \/>\n<meta name=\"author\" content=\"NOTICIASMERCEDINAS.COM\" \/>\n<meta name=\"twitter:card\" content=\"summary_large_image\" \/>\n<meta name=\"twitter:creator\" content=\"@notmercedinas\" \/>\n<meta name=\"twitter:site\" content=\"@notmercedinas\" \/>\n<meta name=\"twitter:label1\" content=\"Escrito por\" \/>\n\t<meta name=\"twitter:data1\" content=\"NOTICIASMERCEDINAS.COM\" \/>\n\t<meta name=\"twitter:label2\" content=\"Tiempo de lectura\" \/>\n\t<meta name=\"twitter:data2\" content=\"3 minutos\" \/>\n<script type=\"application\/ld+json\" class=\"yoast-schema-graph\">{\"@context\":\"https:\\\/\\\/schema.org\",\"@graph\":[{\"@type\":\"Article\",\"@id\":\"https:\\\/\\\/noticiasmercedinas.com\\\/site\\\/2025\\\/04\\\/27\\\/militantes-mercedinos-acompanaron-la-inauguracion-de-una-nueva-unidad-basica-de-principios-y-valores-en-moron\\\/#article\",\"isPartOf\":{\"@id\":\"https:\\\/\\\/noticiasmercedinas.com\\\/site\\\/2025\\\/04\\\/27\\\/militantes-mercedinos-acompanaron-la-inauguracion-de-una-nueva-unidad-basica-de-principios-y-valores-en-moron\\\/\"},\"author\":{\"name\":\"NOTICIASMERCEDINAS.COM\",\"@id\":\"https:\\\/\\\/noticiasmercedinas.com\\\/site\\\/#\\\/schema\\\/person\\\/84b59c099c28ff2e8b77d4ceec5d8063\"},\"headline\":\"Militantes mercedinos acompa\u00f1aron la inauguraci\u00f3n de unidad b\u00e1sica de \u00abPrincipios y Valores\u00bb Mor\u00f3n\",\"datePublished\":\"2025-04-28T01:46:40+00:00\",\"dateModified\":\"2025-04-28T01:49:27+00:00\",\"mainEntityOfPage\":{\"@id\":\"https:\\\/\\\/noticiasmercedinas.com\\\/site\\\/2025\\\/04\\\/27\\\/militantes-mercedinos-acompanaron-la-inauguracion-de-una-nueva-unidad-basica-de-principios-y-valores-en-moron\\\/\"},\"wordCount\":490,\"publisher\":{\"@id\":\"https:\\\/\\\/noticiasmercedinas.com\\\/site\\\/#organization\"},\"image\":{\"@id\":\"https:\\\/\\\/noticiasmercedinas.com\\\/site\\\/2025\\\/04\\\/27\\\/militantes-mercedinos-acompanaron-la-inauguracion-de-una-nueva-unidad-basica-de-principios-y-valores-en-moron\\\/#primaryimage\"},\"thumbnailUrl\":\"https:\\\/\\\/noticiasmercedinas.com\\\/site\\\/wp-content\\\/uploads\\\/2025\\\/04\\\/ortubia1.jpg\",\"keywords\":[\"guido ortubia\",\"Guillermo Moreno\",\"principios y valores\"],\"articleSection\":[\"Politica\"],\"inLanguage\":\"es\"},{\"@type\":\"WebPage\",\"@id\":\"https:\\\/\\\/noticiasmercedinas.com\\\/site\\\/2025\\\/04\\\/27\\\/militantes-mercedinos-acompanaron-la-inauguracion-de-una-nueva-unidad-basica-de-principios-y-valores-en-moron\\\/\",\"url\":\"https:\\\/\\\/noticiasmercedinas.com\\\/site\\\/2025\\\/04\\\/27\\\/militantes-mercedinos-acompanaron-la-inauguracion-de-una-nueva-unidad-basica-de-principios-y-valores-en-moron\\\/\",\"name\":\"Militantes mercedinos acompa\u00f1aron la inauguraci\u00f3n de unidad b\u00e1sica de \\\"Principios y Valores\\\" Mor\u00f3n\",\"isPartOf\":{\"@id\":\"https:\\\/\\\/noticiasmercedinas.com\\\/site\\\/#website\"},\"primaryImageOfPage\":{\"@id\":\"https:\\\/\\\/noticiasmercedinas.com\\\/site\\\/2025\\\/04\\\/27\\\/militantes-mercedinos-acompanaron-la-inauguracion-de-una-nueva-unidad-basica-de-principios-y-valores-en-moron\\\/#primaryimage\"},\"image\":{\"@id\":\"https:\\\/\\\/noticiasmercedinas.com\\\/site\\\/2025\\\/04\\\/27\\\/militantes-mercedinos-acompanaron-la-inauguracion-de-una-nueva-unidad-basica-de-principios-y-valores-en-moron\\\/#primaryimage\"},\"thumbnailUrl\":\"https:\\\/\\\/noticiasmercedinas.com\\\/site\\\/wp-content\\\/uploads\\\/2025\\\/04\\\/ortubia1.jpg\",\"datePublished\":\"2025-04-28T01:46:40+00:00\",\"dateModified\":\"2025-04-28T01:49:27+00:00\",\"description\":\"\u25a0 Guido Ortubia expres\u00f3 su confianza en una reconfiguraci\u00f3n del peronismo tradicional y critic\u00f3 el rumbo tomado durante el gobierno de Alberto Fern\u00e1ndez. \\\"Hay que volver al peronismo tradicional\\\", afirm\u00f3\",\"breadcrumb\":{\"@id\":\"https:\\\/\\\/noticiasmercedinas.com\\\/site\\\/2025\\\/04\\\/27\\\/militantes-mercedinos-acompanaron-la-inauguracion-de-una-nueva-unidad-basica-de-principios-y-valores-en-moron\\\/#breadcrumb\"},\"inLanguage\":\"es\",\"potentialAction\":[{\"@type\":\"ReadAction\",\"target\":[\"https:\\\/\\\/noticiasmercedinas.com\\\/site\\\/2025\\\/04\\\/27\\\/militantes-mercedinos-acompanaron-la-inauguracion-de-una-nueva-unidad-basica-de-principios-y-valores-en-moron\\\/\"]}]},{\"@type\":\"ImageObject\",\"inLanguage\":\"es\",\"@id\":\"https:\\\/\\\/noticiasmercedinas.com\\\/site\\\/2025\\\/04\\\/27\\\/militantes-mercedinos-acompanaron-la-inauguracion-de-una-nueva-unidad-basica-de-principios-y-valores-en-moron\\\/#primaryimage\",\"url\":\"https:\\\/\\\/noticiasmercedinas.com\\\/site\\\/wp-content\\\/uploads\\\/2025\\\/04\\\/ortubia1.jpg\",\"contentUrl\":\"https:\\\/\\\/noticiasmercedinas.com\\\/site\\\/wp-content\\\/uploads\\\/2025\\\/04\\\/ortubia1.jpg\",\"width\":675,\"height\":515},{\"@type\":\"BreadcrumbList\",\"@id\":\"https:\\\/\\\/noticiasmercedinas.com\\\/site\\\/2025\\\/04\\\/27\\\/militantes-mercedinos-acompanaron-la-inauguracion-de-una-nueva-unidad-basica-de-principios-y-valores-en-moron\\\/#breadcrumb\",\"itemListElement\":[{\"@type\":\"ListItem\",\"position\":1,\"name\":\"Portada\",\"item\":\"https:\\\/\\\/noticiasmercedinas.com\\\/site\\\/\"},{\"@type\":\"ListItem\",\"position\":2,\"name\":\"Militantes mercedinos acompa\u00f1aron la inauguraci\u00f3n de unidad b\u00e1sica de \u00abPrincipios y Valores\u00bb Mor\u00f3n\"}]},{\"@type\":\"WebSite\",\"@id\":\"https:\\\/\\\/noticiasmercedinas.com\\\/site\\\/#website\",\"url\":\"https:\\\/\\\/noticiasmercedinas.com\\\/site\\\/\",\"name\":\"NOTICIASMERCEDINAS.COM\",\"description\":\"Mercedes, Buenos Aires, Argentina\",\"publisher\":{\"@id\":\"https:\\\/\\\/noticiasmercedinas.com\\\/site\\\/#organization\"},\"potentialAction\":[{\"@type\":\"SearchAction\",\"target\":{\"@type\":\"EntryPoint\",\"urlTemplate\":\"https:\\\/\\\/noticiasmercedinas.com\\\/site\\\/?s={search_term_string}\"},\"query-input\":{\"@type\":\"PropertyValueSpecification\",\"valueRequired\":true,\"valueName\":\"search_term_string\"}}],\"inLanguage\":\"es\"},{\"@type\":\"Organization\",\"@id\":\"https:\\\/\\\/noticiasmercedinas.com\\\/site\\\/#organization\",\"name\":\"NOTICIASMERCEDINAS.COM\",\"url\":\"https:\\\/\\\/noticiasmercedinas.com\\\/site\\\/\",\"logo\":{\"@type\":\"ImageObject\",\"inLanguage\":\"es\",\"@id\":\"https:\\\/\\\/noticiasmercedinas.com\\\/site\\\/#\\\/schema\\\/logo\\\/image\\\/\",\"url\":\"https:\\\/\\\/noticiasmercedinas.com\\\/site\\\/wp-content\\\/uploads\\\/2020\\\/06\\\/LOGO-512.jpg\",\"contentUrl\":\"https:\\\/\\\/noticiasmercedinas.com\\\/site\\\/wp-content\\\/uploads\\\/2020\\\/06\\\/LOGO-512.jpg\",\"width\":512,\"height\":512,\"caption\":\"NOTICIASMERCEDINAS.COM\"},\"image\":{\"@id\":\"https:\\\/\\\/noticiasmercedinas.com\\\/site\\\/#\\\/schema\\\/logo\\\/image\\\/\"},\"sameAs\":[\"https:\\\/\\\/www.facebook.com\\\/noticiasmercedinas\\\/\",\"https:\\\/\\\/x.com\\\/notmercedinas\",\"https:\\\/\\\/www.instagram.com\\\/noticiasmercedinas\\\/\"]},{\"@type\":\"Person\",\"@id\":\"https:\\\/\\\/noticiasmercedinas.com\\\/site\\\/#\\\/schema\\\/person\\\/84b59c099c28ff2e8b77d4ceec5d8063\",\"name\":\"NOTICIASMERCEDINAS.COM\",\"image\":{\"@type\":\"ImageObject\",\"inLanguage\":\"es\",\"@id\":\"https:\\\/\\\/secure.gravatar.com\\\/avatar\\\/4dfbf16b4d17945bfb6341b2d19043457132fcf478a5ee04f42e959fd8f5df0a?s=96&d=mm&r=g\",\"url\":\"https:\\\/\\\/secure.gravatar.com\\\/avatar\\\/4dfbf16b4d17945bfb6341b2d19043457132fcf478a5ee04f42e959fd8f5df0a?s=96&d=mm&r=g\",\"contentUrl\":\"https:\\\/\\\/secure.gravatar.com\\\/avatar\\\/4dfbf16b4d17945bfb6341b2d19043457132fcf478a5ee04f42e959fd8f5df0a?s=96&d=mm&r=g\",\"caption\":\"NOTICIASMERCEDINAS.COM\"},\"url\":\"https:\\\/\\\/noticiasmercedinas.com\\\/site\\\/author\\\/anonimo\\\/\"}]}<\/script>\n<!-- \/ Yoast SEO plugin. -->","yoast_head_json":{"title":"Militantes mercedinos acompa\u00f1aron la inauguraci\u00f3n de unidad b\u00e1sica de \"Principios y Valores\" Mor\u00f3n","description":"\u25a0 Guido Ortubia expres\u00f3 su confianza en una reconfiguraci\u00f3n del peronismo tradicional y critic\u00f3 el rumbo tomado durante el gobierno de Alberto Fern\u00e1ndez. \"Hay que volver al peronismo tradicional\", afirm\u00f3","robots":{"index":"index","follow":"follow","max-snippet":"max-snippet:-1","max-image-preview":"max-image-preview:large","max-video-preview":"max-video-preview:-1"},"canonical":"https:\/\/noticiasmercedinas.com\/site\/2025\/04\/27\/militantes-mercedinos-acompanaron-la-inauguracion-de-una-nueva-unidad-basica-de-principios-y-valores-en-moron\/","og_locale":"es_ES","og_type":"article","og_title":"Militantes mercedinos acompa\u00f1aron la inauguraci\u00f3n de unidad b\u00e1sica de \"Principios y Valores\" Mor\u00f3n","og_description":"\u25a0 Guido Ortubia expres\u00f3 su confianza en una reconfiguraci\u00f3n del peronismo tradicional y critic\u00f3 el rumbo tomado durante el gobierno de Alberto Fern\u00e1ndez. \"Hay que volver al peronismo tradicional\", afirm\u00f3","og_url":"https:\/\/noticiasmercedinas.com\/site\/2025\/04\/27\/militantes-mercedinos-acompanaron-la-inauguracion-de-una-nueva-unidad-basica-de-principios-y-valores-en-moron\/","og_site_name":"NOTICIASMERCEDINAS.COM","article_publisher":"https:\/\/www.facebook.com\/noticiasmercedinas\/","article_published_time":"2025-04-28T01:46:40+00:00","article_modified_time":"2025-04-28T01:49:27+00:00","og_image":[{"width":675,"height":515,"url":"https:\/\/noticiasmercedinas.com\/site\/wp-content\/uploads\/2025\/04\/ortubia1.jpg","type":"image\/jpeg"}],"author":"NOTICIASMERCEDINAS.COM","twitter_card":"summary_large_image","twitter_creator":"@notmercedinas","twitter_site":"@notmercedinas","twitter_misc":{"Escrito por":"NOTICIASMERCEDINAS.COM","Tiempo de lectura":"3 minutos"},"schema":{"@context":"https:\/\/schema.org","@graph":[{"@type":"Article","@id":"https:\/\/noticiasmercedinas.com\/site\/2025\/04\/27\/militantes-mercedinos-acompanaron-la-inauguracion-de-una-nueva-unidad-basica-de-principios-y-valores-en-moron\/#article","isPartOf":{"@id":"https:\/\/noticiasmercedinas.com\/site\/2025\/04\/27\/militantes-mercedinos-acompanaron-la-inauguracion-de-una-nueva-unidad-basica-de-principios-y-valores-en-moron\/"},"author":{"name":"NOTICIASMERCEDINAS.COM","@id":"https:\/\/noticiasmercedinas.com\/site\/#\/schema\/person\/84b59c099c28ff2e8b77d4ceec5d8063"},"headline":"Militantes mercedinos acompa\u00f1aron la inauguraci\u00f3n de unidad b\u00e1sica de \u00abPrincipios y Valores\u00bb Mor\u00f3n","datePublished":"2025-04-28T01:46:40+00:00","dateModified":"2025-04-28T01:49:27+00:00","mainEntityOfPage":{"@id":"https:\/\/noticiasmercedinas.com\/site\/2025\/04\/27\/militantes-mercedinos-acompanaron-la-inauguracion-de-una-nueva-unidad-basica-de-principios-y-valores-en-moron\/"},"wordCount":490,"publisher":{"@id":"https:\/\/noticiasmercedinas.com\/site\/#organization"},"image":{"@id":"https:\/\/noticiasmercedinas.com\/site\/2025\/04\/27\/militantes-mercedinos-acompanaron-la-inauguracion-de-una-nueva-unidad-basica-de-principios-y-valores-en-moron\/#primaryimage"},"thumbnailUrl":"https:\/\/noticiasmercedinas.com\/site\/wp-content\/uploads\/2025\/04\/ortubia1.jpg","keywords":["guido ortubia","Guillermo Moreno","principios y valores"],"articleSection":["Politica"],"inLanguage":"es"},{"@type":"WebPage","@id":"https:\/\/noticiasmercedinas.com\/site\/2025\/04\/27\/militantes-mercedinos-acompanaron-la-inauguracion-de-una-nueva-unidad-basica-de-principios-y-valores-en-moron\/","url":"https:\/\/noticiasmercedinas.com\/site\/2025\/04\/27\/militantes-mercedinos-acompanaron-la-inauguracion-de-una-nueva-unidad-basica-de-principios-y-valores-en-moron\/","name":"Militantes mercedinos acompa\u00f1aron la inauguraci\u00f3n de unidad b\u00e1sica de \"Principios y Valores\" Mor\u00f3n","isPartOf":{"@id":"https:\/\/noticiasmercedinas.com\/site\/#website"},"primaryImageOfPage":{"@id":"https:\/\/noticiasmercedinas.com\/site\/2025\/04\/27\/militantes-mercedinos-acompanaron-la-inauguracion-de-una-nueva-unidad-basica-de-principios-y-valores-en-moron\/#primaryimage"},"image":{"@id":"https:\/\/noticiasmercedinas.com\/site\/2025\/04\/27\/militantes-mercedinos-acompanaron-la-inauguracion-de-una-nueva-unidad-basica-de-principios-y-valores-en-moron\/#primaryimage"},"thumbnailUrl":"https:\/\/noticiasmercedinas.com\/site\/wp-content\/uploads\/2025\/04\/ortubia1.jpg","datePublished":"2025-04-28T01:46:40+00:00","dateModified":"2025-04-28T01:49:27+00:00","description":"\u25a0 Guido Ortubia expres\u00f3 su confianza en una reconfiguraci\u00f3n del peronismo tradicional y critic\u00f3 el rumbo tomado durante el gobierno de Alberto Fern\u00e1ndez. \"Hay que volver al peronismo tradicional\", afirm\u00f3","breadcrumb":{"@id":"https:\/\/noticiasmercedinas.com\/site\/2025\/04\/27\/militantes-mercedinos-acompanaron-la-inauguracion-de-una-nueva-unidad-basica-de-principios-y-valores-en-moron\/#breadcrumb"},"inLanguage":"es","potentialAction":[{"@type":"ReadAction","target":["https:\/\/noticiasmercedinas.com\/site\/2025\/04\/27\/militantes-mercedinos-acompanaron-la-inauguracion-de-una-nueva-unidad-basica-de-principios-y-valores-en-moron\/"]}]},{"@type":"ImageObject","inLanguage":"es","@id":"https:\/\/noticiasmercedinas.com\/site\/2025\/04\/27\/militantes-mercedinos-acompanaron-la-inauguracion-de-una-nueva-unidad-basica-de-principios-y-valores-en-moron\/#primaryimage","url":"https:\/\/noticiasmercedinas.com\/site\/wp-content\/uploads\/2025\/04\/ortubia1.jpg","contentUrl":"https:\/\/noticiasmercedinas.com\/site\/wp-content\/uploads\/2025\/04\/ortubia1.jpg","width":675,"height":515},{"@type":"BreadcrumbList","@id":"https:\/\/noticiasmercedinas.com\/site\/2025\/04\/27\/militantes-mercedinos-acompanaron-la-inauguracion-de-una-nueva-unidad-basica-de-principios-y-valores-en-moron\/#breadcrumb","itemListElement":[{"@type":"ListItem","position":1,"name":"Portada","item":"https:\/\/noticiasmercedinas.com\/site\/"},{"@type":"ListItem","position":2,"name":"Militantes mercedinos acompa\u00f1aron la inauguraci\u00f3n de unidad b\u00e1sica de \u00abPrincipios y Valores\u00bb Mor\u00f3n"}]},{"@type":"WebSite","@id":"https:\/\/noticiasmercedinas.com\/site\/#website","url":"https:\/\/noticiasmercedinas.com\/site\/","name":"NOTICIASMERCEDINAS.COM","description":"Mercedes, Buenos Aires, Argentina","publisher":{"@id":"https:\/\/noticiasmercedinas.com\/site\/#organization"},"potentialAction":[{"@type":"SearchAction","target":{"@type":"EntryPoint","urlTemplate":"https:\/\/noticiasmercedinas.com\/site\/?s={search_term_string}"},"query-input":{"@type":"PropertyValueSpecification","valueRequired":true,"valueName":"search_term_string"}}],"inLanguage":"es"},{"@type":"Organization","@id":"https:\/\/noticiasmercedinas.com\/site\/#organization","name":"NOTICIASMERCEDINAS.COM","url":"https:\/\/noticiasmercedinas.com\/site\/","logo":{"@type":"ImageObject","inLanguage":"es","@id":"https:\/\/noticiasmercedinas.com\/site\/#\/schema\/logo\/image\/","url":"https:\/\/noticiasmercedinas.com\/site\/wp-content\/uploads\/2020\/06\/LOGO-512.jpg","contentUrl":"https:\/\/noticiasmercedinas.com\/site\/wp-content\/uploads\/2020\/06\/LOGO-512.jpg","width":512,"height":512,"caption":"NOTICIASMERCEDINAS.COM"},"image":{"@id":"https:\/\/noticiasmercedinas.com\/site\/#\/schema\/logo\/image\/"},"sameAs":["https:\/\/www.facebook.com\/noticiasmercedinas\/","https:\/\/x.com\/notmercedinas","https:\/\/www.instagram.com\/noticiasmercedinas\/"]},{"@type":"Person","@id":"https:\/\/noticiasmercedinas.com\/site\/#\/schema\/person\/84b59c099c28ff2e8b77d4ceec5d8063","name":"NOTICIASMERCEDINAS.COM","image":{"@type":"ImageObject","inLanguage":"es","@id":"https:\/\/secure.gravatar.com\/avatar\/4dfbf16b4d17945bfb6341b2d19043457132fcf478a5ee04f42e959fd8f5df0a?s=96&d=mm&r=g","url":"https:\/\/secure.gravatar.com\/avatar\/4dfbf16b4d17945bfb6341b2d19043457132fcf478a5ee04f42e959fd8f5df0a?s=96&d=mm&r=g","contentUrl":"https:\/\/secure.gravatar.com\/avatar\/4dfbf16b4d17945bfb6341b2d19043457132fcf478a5ee04f42e959fd8f5df0a?s=96&d=mm&r=g","caption":"NOTICIASMERCEDINAS.COM"},"url":"https:\/\/noticiasmercedinas.com\/site\/author\/anonimo\/"}]}},"amp_enabled":true,"_links":{"self":[{"href":"https:\/\/noticiasmercedinas.com\/site\/wp-json\/wp\/v2\/posts\/158221","targetHints":{"allow":["GET"]}}],"collection":[{"href":"https:\/\/noticiasmercedinas.com\/site\/wp-json\/wp\/v2\/posts"}],"about":[{"href":"https:\/\/noticiasmercedinas.com\/site\/wp-json\/wp\/v2\/types\/post"}],"author":[{"embeddable":true,"href":"https:\/\/noticiasmercedinas.com\/site\/wp-json\/wp\/v2\/users\/16"}],"replies":[{"embeddable":true,"href":"https:\/\/noticiasmercedinas.com\/site\/wp-json\/wp\/v2\/comments?post=158221"}],"version-history":[{"count":5,"href":"https:\/\/noticiasmercedinas.com\/site\/wp-json\/wp\/v2\/posts\/158221\/revisions"}],"predecessor-version":[{"id":158233,"href":"https:\/\/noticiasmercedinas.com\/site\/wp-json\/wp\/v2\/posts\/158221\/revisions\/158233"}],"wp:featuredmedia":[{"embeddable":true,"href":"https:\/\/noticiasmercedinas.com\/site\/wp-json\/wp\/v2\/media\/158226"}],"wp:attachment":[{"href":"https:\/\/noticiasmercedinas.com\/site\/wp-json\/wp\/v2\/media?parent=158221"}],"wp:term":[{"taxonomy":"category","embeddable":true,"href":"https:\/\/noticiasmercedinas.com\/site\/wp-json\/wp\/v2\/categories?post=158221"},{"taxonomy":"post_tag","embeddable":true,"href":"https:\/\/noticiasmercedinas.com\/site\/wp-json\/wp\/v2\/tags?post=158221"}],"curies":[{"name":"wp","href":"https:\/\/api.w.org\/{rel}","templated":true}]}}