{"id":158259,"date":"2025-04-28T10:14:26","date_gmt":"2025-04-28T13:14:26","guid":{"rendered":"https:\/\/noticiasmercedinas.com\/site\/?p=158259"},"modified":"2025-04-28T10:14:26","modified_gmt":"2025-04-28T13:14:26","slug":"se-renovo-el-manto-de-la-virgen-de-lujan-y-se-invita-a-la-consagracion-el-4-de-mayo","status":"publish","type":"post","link":"https:\/\/noticiasmercedinas.com\/site\/2025\/04\/28\/se-renovo-el-manto-de-la-virgen-de-lujan-y-se-invita-a-la-consagracion-el-4-de-mayo\/","title":{"rendered":"Se renov\u00f3 el manto de la Virgen de Luj\u00e1n y se invita a la consagraci\u00f3n el 4 de mayo"},"content":{"rendered":"<p><img loading=\"lazy\" decoding=\"async\" class=\"alignnone size-full wp-image-158261\" src=\"https:\/\/noticiasmercedinas.com\/site\/wp-content\/uploads\/2025\/04\/MANTO1.jpg\" alt=\"\" width=\"640\" height=\"486\" srcset=\"https:\/\/noticiasmercedinas.com\/site\/wp-content\/uploads\/2025\/04\/MANTO1.jpg 640w, https:\/\/noticiasmercedinas.com\/site\/wp-content\/uploads\/2025\/04\/MANTO1-300x228.jpg 300w, https:\/\/noticiasmercedinas.com\/site\/wp-content\/uploads\/2025\/04\/MANTO1-80x60.jpg 80w, https:\/\/noticiasmercedinas.com\/site\/wp-content\/uploads\/2025\/04\/MANTO1-100x75.jpg 100w\" sizes=\"auto, (max-width: 640px) 100vw, 640px\" \/><\/p>\n<p>En una Misa celebrada en el Santuario Nacional, se realiz\u00f3 el cambio del manto de la Virgen de Luj\u00e1n como parte del camino de preparaci\u00f3n hacia el Jubileo 2025. La ceremonia ante un santuario lleno fue presidida por Monse\u00f1or Jorge Eduardo Scheinig.<\/p>\n<p>El gesto se vivi\u00f3 como un signo de esperanza para el pueblo argentino, en el marco de las celebraciones que culminar\u00e1n el 8 de mayo, D\u00eda de la Virgen de Luj\u00e1n.<\/p>\n<p>Como parte de este camino espiritual, el Santuario invita a todos los fieles a participar de la Consagraci\u00f3n a la Virgen, que tendr\u00e1 lugar el domingo 4 de mayo a las 17 horas.<\/p>\n<p>La ceremonia podr\u00e1 seguirse de manera presencial o a trav\u00e9s de la web santuariodelujan.org.ar y del canal de YouTube del Santuario (youtube.com\/santuariodelujan).<\/p>\n<p>La Consagraci\u00f3n es un acto de amor en el que los creyentes ofrecen su cuerpo, alma y vida entera bajo la mirada, protecci\u00f3n, orientaci\u00f3n e intercesi\u00f3n de Mar\u00eda. Es un gesto de entrega total, confiando en que la Virgen conoce y gu\u00eda el camino de cada uno.<\/p>\n<p>Quienes deseen participar pueden anotarse completando el formulario disponible en el sitio web del Santuario. \u00abLa Virgen siempre nos aguarda y nos espera\u00bb, expresaron desde la comunidad religiosa.<\/p>\n<p><img loading=\"lazy\" decoding=\"async\" class=\"alignnone size-full wp-image-158260\" src=\"https:\/\/noticiasmercedinas.com\/site\/wp-content\/uploads\/2025\/04\/MANTO2.jpg\" alt=\"\" width=\"640\" height=\"1017\" srcset=\"https:\/\/noticiasmercedinas.com\/site\/wp-content\/uploads\/2025\/04\/MANTO2.jpg 640w, https:\/\/noticiasmercedinas.com\/site\/wp-content\/uploads\/2025\/04\/MANTO2-189x300.jpg 189w\" sizes=\"auto, (max-width: 640px) 100vw, 640px\" \/><\/p>\n","protected":false},"excerpt":{"rendered":"<p>\u25a0 La ceremonia ante un santuario lleno fue presidida por Monse\u00f1or Jorge Eduardo Scheinig. Invitan a todos los fieles a participar de la Consagraci\u00f3n a la Virgen, que tendr\u00e1 lugar el domingo 4 de mayo a las 17 horas.<\/p>\n","protected":false},"author":16,"featured_media":158261,"comment_status":"closed","ping_status":"closed","sticky":false,"template":"","format":"standard","meta":{"footnotes":""},"categories":[3],"tags":[11318,9071,1231],"class_list":["post-158259","post","type-post","status-publish","format-standard","has-post-thumbnail","hentry","category-sociedad","tag-arzobispo-jorge-eduardo-scheinig","tag-manto","tag-virgen-de-lujan"],"yoast_head":"<!-- This site is optimized with the Yoast SEO plugin v27.4 - https:\/\/yoast.com\/product\/yoast-seo-wordpress\/ -->\n<title>Se renov\u00f3 el manto de la Virgen de Luj\u00e1n y se invita a la consagraci\u00f3n el 4 de mayo<\/title>\n<meta name=\"description\" content=\"La ceremonia ante un santuario lleno fue presidida por Monse\u00f1or Jorge Eduardo Scheinig. Invitan a todos los fieles a participar de la Consagraci\u00f3n a la Virgen, que tendr\u00e1 lugar el domingo 4 de mayo a las 17 horas.\" \/>\n<meta name=\"robots\" content=\"index, follow, max-snippet:-1, max-image-preview:large, max-video-preview:-1\" \/>\n<link rel=\"canonical\" href=\"https:\/\/noticiasmercedinas.com\/site\/2025\/04\/28\/se-renovo-el-manto-de-la-virgen-de-lujan-y-se-invita-a-la-consagracion-el-4-de-mayo\/\" \/>\n<meta property=\"og:locale\" content=\"es_ES\" \/>\n<meta property=\"og:type\" content=\"article\" \/>\n<meta property=\"og:title\" content=\"Se renov\u00f3 el manto de la Virgen de Luj\u00e1n y se invita a la consagraci\u00f3n el 4 de mayo\" \/>\n<meta property=\"og:description\" content=\"La ceremonia ante un santuario lleno fue presidida por Monse\u00f1or Jorge Eduardo Scheinig. Invitan a todos los fieles a participar de la Consagraci\u00f3n a la Virgen, que tendr\u00e1 lugar el domingo 4 de mayo a las 17 horas.\" \/>\n<meta property=\"og:url\" content=\"https:\/\/noticiasmercedinas.com\/site\/2025\/04\/28\/se-renovo-el-manto-de-la-virgen-de-lujan-y-se-invita-a-la-consagracion-el-4-de-mayo\/\" \/>\n<meta property=\"og:site_name\" content=\"NOTICIASMERCEDINAS.COM\" \/>\n<meta property=\"article:publisher\" content=\"https:\/\/www.facebook.com\/noticiasmercedinas\/\" \/>\n<meta property=\"article:published_time\" content=\"2025-04-28T13:14:26+00:00\" \/>\n<meta property=\"og:image\" content=\"https:\/\/noticiasmercedinas.com\/site\/wp-content\/uploads\/2025\/04\/MANTO1.jpg\" \/>\n\t<meta property=\"og:image:width\" content=\"640\" \/>\n\t<meta property=\"og:image:height\" content=\"486\" \/>\n\t<meta property=\"og:image:type\" content=\"image\/jpeg\" \/>\n<meta name=\"author\" content=\"NOTICIASMERCEDINAS.COM\" \/>\n<meta name=\"twitter:card\" content=\"summary_large_image\" \/>\n<meta name=\"twitter:creator\" content=\"@notmercedinas\" \/>\n<meta name=\"twitter:site\" content=\"@notmercedinas\" \/>\n<meta name=\"twitter:label1\" content=\"Escrito por\" \/>\n\t<meta name=\"twitter:data1\" content=\"NOTICIASMERCEDINAS.COM\" \/>\n\t<meta name=\"twitter:label2\" content=\"Tiempo de lectura\" \/>\n\t<meta name=\"twitter:data2\" content=\"2 minutos\" \/>\n<script type=\"application\/ld+json\" class=\"yoast-schema-graph\">{\"@context\":\"https:\\\/\\\/schema.org\",\"@graph\":[{\"@type\":\"Article\",\"@id\":\"https:\\\/\\\/noticiasmercedinas.com\\\/site\\\/2025\\\/04\\\/28\\\/se-renovo-el-manto-de-la-virgen-de-lujan-y-se-invita-a-la-consagracion-el-4-de-mayo\\\/#article\",\"isPartOf\":{\"@id\":\"https:\\\/\\\/noticiasmercedinas.com\\\/site\\\/2025\\\/04\\\/28\\\/se-renovo-el-manto-de-la-virgen-de-lujan-y-se-invita-a-la-consagracion-el-4-de-mayo\\\/\"},\"author\":{\"name\":\"NOTICIASMERCEDINAS.COM\",\"@id\":\"https:\\\/\\\/noticiasmercedinas.com\\\/site\\\/#\\\/schema\\\/person\\\/84b59c099c28ff2e8b77d4ceec5d8063\"},\"headline\":\"Se renov\u00f3 el manto de la Virgen de Luj\u00e1n y se invita a la consagraci\u00f3n el 4 de mayo\",\"datePublished\":\"2025-04-28T13:14:26+00:00\",\"mainEntityOfPage\":{\"@id\":\"https:\\\/\\\/noticiasmercedinas.com\\\/site\\\/2025\\\/04\\\/28\\\/se-renovo-el-manto-de-la-virgen-de-lujan-y-se-invita-a-la-consagracion-el-4-de-mayo\\\/\"},\"wordCount\":237,\"publisher\":{\"@id\":\"https:\\\/\\\/noticiasmercedinas.com\\\/site\\\/#organization\"},\"image\":{\"@id\":\"https:\\\/\\\/noticiasmercedinas.com\\\/site\\\/2025\\\/04\\\/28\\\/se-renovo-el-manto-de-la-virgen-de-lujan-y-se-invita-a-la-consagracion-el-4-de-mayo\\\/#primaryimage\"},\"thumbnailUrl\":\"https:\\\/\\\/noticiasmercedinas.com\\\/site\\\/wp-content\\\/uploads\\\/2025\\\/04\\\/MANTO1.jpg\",\"keywords\":[\"arzobispo Jorge Eduardo Scheinig\",\"manto\",\"virgen de lujan\"],\"articleSection\":[\"Sociedad\"],\"inLanguage\":\"es\"},{\"@type\":\"WebPage\",\"@id\":\"https:\\\/\\\/noticiasmercedinas.com\\\/site\\\/2025\\\/04\\\/28\\\/se-renovo-el-manto-de-la-virgen-de-lujan-y-se-invita-a-la-consagracion-el-4-de-mayo\\\/\",\"url\":\"https:\\\/\\\/noticiasmercedinas.com\\\/site\\\/2025\\\/04\\\/28\\\/se-renovo-el-manto-de-la-virgen-de-lujan-y-se-invita-a-la-consagracion-el-4-de-mayo\\\/\",\"name\":\"Se renov\u00f3 el manto de la Virgen de Luj\u00e1n y se invita a la consagraci\u00f3n el 4 de mayo\",\"isPartOf\":{\"@id\":\"https:\\\/\\\/noticiasmercedinas.com\\\/site\\\/#website\"},\"primaryImageOfPage\":{\"@id\":\"https:\\\/\\\/noticiasmercedinas.com\\\/site\\\/2025\\\/04\\\/28\\\/se-renovo-el-manto-de-la-virgen-de-lujan-y-se-invita-a-la-consagracion-el-4-de-mayo\\\/#primaryimage\"},\"image\":{\"@id\":\"https:\\\/\\\/noticiasmercedinas.com\\\/site\\\/2025\\\/04\\\/28\\\/se-renovo-el-manto-de-la-virgen-de-lujan-y-se-invita-a-la-consagracion-el-4-de-mayo\\\/#primaryimage\"},\"thumbnailUrl\":\"https:\\\/\\\/noticiasmercedinas.com\\\/site\\\/wp-content\\\/uploads\\\/2025\\\/04\\\/MANTO1.jpg\",\"datePublished\":\"2025-04-28T13:14:26+00:00\",\"description\":\"La ceremonia ante un santuario lleno fue presidida por Monse\u00f1or Jorge Eduardo Scheinig. Invitan a todos los fieles a participar de la Consagraci\u00f3n a la Virgen, que tendr\u00e1 lugar el domingo 4 de mayo a las 17 horas.\",\"breadcrumb\":{\"@id\":\"https:\\\/\\\/noticiasmercedinas.com\\\/site\\\/2025\\\/04\\\/28\\\/se-renovo-el-manto-de-la-virgen-de-lujan-y-se-invita-a-la-consagracion-el-4-de-mayo\\\/#breadcrumb\"},\"inLanguage\":\"es\",\"potentialAction\":[{\"@type\":\"ReadAction\",\"target\":[\"https:\\\/\\\/noticiasmercedinas.com\\\/site\\\/2025\\\/04\\\/28\\\/se-renovo-el-manto-de-la-virgen-de-lujan-y-se-invita-a-la-consagracion-el-4-de-mayo\\\/\"]}]},{\"@type\":\"ImageObject\",\"inLanguage\":\"es\",\"@id\":\"https:\\\/\\\/noticiasmercedinas.com\\\/site\\\/2025\\\/04\\\/28\\\/se-renovo-el-manto-de-la-virgen-de-lujan-y-se-invita-a-la-consagracion-el-4-de-mayo\\\/#primaryimage\",\"url\":\"https:\\\/\\\/noticiasmercedinas.com\\\/site\\\/wp-content\\\/uploads\\\/2025\\\/04\\\/MANTO1.jpg\",\"contentUrl\":\"https:\\\/\\\/noticiasmercedinas.com\\\/site\\\/wp-content\\\/uploads\\\/2025\\\/04\\\/MANTO1.jpg\",\"width\":640,\"height\":486},{\"@type\":\"BreadcrumbList\",\"@id\":\"https:\\\/\\\/noticiasmercedinas.com\\\/site\\\/2025\\\/04\\\/28\\\/se-renovo-el-manto-de-la-virgen-de-lujan-y-se-invita-a-la-consagracion-el-4-de-mayo\\\/#breadcrumb\",\"itemListElement\":[{\"@type\":\"ListItem\",\"position\":1,\"name\":\"Portada\",\"item\":\"https:\\\/\\\/noticiasmercedinas.com\\\/site\\\/\"},{\"@type\":\"ListItem\",\"position\":2,\"name\":\"Se renov\u00f3 el manto de la Virgen de Luj\u00e1n y se invita a la consagraci\u00f3n el 4 de mayo\"}]},{\"@type\":\"WebSite\",\"@id\":\"https:\\\/\\\/noticiasmercedinas.com\\\/site\\\/#website\",\"url\":\"https:\\\/\\\/noticiasmercedinas.com\\\/site\\\/\",\"name\":\"NOTICIASMERCEDINAS.COM\",\"description\":\"Mercedes, Buenos Aires, Argentina\",\"publisher\":{\"@id\":\"https:\\\/\\\/noticiasmercedinas.com\\\/site\\\/#organization\"},\"potentialAction\":[{\"@type\":\"SearchAction\",\"target\":{\"@type\":\"EntryPoint\",\"urlTemplate\":\"https:\\\/\\\/noticiasmercedinas.com\\\/site\\\/?s={search_term_string}\"},\"query-input\":{\"@type\":\"PropertyValueSpecification\",\"valueRequired\":true,\"valueName\":\"search_term_string\"}}],\"inLanguage\":\"es\"},{\"@type\":\"Organization\",\"@id\":\"https:\\\/\\\/noticiasmercedinas.com\\\/site\\\/#organization\",\"name\":\"NOTICIASMERCEDINAS.COM\",\"url\":\"https:\\\/\\\/noticiasmercedinas.com\\\/site\\\/\",\"logo\":{\"@type\":\"ImageObject\",\"inLanguage\":\"es\",\"@id\":\"https:\\\/\\\/noticiasmercedinas.com\\\/site\\\/#\\\/schema\\\/logo\\\/image\\\/\",\"url\":\"https:\\\/\\\/noticiasmercedinas.com\\\/site\\\/wp-content\\\/uploads\\\/2020\\\/06\\\/LOGO-512.jpg\",\"contentUrl\":\"https:\\\/\\\/noticiasmercedinas.com\\\/site\\\/wp-content\\\/uploads\\\/2020\\\/06\\\/LOGO-512.jpg\",\"width\":512,\"height\":512,\"caption\":\"NOTICIASMERCEDINAS.COM\"},\"image\":{\"@id\":\"https:\\\/\\\/noticiasmercedinas.com\\\/site\\\/#\\\/schema\\\/logo\\\/image\\\/\"},\"sameAs\":[\"https:\\\/\\\/www.facebook.com\\\/noticiasmercedinas\\\/\",\"https:\\\/\\\/x.com\\\/notmercedinas\",\"https:\\\/\\\/www.instagram.com\\\/noticiasmercedinas\\\/\"]},{\"@type\":\"Person\",\"@id\":\"https:\\\/\\\/noticiasmercedinas.com\\\/site\\\/#\\\/schema\\\/person\\\/84b59c099c28ff2e8b77d4ceec5d8063\",\"name\":\"NOTICIASMERCEDINAS.COM\",\"image\":{\"@type\":\"ImageObject\",\"inLanguage\":\"es\",\"@id\":\"https:\\\/\\\/secure.gravatar.com\\\/avatar\\\/4dfbf16b4d17945bfb6341b2d19043457132fcf478a5ee04f42e959fd8f5df0a?s=96&d=mm&r=g\",\"url\":\"https:\\\/\\\/secure.gravatar.com\\\/avatar\\\/4dfbf16b4d17945bfb6341b2d19043457132fcf478a5ee04f42e959fd8f5df0a?s=96&d=mm&r=g\",\"contentUrl\":\"https:\\\/\\\/secure.gravatar.com\\\/avatar\\\/4dfbf16b4d17945bfb6341b2d19043457132fcf478a5ee04f42e959fd8f5df0a?s=96&d=mm&r=g\",\"caption\":\"NOTICIASMERCEDINAS.COM\"},\"url\":\"https:\\\/\\\/noticiasmercedinas.com\\\/site\\\/author\\\/anonimo\\\/\"}]}<\/script>\n<!-- \/ Yoast SEO plugin. -->","yoast_head_json":{"title":"Se renov\u00f3 el manto de la Virgen de Luj\u00e1n y se invita a la consagraci\u00f3n el 4 de mayo","description":"La ceremonia ante un santuario lleno fue presidida por Monse\u00f1or Jorge Eduardo Scheinig. Invitan a todos los fieles a participar de la Consagraci\u00f3n a la Virgen, que tendr\u00e1 lugar el domingo 4 de mayo a las 17 horas.","robots":{"index":"index","follow":"follow","max-snippet":"max-snippet:-1","max-image-preview":"max-image-preview:large","max-video-preview":"max-video-preview:-1"},"canonical":"https:\/\/noticiasmercedinas.com\/site\/2025\/04\/28\/se-renovo-el-manto-de-la-virgen-de-lujan-y-se-invita-a-la-consagracion-el-4-de-mayo\/","og_locale":"es_ES","og_type":"article","og_title":"Se renov\u00f3 el manto de la Virgen de Luj\u00e1n y se invita a la consagraci\u00f3n el 4 de mayo","og_description":"La ceremonia ante un santuario lleno fue presidida por Monse\u00f1or Jorge Eduardo Scheinig. Invitan a todos los fieles a participar de la Consagraci\u00f3n a la Virgen, que tendr\u00e1 lugar el domingo 4 de mayo a las 17 horas.","og_url":"https:\/\/noticiasmercedinas.com\/site\/2025\/04\/28\/se-renovo-el-manto-de-la-virgen-de-lujan-y-se-invita-a-la-consagracion-el-4-de-mayo\/","og_site_name":"NOTICIASMERCEDINAS.COM","article_publisher":"https:\/\/www.facebook.com\/noticiasmercedinas\/","article_published_time":"2025-04-28T13:14:26+00:00","og_image":[{"width":640,"height":486,"url":"https:\/\/noticiasmercedinas.com\/site\/wp-content\/uploads\/2025\/04\/MANTO1.jpg","type":"image\/jpeg"}],"author":"NOTICIASMERCEDINAS.COM","twitter_card":"summary_large_image","twitter_creator":"@notmercedinas","twitter_site":"@notmercedinas","twitter_misc":{"Escrito por":"NOTICIASMERCEDINAS.COM","Tiempo de lectura":"2 minutos"},"schema":{"@context":"https:\/\/schema.org","@graph":[{"@type":"Article","@id":"https:\/\/noticiasmercedinas.com\/site\/2025\/04\/28\/se-renovo-el-manto-de-la-virgen-de-lujan-y-se-invita-a-la-consagracion-el-4-de-mayo\/#article","isPartOf":{"@id":"https:\/\/noticiasmercedinas.com\/site\/2025\/04\/28\/se-renovo-el-manto-de-la-virgen-de-lujan-y-se-invita-a-la-consagracion-el-4-de-mayo\/"},"author":{"name":"NOTICIASMERCEDINAS.COM","@id":"https:\/\/noticiasmercedinas.com\/site\/#\/schema\/person\/84b59c099c28ff2e8b77d4ceec5d8063"},"headline":"Se renov\u00f3 el manto de la Virgen de Luj\u00e1n y se invita a la consagraci\u00f3n el 4 de mayo","datePublished":"2025-04-28T13:14:26+00:00","mainEntityOfPage":{"@id":"https:\/\/noticiasmercedinas.com\/site\/2025\/04\/28\/se-renovo-el-manto-de-la-virgen-de-lujan-y-se-invita-a-la-consagracion-el-4-de-mayo\/"},"wordCount":237,"publisher":{"@id":"https:\/\/noticiasmercedinas.com\/site\/#organization"},"image":{"@id":"https:\/\/noticiasmercedinas.com\/site\/2025\/04\/28\/se-renovo-el-manto-de-la-virgen-de-lujan-y-se-invita-a-la-consagracion-el-4-de-mayo\/#primaryimage"},"thumbnailUrl":"https:\/\/noticiasmercedinas.com\/site\/wp-content\/uploads\/2025\/04\/MANTO1.jpg","keywords":["arzobispo Jorge Eduardo Scheinig","manto","virgen de lujan"],"articleSection":["Sociedad"],"inLanguage":"es"},{"@type":"WebPage","@id":"https:\/\/noticiasmercedinas.com\/site\/2025\/04\/28\/se-renovo-el-manto-de-la-virgen-de-lujan-y-se-invita-a-la-consagracion-el-4-de-mayo\/","url":"https:\/\/noticiasmercedinas.com\/site\/2025\/04\/28\/se-renovo-el-manto-de-la-virgen-de-lujan-y-se-invita-a-la-consagracion-el-4-de-mayo\/","name":"Se renov\u00f3 el manto de la Virgen de Luj\u00e1n y se invita a la consagraci\u00f3n el 4 de mayo","isPartOf":{"@id":"https:\/\/noticiasmercedinas.com\/site\/#website"},"primaryImageOfPage":{"@id":"https:\/\/noticiasmercedinas.com\/site\/2025\/04\/28\/se-renovo-el-manto-de-la-virgen-de-lujan-y-se-invita-a-la-consagracion-el-4-de-mayo\/#primaryimage"},"image":{"@id":"https:\/\/noticiasmercedinas.com\/site\/2025\/04\/28\/se-renovo-el-manto-de-la-virgen-de-lujan-y-se-invita-a-la-consagracion-el-4-de-mayo\/#primaryimage"},"thumbnailUrl":"https:\/\/noticiasmercedinas.com\/site\/wp-content\/uploads\/2025\/04\/MANTO1.jpg","datePublished":"2025-04-28T13:14:26+00:00","description":"La ceremonia ante un santuario lleno fue presidida por Monse\u00f1or Jorge Eduardo Scheinig. Invitan a todos los fieles a participar de la Consagraci\u00f3n a la Virgen, que tendr\u00e1 lugar el domingo 4 de mayo a las 17 horas.","breadcrumb":{"@id":"https:\/\/noticiasmercedinas.com\/site\/2025\/04\/28\/se-renovo-el-manto-de-la-virgen-de-lujan-y-se-invita-a-la-consagracion-el-4-de-mayo\/#breadcrumb"},"inLanguage":"es","potentialAction":[{"@type":"ReadAction","target":["https:\/\/noticiasmercedinas.com\/site\/2025\/04\/28\/se-renovo-el-manto-de-la-virgen-de-lujan-y-se-invita-a-la-consagracion-el-4-de-mayo\/"]}]},{"@type":"ImageObject","inLanguage":"es","@id":"https:\/\/noticiasmercedinas.com\/site\/2025\/04\/28\/se-renovo-el-manto-de-la-virgen-de-lujan-y-se-invita-a-la-consagracion-el-4-de-mayo\/#primaryimage","url":"https:\/\/noticiasmercedinas.com\/site\/wp-content\/uploads\/2025\/04\/MANTO1.jpg","contentUrl":"https:\/\/noticiasmercedinas.com\/site\/wp-content\/uploads\/2025\/04\/MANTO1.jpg","width":640,"height":486},{"@type":"BreadcrumbList","@id":"https:\/\/noticiasmercedinas.com\/site\/2025\/04\/28\/se-renovo-el-manto-de-la-virgen-de-lujan-y-se-invita-a-la-consagracion-el-4-de-mayo\/#breadcrumb","itemListElement":[{"@type":"ListItem","position":1,"name":"Portada","item":"https:\/\/noticiasmercedinas.com\/site\/"},{"@type":"ListItem","position":2,"name":"Se renov\u00f3 el manto de la Virgen de Luj\u00e1n y se invita a la consagraci\u00f3n el 4 de mayo"}]},{"@type":"WebSite","@id":"https:\/\/noticiasmercedinas.com\/site\/#website","url":"https:\/\/noticiasmercedinas.com\/site\/","name":"NOTICIASMERCEDINAS.COM","description":"Mercedes, Buenos Aires, Argentina","publisher":{"@id":"https:\/\/noticiasmercedinas.com\/site\/#organization"},"potentialAction":[{"@type":"SearchAction","target":{"@type":"EntryPoint","urlTemplate":"https:\/\/noticiasmercedinas.com\/site\/?s={search_term_string}"},"query-input":{"@type":"PropertyValueSpecification","valueRequired":true,"valueName":"search_term_string"}}],"inLanguage":"es"},{"@type":"Organization","@id":"https:\/\/noticiasmercedinas.com\/site\/#organization","name":"NOTICIASMERCEDINAS.COM","url":"https:\/\/noticiasmercedinas.com\/site\/","logo":{"@type":"ImageObject","inLanguage":"es","@id":"https:\/\/noticiasmercedinas.com\/site\/#\/schema\/logo\/image\/","url":"https:\/\/noticiasmercedinas.com\/site\/wp-content\/uploads\/2020\/06\/LOGO-512.jpg","contentUrl":"https:\/\/noticiasmercedinas.com\/site\/wp-content\/uploads\/2020\/06\/LOGO-512.jpg","width":512,"height":512,"caption":"NOTICIASMERCEDINAS.COM"},"image":{"@id":"https:\/\/noticiasmercedinas.com\/site\/#\/schema\/logo\/image\/"},"sameAs":["https:\/\/www.facebook.com\/noticiasmercedinas\/","https:\/\/x.com\/notmercedinas","https:\/\/www.instagram.com\/noticiasmercedinas\/"]},{"@type":"Person","@id":"https:\/\/noticiasmercedinas.com\/site\/#\/schema\/person\/84b59c099c28ff2e8b77d4ceec5d8063","name":"NOTICIASMERCEDINAS.COM","image":{"@type":"ImageObject","inLanguage":"es","@id":"https:\/\/secure.gravatar.com\/avatar\/4dfbf16b4d17945bfb6341b2d19043457132fcf478a5ee04f42e959fd8f5df0a?s=96&d=mm&r=g","url":"https:\/\/secure.gravatar.com\/avatar\/4dfbf16b4d17945bfb6341b2d19043457132fcf478a5ee04f42e959fd8f5df0a?s=96&d=mm&r=g","contentUrl":"https:\/\/secure.gravatar.com\/avatar\/4dfbf16b4d17945bfb6341b2d19043457132fcf478a5ee04f42e959fd8f5df0a?s=96&d=mm&r=g","caption":"NOTICIASMERCEDINAS.COM"},"url":"https:\/\/noticiasmercedinas.com\/site\/author\/anonimo\/"}]}},"amp_enabled":true,"_links":{"self":[{"href":"https:\/\/noticiasmercedinas.com\/site\/wp-json\/wp\/v2\/posts\/158259","targetHints":{"allow":["GET"]}}],"collection":[{"href":"https:\/\/noticiasmercedinas.com\/site\/wp-json\/wp\/v2\/posts"}],"about":[{"href":"https:\/\/noticiasmercedinas.com\/site\/wp-json\/wp\/v2\/types\/post"}],"author":[{"embeddable":true,"href":"https:\/\/noticiasmercedinas.com\/site\/wp-json\/wp\/v2\/users\/16"}],"replies":[{"embeddable":true,"href":"https:\/\/noticiasmercedinas.com\/site\/wp-json\/wp\/v2\/comments?post=158259"}],"version-history":[{"count":1,"href":"https:\/\/noticiasmercedinas.com\/site\/wp-json\/wp\/v2\/posts\/158259\/revisions"}],"predecessor-version":[{"id":158262,"href":"https:\/\/noticiasmercedinas.com\/site\/wp-json\/wp\/v2\/posts\/158259\/revisions\/158262"}],"wp:featuredmedia":[{"embeddable":true,"href":"https:\/\/noticiasmercedinas.com\/site\/wp-json\/wp\/v2\/media\/158261"}],"wp:attachment":[{"href":"https:\/\/noticiasmercedinas.com\/site\/wp-json\/wp\/v2\/media?parent=158259"}],"wp:term":[{"taxonomy":"category","embeddable":true,"href":"https:\/\/noticiasmercedinas.com\/site\/wp-json\/wp\/v2\/categories?post=158259"},{"taxonomy":"post_tag","embeddable":true,"href":"https:\/\/noticiasmercedinas.com\/site\/wp-json\/wp\/v2\/tags?post=158259"}],"curies":[{"name":"wp","href":"https:\/\/api.w.org\/{rel}","templated":true}]}}