{"id":158291,"date":"2025-04-28T15:52:45","date_gmt":"2025-04-28T18:52:45","guid":{"rendered":"https:\/\/noticiasmercedinas.com\/site\/?p=158291"},"modified":"2025-04-28T15:52:45","modified_gmt":"2025-04-28T18:52:45","slug":"areco-realizo-su-primera-regata-ambiental-para-concientizar-sobre-el-cuidado-del-rio","status":"publish","type":"post","link":"https:\/\/noticiasmercedinas.com\/site\/2025\/04\/28\/areco-realizo-su-primera-regata-ambiental-para-concientizar-sobre-el-cuidado-del-rio\/","title":{"rendered":"Areco realiz\u00f3 su primera Regata Ambiental para concientizar sobre el cuidado del r\u00edo"},"content":{"rendered":"<p><img loading=\"lazy\" decoding=\"async\" class=\"alignnone size-full wp-image-158292\" src=\"https:\/\/noticiasmercedinas.com\/site\/wp-content\/uploads\/2025\/04\/RIOLAUJA.jpg\" alt=\"\" width=\"801\" height=\"570\" srcset=\"https:\/\/noticiasmercedinas.com\/site\/wp-content\/uploads\/2025\/04\/RIOLAUJA.jpg 801w, https:\/\/noticiasmercedinas.com\/site\/wp-content\/uploads\/2025\/04\/RIOLAUJA-300x213.jpg 300w, https:\/\/noticiasmercedinas.com\/site\/wp-content\/uploads\/2025\/04\/RIOLAUJA-768x547.jpg 768w, https:\/\/noticiasmercedinas.com\/site\/wp-content\/uploads\/2025\/04\/RIOLAUJA-640x455.jpg 640w, https:\/\/noticiasmercedinas.com\/site\/wp-content\/uploads\/2025\/04\/RIOLAUJA-681x485.jpg 681w\" sizes=\"auto, (max-width: 801px) 100vw, 801px\" \/><\/p>\n<p>San Antonio de Areco celebr\u00f3 este s\u00e1bado la Primera Regata Ambiental 2025, una jornada que combin\u00f3 deporte y compromiso ecol\u00f3gico para promover el cuidado del R\u00edo Areco.<\/p>\n<p>La actividad, organizada por las Direcciones de Ambiente y Deportes junto a la Municipalidad, reuni\u00f3 a vecinos de todas las edades, profesores de gimnasia y amantes del r\u00edo.<\/p>\n<p>M\u00e1s de una decena de embarcaciones \u2014entre kayaks y piraguas\u2014 participaron del recorrido que se extendi\u00f3 desde el Puente Viejo hasta el Paso de las Carretas. A pesar de no ser la \u00e9poca ideal para este tipo de actividades, el buen clima acompa\u00f1\u00f3 y el entusiasmo de los participantes hizo posible una traves\u00eda destacada.<\/p>\n<p>El objetivo principal fue reforzar la conciencia ambiental. Durante el trayecto, los participantes recogieron residuos de la costa, dejando un claro mensaje sobre la importancia de preservar los espacios naturales. Adem\u00e1s, la jornada sirvi\u00f3 como un reencuentro para muchos vecinos, quienes recordaron \u00e9pocas en las que el r\u00edo ocupaba un lugar central en la vida social y deportiva de Areco.<\/p>\n<p>Desde la organizaci\u00f3n destacaron que este tipo de iniciativas refuerzan el compromiso de la comunidad con el medio ambiente y confirman que acciones simples pueden tener un impacto positivo para construir un futuro m\u00e1s limpio y sostenible.<\/p>\n","protected":false},"excerpt":{"rendered":"<p>San Antonio de Areco celebr\u00f3 este s\u00e1bado la Primera Regata Ambiental 2025, una jornada que combin\u00f3 deporte y compromiso ecol\u00f3gico para promover el cuidado del R\u00edo Areco. La actividad, organizada por las Direcciones de Ambiente y Deportes junto a la Municipalidad, reuni\u00f3 a vecinos de todas las edades, profesores de gimnasia y amantes del r\u00edo. [&hellip;]<\/p>\n","protected":false},"author":16,"featured_media":158292,"comment_status":"closed","ping_status":"closed","sticky":false,"template":"","format":"standard","meta":{"footnotes":""},"categories":[139],"tags":[9729,20005,2884],"class_list":["post-158291","post","type-post","status-publish","format-standard","has-post-thumbnail","hentry","category-regionales","tag-areco","tag-regata-ambiental","tag-rio"],"yoast_head":"<!-- This site is optimized with the Yoast SEO plugin v27.4 - https:\/\/yoast.com\/product\/yoast-seo-wordpress\/ -->\n<title>Areco realiz\u00f3 su primera Regata Ambiental para concientizar sobre el cuidado del r\u00edo<\/title>\n<meta name=\"description\" content=\"La actividad, organizada por las Direcciones de Ambiente y Deportes junto a la Municipalidad, reuni\u00f3 a vecinos de todas las edades, profesores de gimnasia y amantes del r\u00edo.\" \/>\n<meta name=\"robots\" content=\"index, follow, max-snippet:-1, max-image-preview:large, max-video-preview:-1\" \/>\n<link rel=\"canonical\" href=\"https:\/\/noticiasmercedinas.com\/site\/2025\/04\/28\/areco-realizo-su-primera-regata-ambiental-para-concientizar-sobre-el-cuidado-del-rio\/\" \/>\n<meta property=\"og:locale\" content=\"es_ES\" \/>\n<meta property=\"og:type\" content=\"article\" \/>\n<meta property=\"og:title\" content=\"Areco realiz\u00f3 su primera Regata Ambiental para concientizar sobre el cuidado del r\u00edo\" \/>\n<meta property=\"og:description\" content=\"La actividad, organizada por las Direcciones de Ambiente y Deportes junto a la Municipalidad, reuni\u00f3 a vecinos de todas las edades, profesores de gimnasia y amantes del r\u00edo.\" \/>\n<meta property=\"og:url\" content=\"https:\/\/noticiasmercedinas.com\/site\/2025\/04\/28\/areco-realizo-su-primera-regata-ambiental-para-concientizar-sobre-el-cuidado-del-rio\/\" \/>\n<meta property=\"og:site_name\" content=\"NOTICIASMERCEDINAS.COM\" \/>\n<meta property=\"article:publisher\" content=\"https:\/\/www.facebook.com\/noticiasmercedinas\/\" \/>\n<meta property=\"article:published_time\" content=\"2025-04-28T18:52:45+00:00\" \/>\n<meta property=\"og:image\" content=\"https:\/\/noticiasmercedinas.com\/site\/wp-content\/uploads\/2025\/04\/RIOLAUJA.jpg\" \/>\n\t<meta property=\"og:image:width\" content=\"801\" \/>\n\t<meta property=\"og:image:height\" content=\"570\" \/>\n\t<meta property=\"og:image:type\" content=\"image\/jpeg\" \/>\n<meta name=\"author\" content=\"NOTICIASMERCEDINAS.COM\" \/>\n<meta name=\"twitter:card\" content=\"summary_large_image\" \/>\n<meta name=\"twitter:creator\" content=\"@notmercedinas\" \/>\n<meta name=\"twitter:site\" content=\"@notmercedinas\" \/>\n<meta name=\"twitter:label1\" content=\"Escrito por\" \/>\n\t<meta name=\"twitter:data1\" content=\"NOTICIASMERCEDINAS.COM\" \/>\n\t<meta name=\"twitter:label2\" content=\"Tiempo de lectura\" \/>\n\t<meta name=\"twitter:data2\" content=\"2 minutos\" \/>\n<script type=\"application\/ld+json\" class=\"yoast-schema-graph\">{\"@context\":\"https:\\\/\\\/schema.org\",\"@graph\":[{\"@type\":\"Article\",\"@id\":\"https:\\\/\\\/noticiasmercedinas.com\\\/site\\\/2025\\\/04\\\/28\\\/areco-realizo-su-primera-regata-ambiental-para-concientizar-sobre-el-cuidado-del-rio\\\/#article\",\"isPartOf\":{\"@id\":\"https:\\\/\\\/noticiasmercedinas.com\\\/site\\\/2025\\\/04\\\/28\\\/areco-realizo-su-primera-regata-ambiental-para-concientizar-sobre-el-cuidado-del-rio\\\/\"},\"author\":{\"name\":\"NOTICIASMERCEDINAS.COM\",\"@id\":\"https:\\\/\\\/noticiasmercedinas.com\\\/site\\\/#\\\/schema\\\/person\\\/84b59c099c28ff2e8b77d4ceec5d8063\"},\"headline\":\"Areco realiz\u00f3 su primera Regata Ambiental para concientizar sobre el cuidado del r\u00edo\",\"datePublished\":\"2025-04-28T18:52:45+00:00\",\"mainEntityOfPage\":{\"@id\":\"https:\\\/\\\/noticiasmercedinas.com\\\/site\\\/2025\\\/04\\\/28\\\/areco-realizo-su-primera-regata-ambiental-para-concientizar-sobre-el-cuidado-del-rio\\\/\"},\"wordCount\":229,\"publisher\":{\"@id\":\"https:\\\/\\\/noticiasmercedinas.com\\\/site\\\/#organization\"},\"image\":{\"@id\":\"https:\\\/\\\/noticiasmercedinas.com\\\/site\\\/2025\\\/04\\\/28\\\/areco-realizo-su-primera-regata-ambiental-para-concientizar-sobre-el-cuidado-del-rio\\\/#primaryimage\"},\"thumbnailUrl\":\"https:\\\/\\\/noticiasmercedinas.com\\\/site\\\/wp-content\\\/uploads\\\/2025\\\/04\\\/RIOLAUJA.jpg\",\"keywords\":[\"areco\",\"regata ambiental\",\"r\u00edo\"],\"articleSection\":[\"Regionales\"],\"inLanguage\":\"es\"},{\"@type\":\"WebPage\",\"@id\":\"https:\\\/\\\/noticiasmercedinas.com\\\/site\\\/2025\\\/04\\\/28\\\/areco-realizo-su-primera-regata-ambiental-para-concientizar-sobre-el-cuidado-del-rio\\\/\",\"url\":\"https:\\\/\\\/noticiasmercedinas.com\\\/site\\\/2025\\\/04\\\/28\\\/areco-realizo-su-primera-regata-ambiental-para-concientizar-sobre-el-cuidado-del-rio\\\/\",\"name\":\"Areco realiz\u00f3 su primera Regata Ambiental para concientizar sobre el cuidado del r\u00edo\",\"isPartOf\":{\"@id\":\"https:\\\/\\\/noticiasmercedinas.com\\\/site\\\/#website\"},\"primaryImageOfPage\":{\"@id\":\"https:\\\/\\\/noticiasmercedinas.com\\\/site\\\/2025\\\/04\\\/28\\\/areco-realizo-su-primera-regata-ambiental-para-concientizar-sobre-el-cuidado-del-rio\\\/#primaryimage\"},\"image\":{\"@id\":\"https:\\\/\\\/noticiasmercedinas.com\\\/site\\\/2025\\\/04\\\/28\\\/areco-realizo-su-primera-regata-ambiental-para-concientizar-sobre-el-cuidado-del-rio\\\/#primaryimage\"},\"thumbnailUrl\":\"https:\\\/\\\/noticiasmercedinas.com\\\/site\\\/wp-content\\\/uploads\\\/2025\\\/04\\\/RIOLAUJA.jpg\",\"datePublished\":\"2025-04-28T18:52:45+00:00\",\"description\":\"La actividad, organizada por las Direcciones de Ambiente y Deportes junto a la Municipalidad, reuni\u00f3 a vecinos de todas las edades, profesores de gimnasia y amantes del r\u00edo.\",\"breadcrumb\":{\"@id\":\"https:\\\/\\\/noticiasmercedinas.com\\\/site\\\/2025\\\/04\\\/28\\\/areco-realizo-su-primera-regata-ambiental-para-concientizar-sobre-el-cuidado-del-rio\\\/#breadcrumb\"},\"inLanguage\":\"es\",\"potentialAction\":[{\"@type\":\"ReadAction\",\"target\":[\"https:\\\/\\\/noticiasmercedinas.com\\\/site\\\/2025\\\/04\\\/28\\\/areco-realizo-su-primera-regata-ambiental-para-concientizar-sobre-el-cuidado-del-rio\\\/\"]}]},{\"@type\":\"ImageObject\",\"inLanguage\":\"es\",\"@id\":\"https:\\\/\\\/noticiasmercedinas.com\\\/site\\\/2025\\\/04\\\/28\\\/areco-realizo-su-primera-regata-ambiental-para-concientizar-sobre-el-cuidado-del-rio\\\/#primaryimage\",\"url\":\"https:\\\/\\\/noticiasmercedinas.com\\\/site\\\/wp-content\\\/uploads\\\/2025\\\/04\\\/RIOLAUJA.jpg\",\"contentUrl\":\"https:\\\/\\\/noticiasmercedinas.com\\\/site\\\/wp-content\\\/uploads\\\/2025\\\/04\\\/RIOLAUJA.jpg\",\"width\":801,\"height\":570},{\"@type\":\"BreadcrumbList\",\"@id\":\"https:\\\/\\\/noticiasmercedinas.com\\\/site\\\/2025\\\/04\\\/28\\\/areco-realizo-su-primera-regata-ambiental-para-concientizar-sobre-el-cuidado-del-rio\\\/#breadcrumb\",\"itemListElement\":[{\"@type\":\"ListItem\",\"position\":1,\"name\":\"Portada\",\"item\":\"https:\\\/\\\/noticiasmercedinas.com\\\/site\\\/\"},{\"@type\":\"ListItem\",\"position\":2,\"name\":\"Areco realiz\u00f3 su primera Regata Ambiental para concientizar sobre el cuidado del r\u00edo\"}]},{\"@type\":\"WebSite\",\"@id\":\"https:\\\/\\\/noticiasmercedinas.com\\\/site\\\/#website\",\"url\":\"https:\\\/\\\/noticiasmercedinas.com\\\/site\\\/\",\"name\":\"NOTICIASMERCEDINAS.COM\",\"description\":\"Mercedes, Buenos Aires, Argentina\",\"publisher\":{\"@id\":\"https:\\\/\\\/noticiasmercedinas.com\\\/site\\\/#organization\"},\"potentialAction\":[{\"@type\":\"SearchAction\",\"target\":{\"@type\":\"EntryPoint\",\"urlTemplate\":\"https:\\\/\\\/noticiasmercedinas.com\\\/site\\\/?s={search_term_string}\"},\"query-input\":{\"@type\":\"PropertyValueSpecification\",\"valueRequired\":true,\"valueName\":\"search_term_string\"}}],\"inLanguage\":\"es\"},{\"@type\":\"Organization\",\"@id\":\"https:\\\/\\\/noticiasmercedinas.com\\\/site\\\/#organization\",\"name\":\"NOTICIASMERCEDINAS.COM\",\"url\":\"https:\\\/\\\/noticiasmercedinas.com\\\/site\\\/\",\"logo\":{\"@type\":\"ImageObject\",\"inLanguage\":\"es\",\"@id\":\"https:\\\/\\\/noticiasmercedinas.com\\\/site\\\/#\\\/schema\\\/logo\\\/image\\\/\",\"url\":\"https:\\\/\\\/noticiasmercedinas.com\\\/site\\\/wp-content\\\/uploads\\\/2020\\\/06\\\/LOGO-512.jpg\",\"contentUrl\":\"https:\\\/\\\/noticiasmercedinas.com\\\/site\\\/wp-content\\\/uploads\\\/2020\\\/06\\\/LOGO-512.jpg\",\"width\":512,\"height\":512,\"caption\":\"NOTICIASMERCEDINAS.COM\"},\"image\":{\"@id\":\"https:\\\/\\\/noticiasmercedinas.com\\\/site\\\/#\\\/schema\\\/logo\\\/image\\\/\"},\"sameAs\":[\"https:\\\/\\\/www.facebook.com\\\/noticiasmercedinas\\\/\",\"https:\\\/\\\/x.com\\\/notmercedinas\",\"https:\\\/\\\/www.instagram.com\\\/noticiasmercedinas\\\/\"]},{\"@type\":\"Person\",\"@id\":\"https:\\\/\\\/noticiasmercedinas.com\\\/site\\\/#\\\/schema\\\/person\\\/84b59c099c28ff2e8b77d4ceec5d8063\",\"name\":\"NOTICIASMERCEDINAS.COM\",\"image\":{\"@type\":\"ImageObject\",\"inLanguage\":\"es\",\"@id\":\"https:\\\/\\\/secure.gravatar.com\\\/avatar\\\/4dfbf16b4d17945bfb6341b2d19043457132fcf478a5ee04f42e959fd8f5df0a?s=96&d=mm&r=g\",\"url\":\"https:\\\/\\\/secure.gravatar.com\\\/avatar\\\/4dfbf16b4d17945bfb6341b2d19043457132fcf478a5ee04f42e959fd8f5df0a?s=96&d=mm&r=g\",\"contentUrl\":\"https:\\\/\\\/secure.gravatar.com\\\/avatar\\\/4dfbf16b4d17945bfb6341b2d19043457132fcf478a5ee04f42e959fd8f5df0a?s=96&d=mm&r=g\",\"caption\":\"NOTICIASMERCEDINAS.COM\"},\"url\":\"https:\\\/\\\/noticiasmercedinas.com\\\/site\\\/author\\\/anonimo\\\/\"}]}<\/script>\n<!-- \/ Yoast SEO plugin. -->","yoast_head_json":{"title":"Areco realiz\u00f3 su primera Regata Ambiental para concientizar sobre el cuidado del r\u00edo","description":"La actividad, organizada por las Direcciones de Ambiente y Deportes junto a la Municipalidad, reuni\u00f3 a vecinos de todas las edades, profesores de gimnasia y amantes del r\u00edo.","robots":{"index":"index","follow":"follow","max-snippet":"max-snippet:-1","max-image-preview":"max-image-preview:large","max-video-preview":"max-video-preview:-1"},"canonical":"https:\/\/noticiasmercedinas.com\/site\/2025\/04\/28\/areco-realizo-su-primera-regata-ambiental-para-concientizar-sobre-el-cuidado-del-rio\/","og_locale":"es_ES","og_type":"article","og_title":"Areco realiz\u00f3 su primera Regata Ambiental para concientizar sobre el cuidado del r\u00edo","og_description":"La actividad, organizada por las Direcciones de Ambiente y Deportes junto a la Municipalidad, reuni\u00f3 a vecinos de todas las edades, profesores de gimnasia y amantes del r\u00edo.","og_url":"https:\/\/noticiasmercedinas.com\/site\/2025\/04\/28\/areco-realizo-su-primera-regata-ambiental-para-concientizar-sobre-el-cuidado-del-rio\/","og_site_name":"NOTICIASMERCEDINAS.COM","article_publisher":"https:\/\/www.facebook.com\/noticiasmercedinas\/","article_published_time":"2025-04-28T18:52:45+00:00","og_image":[{"width":801,"height":570,"url":"https:\/\/noticiasmercedinas.com\/site\/wp-content\/uploads\/2025\/04\/RIOLAUJA.jpg","type":"image\/jpeg"}],"author":"NOTICIASMERCEDINAS.COM","twitter_card":"summary_large_image","twitter_creator":"@notmercedinas","twitter_site":"@notmercedinas","twitter_misc":{"Escrito por":"NOTICIASMERCEDINAS.COM","Tiempo de lectura":"2 minutos"},"schema":{"@context":"https:\/\/schema.org","@graph":[{"@type":"Article","@id":"https:\/\/noticiasmercedinas.com\/site\/2025\/04\/28\/areco-realizo-su-primera-regata-ambiental-para-concientizar-sobre-el-cuidado-del-rio\/#article","isPartOf":{"@id":"https:\/\/noticiasmercedinas.com\/site\/2025\/04\/28\/areco-realizo-su-primera-regata-ambiental-para-concientizar-sobre-el-cuidado-del-rio\/"},"author":{"name":"NOTICIASMERCEDINAS.COM","@id":"https:\/\/noticiasmercedinas.com\/site\/#\/schema\/person\/84b59c099c28ff2e8b77d4ceec5d8063"},"headline":"Areco realiz\u00f3 su primera Regata Ambiental para concientizar sobre el cuidado del r\u00edo","datePublished":"2025-04-28T18:52:45+00:00","mainEntityOfPage":{"@id":"https:\/\/noticiasmercedinas.com\/site\/2025\/04\/28\/areco-realizo-su-primera-regata-ambiental-para-concientizar-sobre-el-cuidado-del-rio\/"},"wordCount":229,"publisher":{"@id":"https:\/\/noticiasmercedinas.com\/site\/#organization"},"image":{"@id":"https:\/\/noticiasmercedinas.com\/site\/2025\/04\/28\/areco-realizo-su-primera-regata-ambiental-para-concientizar-sobre-el-cuidado-del-rio\/#primaryimage"},"thumbnailUrl":"https:\/\/noticiasmercedinas.com\/site\/wp-content\/uploads\/2025\/04\/RIOLAUJA.jpg","keywords":["areco","regata ambiental","r\u00edo"],"articleSection":["Regionales"],"inLanguage":"es"},{"@type":"WebPage","@id":"https:\/\/noticiasmercedinas.com\/site\/2025\/04\/28\/areco-realizo-su-primera-regata-ambiental-para-concientizar-sobre-el-cuidado-del-rio\/","url":"https:\/\/noticiasmercedinas.com\/site\/2025\/04\/28\/areco-realizo-su-primera-regata-ambiental-para-concientizar-sobre-el-cuidado-del-rio\/","name":"Areco realiz\u00f3 su primera Regata Ambiental para concientizar sobre el cuidado del r\u00edo","isPartOf":{"@id":"https:\/\/noticiasmercedinas.com\/site\/#website"},"primaryImageOfPage":{"@id":"https:\/\/noticiasmercedinas.com\/site\/2025\/04\/28\/areco-realizo-su-primera-regata-ambiental-para-concientizar-sobre-el-cuidado-del-rio\/#primaryimage"},"image":{"@id":"https:\/\/noticiasmercedinas.com\/site\/2025\/04\/28\/areco-realizo-su-primera-regata-ambiental-para-concientizar-sobre-el-cuidado-del-rio\/#primaryimage"},"thumbnailUrl":"https:\/\/noticiasmercedinas.com\/site\/wp-content\/uploads\/2025\/04\/RIOLAUJA.jpg","datePublished":"2025-04-28T18:52:45+00:00","description":"La actividad, organizada por las Direcciones de Ambiente y Deportes junto a la Municipalidad, reuni\u00f3 a vecinos de todas las edades, profesores de gimnasia y amantes del r\u00edo.","breadcrumb":{"@id":"https:\/\/noticiasmercedinas.com\/site\/2025\/04\/28\/areco-realizo-su-primera-regata-ambiental-para-concientizar-sobre-el-cuidado-del-rio\/#breadcrumb"},"inLanguage":"es","potentialAction":[{"@type":"ReadAction","target":["https:\/\/noticiasmercedinas.com\/site\/2025\/04\/28\/areco-realizo-su-primera-regata-ambiental-para-concientizar-sobre-el-cuidado-del-rio\/"]}]},{"@type":"ImageObject","inLanguage":"es","@id":"https:\/\/noticiasmercedinas.com\/site\/2025\/04\/28\/areco-realizo-su-primera-regata-ambiental-para-concientizar-sobre-el-cuidado-del-rio\/#primaryimage","url":"https:\/\/noticiasmercedinas.com\/site\/wp-content\/uploads\/2025\/04\/RIOLAUJA.jpg","contentUrl":"https:\/\/noticiasmercedinas.com\/site\/wp-content\/uploads\/2025\/04\/RIOLAUJA.jpg","width":801,"height":570},{"@type":"BreadcrumbList","@id":"https:\/\/noticiasmercedinas.com\/site\/2025\/04\/28\/areco-realizo-su-primera-regata-ambiental-para-concientizar-sobre-el-cuidado-del-rio\/#breadcrumb","itemListElement":[{"@type":"ListItem","position":1,"name":"Portada","item":"https:\/\/noticiasmercedinas.com\/site\/"},{"@type":"ListItem","position":2,"name":"Areco realiz\u00f3 su primera Regata Ambiental para concientizar sobre el cuidado del r\u00edo"}]},{"@type":"WebSite","@id":"https:\/\/noticiasmercedinas.com\/site\/#website","url":"https:\/\/noticiasmercedinas.com\/site\/","name":"NOTICIASMERCEDINAS.COM","description":"Mercedes, Buenos Aires, Argentina","publisher":{"@id":"https:\/\/noticiasmercedinas.com\/site\/#organization"},"potentialAction":[{"@type":"SearchAction","target":{"@type":"EntryPoint","urlTemplate":"https:\/\/noticiasmercedinas.com\/site\/?s={search_term_string}"},"query-input":{"@type":"PropertyValueSpecification","valueRequired":true,"valueName":"search_term_string"}}],"inLanguage":"es"},{"@type":"Organization","@id":"https:\/\/noticiasmercedinas.com\/site\/#organization","name":"NOTICIASMERCEDINAS.COM","url":"https:\/\/noticiasmercedinas.com\/site\/","logo":{"@type":"ImageObject","inLanguage":"es","@id":"https:\/\/noticiasmercedinas.com\/site\/#\/schema\/logo\/image\/","url":"https:\/\/noticiasmercedinas.com\/site\/wp-content\/uploads\/2020\/06\/LOGO-512.jpg","contentUrl":"https:\/\/noticiasmercedinas.com\/site\/wp-content\/uploads\/2020\/06\/LOGO-512.jpg","width":512,"height":512,"caption":"NOTICIASMERCEDINAS.COM"},"image":{"@id":"https:\/\/noticiasmercedinas.com\/site\/#\/schema\/logo\/image\/"},"sameAs":["https:\/\/www.facebook.com\/noticiasmercedinas\/","https:\/\/x.com\/notmercedinas","https:\/\/www.instagram.com\/noticiasmercedinas\/"]},{"@type":"Person","@id":"https:\/\/noticiasmercedinas.com\/site\/#\/schema\/person\/84b59c099c28ff2e8b77d4ceec5d8063","name":"NOTICIASMERCEDINAS.COM","image":{"@type":"ImageObject","inLanguage":"es","@id":"https:\/\/secure.gravatar.com\/avatar\/4dfbf16b4d17945bfb6341b2d19043457132fcf478a5ee04f42e959fd8f5df0a?s=96&d=mm&r=g","url":"https:\/\/secure.gravatar.com\/avatar\/4dfbf16b4d17945bfb6341b2d19043457132fcf478a5ee04f42e959fd8f5df0a?s=96&d=mm&r=g","contentUrl":"https:\/\/secure.gravatar.com\/avatar\/4dfbf16b4d17945bfb6341b2d19043457132fcf478a5ee04f42e959fd8f5df0a?s=96&d=mm&r=g","caption":"NOTICIASMERCEDINAS.COM"},"url":"https:\/\/noticiasmercedinas.com\/site\/author\/anonimo\/"}]}},"amp_enabled":true,"_links":{"self":[{"href":"https:\/\/noticiasmercedinas.com\/site\/wp-json\/wp\/v2\/posts\/158291","targetHints":{"allow":["GET"]}}],"collection":[{"href":"https:\/\/noticiasmercedinas.com\/site\/wp-json\/wp\/v2\/posts"}],"about":[{"href":"https:\/\/noticiasmercedinas.com\/site\/wp-json\/wp\/v2\/types\/post"}],"author":[{"embeddable":true,"href":"https:\/\/noticiasmercedinas.com\/site\/wp-json\/wp\/v2\/users\/16"}],"replies":[{"embeddable":true,"href":"https:\/\/noticiasmercedinas.com\/site\/wp-json\/wp\/v2\/comments?post=158291"}],"version-history":[{"count":1,"href":"https:\/\/noticiasmercedinas.com\/site\/wp-json\/wp\/v2\/posts\/158291\/revisions"}],"predecessor-version":[{"id":158293,"href":"https:\/\/noticiasmercedinas.com\/site\/wp-json\/wp\/v2\/posts\/158291\/revisions\/158293"}],"wp:featuredmedia":[{"embeddable":true,"href":"https:\/\/noticiasmercedinas.com\/site\/wp-json\/wp\/v2\/media\/158292"}],"wp:attachment":[{"href":"https:\/\/noticiasmercedinas.com\/site\/wp-json\/wp\/v2\/media?parent=158291"}],"wp:term":[{"taxonomy":"category","embeddable":true,"href":"https:\/\/noticiasmercedinas.com\/site\/wp-json\/wp\/v2\/categories?post=158291"},{"taxonomy":"post_tag","embeddable":true,"href":"https:\/\/noticiasmercedinas.com\/site\/wp-json\/wp\/v2\/tags?post=158291"}],"curies":[{"name":"wp","href":"https:\/\/api.w.org\/{rel}","templated":true}]}}