{"id":158430,"date":"2025-04-30T12:11:51","date_gmt":"2025-04-30T15:11:51","guid":{"rendered":"https:\/\/noticiasmercedinas.com\/site\/?p=158430"},"modified":"2025-04-30T13:45:43","modified_gmt":"2025-04-30T16:45:43","slug":"vuelve-movimientos-del-alma-al-teatro-argentino","status":"publish","type":"post","link":"https:\/\/noticiasmercedinas.com\/site\/2025\/04\/30\/vuelve-movimientos-del-alma-al-teatro-argentino\/","title":{"rendered":"Vuelve \u201cMovimientos del Alma\u201d al Teatro Argentino"},"content":{"rendered":"<p><img loading=\"lazy\" decoding=\"async\" class=\"alignnone size-full wp-image-158432\" src=\"https:\/\/noticiasmercedinas.com\/site\/wp-content\/uploads\/2025\/04\/IMG-20250430-WA0049-scaled.jpg\" alt=\"\" width=\"2560\" height=\"1707\" srcset=\"https:\/\/noticiasmercedinas.com\/site\/wp-content\/uploads\/2025\/04\/IMG-20250430-WA0049-scaled.jpg 2560w, https:\/\/noticiasmercedinas.com\/site\/wp-content\/uploads\/2025\/04\/IMG-20250430-WA0049-300x200.jpg 300w, https:\/\/noticiasmercedinas.com\/site\/wp-content\/uploads\/2025\/04\/IMG-20250430-WA0049-1024x683.jpg 1024w, https:\/\/noticiasmercedinas.com\/site\/wp-content\/uploads\/2025\/04\/IMG-20250430-WA0049-768x512.jpg 768w, https:\/\/noticiasmercedinas.com\/site\/wp-content\/uploads\/2025\/04\/IMG-20250430-WA0049-1536x1024.jpg 1536w, https:\/\/noticiasmercedinas.com\/site\/wp-content\/uploads\/2025\/04\/IMG-20250430-WA0049-2048x1365.jpg 2048w, https:\/\/noticiasmercedinas.com\/site\/wp-content\/uploads\/2025\/04\/IMG-20250430-WA0049-640x427.jpg 640w, https:\/\/noticiasmercedinas.com\/site\/wp-content\/uploads\/2025\/04\/IMG-20250430-WA0049-1280x853.jpg 1280w, https:\/\/noticiasmercedinas.com\/site\/wp-content\/uploads\/2025\/04\/IMG-20250430-WA0049-681x454.jpg 681w, https:\/\/noticiasmercedinas.com\/site\/wp-content\/uploads\/2025\/04\/IMG-20250430-WA0049-1362x908.jpg 1362w\" sizes=\"auto, (max-width: 2560px) 100vw, 2560px\" \/><\/p>\n<p>Este s\u00e1bado 3 de mayo, a las 20.30 horas, se realizar\u00e1 en el Teatro Argentino Julio C. Gioscio la cuarta edici\u00f3n del festival de danzas Movimientos del Alma en la ciudad de Mercedes.<\/p>\n<p>El evento contar\u00e1 con la participaci\u00f3n de estudios y ballets folkl\u00f3ricos locales y de zonas cercanas, que presentar\u00e1n una selecci\u00f3n de coreograf\u00edas de distintos g\u00e9neros.<\/p>\n<p>El espect\u00e1culo reunir\u00e1 a los estudios Alas del Alma, Pasi\u00f3n Flamenco, Alba y Entretelones; y a los ballets folkl\u00f3ricos El Bagual, Almas de mi Pueblo, Herederos de mi Tierra, Ra\u00edces, El Encuentro, Alma de Tradici\u00f3n, Uniendo Provincias, adem\u00e1s del departamento de Folklore del Conservatorio Gatell.<\/p>\n<p>Con el lema \u201cDonde los cuerpos y la danza sean los que expresen los sentimientos del alma\u201d, el festival propone un espacio para celebrar el arte, la vocaci\u00f3n y el talento.<\/p>\n<p>La propuesta incluye estilos diversos como Folklore, Reggaet\u00f3n, Tango, Jazz, Flamenco, Salsa y m\u00e1s, en una din\u00e1mica puesta en escena con presentaciones coreogr\u00e1ficas aleatorias.<\/p>\n<p>Organizado por Agust\u00edn Cravero y Gabriela Banderbek, el evento ya tuvo quince ediciones en Luj\u00e1n y llega por cuarta vez a Mercedes, donde se ha consolidado como una cita cultural esperada por el p\u00fablico.<\/p>\n<p>Las entradas tienen un valor de 4000 pesos y se encuentran a la venta en la boleter\u00eda del teatro.<\/p>\n","protected":false},"excerpt":{"rendered":"<p>\u25a0 El festival de danzas celebra su cuarta edici\u00f3n en Mercedes con una gran variedad de estilos y la participaci\u00f3n de destacados conjuntos de la regi\u00f3n<\/p>\n","protected":false},"author":16,"featured_media":158432,"comment_status":"closed","ping_status":"closed","sticky":false,"template":"","format":"standard","meta":{"footnotes":""},"categories":[4],"tags":[1813,2072,846,163],"class_list":["post-158430","post","type-post","status-publish","format-standard","has-post-thumbnail","hentry","category-cultura","tag-ballet","tag-danzas","tag-festival","tag-teatro-argentino"],"yoast_head":"<!-- This site is optimized with the Yoast SEO plugin v27.4 - https:\/\/yoast.com\/product\/yoast-seo-wordpress\/ -->\n<title>Vuelve \u201cMovimientos del Alma\u201d al Teatro Argentino<\/title>\n<meta name=\"description\" content=\"El festival de danzas celebra su cuarta edici\u00f3n en Mercedes con una gran variedad de estilos y la participaci\u00f3n de destacados conjuntos de la regi\u00f3n\" \/>\n<meta name=\"robots\" content=\"index, follow, max-snippet:-1, max-image-preview:large, max-video-preview:-1\" \/>\n<link rel=\"canonical\" href=\"https:\/\/noticiasmercedinas.com\/site\/2025\/04\/30\/vuelve-movimientos-del-alma-al-teatro-argentino\/\" \/>\n<meta property=\"og:locale\" content=\"es_ES\" \/>\n<meta property=\"og:type\" content=\"article\" \/>\n<meta property=\"og:title\" content=\"Vuelve \u201cMovimientos del Alma\u201d al Teatro Argentino\" \/>\n<meta property=\"og:description\" content=\"El festival de danzas celebra su cuarta edici\u00f3n en Mercedes con una gran variedad de estilos y la participaci\u00f3n de destacados conjuntos de la regi\u00f3n\" \/>\n<meta property=\"og:url\" content=\"https:\/\/noticiasmercedinas.com\/site\/2025\/04\/30\/vuelve-movimientos-del-alma-al-teatro-argentino\/\" \/>\n<meta property=\"og:site_name\" content=\"NOTICIASMERCEDINAS.COM\" \/>\n<meta property=\"article:publisher\" content=\"https:\/\/www.facebook.com\/noticiasmercedinas\/\" \/>\n<meta property=\"article:published_time\" content=\"2025-04-30T15:11:51+00:00\" \/>\n<meta property=\"article:modified_time\" content=\"2025-04-30T16:45:43+00:00\" \/>\n<meta property=\"og:image\" content=\"https:\/\/noticiasmercedinas.com\/site\/wp-content\/uploads\/2025\/04\/IMG-20250430-WA0049-scaled.jpg\" \/>\n\t<meta property=\"og:image:width\" content=\"2560\" \/>\n\t<meta property=\"og:image:height\" content=\"1707\" \/>\n\t<meta property=\"og:image:type\" content=\"image\/jpeg\" \/>\n<meta name=\"author\" content=\"NOTICIASMERCEDINAS.COM\" \/>\n<meta name=\"twitter:card\" content=\"summary_large_image\" \/>\n<meta name=\"twitter:creator\" content=\"@notmercedinas\" \/>\n<meta name=\"twitter:site\" content=\"@notmercedinas\" \/>\n<meta name=\"twitter:label1\" content=\"Escrito por\" \/>\n\t<meta name=\"twitter:data1\" content=\"NOTICIASMERCEDINAS.COM\" \/>\n\t<meta name=\"twitter:label2\" content=\"Tiempo de lectura\" \/>\n\t<meta name=\"twitter:data2\" content=\"2 minutos\" \/>\n<script type=\"application\/ld+json\" class=\"yoast-schema-graph\">{\"@context\":\"https:\\\/\\\/schema.org\",\"@graph\":[{\"@type\":\"Article\",\"@id\":\"https:\\\/\\\/noticiasmercedinas.com\\\/site\\\/2025\\\/04\\\/30\\\/vuelve-movimientos-del-alma-al-teatro-argentino\\\/#article\",\"isPartOf\":{\"@id\":\"https:\\\/\\\/noticiasmercedinas.com\\\/site\\\/2025\\\/04\\\/30\\\/vuelve-movimientos-del-alma-al-teatro-argentino\\\/\"},\"author\":{\"name\":\"NOTICIASMERCEDINAS.COM\",\"@id\":\"https:\\\/\\\/noticiasmercedinas.com\\\/site\\\/#\\\/schema\\\/person\\\/84b59c099c28ff2e8b77d4ceec5d8063\"},\"headline\":\"Vuelve \u201cMovimientos del Alma\u201d al Teatro Argentino\",\"datePublished\":\"2025-04-30T15:11:51+00:00\",\"dateModified\":\"2025-04-30T16:45:43+00:00\",\"mainEntityOfPage\":{\"@id\":\"https:\\\/\\\/noticiasmercedinas.com\\\/site\\\/2025\\\/04\\\/30\\\/vuelve-movimientos-del-alma-al-teatro-argentino\\\/\"},\"wordCount\":238,\"publisher\":{\"@id\":\"https:\\\/\\\/noticiasmercedinas.com\\\/site\\\/#organization\"},\"image\":{\"@id\":\"https:\\\/\\\/noticiasmercedinas.com\\\/site\\\/2025\\\/04\\\/30\\\/vuelve-movimientos-del-alma-al-teatro-argentino\\\/#primaryimage\"},\"thumbnailUrl\":\"https:\\\/\\\/noticiasmercedinas.com\\\/site\\\/wp-content\\\/uploads\\\/2025\\\/04\\\/IMG-20250430-WA0049-scaled.jpg\",\"keywords\":[\"ballet\",\"danzas\",\"festival\",\"teatro argentino\"],\"articleSection\":[\"Cultura\"],\"inLanguage\":\"es\"},{\"@type\":\"WebPage\",\"@id\":\"https:\\\/\\\/noticiasmercedinas.com\\\/site\\\/2025\\\/04\\\/30\\\/vuelve-movimientos-del-alma-al-teatro-argentino\\\/\",\"url\":\"https:\\\/\\\/noticiasmercedinas.com\\\/site\\\/2025\\\/04\\\/30\\\/vuelve-movimientos-del-alma-al-teatro-argentino\\\/\",\"name\":\"Vuelve \u201cMovimientos del Alma\u201d al Teatro Argentino\",\"isPartOf\":{\"@id\":\"https:\\\/\\\/noticiasmercedinas.com\\\/site\\\/#website\"},\"primaryImageOfPage\":{\"@id\":\"https:\\\/\\\/noticiasmercedinas.com\\\/site\\\/2025\\\/04\\\/30\\\/vuelve-movimientos-del-alma-al-teatro-argentino\\\/#primaryimage\"},\"image\":{\"@id\":\"https:\\\/\\\/noticiasmercedinas.com\\\/site\\\/2025\\\/04\\\/30\\\/vuelve-movimientos-del-alma-al-teatro-argentino\\\/#primaryimage\"},\"thumbnailUrl\":\"https:\\\/\\\/noticiasmercedinas.com\\\/site\\\/wp-content\\\/uploads\\\/2025\\\/04\\\/IMG-20250430-WA0049-scaled.jpg\",\"datePublished\":\"2025-04-30T15:11:51+00:00\",\"dateModified\":\"2025-04-30T16:45:43+00:00\",\"description\":\"El festival de danzas celebra su cuarta edici\u00f3n en Mercedes con una gran variedad de estilos y la participaci\u00f3n de destacados conjuntos de la regi\u00f3n\",\"breadcrumb\":{\"@id\":\"https:\\\/\\\/noticiasmercedinas.com\\\/site\\\/2025\\\/04\\\/30\\\/vuelve-movimientos-del-alma-al-teatro-argentino\\\/#breadcrumb\"},\"inLanguage\":\"es\",\"potentialAction\":[{\"@type\":\"ReadAction\",\"target\":[\"https:\\\/\\\/noticiasmercedinas.com\\\/site\\\/2025\\\/04\\\/30\\\/vuelve-movimientos-del-alma-al-teatro-argentino\\\/\"]}]},{\"@type\":\"ImageObject\",\"inLanguage\":\"es\",\"@id\":\"https:\\\/\\\/noticiasmercedinas.com\\\/site\\\/2025\\\/04\\\/30\\\/vuelve-movimientos-del-alma-al-teatro-argentino\\\/#primaryimage\",\"url\":\"https:\\\/\\\/noticiasmercedinas.com\\\/site\\\/wp-content\\\/uploads\\\/2025\\\/04\\\/IMG-20250430-WA0049-scaled.jpg\",\"contentUrl\":\"https:\\\/\\\/noticiasmercedinas.com\\\/site\\\/wp-content\\\/uploads\\\/2025\\\/04\\\/IMG-20250430-WA0049-scaled.jpg\",\"width\":2560,\"height\":1707},{\"@type\":\"BreadcrumbList\",\"@id\":\"https:\\\/\\\/noticiasmercedinas.com\\\/site\\\/2025\\\/04\\\/30\\\/vuelve-movimientos-del-alma-al-teatro-argentino\\\/#breadcrumb\",\"itemListElement\":[{\"@type\":\"ListItem\",\"position\":1,\"name\":\"Portada\",\"item\":\"https:\\\/\\\/noticiasmercedinas.com\\\/site\\\/\"},{\"@type\":\"ListItem\",\"position\":2,\"name\":\"Vuelve \u201cMovimientos del Alma\u201d al Teatro Argentino\"}]},{\"@type\":\"WebSite\",\"@id\":\"https:\\\/\\\/noticiasmercedinas.com\\\/site\\\/#website\",\"url\":\"https:\\\/\\\/noticiasmercedinas.com\\\/site\\\/\",\"name\":\"NOTICIASMERCEDINAS.COM\",\"description\":\"Mercedes, Buenos Aires, Argentina\",\"publisher\":{\"@id\":\"https:\\\/\\\/noticiasmercedinas.com\\\/site\\\/#organization\"},\"potentialAction\":[{\"@type\":\"SearchAction\",\"target\":{\"@type\":\"EntryPoint\",\"urlTemplate\":\"https:\\\/\\\/noticiasmercedinas.com\\\/site\\\/?s={search_term_string}\"},\"query-input\":{\"@type\":\"PropertyValueSpecification\",\"valueRequired\":true,\"valueName\":\"search_term_string\"}}],\"inLanguage\":\"es\"},{\"@type\":\"Organization\",\"@id\":\"https:\\\/\\\/noticiasmercedinas.com\\\/site\\\/#organization\",\"name\":\"NOTICIASMERCEDINAS.COM\",\"url\":\"https:\\\/\\\/noticiasmercedinas.com\\\/site\\\/\",\"logo\":{\"@type\":\"ImageObject\",\"inLanguage\":\"es\",\"@id\":\"https:\\\/\\\/noticiasmercedinas.com\\\/site\\\/#\\\/schema\\\/logo\\\/image\\\/\",\"url\":\"https:\\\/\\\/noticiasmercedinas.com\\\/site\\\/wp-content\\\/uploads\\\/2020\\\/06\\\/LOGO-512.jpg\",\"contentUrl\":\"https:\\\/\\\/noticiasmercedinas.com\\\/site\\\/wp-content\\\/uploads\\\/2020\\\/06\\\/LOGO-512.jpg\",\"width\":512,\"height\":512,\"caption\":\"NOTICIASMERCEDINAS.COM\"},\"image\":{\"@id\":\"https:\\\/\\\/noticiasmercedinas.com\\\/site\\\/#\\\/schema\\\/logo\\\/image\\\/\"},\"sameAs\":[\"https:\\\/\\\/www.facebook.com\\\/noticiasmercedinas\\\/\",\"https:\\\/\\\/x.com\\\/notmercedinas\",\"https:\\\/\\\/www.instagram.com\\\/noticiasmercedinas\\\/\"]},{\"@type\":\"Person\",\"@id\":\"https:\\\/\\\/noticiasmercedinas.com\\\/site\\\/#\\\/schema\\\/person\\\/84b59c099c28ff2e8b77d4ceec5d8063\",\"name\":\"NOTICIASMERCEDINAS.COM\",\"image\":{\"@type\":\"ImageObject\",\"inLanguage\":\"es\",\"@id\":\"https:\\\/\\\/secure.gravatar.com\\\/avatar\\\/4dfbf16b4d17945bfb6341b2d19043457132fcf478a5ee04f42e959fd8f5df0a?s=96&d=mm&r=g\",\"url\":\"https:\\\/\\\/secure.gravatar.com\\\/avatar\\\/4dfbf16b4d17945bfb6341b2d19043457132fcf478a5ee04f42e959fd8f5df0a?s=96&d=mm&r=g\",\"contentUrl\":\"https:\\\/\\\/secure.gravatar.com\\\/avatar\\\/4dfbf16b4d17945bfb6341b2d19043457132fcf478a5ee04f42e959fd8f5df0a?s=96&d=mm&r=g\",\"caption\":\"NOTICIASMERCEDINAS.COM\"},\"url\":\"https:\\\/\\\/noticiasmercedinas.com\\\/site\\\/author\\\/anonimo\\\/\"}]}<\/script>\n<!-- \/ Yoast SEO plugin. -->","yoast_head_json":{"title":"Vuelve \u201cMovimientos del Alma\u201d al Teatro Argentino","description":"El festival de danzas celebra su cuarta edici\u00f3n en Mercedes con una gran variedad de estilos y la participaci\u00f3n de destacados conjuntos de la regi\u00f3n","robots":{"index":"index","follow":"follow","max-snippet":"max-snippet:-1","max-image-preview":"max-image-preview:large","max-video-preview":"max-video-preview:-1"},"canonical":"https:\/\/noticiasmercedinas.com\/site\/2025\/04\/30\/vuelve-movimientos-del-alma-al-teatro-argentino\/","og_locale":"es_ES","og_type":"article","og_title":"Vuelve \u201cMovimientos del Alma\u201d al Teatro Argentino","og_description":"El festival de danzas celebra su cuarta edici\u00f3n en Mercedes con una gran variedad de estilos y la participaci\u00f3n de destacados conjuntos de la regi\u00f3n","og_url":"https:\/\/noticiasmercedinas.com\/site\/2025\/04\/30\/vuelve-movimientos-del-alma-al-teatro-argentino\/","og_site_name":"NOTICIASMERCEDINAS.COM","article_publisher":"https:\/\/www.facebook.com\/noticiasmercedinas\/","article_published_time":"2025-04-30T15:11:51+00:00","article_modified_time":"2025-04-30T16:45:43+00:00","og_image":[{"width":2560,"height":1707,"url":"https:\/\/noticiasmercedinas.com\/site\/wp-content\/uploads\/2025\/04\/IMG-20250430-WA0049-scaled.jpg","type":"image\/jpeg"}],"author":"NOTICIASMERCEDINAS.COM","twitter_card":"summary_large_image","twitter_creator":"@notmercedinas","twitter_site":"@notmercedinas","twitter_misc":{"Escrito por":"NOTICIASMERCEDINAS.COM","Tiempo de lectura":"2 minutos"},"schema":{"@context":"https:\/\/schema.org","@graph":[{"@type":"Article","@id":"https:\/\/noticiasmercedinas.com\/site\/2025\/04\/30\/vuelve-movimientos-del-alma-al-teatro-argentino\/#article","isPartOf":{"@id":"https:\/\/noticiasmercedinas.com\/site\/2025\/04\/30\/vuelve-movimientos-del-alma-al-teatro-argentino\/"},"author":{"name":"NOTICIASMERCEDINAS.COM","@id":"https:\/\/noticiasmercedinas.com\/site\/#\/schema\/person\/84b59c099c28ff2e8b77d4ceec5d8063"},"headline":"Vuelve \u201cMovimientos del Alma\u201d al Teatro Argentino","datePublished":"2025-04-30T15:11:51+00:00","dateModified":"2025-04-30T16:45:43+00:00","mainEntityOfPage":{"@id":"https:\/\/noticiasmercedinas.com\/site\/2025\/04\/30\/vuelve-movimientos-del-alma-al-teatro-argentino\/"},"wordCount":238,"publisher":{"@id":"https:\/\/noticiasmercedinas.com\/site\/#organization"},"image":{"@id":"https:\/\/noticiasmercedinas.com\/site\/2025\/04\/30\/vuelve-movimientos-del-alma-al-teatro-argentino\/#primaryimage"},"thumbnailUrl":"https:\/\/noticiasmercedinas.com\/site\/wp-content\/uploads\/2025\/04\/IMG-20250430-WA0049-scaled.jpg","keywords":["ballet","danzas","festival","teatro argentino"],"articleSection":["Cultura"],"inLanguage":"es"},{"@type":"WebPage","@id":"https:\/\/noticiasmercedinas.com\/site\/2025\/04\/30\/vuelve-movimientos-del-alma-al-teatro-argentino\/","url":"https:\/\/noticiasmercedinas.com\/site\/2025\/04\/30\/vuelve-movimientos-del-alma-al-teatro-argentino\/","name":"Vuelve \u201cMovimientos del Alma\u201d al Teatro Argentino","isPartOf":{"@id":"https:\/\/noticiasmercedinas.com\/site\/#website"},"primaryImageOfPage":{"@id":"https:\/\/noticiasmercedinas.com\/site\/2025\/04\/30\/vuelve-movimientos-del-alma-al-teatro-argentino\/#primaryimage"},"image":{"@id":"https:\/\/noticiasmercedinas.com\/site\/2025\/04\/30\/vuelve-movimientos-del-alma-al-teatro-argentino\/#primaryimage"},"thumbnailUrl":"https:\/\/noticiasmercedinas.com\/site\/wp-content\/uploads\/2025\/04\/IMG-20250430-WA0049-scaled.jpg","datePublished":"2025-04-30T15:11:51+00:00","dateModified":"2025-04-30T16:45:43+00:00","description":"El festival de danzas celebra su cuarta edici\u00f3n en Mercedes con una gran variedad de estilos y la participaci\u00f3n de destacados conjuntos de la regi\u00f3n","breadcrumb":{"@id":"https:\/\/noticiasmercedinas.com\/site\/2025\/04\/30\/vuelve-movimientos-del-alma-al-teatro-argentino\/#breadcrumb"},"inLanguage":"es","potentialAction":[{"@type":"ReadAction","target":["https:\/\/noticiasmercedinas.com\/site\/2025\/04\/30\/vuelve-movimientos-del-alma-al-teatro-argentino\/"]}]},{"@type":"ImageObject","inLanguage":"es","@id":"https:\/\/noticiasmercedinas.com\/site\/2025\/04\/30\/vuelve-movimientos-del-alma-al-teatro-argentino\/#primaryimage","url":"https:\/\/noticiasmercedinas.com\/site\/wp-content\/uploads\/2025\/04\/IMG-20250430-WA0049-scaled.jpg","contentUrl":"https:\/\/noticiasmercedinas.com\/site\/wp-content\/uploads\/2025\/04\/IMG-20250430-WA0049-scaled.jpg","width":2560,"height":1707},{"@type":"BreadcrumbList","@id":"https:\/\/noticiasmercedinas.com\/site\/2025\/04\/30\/vuelve-movimientos-del-alma-al-teatro-argentino\/#breadcrumb","itemListElement":[{"@type":"ListItem","position":1,"name":"Portada","item":"https:\/\/noticiasmercedinas.com\/site\/"},{"@type":"ListItem","position":2,"name":"Vuelve \u201cMovimientos del Alma\u201d al Teatro Argentino"}]},{"@type":"WebSite","@id":"https:\/\/noticiasmercedinas.com\/site\/#website","url":"https:\/\/noticiasmercedinas.com\/site\/","name":"NOTICIASMERCEDINAS.COM","description":"Mercedes, Buenos Aires, Argentina","publisher":{"@id":"https:\/\/noticiasmercedinas.com\/site\/#organization"},"potentialAction":[{"@type":"SearchAction","target":{"@type":"EntryPoint","urlTemplate":"https:\/\/noticiasmercedinas.com\/site\/?s={search_term_string}"},"query-input":{"@type":"PropertyValueSpecification","valueRequired":true,"valueName":"search_term_string"}}],"inLanguage":"es"},{"@type":"Organization","@id":"https:\/\/noticiasmercedinas.com\/site\/#organization","name":"NOTICIASMERCEDINAS.COM","url":"https:\/\/noticiasmercedinas.com\/site\/","logo":{"@type":"ImageObject","inLanguage":"es","@id":"https:\/\/noticiasmercedinas.com\/site\/#\/schema\/logo\/image\/","url":"https:\/\/noticiasmercedinas.com\/site\/wp-content\/uploads\/2020\/06\/LOGO-512.jpg","contentUrl":"https:\/\/noticiasmercedinas.com\/site\/wp-content\/uploads\/2020\/06\/LOGO-512.jpg","width":512,"height":512,"caption":"NOTICIASMERCEDINAS.COM"},"image":{"@id":"https:\/\/noticiasmercedinas.com\/site\/#\/schema\/logo\/image\/"},"sameAs":["https:\/\/www.facebook.com\/noticiasmercedinas\/","https:\/\/x.com\/notmercedinas","https:\/\/www.instagram.com\/noticiasmercedinas\/"]},{"@type":"Person","@id":"https:\/\/noticiasmercedinas.com\/site\/#\/schema\/person\/84b59c099c28ff2e8b77d4ceec5d8063","name":"NOTICIASMERCEDINAS.COM","image":{"@type":"ImageObject","inLanguage":"es","@id":"https:\/\/secure.gravatar.com\/avatar\/4dfbf16b4d17945bfb6341b2d19043457132fcf478a5ee04f42e959fd8f5df0a?s=96&d=mm&r=g","url":"https:\/\/secure.gravatar.com\/avatar\/4dfbf16b4d17945bfb6341b2d19043457132fcf478a5ee04f42e959fd8f5df0a?s=96&d=mm&r=g","contentUrl":"https:\/\/secure.gravatar.com\/avatar\/4dfbf16b4d17945bfb6341b2d19043457132fcf478a5ee04f42e959fd8f5df0a?s=96&d=mm&r=g","caption":"NOTICIASMERCEDINAS.COM"},"url":"https:\/\/noticiasmercedinas.com\/site\/author\/anonimo\/"}]}},"amp_enabled":true,"_links":{"self":[{"href":"https:\/\/noticiasmercedinas.com\/site\/wp-json\/wp\/v2\/posts\/158430","targetHints":{"allow":["GET"]}}],"collection":[{"href":"https:\/\/noticiasmercedinas.com\/site\/wp-json\/wp\/v2\/posts"}],"about":[{"href":"https:\/\/noticiasmercedinas.com\/site\/wp-json\/wp\/v2\/types\/post"}],"author":[{"embeddable":true,"href":"https:\/\/noticiasmercedinas.com\/site\/wp-json\/wp\/v2\/users\/16"}],"replies":[{"embeddable":true,"href":"https:\/\/noticiasmercedinas.com\/site\/wp-json\/wp\/v2\/comments?post=158430"}],"version-history":[{"count":3,"href":"https:\/\/noticiasmercedinas.com\/site\/wp-json\/wp\/v2\/posts\/158430\/revisions"}],"predecessor-version":[{"id":158436,"href":"https:\/\/noticiasmercedinas.com\/site\/wp-json\/wp\/v2\/posts\/158430\/revisions\/158436"}],"wp:featuredmedia":[{"embeddable":true,"href":"https:\/\/noticiasmercedinas.com\/site\/wp-json\/wp\/v2\/media\/158432"}],"wp:attachment":[{"href":"https:\/\/noticiasmercedinas.com\/site\/wp-json\/wp\/v2\/media?parent=158430"}],"wp:term":[{"taxonomy":"category","embeddable":true,"href":"https:\/\/noticiasmercedinas.com\/site\/wp-json\/wp\/v2\/categories?post=158430"},{"taxonomy":"post_tag","embeddable":true,"href":"https:\/\/noticiasmercedinas.com\/site\/wp-json\/wp\/v2\/tags?post=158430"}],"curies":[{"name":"wp","href":"https:\/\/api.w.org\/{rel}","templated":true}]}}