{"id":158458,"date":"2025-04-30T16:48:50","date_gmt":"2025-04-30T19:48:50","guid":{"rendered":"https:\/\/noticiasmercedinas.com\/site\/?p=158458"},"modified":"2025-04-30T18:26:37","modified_gmt":"2025-04-30T21:26:37","slug":"el-aumento-para-taxis-locales-se-revisa-en-el-concejo-y-aun-no-se-aplicara","status":"publish","type":"post","link":"https:\/\/noticiasmercedinas.com\/site\/2025\/04\/30\/el-aumento-para-taxis-locales-se-revisa-en-el-concejo-y-aun-no-se-aplicara\/","title":{"rendered":"El aumento para taxis locales se revisa en el Concejo y a\u00fan no se aplicar\u00e1"},"content":{"rendered":"<p><img loading=\"lazy\" decoding=\"async\" class=\"alignnone size-full wp-image-158459\" src=\"https:\/\/noticiasmercedinas.com\/site\/wp-content\/uploads\/2025\/04\/SILVIADILEO.jpg\" alt=\"\" width=\"650\" height=\"354\" srcset=\"https:\/\/noticiasmercedinas.com\/site\/wp-content\/uploads\/2025\/04\/SILVIADILEO.jpg 650w, https:\/\/noticiasmercedinas.com\/site\/wp-content\/uploads\/2025\/04\/SILVIADILEO-300x163.jpg 300w, https:\/\/noticiasmercedinas.com\/site\/wp-content\/uploads\/2025\/04\/SILVIADILEO-640x349.jpg 640w\" sizes=\"auto, (max-width: 650px) 100vw, 650px\" \/><\/p>\n<p>Aunque el Concejo Deliberante aprob\u00f3 una ordenanza con un nuevo cuadro tarifario para el servicio de taxis en Mercedes, el incremento a\u00fan no se implementa. La medida contin\u00faa en an\u00e1lisis tras una reuni\u00f3n de comisi\u00f3n ampliada realizada este mi\u00e9rcoles con la participaci\u00f3n de concejales y representantes de cuatro paradas locales, en la que se reconsideraron los valores a pedido de los propios trabajadores del sector.<\/p>\n<p>Seg\u00fan explic\u00f3 a este medio la concejala libertaria <strong>Silvia Di Leo<\/strong>, quien es presidenta de la Comisi\u00f3n de Hacienda, \u201cen la reuni\u00f3n con los taxistas, despu\u00e9s de algunas idas y vueltas, logramos acordar el aumento que nosotros les ofrecimos originariamente: con una bajada de bandera de $1.800 y una ficha de $150, logrando bajar lo propuesto por el sector, que era una ficha de $200\u201d.<\/p>\n<p>A pesar del consenso alcanzado, Di Leo precis\u00f3 que el lunes los taxistas presentar\u00e1n una nota formal y el martes a las 10 horas se convocar\u00e1 a una sesi\u00f3n extraordinaria del cuerpo para tratar el tema en profundidad.<\/p>\n<p>Tambi\u00e9n se les solicit\u00f3 a los representantes de las paradas que elaboren un esquema de estructura de costos y una evaluaci\u00f3n de la demanda de viajes \u2014ya sean de corta, media o mayor distancia\u2014 con el fin de tener referencias m\u00e1s concretas al momento de revisar las tarifas. Aunque esa informaci\u00f3n no ser\u00e1 entregada el lunes, se les pidi\u00f3 que comiencen a prepararla.<\/p>\n<p>En el encuentro participaron los concejales <strong>Andrea Bozzini, Mariana San Mart\u00edn, Juli\u00e1n Inzurgarat, Ramiro Piccone, Lucila Villoslada, D\u00e9bora Lacasa, Evangelina Cabral, Marcela Munnarriz, Mauricio Pollacchi y Silvia Di Leo<\/strong>.<\/p>\n<p>Por otra parte, se propuso establecer una tarifa tope para que luego cada parada pueda definir su cuadro de manera particular, compitiendo por debajo de ese m\u00e1ximo seg\u00fan su estructura de costos y demanda. No obstante, los taxistas manifestaron su preferencia por una tarifa \u00fanica para todo el sector.<\/p>\n<p>La ordenanza N\u00b0 9546\/2025, que establece el nuevo cuadro tarifario y modifica aspectos vinculados a las paradas de taxis, fue sancionada por unanimidad tras el tratamiento conjunto de varios expedientes (N\u00ba 15, 16, 17, 18 y 30\/2025). Sin embargo, el aumento a\u00fan no rige ya que la normativa no fue promulgada por el Departamento Ejecutivo ni publicada en el Bolet\u00edn Oficial, algo que <a href=\"https:\/\/noticiasmercedinas.com\/site\/2025\/04\/16\/taxistas-aclaran-que-aun-no-rige-el-aumento-de-tarifas-aprobado-por-el-concejo\/\">hab\u00edan aclarado los taxistas<\/a> que estaban al tanto de que eran necesarias modificaciones.<\/p>\n<p>Hasta tanto se complete ese proceso administrativo, contin\u00faa vigente la tarifa anterior.<\/p>\n","protected":false},"excerpt":{"rendered":"<p>\u25a0 Tras reuni\u00f3n de comisi\u00f3n ampliada este mi\u00e9rcoles, el lunes los taxistas presentar\u00e1n una nota formal y el martes a las 10 horas se convocar\u00e1 a una sesi\u00f3n extraordinaria del cuerpo para tratar el tema en profundidad.<\/p>\n","protected":false},"author":16,"featured_media":158459,"comment_status":"closed","ping_status":"closed","sticky":false,"template":"","format":"standard","meta":{"footnotes":""},"categories":[16],"tags":[243,14622,4051],"class_list":["post-158458","post","type-post","status-publish","format-standard","has-post-thumbnail","hentry","category-politica","tag-concejo-deliberante","tag-silvia-di-leo","tag-taxis"],"yoast_head":"<!-- This site is optimized with the Yoast SEO plugin v27.5 - https:\/\/yoast.com\/product\/yoast-seo-wordpress\/ -->\n<title>El aumento para taxis locales se revisa en el Concejo y a\u00fan no se aplicar\u00e1<\/title>\n<meta name=\"description\" content=\"Tras reuni\u00f3n de comisi\u00f3n ampliada este mi\u00e9rcoles, el lunes los taxistas presentar\u00e1n una nota formal y el martes a las 10 horas se convocar\u00e1 a una sesi\u00f3n extraordinaria del cuerpo para tratar el tema en profundidad.\" \/>\n<meta name=\"robots\" content=\"index, follow, max-snippet:-1, max-image-preview:large, max-video-preview:-1\" \/>\n<link rel=\"canonical\" href=\"https:\/\/noticiasmercedinas.com\/site\/2025\/04\/30\/el-aumento-para-taxis-locales-se-revisa-en-el-concejo-y-aun-no-se-aplicara\/\" \/>\n<meta property=\"og:locale\" content=\"es_ES\" \/>\n<meta property=\"og:type\" content=\"article\" \/>\n<meta property=\"og:title\" content=\"El aumento para taxis locales se revisa en el Concejo y a\u00fan no se aplicar\u00e1\" \/>\n<meta property=\"og:description\" content=\"Tras reuni\u00f3n de comisi\u00f3n ampliada este mi\u00e9rcoles, el lunes los taxistas presentar\u00e1n una nota formal y el martes a las 10 horas se convocar\u00e1 a una sesi\u00f3n extraordinaria del cuerpo para tratar el tema en profundidad.\" \/>\n<meta property=\"og:url\" content=\"https:\/\/noticiasmercedinas.com\/site\/2025\/04\/30\/el-aumento-para-taxis-locales-se-revisa-en-el-concejo-y-aun-no-se-aplicara\/\" \/>\n<meta property=\"og:site_name\" content=\"NOTICIASMERCEDINAS.COM\" \/>\n<meta property=\"article:publisher\" content=\"https:\/\/www.facebook.com\/noticiasmercedinas\/\" \/>\n<meta property=\"article:published_time\" content=\"2025-04-30T19:48:50+00:00\" \/>\n<meta property=\"article:modified_time\" content=\"2025-04-30T21:26:37+00:00\" \/>\n<meta property=\"og:image\" content=\"https:\/\/noticiasmercedinas.com\/site\/wp-content\/uploads\/2025\/04\/SILVIADILEO.jpg\" \/>\n\t<meta property=\"og:image:width\" content=\"650\" \/>\n\t<meta property=\"og:image:height\" content=\"354\" \/>\n\t<meta property=\"og:image:type\" content=\"image\/jpeg\" \/>\n<meta name=\"author\" content=\"NOTICIASMERCEDINAS.COM\" \/>\n<meta name=\"twitter:card\" content=\"summary_large_image\" \/>\n<meta name=\"twitter:creator\" content=\"@notmercedinas\" \/>\n<meta name=\"twitter:site\" content=\"@notmercedinas\" \/>\n<meta name=\"twitter:label1\" content=\"Escrito por\" \/>\n\t<meta name=\"twitter:data1\" content=\"NOTICIASMERCEDINAS.COM\" \/>\n\t<meta name=\"twitter:label2\" content=\"Tiempo de lectura\" \/>\n\t<meta name=\"twitter:data2\" content=\"3 minutos\" \/>\n<script type=\"application\/ld+json\" class=\"yoast-schema-graph\">{\"@context\":\"https:\\\/\\\/schema.org\",\"@graph\":[{\"@type\":\"Article\",\"@id\":\"https:\\\/\\\/noticiasmercedinas.com\\\/site\\\/2025\\\/04\\\/30\\\/el-aumento-para-taxis-locales-se-revisa-en-el-concejo-y-aun-no-se-aplicara\\\/#article\",\"isPartOf\":{\"@id\":\"https:\\\/\\\/noticiasmercedinas.com\\\/site\\\/2025\\\/04\\\/30\\\/el-aumento-para-taxis-locales-se-revisa-en-el-concejo-y-aun-no-se-aplicara\\\/\"},\"author\":{\"name\":\"NOTICIASMERCEDINAS.COM\",\"@id\":\"https:\\\/\\\/noticiasmercedinas.com\\\/site\\\/#\\\/schema\\\/person\\\/84b59c099c28ff2e8b77d4ceec5d8063\"},\"headline\":\"El aumento para taxis locales se revisa en el Concejo y a\u00fan no se aplicar\u00e1\",\"datePublished\":\"2025-04-30T19:48:50+00:00\",\"dateModified\":\"2025-04-30T21:26:37+00:00\",\"mainEntityOfPage\":{\"@id\":\"https:\\\/\\\/noticiasmercedinas.com\\\/site\\\/2025\\\/04\\\/30\\\/el-aumento-para-taxis-locales-se-revisa-en-el-concejo-y-aun-no-se-aplicara\\\/\"},\"wordCount\":429,\"publisher\":{\"@id\":\"https:\\\/\\\/noticiasmercedinas.com\\\/site\\\/#organization\"},\"image\":{\"@id\":\"https:\\\/\\\/noticiasmercedinas.com\\\/site\\\/2025\\\/04\\\/30\\\/el-aumento-para-taxis-locales-se-revisa-en-el-concejo-y-aun-no-se-aplicara\\\/#primaryimage\"},\"thumbnailUrl\":\"https:\\\/\\\/noticiasmercedinas.com\\\/site\\\/wp-content\\\/uploads\\\/2025\\\/04\\\/SILVIADILEO.jpg\",\"keywords\":[\"concejo deliberante\",\"Silvia Di Leo\",\"taxis\"],\"articleSection\":[\"Politica\"],\"inLanguage\":\"es\"},{\"@type\":\"WebPage\",\"@id\":\"https:\\\/\\\/noticiasmercedinas.com\\\/site\\\/2025\\\/04\\\/30\\\/el-aumento-para-taxis-locales-se-revisa-en-el-concejo-y-aun-no-se-aplicara\\\/\",\"url\":\"https:\\\/\\\/noticiasmercedinas.com\\\/site\\\/2025\\\/04\\\/30\\\/el-aumento-para-taxis-locales-se-revisa-en-el-concejo-y-aun-no-se-aplicara\\\/\",\"name\":\"El aumento para taxis locales se revisa en el Concejo y a\u00fan no se aplicar\u00e1\",\"isPartOf\":{\"@id\":\"https:\\\/\\\/noticiasmercedinas.com\\\/site\\\/#website\"},\"primaryImageOfPage\":{\"@id\":\"https:\\\/\\\/noticiasmercedinas.com\\\/site\\\/2025\\\/04\\\/30\\\/el-aumento-para-taxis-locales-se-revisa-en-el-concejo-y-aun-no-se-aplicara\\\/#primaryimage\"},\"image\":{\"@id\":\"https:\\\/\\\/noticiasmercedinas.com\\\/site\\\/2025\\\/04\\\/30\\\/el-aumento-para-taxis-locales-se-revisa-en-el-concejo-y-aun-no-se-aplicara\\\/#primaryimage\"},\"thumbnailUrl\":\"https:\\\/\\\/noticiasmercedinas.com\\\/site\\\/wp-content\\\/uploads\\\/2025\\\/04\\\/SILVIADILEO.jpg\",\"datePublished\":\"2025-04-30T19:48:50+00:00\",\"dateModified\":\"2025-04-30T21:26:37+00:00\",\"description\":\"Tras reuni\u00f3n de comisi\u00f3n ampliada este mi\u00e9rcoles, el lunes los taxistas presentar\u00e1n una nota formal y el martes a las 10 horas se convocar\u00e1 a una sesi\u00f3n extraordinaria del cuerpo para tratar el tema en profundidad.\",\"breadcrumb\":{\"@id\":\"https:\\\/\\\/noticiasmercedinas.com\\\/site\\\/2025\\\/04\\\/30\\\/el-aumento-para-taxis-locales-se-revisa-en-el-concejo-y-aun-no-se-aplicara\\\/#breadcrumb\"},\"inLanguage\":\"es\",\"potentialAction\":[{\"@type\":\"ReadAction\",\"target\":[\"https:\\\/\\\/noticiasmercedinas.com\\\/site\\\/2025\\\/04\\\/30\\\/el-aumento-para-taxis-locales-se-revisa-en-el-concejo-y-aun-no-se-aplicara\\\/\"]}]},{\"@type\":\"ImageObject\",\"inLanguage\":\"es\",\"@id\":\"https:\\\/\\\/noticiasmercedinas.com\\\/site\\\/2025\\\/04\\\/30\\\/el-aumento-para-taxis-locales-se-revisa-en-el-concejo-y-aun-no-se-aplicara\\\/#primaryimage\",\"url\":\"https:\\\/\\\/noticiasmercedinas.com\\\/site\\\/wp-content\\\/uploads\\\/2025\\\/04\\\/SILVIADILEO.jpg\",\"contentUrl\":\"https:\\\/\\\/noticiasmercedinas.com\\\/site\\\/wp-content\\\/uploads\\\/2025\\\/04\\\/SILVIADILEO.jpg\",\"width\":650,\"height\":354},{\"@type\":\"BreadcrumbList\",\"@id\":\"https:\\\/\\\/noticiasmercedinas.com\\\/site\\\/2025\\\/04\\\/30\\\/el-aumento-para-taxis-locales-se-revisa-en-el-concejo-y-aun-no-se-aplicara\\\/#breadcrumb\",\"itemListElement\":[{\"@type\":\"ListItem\",\"position\":1,\"name\":\"Portada\",\"item\":\"https:\\\/\\\/noticiasmercedinas.com\\\/site\\\/\"},{\"@type\":\"ListItem\",\"position\":2,\"name\":\"El aumento para taxis locales se revisa en el Concejo y a\u00fan no se aplicar\u00e1\"}]},{\"@type\":\"WebSite\",\"@id\":\"https:\\\/\\\/noticiasmercedinas.com\\\/site\\\/#website\",\"url\":\"https:\\\/\\\/noticiasmercedinas.com\\\/site\\\/\",\"name\":\"NOTICIASMERCEDINAS.COM\",\"description\":\"Mercedes, Buenos Aires, Argentina\",\"publisher\":{\"@id\":\"https:\\\/\\\/noticiasmercedinas.com\\\/site\\\/#organization\"},\"potentialAction\":[{\"@type\":\"SearchAction\",\"target\":{\"@type\":\"EntryPoint\",\"urlTemplate\":\"https:\\\/\\\/noticiasmercedinas.com\\\/site\\\/?s={search_term_string}\"},\"query-input\":{\"@type\":\"PropertyValueSpecification\",\"valueRequired\":true,\"valueName\":\"search_term_string\"}}],\"inLanguage\":\"es\"},{\"@type\":\"Organization\",\"@id\":\"https:\\\/\\\/noticiasmercedinas.com\\\/site\\\/#organization\",\"name\":\"NOTICIASMERCEDINAS.COM\",\"url\":\"https:\\\/\\\/noticiasmercedinas.com\\\/site\\\/\",\"logo\":{\"@type\":\"ImageObject\",\"inLanguage\":\"es\",\"@id\":\"https:\\\/\\\/noticiasmercedinas.com\\\/site\\\/#\\\/schema\\\/logo\\\/image\\\/\",\"url\":\"https:\\\/\\\/noticiasmercedinas.com\\\/site\\\/wp-content\\\/uploads\\\/2020\\\/06\\\/LOGO-512.jpg\",\"contentUrl\":\"https:\\\/\\\/noticiasmercedinas.com\\\/site\\\/wp-content\\\/uploads\\\/2020\\\/06\\\/LOGO-512.jpg\",\"width\":512,\"height\":512,\"caption\":\"NOTICIASMERCEDINAS.COM\"},\"image\":{\"@id\":\"https:\\\/\\\/noticiasmercedinas.com\\\/site\\\/#\\\/schema\\\/logo\\\/image\\\/\"},\"sameAs\":[\"https:\\\/\\\/www.facebook.com\\\/noticiasmercedinas\\\/\",\"https:\\\/\\\/x.com\\\/notmercedinas\",\"https:\\\/\\\/www.instagram.com\\\/noticiasmercedinas\\\/\"]},{\"@type\":\"Person\",\"@id\":\"https:\\\/\\\/noticiasmercedinas.com\\\/site\\\/#\\\/schema\\\/person\\\/84b59c099c28ff2e8b77d4ceec5d8063\",\"name\":\"NOTICIASMERCEDINAS.COM\",\"image\":{\"@type\":\"ImageObject\",\"inLanguage\":\"es\",\"@id\":\"https:\\\/\\\/secure.gravatar.com\\\/avatar\\\/4dfbf16b4d17945bfb6341b2d19043457132fcf478a5ee04f42e959fd8f5df0a?s=96&d=mm&r=g\",\"url\":\"https:\\\/\\\/secure.gravatar.com\\\/avatar\\\/4dfbf16b4d17945bfb6341b2d19043457132fcf478a5ee04f42e959fd8f5df0a?s=96&d=mm&r=g\",\"contentUrl\":\"https:\\\/\\\/secure.gravatar.com\\\/avatar\\\/4dfbf16b4d17945bfb6341b2d19043457132fcf478a5ee04f42e959fd8f5df0a?s=96&d=mm&r=g\",\"caption\":\"NOTICIASMERCEDINAS.COM\"},\"url\":\"https:\\\/\\\/noticiasmercedinas.com\\\/site\\\/author\\\/anonimo\\\/\"}]}<\/script>\n<!-- \/ Yoast SEO plugin. -->","yoast_head_json":{"title":"El aumento para taxis locales se revisa en el Concejo y a\u00fan no se aplicar\u00e1","description":"Tras reuni\u00f3n de comisi\u00f3n ampliada este mi\u00e9rcoles, el lunes los taxistas presentar\u00e1n una nota formal y el martes a las 10 horas se convocar\u00e1 a una sesi\u00f3n extraordinaria del cuerpo para tratar el tema en profundidad.","robots":{"index":"index","follow":"follow","max-snippet":"max-snippet:-1","max-image-preview":"max-image-preview:large","max-video-preview":"max-video-preview:-1"},"canonical":"https:\/\/noticiasmercedinas.com\/site\/2025\/04\/30\/el-aumento-para-taxis-locales-se-revisa-en-el-concejo-y-aun-no-se-aplicara\/","og_locale":"es_ES","og_type":"article","og_title":"El aumento para taxis locales se revisa en el Concejo y a\u00fan no se aplicar\u00e1","og_description":"Tras reuni\u00f3n de comisi\u00f3n ampliada este mi\u00e9rcoles, el lunes los taxistas presentar\u00e1n una nota formal y el martes a las 10 horas se convocar\u00e1 a una sesi\u00f3n extraordinaria del cuerpo para tratar el tema en profundidad.","og_url":"https:\/\/noticiasmercedinas.com\/site\/2025\/04\/30\/el-aumento-para-taxis-locales-se-revisa-en-el-concejo-y-aun-no-se-aplicara\/","og_site_name":"NOTICIASMERCEDINAS.COM","article_publisher":"https:\/\/www.facebook.com\/noticiasmercedinas\/","article_published_time":"2025-04-30T19:48:50+00:00","article_modified_time":"2025-04-30T21:26:37+00:00","og_image":[{"width":650,"height":354,"url":"https:\/\/noticiasmercedinas.com\/site\/wp-content\/uploads\/2025\/04\/SILVIADILEO.jpg","type":"image\/jpeg"}],"author":"NOTICIASMERCEDINAS.COM","twitter_card":"summary_large_image","twitter_creator":"@notmercedinas","twitter_site":"@notmercedinas","twitter_misc":{"Escrito por":"NOTICIASMERCEDINAS.COM","Tiempo de lectura":"3 minutos"},"schema":{"@context":"https:\/\/schema.org","@graph":[{"@type":"Article","@id":"https:\/\/noticiasmercedinas.com\/site\/2025\/04\/30\/el-aumento-para-taxis-locales-se-revisa-en-el-concejo-y-aun-no-se-aplicara\/#article","isPartOf":{"@id":"https:\/\/noticiasmercedinas.com\/site\/2025\/04\/30\/el-aumento-para-taxis-locales-se-revisa-en-el-concejo-y-aun-no-se-aplicara\/"},"author":{"name":"NOTICIASMERCEDINAS.COM","@id":"https:\/\/noticiasmercedinas.com\/site\/#\/schema\/person\/84b59c099c28ff2e8b77d4ceec5d8063"},"headline":"El aumento para taxis locales se revisa en el Concejo y a\u00fan no se aplicar\u00e1","datePublished":"2025-04-30T19:48:50+00:00","dateModified":"2025-04-30T21:26:37+00:00","mainEntityOfPage":{"@id":"https:\/\/noticiasmercedinas.com\/site\/2025\/04\/30\/el-aumento-para-taxis-locales-se-revisa-en-el-concejo-y-aun-no-se-aplicara\/"},"wordCount":429,"publisher":{"@id":"https:\/\/noticiasmercedinas.com\/site\/#organization"},"image":{"@id":"https:\/\/noticiasmercedinas.com\/site\/2025\/04\/30\/el-aumento-para-taxis-locales-se-revisa-en-el-concejo-y-aun-no-se-aplicara\/#primaryimage"},"thumbnailUrl":"https:\/\/noticiasmercedinas.com\/site\/wp-content\/uploads\/2025\/04\/SILVIADILEO.jpg","keywords":["concejo deliberante","Silvia Di Leo","taxis"],"articleSection":["Politica"],"inLanguage":"es"},{"@type":"WebPage","@id":"https:\/\/noticiasmercedinas.com\/site\/2025\/04\/30\/el-aumento-para-taxis-locales-se-revisa-en-el-concejo-y-aun-no-se-aplicara\/","url":"https:\/\/noticiasmercedinas.com\/site\/2025\/04\/30\/el-aumento-para-taxis-locales-se-revisa-en-el-concejo-y-aun-no-se-aplicara\/","name":"El aumento para taxis locales se revisa en el Concejo y a\u00fan no se aplicar\u00e1","isPartOf":{"@id":"https:\/\/noticiasmercedinas.com\/site\/#website"},"primaryImageOfPage":{"@id":"https:\/\/noticiasmercedinas.com\/site\/2025\/04\/30\/el-aumento-para-taxis-locales-se-revisa-en-el-concejo-y-aun-no-se-aplicara\/#primaryimage"},"image":{"@id":"https:\/\/noticiasmercedinas.com\/site\/2025\/04\/30\/el-aumento-para-taxis-locales-se-revisa-en-el-concejo-y-aun-no-se-aplicara\/#primaryimage"},"thumbnailUrl":"https:\/\/noticiasmercedinas.com\/site\/wp-content\/uploads\/2025\/04\/SILVIADILEO.jpg","datePublished":"2025-04-30T19:48:50+00:00","dateModified":"2025-04-30T21:26:37+00:00","description":"Tras reuni\u00f3n de comisi\u00f3n ampliada este mi\u00e9rcoles, el lunes los taxistas presentar\u00e1n una nota formal y el martes a las 10 horas se convocar\u00e1 a una sesi\u00f3n extraordinaria del cuerpo para tratar el tema en profundidad.","breadcrumb":{"@id":"https:\/\/noticiasmercedinas.com\/site\/2025\/04\/30\/el-aumento-para-taxis-locales-se-revisa-en-el-concejo-y-aun-no-se-aplicara\/#breadcrumb"},"inLanguage":"es","potentialAction":[{"@type":"ReadAction","target":["https:\/\/noticiasmercedinas.com\/site\/2025\/04\/30\/el-aumento-para-taxis-locales-se-revisa-en-el-concejo-y-aun-no-se-aplicara\/"]}]},{"@type":"ImageObject","inLanguage":"es","@id":"https:\/\/noticiasmercedinas.com\/site\/2025\/04\/30\/el-aumento-para-taxis-locales-se-revisa-en-el-concejo-y-aun-no-se-aplicara\/#primaryimage","url":"https:\/\/noticiasmercedinas.com\/site\/wp-content\/uploads\/2025\/04\/SILVIADILEO.jpg","contentUrl":"https:\/\/noticiasmercedinas.com\/site\/wp-content\/uploads\/2025\/04\/SILVIADILEO.jpg","width":650,"height":354},{"@type":"BreadcrumbList","@id":"https:\/\/noticiasmercedinas.com\/site\/2025\/04\/30\/el-aumento-para-taxis-locales-se-revisa-en-el-concejo-y-aun-no-se-aplicara\/#breadcrumb","itemListElement":[{"@type":"ListItem","position":1,"name":"Portada","item":"https:\/\/noticiasmercedinas.com\/site\/"},{"@type":"ListItem","position":2,"name":"El aumento para taxis locales se revisa en el Concejo y a\u00fan no se aplicar\u00e1"}]},{"@type":"WebSite","@id":"https:\/\/noticiasmercedinas.com\/site\/#website","url":"https:\/\/noticiasmercedinas.com\/site\/","name":"NOTICIASMERCEDINAS.COM","description":"Mercedes, Buenos Aires, Argentina","publisher":{"@id":"https:\/\/noticiasmercedinas.com\/site\/#organization"},"potentialAction":[{"@type":"SearchAction","target":{"@type":"EntryPoint","urlTemplate":"https:\/\/noticiasmercedinas.com\/site\/?s={search_term_string}"},"query-input":{"@type":"PropertyValueSpecification","valueRequired":true,"valueName":"search_term_string"}}],"inLanguage":"es"},{"@type":"Organization","@id":"https:\/\/noticiasmercedinas.com\/site\/#organization","name":"NOTICIASMERCEDINAS.COM","url":"https:\/\/noticiasmercedinas.com\/site\/","logo":{"@type":"ImageObject","inLanguage":"es","@id":"https:\/\/noticiasmercedinas.com\/site\/#\/schema\/logo\/image\/","url":"https:\/\/noticiasmercedinas.com\/site\/wp-content\/uploads\/2020\/06\/LOGO-512.jpg","contentUrl":"https:\/\/noticiasmercedinas.com\/site\/wp-content\/uploads\/2020\/06\/LOGO-512.jpg","width":512,"height":512,"caption":"NOTICIASMERCEDINAS.COM"},"image":{"@id":"https:\/\/noticiasmercedinas.com\/site\/#\/schema\/logo\/image\/"},"sameAs":["https:\/\/www.facebook.com\/noticiasmercedinas\/","https:\/\/x.com\/notmercedinas","https:\/\/www.instagram.com\/noticiasmercedinas\/"]},{"@type":"Person","@id":"https:\/\/noticiasmercedinas.com\/site\/#\/schema\/person\/84b59c099c28ff2e8b77d4ceec5d8063","name":"NOTICIASMERCEDINAS.COM","image":{"@type":"ImageObject","inLanguage":"es","@id":"https:\/\/secure.gravatar.com\/avatar\/4dfbf16b4d17945bfb6341b2d19043457132fcf478a5ee04f42e959fd8f5df0a?s=96&d=mm&r=g","url":"https:\/\/secure.gravatar.com\/avatar\/4dfbf16b4d17945bfb6341b2d19043457132fcf478a5ee04f42e959fd8f5df0a?s=96&d=mm&r=g","contentUrl":"https:\/\/secure.gravatar.com\/avatar\/4dfbf16b4d17945bfb6341b2d19043457132fcf478a5ee04f42e959fd8f5df0a?s=96&d=mm&r=g","caption":"NOTICIASMERCEDINAS.COM"},"url":"https:\/\/noticiasmercedinas.com\/site\/author\/anonimo\/"}]}},"amp_enabled":true,"_links":{"self":[{"href":"https:\/\/noticiasmercedinas.com\/site\/wp-json\/wp\/v2\/posts\/158458","targetHints":{"allow":["GET"]}}],"collection":[{"href":"https:\/\/noticiasmercedinas.com\/site\/wp-json\/wp\/v2\/posts"}],"about":[{"href":"https:\/\/noticiasmercedinas.com\/site\/wp-json\/wp\/v2\/types\/post"}],"author":[{"embeddable":true,"href":"https:\/\/noticiasmercedinas.com\/site\/wp-json\/wp\/v2\/users\/16"}],"replies":[{"embeddable":true,"href":"https:\/\/noticiasmercedinas.com\/site\/wp-json\/wp\/v2\/comments?post=158458"}],"version-history":[{"count":2,"href":"https:\/\/noticiasmercedinas.com\/site\/wp-json\/wp\/v2\/posts\/158458\/revisions"}],"predecessor-version":[{"id":158461,"href":"https:\/\/noticiasmercedinas.com\/site\/wp-json\/wp\/v2\/posts\/158458\/revisions\/158461"}],"wp:featuredmedia":[{"embeddable":true,"href":"https:\/\/noticiasmercedinas.com\/site\/wp-json\/wp\/v2\/media\/158459"}],"wp:attachment":[{"href":"https:\/\/noticiasmercedinas.com\/site\/wp-json\/wp\/v2\/media?parent=158458"}],"wp:term":[{"taxonomy":"category","embeddable":true,"href":"https:\/\/noticiasmercedinas.com\/site\/wp-json\/wp\/v2\/categories?post=158458"},{"taxonomy":"post_tag","embeddable":true,"href":"https:\/\/noticiasmercedinas.com\/site\/wp-json\/wp\/v2\/tags?post=158458"}],"curies":[{"name":"wp","href":"https:\/\/api.w.org\/{rel}","templated":true}]}}