{"id":15846,"date":"2019-04-07T17:46:11","date_gmt":"2019-04-07T20:46:11","guid":{"rendered":"https:\/\/noticiasmercedinas.com\/site\/?p=15846"},"modified":"2019-04-07T17:46:11","modified_gmt":"2019-04-07T20:46:11","slug":"suspendido-fiscal-bidone-declara-manana-ante-juez-ramos-padilla","status":"publish","type":"post","link":"https:\/\/noticiasmercedinas.com\/site\/2019\/04\/07\/suspendido-fiscal-bidone-declara-manana-ante-juez-ramos-padilla\/","title":{"rendered":"Suspendido fiscal Bidone declara ma\u00f1ana ante juez Ramos Padilla"},"content":{"rendered":"<p><a href=\"https:\/\/noticiasmercedinas.com\/site\/wp-content\/uploads\/2019\/04\/bidone_c5n.png\"><img loading=\"lazy\" decoding=\"async\" class=\"alignnone size-full wp-image-15847\" src=\"https:\/\/noticiasmercedinas.com\/site\/wp-content\/uploads\/2019\/04\/bidone_c5n.png\" alt=\"\" width=\"640\" height=\"445\" srcset=\"https:\/\/noticiasmercedinas.com\/site\/wp-content\/uploads\/2019\/04\/bidone_c5n.png 640w, https:\/\/noticiasmercedinas.com\/site\/wp-content\/uploads\/2019\/04\/bidone_c5n-300x209.png 300w\" sizes=\"auto, (max-width: 640px) 100vw, 640px\" \/><\/a><\/p>\n<p>El suspendido fiscal de Mercedes, Juan Ignacio Bidone, prestar\u00e1 declaraci\u00f3n indagatoria ma\u00f1ana lunes ante el juez federal de Dolores, Alejo Ramos Padilla, en la causa en la que se investiga la supuesta vinculaci\u00f3n entre funcionarios judiciales y agentes de inteligencia para cometer extorsiones.<\/p>\n<p>Bidone, quien fue <strong><span style=\"color: #000080;\"><a style=\"color: #000080;\" href=\"https:\/\/noticiasmercedinas.com\/site\/2019\/03\/21\/corte-de-la-provincia-suspendio-al-fiscal-bidone\/\">separado de su cargo<\/a><\/span><\/strong> tras <strong><span style=\"color: #000080;\"><a style=\"color: #000080;\" href=\"https:\/\/noticiasmercedinas.com\/site\/2019\/03\/14\/bidone-admitio-que-pedia-informacion-para-dalessio\/\">reconocer que hab\u00eda suministrado informaci\u00f3n al ahora detenido esp\u00eda Marcelo D\u2019 Alessio<\/a><\/span><\/strong>, ya se present\u00f3 el lunes pasado en los tribunales de Dolores: \u201cVine a ponerme a disposici\u00f3n del Juzgado\u201d, explic\u00f3 entrevistado por el canal C5N.<\/p>\n<p>Ante la pregunta del periodista, se\u00f1al\u00f3 que estaba a disposici\u00f3n \u201cpara todo lo que el juez considere necesario\u201d. \u201cMis abogados me lo recomendaron y mi intenci\u00f3n siempre fue dar las explicaciones que correspondan, en ning\u00fan momento esconderme porque sinceramente creo en mi inocencia\u201d, explic\u00f3.<\/p>\n<p><iframe loading=\"lazy\" src=\"https:\/\/www.youtube.com\/embed\/zU_sbb671fs?start=237\" width=\"560\" height=\"315\" frameborder=\"0\" allowfullscreen=\"allowfullscreen\"><\/iframe><\/p>\n<p>Aunque evit\u00f3 adelantar los t\u00e9rminos de su declaraci\u00f3n, consultado si \u201chab\u00eda una red mafiosa de agentes de la Agencia Federal de Inteligencia (AFI) y fiscales para extorsionar\u201d, Bidone respondi\u00f3 que \u201cla explicaci\u00f3n la dio usted, ese es un poco el n\u00facleo de la investigaci\u00f3n\u201d.<\/p>\n<p>De acuerdo a trascendidos period\u00edsticos, Bidone podr\u00eda solicitar ma\u00f1ana encuadrarse en la figura del \u201carrepentido\u201d, aduciendo que fue enga\u00f1ado por D\u2019Alessio y que desconoc\u00eda la utilizaci\u00f3n que el esp\u00eda daba a los datos sensibles que le entregaba.<\/p>\n","protected":false},"excerpt":{"rendered":"<p>El suspendido fiscal de Mercedes, Juan Ignacio Bidone, prestar\u00e1 declaraci\u00f3n indagatoria ma\u00f1ana lunes ante el juez federal de Dolores, Alejo Ramos Padilla, en la causa en la que se investiga la supuesta vinculaci\u00f3n entre funcionarios judiciales y agentes de inteligencia para cometer extorsiones. Bidone, quien fue separado de su cargo tras reconocer que hab\u00eda suministrado [&hellip;]<\/p>\n","protected":false},"author":16,"featured_media":15847,"comment_status":"open","ping_status":"open","sticky":false,"template":"","format":"standard","meta":{"footnotes":""},"categories":[16],"tags":[3839,4249,3837,3838],"class_list":["post-15846","post","type-post","status-publish","format-standard","has-post-thumbnail","hentry","category-politica","tag-alejo-ramos-padilla","tag-c5n","tag-juan-ignacio-bidone","tag-marcelo-d-alessio"],"yoast_head":"<!-- This site is optimized with the Yoast SEO plugin v27.5 - https:\/\/yoast.com\/product\/yoast-seo-wordpress\/ -->\n<title>Suspendido fiscal Bidone declara ma\u00f1ana ante juez Ramos Padilla<\/title>\n<meta name=\"robots\" content=\"index, follow, max-snippet:-1, max-image-preview:large, max-video-preview:-1\" \/>\n<link rel=\"canonical\" href=\"https:\/\/noticiasmercedinas.com\/site\/2019\/04\/07\/suspendido-fiscal-bidone-declara-manana-ante-juez-ramos-padilla\/\" \/>\n<meta property=\"og:locale\" content=\"es_ES\" \/>\n<meta property=\"og:type\" content=\"article\" \/>\n<meta property=\"og:title\" content=\"Suspendido fiscal Bidone declara ma\u00f1ana ante juez Ramos Padilla\" \/>\n<meta property=\"og:description\" content=\"El suspendido fiscal de Mercedes, Juan Ignacio Bidone, prestar\u00e1 declaraci\u00f3n indagatoria ma\u00f1ana lunes ante el juez federal de Dolores, Alejo Ramos Padilla, en la causa en la que se investiga la supuesta vinculaci\u00f3n entre funcionarios judiciales y agentes de inteligencia para cometer extorsiones. Bidone, quien fue separado de su cargo tras reconocer que hab\u00eda suministrado [&hellip;]\" \/>\n<meta property=\"og:url\" content=\"https:\/\/noticiasmercedinas.com\/site\/2019\/04\/07\/suspendido-fiscal-bidone-declara-manana-ante-juez-ramos-padilla\/\" \/>\n<meta property=\"og:site_name\" content=\"NOTICIASMERCEDINAS.COM\" \/>\n<meta property=\"article:publisher\" content=\"https:\/\/www.facebook.com\/noticiasmercedinas\/\" \/>\n<meta property=\"article:published_time\" content=\"2019-04-07T20:46:11+00:00\" \/>\n<meta property=\"og:image\" content=\"https:\/\/noticiasmercedinas.com\/site\/wp-content\/uploads\/2019\/04\/bidone_c5n.png\" \/>\n\t<meta property=\"og:image:width\" content=\"640\" \/>\n\t<meta property=\"og:image:height\" content=\"445\" \/>\n\t<meta property=\"og:image:type\" content=\"image\/png\" \/>\n<meta name=\"author\" content=\"NOTICIASMERCEDINAS.COM\" \/>\n<meta name=\"twitter:card\" content=\"summary_large_image\" \/>\n<meta name=\"twitter:creator\" content=\"@notmercedinas\" \/>\n<meta name=\"twitter:site\" content=\"@notmercedinas\" \/>\n<meta name=\"twitter:label1\" content=\"Escrito por\" \/>\n\t<meta name=\"twitter:data1\" content=\"NOTICIASMERCEDINAS.COM\" \/>\n\t<meta name=\"twitter:label2\" content=\"Tiempo de lectura\" \/>\n\t<meta name=\"twitter:data2\" content=\"1 minuto\" \/>\n<script type=\"application\/ld+json\" class=\"yoast-schema-graph\">{\"@context\":\"https:\\\/\\\/schema.org\",\"@graph\":[{\"@type\":\"Article\",\"@id\":\"https:\\\/\\\/noticiasmercedinas.com\\\/site\\\/2019\\\/04\\\/07\\\/suspendido-fiscal-bidone-declara-manana-ante-juez-ramos-padilla\\\/#article\",\"isPartOf\":{\"@id\":\"https:\\\/\\\/noticiasmercedinas.com\\\/site\\\/2019\\\/04\\\/07\\\/suspendido-fiscal-bidone-declara-manana-ante-juez-ramos-padilla\\\/\"},\"author\":{\"name\":\"NOTICIASMERCEDINAS.COM\",\"@id\":\"https:\\\/\\\/noticiasmercedinas.com\\\/site\\\/#\\\/schema\\\/person\\\/84b59c099c28ff2e8b77d4ceec5d8063\"},\"headline\":\"Suspendido fiscal Bidone declara ma\u00f1ana ante juez Ramos Padilla\",\"datePublished\":\"2019-04-07T20:46:11+00:00\",\"mainEntityOfPage\":{\"@id\":\"https:\\\/\\\/noticiasmercedinas.com\\\/site\\\/2019\\\/04\\\/07\\\/suspendido-fiscal-bidone-declara-manana-ante-juez-ramos-padilla\\\/\"},\"wordCount\":248,\"commentCount\":0,\"publisher\":{\"@id\":\"https:\\\/\\\/noticiasmercedinas.com\\\/site\\\/#organization\"},\"image\":{\"@id\":\"https:\\\/\\\/noticiasmercedinas.com\\\/site\\\/2019\\\/04\\\/07\\\/suspendido-fiscal-bidone-declara-manana-ante-juez-ramos-padilla\\\/#primaryimage\"},\"thumbnailUrl\":\"https:\\\/\\\/noticiasmercedinas.com\\\/site\\\/wp-content\\\/uploads\\\/2019\\\/04\\\/bidone_c5n.png\",\"keywords\":[\"Alejo Ramos Padilla\",\"c5N\",\"Juan Ignacio Bidone\",\"Marcelo D' Alessio\"],\"articleSection\":[\"Politica\"],\"inLanguage\":\"es\",\"potentialAction\":[{\"@type\":\"CommentAction\",\"name\":\"Comment\",\"target\":[\"https:\\\/\\\/noticiasmercedinas.com\\\/site\\\/2019\\\/04\\\/07\\\/suspendido-fiscal-bidone-declara-manana-ante-juez-ramos-padilla\\\/#respond\"]}]},{\"@type\":\"WebPage\",\"@id\":\"https:\\\/\\\/noticiasmercedinas.com\\\/site\\\/2019\\\/04\\\/07\\\/suspendido-fiscal-bidone-declara-manana-ante-juez-ramos-padilla\\\/\",\"url\":\"https:\\\/\\\/noticiasmercedinas.com\\\/site\\\/2019\\\/04\\\/07\\\/suspendido-fiscal-bidone-declara-manana-ante-juez-ramos-padilla\\\/\",\"name\":\"Suspendido fiscal Bidone declara ma\u00f1ana ante juez Ramos Padilla\",\"isPartOf\":{\"@id\":\"https:\\\/\\\/noticiasmercedinas.com\\\/site\\\/#website\"},\"primaryImageOfPage\":{\"@id\":\"https:\\\/\\\/noticiasmercedinas.com\\\/site\\\/2019\\\/04\\\/07\\\/suspendido-fiscal-bidone-declara-manana-ante-juez-ramos-padilla\\\/#primaryimage\"},\"image\":{\"@id\":\"https:\\\/\\\/noticiasmercedinas.com\\\/site\\\/2019\\\/04\\\/07\\\/suspendido-fiscal-bidone-declara-manana-ante-juez-ramos-padilla\\\/#primaryimage\"},\"thumbnailUrl\":\"https:\\\/\\\/noticiasmercedinas.com\\\/site\\\/wp-content\\\/uploads\\\/2019\\\/04\\\/bidone_c5n.png\",\"datePublished\":\"2019-04-07T20:46:11+00:00\",\"breadcrumb\":{\"@id\":\"https:\\\/\\\/noticiasmercedinas.com\\\/site\\\/2019\\\/04\\\/07\\\/suspendido-fiscal-bidone-declara-manana-ante-juez-ramos-padilla\\\/#breadcrumb\"},\"inLanguage\":\"es\",\"potentialAction\":[{\"@type\":\"ReadAction\",\"target\":[\"https:\\\/\\\/noticiasmercedinas.com\\\/site\\\/2019\\\/04\\\/07\\\/suspendido-fiscal-bidone-declara-manana-ante-juez-ramos-padilla\\\/\"]}]},{\"@type\":\"ImageObject\",\"inLanguage\":\"es\",\"@id\":\"https:\\\/\\\/noticiasmercedinas.com\\\/site\\\/2019\\\/04\\\/07\\\/suspendido-fiscal-bidone-declara-manana-ante-juez-ramos-padilla\\\/#primaryimage\",\"url\":\"https:\\\/\\\/noticiasmercedinas.com\\\/site\\\/wp-content\\\/uploads\\\/2019\\\/04\\\/bidone_c5n.png\",\"contentUrl\":\"https:\\\/\\\/noticiasmercedinas.com\\\/site\\\/wp-content\\\/uploads\\\/2019\\\/04\\\/bidone_c5n.png\",\"width\":640,\"height\":445},{\"@type\":\"BreadcrumbList\",\"@id\":\"https:\\\/\\\/noticiasmercedinas.com\\\/site\\\/2019\\\/04\\\/07\\\/suspendido-fiscal-bidone-declara-manana-ante-juez-ramos-padilla\\\/#breadcrumb\",\"itemListElement\":[{\"@type\":\"ListItem\",\"position\":1,\"name\":\"Portada\",\"item\":\"https:\\\/\\\/noticiasmercedinas.com\\\/site\\\/\"},{\"@type\":\"ListItem\",\"position\":2,\"name\":\"Suspendido fiscal Bidone declara ma\u00f1ana ante juez Ramos Padilla\"}]},{\"@type\":\"WebSite\",\"@id\":\"https:\\\/\\\/noticiasmercedinas.com\\\/site\\\/#website\",\"url\":\"https:\\\/\\\/noticiasmercedinas.com\\\/site\\\/\",\"name\":\"NOTICIASMERCEDINAS.COM\",\"description\":\"Mercedes, Buenos Aires, Argentina\",\"publisher\":{\"@id\":\"https:\\\/\\\/noticiasmercedinas.com\\\/site\\\/#organization\"},\"potentialAction\":[{\"@type\":\"SearchAction\",\"target\":{\"@type\":\"EntryPoint\",\"urlTemplate\":\"https:\\\/\\\/noticiasmercedinas.com\\\/site\\\/?s={search_term_string}\"},\"query-input\":{\"@type\":\"PropertyValueSpecification\",\"valueRequired\":true,\"valueName\":\"search_term_string\"}}],\"inLanguage\":\"es\"},{\"@type\":\"Organization\",\"@id\":\"https:\\\/\\\/noticiasmercedinas.com\\\/site\\\/#organization\",\"name\":\"NOTICIASMERCEDINAS.COM\",\"url\":\"https:\\\/\\\/noticiasmercedinas.com\\\/site\\\/\",\"logo\":{\"@type\":\"ImageObject\",\"inLanguage\":\"es\",\"@id\":\"https:\\\/\\\/noticiasmercedinas.com\\\/site\\\/#\\\/schema\\\/logo\\\/image\\\/\",\"url\":\"https:\\\/\\\/noticiasmercedinas.com\\\/site\\\/wp-content\\\/uploads\\\/2020\\\/06\\\/LOGO-512.jpg\",\"contentUrl\":\"https:\\\/\\\/noticiasmercedinas.com\\\/site\\\/wp-content\\\/uploads\\\/2020\\\/06\\\/LOGO-512.jpg\",\"width\":512,\"height\":512,\"caption\":\"NOTICIASMERCEDINAS.COM\"},\"image\":{\"@id\":\"https:\\\/\\\/noticiasmercedinas.com\\\/site\\\/#\\\/schema\\\/logo\\\/image\\\/\"},\"sameAs\":[\"https:\\\/\\\/www.facebook.com\\\/noticiasmercedinas\\\/\",\"https:\\\/\\\/x.com\\\/notmercedinas\",\"https:\\\/\\\/www.instagram.com\\\/noticiasmercedinas\\\/\"]},{\"@type\":\"Person\",\"@id\":\"https:\\\/\\\/noticiasmercedinas.com\\\/site\\\/#\\\/schema\\\/person\\\/84b59c099c28ff2e8b77d4ceec5d8063\",\"name\":\"NOTICIASMERCEDINAS.COM\",\"image\":{\"@type\":\"ImageObject\",\"inLanguage\":\"es\",\"@id\":\"https:\\\/\\\/secure.gravatar.com\\\/avatar\\\/4dfbf16b4d17945bfb6341b2d19043457132fcf478a5ee04f42e959fd8f5df0a?s=96&d=mm&r=g\",\"url\":\"https:\\\/\\\/secure.gravatar.com\\\/avatar\\\/4dfbf16b4d17945bfb6341b2d19043457132fcf478a5ee04f42e959fd8f5df0a?s=96&d=mm&r=g\",\"contentUrl\":\"https:\\\/\\\/secure.gravatar.com\\\/avatar\\\/4dfbf16b4d17945bfb6341b2d19043457132fcf478a5ee04f42e959fd8f5df0a?s=96&d=mm&r=g\",\"caption\":\"NOTICIASMERCEDINAS.COM\"},\"url\":\"https:\\\/\\\/noticiasmercedinas.com\\\/site\\\/author\\\/anonimo\\\/\"}]}<\/script>\n<!-- \/ Yoast SEO plugin. -->","yoast_head_json":{"title":"Suspendido fiscal Bidone declara ma\u00f1ana ante juez Ramos Padilla","robots":{"index":"index","follow":"follow","max-snippet":"max-snippet:-1","max-image-preview":"max-image-preview:large","max-video-preview":"max-video-preview:-1"},"canonical":"https:\/\/noticiasmercedinas.com\/site\/2019\/04\/07\/suspendido-fiscal-bidone-declara-manana-ante-juez-ramos-padilla\/","og_locale":"es_ES","og_type":"article","og_title":"Suspendido fiscal Bidone declara ma\u00f1ana ante juez Ramos Padilla","og_description":"El suspendido fiscal de Mercedes, Juan Ignacio Bidone, prestar\u00e1 declaraci\u00f3n indagatoria ma\u00f1ana lunes ante el juez federal de Dolores, Alejo Ramos Padilla, en la causa en la que se investiga la supuesta vinculaci\u00f3n entre funcionarios judiciales y agentes de inteligencia para cometer extorsiones. Bidone, quien fue separado de su cargo tras reconocer que hab\u00eda suministrado [&hellip;]","og_url":"https:\/\/noticiasmercedinas.com\/site\/2019\/04\/07\/suspendido-fiscal-bidone-declara-manana-ante-juez-ramos-padilla\/","og_site_name":"NOTICIASMERCEDINAS.COM","article_publisher":"https:\/\/www.facebook.com\/noticiasmercedinas\/","article_published_time":"2019-04-07T20:46:11+00:00","og_image":[{"width":640,"height":445,"url":"https:\/\/noticiasmercedinas.com\/site\/wp-content\/uploads\/2019\/04\/bidone_c5n.png","type":"image\/png"}],"author":"NOTICIASMERCEDINAS.COM","twitter_card":"summary_large_image","twitter_creator":"@notmercedinas","twitter_site":"@notmercedinas","twitter_misc":{"Escrito por":"NOTICIASMERCEDINAS.COM","Tiempo de lectura":"1 minuto"},"schema":{"@context":"https:\/\/schema.org","@graph":[{"@type":"Article","@id":"https:\/\/noticiasmercedinas.com\/site\/2019\/04\/07\/suspendido-fiscal-bidone-declara-manana-ante-juez-ramos-padilla\/#article","isPartOf":{"@id":"https:\/\/noticiasmercedinas.com\/site\/2019\/04\/07\/suspendido-fiscal-bidone-declara-manana-ante-juez-ramos-padilla\/"},"author":{"name":"NOTICIASMERCEDINAS.COM","@id":"https:\/\/noticiasmercedinas.com\/site\/#\/schema\/person\/84b59c099c28ff2e8b77d4ceec5d8063"},"headline":"Suspendido fiscal Bidone declara ma\u00f1ana ante juez Ramos Padilla","datePublished":"2019-04-07T20:46:11+00:00","mainEntityOfPage":{"@id":"https:\/\/noticiasmercedinas.com\/site\/2019\/04\/07\/suspendido-fiscal-bidone-declara-manana-ante-juez-ramos-padilla\/"},"wordCount":248,"commentCount":0,"publisher":{"@id":"https:\/\/noticiasmercedinas.com\/site\/#organization"},"image":{"@id":"https:\/\/noticiasmercedinas.com\/site\/2019\/04\/07\/suspendido-fiscal-bidone-declara-manana-ante-juez-ramos-padilla\/#primaryimage"},"thumbnailUrl":"https:\/\/noticiasmercedinas.com\/site\/wp-content\/uploads\/2019\/04\/bidone_c5n.png","keywords":["Alejo Ramos Padilla","c5N","Juan Ignacio Bidone","Marcelo D' Alessio"],"articleSection":["Politica"],"inLanguage":"es","potentialAction":[{"@type":"CommentAction","name":"Comment","target":["https:\/\/noticiasmercedinas.com\/site\/2019\/04\/07\/suspendido-fiscal-bidone-declara-manana-ante-juez-ramos-padilla\/#respond"]}]},{"@type":"WebPage","@id":"https:\/\/noticiasmercedinas.com\/site\/2019\/04\/07\/suspendido-fiscal-bidone-declara-manana-ante-juez-ramos-padilla\/","url":"https:\/\/noticiasmercedinas.com\/site\/2019\/04\/07\/suspendido-fiscal-bidone-declara-manana-ante-juez-ramos-padilla\/","name":"Suspendido fiscal Bidone declara ma\u00f1ana ante juez Ramos Padilla","isPartOf":{"@id":"https:\/\/noticiasmercedinas.com\/site\/#website"},"primaryImageOfPage":{"@id":"https:\/\/noticiasmercedinas.com\/site\/2019\/04\/07\/suspendido-fiscal-bidone-declara-manana-ante-juez-ramos-padilla\/#primaryimage"},"image":{"@id":"https:\/\/noticiasmercedinas.com\/site\/2019\/04\/07\/suspendido-fiscal-bidone-declara-manana-ante-juez-ramos-padilla\/#primaryimage"},"thumbnailUrl":"https:\/\/noticiasmercedinas.com\/site\/wp-content\/uploads\/2019\/04\/bidone_c5n.png","datePublished":"2019-04-07T20:46:11+00:00","breadcrumb":{"@id":"https:\/\/noticiasmercedinas.com\/site\/2019\/04\/07\/suspendido-fiscal-bidone-declara-manana-ante-juez-ramos-padilla\/#breadcrumb"},"inLanguage":"es","potentialAction":[{"@type":"ReadAction","target":["https:\/\/noticiasmercedinas.com\/site\/2019\/04\/07\/suspendido-fiscal-bidone-declara-manana-ante-juez-ramos-padilla\/"]}]},{"@type":"ImageObject","inLanguage":"es","@id":"https:\/\/noticiasmercedinas.com\/site\/2019\/04\/07\/suspendido-fiscal-bidone-declara-manana-ante-juez-ramos-padilla\/#primaryimage","url":"https:\/\/noticiasmercedinas.com\/site\/wp-content\/uploads\/2019\/04\/bidone_c5n.png","contentUrl":"https:\/\/noticiasmercedinas.com\/site\/wp-content\/uploads\/2019\/04\/bidone_c5n.png","width":640,"height":445},{"@type":"BreadcrumbList","@id":"https:\/\/noticiasmercedinas.com\/site\/2019\/04\/07\/suspendido-fiscal-bidone-declara-manana-ante-juez-ramos-padilla\/#breadcrumb","itemListElement":[{"@type":"ListItem","position":1,"name":"Portada","item":"https:\/\/noticiasmercedinas.com\/site\/"},{"@type":"ListItem","position":2,"name":"Suspendido fiscal Bidone declara ma\u00f1ana ante juez Ramos Padilla"}]},{"@type":"WebSite","@id":"https:\/\/noticiasmercedinas.com\/site\/#website","url":"https:\/\/noticiasmercedinas.com\/site\/","name":"NOTICIASMERCEDINAS.COM","description":"Mercedes, Buenos Aires, Argentina","publisher":{"@id":"https:\/\/noticiasmercedinas.com\/site\/#organization"},"potentialAction":[{"@type":"SearchAction","target":{"@type":"EntryPoint","urlTemplate":"https:\/\/noticiasmercedinas.com\/site\/?s={search_term_string}"},"query-input":{"@type":"PropertyValueSpecification","valueRequired":true,"valueName":"search_term_string"}}],"inLanguage":"es"},{"@type":"Organization","@id":"https:\/\/noticiasmercedinas.com\/site\/#organization","name":"NOTICIASMERCEDINAS.COM","url":"https:\/\/noticiasmercedinas.com\/site\/","logo":{"@type":"ImageObject","inLanguage":"es","@id":"https:\/\/noticiasmercedinas.com\/site\/#\/schema\/logo\/image\/","url":"https:\/\/noticiasmercedinas.com\/site\/wp-content\/uploads\/2020\/06\/LOGO-512.jpg","contentUrl":"https:\/\/noticiasmercedinas.com\/site\/wp-content\/uploads\/2020\/06\/LOGO-512.jpg","width":512,"height":512,"caption":"NOTICIASMERCEDINAS.COM"},"image":{"@id":"https:\/\/noticiasmercedinas.com\/site\/#\/schema\/logo\/image\/"},"sameAs":["https:\/\/www.facebook.com\/noticiasmercedinas\/","https:\/\/x.com\/notmercedinas","https:\/\/www.instagram.com\/noticiasmercedinas\/"]},{"@type":"Person","@id":"https:\/\/noticiasmercedinas.com\/site\/#\/schema\/person\/84b59c099c28ff2e8b77d4ceec5d8063","name":"NOTICIASMERCEDINAS.COM","image":{"@type":"ImageObject","inLanguage":"es","@id":"https:\/\/secure.gravatar.com\/avatar\/4dfbf16b4d17945bfb6341b2d19043457132fcf478a5ee04f42e959fd8f5df0a?s=96&d=mm&r=g","url":"https:\/\/secure.gravatar.com\/avatar\/4dfbf16b4d17945bfb6341b2d19043457132fcf478a5ee04f42e959fd8f5df0a?s=96&d=mm&r=g","contentUrl":"https:\/\/secure.gravatar.com\/avatar\/4dfbf16b4d17945bfb6341b2d19043457132fcf478a5ee04f42e959fd8f5df0a?s=96&d=mm&r=g","caption":"NOTICIASMERCEDINAS.COM"},"url":"https:\/\/noticiasmercedinas.com\/site\/author\/anonimo\/"}]}},"amp_enabled":true,"_links":{"self":[{"href":"https:\/\/noticiasmercedinas.com\/site\/wp-json\/wp\/v2\/posts\/15846","targetHints":{"allow":["GET"]}}],"collection":[{"href":"https:\/\/noticiasmercedinas.com\/site\/wp-json\/wp\/v2\/posts"}],"about":[{"href":"https:\/\/noticiasmercedinas.com\/site\/wp-json\/wp\/v2\/types\/post"}],"author":[{"embeddable":true,"href":"https:\/\/noticiasmercedinas.com\/site\/wp-json\/wp\/v2\/users\/16"}],"replies":[{"embeddable":true,"href":"https:\/\/noticiasmercedinas.com\/site\/wp-json\/wp\/v2\/comments?post=15846"}],"version-history":[{"count":3,"href":"https:\/\/noticiasmercedinas.com\/site\/wp-json\/wp\/v2\/posts\/15846\/revisions"}],"predecessor-version":[{"id":15850,"href":"https:\/\/noticiasmercedinas.com\/site\/wp-json\/wp\/v2\/posts\/15846\/revisions\/15850"}],"wp:featuredmedia":[{"embeddable":true,"href":"https:\/\/noticiasmercedinas.com\/site\/wp-json\/wp\/v2\/media\/15847"}],"wp:attachment":[{"href":"https:\/\/noticiasmercedinas.com\/site\/wp-json\/wp\/v2\/media?parent=15846"}],"wp:term":[{"taxonomy":"category","embeddable":true,"href":"https:\/\/noticiasmercedinas.com\/site\/wp-json\/wp\/v2\/categories?post=15846"},{"taxonomy":"post_tag","embeddable":true,"href":"https:\/\/noticiasmercedinas.com\/site\/wp-json\/wp\/v2\/tags?post=15846"}],"curies":[{"name":"wp","href":"https:\/\/api.w.org\/{rel}","templated":true}]}}